{"id":22583,"date":"2021-11-05T12:53:06","date_gmt":"2021-11-05T15:53:06","guid":{"rendered":"https:\/\/federasbackup.meltcomunicacao.com.br\/?p=22583"},"modified":"2021-11-05T12:53:06","modified_gmt":"2021-11-05T15:53:06","slug":"santa-casa-bh-e-vencedora-do-premio-amigo-do-meio-ambiente","status":"publish","type":"post","link":"https:\/\/www.federassantas.org.br\/novosite\/santa-casa-bh-e-vencedora-do-premio-amigo-do-meio-ambiente\/","title":{"rendered":"Santa Casa BH \u00e9 vencedora do pr\u00eamio \u201cAmigo do Meio Ambiente\u201d"},"content":{"rendered":"\n<p><em>Com o projeto \u201cEspuma Zero\u201d, da equipe de Higieniza\u00e7\u00e3o, a institui\u00e7\u00e3o permanece como campe\u00e3 pelo quarto ano consecutivo<\/em><\/p>\n\n\n\n<p><\/p>\n\n\n\n<p>A Santa Casa BH &#8211; maior complexo hospitalar do estado de Minas Gerais, se destaca, mais uma vez, entre as mais importantes institui\u00e7\u00f5es brasileiras que desenvolvem iniciativas voltadas para a sustentabilidade e a preserva\u00e7\u00e3o do meio ambiente. Pelo quarto ano consecutivo, recebeu o \u201cPr\u00eamio Amigo do Meio Ambiente 2021\u201d (AMA) com o projeto \u201cEspuma Zero: substitui\u00e7\u00e3o de produtos de limpeza e desinfec\u00e7\u00e3o em um hospital de grande porte\u201d. O pr\u00eamio, concedido pela Secretaria de Estado da Sa\u00fade de S\u00e3o Paulo, \u00e9 destinado a organiza\u00e7\u00f5es de Sa\u00fade que prestam servi\u00e7os para o SUS em \u00e2mbito nacional.&nbsp;<\/p>\n\n\n\n<p>Numa a\u00e7\u00e3o conjunta com a equipe de Higieniza\u00e7\u00e3o, respons\u00e1vel pelo projeto, o setor de Meio Ambiente apresentou ao pr\u00eamio, detalhamentos&nbsp; do processo de melhorias desencadeadas pela&nbsp; implementa\u00e7\u00e3o do Peroxy 4D, detergente e desinfetante hospitalar de alto desempenho, que potencializa a a\u00e7\u00e3o de desinfec\u00e7\u00e3o em um amplo espectro de microrganismos, inclusive o Coronav\u00edrus. &nbsp;<\/p>\n\n\n\n<p>Dentre as melhorias constatadas percebeu-se que, com o uso do Peroxy 4D, houve uma redu\u00e7\u00e3o significativa no consumo de produtos qu\u00edmicos e nos custos com esses produtos. De acordo com Gleiciane Morais de Lima, gerente de Hotelaria da Santa Casa BH, os n\u00fameros impressionam. \u201cComparando o ano de 2020 com 2021, foi constatada uma redu\u00e7\u00e3o de 55,32% nos gastos com a compra dos produtos\u201d, explica a gerente.<\/p>\n\n\n\n<p>Para os colaboradores, as vantagens tamb\u00e9m foram relevantes. O uso de um \u00fanico produto que substitui outros cinco, garantiu menor tempo para a limpeza dos ambientes e mais seguran\u00e7a no processo, evitando a administra\u00e7\u00e3o de v\u00e1rios produtos. Por n\u00e3o possuir cheiro, o novo produto tamb\u00e9m garante mais conforto para funcion\u00e1rios e pacientes.&nbsp;<\/p>\n\n\n\n<p>Apesar dos ganhos obtidos com a mudan\u00e7a do produto, a coordenadora de Higieniza\u00e7\u00e3o e Hospitalidade a Santa Casa BH, Maria de F\u00e1tima Nascimento Gomes, esclarece que \u00e9 necess\u00e1rio sempre manter a busca por produtos que sejam ainda mais ecol\u00f3gicos e que atendam aos requisitos de higieniza\u00e7\u00e3o e desinfec\u00e7\u00e3o necess\u00e1rios ao ambiente hospitalar. \u201cFomos um dos primeiros hospitais de Belo Horizonte a utilizar o produto.Ele est\u00e1 no mercado e qualquer hospital pode implementar. E, assim como pesquisamos e estudamos para chegar num melhor produto que atendesse as exig\u00eancias de um hospital de alta complexidade e do tamanho da Santa Casa, com mais de 1200 leitos, continuaremos na busca constante por maior efici\u00eancia e seguran\u00e7a nos processos de higieniza\u00e7\u00e3o hospitalar&#8221;, finaliza.\u00a0<\/p>\n\n\n\n<p><\/p>\n\n\n\n<p>Por: Comunica\u00e7\u00e3o Grupo Santa Casa BH<\/p>\n","protected":false},"excerpt":{"rendered":"<p>Com o projeto \u201cEspuma Zero\u201d, da equipe de Higieniza\u00e7\u00e3o, a institui\u00e7\u00e3o permanece como campe\u00e3 pelo quarto ano consecutivo A Santa Casa BH &#8211; maior complexo hospitalar do estado de Minas Gerais, se destaca, mais uma vez, entre as mais importantes institui\u00e7\u00f5es brasileiras que desenvolvem iniciativas voltadas para a sustentabilidade e a preserva\u00e7\u00e3o do meio ambiente. [&hellip;]<\/p>\n","protected":false},"author":1,"featured_media":22584,"comment_status":"open","ping_status":"open","sticky":false,"template":"","format":"standard","meta":{"footnotes":""},"categories":[140,139],"tags":[],"class_list":["post-22583","post","type-post","status-publish","format-standard","has-post-thumbnail","hentry","category-noticias","category-noticias-filiados"],"yoast_head":"<!-- This site is optimized with the Yoast SEO plugin v26.9 - https:\/\/yoast.com\/product\/yoast-seo-wordpress\/ -->\n<title>Santa Casa BH \u00e9 vencedora do pr\u00eamio \u201cAmigo do Meio Ambiente\u201d - Federassantas<\/title>\n<meta name=\"robots\" content=\"index, follow, max-snippet:-1, max-image-preview:large, max-video-preview:-1\" \/>\n<link rel=\"canonical\" href=\"https:\/\/www.federassantas.org.br\/novosite\/santa-casa-bh-e-vencedora-do-premio-amigo-do-meio-ambiente\/\" \/>\n<meta property=\"og:locale\" content=\"pt_BR\" \/>\n<meta property=\"og:type\" content=\"article\" \/>\n<meta property=\"og:title\" content=\"Santa Casa BH \u00e9 vencedora do pr\u00eamio \u201cAmigo do Meio Ambiente\u201d - Federassantas\" \/>\n<meta property=\"og:description\" content=\"Com o projeto \u201cEspuma Zero\u201d, da equipe de Higieniza\u00e7\u00e3o, a institui\u00e7\u00e3o permanece como campe\u00e3 pelo quarto ano consecutivo A Santa Casa BH &#8211; maior complexo hospitalar do estado de Minas Gerais, se destaca, mais uma vez, entre as mais importantes institui\u00e7\u00f5es brasileiras que desenvolvem iniciativas voltadas para a sustentabilidade e a preserva\u00e7\u00e3o do meio ambiente. [&hellip;]\" \/>\n<meta property=\"og:url\" content=\"https:\/\/www.federassantas.org.br\/novosite\/santa-casa-bh-e-vencedora-do-premio-amigo-do-meio-ambiente\/\" \/>\n<meta property=\"og:site_name\" content=\"Federassantas\" \/>\n<meta property=\"article:published_time\" content=\"2021-11-05T15:53:06+00:00\" \/>\n<meta property=\"og:image\" content=\"https:\/\/www.federassantas.org.br\/novosite\/wp-content\/uploads\/2021\/11\/WhatsApp-Image-2021-11-03-at-08.49.10.jpeg\" \/>\n\t<meta property=\"og:image:width\" content=\"1280\" \/>\n\t<meta property=\"og:image:height\" content=\"610\" \/>\n\t<meta property=\"og:image:type\" content=\"image\/jpeg\" \/>\n<meta name=\"author\" content=\"admin-federas\" \/>\n<meta name=\"twitter:card\" content=\"summary_large_image\" \/>\n<meta name=\"twitter:label1\" content=\"Escrito por\" \/>\n\t<meta name=\"twitter:data1\" content=\"admin-federas\" \/>\n\t<meta name=\"twitter:label2\" content=\"Est. tempo de leitura\" \/>\n\t<meta name=\"twitter:data2\" content=\"2 minutos\" \/>\n<script type=\"application\/ld+json\" class=\"yoast-schema-graph\">{\"@context\":\"https:\/\/schema.org\",\"@graph\":[{\"@type\":\"Article\",\"@id\":\"https:\/\/www.federassantas.org.br\/novosite\/santa-casa-bh-e-vencedora-do-premio-amigo-do-meio-ambiente\/#article\",\"isPartOf\":{\"@id\":\"https:\/\/www.federassantas.org.br\/novosite\/santa-casa-bh-e-vencedora-do-premio-amigo-do-meio-ambiente\/\"},\"author\":{\"name\":\"admin-federas\",\"@id\":\"https:\/\/www.federassantas.org.br\/novosite\/#\/schema\/person\/75fed98158349313fe56175f232f513c\"},\"headline\":\"Santa Casa BH \u00e9 vencedora do pr\u00eamio \u201cAmigo do Meio Ambiente\u201d\",\"datePublished\":\"2021-11-05T15:53:06+00:00\",\"mainEntityOfPage\":{\"@id\":\"https:\/\/www.federassantas.org.br\/novosite\/santa-casa-bh-e-vencedora-do-premio-amigo-do-meio-ambiente\/\"},\"wordCount\":464,\"commentCount\":0,\"publisher\":{\"@id\":\"https:\/\/www.federassantas.org.br\/novosite\/#organization\"},\"image\":{\"@id\":\"https:\/\/www.federassantas.org.br\/novosite\/santa-casa-bh-e-vencedora-do-premio-amigo-do-meio-ambiente\/#primaryimage\"},\"thumbnailUrl\":\"https:\/\/www.federassantas.org.br\/novosite\/wp-content\/uploads\/2021\/11\/WhatsApp-Image-2021-11-03-at-08.49.10.jpeg\",\"articleSection\":[\"Not\u00edcias\",\"Not\u00edcias filiados\"],\"inLanguage\":\"pt-BR\",\"potentialAction\":[{\"@type\":\"CommentAction\",\"name\":\"Comment\",\"target\":[\"https:\/\/www.federassantas.org.br\/novosite\/santa-casa-bh-e-vencedora-do-premio-amigo-do-meio-ambiente\/#respond\"]}]},{\"@type\":\"WebPage\",\"@id\":\"https:\/\/www.federassantas.org.br\/novosite\/santa-casa-bh-e-vencedora-do-premio-amigo-do-meio-ambiente\/\",\"url\":\"https:\/\/www.federassantas.org.br\/novosite\/santa-casa-bh-e-vencedora-do-premio-amigo-do-meio-ambiente\/\",\"name\":\"Santa Casa BH \u00e9 vencedora do pr\u00eamio \u201cAmigo do Meio Ambiente\u201d - Federassantas\",\"isPartOf\":{\"@id\":\"https:\/\/www.federassantas.org.br\/novosite\/#website\"},\"primaryImageOfPage\":{\"@id\":\"https:\/\/www.federassantas.org.br\/novosite\/santa-casa-bh-e-vencedora-do-premio-amigo-do-meio-ambiente\/#primaryimage\"},\"image\":{\"@id\":\"https:\/\/www.federassantas.org.br\/novosite\/santa-casa-bh-e-vencedora-do-premio-amigo-do-meio-ambiente\/#primaryimage\"},\"thumbnailUrl\":\"https:\/\/www.federassantas.org.br\/novosite\/wp-content\/uploads\/2021\/11\/WhatsApp-Image-2021-11-03-at-08.49.10.jpeg\",\"datePublished\":\"2021-11-05T15:53:06+00:00\",\"breadcrumb\":{\"@id\":\"https:\/\/www.federassantas.org.br\/novosite\/santa-casa-bh-e-vencedora-do-premio-amigo-do-meio-ambiente\/#breadcrumb\"},\"inLanguage\":\"pt-BR\",\"potentialAction\":[{\"@type\":\"ReadAction\",\"target\":[\"https:\/\/www.federassantas.org.br\/novosite\/santa-casa-bh-e-vencedora-do-premio-amigo-do-meio-ambiente\/\"]}]},{\"@type\":\"ImageObject\",\"inLanguage\":\"pt-BR\",\"@id\":\"https:\/\/www.federassantas.org.br\/novosite\/santa-casa-bh-e-vencedora-do-premio-amigo-do-meio-ambiente\/#primaryimage\",\"url\":\"https:\/\/www.federassantas.org.br\/novosite\/wp-content\/uploads\/2021\/11\/WhatsApp-Image-2021-11-03-at-08.49.10.jpeg\",\"contentUrl\":\"https:\/\/www.federassantas.org.br\/novosite\/wp-content\/uploads\/2021\/11\/WhatsApp-Image-2021-11-03-at-08.49.10.jpeg\",\"width\":1280,\"height\":610},{\"@type\":\"BreadcrumbList\",\"@id\":\"https:\/\/www.federassantas.org.br\/novosite\/santa-casa-bh-e-vencedora-do-premio-amigo-do-meio-ambiente\/#breadcrumb\",\"itemListElement\":[{\"@type\":\"ListItem\",\"position\":1,\"name\":\"In\u00edcio\",\"item\":\"https:\/\/www.federassantas.org.br\/novosite\/\"},{\"@type\":\"ListItem\",\"position\":2,\"name\":\"Santa Casa BH \u00e9 vencedora do pr\u00eamio \u201cAmigo do Meio Ambiente\u201d\"}]},{\"@type\":\"WebSite\",\"@id\":\"https:\/\/www.federassantas.org.br\/novosite\/#website\",\"url\":\"https:\/\/www.federassantas.org.br\/novosite\/\",\"name\":\"Federassantas\",\"description\":\"Fed. das Santas Casas e Hospitais Filantr\u00f3picos de MG\",\"publisher\":{\"@id\":\"https:\/\/www.federassantas.org.br\/novosite\/#organization\"},\"potentialAction\":[{\"@type\":\"SearchAction\",\"target\":{\"@type\":\"EntryPoint\",\"urlTemplate\":\"https:\/\/www.federassantas.org.br\/novosite\/?s={search_term_string}\"},\"query-input\":{\"@type\":\"PropertyValueSpecification\",\"valueRequired\":true,\"valueName\":\"search_term_string\"}}],\"inLanguage\":\"pt-BR\"},{\"@type\":\"Organization\",\"@id\":\"https:\/\/www.federassantas.org.br\/novosite\/#organization\",\"name\":\"Federassantas\",\"url\":\"https:\/\/www.federassantas.org.br\/novosite\/\",\"logo\":{\"@type\":\"ImageObject\",\"inLanguage\":\"pt-BR\",\"@id\":\"https:\/\/www.federassantas.org.br\/novosite\/#\/schema\/logo\/image\/\",\"url\":\"https:\/\/www.federassantas.org.br\/novosite\/wp-content\/uploads\/2021\/12\/logo.png\",\"contentUrl\":\"https:\/\/www.federassantas.org.br\/novosite\/wp-content\/uploads\/2021\/12\/logo.png\",\"width\":243,\"height\":59,\"caption\":\"Federassantas\"},\"image\":{\"@id\":\"https:\/\/www.federassantas.org.br\/novosite\/#\/schema\/logo\/image\/\"}},{\"@type\":\"Person\",\"@id\":\"https:\/\/www.federassantas.org.br\/novosite\/#\/schema\/person\/75fed98158349313fe56175f232f513c\",\"name\":\"admin-federas\",\"image\":{\"@type\":\"ImageObject\",\"inLanguage\":\"pt-BR\",\"@id\":\"https:\/\/www.federassantas.org.br\/novosite\/#\/schema\/person\/image\/\",\"url\":\"https:\/\/secure.gravatar.com\/avatar\/2a02d7dda59fe8dc6b7ffd3f652e2efede5ccf0dd89dfdc8137c5517f3de8407?s=96&d=mm&r=g\",\"contentUrl\":\"https:\/\/secure.gravatar.com\/avatar\/2a02d7dda59fe8dc6b7ffd3f652e2efede5ccf0dd89dfdc8137c5517f3de8407?s=96&d=mm&r=g\",\"caption\":\"admin-federas\"},\"sameAs\":[\"https:\/\/www.federassantas.org.br\/novosite\/\"],\"url\":\"https:\/\/www.federassantas.org.br\/novosite\/author\/admin-federas\/\"}]}<\/script>\n<!-- \/ Yoast SEO plugin. -->","yoast_head_json":{"title":"Santa Casa BH \u00e9 vencedora do pr\u00eamio \u201cAmigo do Meio Ambiente\u201d - Federassantas","robots":{"index":"index","follow":"follow","max-snippet":"max-snippet:-1","max-image-preview":"max-image-preview:large","max-video-preview":"max-video-preview:-1"},"canonical":"https:\/\/www.federassantas.org.br\/novosite\/santa-casa-bh-e-vencedora-do-premio-amigo-do-meio-ambiente\/","og_locale":"pt_BR","og_type":"article","og_title":"Santa Casa BH \u00e9 vencedora do pr\u00eamio \u201cAmigo do Meio Ambiente\u201d - Federassantas","og_description":"Com o projeto \u201cEspuma Zero\u201d, da equipe de Higieniza\u00e7\u00e3o, a institui\u00e7\u00e3o permanece como campe\u00e3 pelo quarto ano consecutivo A Santa Casa BH &#8211; maior complexo hospitalar do estado de Minas Gerais, se destaca, mais uma vez, entre as mais importantes institui\u00e7\u00f5es brasileiras que desenvolvem iniciativas voltadas para a sustentabilidade e a preserva\u00e7\u00e3o do meio ambiente. [&hellip;]","og_url":"https:\/\/www.federassantas.org.br\/novosite\/santa-casa-bh-e-vencedora-do-premio-amigo-do-meio-ambiente\/","og_site_name":"Federassantas","article_published_time":"2021-11-05T15:53:06+00:00","og_image":[{"width":1280,"height":610,"url":"https:\/\/www.federassantas.org.br\/novosite\/wp-content\/uploads\/2021\/11\/WhatsApp-Image-2021-11-03-at-08.49.10.jpeg","type":"image\/jpeg"}],"author":"admin-federas","twitter_card":"summary_large_image","twitter_misc":{"Escrito por":"admin-federas","Est. tempo de leitura":"2 minutos"},"schema":{"@context":"https:\/\/schema.org","@graph":[{"@type":"Article","@id":"https:\/\/www.federassantas.org.br\/novosite\/santa-casa-bh-e-vencedora-do-premio-amigo-do-meio-ambiente\/#article","isPartOf":{"@id":"https:\/\/www.federassantas.org.br\/novosite\/santa-casa-bh-e-vencedora-do-premio-amigo-do-meio-ambiente\/"},"author":{"name":"admin-federas","@id":"https:\/\/www.federassantas.org.br\/novosite\/#\/schema\/person\/75fed98158349313fe56175f232f513c"},"headline":"Santa Casa BH \u00e9 vencedora do pr\u00eamio \u201cAmigo do Meio Ambiente\u201d","datePublished":"2021-11-05T15:53:06+00:00","mainEntityOfPage":{"@id":"https:\/\/www.federassantas.org.br\/novosite\/santa-casa-bh-e-vencedora-do-premio-amigo-do-meio-ambiente\/"},"wordCount":464,"commentCount":0,"publisher":{"@id":"https:\/\/www.federassantas.org.br\/novosite\/#organization"},"image":{"@id":"https:\/\/www.federassantas.org.br\/novosite\/santa-casa-bh-e-vencedora-do-premio-amigo-do-meio-ambiente\/#primaryimage"},"thumbnailUrl":"https:\/\/www.federassantas.org.br\/novosite\/wp-content\/uploads\/2021\/11\/WhatsApp-Image-2021-11-03-at-08.49.10.jpeg","articleSection":["Not\u00edcias","Not\u00edcias filiados"],"inLanguage":"pt-BR","potentialAction":[{"@type":"CommentAction","name":"Comment","target":["https:\/\/www.federassantas.org.br\/novosite\/santa-casa-bh-e-vencedora-do-premio-amigo-do-meio-ambiente\/#respond"]}]},{"@type":"WebPage","@id":"https:\/\/www.federassantas.org.br\/novosite\/santa-casa-bh-e-vencedora-do-premio-amigo-do-meio-ambiente\/","url":"https:\/\/www.federassantas.org.br\/novosite\/santa-casa-bh-e-vencedora-do-premio-amigo-do-meio-ambiente\/","name":"Santa Casa BH \u00e9 vencedora do pr\u00eamio \u201cAmigo do Meio Ambiente\u201d - Federassantas","isPartOf":{"@id":"https:\/\/www.federassantas.org.br\/novosite\/#website"},"primaryImageOfPage":{"@id":"https:\/\/www.federassantas.org.br\/novosite\/santa-casa-bh-e-vencedora-do-premio-amigo-do-meio-ambiente\/#primaryimage"},"image":{"@id":"https:\/\/www.federassantas.org.br\/novosite\/santa-casa-bh-e-vencedora-do-premio-amigo-do-meio-ambiente\/#primaryimage"},"thumbnailUrl":"https:\/\/www.federassantas.org.br\/novosite\/wp-content\/uploads\/2021\/11\/WhatsApp-Image-2021-11-03-at-08.49.10.jpeg","datePublished":"2021-11-05T15:53:06+00:00","breadcrumb":{"@id":"https:\/\/www.federassantas.org.br\/novosite\/santa-casa-bh-e-vencedora-do-premio-amigo-do-meio-ambiente\/#breadcrumb"},"inLanguage":"pt-BR","potentialAction":[{"@type":"ReadAction","target":["https:\/\/www.federassantas.org.br\/novosite\/santa-casa-bh-e-vencedora-do-premio-amigo-do-meio-ambiente\/"]}]},{"@type":"ImageObject","inLanguage":"pt-BR","@id":"https:\/\/www.federassantas.org.br\/novosite\/santa-casa-bh-e-vencedora-do-premio-amigo-do-meio-ambiente\/#primaryimage","url":"https:\/\/www.federassantas.org.br\/novosite\/wp-content\/uploads\/2021\/11\/WhatsApp-Image-2021-11-03-at-08.49.10.jpeg","contentUrl":"https:\/\/www.federassantas.org.br\/novosite\/wp-content\/uploads\/2021\/11\/WhatsApp-Image-2021-11-03-at-08.49.10.jpeg","width":1280,"height":610},{"@type":"BreadcrumbList","@id":"https:\/\/www.federassantas.org.br\/novosite\/santa-casa-bh-e-vencedora-do-premio-amigo-do-meio-ambiente\/#breadcrumb","itemListElement":[{"@type":"ListItem","position":1,"name":"In\u00edcio","item":"https:\/\/www.federassantas.org.br\/novosite\/"},{"@type":"ListItem","position":2,"name":"Santa Casa BH \u00e9 vencedora do pr\u00eamio \u201cAmigo do Meio Ambiente\u201d"}]},{"@type":"WebSite","@id":"https:\/\/www.federassantas.org.br\/novosite\/#website","url":"https:\/\/www.federassantas.org.br\/novosite\/","name":"Federassantas","description":"Fed. das Santas Casas e Hospitais Filantr\u00f3picos de MG","publisher":{"@id":"https:\/\/www.federassantas.org.br\/novosite\/#organization"},"potentialAction":[{"@type":"SearchAction","target":{"@type":"EntryPoint","urlTemplate":"https:\/\/www.federassantas.org.br\/novosite\/?s={search_term_string}"},"query-input":{"@type":"PropertyValueSpecification","valueRequired":true,"valueName":"search_term_string"}}],"inLanguage":"pt-BR"},{"@type":"Organization","@id":"https:\/\/www.federassantas.org.br\/novosite\/#organization","name":"Federassantas","url":"https:\/\/www.federassantas.org.br\/novosite\/","logo":{"@type":"ImageObject","inLanguage":"pt-BR","@id":"https:\/\/www.federassantas.org.br\/novosite\/#\/schema\/logo\/image\/","url":"https:\/\/www.federassantas.org.br\/novosite\/wp-content\/uploads\/2021\/12\/logo.png","contentUrl":"https:\/\/www.federassantas.org.br\/novosite\/wp-content\/uploads\/2021\/12\/logo.png","width":243,"height":59,"caption":"Federassantas"},"image":{"@id":"https:\/\/www.federassantas.org.br\/novosite\/#\/schema\/logo\/image\/"}},{"@type":"Person","@id":"https:\/\/www.federassantas.org.br\/novosite\/#\/schema\/person\/75fed98158349313fe56175f232f513c","name":"admin-federas","image":{"@type":"ImageObject","inLanguage":"pt-BR","@id":"https:\/\/www.federassantas.org.br\/novosite\/#\/schema\/person\/image\/","url":"https:\/\/secure.gravatar.com\/avatar\/2a02d7dda59fe8dc6b7ffd3f652e2efede5ccf0dd89dfdc8137c5517f3de8407?s=96&d=mm&r=g","contentUrl":"https:\/\/secure.gravatar.com\/avatar\/2a02d7dda59fe8dc6b7ffd3f652e2efede5ccf0dd89dfdc8137c5517f3de8407?s=96&d=mm&r=g","caption":"admin-federas"},"sameAs":["https:\/\/www.federassantas.org.br\/novosite\/"],"url":"https:\/\/www.federassantas.org.br\/novosite\/author\/admin-federas\/"}]}},"_links":{"self":[{"href":"https:\/\/www.federassantas.org.br\/novosite\/wp-json\/wp\/v2\/posts\/22583","targetHints":{"allow":["GET"]}}],"collection":[{"href":"https:\/\/www.federassantas.org.br\/novosite\/wp-json\/wp\/v2\/posts"}],"about":[{"href":"https:\/\/www.federassantas.org.br\/novosite\/wp-json\/wp\/v2\/types\/post"}],"author":[{"embeddable":true,"href":"https:\/\/www.federassantas.org.br\/novosite\/wp-json\/wp\/v2\/users\/1"}],"replies":[{"embeddable":true,"href":"https:\/\/www.federassantas.org.br\/novosite\/wp-json\/wp\/v2\/comments?post=22583"}],"version-history":[{"count":0,"href":"https:\/\/www.federassantas.org.br\/novosite\/wp-json\/wp\/v2\/posts\/22583\/revisions"}],"wp:featuredmedia":[{"embeddable":true,"href":"https:\/\/www.federassantas.org.br\/novosite\/wp-json\/wp\/v2\/media\/22584"}],"wp:attachment":[{"href":"https:\/\/www.federassantas.org.br\/novosite\/wp-json\/wp\/v2\/media?parent=22583"}],"wp:term":[{"taxonomy":"category","embeddable":true,"href":"https:\/\/www.federassantas.org.br\/novosite\/wp-json\/wp\/v2\/categories?post=22583"},{"taxonomy":"post_tag","embeddable":true,"href":"https:\/\/www.federassantas.org.br\/novosite\/wp-json\/wp\/v2\/tags?post=22583"}],"curies":[{"name":"wp","href":"https:\/\/api.w.org\/{rel}","templated":true}]}}