{"id":22604,"date":"2021-11-10T12:06:08","date_gmt":"2021-11-10T15:06:08","guid":{"rendered":"https:\/\/federasbackup.meltcomunicacao.com.br\/?p=22604"},"modified":"2021-11-10T12:06:08","modified_gmt":"2021-11-10T15:06:08","slug":"cancer-de-pele-melanoma","status":"publish","type":"post","link":"https:\/\/www.federassantas.org.br\/novosite\/cancer-de-pele-melanoma\/","title":{"rendered":"C\u00e2ncer de pele melanoma"},"content":{"rendered":"\n<p><em>Santa Casa realiza procedimento de ressec\u00e7\u00e3o de neoplasia<\/em><\/p>\n\n\n\n<p><\/p>\n\n\n\n<p>De acordo com o Instituto Nacional de C\u00e2ncer (INCA), o c\u00e2ncer de pele n\u00e3o melanoma \u00e9 o mais frequente no Brasil e corresponde a cerca de 30% de todos os tumores malignos registrados no pa\u00eds. A doen\u00e7a apresenta altos percentuais de cura, se for detectado e tratado precocemente. Entre os tumores de pele, \u00e9 o mais frequente e de menor mortalidade, por\u00e9m, se n\u00e3o tratado adequadamente pode deixar mutila\u00e7\u00f5es bastante expressivas.<\/p>\n\n\n\n<p>Mas, voc\u00ea sabia que existe o c\u00e2ncer de pele melanoma? O c\u00e2ncer de pele melanoma tem origem nos melan\u00f3citos (c\u00e9lulas produtoras de melanina, subst\u00e2ncia que determina a cor da pele) e \u00e9 mais frequente em adultos brancos. O melanoma pode aparecer em qualquer parte do corpo, na pele ou mucosas, na forma de manchas, pintas ou sinais. Nos indiv\u00edduos de pele negra, ele \u00e9 mais comum nas \u00e1reas claras, como palmas das m\u00e3os e plantas dos p\u00e9s.<\/p>\n\n\n\n<p>Embora o c\u00e2ncer de pele n\u00e3o melanoma seja o mais frequente no Brasil, o melanoma representa apenas 3% das neoplasias malignas do \u00f3rg\u00e3o e \u00e9 o tipo mais grave, devido a sua alta possibilidade de provocar met\u00e1stase (dissemina\u00e7\u00e3o do c\u00e2ncer para outros \u00f3rg\u00e3os). Dependendo do est\u00e1gio da doen\u00e7a e outros fatores, as principais op\u00e7\u00f5es de tratamento para pessoas com c\u00e2ncer de pele melanoma podem incluir a imunoterapia, terapia alvo, quimioterapia, radioterapia e cirurgia. Em muitos casos, mais do que um desses tratamentos ou uma combina\u00e7\u00e3o deles podem ser utilizados.<\/p>\n\n\n\n<p>O m\u00e9dico cirurgi\u00e3o oncol\u00f3gico Guilherme Braz explica que &#8220;o melanoma tem como principal via de dissemina\u00e7\u00e3o a via linf\u00e1tica. Se os linfonodos (\u00ednguas) forem acometidos pela doen\u00e7a (met\u00e1stases) o paciente pode desenvolver incha\u00e7o (edema) na regi\u00e3o acometida&#8221;. A Santa Casa Montes Claros, Institui\u00e7\u00e3o refer\u00eancia em tratamento oncol\u00f3gico no Norte de Minas, realiza v\u00e1rios tipos de procedimentos para o tratamento de c\u00e2ncer de pele n\u00e3o melanoma e melanoma, entre eles, o procedimento cir\u00fargico.<\/p>\n\n\n\n<p>Conduzido pelo Dr., Guilherme Braz, \u00e9&nbsp;feito no hospital a cirurgia de ressec\u00e7\u00e3o de neoplasia de pele &#8211; massa de tecido anormal que surge em diferentes partes do corpo. O m\u00e9dico explica que essa cirurgia \u00e9 indicada para o tratamento de c\u00e2ncer de pele, chamado melanoma, quando ainda localizado em apenas uma regi\u00e3o do corpo. Durante o procedimento, pode ser realizada ainda a pesquisa de linfonodo sentinela. &#8220;A linfonodo sentinela \u00e9 a primeira &#8216;\u00edngua&#8217; que drena a regi\u00e3o afetada pelo c\u00e2ncer. Ela \u00e9 realizada utilizando marca\u00e7\u00e3o com radia\u00e7\u00e3o (linfocintilografia) associada \u00e0 infus\u00e3o pr\u00f3xima ao tumor de azul patente (esp\u00e9cie de corante que marca os vasos linf\u00e1ticos, ou seja, sua an\u00e1lise permite ver os riscos de met\u00e1stase &#8211; se o tumor se espalhou para o sistema linf\u00e1tico)&#8221;, conta Dr. Guilherme.<\/p>\n\n\n\n<p>O especialista explica que os riscos que o paciente corre, caso n\u00e3o realize o procedimento indicado, \u00e9 a redu\u00e7\u00e3o da possibilidade de cura, uma vez que o melanoma \u00e9 uma doen\u00e7a muito agressiva. &#8220;A fun\u00e7\u00e3o da pesquisa de linfonodo sentinela \u00e9 determinar se o c\u00e2ncer j\u00e1 teve capacidade de produzir met\u00e1stases, podendo assim realizar o tratamento mais precoce e de maneira mais agressiva. Se n\u00e3o for realizado na fase correta, existe a possibilidade de dissemina\u00e7\u00e3o da doen\u00e7a, dificultando o tratamento&#8221;.<\/p>\n\n\n\n<p><strong>Preven\u00e7\u00e3o<\/strong><\/p>\n\n\n\n<p>O principal canal de dissemina\u00e7\u00e3o pelo corpo de alguns tipos de c\u00e2ncer, como o de pele, \u00e9 o sistema linf\u00e1tico. A fun\u00e7\u00e3o dos linfonodos \u00e9 filtrar a linfa, que elimina as impurezas que as c\u00e9lulas produzem. Cada grupo de linfonodos \u00e9 respons\u00e1vel por drenar uma parte do corpo.&nbsp; Os linfonodos s\u00e3o pequenos \u00f3rg\u00e3os presentes em diversos lugares do corpo humano que fazem parte do sistema linf\u00e1tico e atuam na defesa do organismo. J\u00e1 o linfonodo sentinela \u00e9 definido como o primeiro linfonodo que pode receber as c\u00e9lulas cancer\u00edgenas de um tumor.<\/p>\n\n\n\n<p>Segundo o INCA, em 2020 a estimativa de novos casos de c\u00e2ncer melanoma no Brasil era de 8.450 (oito mil, quatrocentos e cinquenta), sendo 4.200 (quatro mil e duzentos) homens e 4.250 (quatro mil, duzentos e cinquenta) mulheres. J\u00e1 o n\u00famero de mortes no pa\u00eds, de acordo com o Atlas de Mortalidade por C\u00e2ncer, em 2019 foi de 1.978 (mil, novecentos e setenta e oito), sendo 1.159 (mil, cento e cinquenta e nove) homens e 819 (oitocentas e dezenove) mulheres.<\/p>\n\n\n\n<p>O \u00f3rg\u00e3o ressalta que os fatores de riscos s\u00e3o a exposi\u00e7\u00e3o prolongada e repetida ao sol (raios ultravioletas &#8211; UV), principalmente na inf\u00e2ncia e adolesc\u00eancia; exposi\u00e7\u00e3o a c\u00e2maras de &nbsp;bronzeamento artificial; ter pele e olhos claros, com cabelos ruivos ou loiros, ou ser albino; e hist\u00f3ria familiar ou pessoal de c\u00e2ncer de pele. Como os outros tipos de c\u00e2ncer de pele, o melanoma pode ser prevenido evitando-se a exposi\u00e7\u00e3o ao sol no hor\u00e1rio das 10h \u00e0s 16h, quando os raios s\u00e3o mais intensos, uma vez que o maior fator de risco para o seu surgimento \u00e9 a sensibilidade ao sol.<br>Mesmo em outros per\u00edodos do dia, recomenda-se procurar lugares com sombra, usar prote\u00e7\u00e3o adequada, como roupas, bon\u00e9s ou chap\u00e9us de abas largas, \u00f3culos escuros com prote\u00e7\u00e3o UV, sombrinhas e barracas. Aplicar na pele, antes de se expor ao sol, filtro (protetor) solar com fator de prote\u00e7\u00e3o 15, no m\u00ednimo, e usar filtro solar pr\u00f3prio para os l\u00e1bios.<\/p>\n\n\n\n<p>O melanoma pode surgir a partir da pele normal ou de uma les\u00e3o pigmentada. A manifesta\u00e7\u00e3o da doen\u00e7a na pele normal se d\u00e1 ap\u00f3s o aparecimento de uma pinta escura de bordas irregulares, acompanhada de coceira e descama\u00e7\u00e3o. Em casos de uma les\u00e3o pigmentada preexistente ocorre aumento no tamanho, altera\u00e7\u00e3o na colora\u00e7\u00e3o e na forma da les\u00e3o, que passa a apresentar bordas irregulares.<\/p>\n\n\n\n<p><\/p>\n\n\n\n<p>Por: Ana Paula Paix\u00e3o <br>Foto: Hudson Brazil&nbsp;<\/p>\n","protected":false},"excerpt":{"rendered":"<p>Santa Casa realiza procedimento de ressec\u00e7\u00e3o de neoplasia De acordo com o Instituto Nacional de C\u00e2ncer (INCA), o c\u00e2ncer de pele n\u00e3o melanoma \u00e9 o mais frequente no Brasil e corresponde a cerca de 30% de todos os tumores malignos registrados no pa\u00eds. A doen\u00e7a apresenta altos percentuais de cura, se for detectado e tratado [&hellip;]<\/p>\n","protected":false},"author":1,"featured_media":22605,"comment_status":"open","ping_status":"open","sticky":false,"template":"","format":"standard","meta":{"footnotes":""},"categories":[140,139],"tags":[],"class_list":["post-22604","post","type-post","status-publish","format-standard","has-post-thumbnail","hentry","category-noticias","category-noticias-filiados"],"yoast_head":"<!-- This site is optimized with the Yoast SEO plugin v26.9 - https:\/\/yoast.com\/product\/yoast-seo-wordpress\/ -->\n<title>C\u00e2ncer de pele melanoma - Federassantas<\/title>\n<meta name=\"robots\" content=\"index, follow, max-snippet:-1, max-image-preview:large, max-video-preview:-1\" \/>\n<link rel=\"canonical\" href=\"https:\/\/www.federassantas.org.br\/novosite\/cancer-de-pele-melanoma\/\" \/>\n<meta property=\"og:locale\" content=\"pt_BR\" \/>\n<meta property=\"og:type\" content=\"article\" \/>\n<meta property=\"og:title\" content=\"C\u00e2ncer de pele melanoma - Federassantas\" \/>\n<meta property=\"og:description\" content=\"Santa Casa realiza procedimento de ressec\u00e7\u00e3o de neoplasia De acordo com o Instituto Nacional de C\u00e2ncer (INCA), o c\u00e2ncer de pele n\u00e3o melanoma \u00e9 o mais frequente no Brasil e corresponde a cerca de 30% de todos os tumores malignos registrados no pa\u00eds. A doen\u00e7a apresenta altos percentuais de cura, se for detectado e tratado [&hellip;]\" \/>\n<meta property=\"og:url\" content=\"https:\/\/www.federassantas.org.br\/novosite\/cancer-de-pele-melanoma\/\" \/>\n<meta property=\"og:site_name\" content=\"Federassantas\" \/>\n<meta property=\"article:published_time\" content=\"2021-11-10T15:06:08+00:00\" \/>\n<meta property=\"og:image\" content=\"https:\/\/www.federassantas.org.br\/novosite\/wp-content\/uploads\/2021\/11\/dr-guilherme-cirurgia-cancer-melanoma.jpg\" \/>\n\t<meta property=\"og:image:width\" content=\"1280\" \/>\n\t<meta property=\"og:image:height\" content=\"853\" \/>\n\t<meta property=\"og:image:type\" content=\"image\/jpeg\" \/>\n<meta name=\"author\" content=\"admin-federas\" \/>\n<meta name=\"twitter:card\" content=\"summary_large_image\" \/>\n<meta name=\"twitter:label1\" content=\"Escrito por\" \/>\n\t<meta name=\"twitter:data1\" content=\"admin-federas\" \/>\n\t<meta name=\"twitter:label2\" content=\"Est. tempo de leitura\" \/>\n\t<meta name=\"twitter:data2\" content=\"5 minutos\" \/>\n<script type=\"application\/ld+json\" class=\"yoast-schema-graph\">{\"@context\":\"https:\/\/schema.org\",\"@graph\":[{\"@type\":\"Article\",\"@id\":\"https:\/\/www.federassantas.org.br\/novosite\/cancer-de-pele-melanoma\/#article\",\"isPartOf\":{\"@id\":\"https:\/\/www.federassantas.org.br\/novosite\/cancer-de-pele-melanoma\/\"},\"author\":{\"name\":\"admin-federas\",\"@id\":\"https:\/\/www.federassantas.org.br\/novosite\/#\/schema\/person\/75fed98158349313fe56175f232f513c\"},\"headline\":\"C\u00e2ncer de pele melanoma\",\"datePublished\":\"2021-11-10T15:06:08+00:00\",\"mainEntityOfPage\":{\"@id\":\"https:\/\/www.federassantas.org.br\/novosite\/cancer-de-pele-melanoma\/\"},\"wordCount\":1023,\"commentCount\":0,\"publisher\":{\"@id\":\"https:\/\/www.federassantas.org.br\/novosite\/#organization\"},\"image\":{\"@id\":\"https:\/\/www.federassantas.org.br\/novosite\/cancer-de-pele-melanoma\/#primaryimage\"},\"thumbnailUrl\":\"https:\/\/www.federassantas.org.br\/novosite\/wp-content\/uploads\/2021\/11\/dr-guilherme-cirurgia-cancer-melanoma.jpg\",\"articleSection\":[\"Not\u00edcias\",\"Not\u00edcias filiados\"],\"inLanguage\":\"pt-BR\",\"potentialAction\":[{\"@type\":\"CommentAction\",\"name\":\"Comment\",\"target\":[\"https:\/\/www.federassantas.org.br\/novosite\/cancer-de-pele-melanoma\/#respond\"]}]},{\"@type\":\"WebPage\",\"@id\":\"https:\/\/www.federassantas.org.br\/novosite\/cancer-de-pele-melanoma\/\",\"url\":\"https:\/\/www.federassantas.org.br\/novosite\/cancer-de-pele-melanoma\/\",\"name\":\"C\u00e2ncer de pele melanoma - Federassantas\",\"isPartOf\":{\"@id\":\"https:\/\/www.federassantas.org.br\/novosite\/#website\"},\"primaryImageOfPage\":{\"@id\":\"https:\/\/www.federassantas.org.br\/novosite\/cancer-de-pele-melanoma\/#primaryimage\"},\"image\":{\"@id\":\"https:\/\/www.federassantas.org.br\/novosite\/cancer-de-pele-melanoma\/#primaryimage\"},\"thumbnailUrl\":\"https:\/\/www.federassantas.org.br\/novosite\/wp-content\/uploads\/2021\/11\/dr-guilherme-cirurgia-cancer-melanoma.jpg\",\"datePublished\":\"2021-11-10T15:06:08+00:00\",\"breadcrumb\":{\"@id\":\"https:\/\/www.federassantas.org.br\/novosite\/cancer-de-pele-melanoma\/#breadcrumb\"},\"inLanguage\":\"pt-BR\",\"potentialAction\":[{\"@type\":\"ReadAction\",\"target\":[\"https:\/\/www.federassantas.org.br\/novosite\/cancer-de-pele-melanoma\/\"]}]},{\"@type\":\"ImageObject\",\"inLanguage\":\"pt-BR\",\"@id\":\"https:\/\/www.federassantas.org.br\/novosite\/cancer-de-pele-melanoma\/#primaryimage\",\"url\":\"https:\/\/www.federassantas.org.br\/novosite\/wp-content\/uploads\/2021\/11\/dr-guilherme-cirurgia-cancer-melanoma.jpg\",\"contentUrl\":\"https:\/\/www.federassantas.org.br\/novosite\/wp-content\/uploads\/2021\/11\/dr-guilherme-cirurgia-cancer-melanoma.jpg\",\"width\":1280,\"height\":853},{\"@type\":\"BreadcrumbList\",\"@id\":\"https:\/\/www.federassantas.org.br\/novosite\/cancer-de-pele-melanoma\/#breadcrumb\",\"itemListElement\":[{\"@type\":\"ListItem\",\"position\":1,\"name\":\"In\u00edcio\",\"item\":\"https:\/\/www.federassantas.org.br\/novosite\/\"},{\"@type\":\"ListItem\",\"position\":2,\"name\":\"C\u00e2ncer de pele melanoma\"}]},{\"@type\":\"WebSite\",\"@id\":\"https:\/\/www.federassantas.org.br\/novosite\/#website\",\"url\":\"https:\/\/www.federassantas.org.br\/novosite\/\",\"name\":\"Federassantas\",\"description\":\"Fed. das Santas Casas e Hospitais Filantr\u00f3picos de MG\",\"publisher\":{\"@id\":\"https:\/\/www.federassantas.org.br\/novosite\/#organization\"},\"potentialAction\":[{\"@type\":\"SearchAction\",\"target\":{\"@type\":\"EntryPoint\",\"urlTemplate\":\"https:\/\/www.federassantas.org.br\/novosite\/?s={search_term_string}\"},\"query-input\":{\"@type\":\"PropertyValueSpecification\",\"valueRequired\":true,\"valueName\":\"search_term_string\"}}],\"inLanguage\":\"pt-BR\"},{\"@type\":\"Organization\",\"@id\":\"https:\/\/www.federassantas.org.br\/novosite\/#organization\",\"name\":\"Federassantas\",\"url\":\"https:\/\/www.federassantas.org.br\/novosite\/\",\"logo\":{\"@type\":\"ImageObject\",\"inLanguage\":\"pt-BR\",\"@id\":\"https:\/\/www.federassantas.org.br\/novosite\/#\/schema\/logo\/image\/\",\"url\":\"https:\/\/www.federassantas.org.br\/novosite\/wp-content\/uploads\/2021\/12\/logo.png\",\"contentUrl\":\"https:\/\/www.federassantas.org.br\/novosite\/wp-content\/uploads\/2021\/12\/logo.png\",\"width\":243,\"height\":59,\"caption\":\"Federassantas\"},\"image\":{\"@id\":\"https:\/\/www.federassantas.org.br\/novosite\/#\/schema\/logo\/image\/\"}},{\"@type\":\"Person\",\"@id\":\"https:\/\/www.federassantas.org.br\/novosite\/#\/schema\/person\/75fed98158349313fe56175f232f513c\",\"name\":\"admin-federas\",\"image\":{\"@type\":\"ImageObject\",\"inLanguage\":\"pt-BR\",\"@id\":\"https:\/\/www.federassantas.org.br\/novosite\/#\/schema\/person\/image\/\",\"url\":\"https:\/\/secure.gravatar.com\/avatar\/2a02d7dda59fe8dc6b7ffd3f652e2efede5ccf0dd89dfdc8137c5517f3de8407?s=96&d=mm&r=g\",\"contentUrl\":\"https:\/\/secure.gravatar.com\/avatar\/2a02d7dda59fe8dc6b7ffd3f652e2efede5ccf0dd89dfdc8137c5517f3de8407?s=96&d=mm&r=g\",\"caption\":\"admin-federas\"},\"sameAs\":[\"https:\/\/www.federassantas.org.br\/novosite\/\"],\"url\":\"https:\/\/www.federassantas.org.br\/novosite\/author\/admin-federas\/\"}]}<\/script>\n<!-- \/ Yoast SEO plugin. -->","yoast_head_json":{"title":"C\u00e2ncer de pele melanoma - Federassantas","robots":{"index":"index","follow":"follow","max-snippet":"max-snippet:-1","max-image-preview":"max-image-preview:large","max-video-preview":"max-video-preview:-1"},"canonical":"https:\/\/www.federassantas.org.br\/novosite\/cancer-de-pele-melanoma\/","og_locale":"pt_BR","og_type":"article","og_title":"C\u00e2ncer de pele melanoma - Federassantas","og_description":"Santa Casa realiza procedimento de ressec\u00e7\u00e3o de neoplasia De acordo com o Instituto Nacional de C\u00e2ncer (INCA), o c\u00e2ncer de pele n\u00e3o melanoma \u00e9 o mais frequente no Brasil e corresponde a cerca de 30% de todos os tumores malignos registrados no pa\u00eds. A doen\u00e7a apresenta altos percentuais de cura, se for detectado e tratado [&hellip;]","og_url":"https:\/\/www.federassantas.org.br\/novosite\/cancer-de-pele-melanoma\/","og_site_name":"Federassantas","article_published_time":"2021-11-10T15:06:08+00:00","og_image":[{"width":1280,"height":853,"url":"https:\/\/www.federassantas.org.br\/novosite\/wp-content\/uploads\/2021\/11\/dr-guilherme-cirurgia-cancer-melanoma.jpg","type":"image\/jpeg"}],"author":"admin-federas","twitter_card":"summary_large_image","twitter_misc":{"Escrito por":"admin-federas","Est. tempo de leitura":"5 minutos"},"schema":{"@context":"https:\/\/schema.org","@graph":[{"@type":"Article","@id":"https:\/\/www.federassantas.org.br\/novosite\/cancer-de-pele-melanoma\/#article","isPartOf":{"@id":"https:\/\/www.federassantas.org.br\/novosite\/cancer-de-pele-melanoma\/"},"author":{"name":"admin-federas","@id":"https:\/\/www.federassantas.org.br\/novosite\/#\/schema\/person\/75fed98158349313fe56175f232f513c"},"headline":"C\u00e2ncer de pele melanoma","datePublished":"2021-11-10T15:06:08+00:00","mainEntityOfPage":{"@id":"https:\/\/www.federassantas.org.br\/novosite\/cancer-de-pele-melanoma\/"},"wordCount":1023,"commentCount":0,"publisher":{"@id":"https:\/\/www.federassantas.org.br\/novosite\/#organization"},"image":{"@id":"https:\/\/www.federassantas.org.br\/novosite\/cancer-de-pele-melanoma\/#primaryimage"},"thumbnailUrl":"https:\/\/www.federassantas.org.br\/novosite\/wp-content\/uploads\/2021\/11\/dr-guilherme-cirurgia-cancer-melanoma.jpg","articleSection":["Not\u00edcias","Not\u00edcias filiados"],"inLanguage":"pt-BR","potentialAction":[{"@type":"CommentAction","name":"Comment","target":["https:\/\/www.federassantas.org.br\/novosite\/cancer-de-pele-melanoma\/#respond"]}]},{"@type":"WebPage","@id":"https:\/\/www.federassantas.org.br\/novosite\/cancer-de-pele-melanoma\/","url":"https:\/\/www.federassantas.org.br\/novosite\/cancer-de-pele-melanoma\/","name":"C\u00e2ncer de pele melanoma - Federassantas","isPartOf":{"@id":"https:\/\/www.federassantas.org.br\/novosite\/#website"},"primaryImageOfPage":{"@id":"https:\/\/www.federassantas.org.br\/novosite\/cancer-de-pele-melanoma\/#primaryimage"},"image":{"@id":"https:\/\/www.federassantas.org.br\/novosite\/cancer-de-pele-melanoma\/#primaryimage"},"thumbnailUrl":"https:\/\/www.federassantas.org.br\/novosite\/wp-content\/uploads\/2021\/11\/dr-guilherme-cirurgia-cancer-melanoma.jpg","datePublished":"2021-11-10T15:06:08+00:00","breadcrumb":{"@id":"https:\/\/www.federassantas.org.br\/novosite\/cancer-de-pele-melanoma\/#breadcrumb"},"inLanguage":"pt-BR","potentialAction":[{"@type":"ReadAction","target":["https:\/\/www.federassantas.org.br\/novosite\/cancer-de-pele-melanoma\/"]}]},{"@type":"ImageObject","inLanguage":"pt-BR","@id":"https:\/\/www.federassantas.org.br\/novosite\/cancer-de-pele-melanoma\/#primaryimage","url":"https:\/\/www.federassantas.org.br\/novosite\/wp-content\/uploads\/2021\/11\/dr-guilherme-cirurgia-cancer-melanoma.jpg","contentUrl":"https:\/\/www.federassantas.org.br\/novosite\/wp-content\/uploads\/2021\/11\/dr-guilherme-cirurgia-cancer-melanoma.jpg","width":1280,"height":853},{"@type":"BreadcrumbList","@id":"https:\/\/www.federassantas.org.br\/novosite\/cancer-de-pele-melanoma\/#breadcrumb","itemListElement":[{"@type":"ListItem","position":1,"name":"In\u00edcio","item":"https:\/\/www.federassantas.org.br\/novosite\/"},{"@type":"ListItem","position":2,"name":"C\u00e2ncer de pele melanoma"}]},{"@type":"WebSite","@id":"https:\/\/www.federassantas.org.br\/novosite\/#website","url":"https:\/\/www.federassantas.org.br\/novosite\/","name":"Federassantas","description":"Fed. das Santas Casas e Hospitais Filantr\u00f3picos de MG","publisher":{"@id":"https:\/\/www.federassantas.org.br\/novosite\/#organization"},"potentialAction":[{"@type":"SearchAction","target":{"@type":"EntryPoint","urlTemplate":"https:\/\/www.federassantas.org.br\/novosite\/?s={search_term_string}"},"query-input":{"@type":"PropertyValueSpecification","valueRequired":true,"valueName":"search_term_string"}}],"inLanguage":"pt-BR"},{"@type":"Organization","@id":"https:\/\/www.federassantas.org.br\/novosite\/#organization","name":"Federassantas","url":"https:\/\/www.federassantas.org.br\/novosite\/","logo":{"@type":"ImageObject","inLanguage":"pt-BR","@id":"https:\/\/www.federassantas.org.br\/novosite\/#\/schema\/logo\/image\/","url":"https:\/\/www.federassantas.org.br\/novosite\/wp-content\/uploads\/2021\/12\/logo.png","contentUrl":"https:\/\/www.federassantas.org.br\/novosite\/wp-content\/uploads\/2021\/12\/logo.png","width":243,"height":59,"caption":"Federassantas"},"image":{"@id":"https:\/\/www.federassantas.org.br\/novosite\/#\/schema\/logo\/image\/"}},{"@type":"Person","@id":"https:\/\/www.federassantas.org.br\/novosite\/#\/schema\/person\/75fed98158349313fe56175f232f513c","name":"admin-federas","image":{"@type":"ImageObject","inLanguage":"pt-BR","@id":"https:\/\/www.federassantas.org.br\/novosite\/#\/schema\/person\/image\/","url":"https:\/\/secure.gravatar.com\/avatar\/2a02d7dda59fe8dc6b7ffd3f652e2efede5ccf0dd89dfdc8137c5517f3de8407?s=96&d=mm&r=g","contentUrl":"https:\/\/secure.gravatar.com\/avatar\/2a02d7dda59fe8dc6b7ffd3f652e2efede5ccf0dd89dfdc8137c5517f3de8407?s=96&d=mm&r=g","caption":"admin-federas"},"sameAs":["https:\/\/www.federassantas.org.br\/novosite\/"],"url":"https:\/\/www.federassantas.org.br\/novosite\/author\/admin-federas\/"}]}},"_links":{"self":[{"href":"https:\/\/www.federassantas.org.br\/novosite\/wp-json\/wp\/v2\/posts\/22604","targetHints":{"allow":["GET"]}}],"collection":[{"href":"https:\/\/www.federassantas.org.br\/novosite\/wp-json\/wp\/v2\/posts"}],"about":[{"href":"https:\/\/www.federassantas.org.br\/novosite\/wp-json\/wp\/v2\/types\/post"}],"author":[{"embeddable":true,"href":"https:\/\/www.federassantas.org.br\/novosite\/wp-json\/wp\/v2\/users\/1"}],"replies":[{"embeddable":true,"href":"https:\/\/www.federassantas.org.br\/novosite\/wp-json\/wp\/v2\/comments?post=22604"}],"version-history":[{"count":0,"href":"https:\/\/www.federassantas.org.br\/novosite\/wp-json\/wp\/v2\/posts\/22604\/revisions"}],"wp:featuredmedia":[{"embeddable":true,"href":"https:\/\/www.federassantas.org.br\/novosite\/wp-json\/wp\/v2\/media\/22605"}],"wp:attachment":[{"href":"https:\/\/www.federassantas.org.br\/novosite\/wp-json\/wp\/v2\/media?parent=22604"}],"wp:term":[{"taxonomy":"category","embeddable":true,"href":"https:\/\/www.federassantas.org.br\/novosite\/wp-json\/wp\/v2\/categories?post=22604"},{"taxonomy":"post_tag","embeddable":true,"href":"https:\/\/www.federassantas.org.br\/novosite\/wp-json\/wp\/v2\/tags?post=22604"}],"curies":[{"name":"wp","href":"https:\/\/api.w.org\/{rel}","templated":true}]}}