{"id":22611,"date":"2021-11-11T17:06:26","date_gmt":"2021-11-11T20:06:26","guid":{"rendered":"https:\/\/federasbackup.meltcomunicacao.com.br\/?p=22611"},"modified":"2021-11-11T17:06:26","modified_gmt":"2021-11-11T20:06:26","slug":"fiocruz-investiga-pacientes-com-doenca-da-vaca-louca","status":"publish","type":"post","link":"https:\/\/www.federassantas.org.br\/novosite\/fiocruz-investiga-pacientes-com-doenca-da-vaca-louca\/","title":{"rendered":"Fiocruz investiga pacientes com doen\u00e7a da vaca louca"},"content":{"rendered":"\n<p><em>Funda\u00e7\u00e3o disse que os casos n\u00e3o t\u00eam rela\u00e7\u00e3o com o consumo de carne<\/em><\/p>\n\n\n\n<p>O Instituto Nacional de Infectologia Evandro Chagas da Funda\u00e7\u00e3o Oswaldo Cruz (INI\/Fiocruz) informou por meio de nota que os dois pacientes internados para investiga\u00e7\u00e3o de Encefalopatia Espongiforme Bovina, conhecida como a doen\u00e7a da vaca louca, \u201cest\u00e3o com suspeita da forma espor\u00e1dica da Doen\u00e7a de Creutzfeldt-Jakob (DCJ), considerando os aspectos cl\u00ednicos e radiol\u00f3gicos\u201d.<img decoding=\"async\" src=\"https:\/\/agenciabrasil.ebc.com.br\/ebc.png?id=1427307&amp;o=node\"><img decoding=\"async\" src=\"https:\/\/agenciabrasil.ebc.com.br\/ebc.gif?id=1427307&amp;o=node\"><\/p>\n\n\n\n<p>Na nota, assinada pelo vice-diretor de Servi\u00e7os Cl\u00ednicos do Instituto Nacional de Infectologia Evandro Chagas, Estev\u00e3o Portela Nunes, o INI informa que essa forma espor\u00e1dica n\u00e3o tem rela\u00e7\u00e3o com o consumo de carne. \u201cReiteramos que os pacientes est\u00e3o internados no Centro Hospitalar para a Pandemia de Covid-19 do INI e que ambos os casos n\u00e3o tem confirma\u00e7\u00e3o diagn\u00f3stica\u201d.<\/p>\n\n\n\n<p>No in\u00edcio da tarde, em outra nota, assinada pelo vice-diretor, o INI informou que avaliava a situa\u00e7\u00e3o cl\u00ednica de dois pacientes com suspeita de Encefalopatia Espongiforme Bovina internados no Centro Hospitalar para a Pandemia de Covid-19 da unidade da Fiocruz.<\/p>\n\n\n\n<p>\u201cDetalhes que possam identificar os pacientes n\u00e3o ser\u00e3o divulgados em respeito \u00e0 confidencialidade da rela\u00e7\u00e3o m\u00e9dico-paciente, de acordo com o estabelecido pelo C\u00f3digo de \u00c9tica M\u00e9dica do Conselho Federal de Medicina\u201d, informou o INI na nota.<\/p>\n\n\n\n<p><\/p>\n\n\n\n<p>Fonte: <a href=\"https:\/\/agenciabrasil.ebc.com.br\/saude\/noticia\/2021-11\/fiocruz-investiga-pacientes-com-doenca-da-vaca-louca\" target=\"_blank\" rel=\"noreferrer noopener\">Ag\u00eancia Brasil<\/a><\/p>\n","protected":false},"excerpt":{"rendered":"<p>Funda\u00e7\u00e3o disse que os casos n\u00e3o t\u00eam rela\u00e7\u00e3o com o consumo de carne O Instituto Nacional de Infectologia Evandro Chagas da Funda\u00e7\u00e3o Oswaldo Cruz (INI\/Fiocruz) informou por meio de nota que os dois pacientes internados para investiga\u00e7\u00e3o de Encefalopatia Espongiforme Bovina, conhecida como a doen\u00e7a da vaca louca, \u201cest\u00e3o com suspeita da forma espor\u00e1dica da [&hellip;]<\/p>\n","protected":false},"author":1,"featured_media":24842,"comment_status":"open","ping_status":"open","sticky":false,"template":"","format":"standard","meta":{"footnotes":""},"categories":[140],"tags":[],"class_list":["post-22611","post","type-post","status-publish","format-standard","has-post-thumbnail","hentry","category-noticias"],"yoast_head":"<!-- This site is optimized with the Yoast SEO plugin v26.9 - https:\/\/yoast.com\/product\/yoast-seo-wordpress\/ -->\n<title>Fiocruz investiga pacientes com doen\u00e7a da vaca louca - Federassantas<\/title>\n<meta name=\"robots\" content=\"index, follow, max-snippet:-1, max-image-preview:large, max-video-preview:-1\" \/>\n<link rel=\"canonical\" href=\"https:\/\/www.federassantas.org.br\/novosite\/fiocruz-investiga-pacientes-com-doenca-da-vaca-louca\/\" \/>\n<meta property=\"og:locale\" content=\"pt_BR\" \/>\n<meta property=\"og:type\" content=\"article\" \/>\n<meta property=\"og:title\" content=\"Fiocruz investiga pacientes com doen\u00e7a da vaca louca - Federassantas\" \/>\n<meta property=\"og:description\" content=\"Funda\u00e7\u00e3o disse que os casos n\u00e3o t\u00eam rela\u00e7\u00e3o com o consumo de carne O Instituto Nacional de Infectologia Evandro Chagas da Funda\u00e7\u00e3o Oswaldo Cruz (INI\/Fiocruz) informou por meio de nota que os dois pacientes internados para investiga\u00e7\u00e3o de Encefalopatia Espongiforme Bovina, conhecida como a doen\u00e7a da vaca louca, \u201cest\u00e3o com suspeita da forma espor\u00e1dica da [&hellip;]\" \/>\n<meta property=\"og:url\" content=\"https:\/\/www.federassantas.org.br\/novosite\/fiocruz-investiga-pacientes-com-doenca-da-vaca-louca\/\" \/>\n<meta property=\"og:site_name\" content=\"Federassantas\" \/>\n<meta property=\"article:published_time\" content=\"2021-11-11T20:06:26+00:00\" \/>\n<meta property=\"og:image\" content=\"https:\/\/www.federassantas.org.br\/novosite\/wp-content\/uploads\/2022\/09\/thumbnail-default.jpg\" \/>\n\t<meta property=\"og:image:width\" content=\"622\" \/>\n\t<meta property=\"og:image:height\" content=\"415\" \/>\n\t<meta property=\"og:image:type\" content=\"image\/jpeg\" \/>\n<meta name=\"author\" content=\"admin-federas\" \/>\n<meta name=\"twitter:card\" content=\"summary_large_image\" \/>\n<meta name=\"twitter:label1\" content=\"Escrito por\" \/>\n\t<meta name=\"twitter:data1\" content=\"admin-federas\" \/>\n\t<meta name=\"twitter:label2\" content=\"Est. tempo de leitura\" \/>\n\t<meta name=\"twitter:data2\" content=\"1 minuto\" \/>\n<script type=\"application\/ld+json\" class=\"yoast-schema-graph\">{\"@context\":\"https:\/\/schema.org\",\"@graph\":[{\"@type\":\"Article\",\"@id\":\"https:\/\/www.federassantas.org.br\/novosite\/fiocruz-investiga-pacientes-com-doenca-da-vaca-louca\/#article\",\"isPartOf\":{\"@id\":\"https:\/\/www.federassantas.org.br\/novosite\/fiocruz-investiga-pacientes-com-doenca-da-vaca-louca\/\"},\"author\":{\"name\":\"admin-federas\",\"@id\":\"https:\/\/www.federassantas.org.br\/novosite\/#\/schema\/person\/75fed98158349313fe56175f232f513c\"},\"headline\":\"Fiocruz investiga pacientes com doen\u00e7a da vaca louca\",\"datePublished\":\"2021-11-11T20:06:26+00:00\",\"mainEntityOfPage\":{\"@id\":\"https:\/\/www.federassantas.org.br\/novosite\/fiocruz-investiga-pacientes-com-doenca-da-vaca-louca\/\"},\"wordCount\":243,\"commentCount\":0,\"publisher\":{\"@id\":\"https:\/\/www.federassantas.org.br\/novosite\/#organization\"},\"image\":{\"@id\":\"https:\/\/www.federassantas.org.br\/novosite\/fiocruz-investiga-pacientes-com-doenca-da-vaca-louca\/#primaryimage\"},\"thumbnailUrl\":\"\",\"articleSection\":[\"Not\u00edcias\"],\"inLanguage\":\"pt-BR\",\"potentialAction\":[{\"@type\":\"CommentAction\",\"name\":\"Comment\",\"target\":[\"https:\/\/www.federassantas.org.br\/novosite\/fiocruz-investiga-pacientes-com-doenca-da-vaca-louca\/#respond\"]}]},{\"@type\":\"WebPage\",\"@id\":\"https:\/\/www.federassantas.org.br\/novosite\/fiocruz-investiga-pacientes-com-doenca-da-vaca-louca\/\",\"url\":\"https:\/\/www.federassantas.org.br\/novosite\/fiocruz-investiga-pacientes-com-doenca-da-vaca-louca\/\",\"name\":\"Fiocruz investiga pacientes com doen\u00e7a da vaca louca - Federassantas\",\"isPartOf\":{\"@id\":\"https:\/\/www.federassantas.org.br\/novosite\/#website\"},\"primaryImageOfPage\":{\"@id\":\"https:\/\/www.federassantas.org.br\/novosite\/fiocruz-investiga-pacientes-com-doenca-da-vaca-louca\/#primaryimage\"},\"image\":{\"@id\":\"https:\/\/www.federassantas.org.br\/novosite\/fiocruz-investiga-pacientes-com-doenca-da-vaca-louca\/#primaryimage\"},\"thumbnailUrl\":\"\",\"datePublished\":\"2021-11-11T20:06:26+00:00\",\"breadcrumb\":{\"@id\":\"https:\/\/www.federassantas.org.br\/novosite\/fiocruz-investiga-pacientes-com-doenca-da-vaca-louca\/#breadcrumb\"},\"inLanguage\":\"pt-BR\",\"potentialAction\":[{\"@type\":\"ReadAction\",\"target\":[\"https:\/\/www.federassantas.org.br\/novosite\/fiocruz-investiga-pacientes-com-doenca-da-vaca-louca\/\"]}]},{\"@type\":\"ImageObject\",\"inLanguage\":\"pt-BR\",\"@id\":\"https:\/\/www.federassantas.org.br\/novosite\/fiocruz-investiga-pacientes-com-doenca-da-vaca-louca\/#primaryimage\",\"url\":\"\",\"contentUrl\":\"\"},{\"@type\":\"BreadcrumbList\",\"@id\":\"https:\/\/www.federassantas.org.br\/novosite\/fiocruz-investiga-pacientes-com-doenca-da-vaca-louca\/#breadcrumb\",\"itemListElement\":[{\"@type\":\"ListItem\",\"position\":1,\"name\":\"In\u00edcio\",\"item\":\"https:\/\/www.federassantas.org.br\/novosite\/\"},{\"@type\":\"ListItem\",\"position\":2,\"name\":\"Fiocruz investiga pacientes com doen\u00e7a da vaca louca\"}]},{\"@type\":\"WebSite\",\"@id\":\"https:\/\/www.federassantas.org.br\/novosite\/#website\",\"url\":\"https:\/\/www.federassantas.org.br\/novosite\/\",\"name\":\"Federassantas\",\"description\":\"Fed. das Santas Casas e Hospitais Filantr\u00f3picos de MG\",\"publisher\":{\"@id\":\"https:\/\/www.federassantas.org.br\/novosite\/#organization\"},\"potentialAction\":[{\"@type\":\"SearchAction\",\"target\":{\"@type\":\"EntryPoint\",\"urlTemplate\":\"https:\/\/www.federassantas.org.br\/novosite\/?s={search_term_string}\"},\"query-input\":{\"@type\":\"PropertyValueSpecification\",\"valueRequired\":true,\"valueName\":\"search_term_string\"}}],\"inLanguage\":\"pt-BR\"},{\"@type\":\"Organization\",\"@id\":\"https:\/\/www.federassantas.org.br\/novosite\/#organization\",\"name\":\"Federassantas\",\"url\":\"https:\/\/www.federassantas.org.br\/novosite\/\",\"logo\":{\"@type\":\"ImageObject\",\"inLanguage\":\"pt-BR\",\"@id\":\"https:\/\/www.federassantas.org.br\/novosite\/#\/schema\/logo\/image\/\",\"url\":\"https:\/\/www.federassantas.org.br\/novosite\/wp-content\/uploads\/2021\/12\/logo.png\",\"contentUrl\":\"https:\/\/www.federassantas.org.br\/novosite\/wp-content\/uploads\/2021\/12\/logo.png\",\"width\":243,\"height\":59,\"caption\":\"Federassantas\"},\"image\":{\"@id\":\"https:\/\/www.federassantas.org.br\/novosite\/#\/schema\/logo\/image\/\"}},{\"@type\":\"Person\",\"@id\":\"https:\/\/www.federassantas.org.br\/novosite\/#\/schema\/person\/75fed98158349313fe56175f232f513c\",\"name\":\"admin-federas\",\"image\":{\"@type\":\"ImageObject\",\"inLanguage\":\"pt-BR\",\"@id\":\"https:\/\/www.federassantas.org.br\/novosite\/#\/schema\/person\/image\/\",\"url\":\"https:\/\/secure.gravatar.com\/avatar\/2a02d7dda59fe8dc6b7ffd3f652e2efede5ccf0dd89dfdc8137c5517f3de8407?s=96&d=mm&r=g\",\"contentUrl\":\"https:\/\/secure.gravatar.com\/avatar\/2a02d7dda59fe8dc6b7ffd3f652e2efede5ccf0dd89dfdc8137c5517f3de8407?s=96&d=mm&r=g\",\"caption\":\"admin-federas\"},\"sameAs\":[\"https:\/\/www.federassantas.org.br\/novosite\/\"],\"url\":\"https:\/\/www.federassantas.org.br\/novosite\/author\/admin-federas\/\"}]}<\/script>\n<!-- \/ Yoast SEO plugin. -->","yoast_head_json":{"title":"Fiocruz investiga pacientes com doen\u00e7a da vaca louca - Federassantas","robots":{"index":"index","follow":"follow","max-snippet":"max-snippet:-1","max-image-preview":"max-image-preview:large","max-video-preview":"max-video-preview:-1"},"canonical":"https:\/\/www.federassantas.org.br\/novosite\/fiocruz-investiga-pacientes-com-doenca-da-vaca-louca\/","og_locale":"pt_BR","og_type":"article","og_title":"Fiocruz investiga pacientes com doen\u00e7a da vaca louca - Federassantas","og_description":"Funda\u00e7\u00e3o disse que os casos n\u00e3o t\u00eam rela\u00e7\u00e3o com o consumo de carne O Instituto Nacional de Infectologia Evandro Chagas da Funda\u00e7\u00e3o Oswaldo Cruz (INI\/Fiocruz) informou por meio de nota que os dois pacientes internados para investiga\u00e7\u00e3o de Encefalopatia Espongiforme Bovina, conhecida como a doen\u00e7a da vaca louca, \u201cest\u00e3o com suspeita da forma espor\u00e1dica da [&hellip;]","og_url":"https:\/\/www.federassantas.org.br\/novosite\/fiocruz-investiga-pacientes-com-doenca-da-vaca-louca\/","og_site_name":"Federassantas","article_published_time":"2021-11-11T20:06:26+00:00","og_image":[{"width":622,"height":415,"url":"https:\/\/www.federassantas.org.br\/novosite\/wp-content\/uploads\/2022\/09\/thumbnail-default.jpg","type":"image\/jpeg"}],"author":"admin-federas","twitter_card":"summary_large_image","twitter_misc":{"Escrito por":"admin-federas","Est. tempo de leitura":"1 minuto"},"schema":{"@context":"https:\/\/schema.org","@graph":[{"@type":"Article","@id":"https:\/\/www.federassantas.org.br\/novosite\/fiocruz-investiga-pacientes-com-doenca-da-vaca-louca\/#article","isPartOf":{"@id":"https:\/\/www.federassantas.org.br\/novosite\/fiocruz-investiga-pacientes-com-doenca-da-vaca-louca\/"},"author":{"name":"admin-federas","@id":"https:\/\/www.federassantas.org.br\/novosite\/#\/schema\/person\/75fed98158349313fe56175f232f513c"},"headline":"Fiocruz investiga pacientes com doen\u00e7a da vaca louca","datePublished":"2021-11-11T20:06:26+00:00","mainEntityOfPage":{"@id":"https:\/\/www.federassantas.org.br\/novosite\/fiocruz-investiga-pacientes-com-doenca-da-vaca-louca\/"},"wordCount":243,"commentCount":0,"publisher":{"@id":"https:\/\/www.federassantas.org.br\/novosite\/#organization"},"image":{"@id":"https:\/\/www.federassantas.org.br\/novosite\/fiocruz-investiga-pacientes-com-doenca-da-vaca-louca\/#primaryimage"},"thumbnailUrl":"","articleSection":["Not\u00edcias"],"inLanguage":"pt-BR","potentialAction":[{"@type":"CommentAction","name":"Comment","target":["https:\/\/www.federassantas.org.br\/novosite\/fiocruz-investiga-pacientes-com-doenca-da-vaca-louca\/#respond"]}]},{"@type":"WebPage","@id":"https:\/\/www.federassantas.org.br\/novosite\/fiocruz-investiga-pacientes-com-doenca-da-vaca-louca\/","url":"https:\/\/www.federassantas.org.br\/novosite\/fiocruz-investiga-pacientes-com-doenca-da-vaca-louca\/","name":"Fiocruz investiga pacientes com doen\u00e7a da vaca louca - Federassantas","isPartOf":{"@id":"https:\/\/www.federassantas.org.br\/novosite\/#website"},"primaryImageOfPage":{"@id":"https:\/\/www.federassantas.org.br\/novosite\/fiocruz-investiga-pacientes-com-doenca-da-vaca-louca\/#primaryimage"},"image":{"@id":"https:\/\/www.federassantas.org.br\/novosite\/fiocruz-investiga-pacientes-com-doenca-da-vaca-louca\/#primaryimage"},"thumbnailUrl":"","datePublished":"2021-11-11T20:06:26+00:00","breadcrumb":{"@id":"https:\/\/www.federassantas.org.br\/novosite\/fiocruz-investiga-pacientes-com-doenca-da-vaca-louca\/#breadcrumb"},"inLanguage":"pt-BR","potentialAction":[{"@type":"ReadAction","target":["https:\/\/www.federassantas.org.br\/novosite\/fiocruz-investiga-pacientes-com-doenca-da-vaca-louca\/"]}]},{"@type":"ImageObject","inLanguage":"pt-BR","@id":"https:\/\/www.federassantas.org.br\/novosite\/fiocruz-investiga-pacientes-com-doenca-da-vaca-louca\/#primaryimage","url":"","contentUrl":""},{"@type":"BreadcrumbList","@id":"https:\/\/www.federassantas.org.br\/novosite\/fiocruz-investiga-pacientes-com-doenca-da-vaca-louca\/#breadcrumb","itemListElement":[{"@type":"ListItem","position":1,"name":"In\u00edcio","item":"https:\/\/www.federassantas.org.br\/novosite\/"},{"@type":"ListItem","position":2,"name":"Fiocruz investiga pacientes com doen\u00e7a da vaca louca"}]},{"@type":"WebSite","@id":"https:\/\/www.federassantas.org.br\/novosite\/#website","url":"https:\/\/www.federassantas.org.br\/novosite\/","name":"Federassantas","description":"Fed. das Santas Casas e Hospitais Filantr\u00f3picos de MG","publisher":{"@id":"https:\/\/www.federassantas.org.br\/novosite\/#organization"},"potentialAction":[{"@type":"SearchAction","target":{"@type":"EntryPoint","urlTemplate":"https:\/\/www.federassantas.org.br\/novosite\/?s={search_term_string}"},"query-input":{"@type":"PropertyValueSpecification","valueRequired":true,"valueName":"search_term_string"}}],"inLanguage":"pt-BR"},{"@type":"Organization","@id":"https:\/\/www.federassantas.org.br\/novosite\/#organization","name":"Federassantas","url":"https:\/\/www.federassantas.org.br\/novosite\/","logo":{"@type":"ImageObject","inLanguage":"pt-BR","@id":"https:\/\/www.federassantas.org.br\/novosite\/#\/schema\/logo\/image\/","url":"https:\/\/www.federassantas.org.br\/novosite\/wp-content\/uploads\/2021\/12\/logo.png","contentUrl":"https:\/\/www.federassantas.org.br\/novosite\/wp-content\/uploads\/2021\/12\/logo.png","width":243,"height":59,"caption":"Federassantas"},"image":{"@id":"https:\/\/www.federassantas.org.br\/novosite\/#\/schema\/logo\/image\/"}},{"@type":"Person","@id":"https:\/\/www.federassantas.org.br\/novosite\/#\/schema\/person\/75fed98158349313fe56175f232f513c","name":"admin-federas","image":{"@type":"ImageObject","inLanguage":"pt-BR","@id":"https:\/\/www.federassantas.org.br\/novosite\/#\/schema\/person\/image\/","url":"https:\/\/secure.gravatar.com\/avatar\/2a02d7dda59fe8dc6b7ffd3f652e2efede5ccf0dd89dfdc8137c5517f3de8407?s=96&d=mm&r=g","contentUrl":"https:\/\/secure.gravatar.com\/avatar\/2a02d7dda59fe8dc6b7ffd3f652e2efede5ccf0dd89dfdc8137c5517f3de8407?s=96&d=mm&r=g","caption":"admin-federas"},"sameAs":["https:\/\/www.federassantas.org.br\/novosite\/"],"url":"https:\/\/www.federassantas.org.br\/novosite\/author\/admin-federas\/"}]}},"_links":{"self":[{"href":"https:\/\/www.federassantas.org.br\/novosite\/wp-json\/wp\/v2\/posts\/22611","targetHints":{"allow":["GET"]}}],"collection":[{"href":"https:\/\/www.federassantas.org.br\/novosite\/wp-json\/wp\/v2\/posts"}],"about":[{"href":"https:\/\/www.federassantas.org.br\/novosite\/wp-json\/wp\/v2\/types\/post"}],"author":[{"embeddable":true,"href":"https:\/\/www.federassantas.org.br\/novosite\/wp-json\/wp\/v2\/users\/1"}],"replies":[{"embeddable":true,"href":"https:\/\/www.federassantas.org.br\/novosite\/wp-json\/wp\/v2\/comments?post=22611"}],"version-history":[{"count":0,"href":"https:\/\/www.federassantas.org.br\/novosite\/wp-json\/wp\/v2\/posts\/22611\/revisions"}],"wp:featuredmedia":[{"embeddable":true,"href":"https:\/\/www.federassantas.org.br\/novosite\/wp-json\/"}],"wp:attachment":[{"href":"https:\/\/www.federassantas.org.br\/novosite\/wp-json\/wp\/v2\/media?parent=22611"}],"wp:term":[{"taxonomy":"category","embeddable":true,"href":"https:\/\/www.federassantas.org.br\/novosite\/wp-json\/wp\/v2\/categories?post=22611"},{"taxonomy":"post_tag","embeddable":true,"href":"https:\/\/www.federassantas.org.br\/novosite\/wp-json\/wp\/v2\/tags?post=22611"}],"curies":[{"name":"wp","href":"https:\/\/api.w.org\/{rel}","templated":true}]}}