{"id":22613,"date":"2021-11-11T17:09:26","date_gmt":"2021-11-11T20:09:26","guid":{"rendered":"https:\/\/federasbackup.meltcomunicacao.com.br\/?p=22613"},"modified":"2021-11-11T17:09:26","modified_gmt":"2021-11-11T20:09:26","slug":"imunizacao-contra-covid-19-gera-seguranca-para-75-de-brasileiros","status":"publish","type":"post","link":"https:\/\/www.federassantas.org.br\/novosite\/imunizacao-contra-covid-19-gera-seguranca-para-75-de-brasileiros\/","title":{"rendered":"Imuniza\u00e7\u00e3o contra covid-19 gera seguran\u00e7a para 75% de brasileiros"},"content":{"rendered":"\n<p><em>\u00c9 o que mostra pesquisa da Pfizer e da SBIm com 2 mil pessoas<\/em><\/p>\n\n\n\n<p>Um levantamento feito a pedido da Pfizer Brasil e da Sociedade Brasileira de Imuniza\u00e7\u00f5es (SBIm) mostrou que o sentimento de seguran\u00e7a gerado com o aumento na taxa de imuniza\u00e7\u00e3o contra a covid-19 abrange 75% dos 2 mil entrevistados. De acordo com a pesquisa, 65% dos entrevistados sentem-se seguros e 10%, muito seguros com o avan\u00e7o da vacina\u00e7\u00e3o. Outros 20% disseram sentir-se inseguros (18% est\u00e3o inseguros e 2%, muito inseguros) e 6% n\u00e3o responderam.<img decoding=\"async\" src=\"https:\/\/agenciabrasil.ebc.com.br\/ebc.png?id=1427273&amp;o=node\"><img decoding=\"async\" src=\"https:\/\/agenciabrasil.ebc.com.br\/ebc.gif?id=1427273&amp;o=node\"><\/p>\n\n\n\n<p>Apesar disso, ainda h\u00e1 preocupa\u00e7\u00e3o com a possibilidade de uma nova onda de covid-19 para 86% dos entrevistados. A pesquisa indicou que 41% t\u00eam muito medo de uma nova onda de covid-19 e 45% t\u00eam um pouco de medo. As perguntas fazem parte da pesquisa \u201cVacina. Tomar para retomar\u201d e foi respondida pela internet por pessoas com 16 anos ou mais, nas regi\u00f5es Norte, Nordeste, Sudeste, Sul e Centro\u2010Oeste, entre os dias 19 e 29 de outubro de 2021.<\/p>\n\n\n\n<h5 class=\"wp-block-heading\">Retomada<\/h5>\n\n\n\n<p>Tamb\u00e9m ser\u00e1 feita uma campanha de mesmo nome com a exposi\u00e7\u00e3o da Bandeira da Retomada, criada pelo artista pl\u00e1stico paulista Didu Losso, a pedido da Pfizer, para simbolizar a esperan\u00e7a e o otimismo gerados pelo avan\u00e7o da imuniza\u00e7\u00e3o no Brasil. A ideia \u00e9 destacar o papel fundamental das m\u00e1scaras no enfrentamento da pandemia e lembrar que ainda \u00e9 preciso us\u00e1-la. A bandeira ficar\u00e1 exposta entre os dias 12 e 18 de novembro na entrada da&nbsp;<em>Shopping Center<\/em>&nbsp;3, na Avenida Paulista.<\/p>\n\n\n\n<p>Segundo o resultado do question\u00e1rio feito para entender as expectativas e os aprendizados dos brasileiros para o cen\u00e1rio p\u00f3s\u2010pandemia, as sensa\u00e7\u00f5es despertadas pela amplia\u00e7\u00e3o da vacina\u00e7\u00e3o no pa\u00eds s\u00e3o de impacto positivo: esperan\u00e7a em primeiro lugar com 29%; seguida por otimismo com 24%; e al\u00edvio com 16%. S\u00f3 esses tr\u00eas sentimentos somam 69%.<\/p>\n\n\n\n<p>Os dados mostram ainda que h\u00e1 grande expectativa pela retomada nos pr\u00f3ximos meses. Entre as atividades os entrevistados pretendem resgatar em primeiro lugar, com 40% das respostas, a chance dos encontros mais frequentes com a fam\u00edlia e\/ou amigos e a vontade de frequentar espa\u00e7os fechados, como&nbsp;<em>shoppings<\/em>, cinemas, teatros, restaurantes, academias e igrejas.<\/p>\n\n\n\n<p>Em seguida, com 35%, frequentar espa\u00e7os abertos como parques, pra\u00e7as, praias; viajar com 32% e ir a eventos de aglomera\u00e7\u00e3o como&nbsp;<em>shows<\/em>, festas e est\u00e1dios com 23%, ao passo que 18% citaram cursos presenciais e 16%, trabalho presencial. Ainda h\u00e1 15% afirmando que j\u00e1 voltaram a realizar todas as atividades normalmente.<\/p>\n\n\n\n<p>\u201cEsses dados positivos revelam o reconhecimento da popula\u00e7\u00e3o em rela\u00e7\u00e3o \u00e0 contribui\u00e7\u00e3o da ci\u00eancia para a sa\u00fade em geral. Gra\u00e7as \u00e0s novas vacinas contra a covid-19 vidas est\u00e3o sendo poupadas e podemos retomar aos poucos a nossa rotina. Mas vale lembrar que a pandemia ainda n\u00e3o acabou. Portanto \u00e9 de extrema import\u00e2ncia que as medidas de preven\u00e7\u00e3o ainda sejam mantidas\u201d, disse a l\u00edder m\u00e9dica da \u00e1rea de vacinas da Pfizer Brasil, J\u00falia Spinardi.<\/p>\n\n\n\n<p>O levantamento mostrou que para 64% dos internautas a popula\u00e7\u00e3o est\u00e1 mais consciente sobre h\u00e1bitos de sa\u00fade e higiene para a preven\u00e7\u00e3o de doen\u00e7as depois de passar por uma pandemia. Entre h\u00e1bitos adquiridos os de maior probabilidade de serem mantidos ap\u00f3s o fim da pandemia s\u00e3o o uso do \u00e1lcool em gel (58%); lavar as m\u00e3os constantemente ou ao chegar em algum lugar (55%); o uso de m\u00e1scaras, mesmo que eventualmente (40%) e distanciamento social, evitar aglomera\u00e7\u00e3o e contato f\u00edsico desnecess\u00e1rio (31%).<\/p>\n\n\n\n<p>\u201cCom o passar do tempo, muitos h\u00e1bitos ser\u00e3o relaxados e at\u00e9 abandonados, como o distanciamento e a lavagem t\u00e3o frequente das m\u00e3os. Talvez a maior li\u00e7\u00e3o que fique ser\u00e1 os indiv\u00edduos com sintomas gripais terem mais preocupa\u00e7\u00e3o com o pr\u00f3ximo, usando m\u00e1scaras em locais fechados ou transporte p\u00fablico. A conscientiza\u00e7\u00e3o sobre os riscos para grupos mais vulner\u00e1veis deve trazer mudan\u00e7as de comportamento tamb\u00e9m\u201d, afirmou o infectologista e diretor da SBIm, Renato Kfouri.<\/p>\n\n\n\n<p>Pelo menos 72% dos participantes da pesquisa disseram que as&nbsp;<em>fake news<\/em>&nbsp;atrapalham a vacina\u00e7\u00e3o; 49% afirmaram n\u00e3o compartilhar conte\u00fados sobre o tema quando n\u00e3o t\u00eam certeza de que s\u00e3o verdadeiros ou mesmo quando sabem que \u00e9 real. J\u00e1 46% declararam compartilhar, mas s\u00f3 depois de confirmar a veracidade em jornais,&nbsp;<em>sites<\/em>&nbsp;ou com m\u00e9dicos e profissionais de sa\u00fade, enquanto apenas 2% dizem compartilhar mesmo sem saber se \u00e9 verdade.<\/p>\n\n\n\n<p>Questionados sobre quais as principais fontes onde costumam buscar informa\u00e7\u00f5es sobre vacina\u00e7\u00e3o, 60% respondem em \u00f3rg\u00e3os oficiais (como Minist\u00e9rio da Sa\u00fade, Secretarias de Sa\u00fade, Anvisa e Organiza\u00e7\u00e3o Mundial da Sa\u00fade, sociedades m\u00e9dicas ou cient\u00edficas); 53% com profissionais de sa\u00fade (m\u00e9dicos e enfermeiros) e 36% nos ve\u00edculos de comunica\u00e7\u00e3o (r\u00e1dio, TV, revista, jornal e internet).<\/p>\n\n\n\n<p><\/p>\n\n\n\n<p>Fonte: <a href=\"https:\/\/agenciabrasil.ebc.com.br\/saude\/noticia\/2021-11\/saude-imunizacao-contra-covid-19-gera-seguranca-para-75-de-brasileiros\" target=\"_blank\" rel=\"noreferrer noopener\">Ag\u00eancia Brasil<\/a><\/p>\n","protected":false},"excerpt":{"rendered":"<p>\u00c9 o que mostra pesquisa da Pfizer e da SBIm com 2 mil pessoas Um levantamento feito a pedido da Pfizer Brasil e da Sociedade Brasileira de Imuniza\u00e7\u00f5es (SBIm) mostrou que o sentimento de seguran\u00e7a gerado com o aumento na taxa de imuniza\u00e7\u00e3o contra a covid-19 abrange 75% dos 2 mil entrevistados. De acordo com [&hellip;]<\/p>\n","protected":false},"author":1,"featured_media":22614,"comment_status":"open","ping_status":"open","sticky":false,"template":"","format":"standard","meta":{"footnotes":""},"categories":[140],"tags":[],"class_list":["post-22613","post","type-post","status-publish","format-standard","has-post-thumbnail","hentry","category-noticias"],"yoast_head":"<!-- This site is optimized with the Yoast SEO plugin v26.9 - https:\/\/yoast.com\/product\/yoast-seo-wordpress\/ -->\n<title>Imuniza\u00e7\u00e3o contra covid-19 gera seguran\u00e7a para 75% de brasileiros - Federassantas<\/title>\n<meta name=\"robots\" content=\"index, follow, max-snippet:-1, max-image-preview:large, max-video-preview:-1\" \/>\n<link rel=\"canonical\" href=\"https:\/\/www.federassantas.org.br\/novosite\/imunizacao-contra-covid-19-gera-seguranca-para-75-de-brasileiros\/\" \/>\n<meta property=\"og:locale\" content=\"pt_BR\" \/>\n<meta property=\"og:type\" content=\"article\" \/>\n<meta property=\"og:title\" content=\"Imuniza\u00e7\u00e3o contra covid-19 gera seguran\u00e7a para 75% de brasileiros - Federassantas\" \/>\n<meta property=\"og:description\" content=\"\u00c9 o que mostra pesquisa da Pfizer e da SBIm com 2 mil pessoas Um levantamento feito a pedido da Pfizer Brasil e da Sociedade Brasileira de Imuniza\u00e7\u00f5es (SBIm) mostrou que o sentimento de seguran\u00e7a gerado com o aumento na taxa de imuniza\u00e7\u00e3o contra a covid-19 abrange 75% dos 2 mil entrevistados. De acordo com [&hellip;]\" \/>\n<meta property=\"og:url\" content=\"https:\/\/www.federassantas.org.br\/novosite\/imunizacao-contra-covid-19-gera-seguranca-para-75-de-brasileiros\/\" \/>\n<meta property=\"og:site_name\" content=\"Federassantas\" \/>\n<meta property=\"article:published_time\" content=\"2021-11-11T20:09:26+00:00\" \/>\n<meta name=\"author\" content=\"admin-federas\" \/>\n<meta name=\"twitter:card\" content=\"summary_large_image\" \/>\n<meta name=\"twitter:label1\" content=\"Escrito por\" \/>\n\t<meta name=\"twitter:data1\" content=\"admin-federas\" \/>\n\t<meta name=\"twitter:label2\" content=\"Est. tempo de leitura\" \/>\n\t<meta name=\"twitter:data2\" content=\"4 minutos\" \/>\n<script type=\"application\/ld+json\" class=\"yoast-schema-graph\">{\"@context\":\"https:\/\/schema.org\",\"@graph\":[{\"@type\":\"Article\",\"@id\":\"https:\/\/www.federassantas.org.br\/novosite\/imunizacao-contra-covid-19-gera-seguranca-para-75-de-brasileiros\/#article\",\"isPartOf\":{\"@id\":\"https:\/\/www.federassantas.org.br\/novosite\/imunizacao-contra-covid-19-gera-seguranca-para-75-de-brasileiros\/\"},\"author\":{\"name\":\"admin-federas\",\"@id\":\"https:\/\/www.federassantas.org.br\/novosite\/#\/schema\/person\/75fed98158349313fe56175f232f513c\"},\"headline\":\"Imuniza\u00e7\u00e3o contra covid-19 gera seguran\u00e7a para 75% de brasileiros\",\"datePublished\":\"2021-11-11T20:09:26+00:00\",\"mainEntityOfPage\":{\"@id\":\"https:\/\/www.federassantas.org.br\/novosite\/imunizacao-contra-covid-19-gera-seguranca-para-75-de-brasileiros\/\"},\"wordCount\":832,\"commentCount\":0,\"publisher\":{\"@id\":\"https:\/\/www.federassantas.org.br\/novosite\/#organization\"},\"image\":{\"@id\":\"https:\/\/www.federassantas.org.br\/novosite\/imunizacao-contra-covid-19-gera-seguranca-para-75-de-brasileiros\/#primaryimage\"},\"thumbnailUrl\":\"\",\"articleSection\":[\"Not\u00edcias\"],\"inLanguage\":\"pt-BR\",\"potentialAction\":[{\"@type\":\"CommentAction\",\"name\":\"Comment\",\"target\":[\"https:\/\/www.federassantas.org.br\/novosite\/imunizacao-contra-covid-19-gera-seguranca-para-75-de-brasileiros\/#respond\"]}]},{\"@type\":\"WebPage\",\"@id\":\"https:\/\/www.federassantas.org.br\/novosite\/imunizacao-contra-covid-19-gera-seguranca-para-75-de-brasileiros\/\",\"url\":\"https:\/\/www.federassantas.org.br\/novosite\/imunizacao-contra-covid-19-gera-seguranca-para-75-de-brasileiros\/\",\"name\":\"Imuniza\u00e7\u00e3o contra covid-19 gera seguran\u00e7a para 75% de brasileiros - Federassantas\",\"isPartOf\":{\"@id\":\"https:\/\/www.federassantas.org.br\/novosite\/#website\"},\"primaryImageOfPage\":{\"@id\":\"https:\/\/www.federassantas.org.br\/novosite\/imunizacao-contra-covid-19-gera-seguranca-para-75-de-brasileiros\/#primaryimage\"},\"image\":{\"@id\":\"https:\/\/www.federassantas.org.br\/novosite\/imunizacao-contra-covid-19-gera-seguranca-para-75-de-brasileiros\/#primaryimage\"},\"thumbnailUrl\":\"\",\"datePublished\":\"2021-11-11T20:09:26+00:00\",\"breadcrumb\":{\"@id\":\"https:\/\/www.federassantas.org.br\/novosite\/imunizacao-contra-covid-19-gera-seguranca-para-75-de-brasileiros\/#breadcrumb\"},\"inLanguage\":\"pt-BR\",\"potentialAction\":[{\"@type\":\"ReadAction\",\"target\":[\"https:\/\/www.federassantas.org.br\/novosite\/imunizacao-contra-covid-19-gera-seguranca-para-75-de-brasileiros\/\"]}]},{\"@type\":\"ImageObject\",\"inLanguage\":\"pt-BR\",\"@id\":\"https:\/\/www.federassantas.org.br\/novosite\/imunizacao-contra-covid-19-gera-seguranca-para-75-de-brasileiros\/#primaryimage\",\"url\":\"\",\"contentUrl\":\"\"},{\"@type\":\"BreadcrumbList\",\"@id\":\"https:\/\/www.federassantas.org.br\/novosite\/imunizacao-contra-covid-19-gera-seguranca-para-75-de-brasileiros\/#breadcrumb\",\"itemListElement\":[{\"@type\":\"ListItem\",\"position\":1,\"name\":\"In\u00edcio\",\"item\":\"https:\/\/www.federassantas.org.br\/novosite\/\"},{\"@type\":\"ListItem\",\"position\":2,\"name\":\"Imuniza\u00e7\u00e3o contra covid-19 gera seguran\u00e7a para 75% de brasileiros\"}]},{\"@type\":\"WebSite\",\"@id\":\"https:\/\/www.federassantas.org.br\/novosite\/#website\",\"url\":\"https:\/\/www.federassantas.org.br\/novosite\/\",\"name\":\"Federassantas\",\"description\":\"Fed. das Santas Casas e Hospitais Filantr\u00f3picos de MG\",\"publisher\":{\"@id\":\"https:\/\/www.federassantas.org.br\/novosite\/#organization\"},\"potentialAction\":[{\"@type\":\"SearchAction\",\"target\":{\"@type\":\"EntryPoint\",\"urlTemplate\":\"https:\/\/www.federassantas.org.br\/novosite\/?s={search_term_string}\"},\"query-input\":{\"@type\":\"PropertyValueSpecification\",\"valueRequired\":true,\"valueName\":\"search_term_string\"}}],\"inLanguage\":\"pt-BR\"},{\"@type\":\"Organization\",\"@id\":\"https:\/\/www.federassantas.org.br\/novosite\/#organization\",\"name\":\"Federassantas\",\"url\":\"https:\/\/www.federassantas.org.br\/novosite\/\",\"logo\":{\"@type\":\"ImageObject\",\"inLanguage\":\"pt-BR\",\"@id\":\"https:\/\/www.federassantas.org.br\/novosite\/#\/schema\/logo\/image\/\",\"url\":\"https:\/\/www.federassantas.org.br\/novosite\/wp-content\/uploads\/2021\/12\/logo.png\",\"contentUrl\":\"https:\/\/www.federassantas.org.br\/novosite\/wp-content\/uploads\/2021\/12\/logo.png\",\"width\":243,\"height\":59,\"caption\":\"Federassantas\"},\"image\":{\"@id\":\"https:\/\/www.federassantas.org.br\/novosite\/#\/schema\/logo\/image\/\"}},{\"@type\":\"Person\",\"@id\":\"https:\/\/www.federassantas.org.br\/novosite\/#\/schema\/person\/75fed98158349313fe56175f232f513c\",\"name\":\"admin-federas\",\"image\":{\"@type\":\"ImageObject\",\"inLanguage\":\"pt-BR\",\"@id\":\"https:\/\/www.federassantas.org.br\/novosite\/#\/schema\/person\/image\/\",\"url\":\"https:\/\/secure.gravatar.com\/avatar\/2a02d7dda59fe8dc6b7ffd3f652e2efede5ccf0dd89dfdc8137c5517f3de8407?s=96&d=mm&r=g\",\"contentUrl\":\"https:\/\/secure.gravatar.com\/avatar\/2a02d7dda59fe8dc6b7ffd3f652e2efede5ccf0dd89dfdc8137c5517f3de8407?s=96&d=mm&r=g\",\"caption\":\"admin-federas\"},\"sameAs\":[\"https:\/\/www.federassantas.org.br\/novosite\/\"],\"url\":\"https:\/\/www.federassantas.org.br\/novosite\/author\/admin-federas\/\"}]}<\/script>\n<!-- \/ Yoast SEO plugin. -->","yoast_head_json":{"title":"Imuniza\u00e7\u00e3o contra covid-19 gera seguran\u00e7a para 75% de brasileiros - Federassantas","robots":{"index":"index","follow":"follow","max-snippet":"max-snippet:-1","max-image-preview":"max-image-preview:large","max-video-preview":"max-video-preview:-1"},"canonical":"https:\/\/www.federassantas.org.br\/novosite\/imunizacao-contra-covid-19-gera-seguranca-para-75-de-brasileiros\/","og_locale":"pt_BR","og_type":"article","og_title":"Imuniza\u00e7\u00e3o contra covid-19 gera seguran\u00e7a para 75% de brasileiros - Federassantas","og_description":"\u00c9 o que mostra pesquisa da Pfizer e da SBIm com 2 mil pessoas Um levantamento feito a pedido da Pfizer Brasil e da Sociedade Brasileira de Imuniza\u00e7\u00f5es (SBIm) mostrou que o sentimento de seguran\u00e7a gerado com o aumento na taxa de imuniza\u00e7\u00e3o contra a covid-19 abrange 75% dos 2 mil entrevistados. De acordo com [&hellip;]","og_url":"https:\/\/www.federassantas.org.br\/novosite\/imunizacao-contra-covid-19-gera-seguranca-para-75-de-brasileiros\/","og_site_name":"Federassantas","article_published_time":"2021-11-11T20:09:26+00:00","author":"admin-federas","twitter_card":"summary_large_image","twitter_misc":{"Escrito por":"admin-federas","Est. tempo de leitura":"4 minutos"},"schema":{"@context":"https:\/\/schema.org","@graph":[{"@type":"Article","@id":"https:\/\/www.federassantas.org.br\/novosite\/imunizacao-contra-covid-19-gera-seguranca-para-75-de-brasileiros\/#article","isPartOf":{"@id":"https:\/\/www.federassantas.org.br\/novosite\/imunizacao-contra-covid-19-gera-seguranca-para-75-de-brasileiros\/"},"author":{"name":"admin-federas","@id":"https:\/\/www.federassantas.org.br\/novosite\/#\/schema\/person\/75fed98158349313fe56175f232f513c"},"headline":"Imuniza\u00e7\u00e3o contra covid-19 gera seguran\u00e7a para 75% de brasileiros","datePublished":"2021-11-11T20:09:26+00:00","mainEntityOfPage":{"@id":"https:\/\/www.federassantas.org.br\/novosite\/imunizacao-contra-covid-19-gera-seguranca-para-75-de-brasileiros\/"},"wordCount":832,"commentCount":0,"publisher":{"@id":"https:\/\/www.federassantas.org.br\/novosite\/#organization"},"image":{"@id":"https:\/\/www.federassantas.org.br\/novosite\/imunizacao-contra-covid-19-gera-seguranca-para-75-de-brasileiros\/#primaryimage"},"thumbnailUrl":"","articleSection":["Not\u00edcias"],"inLanguage":"pt-BR","potentialAction":[{"@type":"CommentAction","name":"Comment","target":["https:\/\/www.federassantas.org.br\/novosite\/imunizacao-contra-covid-19-gera-seguranca-para-75-de-brasileiros\/#respond"]}]},{"@type":"WebPage","@id":"https:\/\/www.federassantas.org.br\/novosite\/imunizacao-contra-covid-19-gera-seguranca-para-75-de-brasileiros\/","url":"https:\/\/www.federassantas.org.br\/novosite\/imunizacao-contra-covid-19-gera-seguranca-para-75-de-brasileiros\/","name":"Imuniza\u00e7\u00e3o contra covid-19 gera seguran\u00e7a para 75% de brasileiros - Federassantas","isPartOf":{"@id":"https:\/\/www.federassantas.org.br\/novosite\/#website"},"primaryImageOfPage":{"@id":"https:\/\/www.federassantas.org.br\/novosite\/imunizacao-contra-covid-19-gera-seguranca-para-75-de-brasileiros\/#primaryimage"},"image":{"@id":"https:\/\/www.federassantas.org.br\/novosite\/imunizacao-contra-covid-19-gera-seguranca-para-75-de-brasileiros\/#primaryimage"},"thumbnailUrl":"","datePublished":"2021-11-11T20:09:26+00:00","breadcrumb":{"@id":"https:\/\/www.federassantas.org.br\/novosite\/imunizacao-contra-covid-19-gera-seguranca-para-75-de-brasileiros\/#breadcrumb"},"inLanguage":"pt-BR","potentialAction":[{"@type":"ReadAction","target":["https:\/\/www.federassantas.org.br\/novosite\/imunizacao-contra-covid-19-gera-seguranca-para-75-de-brasileiros\/"]}]},{"@type":"ImageObject","inLanguage":"pt-BR","@id":"https:\/\/www.federassantas.org.br\/novosite\/imunizacao-contra-covid-19-gera-seguranca-para-75-de-brasileiros\/#primaryimage","url":"","contentUrl":""},{"@type":"BreadcrumbList","@id":"https:\/\/www.federassantas.org.br\/novosite\/imunizacao-contra-covid-19-gera-seguranca-para-75-de-brasileiros\/#breadcrumb","itemListElement":[{"@type":"ListItem","position":1,"name":"In\u00edcio","item":"https:\/\/www.federassantas.org.br\/novosite\/"},{"@type":"ListItem","position":2,"name":"Imuniza\u00e7\u00e3o contra covid-19 gera seguran\u00e7a para 75% de brasileiros"}]},{"@type":"WebSite","@id":"https:\/\/www.federassantas.org.br\/novosite\/#website","url":"https:\/\/www.federassantas.org.br\/novosite\/","name":"Federassantas","description":"Fed. das Santas Casas e Hospitais Filantr\u00f3picos de MG","publisher":{"@id":"https:\/\/www.federassantas.org.br\/novosite\/#organization"},"potentialAction":[{"@type":"SearchAction","target":{"@type":"EntryPoint","urlTemplate":"https:\/\/www.federassantas.org.br\/novosite\/?s={search_term_string}"},"query-input":{"@type":"PropertyValueSpecification","valueRequired":true,"valueName":"search_term_string"}}],"inLanguage":"pt-BR"},{"@type":"Organization","@id":"https:\/\/www.federassantas.org.br\/novosite\/#organization","name":"Federassantas","url":"https:\/\/www.federassantas.org.br\/novosite\/","logo":{"@type":"ImageObject","inLanguage":"pt-BR","@id":"https:\/\/www.federassantas.org.br\/novosite\/#\/schema\/logo\/image\/","url":"https:\/\/www.federassantas.org.br\/novosite\/wp-content\/uploads\/2021\/12\/logo.png","contentUrl":"https:\/\/www.federassantas.org.br\/novosite\/wp-content\/uploads\/2021\/12\/logo.png","width":243,"height":59,"caption":"Federassantas"},"image":{"@id":"https:\/\/www.federassantas.org.br\/novosite\/#\/schema\/logo\/image\/"}},{"@type":"Person","@id":"https:\/\/www.federassantas.org.br\/novosite\/#\/schema\/person\/75fed98158349313fe56175f232f513c","name":"admin-federas","image":{"@type":"ImageObject","inLanguage":"pt-BR","@id":"https:\/\/www.federassantas.org.br\/novosite\/#\/schema\/person\/image\/","url":"https:\/\/secure.gravatar.com\/avatar\/2a02d7dda59fe8dc6b7ffd3f652e2efede5ccf0dd89dfdc8137c5517f3de8407?s=96&d=mm&r=g","contentUrl":"https:\/\/secure.gravatar.com\/avatar\/2a02d7dda59fe8dc6b7ffd3f652e2efede5ccf0dd89dfdc8137c5517f3de8407?s=96&d=mm&r=g","caption":"admin-federas"},"sameAs":["https:\/\/www.federassantas.org.br\/novosite\/"],"url":"https:\/\/www.federassantas.org.br\/novosite\/author\/admin-federas\/"}]}},"_links":{"self":[{"href":"https:\/\/www.federassantas.org.br\/novosite\/wp-json\/wp\/v2\/posts\/22613","targetHints":{"allow":["GET"]}}],"collection":[{"href":"https:\/\/www.federassantas.org.br\/novosite\/wp-json\/wp\/v2\/posts"}],"about":[{"href":"https:\/\/www.federassantas.org.br\/novosite\/wp-json\/wp\/v2\/types\/post"}],"author":[{"embeddable":true,"href":"https:\/\/www.federassantas.org.br\/novosite\/wp-json\/wp\/v2\/users\/1"}],"replies":[{"embeddable":true,"href":"https:\/\/www.federassantas.org.br\/novosite\/wp-json\/wp\/v2\/comments?post=22613"}],"version-history":[{"count":0,"href":"https:\/\/www.federassantas.org.br\/novosite\/wp-json\/wp\/v2\/posts\/22613\/revisions"}],"wp:featuredmedia":[{"embeddable":true,"href":"https:\/\/www.federassantas.org.br\/novosite\/wp-json\/"}],"wp:attachment":[{"href":"https:\/\/www.federassantas.org.br\/novosite\/wp-json\/wp\/v2\/media?parent=22613"}],"wp:term":[{"taxonomy":"category","embeddable":true,"href":"https:\/\/www.federassantas.org.br\/novosite\/wp-json\/wp\/v2\/categories?post=22613"},{"taxonomy":"post_tag","embeddable":true,"href":"https:\/\/www.federassantas.org.br\/novosite\/wp-json\/wp\/v2\/tags?post=22613"}],"curies":[{"name":"wp","href":"https:\/\/api.w.org\/{rel}","templated":true}]}}