{"id":22616,"date":"2021-11-11T17:14:01","date_gmt":"2021-11-11T20:14:01","guid":{"rendered":"https:\/\/federasbackup.meltcomunicacao.com.br\/?p=22616"},"modified":"2021-11-11T17:14:01","modified_gmt":"2021-11-11T20:14:01","slug":"dermatite-atopica-pode-comprometer-qualidade-de-vida-de-criancas","status":"publish","type":"post","link":"https:\/\/www.federassantas.org.br\/novosite\/dermatite-atopica-pode-comprometer-qualidade-de-vida-de-criancas\/","title":{"rendered":"Dermatite at\u00f3pica pode comprometer qualidade de vida de crian\u00e7as"},"content":{"rendered":"\n<p><em>Calor e tempo seco agravam ainda mais os sintomas e aumentam atendimento no Hospital Infantil Jo\u00e3o Paulo II<\/em><\/p>\n\n\n\n<p><\/p>\n\n\n\n<p>Imagina uma coceira t\u00e3o intensa que chega a causar feridas pelo corpo, atrapalhando a qualidade do sono e das atividades di\u00e1rias. Assim \u00e9 a vida de quem tem dermatite at\u00f3pica, que atinge cerca de 20% das crian\u00e7as e 3% de adultos nos pa\u00edses desenvolvidos. Somente no Pronto Atendimento do Hospital Infantil Jo\u00e3o Paulo II (HIJPII), da Funda\u00e7\u00e3o Hospitalar do Estado de Minas Gerais (Fhemig), s\u00e3o atendidas em m\u00e9dia 35 crian\u00e7as por m\u00eas com sintomas da doen\u00e7a.\u00a0<\/p>\n\n\n\n<p>Davi Gomes Dias, de 10 anos, \u00e9 uma delas. Ele tem dermatite at\u00f3pica grave, desde que nasceu, e faz tratamento no HIJPII. \u201cO atendimento \u00e9 excelente. Todo m\u00eas meu filho \u00e9 avaliado pela dermatologista do hospital\u201d, afirma a m\u00e3e, Silvana Gon\u00e7alves Gomes. Segundo ela, h\u00e1 quatro anos ele teve uma piora no quadro de sa\u00fade, sofrendo crises frequentes e passou por quatro interna\u00e7\u00f5es em um per\u00edodo de um ano. \u201cJ\u00e1 tentamos v\u00e1rios tipos de tratamento. No momento, ele vem tomando inje\u00e7\u00f5es a cada 15 dias, mas n\u00e3o temos visto muito efeito, pois foi necess\u00e1rio iniciar tratamento tamb\u00e9m com antibi\u00f3ticos devido a uma infec\u00e7\u00e3o que ele teve na face h\u00e1 alguns dias\u201d, afirma a m\u00e3e.&nbsp;<\/p>\n\n\n\n<p>Para Davi, atividades comuns na idade dele, como brincar e ir \u00e0 escola s\u00e3o quase imposs\u00edveis de serem realizadas. E o quadro fica ainda pior com o tempo quente e seco. \u201cPara ele, \u00e9 muito desconfort\u00e1vel brincar, pois o sangue agita, causando mais coceiras na pele. Ele fica nervoso, chora e acaba se ferindo ao co\u00e7ar. Ir \u00e0 escola, nem pensar, j\u00e1 que vestir roupa \u00e9 um tormento. Em casa, ele normalmente fica s\u00f3 de shortinho ou cueca\u201d, relata a m\u00e3e.&nbsp;<\/p>\n\n\n\n<p>Al\u00e9m disso, s\u00e3o necess\u00e1rios cuidados especiais no seu dia a dia. \u201cO suor piora muito o quadro do Davi. Com esse calor intenso, precisamos coloc\u00e1-lo para tomar banho v\u00e1rias vezes ao dia para realizar a hidrata\u00e7\u00e3o da pele. Por\u00e9m, o banho precisa ser r\u00e1pido e com \u00e1gua fria, sen\u00e3o o efeito pode ser contr\u00e1rio. Tamb\u00e9m precisamos ser bem cuidadosos com a higiene, mantendo as suas unhas sempre bem cortadas, a casa bem limpa, e as roupas lavadas com sab\u00e3o de coco e passadas com ferro\u201d, explica Silvana.&nbsp;<\/p>\n\n\n\n<p>De acordo com a dermatologista do Hospital Infantil Jo\u00e3o Paulo II (HIJPII) Amanda Ladeira a dermatite at\u00f3pica normalmente surge no primeiro ano de vida e desaparece na adolesc\u00eancia. \u201c\u00c9 uma doen\u00e7a cr\u00f4nica caracterizada por manchas na pele, coceira e pele seca. Em geral, at\u00e9 os 2 anos de idade, as manchas predominam na face e nas regi\u00f5es extensoras dos bra\u00e7os e pernas. Ap\u00f3s esse per\u00edodo, ela passa a acometer especialmente o pesco\u00e7o e as dobras dos bra\u00e7os e joelhos. No entanto, aproximadamente 70% das crian\u00e7as se curam na adolesc\u00eancia, podendo, em alguns casos, retornar na vida adulta, principalmente por quest\u00f5es emocionais\u201d, explica a m\u00e9dica.&nbsp;&nbsp;<\/p>\n\n\n\n<p>Ainda segundo ela, grande parte dos pacientes possui hist\u00f3rico familiar ou pessoal relacionados a doen\u00e7as al\u00e9rgicas como asma, alergia alimentar e rinite, podendo tamb\u00e9m estar associada, em at\u00e9 50% dos casos, \u00e0 defici\u00eancia de filagrina &#8211; prote\u00edna essencial para a manuten\u00e7\u00e3o da barreira cut\u00e2nea.&nbsp;<\/p>\n\n\n\n<p>Para evitar a piora do quadro, pessoas com dermatite at\u00f3pica devem manter a pele sempre bem hidratada. Al\u00e9m disso, evitar locais com ar condicionado e manter as janelas sempre abertas para refrescar o ambiente tamb\u00e9m ajuda.<\/p>\n\n\n\n<p>Apesar da maioria dos pacientes apresentar um grau leve e mais controlado da doen\u00e7a, casos moderados ou graves, como o do Davi, podem causar um grande comprometimento na qualidade de vida, especialmente em rela\u00e7\u00e3o \u00e0s atividades sociais.&nbsp;<\/p>\n\n\n\n<p><strong>Preconceito<\/strong><\/p>\n\n\n\n<p>Por ser uma doen\u00e7a que pode causar feridas, bolhas, inflama\u00e7\u00e3o e altera\u00e7\u00f5es na cor da pele, \u00e9 quase inevit\u00e1vel escapar dos olhares das pessoas, que muitas vezes podem se afastar por acreditar que se trata de uma doen\u00e7a contagiosa.&nbsp;<\/p>\n\n\n\n<p>\u201cAs crian\u00e7as s\u00e3o bem curiosas e s\u00e3o frequentes as perguntas sobre o que aconteceu com ele e o porqu\u00ea de ele estar com a pele daquele jeito. Temos muito medo que o Davi acabe sofrendo \u2018bullying\u2019, ou que os pais de outras crian\u00e7as afastem seus filhos por achar que \u00e9 algo contagioso, e isso afetar o psicol\u00f3gico dele\u201d, afirma a m\u00e3e.<\/p>\n\n\n\n<p>No entanto, a dermatologista ressalta. \u201c\u00c9 importante deixar claro que a dermatite at\u00f3pica n\u00e3o \u00e9 transmitida de uma pessoa para a outra. Ou seja, n\u00e3o \u00e9 uma doen\u00e7a contagiosa\u201d, conclui.<\/p>\n\n\n\n<p>Por Aline Castro Alves &#8211; <a href=\"https:\/\/www.saude.mg.gov.br\/component\/gmg\/story\/15891-dermatite-atopica-pode-comprometer-qualidade-de-vida-de-criancas\" target=\"_blank\" rel=\"noreferrer noopener\">SES-MG<\/a><\/p>\n","protected":false},"excerpt":{"rendered":"<p>Calor e tempo seco agravam ainda mais os sintomas e aumentam atendimento no Hospital Infantil Jo\u00e3o Paulo II Imagina uma coceira t\u00e3o intensa que chega a causar feridas pelo corpo, atrapalhando a qualidade do sono e das atividades di\u00e1rias. Assim \u00e9 a vida de quem tem dermatite at\u00f3pica, que atinge cerca de 20% das crian\u00e7as [&hellip;]<\/p>\n","protected":false},"author":1,"featured_media":22617,"comment_status":"open","ping_status":"open","sticky":false,"template":"","format":"standard","meta":{"footnotes":""},"categories":[140],"tags":[],"class_list":["post-22616","post","type-post","status-publish","format-standard","has-post-thumbnail","hentry","category-noticias"],"yoast_head":"<!-- This site is optimized with the Yoast SEO plugin v26.9 - https:\/\/yoast.com\/product\/yoast-seo-wordpress\/ -->\n<title>Dermatite at\u00f3pica pode comprometer qualidade de vida de crian\u00e7as - Federassantas<\/title>\n<meta name=\"robots\" content=\"index, follow, max-snippet:-1, max-image-preview:large, max-video-preview:-1\" \/>\n<link rel=\"canonical\" href=\"https:\/\/www.federassantas.org.br\/novosite\/dermatite-atopica-pode-comprometer-qualidade-de-vida-de-criancas\/\" \/>\n<meta property=\"og:locale\" content=\"pt_BR\" \/>\n<meta property=\"og:type\" content=\"article\" \/>\n<meta property=\"og:title\" content=\"Dermatite at\u00f3pica pode comprometer qualidade de vida de crian\u00e7as - Federassantas\" \/>\n<meta property=\"og:description\" content=\"Calor e tempo seco agravam ainda mais os sintomas e aumentam atendimento no Hospital Infantil Jo\u00e3o Paulo II Imagina uma coceira t\u00e3o intensa que chega a causar feridas pelo corpo, atrapalhando a qualidade do sono e das atividades di\u00e1rias. Assim \u00e9 a vida de quem tem dermatite at\u00f3pica, que atinge cerca de 20% das crian\u00e7as [&hellip;]\" \/>\n<meta property=\"og:url\" content=\"https:\/\/www.federassantas.org.br\/novosite\/dermatite-atopica-pode-comprometer-qualidade-de-vida-de-criancas\/\" \/>\n<meta property=\"og:site_name\" content=\"Federassantas\" \/>\n<meta property=\"article:published_time\" content=\"2021-11-11T20:14:01+00:00\" \/>\n<meta name=\"author\" content=\"admin-federas\" \/>\n<meta name=\"twitter:card\" content=\"summary_large_image\" \/>\n<meta name=\"twitter:label1\" content=\"Escrito por\" \/>\n\t<meta name=\"twitter:data1\" content=\"admin-federas\" \/>\n\t<meta name=\"twitter:label2\" content=\"Est. tempo de leitura\" \/>\n\t<meta name=\"twitter:data2\" content=\"4 minutos\" \/>\n<script type=\"application\/ld+json\" class=\"yoast-schema-graph\">{\"@context\":\"https:\/\/schema.org\",\"@graph\":[{\"@type\":\"Article\",\"@id\":\"https:\/\/www.federassantas.org.br\/novosite\/dermatite-atopica-pode-comprometer-qualidade-de-vida-de-criancas\/#article\",\"isPartOf\":{\"@id\":\"https:\/\/www.federassantas.org.br\/novosite\/dermatite-atopica-pode-comprometer-qualidade-de-vida-de-criancas\/\"},\"author\":{\"name\":\"admin-federas\",\"@id\":\"https:\/\/www.federassantas.org.br\/novosite\/#\/schema\/person\/75fed98158349313fe56175f232f513c\"},\"headline\":\"Dermatite at\u00f3pica pode comprometer qualidade de vida de crian\u00e7as\",\"datePublished\":\"2021-11-11T20:14:01+00:00\",\"mainEntityOfPage\":{\"@id\":\"https:\/\/www.federassantas.org.br\/novosite\/dermatite-atopica-pode-comprometer-qualidade-de-vida-de-criancas\/\"},\"wordCount\":818,\"commentCount\":0,\"publisher\":{\"@id\":\"https:\/\/www.federassantas.org.br\/novosite\/#organization\"},\"image\":{\"@id\":\"https:\/\/www.federassantas.org.br\/novosite\/dermatite-atopica-pode-comprometer-qualidade-de-vida-de-criancas\/#primaryimage\"},\"thumbnailUrl\":\"\",\"articleSection\":[\"Not\u00edcias\"],\"inLanguage\":\"pt-BR\",\"potentialAction\":[{\"@type\":\"CommentAction\",\"name\":\"Comment\",\"target\":[\"https:\/\/www.federassantas.org.br\/novosite\/dermatite-atopica-pode-comprometer-qualidade-de-vida-de-criancas\/#respond\"]}]},{\"@type\":\"WebPage\",\"@id\":\"https:\/\/www.federassantas.org.br\/novosite\/dermatite-atopica-pode-comprometer-qualidade-de-vida-de-criancas\/\",\"url\":\"https:\/\/www.federassantas.org.br\/novosite\/dermatite-atopica-pode-comprometer-qualidade-de-vida-de-criancas\/\",\"name\":\"Dermatite at\u00f3pica pode comprometer qualidade de vida de crian\u00e7as - Federassantas\",\"isPartOf\":{\"@id\":\"https:\/\/www.federassantas.org.br\/novosite\/#website\"},\"primaryImageOfPage\":{\"@id\":\"https:\/\/www.federassantas.org.br\/novosite\/dermatite-atopica-pode-comprometer-qualidade-de-vida-de-criancas\/#primaryimage\"},\"image\":{\"@id\":\"https:\/\/www.federassantas.org.br\/novosite\/dermatite-atopica-pode-comprometer-qualidade-de-vida-de-criancas\/#primaryimage\"},\"thumbnailUrl\":\"\",\"datePublished\":\"2021-11-11T20:14:01+00:00\",\"breadcrumb\":{\"@id\":\"https:\/\/www.federassantas.org.br\/novosite\/dermatite-atopica-pode-comprometer-qualidade-de-vida-de-criancas\/#breadcrumb\"},\"inLanguage\":\"pt-BR\",\"potentialAction\":[{\"@type\":\"ReadAction\",\"target\":[\"https:\/\/www.federassantas.org.br\/novosite\/dermatite-atopica-pode-comprometer-qualidade-de-vida-de-criancas\/\"]}]},{\"@type\":\"ImageObject\",\"inLanguage\":\"pt-BR\",\"@id\":\"https:\/\/www.federassantas.org.br\/novosite\/dermatite-atopica-pode-comprometer-qualidade-de-vida-de-criancas\/#primaryimage\",\"url\":\"\",\"contentUrl\":\"\"},{\"@type\":\"BreadcrumbList\",\"@id\":\"https:\/\/www.federassantas.org.br\/novosite\/dermatite-atopica-pode-comprometer-qualidade-de-vida-de-criancas\/#breadcrumb\",\"itemListElement\":[{\"@type\":\"ListItem\",\"position\":1,\"name\":\"In\u00edcio\",\"item\":\"https:\/\/www.federassantas.org.br\/novosite\/\"},{\"@type\":\"ListItem\",\"position\":2,\"name\":\"Dermatite at\u00f3pica pode comprometer qualidade de vida de crian\u00e7as\"}]},{\"@type\":\"WebSite\",\"@id\":\"https:\/\/www.federassantas.org.br\/novosite\/#website\",\"url\":\"https:\/\/www.federassantas.org.br\/novosite\/\",\"name\":\"Federassantas\",\"description\":\"Fed. das Santas Casas e Hospitais Filantr\u00f3picos de MG\",\"publisher\":{\"@id\":\"https:\/\/www.federassantas.org.br\/novosite\/#organization\"},\"potentialAction\":[{\"@type\":\"SearchAction\",\"target\":{\"@type\":\"EntryPoint\",\"urlTemplate\":\"https:\/\/www.federassantas.org.br\/novosite\/?s={search_term_string}\"},\"query-input\":{\"@type\":\"PropertyValueSpecification\",\"valueRequired\":true,\"valueName\":\"search_term_string\"}}],\"inLanguage\":\"pt-BR\"},{\"@type\":\"Organization\",\"@id\":\"https:\/\/www.federassantas.org.br\/novosite\/#organization\",\"name\":\"Federassantas\",\"url\":\"https:\/\/www.federassantas.org.br\/novosite\/\",\"logo\":{\"@type\":\"ImageObject\",\"inLanguage\":\"pt-BR\",\"@id\":\"https:\/\/www.federassantas.org.br\/novosite\/#\/schema\/logo\/image\/\",\"url\":\"https:\/\/www.federassantas.org.br\/novosite\/wp-content\/uploads\/2021\/12\/logo.png\",\"contentUrl\":\"https:\/\/www.federassantas.org.br\/novosite\/wp-content\/uploads\/2021\/12\/logo.png\",\"width\":243,\"height\":59,\"caption\":\"Federassantas\"},\"image\":{\"@id\":\"https:\/\/www.federassantas.org.br\/novosite\/#\/schema\/logo\/image\/\"}},{\"@type\":\"Person\",\"@id\":\"https:\/\/www.federassantas.org.br\/novosite\/#\/schema\/person\/75fed98158349313fe56175f232f513c\",\"name\":\"admin-federas\",\"image\":{\"@type\":\"ImageObject\",\"inLanguage\":\"pt-BR\",\"@id\":\"https:\/\/www.federassantas.org.br\/novosite\/#\/schema\/person\/image\/\",\"url\":\"https:\/\/secure.gravatar.com\/avatar\/2a02d7dda59fe8dc6b7ffd3f652e2efede5ccf0dd89dfdc8137c5517f3de8407?s=96&d=mm&r=g\",\"contentUrl\":\"https:\/\/secure.gravatar.com\/avatar\/2a02d7dda59fe8dc6b7ffd3f652e2efede5ccf0dd89dfdc8137c5517f3de8407?s=96&d=mm&r=g\",\"caption\":\"admin-federas\"},\"sameAs\":[\"https:\/\/www.federassantas.org.br\/novosite\/\"],\"url\":\"https:\/\/www.federassantas.org.br\/novosite\/author\/admin-federas\/\"}]}<\/script>\n<!-- \/ Yoast SEO plugin. -->","yoast_head_json":{"title":"Dermatite at\u00f3pica pode comprometer qualidade de vida de crian\u00e7as - Federassantas","robots":{"index":"index","follow":"follow","max-snippet":"max-snippet:-1","max-image-preview":"max-image-preview:large","max-video-preview":"max-video-preview:-1"},"canonical":"https:\/\/www.federassantas.org.br\/novosite\/dermatite-atopica-pode-comprometer-qualidade-de-vida-de-criancas\/","og_locale":"pt_BR","og_type":"article","og_title":"Dermatite at\u00f3pica pode comprometer qualidade de vida de crian\u00e7as - Federassantas","og_description":"Calor e tempo seco agravam ainda mais os sintomas e aumentam atendimento no Hospital Infantil Jo\u00e3o Paulo II Imagina uma coceira t\u00e3o intensa que chega a causar feridas pelo corpo, atrapalhando a qualidade do sono e das atividades di\u00e1rias. Assim \u00e9 a vida de quem tem dermatite at\u00f3pica, que atinge cerca de 20% das crian\u00e7as [&hellip;]","og_url":"https:\/\/www.federassantas.org.br\/novosite\/dermatite-atopica-pode-comprometer-qualidade-de-vida-de-criancas\/","og_site_name":"Federassantas","article_published_time":"2021-11-11T20:14:01+00:00","author":"admin-federas","twitter_card":"summary_large_image","twitter_misc":{"Escrito por":"admin-federas","Est. tempo de leitura":"4 minutos"},"schema":{"@context":"https:\/\/schema.org","@graph":[{"@type":"Article","@id":"https:\/\/www.federassantas.org.br\/novosite\/dermatite-atopica-pode-comprometer-qualidade-de-vida-de-criancas\/#article","isPartOf":{"@id":"https:\/\/www.federassantas.org.br\/novosite\/dermatite-atopica-pode-comprometer-qualidade-de-vida-de-criancas\/"},"author":{"name":"admin-federas","@id":"https:\/\/www.federassantas.org.br\/novosite\/#\/schema\/person\/75fed98158349313fe56175f232f513c"},"headline":"Dermatite at\u00f3pica pode comprometer qualidade de vida de crian\u00e7as","datePublished":"2021-11-11T20:14:01+00:00","mainEntityOfPage":{"@id":"https:\/\/www.federassantas.org.br\/novosite\/dermatite-atopica-pode-comprometer-qualidade-de-vida-de-criancas\/"},"wordCount":818,"commentCount":0,"publisher":{"@id":"https:\/\/www.federassantas.org.br\/novosite\/#organization"},"image":{"@id":"https:\/\/www.federassantas.org.br\/novosite\/dermatite-atopica-pode-comprometer-qualidade-de-vida-de-criancas\/#primaryimage"},"thumbnailUrl":"","articleSection":["Not\u00edcias"],"inLanguage":"pt-BR","potentialAction":[{"@type":"CommentAction","name":"Comment","target":["https:\/\/www.federassantas.org.br\/novosite\/dermatite-atopica-pode-comprometer-qualidade-de-vida-de-criancas\/#respond"]}]},{"@type":"WebPage","@id":"https:\/\/www.federassantas.org.br\/novosite\/dermatite-atopica-pode-comprometer-qualidade-de-vida-de-criancas\/","url":"https:\/\/www.federassantas.org.br\/novosite\/dermatite-atopica-pode-comprometer-qualidade-de-vida-de-criancas\/","name":"Dermatite at\u00f3pica pode comprometer qualidade de vida de crian\u00e7as - Federassantas","isPartOf":{"@id":"https:\/\/www.federassantas.org.br\/novosite\/#website"},"primaryImageOfPage":{"@id":"https:\/\/www.federassantas.org.br\/novosite\/dermatite-atopica-pode-comprometer-qualidade-de-vida-de-criancas\/#primaryimage"},"image":{"@id":"https:\/\/www.federassantas.org.br\/novosite\/dermatite-atopica-pode-comprometer-qualidade-de-vida-de-criancas\/#primaryimage"},"thumbnailUrl":"","datePublished":"2021-11-11T20:14:01+00:00","breadcrumb":{"@id":"https:\/\/www.federassantas.org.br\/novosite\/dermatite-atopica-pode-comprometer-qualidade-de-vida-de-criancas\/#breadcrumb"},"inLanguage":"pt-BR","potentialAction":[{"@type":"ReadAction","target":["https:\/\/www.federassantas.org.br\/novosite\/dermatite-atopica-pode-comprometer-qualidade-de-vida-de-criancas\/"]}]},{"@type":"ImageObject","inLanguage":"pt-BR","@id":"https:\/\/www.federassantas.org.br\/novosite\/dermatite-atopica-pode-comprometer-qualidade-de-vida-de-criancas\/#primaryimage","url":"","contentUrl":""},{"@type":"BreadcrumbList","@id":"https:\/\/www.federassantas.org.br\/novosite\/dermatite-atopica-pode-comprometer-qualidade-de-vida-de-criancas\/#breadcrumb","itemListElement":[{"@type":"ListItem","position":1,"name":"In\u00edcio","item":"https:\/\/www.federassantas.org.br\/novosite\/"},{"@type":"ListItem","position":2,"name":"Dermatite at\u00f3pica pode comprometer qualidade de vida de crian\u00e7as"}]},{"@type":"WebSite","@id":"https:\/\/www.federassantas.org.br\/novosite\/#website","url":"https:\/\/www.federassantas.org.br\/novosite\/","name":"Federassantas","description":"Fed. das Santas Casas e Hospitais Filantr\u00f3picos de MG","publisher":{"@id":"https:\/\/www.federassantas.org.br\/novosite\/#organization"},"potentialAction":[{"@type":"SearchAction","target":{"@type":"EntryPoint","urlTemplate":"https:\/\/www.federassantas.org.br\/novosite\/?s={search_term_string}"},"query-input":{"@type":"PropertyValueSpecification","valueRequired":true,"valueName":"search_term_string"}}],"inLanguage":"pt-BR"},{"@type":"Organization","@id":"https:\/\/www.federassantas.org.br\/novosite\/#organization","name":"Federassantas","url":"https:\/\/www.federassantas.org.br\/novosite\/","logo":{"@type":"ImageObject","inLanguage":"pt-BR","@id":"https:\/\/www.federassantas.org.br\/novosite\/#\/schema\/logo\/image\/","url":"https:\/\/www.federassantas.org.br\/novosite\/wp-content\/uploads\/2021\/12\/logo.png","contentUrl":"https:\/\/www.federassantas.org.br\/novosite\/wp-content\/uploads\/2021\/12\/logo.png","width":243,"height":59,"caption":"Federassantas"},"image":{"@id":"https:\/\/www.federassantas.org.br\/novosite\/#\/schema\/logo\/image\/"}},{"@type":"Person","@id":"https:\/\/www.federassantas.org.br\/novosite\/#\/schema\/person\/75fed98158349313fe56175f232f513c","name":"admin-federas","image":{"@type":"ImageObject","inLanguage":"pt-BR","@id":"https:\/\/www.federassantas.org.br\/novosite\/#\/schema\/person\/image\/","url":"https:\/\/secure.gravatar.com\/avatar\/2a02d7dda59fe8dc6b7ffd3f652e2efede5ccf0dd89dfdc8137c5517f3de8407?s=96&d=mm&r=g","contentUrl":"https:\/\/secure.gravatar.com\/avatar\/2a02d7dda59fe8dc6b7ffd3f652e2efede5ccf0dd89dfdc8137c5517f3de8407?s=96&d=mm&r=g","caption":"admin-federas"},"sameAs":["https:\/\/www.federassantas.org.br\/novosite\/"],"url":"https:\/\/www.federassantas.org.br\/novosite\/author\/admin-federas\/"}]}},"_links":{"self":[{"href":"https:\/\/www.federassantas.org.br\/novosite\/wp-json\/wp\/v2\/posts\/22616","targetHints":{"allow":["GET"]}}],"collection":[{"href":"https:\/\/www.federassantas.org.br\/novosite\/wp-json\/wp\/v2\/posts"}],"about":[{"href":"https:\/\/www.federassantas.org.br\/novosite\/wp-json\/wp\/v2\/types\/post"}],"author":[{"embeddable":true,"href":"https:\/\/www.federassantas.org.br\/novosite\/wp-json\/wp\/v2\/users\/1"}],"replies":[{"embeddable":true,"href":"https:\/\/www.federassantas.org.br\/novosite\/wp-json\/wp\/v2\/comments?post=22616"}],"version-history":[{"count":0,"href":"https:\/\/www.federassantas.org.br\/novosite\/wp-json\/wp\/v2\/posts\/22616\/revisions"}],"wp:featuredmedia":[{"embeddable":true,"href":"https:\/\/www.federassantas.org.br\/novosite\/wp-json\/"}],"wp:attachment":[{"href":"https:\/\/www.federassantas.org.br\/novosite\/wp-json\/wp\/v2\/media?parent=22616"}],"wp:term":[{"taxonomy":"category","embeddable":true,"href":"https:\/\/www.federassantas.org.br\/novosite\/wp-json\/wp\/v2\/categories?post=22616"},{"taxonomy":"post_tag","embeddable":true,"href":"https:\/\/www.federassantas.org.br\/novosite\/wp-json\/wp\/v2\/tags?post=22616"}],"curies":[{"name":"wp","href":"https:\/\/api.w.org\/{rel}","templated":true}]}}