{"id":22622,"date":"2021-11-12T10:19:42","date_gmt":"2021-11-12T13:19:42","guid":{"rendered":"https:\/\/federasbackup.meltcomunicacao.com.br\/?p=22622"},"modified":"2021-11-12T10:19:42","modified_gmt":"2021-11-12T13:19:42","slug":"funed-monitora-febre-amarela-e-outras-doencas-no-estado","status":"publish","type":"post","link":"https:\/\/www.federassantas.org.br\/novosite\/funed-monitora-febre-amarela-e-outras-doencas-no-estado\/","title":{"rendered":"Funed monitora febre amarela e outras doen\u00e7as no estado"},"content":{"rendered":"\n<p><em>Trabalho tamb\u00e9m \u00e9 feito fora dos laborat\u00f3rios, a fim de evitar novos focos e surtos\u00a0<\/em><\/p>\n\n\n\n<p>Com o objetivo de identificar precocemente e, at\u00e9 mesmo, evitar novos surtos de febre amarela, a\u00a0<a rel=\"noreferrer noopener\" href=\"http:\/\/www.funed.mg.gov.br\/\" target=\"_blank\">Funda\u00e7\u00e3o Ezequiel Dias (Funed)<\/a>\u00a0tem monitorado ativamente o andamento da doen\u00e7a em Minas Gerais. \u00a0<\/p>\n\n\n\n<p>Em conjunto com a&nbsp;<a href=\"https:\/\/www.saude.mg.gov.br\/\" target=\"_blank\" rel=\"noreferrer noopener\">Secretaria de Estado de Sa\u00fade (SES-MG)<\/a>, o Laborat\u00f3rio Central de Sa\u00fade P\u00fablica (Lacen-MG) executa o trabalho n\u00e3o s\u00f3 nas bancadas de pesquisa da funda\u00e7\u00e3o, como tamb\u00e9m in loco. Os profissionais s\u00e3o direcionados para analisar \u00e1reas end\u00eamicas, em que a doen\u00e7a pode ocorrer com mais frequ\u00eancia.<\/p>\n\n\n\n<p>A Funed \u00e9 respons\u00e1vel pela vigil\u00e2ncia laboratorial, tanto de casos humanos como de primatas. A institui\u00e7\u00e3o realiza exames em pessoas e em macacos que, ao serem infectados pelo v\u00edrus e ficarem doentes, indicam a ocorr\u00eancia da febre amarela.&nbsp;<\/p>\n\n\n\n<p>Em 2021, a funda\u00e7\u00e3o n\u00e3o identificou casos humanos positivos para febre amarela. A doen\u00e7a, entretanto, esteve presente em primatas.<\/p>\n\n\n\n<p><strong>Testes&nbsp;<\/strong><\/p>\n\n\n\n<p>Diferentes tipos de exames para detectar a doen\u00e7a s\u00e3o realizados nos laborat\u00f3rios do Lacen-MG\/Funed. No caso de humanos, \u00e9 feita a pesquisa do v\u00edrus amar\u00edlico (RNA viral) por RT-PCR ou a pesquisa dos anticorpos IgM contra febre amarela (MAC-Elisa).&nbsp;<\/p>\n\n\n\n<p>J\u00e1 nos primatas encontrados mortos, o exame \u00e9 feito nas v\u00edsceras (f\u00edgado, cora\u00e7\u00e3o, pulm\u00e3o, c\u00e9rebro e rins), ap\u00f3s necropsia. \u201cEnquanto na Funed \u00e9 feita a biologia molecular, a Fiocruz, do Rio de Janeiro, \u00e9 respons\u00e1vel por realizar a imunohistoqu\u00edmica e o exame anatomopatol\u00f3gico\u201d, detalha a refer\u00eancia t\u00e9cnica do Laborat\u00f3rio de Arbov\u00edrus da Funed, Maira Pereira.&nbsp;<\/p>\n\n\n\n<p>Na funda\u00e7\u00e3o s\u00e3o realizadas, ainda, a an\u00e1lise dos vetores (mosquitos) coletados em \u00e1reas com epizootias (ocorr\u00eancia da doen\u00e7a), para investigar se est\u00e3o contaminados com o v\u00edrus causador da febre amarela ou com outros arbov\u00edrus.<\/p>\n\n\n\n<p><strong>Tecnologias&nbsp;<\/strong><\/p>\n\n\n\n<p>Ana L\u00facia Pedroso, refer\u00eancia t\u00e9cnica do Laborat\u00f3rio de Entomologia, explica que al\u00e9m da atua\u00e7\u00e3o na Funed, a equipe do Laborat\u00f3rio de Entomologia do Servi\u00e7o de Doen\u00e7as Parasit\u00e1rias foi a campo neste ano, em dois per\u00edodos diferentes, tanto para a captura de mosquitos como para a coleta de v\u00edsceras das epizootias.&nbsp;<\/p>\n\n\n\n<p>O trabalho foi realizado no munic\u00edpio de Chapada Ga\u00facha da Superintend\u00eancia Regional de Sa\u00fade (SRS) de Una\u00ed e em munic\u00edpios das SRSs de Montes Claros e Janu\u00e1ria. Todos os registros das epizootias s\u00e3o lan\u00e7ados no Sistema de Informa\u00e7\u00e3o em Sa\u00fade Silvestre (SISS-Geo), utilizado no estado. Existe ainda a participa\u00e7\u00e3o da Coordena\u00e7\u00e3o Estadual de Vigil\u00e2ncia das Arboviroses (Cevarb) da SES-MG e de servidores do Minist\u00e9rio da Sa\u00fade e das Superintend\u00eancias Regionais de Sa\u00fade de Montes Claros, Janu\u00e1ria e Varginha.<\/p>\n\n\n\n<p>A partir dos dados coletados no local, a funda\u00e7\u00e3o realiza a vigil\u00e2ncia laboratorial para avaliar a circula\u00e7\u00e3o do v\u00edrus em Minas Gerais, testando todas as amostras suspeitas de arbov\u00edrus que entram para pesquisa viral, seja para febre amarela, dengue, chikungunya ou &nbsp;zika.<\/p>\n\n\n\n<p>A Funed \u00e9 respons\u00e1vel, ainda, pelo sequenciamento gen\u00e9tico das amostras de primatas detect\u00e1veis para febre amarela em biologia molecular. \u201cIsso \u00e9 muito importante para determinar as varia\u00e7\u00f5es gen\u00e9ticas do v\u00edrus e para ajudar a tra\u00e7ar corredores ecol\u00f3gicos, que demonstram o caminho que o v\u00edrus est\u00e1 percorrendo no estado\u201d, ressalta Maira Pereira. \u201cFazemos a checagem atenta das fichas epidemiol\u00f3gicas e, por meio de informa\u00e7\u00f5es como sinais e sintomas de febre amarela, deslocamento do paciente para \u00e1rea com epizootias ou \u00e1rea end\u00eamica para a doen\u00e7a, priorizamos as an\u00e1lises\u201d, conta a refer\u00eancia t\u00e9cnica.<\/p>\n\n\n\n<p><strong>Troca&nbsp;<\/strong><\/p>\n\n\n\n<p>Ana L\u00facia Pedroso explica que, diante das primeiras notifica\u00e7\u00f5es de epizootias que ocorreram na Chapada Ga\u00facha da SRS de Una\u00ed, foi criado um grupo de trabalho pela equipe de Entomologia da Funed, em conjunto com a Coordena\u00e7\u00e3o Estadual de Vigil\u00e2ncia das Arboviroses (Cevarb), da SES-MG.&nbsp;<\/p>\n\n\n\n<p>\u201cAssim, tanto os profissionais que est\u00e3o em campo quanto os que realizam o diagn\u00f3stico na Funed podem trocar informa\u00e7\u00f5es e sinalizar eventos em tempo real, al\u00e9m de oferecer orienta\u00e7\u00f5es para coleta e armazenamento adequado das amostras dos primatas encontrados mortos e dos mosquitos\u201d, detalha.&nbsp;<\/p>\n\n\n\n<p>O desdobramento desse trabalho inclui, ainda, reuni\u00f5es com as secretarias municipais de sa\u00fade para sensibiliza\u00e7\u00e3o da popula\u00e7\u00e3o quanto \u00e0 imuniza\u00e7\u00e3o e para refor\u00e7ar a import\u00e2ncia da participa\u00e7\u00e3o da comunidade para informar sobre o aparecimento de macacos ou micos doentes ou mortos.<\/p>\n\n\n\n<p><\/p>\n\n\n\n<p>Fonte: <a href=\"https:\/\/www.agenciaminas.mg.gov.br\/noticia\/funed-monitora-febre-amarela-e-outras-doencas-no-estado\" target=\"_blank\" rel=\"noreferrer noopener\">Ag\u00eancia Minas<\/a><\/p>\n","protected":false},"excerpt":{"rendered":"<p>Trabalho tamb\u00e9m \u00e9 feito fora dos laborat\u00f3rios, a fim de evitar novos focos e surtos\u00a0 Com o objetivo de identificar precocemente e, at\u00e9 mesmo, evitar novos surtos de febre amarela, a\u00a0Funda\u00e7\u00e3o Ezequiel Dias (Funed)\u00a0tem monitorado ativamente o andamento da doen\u00e7a em Minas Gerais. \u00a0 Em conjunto com a&nbsp;Secretaria de Estado de Sa\u00fade (SES-MG), o Laborat\u00f3rio [&hellip;]<\/p>\n","protected":false},"author":1,"featured_media":24842,"comment_status":"open","ping_status":"open","sticky":false,"template":"","format":"standard","meta":{"footnotes":""},"categories":[140],"tags":[],"class_list":["post-22622","post","type-post","status-publish","format-standard","has-post-thumbnail","hentry","category-noticias"],"yoast_head":"<!-- This site is optimized with the Yoast SEO plugin v26.9 - https:\/\/yoast.com\/product\/yoast-seo-wordpress\/ -->\n<title>Funed monitora febre amarela e outras doen\u00e7as no estado - Federassantas<\/title>\n<meta name=\"robots\" content=\"index, follow, max-snippet:-1, max-image-preview:large, max-video-preview:-1\" \/>\n<link rel=\"canonical\" href=\"https:\/\/www.federassantas.org.br\/novosite\/funed-monitora-febre-amarela-e-outras-doencas-no-estado\/\" \/>\n<meta property=\"og:locale\" content=\"pt_BR\" \/>\n<meta property=\"og:type\" content=\"article\" \/>\n<meta property=\"og:title\" content=\"Funed monitora febre amarela e outras doen\u00e7as no estado - Federassantas\" \/>\n<meta property=\"og:description\" content=\"Trabalho tamb\u00e9m \u00e9 feito fora dos laborat\u00f3rios, a fim de evitar novos focos e surtos\u00a0 Com o objetivo de identificar precocemente e, at\u00e9 mesmo, evitar novos surtos de febre amarela, a\u00a0Funda\u00e7\u00e3o Ezequiel Dias (Funed)\u00a0tem monitorado ativamente o andamento da doen\u00e7a em Minas Gerais. \u00a0 Em conjunto com a&nbsp;Secretaria de Estado de Sa\u00fade (SES-MG), o Laborat\u00f3rio [&hellip;]\" \/>\n<meta property=\"og:url\" content=\"https:\/\/www.federassantas.org.br\/novosite\/funed-monitora-febre-amarela-e-outras-doencas-no-estado\/\" \/>\n<meta property=\"og:site_name\" content=\"Federassantas\" \/>\n<meta property=\"article:published_time\" content=\"2021-11-12T13:19:42+00:00\" \/>\n<meta property=\"og:image\" content=\"https:\/\/www.federassantas.org.br\/novosite\/wp-content\/uploads\/2022\/09\/thumbnail-default.jpg\" \/>\n\t<meta property=\"og:image:width\" content=\"622\" \/>\n\t<meta property=\"og:image:height\" content=\"415\" \/>\n\t<meta property=\"og:image:type\" content=\"image\/jpeg\" \/>\n<meta name=\"author\" content=\"admin-federas\" \/>\n<meta name=\"twitter:card\" content=\"summary_large_image\" \/>\n<meta name=\"twitter:label1\" content=\"Escrito por\" \/>\n\t<meta name=\"twitter:data1\" content=\"admin-federas\" \/>\n\t<meta name=\"twitter:label2\" content=\"Est. tempo de leitura\" \/>\n\t<meta name=\"twitter:data2\" content=\"4 minutos\" \/>\n<script type=\"application\/ld+json\" class=\"yoast-schema-graph\">{\"@context\":\"https:\/\/schema.org\",\"@graph\":[{\"@type\":\"Article\",\"@id\":\"https:\/\/www.federassantas.org.br\/novosite\/funed-monitora-febre-amarela-e-outras-doencas-no-estado\/#article\",\"isPartOf\":{\"@id\":\"https:\/\/www.federassantas.org.br\/novosite\/funed-monitora-febre-amarela-e-outras-doencas-no-estado\/\"},\"author\":{\"name\":\"admin-federas\",\"@id\":\"https:\/\/www.federassantas.org.br\/novosite\/#\/schema\/person\/75fed98158349313fe56175f232f513c\"},\"headline\":\"Funed monitora febre amarela e outras doen\u00e7as no estado\",\"datePublished\":\"2021-11-12T13:19:42+00:00\",\"mainEntityOfPage\":{\"@id\":\"https:\/\/www.federassantas.org.br\/novosite\/funed-monitora-febre-amarela-e-outras-doencas-no-estado\/\"},\"wordCount\":806,\"commentCount\":0,\"publisher\":{\"@id\":\"https:\/\/www.federassantas.org.br\/novosite\/#organization\"},\"image\":{\"@id\":\"https:\/\/www.federassantas.org.br\/novosite\/funed-monitora-febre-amarela-e-outras-doencas-no-estado\/#primaryimage\"},\"thumbnailUrl\":\"\",\"articleSection\":[\"Not\u00edcias\"],\"inLanguage\":\"pt-BR\",\"potentialAction\":[{\"@type\":\"CommentAction\",\"name\":\"Comment\",\"target\":[\"https:\/\/www.federassantas.org.br\/novosite\/funed-monitora-febre-amarela-e-outras-doencas-no-estado\/#respond\"]}]},{\"@type\":\"WebPage\",\"@id\":\"https:\/\/www.federassantas.org.br\/novosite\/funed-monitora-febre-amarela-e-outras-doencas-no-estado\/\",\"url\":\"https:\/\/www.federassantas.org.br\/novosite\/funed-monitora-febre-amarela-e-outras-doencas-no-estado\/\",\"name\":\"Funed monitora febre amarela e outras doen\u00e7as no estado - Federassantas\",\"isPartOf\":{\"@id\":\"https:\/\/www.federassantas.org.br\/novosite\/#website\"},\"primaryImageOfPage\":{\"@id\":\"https:\/\/www.federassantas.org.br\/novosite\/funed-monitora-febre-amarela-e-outras-doencas-no-estado\/#primaryimage\"},\"image\":{\"@id\":\"https:\/\/www.federassantas.org.br\/novosite\/funed-monitora-febre-amarela-e-outras-doencas-no-estado\/#primaryimage\"},\"thumbnailUrl\":\"\",\"datePublished\":\"2021-11-12T13:19:42+00:00\",\"breadcrumb\":{\"@id\":\"https:\/\/www.federassantas.org.br\/novosite\/funed-monitora-febre-amarela-e-outras-doencas-no-estado\/#breadcrumb\"},\"inLanguage\":\"pt-BR\",\"potentialAction\":[{\"@type\":\"ReadAction\",\"target\":[\"https:\/\/www.federassantas.org.br\/novosite\/funed-monitora-febre-amarela-e-outras-doencas-no-estado\/\"]}]},{\"@type\":\"ImageObject\",\"inLanguage\":\"pt-BR\",\"@id\":\"https:\/\/www.federassantas.org.br\/novosite\/funed-monitora-febre-amarela-e-outras-doencas-no-estado\/#primaryimage\",\"url\":\"\",\"contentUrl\":\"\"},{\"@type\":\"BreadcrumbList\",\"@id\":\"https:\/\/www.federassantas.org.br\/novosite\/funed-monitora-febre-amarela-e-outras-doencas-no-estado\/#breadcrumb\",\"itemListElement\":[{\"@type\":\"ListItem\",\"position\":1,\"name\":\"In\u00edcio\",\"item\":\"https:\/\/www.federassantas.org.br\/novosite\/\"},{\"@type\":\"ListItem\",\"position\":2,\"name\":\"Funed monitora febre amarela e outras doen\u00e7as no estado\"}]},{\"@type\":\"WebSite\",\"@id\":\"https:\/\/www.federassantas.org.br\/novosite\/#website\",\"url\":\"https:\/\/www.federassantas.org.br\/novosite\/\",\"name\":\"Federassantas\",\"description\":\"Fed. das Santas Casas e Hospitais Filantr\u00f3picos de MG\",\"publisher\":{\"@id\":\"https:\/\/www.federassantas.org.br\/novosite\/#organization\"},\"potentialAction\":[{\"@type\":\"SearchAction\",\"target\":{\"@type\":\"EntryPoint\",\"urlTemplate\":\"https:\/\/www.federassantas.org.br\/novosite\/?s={search_term_string}\"},\"query-input\":{\"@type\":\"PropertyValueSpecification\",\"valueRequired\":true,\"valueName\":\"search_term_string\"}}],\"inLanguage\":\"pt-BR\"},{\"@type\":\"Organization\",\"@id\":\"https:\/\/www.federassantas.org.br\/novosite\/#organization\",\"name\":\"Federassantas\",\"url\":\"https:\/\/www.federassantas.org.br\/novosite\/\",\"logo\":{\"@type\":\"ImageObject\",\"inLanguage\":\"pt-BR\",\"@id\":\"https:\/\/www.federassantas.org.br\/novosite\/#\/schema\/logo\/image\/\",\"url\":\"https:\/\/www.federassantas.org.br\/novosite\/wp-content\/uploads\/2021\/12\/logo.png\",\"contentUrl\":\"https:\/\/www.federassantas.org.br\/novosite\/wp-content\/uploads\/2021\/12\/logo.png\",\"width\":243,\"height\":59,\"caption\":\"Federassantas\"},\"image\":{\"@id\":\"https:\/\/www.federassantas.org.br\/novosite\/#\/schema\/logo\/image\/\"}},{\"@type\":\"Person\",\"@id\":\"https:\/\/www.federassantas.org.br\/novosite\/#\/schema\/person\/75fed98158349313fe56175f232f513c\",\"name\":\"admin-federas\",\"image\":{\"@type\":\"ImageObject\",\"inLanguage\":\"pt-BR\",\"@id\":\"https:\/\/www.federassantas.org.br\/novosite\/#\/schema\/person\/image\/\",\"url\":\"https:\/\/secure.gravatar.com\/avatar\/2a02d7dda59fe8dc6b7ffd3f652e2efede5ccf0dd89dfdc8137c5517f3de8407?s=96&d=mm&r=g\",\"contentUrl\":\"https:\/\/secure.gravatar.com\/avatar\/2a02d7dda59fe8dc6b7ffd3f652e2efede5ccf0dd89dfdc8137c5517f3de8407?s=96&d=mm&r=g\",\"caption\":\"admin-federas\"},\"sameAs\":[\"https:\/\/www.federassantas.org.br\/novosite\/\"],\"url\":\"https:\/\/www.federassantas.org.br\/novosite\/author\/admin-federas\/\"}]}<\/script>\n<!-- \/ Yoast SEO plugin. -->","yoast_head_json":{"title":"Funed monitora febre amarela e outras doen\u00e7as no estado - Federassantas","robots":{"index":"index","follow":"follow","max-snippet":"max-snippet:-1","max-image-preview":"max-image-preview:large","max-video-preview":"max-video-preview:-1"},"canonical":"https:\/\/www.federassantas.org.br\/novosite\/funed-monitora-febre-amarela-e-outras-doencas-no-estado\/","og_locale":"pt_BR","og_type":"article","og_title":"Funed monitora febre amarela e outras doen\u00e7as no estado - Federassantas","og_description":"Trabalho tamb\u00e9m \u00e9 feito fora dos laborat\u00f3rios, a fim de evitar novos focos e surtos\u00a0 Com o objetivo de identificar precocemente e, at\u00e9 mesmo, evitar novos surtos de febre amarela, a\u00a0Funda\u00e7\u00e3o Ezequiel Dias (Funed)\u00a0tem monitorado ativamente o andamento da doen\u00e7a em Minas Gerais. \u00a0 Em conjunto com a&nbsp;Secretaria de Estado de Sa\u00fade (SES-MG), o Laborat\u00f3rio [&hellip;]","og_url":"https:\/\/www.federassantas.org.br\/novosite\/funed-monitora-febre-amarela-e-outras-doencas-no-estado\/","og_site_name":"Federassantas","article_published_time":"2021-11-12T13:19:42+00:00","og_image":[{"width":622,"height":415,"url":"https:\/\/www.federassantas.org.br\/novosite\/wp-content\/uploads\/2022\/09\/thumbnail-default.jpg","type":"image\/jpeg"}],"author":"admin-federas","twitter_card":"summary_large_image","twitter_misc":{"Escrito por":"admin-federas","Est. tempo de leitura":"4 minutos"},"schema":{"@context":"https:\/\/schema.org","@graph":[{"@type":"Article","@id":"https:\/\/www.federassantas.org.br\/novosite\/funed-monitora-febre-amarela-e-outras-doencas-no-estado\/#article","isPartOf":{"@id":"https:\/\/www.federassantas.org.br\/novosite\/funed-monitora-febre-amarela-e-outras-doencas-no-estado\/"},"author":{"name":"admin-federas","@id":"https:\/\/www.federassantas.org.br\/novosite\/#\/schema\/person\/75fed98158349313fe56175f232f513c"},"headline":"Funed monitora febre amarela e outras doen\u00e7as no estado","datePublished":"2021-11-12T13:19:42+00:00","mainEntityOfPage":{"@id":"https:\/\/www.federassantas.org.br\/novosite\/funed-monitora-febre-amarela-e-outras-doencas-no-estado\/"},"wordCount":806,"commentCount":0,"publisher":{"@id":"https:\/\/www.federassantas.org.br\/novosite\/#organization"},"image":{"@id":"https:\/\/www.federassantas.org.br\/novosite\/funed-monitora-febre-amarela-e-outras-doencas-no-estado\/#primaryimage"},"thumbnailUrl":"","articleSection":["Not\u00edcias"],"inLanguage":"pt-BR","potentialAction":[{"@type":"CommentAction","name":"Comment","target":["https:\/\/www.federassantas.org.br\/novosite\/funed-monitora-febre-amarela-e-outras-doencas-no-estado\/#respond"]}]},{"@type":"WebPage","@id":"https:\/\/www.federassantas.org.br\/novosite\/funed-monitora-febre-amarela-e-outras-doencas-no-estado\/","url":"https:\/\/www.federassantas.org.br\/novosite\/funed-monitora-febre-amarela-e-outras-doencas-no-estado\/","name":"Funed monitora febre amarela e outras doen\u00e7as no estado - Federassantas","isPartOf":{"@id":"https:\/\/www.federassantas.org.br\/novosite\/#website"},"primaryImageOfPage":{"@id":"https:\/\/www.federassantas.org.br\/novosite\/funed-monitora-febre-amarela-e-outras-doencas-no-estado\/#primaryimage"},"image":{"@id":"https:\/\/www.federassantas.org.br\/novosite\/funed-monitora-febre-amarela-e-outras-doencas-no-estado\/#primaryimage"},"thumbnailUrl":"","datePublished":"2021-11-12T13:19:42+00:00","breadcrumb":{"@id":"https:\/\/www.federassantas.org.br\/novosite\/funed-monitora-febre-amarela-e-outras-doencas-no-estado\/#breadcrumb"},"inLanguage":"pt-BR","potentialAction":[{"@type":"ReadAction","target":["https:\/\/www.federassantas.org.br\/novosite\/funed-monitora-febre-amarela-e-outras-doencas-no-estado\/"]}]},{"@type":"ImageObject","inLanguage":"pt-BR","@id":"https:\/\/www.federassantas.org.br\/novosite\/funed-monitora-febre-amarela-e-outras-doencas-no-estado\/#primaryimage","url":"","contentUrl":""},{"@type":"BreadcrumbList","@id":"https:\/\/www.federassantas.org.br\/novosite\/funed-monitora-febre-amarela-e-outras-doencas-no-estado\/#breadcrumb","itemListElement":[{"@type":"ListItem","position":1,"name":"In\u00edcio","item":"https:\/\/www.federassantas.org.br\/novosite\/"},{"@type":"ListItem","position":2,"name":"Funed monitora febre amarela e outras doen\u00e7as no estado"}]},{"@type":"WebSite","@id":"https:\/\/www.federassantas.org.br\/novosite\/#website","url":"https:\/\/www.federassantas.org.br\/novosite\/","name":"Federassantas","description":"Fed. das Santas Casas e Hospitais Filantr\u00f3picos de MG","publisher":{"@id":"https:\/\/www.federassantas.org.br\/novosite\/#organization"},"potentialAction":[{"@type":"SearchAction","target":{"@type":"EntryPoint","urlTemplate":"https:\/\/www.federassantas.org.br\/novosite\/?s={search_term_string}"},"query-input":{"@type":"PropertyValueSpecification","valueRequired":true,"valueName":"search_term_string"}}],"inLanguage":"pt-BR"},{"@type":"Organization","@id":"https:\/\/www.federassantas.org.br\/novosite\/#organization","name":"Federassantas","url":"https:\/\/www.federassantas.org.br\/novosite\/","logo":{"@type":"ImageObject","inLanguage":"pt-BR","@id":"https:\/\/www.federassantas.org.br\/novosite\/#\/schema\/logo\/image\/","url":"https:\/\/www.federassantas.org.br\/novosite\/wp-content\/uploads\/2021\/12\/logo.png","contentUrl":"https:\/\/www.federassantas.org.br\/novosite\/wp-content\/uploads\/2021\/12\/logo.png","width":243,"height":59,"caption":"Federassantas"},"image":{"@id":"https:\/\/www.federassantas.org.br\/novosite\/#\/schema\/logo\/image\/"}},{"@type":"Person","@id":"https:\/\/www.federassantas.org.br\/novosite\/#\/schema\/person\/75fed98158349313fe56175f232f513c","name":"admin-federas","image":{"@type":"ImageObject","inLanguage":"pt-BR","@id":"https:\/\/www.federassantas.org.br\/novosite\/#\/schema\/person\/image\/","url":"https:\/\/secure.gravatar.com\/avatar\/2a02d7dda59fe8dc6b7ffd3f652e2efede5ccf0dd89dfdc8137c5517f3de8407?s=96&d=mm&r=g","contentUrl":"https:\/\/secure.gravatar.com\/avatar\/2a02d7dda59fe8dc6b7ffd3f652e2efede5ccf0dd89dfdc8137c5517f3de8407?s=96&d=mm&r=g","caption":"admin-federas"},"sameAs":["https:\/\/www.federassantas.org.br\/novosite\/"],"url":"https:\/\/www.federassantas.org.br\/novosite\/author\/admin-federas\/"}]}},"_links":{"self":[{"href":"https:\/\/www.federassantas.org.br\/novosite\/wp-json\/wp\/v2\/posts\/22622","targetHints":{"allow":["GET"]}}],"collection":[{"href":"https:\/\/www.federassantas.org.br\/novosite\/wp-json\/wp\/v2\/posts"}],"about":[{"href":"https:\/\/www.federassantas.org.br\/novosite\/wp-json\/wp\/v2\/types\/post"}],"author":[{"embeddable":true,"href":"https:\/\/www.federassantas.org.br\/novosite\/wp-json\/wp\/v2\/users\/1"}],"replies":[{"embeddable":true,"href":"https:\/\/www.federassantas.org.br\/novosite\/wp-json\/wp\/v2\/comments?post=22622"}],"version-history":[{"count":0,"href":"https:\/\/www.federassantas.org.br\/novosite\/wp-json\/wp\/v2\/posts\/22622\/revisions"}],"wp:featuredmedia":[{"embeddable":true,"href":"https:\/\/www.federassantas.org.br\/novosite\/wp-json\/"}],"wp:attachment":[{"href":"https:\/\/www.federassantas.org.br\/novosite\/wp-json\/wp\/v2\/media?parent=22622"}],"wp:term":[{"taxonomy":"category","embeddable":true,"href":"https:\/\/www.federassantas.org.br\/novosite\/wp-json\/wp\/v2\/categories?post=22622"},{"taxonomy":"post_tag","embeddable":true,"href":"https:\/\/www.federassantas.org.br\/novosite\/wp-json\/wp\/v2\/tags?post=22622"}],"curies":[{"name":"wp","href":"https:\/\/api.w.org\/{rel}","templated":true}]}}