{"id":22624,"date":"2021-11-12T10:22:50","date_gmt":"2021-11-12T13:22:50","guid":{"rendered":"https:\/\/federasbackup.meltcomunicacao.com.br\/?p=22624"},"modified":"2021-11-12T10:22:50","modified_gmt":"2021-11-12T13:22:50","slug":"bh-aplica-dose-de-reforco-contra-a-covid-em-idosos-de-64-anos-nesta-sexta-feira","status":"publish","type":"post","link":"https:\/\/www.federassantas.org.br\/novosite\/bh-aplica-dose-de-reforco-contra-a-covid-em-idosos-de-64-anos-nesta-sexta-feira\/","title":{"rendered":"BH aplica dose de refor\u00e7o contra a Covid em idosos de 64 anos nesta sexta-feira"},"content":{"rendered":"\n<p><em>A vacina\u00e7\u00e3o ocorre das 8h \u00e0s 17h nos centros de sa\u00fade e postos extras, e das 8h \u00e0s 16h30 nos pontos drive-thru, al\u00e9m de contar com postos com hor\u00e1rios noturnos. Veja locais e hor\u00e1rios<\/em><\/p>\n\n\n\n<p>A Secretaria Municipal de Sa\u00fade de Belo Horizonte (SMS-BH) convoca&nbsp;pessoas de 64 anos para receber a dose de refor\u00e7o contra a Covid-19 nesta sexta-feira (12).<\/p>\n\n\n\n<p>Somente poder\u00e3o ser imunizados moradores que tenham recebido a segunda dose h\u00e1 seis meses, ou que faltem at\u00e9 15 dias para completar este prazo.<\/p>\n\n\n\n<p>\u00c9 necess\u00e1rio apresentar o cart\u00e3o de vacina, constando as duas doses, o documento de identidade, CPF e comprovante de resid\u00eancia em Belo Horizonte.<\/p>\n\n\n\n<p>A vacina\u00e7\u00e3o ocorre das&nbsp;8h \u00e0s 17h nos centros de sa\u00fade e postos extras, e das 8h \u00e0s 16h30 nos pontos drive-thru. Os endere\u00e7os podem ser consultados no<a href=\"https:\/\/prefeitura.pbh.gov.br\/saude\/dose-de-reforco-para-idosos-de-67-64-anos\" target=\"_blank\" rel=\"noreferrer noopener\">site da prefeitura<\/a>.<\/p>\n\n\n\n<p>Na capital, a vacina\u00e7\u00e3o tamb\u00e9m ocorre em&nbsp;quatro pontos com hor\u00e1rio noturno, que funcionam de segunda a sexta-feira. Confira os hor\u00e1rios e endere\u00e7os:<\/p>\n\n\n\n<ul class=\"wp-block-list\"><li><strong>UFMG Campus Sa\u00fade (Escola de Enfermagem):&nbsp;<\/strong>avenida Professor Alfredo Balena, 190 &#8211; Santa Efig\u00eania \u2013 Funcionamento das 12h \u00e0s 20h;<\/li><li><strong>Faculdade Pit\u00e1goras:&nbsp;<\/strong>rua dos Timbiras, 1.375 &#8211; Funcion\u00e1rios \u2013 Funcionamento das 8h \u00e0s 20h;<\/li><li><strong>UNA-BH:&nbsp;<\/strong>rua Aimor\u00e9s, 1.451 &#8211; Lourdes \u2013 Funcionamento das 8h \u00e0s 20h;<\/li><li><strong>Faminas-BH:&nbsp;<\/strong>avenida Cristiano Machado, 12.001 &#8211; Vila Cl\u00f3ris \u2013 Funcionamento das 8h \u00e0s 20h.<\/li><\/ul>\n\n\n\n<p>Os p\u00fablicos eleg\u00edveis para se vacinar no per\u00edodo noturno\u00a0s\u00e3o exclusivamente os convocados para o dia em quest\u00e3o.<\/p>\n\n\n\n<h5 class=\"wp-block-heading\"><strong>Cronograma<\/strong><\/h5>\n\n\n\n<p>O cronograma de vacina\u00e7\u00e3o em Belo Horizonte&nbsp;est\u00e1 definido at\u00e9 a sexta-feira da pr\u00f3xima semana (19)&nbsp;e conta com repescagem de alguns p\u00fablicos vacinados com a Pfizer.<\/p>\n\n\n\n<p><strong>Dia 12\/11, sexta-feira:\u00a0<\/strong>dose de refor\u00e7o dose para pessoas de 64 anos.<\/p>\n\n\n\n<p><strong>Dia 13\/11, s\u00e1bado:\u00a0<\/strong>n\u00e3o haver\u00e1 vacina\u00e7\u00e3o.<\/p>\n\n\n\n<p><strong>Dia 15\/11, segunda-feira:\u00a0<\/strong>n\u00e3o haver\u00e1 vacina\u00e7\u00e3o;<\/p>\n\n\n\n<p><strong>Dia 16\/11, ter\u00e7a-feira:\u00a0<\/strong>dose de refor\u00e7o para trabalhadores da sa\u00fade a partir de 18 anos, completos at\u00e9 30 de novembro, cuja segunda dose tenha 6 meses ou que faltem at\u00e9 15 dias para este prazo. \u00c9 necess\u00e1rio levar o cart\u00e3o de vacina, documento de identidade, CPF e documento que comprove ser trabalhador em atividade em estabelecimentos de sa\u00fade de Belo Horizonte;<\/p>\n\n\n\n<p><strong>Dia 17\/11, quarta-feira:\u00a0<\/strong>dose de refor\u00e7o dose para pessoas de 85 e 84 anos cuja data da segunda dose tenha completado 6 meses ou que faltem at\u00e9 15 dias para completar este prazo. \u00c9 necess\u00e1rio levar o cart\u00e3o de vacina, o documento de identidade, CPF e comprovante de resid\u00eancia em Belo Horizonte;<\/p>\n\n\n\n<p><strong>Dia 18\/11, quinta-feira:\u00a0<\/strong>dose de refor\u00e7o para pessoas de 83 e 82 anos cuja data da segunda dose tenha completado 6 meses ou que faltem at\u00e9 15 dias para completar este prazo. \u00c9 necess\u00e1rio levar o cart\u00e3o de vacina, o documento de identidade, CPF e comprovante de resid\u00eancia em Belo Horizonte;<\/p>\n\n\n\n<p><strong>Dia 19\/11, sexta-feira:\u00a0<\/strong>repescagem de dose de refor\u00e7o para idosos. \u00c9 necess\u00e1rio levar o cart\u00e3o de vacina, o documento de identidade, CPF e comprovante de resid\u00eancia em Belo Horizonte; repescagem de dose adicional para pessoas com alto grau de imunossupress\u00e3o a partir de 18 anos, cuja segunda dose tenha sido h\u00e1 pelo menos 28 dias. \u00c9 necess\u00e1rio levar o cart\u00e3o de vacina, o documento de identidade, CPF, comprovante de resid\u00eancia em Belo Horizonte, al\u00e9m de documento que comprove a condi\u00e7\u00e3o de sa\u00fade; repescagem de segunda dose para pessoas de 29, 26, 25, 24, 22, 21 e 20 anos vacinadas com a Pfizer. \u00c9 necess\u00e1rio levar o cart\u00e3o de vacina, o documento de identidade e CPF.<\/p>\n\n\n\n<p><strong>Dia 20\/11, s\u00e1bado:\u00a0<\/strong>n\u00e3o haver\u00e1 vacina\u00e7\u00e3o<\/p>\n\n\n\n<p>A Secretaria Municipal de Sa\u00fade (SMS-BH) orienta que as pessoas se vacinem no dia das convoca\u00e7\u00f5es e que chequem&nbsp;<a href=\"https:\/\/prefeitura.pbh.gov.br\/campanha-de-vacinacao-contra-covid-19\" target=\"_blank\" rel=\"noreferrer noopener\">hor\u00e1rios e locais no portal do munic\u00edpio antes de se deslocarem<\/a>.&nbsp;Quem perdeu o prazo para tomar a segunda dose em BH pode buscar os postos de repescagem.<\/p>\n\n\n\n<p>No entanto, a pasta alerta que os usu\u00e1rios\u00a0podem enfrentar filas, pois &#8220;os pontos de repescagem est\u00e3o distribu\u00eddos em uma unidade por regional e por tipo de vacina&#8221;. Os endere\u00e7os e hor\u00e1rios de funcionamento dos postos est\u00e3o dispon\u00edveis no\u00a0<a rel=\"noreferrer noopener\" href=\"https:\/\/prefeitura.pbh.gov.br\/campanha-de-vacinacao-contra-covid-19\" target=\"_blank\">site da prefeitura<\/a>.<\/p>\n\n\n\n<p><\/p>\n\n\n\n<p>Por: Daiany Nogueira\/<a rel=\"noreferrer noopener\" href=\"https:\/\/g1.globo.com\/mg\/minas-gerais\/noticia\/2021\/11\/12\/bh-aplica-dose-de-reforco-contra-a-covid-em-idosos-de-64-anos-nesta-sexta-feira.ghtml\" target=\"_blank\">G1 Minas<\/a><br>Foto: Claudio Vieira\/PMSJC<\/p>\n","protected":false},"excerpt":{"rendered":"<p>A vacina\u00e7\u00e3o ocorre das 8h \u00e0s 17h nos centros de sa\u00fade e postos extras, e das 8h \u00e0s 16h30 nos pontos drive-thru, al\u00e9m de contar com postos com hor\u00e1rios noturnos. Veja locais e hor\u00e1rios A Secretaria Municipal de Sa\u00fade de Belo Horizonte (SMS-BH) convoca&nbsp;pessoas de 64 anos para receber a dose de refor\u00e7o contra a [&hellip;]<\/p>\n","protected":false},"author":1,"featured_media":22625,"comment_status":"open","ping_status":"open","sticky":false,"template":"","format":"standard","meta":{"footnotes":""},"categories":[140],"tags":[],"class_list":["post-22624","post","type-post","status-publish","format-standard","has-post-thumbnail","hentry","category-noticias"],"yoast_head":"<!-- This site is optimized with the Yoast SEO plugin v26.9 - https:\/\/yoast.com\/product\/yoast-seo-wordpress\/ -->\n<title>BH aplica dose de refor\u00e7o contra a Covid em idosos de 64 anos nesta sexta-feira - Federassantas<\/title>\n<meta name=\"robots\" content=\"index, follow, max-snippet:-1, max-image-preview:large, max-video-preview:-1\" \/>\n<link rel=\"canonical\" href=\"https:\/\/www.federassantas.org.br\/novosite\/bh-aplica-dose-de-reforco-contra-a-covid-em-idosos-de-64-anos-nesta-sexta-feira\/\" \/>\n<meta property=\"og:locale\" content=\"pt_BR\" \/>\n<meta property=\"og:type\" content=\"article\" \/>\n<meta property=\"og:title\" content=\"BH aplica dose de refor\u00e7o contra a Covid em idosos de 64 anos nesta sexta-feira - Federassantas\" \/>\n<meta property=\"og:description\" content=\"A vacina\u00e7\u00e3o ocorre das 8h \u00e0s 17h nos centros de sa\u00fade e postos extras, e das 8h \u00e0s 16h30 nos pontos drive-thru, al\u00e9m de contar com postos com hor\u00e1rios noturnos. Veja locais e hor\u00e1rios A Secretaria Municipal de Sa\u00fade de Belo Horizonte (SMS-BH) convoca&nbsp;pessoas de 64 anos para receber a dose de refor\u00e7o contra a [&hellip;]\" \/>\n<meta property=\"og:url\" content=\"https:\/\/www.federassantas.org.br\/novosite\/bh-aplica-dose-de-reforco-contra-a-covid-em-idosos-de-64-anos-nesta-sexta-feira\/\" \/>\n<meta property=\"og:site_name\" content=\"Federassantas\" \/>\n<meta property=\"article:published_time\" content=\"2021-11-12T13:22:50+00:00\" \/>\n<meta name=\"author\" content=\"admin-federas\" \/>\n<meta name=\"twitter:card\" content=\"summary_large_image\" \/>\n<meta name=\"twitter:label1\" content=\"Escrito por\" \/>\n\t<meta name=\"twitter:data1\" content=\"admin-federas\" \/>\n\t<meta name=\"twitter:label2\" content=\"Est. tempo de leitura\" \/>\n\t<meta name=\"twitter:data2\" content=\"4 minutos\" \/>\n<script type=\"application\/ld+json\" class=\"yoast-schema-graph\">{\"@context\":\"https:\/\/schema.org\",\"@graph\":[{\"@type\":\"Article\",\"@id\":\"https:\/\/www.federassantas.org.br\/novosite\/bh-aplica-dose-de-reforco-contra-a-covid-em-idosos-de-64-anos-nesta-sexta-feira\/#article\",\"isPartOf\":{\"@id\":\"https:\/\/www.federassantas.org.br\/novosite\/bh-aplica-dose-de-reforco-contra-a-covid-em-idosos-de-64-anos-nesta-sexta-feira\/\"},\"author\":{\"name\":\"admin-federas\",\"@id\":\"https:\/\/www.federassantas.org.br\/novosite\/#\/schema\/person\/75fed98158349313fe56175f232f513c\"},\"headline\":\"BH aplica dose de refor\u00e7o contra a Covid em idosos de 64 anos nesta sexta-feira\",\"datePublished\":\"2021-11-12T13:22:50+00:00\",\"mainEntityOfPage\":{\"@id\":\"https:\/\/www.federassantas.org.br\/novosite\/bh-aplica-dose-de-reforco-contra-a-covid-em-idosos-de-64-anos-nesta-sexta-feira\/\"},\"wordCount\":730,\"commentCount\":0,\"publisher\":{\"@id\":\"https:\/\/www.federassantas.org.br\/novosite\/#organization\"},\"image\":{\"@id\":\"https:\/\/www.federassantas.org.br\/novosite\/bh-aplica-dose-de-reforco-contra-a-covid-em-idosos-de-64-anos-nesta-sexta-feira\/#primaryimage\"},\"thumbnailUrl\":\"\",\"articleSection\":[\"Not\u00edcias\"],\"inLanguage\":\"pt-BR\",\"potentialAction\":[{\"@type\":\"CommentAction\",\"name\":\"Comment\",\"target\":[\"https:\/\/www.federassantas.org.br\/novosite\/bh-aplica-dose-de-reforco-contra-a-covid-em-idosos-de-64-anos-nesta-sexta-feira\/#respond\"]}]},{\"@type\":\"WebPage\",\"@id\":\"https:\/\/www.federassantas.org.br\/novosite\/bh-aplica-dose-de-reforco-contra-a-covid-em-idosos-de-64-anos-nesta-sexta-feira\/\",\"url\":\"https:\/\/www.federassantas.org.br\/novosite\/bh-aplica-dose-de-reforco-contra-a-covid-em-idosos-de-64-anos-nesta-sexta-feira\/\",\"name\":\"BH aplica dose de refor\u00e7o contra a Covid em idosos de 64 anos nesta sexta-feira - Federassantas\",\"isPartOf\":{\"@id\":\"https:\/\/www.federassantas.org.br\/novosite\/#website\"},\"primaryImageOfPage\":{\"@id\":\"https:\/\/www.federassantas.org.br\/novosite\/bh-aplica-dose-de-reforco-contra-a-covid-em-idosos-de-64-anos-nesta-sexta-feira\/#primaryimage\"},\"image\":{\"@id\":\"https:\/\/www.federassantas.org.br\/novosite\/bh-aplica-dose-de-reforco-contra-a-covid-em-idosos-de-64-anos-nesta-sexta-feira\/#primaryimage\"},\"thumbnailUrl\":\"\",\"datePublished\":\"2021-11-12T13:22:50+00:00\",\"breadcrumb\":{\"@id\":\"https:\/\/www.federassantas.org.br\/novosite\/bh-aplica-dose-de-reforco-contra-a-covid-em-idosos-de-64-anos-nesta-sexta-feira\/#breadcrumb\"},\"inLanguage\":\"pt-BR\",\"potentialAction\":[{\"@type\":\"ReadAction\",\"target\":[\"https:\/\/www.federassantas.org.br\/novosite\/bh-aplica-dose-de-reforco-contra-a-covid-em-idosos-de-64-anos-nesta-sexta-feira\/\"]}]},{\"@type\":\"ImageObject\",\"inLanguage\":\"pt-BR\",\"@id\":\"https:\/\/www.federassantas.org.br\/novosite\/bh-aplica-dose-de-reforco-contra-a-covid-em-idosos-de-64-anos-nesta-sexta-feira\/#primaryimage\",\"url\":\"\",\"contentUrl\":\"\"},{\"@type\":\"BreadcrumbList\",\"@id\":\"https:\/\/www.federassantas.org.br\/novosite\/bh-aplica-dose-de-reforco-contra-a-covid-em-idosos-de-64-anos-nesta-sexta-feira\/#breadcrumb\",\"itemListElement\":[{\"@type\":\"ListItem\",\"position\":1,\"name\":\"In\u00edcio\",\"item\":\"https:\/\/www.federassantas.org.br\/novosite\/\"},{\"@type\":\"ListItem\",\"position\":2,\"name\":\"BH aplica dose de refor\u00e7o contra a Covid em idosos de 64 anos nesta sexta-feira\"}]},{\"@type\":\"WebSite\",\"@id\":\"https:\/\/www.federassantas.org.br\/novosite\/#website\",\"url\":\"https:\/\/www.federassantas.org.br\/novosite\/\",\"name\":\"Federassantas\",\"description\":\"Fed. das Santas Casas e Hospitais Filantr\u00f3picos de MG\",\"publisher\":{\"@id\":\"https:\/\/www.federassantas.org.br\/novosite\/#organization\"},\"potentialAction\":[{\"@type\":\"SearchAction\",\"target\":{\"@type\":\"EntryPoint\",\"urlTemplate\":\"https:\/\/www.federassantas.org.br\/novosite\/?s={search_term_string}\"},\"query-input\":{\"@type\":\"PropertyValueSpecification\",\"valueRequired\":true,\"valueName\":\"search_term_string\"}}],\"inLanguage\":\"pt-BR\"},{\"@type\":\"Organization\",\"@id\":\"https:\/\/www.federassantas.org.br\/novosite\/#organization\",\"name\":\"Federassantas\",\"url\":\"https:\/\/www.federassantas.org.br\/novosite\/\",\"logo\":{\"@type\":\"ImageObject\",\"inLanguage\":\"pt-BR\",\"@id\":\"https:\/\/www.federassantas.org.br\/novosite\/#\/schema\/logo\/image\/\",\"url\":\"https:\/\/www.federassantas.org.br\/novosite\/wp-content\/uploads\/2021\/12\/logo.png\",\"contentUrl\":\"https:\/\/www.federassantas.org.br\/novosite\/wp-content\/uploads\/2021\/12\/logo.png\",\"width\":243,\"height\":59,\"caption\":\"Federassantas\"},\"image\":{\"@id\":\"https:\/\/www.federassantas.org.br\/novosite\/#\/schema\/logo\/image\/\"}},{\"@type\":\"Person\",\"@id\":\"https:\/\/www.federassantas.org.br\/novosite\/#\/schema\/person\/75fed98158349313fe56175f232f513c\",\"name\":\"admin-federas\",\"image\":{\"@type\":\"ImageObject\",\"inLanguage\":\"pt-BR\",\"@id\":\"https:\/\/www.federassantas.org.br\/novosite\/#\/schema\/person\/image\/\",\"url\":\"https:\/\/secure.gravatar.com\/avatar\/2a02d7dda59fe8dc6b7ffd3f652e2efede5ccf0dd89dfdc8137c5517f3de8407?s=96&d=mm&r=g\",\"contentUrl\":\"https:\/\/secure.gravatar.com\/avatar\/2a02d7dda59fe8dc6b7ffd3f652e2efede5ccf0dd89dfdc8137c5517f3de8407?s=96&d=mm&r=g\",\"caption\":\"admin-federas\"},\"sameAs\":[\"https:\/\/www.federassantas.org.br\/novosite\/\"],\"url\":\"https:\/\/www.federassantas.org.br\/novosite\/author\/admin-federas\/\"}]}<\/script>\n<!-- \/ Yoast SEO plugin. -->","yoast_head_json":{"title":"BH aplica dose de refor\u00e7o contra a Covid em idosos de 64 anos nesta sexta-feira - Federassantas","robots":{"index":"index","follow":"follow","max-snippet":"max-snippet:-1","max-image-preview":"max-image-preview:large","max-video-preview":"max-video-preview:-1"},"canonical":"https:\/\/www.federassantas.org.br\/novosite\/bh-aplica-dose-de-reforco-contra-a-covid-em-idosos-de-64-anos-nesta-sexta-feira\/","og_locale":"pt_BR","og_type":"article","og_title":"BH aplica dose de refor\u00e7o contra a Covid em idosos de 64 anos nesta sexta-feira - Federassantas","og_description":"A vacina\u00e7\u00e3o ocorre das 8h \u00e0s 17h nos centros de sa\u00fade e postos extras, e das 8h \u00e0s 16h30 nos pontos drive-thru, al\u00e9m de contar com postos com hor\u00e1rios noturnos. Veja locais e hor\u00e1rios A Secretaria Municipal de Sa\u00fade de Belo Horizonte (SMS-BH) convoca&nbsp;pessoas de 64 anos para receber a dose de refor\u00e7o contra a [&hellip;]","og_url":"https:\/\/www.federassantas.org.br\/novosite\/bh-aplica-dose-de-reforco-contra-a-covid-em-idosos-de-64-anos-nesta-sexta-feira\/","og_site_name":"Federassantas","article_published_time":"2021-11-12T13:22:50+00:00","author":"admin-federas","twitter_card":"summary_large_image","twitter_misc":{"Escrito por":"admin-federas","Est. tempo de leitura":"4 minutos"},"schema":{"@context":"https:\/\/schema.org","@graph":[{"@type":"Article","@id":"https:\/\/www.federassantas.org.br\/novosite\/bh-aplica-dose-de-reforco-contra-a-covid-em-idosos-de-64-anos-nesta-sexta-feira\/#article","isPartOf":{"@id":"https:\/\/www.federassantas.org.br\/novosite\/bh-aplica-dose-de-reforco-contra-a-covid-em-idosos-de-64-anos-nesta-sexta-feira\/"},"author":{"name":"admin-federas","@id":"https:\/\/www.federassantas.org.br\/novosite\/#\/schema\/person\/75fed98158349313fe56175f232f513c"},"headline":"BH aplica dose de refor\u00e7o contra a Covid em idosos de 64 anos nesta sexta-feira","datePublished":"2021-11-12T13:22:50+00:00","mainEntityOfPage":{"@id":"https:\/\/www.federassantas.org.br\/novosite\/bh-aplica-dose-de-reforco-contra-a-covid-em-idosos-de-64-anos-nesta-sexta-feira\/"},"wordCount":730,"commentCount":0,"publisher":{"@id":"https:\/\/www.federassantas.org.br\/novosite\/#organization"},"image":{"@id":"https:\/\/www.federassantas.org.br\/novosite\/bh-aplica-dose-de-reforco-contra-a-covid-em-idosos-de-64-anos-nesta-sexta-feira\/#primaryimage"},"thumbnailUrl":"","articleSection":["Not\u00edcias"],"inLanguage":"pt-BR","potentialAction":[{"@type":"CommentAction","name":"Comment","target":["https:\/\/www.federassantas.org.br\/novosite\/bh-aplica-dose-de-reforco-contra-a-covid-em-idosos-de-64-anos-nesta-sexta-feira\/#respond"]}]},{"@type":"WebPage","@id":"https:\/\/www.federassantas.org.br\/novosite\/bh-aplica-dose-de-reforco-contra-a-covid-em-idosos-de-64-anos-nesta-sexta-feira\/","url":"https:\/\/www.federassantas.org.br\/novosite\/bh-aplica-dose-de-reforco-contra-a-covid-em-idosos-de-64-anos-nesta-sexta-feira\/","name":"BH aplica dose de refor\u00e7o contra a Covid em idosos de 64 anos nesta sexta-feira - Federassantas","isPartOf":{"@id":"https:\/\/www.federassantas.org.br\/novosite\/#website"},"primaryImageOfPage":{"@id":"https:\/\/www.federassantas.org.br\/novosite\/bh-aplica-dose-de-reforco-contra-a-covid-em-idosos-de-64-anos-nesta-sexta-feira\/#primaryimage"},"image":{"@id":"https:\/\/www.federassantas.org.br\/novosite\/bh-aplica-dose-de-reforco-contra-a-covid-em-idosos-de-64-anos-nesta-sexta-feira\/#primaryimage"},"thumbnailUrl":"","datePublished":"2021-11-12T13:22:50+00:00","breadcrumb":{"@id":"https:\/\/www.federassantas.org.br\/novosite\/bh-aplica-dose-de-reforco-contra-a-covid-em-idosos-de-64-anos-nesta-sexta-feira\/#breadcrumb"},"inLanguage":"pt-BR","potentialAction":[{"@type":"ReadAction","target":["https:\/\/www.federassantas.org.br\/novosite\/bh-aplica-dose-de-reforco-contra-a-covid-em-idosos-de-64-anos-nesta-sexta-feira\/"]}]},{"@type":"ImageObject","inLanguage":"pt-BR","@id":"https:\/\/www.federassantas.org.br\/novosite\/bh-aplica-dose-de-reforco-contra-a-covid-em-idosos-de-64-anos-nesta-sexta-feira\/#primaryimage","url":"","contentUrl":""},{"@type":"BreadcrumbList","@id":"https:\/\/www.federassantas.org.br\/novosite\/bh-aplica-dose-de-reforco-contra-a-covid-em-idosos-de-64-anos-nesta-sexta-feira\/#breadcrumb","itemListElement":[{"@type":"ListItem","position":1,"name":"In\u00edcio","item":"https:\/\/www.federassantas.org.br\/novosite\/"},{"@type":"ListItem","position":2,"name":"BH aplica dose de refor\u00e7o contra a Covid em idosos de 64 anos nesta sexta-feira"}]},{"@type":"WebSite","@id":"https:\/\/www.federassantas.org.br\/novosite\/#website","url":"https:\/\/www.federassantas.org.br\/novosite\/","name":"Federassantas","description":"Fed. das Santas Casas e Hospitais Filantr\u00f3picos de MG","publisher":{"@id":"https:\/\/www.federassantas.org.br\/novosite\/#organization"},"potentialAction":[{"@type":"SearchAction","target":{"@type":"EntryPoint","urlTemplate":"https:\/\/www.federassantas.org.br\/novosite\/?s={search_term_string}"},"query-input":{"@type":"PropertyValueSpecification","valueRequired":true,"valueName":"search_term_string"}}],"inLanguage":"pt-BR"},{"@type":"Organization","@id":"https:\/\/www.federassantas.org.br\/novosite\/#organization","name":"Federassantas","url":"https:\/\/www.federassantas.org.br\/novosite\/","logo":{"@type":"ImageObject","inLanguage":"pt-BR","@id":"https:\/\/www.federassantas.org.br\/novosite\/#\/schema\/logo\/image\/","url":"https:\/\/www.federassantas.org.br\/novosite\/wp-content\/uploads\/2021\/12\/logo.png","contentUrl":"https:\/\/www.federassantas.org.br\/novosite\/wp-content\/uploads\/2021\/12\/logo.png","width":243,"height":59,"caption":"Federassantas"},"image":{"@id":"https:\/\/www.federassantas.org.br\/novosite\/#\/schema\/logo\/image\/"}},{"@type":"Person","@id":"https:\/\/www.federassantas.org.br\/novosite\/#\/schema\/person\/75fed98158349313fe56175f232f513c","name":"admin-federas","image":{"@type":"ImageObject","inLanguage":"pt-BR","@id":"https:\/\/www.federassantas.org.br\/novosite\/#\/schema\/person\/image\/","url":"https:\/\/secure.gravatar.com\/avatar\/2a02d7dda59fe8dc6b7ffd3f652e2efede5ccf0dd89dfdc8137c5517f3de8407?s=96&d=mm&r=g","contentUrl":"https:\/\/secure.gravatar.com\/avatar\/2a02d7dda59fe8dc6b7ffd3f652e2efede5ccf0dd89dfdc8137c5517f3de8407?s=96&d=mm&r=g","caption":"admin-federas"},"sameAs":["https:\/\/www.federassantas.org.br\/novosite\/"],"url":"https:\/\/www.federassantas.org.br\/novosite\/author\/admin-federas\/"}]}},"_links":{"self":[{"href":"https:\/\/www.federassantas.org.br\/novosite\/wp-json\/wp\/v2\/posts\/22624","targetHints":{"allow":["GET"]}}],"collection":[{"href":"https:\/\/www.federassantas.org.br\/novosite\/wp-json\/wp\/v2\/posts"}],"about":[{"href":"https:\/\/www.federassantas.org.br\/novosite\/wp-json\/wp\/v2\/types\/post"}],"author":[{"embeddable":true,"href":"https:\/\/www.federassantas.org.br\/novosite\/wp-json\/wp\/v2\/users\/1"}],"replies":[{"embeddable":true,"href":"https:\/\/www.federassantas.org.br\/novosite\/wp-json\/wp\/v2\/comments?post=22624"}],"version-history":[{"count":0,"href":"https:\/\/www.federassantas.org.br\/novosite\/wp-json\/wp\/v2\/posts\/22624\/revisions"}],"wp:featuredmedia":[{"embeddable":true,"href":"https:\/\/www.federassantas.org.br\/novosite\/wp-json\/"}],"wp:attachment":[{"href":"https:\/\/www.federassantas.org.br\/novosite\/wp-json\/wp\/v2\/media?parent=22624"}],"wp:term":[{"taxonomy":"category","embeddable":true,"href":"https:\/\/www.federassantas.org.br\/novosite\/wp-json\/wp\/v2\/categories?post=22624"},{"taxonomy":"post_tag","embeddable":true,"href":"https:\/\/www.federassantas.org.br\/novosite\/wp-json\/wp\/v2\/tags?post=22624"}],"curies":[{"name":"wp","href":"https:\/\/api.w.org\/{rel}","templated":true}]}}