{"id":22633,"date":"2021-11-12T10:43:53","date_gmt":"2021-11-12T13:43:53","guid":{"rendered":"https:\/\/federasbackup.meltcomunicacao.com.br\/?p=22633"},"modified":"2021-11-12T10:43:53","modified_gmt":"2021-11-12T13:43:53","slug":"santa-casa-montes-claros-realiza-procedimento-de-restauracao-auditiva","status":"publish","type":"post","link":"https:\/\/www.federassantas.org.br\/novosite\/santa-casa-montes-claros-realiza-procedimento-de-restauracao-auditiva\/","title":{"rendered":"Santa Casa Montes Claros realiza procedimento de restaura\u00e7\u00e3o auditiva"},"content":{"rendered":"\n<p>Conhecido como estapedotomia, o procedimento cir\u00fargico \u00e9&nbsp;indicado para melhora auditiva em pacientes com otosclerose, &#8220;uma doen\u00e7a gen\u00e9tica que altera o metabolismo \u00f3sseo especificamente da regi\u00e3o do ouvido (c\u00f3clea e oss\u00edculos do ouvido) causando um enrijecimento da cadeia ossicular, reduzindo a vibra\u00e7\u00e3o normal do ouvido e diminuindo o som que escutamos normalmente&#8221;, explica o otorrinolaringologista Marcos Loyola.<\/p>\n\n\n\n<p>De acordo com o m\u00e9dico, durante a cirurgia \u00e9 feita a remo\u00e7\u00e3o do estribo. &#8220;Perfuramos a platina do estribo remanescente na c\u00f3clea, da\u00ed o nome estapedotomia, e alocamos&nbsp; uma pr\u00f3tese auditiva entre o oss\u00edculo remanescente, a bigorna, e o furo na platina da c\u00f3clea. Com isso, o paciente recobra a funcionalidade da vibra\u00e7\u00e3o ossicular e a audi\u00e7\u00e3o&#8221;. Ele ressalta que, geralmente, o procedimento ocorre por dentro do canal auditivo, n\u00e3o tendo cortes externos e com dura\u00e7\u00e3o m\u00e9dia de 2h.<\/p>\n\n\n\n<p>Segundo o especialista, o ganho auditivo nestes casos \u00e9 excelente, uma vez que recupera, quase que completamente, a audi\u00e7\u00e3o, contribuindo com a qualidade de vida dos pacientes. &#8220;Indicamos a cirurgia quando o paciente apresenta perda auditiva de forma condutiva, ou seja, quando a audi\u00e7\u00e3o da c\u00f3clea e do nervo ainda est\u00e1 preservada o suficiente para recuperar a audi\u00e7\u00e3o a sua normalidade. Al\u00e9m disso, a pr\u00f3tese pode durar a vida toda, n\u00e3o sendo necess\u00e1rio novas manipula\u00e7\u00e3o, ocorrendo somente em casos espec\u00edficos&#8221;, esclarece Marcos Loyola.<\/p>\n\n\n\n<p><br>O otorrino ressalta ainda que a cirurgia \u00e9 focada apenas na parte auditiva para melhorar a audi\u00e7\u00e3o. &#8220;Este procedimento n\u00e3o cura a doen\u00e7a e n\u00e3o impede que a doen\u00e7a continue progredindo, podendo em uma parcela dos casos continuar a perder a audi\u00e7\u00e3o por acometimento da c\u00f3clea. Dessa forma, se a doen\u00e7a continuar progredindo, pode levar a perdas auditivas severas ou profundas, levando o paciente a surdez. Quando isso ocorre,&nbsp;optamos por outro tipo de cirurgia, ou seja, o implante coclear, que \u00e9 uma cirurgia que resgata a audi\u00e7\u00e3o de pacientes que vieram a ficar com surdez por decorr\u00eancia dessa doen\u00e7a&#8221;, complementa.<\/p>\n\n\n\n<p>Ap\u00f3s a coloca\u00e7\u00e3o da pr\u00f3tese, muitos pacientes voltam a desempenhar suas atividades sociais, de trabalho e estudos, escutando normalmente.<\/p>\n\n\n\n<p><\/p>\n\n\n\n<p>Por: Ana Paula Paix\u00e3o<br>Foto: Ascom\/Divulga\u00e7\u00e3o<\/p>\n","protected":false},"excerpt":{"rendered":"<p>Conhecido como estapedotomia, o procedimento cir\u00fargico \u00e9&nbsp;indicado para melhora auditiva em pacientes com otosclerose, &#8220;uma doen\u00e7a gen\u00e9tica que altera o metabolismo \u00f3sseo especificamente da regi\u00e3o do ouvido (c\u00f3clea e oss\u00edculos do ouvido) causando um enrijecimento da cadeia ossicular, reduzindo a vibra\u00e7\u00e3o normal do ouvido e diminuindo o som que escutamos normalmente&#8221;, explica o otorrinolaringologista Marcos [&hellip;]<\/p>\n","protected":false},"author":1,"featured_media":22634,"comment_status":"open","ping_status":"open","sticky":false,"template":"","format":"standard","meta":{"footnotes":""},"categories":[140,139],"tags":[],"class_list":["post-22633","post","type-post","status-publish","format-standard","has-post-thumbnail","hentry","category-noticias","category-noticias-filiados"],"yoast_head":"<!-- This site is optimized with the Yoast SEO plugin v26.9 - https:\/\/yoast.com\/product\/yoast-seo-wordpress\/ -->\n<title>Santa Casa Montes Claros realiza procedimento de restaura\u00e7\u00e3o auditiva - Federassantas<\/title>\n<meta name=\"robots\" content=\"index, follow, max-snippet:-1, max-image-preview:large, max-video-preview:-1\" \/>\n<link rel=\"canonical\" href=\"https:\/\/www.federassantas.org.br\/novosite\/santa-casa-montes-claros-realiza-procedimento-de-restauracao-auditiva\/\" \/>\n<meta property=\"og:locale\" content=\"pt_BR\" \/>\n<meta property=\"og:type\" content=\"article\" \/>\n<meta property=\"og:title\" content=\"Santa Casa Montes Claros realiza procedimento de restaura\u00e7\u00e3o auditiva - Federassantas\" \/>\n<meta property=\"og:description\" content=\"Conhecido como estapedotomia, o procedimento cir\u00fargico \u00e9&nbsp;indicado para melhora auditiva em pacientes com otosclerose, &#8220;uma doen\u00e7a gen\u00e9tica que altera o metabolismo \u00f3sseo especificamente da regi\u00e3o do ouvido (c\u00f3clea e oss\u00edculos do ouvido) causando um enrijecimento da cadeia ossicular, reduzindo a vibra\u00e7\u00e3o normal do ouvido e diminuindo o som que escutamos normalmente&#8221;, explica o otorrinolaringologista Marcos [&hellip;]\" \/>\n<meta property=\"og:url\" content=\"https:\/\/www.federassantas.org.br\/novosite\/santa-casa-montes-claros-realiza-procedimento-de-restauracao-auditiva\/\" \/>\n<meta property=\"og:site_name\" content=\"Federassantas\" \/>\n<meta property=\"article:published_time\" content=\"2021-11-12T13:43:53+00:00\" \/>\n<meta property=\"og:image\" content=\"https:\/\/www.federassantas.org.br\/novosite\/wp-content\/uploads\/2021\/11\/WhatsApp-Image-2021-11-12-at-10.34.39.jpeg\" \/>\n\t<meta property=\"og:image:width\" content=\"1244\" \/>\n\t<meta property=\"og:image:height\" content=\"1185\" \/>\n\t<meta property=\"og:image:type\" content=\"image\/jpeg\" \/>\n<meta name=\"author\" content=\"admin-federas\" \/>\n<meta name=\"twitter:card\" content=\"summary_large_image\" \/>\n<meta name=\"twitter:label1\" content=\"Escrito por\" \/>\n\t<meta name=\"twitter:data1\" content=\"admin-federas\" \/>\n\t<meta name=\"twitter:label2\" content=\"Est. tempo de leitura\" \/>\n\t<meta name=\"twitter:data2\" content=\"2 minutos\" \/>\n<script type=\"application\/ld+json\" class=\"yoast-schema-graph\">{\"@context\":\"https:\/\/schema.org\",\"@graph\":[{\"@type\":\"Article\",\"@id\":\"https:\/\/www.federassantas.org.br\/novosite\/santa-casa-montes-claros-realiza-procedimento-de-restauracao-auditiva\/#article\",\"isPartOf\":{\"@id\":\"https:\/\/www.federassantas.org.br\/novosite\/santa-casa-montes-claros-realiza-procedimento-de-restauracao-auditiva\/\"},\"author\":{\"name\":\"admin-federas\",\"@id\":\"https:\/\/www.federassantas.org.br\/novosite\/#\/schema\/person\/75fed98158349313fe56175f232f513c\"},\"headline\":\"Santa Casa Montes Claros realiza procedimento de restaura\u00e7\u00e3o auditiva\",\"datePublished\":\"2021-11-12T13:43:53+00:00\",\"mainEntityOfPage\":{\"@id\":\"https:\/\/www.federassantas.org.br\/novosite\/santa-casa-montes-claros-realiza-procedimento-de-restauracao-auditiva\/\"},\"wordCount\":397,\"commentCount\":0,\"publisher\":{\"@id\":\"https:\/\/www.federassantas.org.br\/novosite\/#organization\"},\"image\":{\"@id\":\"https:\/\/www.federassantas.org.br\/novosite\/santa-casa-montes-claros-realiza-procedimento-de-restauracao-auditiva\/#primaryimage\"},\"thumbnailUrl\":\"https:\/\/www.federassantas.org.br\/novosite\/wp-content\/uploads\/2021\/11\/WhatsApp-Image-2021-11-12-at-10.34.39.jpeg\",\"articleSection\":[\"Not\u00edcias\",\"Not\u00edcias filiados\"],\"inLanguage\":\"pt-BR\",\"potentialAction\":[{\"@type\":\"CommentAction\",\"name\":\"Comment\",\"target\":[\"https:\/\/www.federassantas.org.br\/novosite\/santa-casa-montes-claros-realiza-procedimento-de-restauracao-auditiva\/#respond\"]}]},{\"@type\":\"WebPage\",\"@id\":\"https:\/\/www.federassantas.org.br\/novosite\/santa-casa-montes-claros-realiza-procedimento-de-restauracao-auditiva\/\",\"url\":\"https:\/\/www.federassantas.org.br\/novosite\/santa-casa-montes-claros-realiza-procedimento-de-restauracao-auditiva\/\",\"name\":\"Santa Casa Montes Claros realiza procedimento de restaura\u00e7\u00e3o auditiva - Federassantas\",\"isPartOf\":{\"@id\":\"https:\/\/www.federassantas.org.br\/novosite\/#website\"},\"primaryImageOfPage\":{\"@id\":\"https:\/\/www.federassantas.org.br\/novosite\/santa-casa-montes-claros-realiza-procedimento-de-restauracao-auditiva\/#primaryimage\"},\"image\":{\"@id\":\"https:\/\/www.federassantas.org.br\/novosite\/santa-casa-montes-claros-realiza-procedimento-de-restauracao-auditiva\/#primaryimage\"},\"thumbnailUrl\":\"https:\/\/www.federassantas.org.br\/novosite\/wp-content\/uploads\/2021\/11\/WhatsApp-Image-2021-11-12-at-10.34.39.jpeg\",\"datePublished\":\"2021-11-12T13:43:53+00:00\",\"breadcrumb\":{\"@id\":\"https:\/\/www.federassantas.org.br\/novosite\/santa-casa-montes-claros-realiza-procedimento-de-restauracao-auditiva\/#breadcrumb\"},\"inLanguage\":\"pt-BR\",\"potentialAction\":[{\"@type\":\"ReadAction\",\"target\":[\"https:\/\/www.federassantas.org.br\/novosite\/santa-casa-montes-claros-realiza-procedimento-de-restauracao-auditiva\/\"]}]},{\"@type\":\"ImageObject\",\"inLanguage\":\"pt-BR\",\"@id\":\"https:\/\/www.federassantas.org.br\/novosite\/santa-casa-montes-claros-realiza-procedimento-de-restauracao-auditiva\/#primaryimage\",\"url\":\"https:\/\/www.federassantas.org.br\/novosite\/wp-content\/uploads\/2021\/11\/WhatsApp-Image-2021-11-12-at-10.34.39.jpeg\",\"contentUrl\":\"https:\/\/www.federassantas.org.br\/novosite\/wp-content\/uploads\/2021\/11\/WhatsApp-Image-2021-11-12-at-10.34.39.jpeg\",\"width\":1244,\"height\":1185},{\"@type\":\"BreadcrumbList\",\"@id\":\"https:\/\/www.federassantas.org.br\/novosite\/santa-casa-montes-claros-realiza-procedimento-de-restauracao-auditiva\/#breadcrumb\",\"itemListElement\":[{\"@type\":\"ListItem\",\"position\":1,\"name\":\"In\u00edcio\",\"item\":\"https:\/\/www.federassantas.org.br\/novosite\/\"},{\"@type\":\"ListItem\",\"position\":2,\"name\":\"Santa Casa Montes Claros realiza procedimento de restaura\u00e7\u00e3o auditiva\"}]},{\"@type\":\"WebSite\",\"@id\":\"https:\/\/www.federassantas.org.br\/novosite\/#website\",\"url\":\"https:\/\/www.federassantas.org.br\/novosite\/\",\"name\":\"Federassantas\",\"description\":\"Fed. das Santas Casas e Hospitais Filantr\u00f3picos de MG\",\"publisher\":{\"@id\":\"https:\/\/www.federassantas.org.br\/novosite\/#organization\"},\"potentialAction\":[{\"@type\":\"SearchAction\",\"target\":{\"@type\":\"EntryPoint\",\"urlTemplate\":\"https:\/\/www.federassantas.org.br\/novosite\/?s={search_term_string}\"},\"query-input\":{\"@type\":\"PropertyValueSpecification\",\"valueRequired\":true,\"valueName\":\"search_term_string\"}}],\"inLanguage\":\"pt-BR\"},{\"@type\":\"Organization\",\"@id\":\"https:\/\/www.federassantas.org.br\/novosite\/#organization\",\"name\":\"Federassantas\",\"url\":\"https:\/\/www.federassantas.org.br\/novosite\/\",\"logo\":{\"@type\":\"ImageObject\",\"inLanguage\":\"pt-BR\",\"@id\":\"https:\/\/www.federassantas.org.br\/novosite\/#\/schema\/logo\/image\/\",\"url\":\"https:\/\/www.federassantas.org.br\/novosite\/wp-content\/uploads\/2021\/12\/logo.png\",\"contentUrl\":\"https:\/\/www.federassantas.org.br\/novosite\/wp-content\/uploads\/2021\/12\/logo.png\",\"width\":243,\"height\":59,\"caption\":\"Federassantas\"},\"image\":{\"@id\":\"https:\/\/www.federassantas.org.br\/novosite\/#\/schema\/logo\/image\/\"}},{\"@type\":\"Person\",\"@id\":\"https:\/\/www.federassantas.org.br\/novosite\/#\/schema\/person\/75fed98158349313fe56175f232f513c\",\"name\":\"admin-federas\",\"image\":{\"@type\":\"ImageObject\",\"inLanguage\":\"pt-BR\",\"@id\":\"https:\/\/www.federassantas.org.br\/novosite\/#\/schema\/person\/image\/\",\"url\":\"https:\/\/secure.gravatar.com\/avatar\/2a02d7dda59fe8dc6b7ffd3f652e2efede5ccf0dd89dfdc8137c5517f3de8407?s=96&d=mm&r=g\",\"contentUrl\":\"https:\/\/secure.gravatar.com\/avatar\/2a02d7dda59fe8dc6b7ffd3f652e2efede5ccf0dd89dfdc8137c5517f3de8407?s=96&d=mm&r=g\",\"caption\":\"admin-federas\"},\"sameAs\":[\"https:\/\/www.federassantas.org.br\/novosite\/\"],\"url\":\"https:\/\/www.federassantas.org.br\/novosite\/author\/admin-federas\/\"}]}<\/script>\n<!-- \/ Yoast SEO plugin. -->","yoast_head_json":{"title":"Santa Casa Montes Claros realiza procedimento de restaura\u00e7\u00e3o auditiva - Federassantas","robots":{"index":"index","follow":"follow","max-snippet":"max-snippet:-1","max-image-preview":"max-image-preview:large","max-video-preview":"max-video-preview:-1"},"canonical":"https:\/\/www.federassantas.org.br\/novosite\/santa-casa-montes-claros-realiza-procedimento-de-restauracao-auditiva\/","og_locale":"pt_BR","og_type":"article","og_title":"Santa Casa Montes Claros realiza procedimento de restaura\u00e7\u00e3o auditiva - Federassantas","og_description":"Conhecido como estapedotomia, o procedimento cir\u00fargico \u00e9&nbsp;indicado para melhora auditiva em pacientes com otosclerose, &#8220;uma doen\u00e7a gen\u00e9tica que altera o metabolismo \u00f3sseo especificamente da regi\u00e3o do ouvido (c\u00f3clea e oss\u00edculos do ouvido) causando um enrijecimento da cadeia ossicular, reduzindo a vibra\u00e7\u00e3o normal do ouvido e diminuindo o som que escutamos normalmente&#8221;, explica o otorrinolaringologista Marcos [&hellip;]","og_url":"https:\/\/www.federassantas.org.br\/novosite\/santa-casa-montes-claros-realiza-procedimento-de-restauracao-auditiva\/","og_site_name":"Federassantas","article_published_time":"2021-11-12T13:43:53+00:00","og_image":[{"width":1244,"height":1185,"url":"https:\/\/www.federassantas.org.br\/novosite\/wp-content\/uploads\/2021\/11\/WhatsApp-Image-2021-11-12-at-10.34.39.jpeg","type":"image\/jpeg"}],"author":"admin-federas","twitter_card":"summary_large_image","twitter_misc":{"Escrito por":"admin-federas","Est. tempo de leitura":"2 minutos"},"schema":{"@context":"https:\/\/schema.org","@graph":[{"@type":"Article","@id":"https:\/\/www.federassantas.org.br\/novosite\/santa-casa-montes-claros-realiza-procedimento-de-restauracao-auditiva\/#article","isPartOf":{"@id":"https:\/\/www.federassantas.org.br\/novosite\/santa-casa-montes-claros-realiza-procedimento-de-restauracao-auditiva\/"},"author":{"name":"admin-federas","@id":"https:\/\/www.federassantas.org.br\/novosite\/#\/schema\/person\/75fed98158349313fe56175f232f513c"},"headline":"Santa Casa Montes Claros realiza procedimento de restaura\u00e7\u00e3o auditiva","datePublished":"2021-11-12T13:43:53+00:00","mainEntityOfPage":{"@id":"https:\/\/www.federassantas.org.br\/novosite\/santa-casa-montes-claros-realiza-procedimento-de-restauracao-auditiva\/"},"wordCount":397,"commentCount":0,"publisher":{"@id":"https:\/\/www.federassantas.org.br\/novosite\/#organization"},"image":{"@id":"https:\/\/www.federassantas.org.br\/novosite\/santa-casa-montes-claros-realiza-procedimento-de-restauracao-auditiva\/#primaryimage"},"thumbnailUrl":"https:\/\/www.federassantas.org.br\/novosite\/wp-content\/uploads\/2021\/11\/WhatsApp-Image-2021-11-12-at-10.34.39.jpeg","articleSection":["Not\u00edcias","Not\u00edcias filiados"],"inLanguage":"pt-BR","potentialAction":[{"@type":"CommentAction","name":"Comment","target":["https:\/\/www.federassantas.org.br\/novosite\/santa-casa-montes-claros-realiza-procedimento-de-restauracao-auditiva\/#respond"]}]},{"@type":"WebPage","@id":"https:\/\/www.federassantas.org.br\/novosite\/santa-casa-montes-claros-realiza-procedimento-de-restauracao-auditiva\/","url":"https:\/\/www.federassantas.org.br\/novosite\/santa-casa-montes-claros-realiza-procedimento-de-restauracao-auditiva\/","name":"Santa Casa Montes Claros realiza procedimento de restaura\u00e7\u00e3o auditiva - Federassantas","isPartOf":{"@id":"https:\/\/www.federassantas.org.br\/novosite\/#website"},"primaryImageOfPage":{"@id":"https:\/\/www.federassantas.org.br\/novosite\/santa-casa-montes-claros-realiza-procedimento-de-restauracao-auditiva\/#primaryimage"},"image":{"@id":"https:\/\/www.federassantas.org.br\/novosite\/santa-casa-montes-claros-realiza-procedimento-de-restauracao-auditiva\/#primaryimage"},"thumbnailUrl":"https:\/\/www.federassantas.org.br\/novosite\/wp-content\/uploads\/2021\/11\/WhatsApp-Image-2021-11-12-at-10.34.39.jpeg","datePublished":"2021-11-12T13:43:53+00:00","breadcrumb":{"@id":"https:\/\/www.federassantas.org.br\/novosite\/santa-casa-montes-claros-realiza-procedimento-de-restauracao-auditiva\/#breadcrumb"},"inLanguage":"pt-BR","potentialAction":[{"@type":"ReadAction","target":["https:\/\/www.federassantas.org.br\/novosite\/santa-casa-montes-claros-realiza-procedimento-de-restauracao-auditiva\/"]}]},{"@type":"ImageObject","inLanguage":"pt-BR","@id":"https:\/\/www.federassantas.org.br\/novosite\/santa-casa-montes-claros-realiza-procedimento-de-restauracao-auditiva\/#primaryimage","url":"https:\/\/www.federassantas.org.br\/novosite\/wp-content\/uploads\/2021\/11\/WhatsApp-Image-2021-11-12-at-10.34.39.jpeg","contentUrl":"https:\/\/www.federassantas.org.br\/novosite\/wp-content\/uploads\/2021\/11\/WhatsApp-Image-2021-11-12-at-10.34.39.jpeg","width":1244,"height":1185},{"@type":"BreadcrumbList","@id":"https:\/\/www.federassantas.org.br\/novosite\/santa-casa-montes-claros-realiza-procedimento-de-restauracao-auditiva\/#breadcrumb","itemListElement":[{"@type":"ListItem","position":1,"name":"In\u00edcio","item":"https:\/\/www.federassantas.org.br\/novosite\/"},{"@type":"ListItem","position":2,"name":"Santa Casa Montes Claros realiza procedimento de restaura\u00e7\u00e3o auditiva"}]},{"@type":"WebSite","@id":"https:\/\/www.federassantas.org.br\/novosite\/#website","url":"https:\/\/www.federassantas.org.br\/novosite\/","name":"Federassantas","description":"Fed. das Santas Casas e Hospitais Filantr\u00f3picos de MG","publisher":{"@id":"https:\/\/www.federassantas.org.br\/novosite\/#organization"},"potentialAction":[{"@type":"SearchAction","target":{"@type":"EntryPoint","urlTemplate":"https:\/\/www.federassantas.org.br\/novosite\/?s={search_term_string}"},"query-input":{"@type":"PropertyValueSpecification","valueRequired":true,"valueName":"search_term_string"}}],"inLanguage":"pt-BR"},{"@type":"Organization","@id":"https:\/\/www.federassantas.org.br\/novosite\/#organization","name":"Federassantas","url":"https:\/\/www.federassantas.org.br\/novosite\/","logo":{"@type":"ImageObject","inLanguage":"pt-BR","@id":"https:\/\/www.federassantas.org.br\/novosite\/#\/schema\/logo\/image\/","url":"https:\/\/www.federassantas.org.br\/novosite\/wp-content\/uploads\/2021\/12\/logo.png","contentUrl":"https:\/\/www.federassantas.org.br\/novosite\/wp-content\/uploads\/2021\/12\/logo.png","width":243,"height":59,"caption":"Federassantas"},"image":{"@id":"https:\/\/www.federassantas.org.br\/novosite\/#\/schema\/logo\/image\/"}},{"@type":"Person","@id":"https:\/\/www.federassantas.org.br\/novosite\/#\/schema\/person\/75fed98158349313fe56175f232f513c","name":"admin-federas","image":{"@type":"ImageObject","inLanguage":"pt-BR","@id":"https:\/\/www.federassantas.org.br\/novosite\/#\/schema\/person\/image\/","url":"https:\/\/secure.gravatar.com\/avatar\/2a02d7dda59fe8dc6b7ffd3f652e2efede5ccf0dd89dfdc8137c5517f3de8407?s=96&d=mm&r=g","contentUrl":"https:\/\/secure.gravatar.com\/avatar\/2a02d7dda59fe8dc6b7ffd3f652e2efede5ccf0dd89dfdc8137c5517f3de8407?s=96&d=mm&r=g","caption":"admin-federas"},"sameAs":["https:\/\/www.federassantas.org.br\/novosite\/"],"url":"https:\/\/www.federassantas.org.br\/novosite\/author\/admin-federas\/"}]}},"_links":{"self":[{"href":"https:\/\/www.federassantas.org.br\/novosite\/wp-json\/wp\/v2\/posts\/22633","targetHints":{"allow":["GET"]}}],"collection":[{"href":"https:\/\/www.federassantas.org.br\/novosite\/wp-json\/wp\/v2\/posts"}],"about":[{"href":"https:\/\/www.federassantas.org.br\/novosite\/wp-json\/wp\/v2\/types\/post"}],"author":[{"embeddable":true,"href":"https:\/\/www.federassantas.org.br\/novosite\/wp-json\/wp\/v2\/users\/1"}],"replies":[{"embeddable":true,"href":"https:\/\/www.federassantas.org.br\/novosite\/wp-json\/wp\/v2\/comments?post=22633"}],"version-history":[{"count":0,"href":"https:\/\/www.federassantas.org.br\/novosite\/wp-json\/wp\/v2\/posts\/22633\/revisions"}],"wp:featuredmedia":[{"embeddable":true,"href":"https:\/\/www.federassantas.org.br\/novosite\/wp-json\/wp\/v2\/media\/22634"}],"wp:attachment":[{"href":"https:\/\/www.federassantas.org.br\/novosite\/wp-json\/wp\/v2\/media?parent=22633"}],"wp:term":[{"taxonomy":"category","embeddable":true,"href":"https:\/\/www.federassantas.org.br\/novosite\/wp-json\/wp\/v2\/categories?post=22633"},{"taxonomy":"post_tag","embeddable":true,"href":"https:\/\/www.federassantas.org.br\/novosite\/wp-json\/wp\/v2\/tags?post=22633"}],"curies":[{"name":"wp","href":"https:\/\/api.w.org\/{rel}","templated":true}]}}