{"id":22642,"date":"2021-11-16T12:26:25","date_gmt":"2021-11-16T15:26:25","guid":{"rendered":"https:\/\/federasbackup.meltcomunicacao.com.br\/?p=22642"},"modified":"2021-11-16T12:26:25","modified_gmt":"2021-11-16T15:26:25","slug":"laboratorio-lanca-teste-para-alertar-sobre-risco-de-diabetes-tipo-2","status":"publish","type":"post","link":"https:\/\/www.federassantas.org.br\/novosite\/laboratorio-lanca-teste-para-alertar-sobre-risco-de-diabetes-tipo-2\/","title":{"rendered":"Laborat\u00f3rio lan\u00e7a teste para alertar sobre risco de diabetes tipo 2"},"content":{"rendered":"\n<p><em>Teste online \u00e9 feito a partir de perguntas sobre h\u00e1bitos de vida<\/em><\/p>\n\n\n\n<p>Para alertar a popula\u00e7\u00e3o e sensibilizar as pessoas sobre o risco do diabetes tipo 2, um laborat\u00f3rio farmac\u00eautico lan\u00e7ou a campanha Resposta na Ponta do Dedo, na qual convida a fazer um teste&nbsp;<em>online<\/em>&nbsp;que permite entender o risco de desenvolver a doen\u00e7a&nbsp;a partir de perguntas sobre os h\u00e1bitos de vida e hist\u00f3rico familiar.<img decoding=\"async\" src=\"https:\/\/agenciabrasil.ebc.com.br\/ebc.png?id=1427730&amp;o=node\"><img decoding=\"async\" src=\"https:\/\/agenciabrasil.ebc.com.br\/ebc.gif?id=1427730&amp;o=node\"><\/p>\n\n\n\n<p>Pelo menos 90% das pessoas com diabetes t\u00eam o tipo 2, segundo a Sociedade Brasileira de Diabetes (SBD). O tipo 2 \u00e9 aquele em que o organismo n\u00e3o consegue usar adequadamente a insulina que produz ou n\u00e3o produz a quantidade suficiente da subst\u00e2ncia para controlar a glicemia.<\/p>\n\n\n\n<p>Dados do&nbsp;<em>Atlas do Diabetes<\/em>, produzido pela Federa\u00e7\u00e3o Internacional de Diabetes (IDF), mostram&nbsp;que o Brasil \u00e9 o quinto pa\u00eds no mundo em incid\u00eancia da doen\u00e7a, com 16,8 milh\u00f5es de portadores. Apesar de ser uma doen\u00e7a cr\u00f4nica, o diabetes \u00e9 control\u00e1vel e o paciente pode&nbsp;ter&nbsp;uma vida normal.<\/p>\n\n\n\n<p>Para fazer o teste, basta acessar o&nbsp;<em>site<\/em>&nbsp;<a href=\"http:\/\/www.respostanapontadodedo.com.br\/\" target=\"_blank\" rel=\"noreferrer noopener\">www.respostanapontadodedo.com.br\/<\/a>.<\/p>\n\n\n\n<p>Caso o resultado seja moderado, alto ou muito alto, a pessoa recebe um&nbsp;<em>vouche<\/em>r para fazer um teste gratuito de glicemia capilar, conhecido como teste de ponta dedo, em uma farm\u00e1cia parceira da campanha. Os testes est\u00e3o sendo oferecidos em todo o Brasil, nas grandes redes de farm\u00e1cia, e a lista completa est\u00e1 dispon\u00edvel no&nbsp;<em>site<\/em>&nbsp;da campanha, na aba \u201cBuscar farm\u00e1cia\u201d.<\/p>\n\n\n\n<p>\u201c\u00c9 importante que o paciente de diabetes entenda que \u00e9 poss\u00edvel conviver com a doen\u00e7a e\u00a0ter\u00a0uma vida de qualidade a partir de mudan\u00e7as na rotina e no estilo de vida. Al\u00e9m do tratamento adequado, o teste de glicemia capilar &#8211; ou teste de ponta de dedo &#8211; \u00e9 importante ferramenta para monitorar o diabetes e evitar a grande varia\u00e7\u00e3o de a\u00e7\u00facar no sangue\u201d, disse a gerente m\u00e9dica do laborat\u00f3rio, Marina Figueiredo.<\/p>\n\n\n\n<p><\/p>\n\n\n\n<p>Fonte: <a href=\"https:\/\/agenciabrasil.ebc.com.br\/saude\/noticia\/2021-11\/laboratorio-lanca-teste-para-alertar-sobre-risco-de-diabetes-tipo-2\" target=\"_blank\" rel=\"noreferrer noopener\">Ag\u00eancia Brasil <\/a><br>Foto: Marcello Casal\/Ag\u00eancia Brasil<\/p>\n","protected":false},"excerpt":{"rendered":"<p>Teste online \u00e9 feito a partir de perguntas sobre h\u00e1bitos de vida Para alertar a popula\u00e7\u00e3o e sensibilizar as pessoas sobre o risco do diabetes tipo 2, um laborat\u00f3rio farmac\u00eautico lan\u00e7ou a campanha Resposta na Ponta do Dedo, na qual convida a fazer um teste&nbsp;online&nbsp;que permite entender o risco de desenvolver a doen\u00e7a&nbsp;a partir de [&hellip;]<\/p>\n","protected":false},"author":1,"featured_media":22643,"comment_status":"open","ping_status":"open","sticky":false,"template":"","format":"standard","meta":{"footnotes":""},"categories":[140],"tags":[],"class_list":["post-22642","post","type-post","status-publish","format-standard","has-post-thumbnail","hentry","category-noticias"],"yoast_head":"<!-- This site is optimized with the Yoast SEO plugin v26.9 - https:\/\/yoast.com\/product\/yoast-seo-wordpress\/ -->\n<title>Laborat\u00f3rio lan\u00e7a teste para alertar sobre risco de diabetes tipo 2 - Federassantas<\/title>\n<meta name=\"robots\" content=\"index, follow, max-snippet:-1, max-image-preview:large, max-video-preview:-1\" \/>\n<link rel=\"canonical\" href=\"https:\/\/www.federassantas.org.br\/novosite\/laboratorio-lanca-teste-para-alertar-sobre-risco-de-diabetes-tipo-2\/\" \/>\n<meta property=\"og:locale\" content=\"pt_BR\" \/>\n<meta property=\"og:type\" content=\"article\" \/>\n<meta property=\"og:title\" content=\"Laborat\u00f3rio lan\u00e7a teste para alertar sobre risco de diabetes tipo 2 - Federassantas\" \/>\n<meta property=\"og:description\" content=\"Teste online \u00e9 feito a partir de perguntas sobre h\u00e1bitos de vida Para alertar a popula\u00e7\u00e3o e sensibilizar as pessoas sobre o risco do diabetes tipo 2, um laborat\u00f3rio farmac\u00eautico lan\u00e7ou a campanha Resposta na Ponta do Dedo, na qual convida a fazer um teste&nbsp;online&nbsp;que permite entender o risco de desenvolver a doen\u00e7a&nbsp;a partir de [&hellip;]\" \/>\n<meta property=\"og:url\" content=\"https:\/\/www.federassantas.org.br\/novosite\/laboratorio-lanca-teste-para-alertar-sobre-risco-de-diabetes-tipo-2\/\" \/>\n<meta property=\"og:site_name\" content=\"Federassantas\" \/>\n<meta property=\"article:published_time\" content=\"2021-11-16T15:26:25+00:00\" \/>\n<meta name=\"author\" content=\"admin-federas\" \/>\n<meta name=\"twitter:card\" content=\"summary_large_image\" \/>\n<meta name=\"twitter:label1\" content=\"Escrito por\" \/>\n\t<meta name=\"twitter:data1\" content=\"admin-federas\" \/>\n\t<meta name=\"twitter:label2\" content=\"Est. tempo de leitura\" \/>\n\t<meta name=\"twitter:data2\" content=\"2 minutos\" \/>\n<script type=\"application\/ld+json\" class=\"yoast-schema-graph\">{\"@context\":\"https:\/\/schema.org\",\"@graph\":[{\"@type\":\"Article\",\"@id\":\"https:\/\/www.federassantas.org.br\/novosite\/laboratorio-lanca-teste-para-alertar-sobre-risco-de-diabetes-tipo-2\/#article\",\"isPartOf\":{\"@id\":\"https:\/\/www.federassantas.org.br\/novosite\/laboratorio-lanca-teste-para-alertar-sobre-risco-de-diabetes-tipo-2\/\"},\"author\":{\"name\":\"admin-federas\",\"@id\":\"https:\/\/www.federassantas.org.br\/novosite\/#\/schema\/person\/75fed98158349313fe56175f232f513c\"},\"headline\":\"Laborat\u00f3rio lan\u00e7a teste para alertar sobre risco de diabetes tipo 2\",\"datePublished\":\"2021-11-16T15:26:25+00:00\",\"mainEntityOfPage\":{\"@id\":\"https:\/\/www.federassantas.org.br\/novosite\/laboratorio-lanca-teste-para-alertar-sobre-risco-de-diabetes-tipo-2\/\"},\"wordCount\":365,\"commentCount\":0,\"publisher\":{\"@id\":\"https:\/\/www.federassantas.org.br\/novosite\/#organization\"},\"image\":{\"@id\":\"https:\/\/www.federassantas.org.br\/novosite\/laboratorio-lanca-teste-para-alertar-sobre-risco-de-diabetes-tipo-2\/#primaryimage\"},\"thumbnailUrl\":\"\",\"articleSection\":[\"Not\u00edcias\"],\"inLanguage\":\"pt-BR\",\"potentialAction\":[{\"@type\":\"CommentAction\",\"name\":\"Comment\",\"target\":[\"https:\/\/www.federassantas.org.br\/novosite\/laboratorio-lanca-teste-para-alertar-sobre-risco-de-diabetes-tipo-2\/#respond\"]}]},{\"@type\":\"WebPage\",\"@id\":\"https:\/\/www.federassantas.org.br\/novosite\/laboratorio-lanca-teste-para-alertar-sobre-risco-de-diabetes-tipo-2\/\",\"url\":\"https:\/\/www.federassantas.org.br\/novosite\/laboratorio-lanca-teste-para-alertar-sobre-risco-de-diabetes-tipo-2\/\",\"name\":\"Laborat\u00f3rio lan\u00e7a teste para alertar sobre risco de diabetes tipo 2 - Federassantas\",\"isPartOf\":{\"@id\":\"https:\/\/www.federassantas.org.br\/novosite\/#website\"},\"primaryImageOfPage\":{\"@id\":\"https:\/\/www.federassantas.org.br\/novosite\/laboratorio-lanca-teste-para-alertar-sobre-risco-de-diabetes-tipo-2\/#primaryimage\"},\"image\":{\"@id\":\"https:\/\/www.federassantas.org.br\/novosite\/laboratorio-lanca-teste-para-alertar-sobre-risco-de-diabetes-tipo-2\/#primaryimage\"},\"thumbnailUrl\":\"\",\"datePublished\":\"2021-11-16T15:26:25+00:00\",\"breadcrumb\":{\"@id\":\"https:\/\/www.federassantas.org.br\/novosite\/laboratorio-lanca-teste-para-alertar-sobre-risco-de-diabetes-tipo-2\/#breadcrumb\"},\"inLanguage\":\"pt-BR\",\"potentialAction\":[{\"@type\":\"ReadAction\",\"target\":[\"https:\/\/www.federassantas.org.br\/novosite\/laboratorio-lanca-teste-para-alertar-sobre-risco-de-diabetes-tipo-2\/\"]}]},{\"@type\":\"ImageObject\",\"inLanguage\":\"pt-BR\",\"@id\":\"https:\/\/www.federassantas.org.br\/novosite\/laboratorio-lanca-teste-para-alertar-sobre-risco-de-diabetes-tipo-2\/#primaryimage\",\"url\":\"\",\"contentUrl\":\"\"},{\"@type\":\"BreadcrumbList\",\"@id\":\"https:\/\/www.federassantas.org.br\/novosite\/laboratorio-lanca-teste-para-alertar-sobre-risco-de-diabetes-tipo-2\/#breadcrumb\",\"itemListElement\":[{\"@type\":\"ListItem\",\"position\":1,\"name\":\"In\u00edcio\",\"item\":\"https:\/\/www.federassantas.org.br\/novosite\/\"},{\"@type\":\"ListItem\",\"position\":2,\"name\":\"Laborat\u00f3rio lan\u00e7a teste para alertar sobre risco de diabetes tipo 2\"}]},{\"@type\":\"WebSite\",\"@id\":\"https:\/\/www.federassantas.org.br\/novosite\/#website\",\"url\":\"https:\/\/www.federassantas.org.br\/novosite\/\",\"name\":\"Federassantas\",\"description\":\"Fed. das Santas Casas e Hospitais Filantr\u00f3picos de MG\",\"publisher\":{\"@id\":\"https:\/\/www.federassantas.org.br\/novosite\/#organization\"},\"potentialAction\":[{\"@type\":\"SearchAction\",\"target\":{\"@type\":\"EntryPoint\",\"urlTemplate\":\"https:\/\/www.federassantas.org.br\/novosite\/?s={search_term_string}\"},\"query-input\":{\"@type\":\"PropertyValueSpecification\",\"valueRequired\":true,\"valueName\":\"search_term_string\"}}],\"inLanguage\":\"pt-BR\"},{\"@type\":\"Organization\",\"@id\":\"https:\/\/www.federassantas.org.br\/novosite\/#organization\",\"name\":\"Federassantas\",\"url\":\"https:\/\/www.federassantas.org.br\/novosite\/\",\"logo\":{\"@type\":\"ImageObject\",\"inLanguage\":\"pt-BR\",\"@id\":\"https:\/\/www.federassantas.org.br\/novosite\/#\/schema\/logo\/image\/\",\"url\":\"https:\/\/www.federassantas.org.br\/novosite\/wp-content\/uploads\/2021\/12\/logo.png\",\"contentUrl\":\"https:\/\/www.federassantas.org.br\/novosite\/wp-content\/uploads\/2021\/12\/logo.png\",\"width\":243,\"height\":59,\"caption\":\"Federassantas\"},\"image\":{\"@id\":\"https:\/\/www.federassantas.org.br\/novosite\/#\/schema\/logo\/image\/\"}},{\"@type\":\"Person\",\"@id\":\"https:\/\/www.federassantas.org.br\/novosite\/#\/schema\/person\/75fed98158349313fe56175f232f513c\",\"name\":\"admin-federas\",\"image\":{\"@type\":\"ImageObject\",\"inLanguage\":\"pt-BR\",\"@id\":\"https:\/\/www.federassantas.org.br\/novosite\/#\/schema\/person\/image\/\",\"url\":\"https:\/\/secure.gravatar.com\/avatar\/2a02d7dda59fe8dc6b7ffd3f652e2efede5ccf0dd89dfdc8137c5517f3de8407?s=96&d=mm&r=g\",\"contentUrl\":\"https:\/\/secure.gravatar.com\/avatar\/2a02d7dda59fe8dc6b7ffd3f652e2efede5ccf0dd89dfdc8137c5517f3de8407?s=96&d=mm&r=g\",\"caption\":\"admin-federas\"},\"sameAs\":[\"https:\/\/www.federassantas.org.br\/novosite\/\"],\"url\":\"https:\/\/www.federassantas.org.br\/novosite\/author\/admin-federas\/\"}]}<\/script>\n<!-- \/ Yoast SEO plugin. -->","yoast_head_json":{"title":"Laborat\u00f3rio lan\u00e7a teste para alertar sobre risco de diabetes tipo 2 - Federassantas","robots":{"index":"index","follow":"follow","max-snippet":"max-snippet:-1","max-image-preview":"max-image-preview:large","max-video-preview":"max-video-preview:-1"},"canonical":"https:\/\/www.federassantas.org.br\/novosite\/laboratorio-lanca-teste-para-alertar-sobre-risco-de-diabetes-tipo-2\/","og_locale":"pt_BR","og_type":"article","og_title":"Laborat\u00f3rio lan\u00e7a teste para alertar sobre risco de diabetes tipo 2 - Federassantas","og_description":"Teste online \u00e9 feito a partir de perguntas sobre h\u00e1bitos de vida Para alertar a popula\u00e7\u00e3o e sensibilizar as pessoas sobre o risco do diabetes tipo 2, um laborat\u00f3rio farmac\u00eautico lan\u00e7ou a campanha Resposta na Ponta do Dedo, na qual convida a fazer um teste&nbsp;online&nbsp;que permite entender o risco de desenvolver a doen\u00e7a&nbsp;a partir de [&hellip;]","og_url":"https:\/\/www.federassantas.org.br\/novosite\/laboratorio-lanca-teste-para-alertar-sobre-risco-de-diabetes-tipo-2\/","og_site_name":"Federassantas","article_published_time":"2021-11-16T15:26:25+00:00","author":"admin-federas","twitter_card":"summary_large_image","twitter_misc":{"Escrito por":"admin-federas","Est. tempo de leitura":"2 minutos"},"schema":{"@context":"https:\/\/schema.org","@graph":[{"@type":"Article","@id":"https:\/\/www.federassantas.org.br\/novosite\/laboratorio-lanca-teste-para-alertar-sobre-risco-de-diabetes-tipo-2\/#article","isPartOf":{"@id":"https:\/\/www.federassantas.org.br\/novosite\/laboratorio-lanca-teste-para-alertar-sobre-risco-de-diabetes-tipo-2\/"},"author":{"name":"admin-federas","@id":"https:\/\/www.federassantas.org.br\/novosite\/#\/schema\/person\/75fed98158349313fe56175f232f513c"},"headline":"Laborat\u00f3rio lan\u00e7a teste para alertar sobre risco de diabetes tipo 2","datePublished":"2021-11-16T15:26:25+00:00","mainEntityOfPage":{"@id":"https:\/\/www.federassantas.org.br\/novosite\/laboratorio-lanca-teste-para-alertar-sobre-risco-de-diabetes-tipo-2\/"},"wordCount":365,"commentCount":0,"publisher":{"@id":"https:\/\/www.federassantas.org.br\/novosite\/#organization"},"image":{"@id":"https:\/\/www.federassantas.org.br\/novosite\/laboratorio-lanca-teste-para-alertar-sobre-risco-de-diabetes-tipo-2\/#primaryimage"},"thumbnailUrl":"","articleSection":["Not\u00edcias"],"inLanguage":"pt-BR","potentialAction":[{"@type":"CommentAction","name":"Comment","target":["https:\/\/www.federassantas.org.br\/novosite\/laboratorio-lanca-teste-para-alertar-sobre-risco-de-diabetes-tipo-2\/#respond"]}]},{"@type":"WebPage","@id":"https:\/\/www.federassantas.org.br\/novosite\/laboratorio-lanca-teste-para-alertar-sobre-risco-de-diabetes-tipo-2\/","url":"https:\/\/www.federassantas.org.br\/novosite\/laboratorio-lanca-teste-para-alertar-sobre-risco-de-diabetes-tipo-2\/","name":"Laborat\u00f3rio lan\u00e7a teste para alertar sobre risco de diabetes tipo 2 - Federassantas","isPartOf":{"@id":"https:\/\/www.federassantas.org.br\/novosite\/#website"},"primaryImageOfPage":{"@id":"https:\/\/www.federassantas.org.br\/novosite\/laboratorio-lanca-teste-para-alertar-sobre-risco-de-diabetes-tipo-2\/#primaryimage"},"image":{"@id":"https:\/\/www.federassantas.org.br\/novosite\/laboratorio-lanca-teste-para-alertar-sobre-risco-de-diabetes-tipo-2\/#primaryimage"},"thumbnailUrl":"","datePublished":"2021-11-16T15:26:25+00:00","breadcrumb":{"@id":"https:\/\/www.federassantas.org.br\/novosite\/laboratorio-lanca-teste-para-alertar-sobre-risco-de-diabetes-tipo-2\/#breadcrumb"},"inLanguage":"pt-BR","potentialAction":[{"@type":"ReadAction","target":["https:\/\/www.federassantas.org.br\/novosite\/laboratorio-lanca-teste-para-alertar-sobre-risco-de-diabetes-tipo-2\/"]}]},{"@type":"ImageObject","inLanguage":"pt-BR","@id":"https:\/\/www.federassantas.org.br\/novosite\/laboratorio-lanca-teste-para-alertar-sobre-risco-de-diabetes-tipo-2\/#primaryimage","url":"","contentUrl":""},{"@type":"BreadcrumbList","@id":"https:\/\/www.federassantas.org.br\/novosite\/laboratorio-lanca-teste-para-alertar-sobre-risco-de-diabetes-tipo-2\/#breadcrumb","itemListElement":[{"@type":"ListItem","position":1,"name":"In\u00edcio","item":"https:\/\/www.federassantas.org.br\/novosite\/"},{"@type":"ListItem","position":2,"name":"Laborat\u00f3rio lan\u00e7a teste para alertar sobre risco de diabetes tipo 2"}]},{"@type":"WebSite","@id":"https:\/\/www.federassantas.org.br\/novosite\/#website","url":"https:\/\/www.federassantas.org.br\/novosite\/","name":"Federassantas","description":"Fed. das Santas Casas e Hospitais Filantr\u00f3picos de MG","publisher":{"@id":"https:\/\/www.federassantas.org.br\/novosite\/#organization"},"potentialAction":[{"@type":"SearchAction","target":{"@type":"EntryPoint","urlTemplate":"https:\/\/www.federassantas.org.br\/novosite\/?s={search_term_string}"},"query-input":{"@type":"PropertyValueSpecification","valueRequired":true,"valueName":"search_term_string"}}],"inLanguage":"pt-BR"},{"@type":"Organization","@id":"https:\/\/www.federassantas.org.br\/novosite\/#organization","name":"Federassantas","url":"https:\/\/www.federassantas.org.br\/novosite\/","logo":{"@type":"ImageObject","inLanguage":"pt-BR","@id":"https:\/\/www.federassantas.org.br\/novosite\/#\/schema\/logo\/image\/","url":"https:\/\/www.federassantas.org.br\/novosite\/wp-content\/uploads\/2021\/12\/logo.png","contentUrl":"https:\/\/www.federassantas.org.br\/novosite\/wp-content\/uploads\/2021\/12\/logo.png","width":243,"height":59,"caption":"Federassantas"},"image":{"@id":"https:\/\/www.federassantas.org.br\/novosite\/#\/schema\/logo\/image\/"}},{"@type":"Person","@id":"https:\/\/www.federassantas.org.br\/novosite\/#\/schema\/person\/75fed98158349313fe56175f232f513c","name":"admin-federas","image":{"@type":"ImageObject","inLanguage":"pt-BR","@id":"https:\/\/www.federassantas.org.br\/novosite\/#\/schema\/person\/image\/","url":"https:\/\/secure.gravatar.com\/avatar\/2a02d7dda59fe8dc6b7ffd3f652e2efede5ccf0dd89dfdc8137c5517f3de8407?s=96&d=mm&r=g","contentUrl":"https:\/\/secure.gravatar.com\/avatar\/2a02d7dda59fe8dc6b7ffd3f652e2efede5ccf0dd89dfdc8137c5517f3de8407?s=96&d=mm&r=g","caption":"admin-federas"},"sameAs":["https:\/\/www.federassantas.org.br\/novosite\/"],"url":"https:\/\/www.federassantas.org.br\/novosite\/author\/admin-federas\/"}]}},"_links":{"self":[{"href":"https:\/\/www.federassantas.org.br\/novosite\/wp-json\/wp\/v2\/posts\/22642","targetHints":{"allow":["GET"]}}],"collection":[{"href":"https:\/\/www.federassantas.org.br\/novosite\/wp-json\/wp\/v2\/posts"}],"about":[{"href":"https:\/\/www.federassantas.org.br\/novosite\/wp-json\/wp\/v2\/types\/post"}],"author":[{"embeddable":true,"href":"https:\/\/www.federassantas.org.br\/novosite\/wp-json\/wp\/v2\/users\/1"}],"replies":[{"embeddable":true,"href":"https:\/\/www.federassantas.org.br\/novosite\/wp-json\/wp\/v2\/comments?post=22642"}],"version-history":[{"count":0,"href":"https:\/\/www.federassantas.org.br\/novosite\/wp-json\/wp\/v2\/posts\/22642\/revisions"}],"wp:featuredmedia":[{"embeddable":true,"href":"https:\/\/www.federassantas.org.br\/novosite\/wp-json\/"}],"wp:attachment":[{"href":"https:\/\/www.federassantas.org.br\/novosite\/wp-json\/wp\/v2\/media?parent=22642"}],"wp:term":[{"taxonomy":"category","embeddable":true,"href":"https:\/\/www.federassantas.org.br\/novosite\/wp-json\/wp\/v2\/categories?post=22642"},{"taxonomy":"post_tag","embeddable":true,"href":"https:\/\/www.federassantas.org.br\/novosite\/wp-json\/wp\/v2\/tags?post=22642"}],"curies":[{"name":"wp","href":"https:\/\/api.w.org\/{rel}","templated":true}]}}