{"id":22652,"date":"2021-11-16T16:04:03","date_gmt":"2021-11-16T19:04:03","guid":{"rendered":"https:\/\/federasbackup.meltcomunicacao.com.br\/?p=22652"},"modified":"2021-11-16T16:04:03","modified_gmt":"2021-11-16T19:04:03","slug":"lancamento-da-associacao-brasileira-de-hospitais-e-clinicas-de-transicao-e-um-marco-historico-para-o-setor","status":"publish","type":"post","link":"https:\/\/www.federassantas.org.br\/novosite\/lancamento-da-associacao-brasileira-de-hospitais-e-clinicas-de-transicao-e-um-marco-historico-para-o-setor\/","title":{"rendered":"Lan\u00e7amento da Associa\u00e7\u00e3o Brasileira de Hospitais e Cl\u00ednicas de Transi\u00e7\u00e3o \u00e9 um marco hist\u00f3rico para o setor"},"content":{"rendered":"\n<p><em>Rede Paulo de Tarso \u00e9 precursora do modelo de transi\u00e7\u00e3o de cuidados no pa\u00eds<\/em><\/p>\n\n\n\n<p>A Rede Paulo de Tarso marcou presen\u00e7a no evento de lan\u00e7amento da Associa\u00e7\u00e3o Brasileira de Hospitais e Cl\u00ednicas de Transi\u00e7\u00e3o (ABRAHCT) realizado, no dia 9 de novembro, na sede da FIESP, em S\u00e3o Paulo. O encontro reuniu representantes de institui\u00e7\u00f5es de sa\u00fade que recebem pacientes que estiveram (ou est\u00e3o) internados por um tempo, que ainda precisam de cuidados essenciais, mas j\u00e1 passaram pela fase aguda da doen\u00e7a e n\u00e3o demandam interven\u00e7\u00f5es de alta complexidade e terapia intensiva existentes em hospitais gerais.<\/p>\n\n\n\n<p>A ABRAHCT nasce com o intuito de aumentar a visibilidade dessas institui\u00e7\u00f5es, buscando solu\u00e7\u00f5es inovadoras para assegurar o fortalecimento e a sustentabilidade do setor. Seu papel \u00e9 destacar os benef\u00edcios dos hospitais e cl\u00ednicas de transi\u00e7\u00e3o, al\u00e9m de garantir a sustentabilidade do ecossistema de sa\u00fade.<\/p>\n\n\n\n<p>Durante o encontro de apresenta\u00e7\u00e3o do conselho, foram discutidos o cen\u00e1rio, os desafios e a evolu\u00e7\u00e3o das unidades de transi\u00e7\u00e3o, as alternativas para a busca do melhor cuidado e o contexto p\u00f3s-pandemia da COVID-19. O CEO da Rede Paulo de Tarso, Carlos Costa, participou do evento e est\u00e1 confiante no que est\u00e1 por vir: \u201cestamos muito orgulhosos por fazer parte deste momento hist\u00f3rico para os hospitais e cl\u00ednicas de transi\u00e7\u00e3o.&nbsp; A Rede Paulo de Tarso \u00e9 precursora do modelo de transi\u00e7\u00e3o de cuidados no pa\u00eds atuando enquanto hospital especializado desde 1975 e tem muito a contribuir\u201d.<\/p>\n\n\n\n<p>Quer conferir como foi o evento? Acesse pelo Youtube da Fiesp Online:&nbsp;<\/p>\n\n\n\n<figure class=\"wp-block-embed is-type-video is-provider-youtube wp-block-embed-youtube wp-embed-aspect-16-9 wp-has-aspect-ratio\"><div class=\"wp-block-embed__wrapper\">\n<iframe title=\"Lan\u00e7amento da ABRAHCT (Associa\u00e7\u00e3o Brasileira de Hospitais e Cl\u00ednicas de Transi\u00e7\u00e3o)\" width=\"800\" height=\"450\" src=\"https:\/\/www.youtube.com\/embed\/NyFOmJBmaDI?start=522&#038;feature=oembed\" frameborder=\"0\" allow=\"accelerometer; autoplay; clipboard-write; encrypted-media; gyroscope; picture-in-picture\" allowfullscreen><\/iframe>\n<\/div><\/figure>\n\n\n\n<p><strong>O que s\u00e3o hospitais de transi\u00e7\u00e3o?<\/strong><\/p>\n\n\n\n<p>No momento em que se fala tanto em medicina personalizada, talvez esteja na hora de pensar mais em sa\u00fade integrada. Em uma popula\u00e7\u00e3o com a expectativa de vida cada vez mais alta, que nos leva automaticamente a um novo perfil epidemiol\u00f3gico de doen\u00e7as prevalentes, essas institui\u00e7\u00f5es aparecem como a melhor op\u00e7\u00e3o para pacientes cr\u00f4nicos ou com doen\u00e7as degenerativas.&nbsp;<\/p>\n\n\n\n<p>Entre os diversos benef\u00edcios que poder\u00e3o ser percebidos a partir da integra\u00e7\u00e3o de servi\u00e7os est\u00e3o os melhores desfechos cl\u00ednicos proporcionados pela intensidade de cuidados que o modelo assistencial prop\u00f5e, a gera\u00e7\u00e3o de uma grande economicidade financeira ao sistema de sa\u00fade atrav\u00e9s da redu\u00e7\u00e3o do tempo de perman\u00eancia de pacientes p\u00f3s-agudo oriundos dos hospitais gerais, maior disponibilidade de leitos de urg\u00eancia para atendimento de pacientes em estado grave, maior garantia de uma transi\u00e7\u00e3o segura para o domic\u00edlio com consequente redu\u00e7\u00e3o de judicializa\u00e7\u00f5es na sa\u00fade, uma efetiva gest\u00e3o de risco evitando-se, assim, a utiliza\u00e7\u00e3o desnecess\u00e1ria de emerg\u00eancias, a ado\u00e7\u00e3o de barreiras para iatrogenias (exames e procedimentos desnecess\u00e1rios) e atua\u00e7\u00e3o sempre com o foco na capacita\u00e7\u00e3o de fam\u00edlias, cuidadores e pacientes que possibilita relevante queda nas taxas de reinterna\u00e7\u00f5es.<\/p>\n\n\n\n<p>O Hospital de Transi\u00e7\u00e3o Paulo de Tarso (o \u00fanico de Minas Gerais) conta com equipes m\u00e9dicas e interdisciplinares treinadas e prioriza a capacita\u00e7\u00e3o e reabilita\u00e7\u00e3o, no qual paciente e fam\u00edlia s\u00e3o preparados durante todo o tratamento para seguirem de forma independente e segura ap\u00f3s a alta hospitalar. Diferentemente dos modelos tradicionais de assist\u00eancia, o servi\u00e7o \u00e9 aplicado em linhas de cuidados bem definidas, por meio do conceito \u201c<em>High Touch\u201d<\/em>, que, fundamentado no contato permanente da equipe assistencial e um plano de cuidados interdisciplinar individualizado, permite uma experi\u00eancia transformadora e acolhedora. \u2018\u2019O nosso modelo assistencial vem conquistando espa\u00e7o relevante na sa\u00fade em Minas Gerais e tem chamado aten\u00e7\u00e3o de outros Estados do Brasil, pois desempenha um papel estrat\u00e9gico muito importante para toda a cadeia de sa\u00fade atrav\u00e9s do intenso trabalho de conscientiza\u00e7\u00e3o sobre a necessidade de mudar a vis\u00e3o da assist\u00eancia com foco na doen\u00e7a para o foco na preven\u00e7\u00e3o\u201d, conclui Carlos Costa.<\/p>\n\n\n\n<p><\/p>\n\n\n\n<p>Por: Assessoria de Comunica\u00e7\u00e3o Rede Paulo de Tarso<\/p>\n","protected":false},"excerpt":{"rendered":"<p>Rede Paulo de Tarso \u00e9 precursora do modelo de transi\u00e7\u00e3o de cuidados no pa\u00eds A Rede Paulo de Tarso marcou presen\u00e7a no evento de lan\u00e7amento da Associa\u00e7\u00e3o Brasileira de Hospitais e Cl\u00ednicas de Transi\u00e7\u00e3o (ABRAHCT) realizado, no dia 9 de novembro, na sede da FIESP, em S\u00e3o Paulo. O encontro reuniu representantes de institui\u00e7\u00f5es de [&hellip;]<\/p>\n","protected":false},"author":1,"featured_media":22653,"comment_status":"open","ping_status":"open","sticky":false,"template":"","format":"standard","meta":{"footnotes":""},"categories":[140,139],"tags":[],"class_list":["post-22652","post","type-post","status-publish","format-standard","has-post-thumbnail","hentry","category-noticias","category-noticias-filiados"],"yoast_head":"<!-- This site is optimized with the Yoast SEO plugin v26.9 - https:\/\/yoast.com\/product\/yoast-seo-wordpress\/ -->\n<title>Lan\u00e7amento da Associa\u00e7\u00e3o Brasileira de Hospitais e Cl\u00ednicas de Transi\u00e7\u00e3o \u00e9 um marco hist\u00f3rico para o setor - Federassantas<\/title>\n<meta name=\"robots\" content=\"index, follow, max-snippet:-1, max-image-preview:large, max-video-preview:-1\" \/>\n<link rel=\"canonical\" href=\"https:\/\/www.federassantas.org.br\/novosite\/lancamento-da-associacao-brasileira-de-hospitais-e-clinicas-de-transicao-e-um-marco-historico-para-o-setor\/\" \/>\n<meta property=\"og:locale\" content=\"pt_BR\" \/>\n<meta property=\"og:type\" content=\"article\" \/>\n<meta property=\"og:title\" content=\"Lan\u00e7amento da Associa\u00e7\u00e3o Brasileira de Hospitais e Cl\u00ednicas de Transi\u00e7\u00e3o \u00e9 um marco hist\u00f3rico para o setor - Federassantas\" \/>\n<meta property=\"og:description\" content=\"Rede Paulo de Tarso \u00e9 precursora do modelo de transi\u00e7\u00e3o de cuidados no pa\u00eds A Rede Paulo de Tarso marcou presen\u00e7a no evento de lan\u00e7amento da Associa\u00e7\u00e3o Brasileira de Hospitais e Cl\u00ednicas de Transi\u00e7\u00e3o (ABRAHCT) realizado, no dia 9 de novembro, na sede da FIESP, em S\u00e3o Paulo. O encontro reuniu representantes de institui\u00e7\u00f5es de [&hellip;]\" \/>\n<meta property=\"og:url\" content=\"https:\/\/www.federassantas.org.br\/novosite\/lancamento-da-associacao-brasileira-de-hospitais-e-clinicas-de-transicao-e-um-marco-historico-para-o-setor\/\" \/>\n<meta property=\"og:site_name\" content=\"Federassantas\" \/>\n<meta property=\"article:published_time\" content=\"2021-11-16T19:04:03+00:00\" \/>\n<meta property=\"og:image\" content=\"https:\/\/www.federassantas.org.br\/novosite\/wp-content\/uploads\/2021\/11\/Divulgacao-Lancamento-ABRAHCT.jpeg\" \/>\n\t<meta property=\"og:image:width\" content=\"1357\" \/>\n\t<meta property=\"og:image:height\" content=\"817\" \/>\n\t<meta property=\"og:image:type\" content=\"image\/jpeg\" \/>\n<meta name=\"author\" content=\"admin-federas\" \/>\n<meta name=\"twitter:card\" content=\"summary_large_image\" \/>\n<meta name=\"twitter:label1\" content=\"Escrito por\" \/>\n\t<meta name=\"twitter:data1\" content=\"admin-federas\" \/>\n\t<meta name=\"twitter:label2\" content=\"Est. tempo de leitura\" \/>\n\t<meta name=\"twitter:data2\" content=\"3 minutos\" \/>\n<script type=\"application\/ld+json\" class=\"yoast-schema-graph\">{\"@context\":\"https:\/\/schema.org\",\"@graph\":[{\"@type\":\"Article\",\"@id\":\"https:\/\/www.federassantas.org.br\/novosite\/lancamento-da-associacao-brasileira-de-hospitais-e-clinicas-de-transicao-e-um-marco-historico-para-o-setor\/#article\",\"isPartOf\":{\"@id\":\"https:\/\/www.federassantas.org.br\/novosite\/lancamento-da-associacao-brasileira-de-hospitais-e-clinicas-de-transicao-e-um-marco-historico-para-o-setor\/\"},\"author\":{\"name\":\"admin-federas\",\"@id\":\"https:\/\/www.federassantas.org.br\/novosite\/#\/schema\/person\/75fed98158349313fe56175f232f513c\"},\"headline\":\"Lan\u00e7amento da Associa\u00e7\u00e3o Brasileira de Hospitais e Cl\u00ednicas de Transi\u00e7\u00e3o \u00e9 um marco hist\u00f3rico para o setor\",\"datePublished\":\"2021-11-16T19:04:03+00:00\",\"mainEntityOfPage\":{\"@id\":\"https:\/\/www.federassantas.org.br\/novosite\/lancamento-da-associacao-brasileira-de-hospitais-e-clinicas-de-transicao-e-um-marco-historico-para-o-setor\/\"},\"wordCount\":718,\"commentCount\":0,\"publisher\":{\"@id\":\"https:\/\/www.federassantas.org.br\/novosite\/#organization\"},\"image\":{\"@id\":\"https:\/\/www.federassantas.org.br\/novosite\/lancamento-da-associacao-brasileira-de-hospitais-e-clinicas-de-transicao-e-um-marco-historico-para-o-setor\/#primaryimage\"},\"thumbnailUrl\":\"https:\/\/www.federassantas.org.br\/novosite\/wp-content\/uploads\/2021\/11\/Divulgacao-Lancamento-ABRAHCT.jpeg\",\"articleSection\":[\"Not\u00edcias\",\"Not\u00edcias filiados\"],\"inLanguage\":\"pt-BR\",\"potentialAction\":[{\"@type\":\"CommentAction\",\"name\":\"Comment\",\"target\":[\"https:\/\/www.federassantas.org.br\/novosite\/lancamento-da-associacao-brasileira-de-hospitais-e-clinicas-de-transicao-e-um-marco-historico-para-o-setor\/#respond\"]}]},{\"@type\":\"WebPage\",\"@id\":\"https:\/\/www.federassantas.org.br\/novosite\/lancamento-da-associacao-brasileira-de-hospitais-e-clinicas-de-transicao-e-um-marco-historico-para-o-setor\/\",\"url\":\"https:\/\/www.federassantas.org.br\/novosite\/lancamento-da-associacao-brasileira-de-hospitais-e-clinicas-de-transicao-e-um-marco-historico-para-o-setor\/\",\"name\":\"Lan\u00e7amento da Associa\u00e7\u00e3o Brasileira de Hospitais e Cl\u00ednicas de Transi\u00e7\u00e3o \u00e9 um marco hist\u00f3rico para o setor - Federassantas\",\"isPartOf\":{\"@id\":\"https:\/\/www.federassantas.org.br\/novosite\/#website\"},\"primaryImageOfPage\":{\"@id\":\"https:\/\/www.federassantas.org.br\/novosite\/lancamento-da-associacao-brasileira-de-hospitais-e-clinicas-de-transicao-e-um-marco-historico-para-o-setor\/#primaryimage\"},\"image\":{\"@id\":\"https:\/\/www.federassantas.org.br\/novosite\/lancamento-da-associacao-brasileira-de-hospitais-e-clinicas-de-transicao-e-um-marco-historico-para-o-setor\/#primaryimage\"},\"thumbnailUrl\":\"https:\/\/www.federassantas.org.br\/novosite\/wp-content\/uploads\/2021\/11\/Divulgacao-Lancamento-ABRAHCT.jpeg\",\"datePublished\":\"2021-11-16T19:04:03+00:00\",\"breadcrumb\":{\"@id\":\"https:\/\/www.federassantas.org.br\/novosite\/lancamento-da-associacao-brasileira-de-hospitais-e-clinicas-de-transicao-e-um-marco-historico-para-o-setor\/#breadcrumb\"},\"inLanguage\":\"pt-BR\",\"potentialAction\":[{\"@type\":\"ReadAction\",\"target\":[\"https:\/\/www.federassantas.org.br\/novosite\/lancamento-da-associacao-brasileira-de-hospitais-e-clinicas-de-transicao-e-um-marco-historico-para-o-setor\/\"]}]},{\"@type\":\"ImageObject\",\"inLanguage\":\"pt-BR\",\"@id\":\"https:\/\/www.federassantas.org.br\/novosite\/lancamento-da-associacao-brasileira-de-hospitais-e-clinicas-de-transicao-e-um-marco-historico-para-o-setor\/#primaryimage\",\"url\":\"https:\/\/www.federassantas.org.br\/novosite\/wp-content\/uploads\/2021\/11\/Divulgacao-Lancamento-ABRAHCT.jpeg\",\"contentUrl\":\"https:\/\/www.federassantas.org.br\/novosite\/wp-content\/uploads\/2021\/11\/Divulgacao-Lancamento-ABRAHCT.jpeg\",\"width\":1357,\"height\":817},{\"@type\":\"BreadcrumbList\",\"@id\":\"https:\/\/www.federassantas.org.br\/novosite\/lancamento-da-associacao-brasileira-de-hospitais-e-clinicas-de-transicao-e-um-marco-historico-para-o-setor\/#breadcrumb\",\"itemListElement\":[{\"@type\":\"ListItem\",\"position\":1,\"name\":\"In\u00edcio\",\"item\":\"https:\/\/www.federassantas.org.br\/novosite\/\"},{\"@type\":\"ListItem\",\"position\":2,\"name\":\"Lan\u00e7amento da Associa\u00e7\u00e3o Brasileira de Hospitais e Cl\u00ednicas de Transi\u00e7\u00e3o \u00e9 um marco hist\u00f3rico para o setor\"}]},{\"@type\":\"WebSite\",\"@id\":\"https:\/\/www.federassantas.org.br\/novosite\/#website\",\"url\":\"https:\/\/www.federassantas.org.br\/novosite\/\",\"name\":\"Federassantas\",\"description\":\"Fed. das Santas Casas e Hospitais Filantr\u00f3picos de MG\",\"publisher\":{\"@id\":\"https:\/\/www.federassantas.org.br\/novosite\/#organization\"},\"potentialAction\":[{\"@type\":\"SearchAction\",\"target\":{\"@type\":\"EntryPoint\",\"urlTemplate\":\"https:\/\/www.federassantas.org.br\/novosite\/?s={search_term_string}\"},\"query-input\":{\"@type\":\"PropertyValueSpecification\",\"valueRequired\":true,\"valueName\":\"search_term_string\"}}],\"inLanguage\":\"pt-BR\"},{\"@type\":\"Organization\",\"@id\":\"https:\/\/www.federassantas.org.br\/novosite\/#organization\",\"name\":\"Federassantas\",\"url\":\"https:\/\/www.federassantas.org.br\/novosite\/\",\"logo\":{\"@type\":\"ImageObject\",\"inLanguage\":\"pt-BR\",\"@id\":\"https:\/\/www.federassantas.org.br\/novosite\/#\/schema\/logo\/image\/\",\"url\":\"https:\/\/www.federassantas.org.br\/novosite\/wp-content\/uploads\/2021\/12\/logo.png\",\"contentUrl\":\"https:\/\/www.federassantas.org.br\/novosite\/wp-content\/uploads\/2021\/12\/logo.png\",\"width\":243,\"height\":59,\"caption\":\"Federassantas\"},\"image\":{\"@id\":\"https:\/\/www.federassantas.org.br\/novosite\/#\/schema\/logo\/image\/\"}},{\"@type\":\"Person\",\"@id\":\"https:\/\/www.federassantas.org.br\/novosite\/#\/schema\/person\/75fed98158349313fe56175f232f513c\",\"name\":\"admin-federas\",\"image\":{\"@type\":\"ImageObject\",\"inLanguage\":\"pt-BR\",\"@id\":\"https:\/\/www.federassantas.org.br\/novosite\/#\/schema\/person\/image\/\",\"url\":\"https:\/\/secure.gravatar.com\/avatar\/2a02d7dda59fe8dc6b7ffd3f652e2efede5ccf0dd89dfdc8137c5517f3de8407?s=96&d=mm&r=g\",\"contentUrl\":\"https:\/\/secure.gravatar.com\/avatar\/2a02d7dda59fe8dc6b7ffd3f652e2efede5ccf0dd89dfdc8137c5517f3de8407?s=96&d=mm&r=g\",\"caption\":\"admin-federas\"},\"sameAs\":[\"https:\/\/www.federassantas.org.br\/novosite\/\"],\"url\":\"https:\/\/www.federassantas.org.br\/novosite\/author\/admin-federas\/\"}]}<\/script>\n<!-- \/ Yoast SEO plugin. -->","yoast_head_json":{"title":"Lan\u00e7amento da Associa\u00e7\u00e3o Brasileira de Hospitais e Cl\u00ednicas de Transi\u00e7\u00e3o \u00e9 um marco hist\u00f3rico para o setor - Federassantas","robots":{"index":"index","follow":"follow","max-snippet":"max-snippet:-1","max-image-preview":"max-image-preview:large","max-video-preview":"max-video-preview:-1"},"canonical":"https:\/\/www.federassantas.org.br\/novosite\/lancamento-da-associacao-brasileira-de-hospitais-e-clinicas-de-transicao-e-um-marco-historico-para-o-setor\/","og_locale":"pt_BR","og_type":"article","og_title":"Lan\u00e7amento da Associa\u00e7\u00e3o Brasileira de Hospitais e Cl\u00ednicas de Transi\u00e7\u00e3o \u00e9 um marco hist\u00f3rico para o setor - Federassantas","og_description":"Rede Paulo de Tarso \u00e9 precursora do modelo de transi\u00e7\u00e3o de cuidados no pa\u00eds A Rede Paulo de Tarso marcou presen\u00e7a no evento de lan\u00e7amento da Associa\u00e7\u00e3o Brasileira de Hospitais e Cl\u00ednicas de Transi\u00e7\u00e3o (ABRAHCT) realizado, no dia 9 de novembro, na sede da FIESP, em S\u00e3o Paulo. O encontro reuniu representantes de institui\u00e7\u00f5es de [&hellip;]","og_url":"https:\/\/www.federassantas.org.br\/novosite\/lancamento-da-associacao-brasileira-de-hospitais-e-clinicas-de-transicao-e-um-marco-historico-para-o-setor\/","og_site_name":"Federassantas","article_published_time":"2021-11-16T19:04:03+00:00","og_image":[{"width":1357,"height":817,"url":"https:\/\/www.federassantas.org.br\/novosite\/wp-content\/uploads\/2021\/11\/Divulgacao-Lancamento-ABRAHCT.jpeg","type":"image\/jpeg"}],"author":"admin-federas","twitter_card":"summary_large_image","twitter_misc":{"Escrito por":"admin-federas","Est. tempo de leitura":"3 minutos"},"schema":{"@context":"https:\/\/schema.org","@graph":[{"@type":"Article","@id":"https:\/\/www.federassantas.org.br\/novosite\/lancamento-da-associacao-brasileira-de-hospitais-e-clinicas-de-transicao-e-um-marco-historico-para-o-setor\/#article","isPartOf":{"@id":"https:\/\/www.federassantas.org.br\/novosite\/lancamento-da-associacao-brasileira-de-hospitais-e-clinicas-de-transicao-e-um-marco-historico-para-o-setor\/"},"author":{"name":"admin-federas","@id":"https:\/\/www.federassantas.org.br\/novosite\/#\/schema\/person\/75fed98158349313fe56175f232f513c"},"headline":"Lan\u00e7amento da Associa\u00e7\u00e3o Brasileira de Hospitais e Cl\u00ednicas de Transi\u00e7\u00e3o \u00e9 um marco hist\u00f3rico para o setor","datePublished":"2021-11-16T19:04:03+00:00","mainEntityOfPage":{"@id":"https:\/\/www.federassantas.org.br\/novosite\/lancamento-da-associacao-brasileira-de-hospitais-e-clinicas-de-transicao-e-um-marco-historico-para-o-setor\/"},"wordCount":718,"commentCount":0,"publisher":{"@id":"https:\/\/www.federassantas.org.br\/novosite\/#organization"},"image":{"@id":"https:\/\/www.federassantas.org.br\/novosite\/lancamento-da-associacao-brasileira-de-hospitais-e-clinicas-de-transicao-e-um-marco-historico-para-o-setor\/#primaryimage"},"thumbnailUrl":"https:\/\/www.federassantas.org.br\/novosite\/wp-content\/uploads\/2021\/11\/Divulgacao-Lancamento-ABRAHCT.jpeg","articleSection":["Not\u00edcias","Not\u00edcias filiados"],"inLanguage":"pt-BR","potentialAction":[{"@type":"CommentAction","name":"Comment","target":["https:\/\/www.federassantas.org.br\/novosite\/lancamento-da-associacao-brasileira-de-hospitais-e-clinicas-de-transicao-e-um-marco-historico-para-o-setor\/#respond"]}]},{"@type":"WebPage","@id":"https:\/\/www.federassantas.org.br\/novosite\/lancamento-da-associacao-brasileira-de-hospitais-e-clinicas-de-transicao-e-um-marco-historico-para-o-setor\/","url":"https:\/\/www.federassantas.org.br\/novosite\/lancamento-da-associacao-brasileira-de-hospitais-e-clinicas-de-transicao-e-um-marco-historico-para-o-setor\/","name":"Lan\u00e7amento da Associa\u00e7\u00e3o Brasileira de Hospitais e Cl\u00ednicas de Transi\u00e7\u00e3o \u00e9 um marco hist\u00f3rico para o setor - Federassantas","isPartOf":{"@id":"https:\/\/www.federassantas.org.br\/novosite\/#website"},"primaryImageOfPage":{"@id":"https:\/\/www.federassantas.org.br\/novosite\/lancamento-da-associacao-brasileira-de-hospitais-e-clinicas-de-transicao-e-um-marco-historico-para-o-setor\/#primaryimage"},"image":{"@id":"https:\/\/www.federassantas.org.br\/novosite\/lancamento-da-associacao-brasileira-de-hospitais-e-clinicas-de-transicao-e-um-marco-historico-para-o-setor\/#primaryimage"},"thumbnailUrl":"https:\/\/www.federassantas.org.br\/novosite\/wp-content\/uploads\/2021\/11\/Divulgacao-Lancamento-ABRAHCT.jpeg","datePublished":"2021-11-16T19:04:03+00:00","breadcrumb":{"@id":"https:\/\/www.federassantas.org.br\/novosite\/lancamento-da-associacao-brasileira-de-hospitais-e-clinicas-de-transicao-e-um-marco-historico-para-o-setor\/#breadcrumb"},"inLanguage":"pt-BR","potentialAction":[{"@type":"ReadAction","target":["https:\/\/www.federassantas.org.br\/novosite\/lancamento-da-associacao-brasileira-de-hospitais-e-clinicas-de-transicao-e-um-marco-historico-para-o-setor\/"]}]},{"@type":"ImageObject","inLanguage":"pt-BR","@id":"https:\/\/www.federassantas.org.br\/novosite\/lancamento-da-associacao-brasileira-de-hospitais-e-clinicas-de-transicao-e-um-marco-historico-para-o-setor\/#primaryimage","url":"https:\/\/www.federassantas.org.br\/novosite\/wp-content\/uploads\/2021\/11\/Divulgacao-Lancamento-ABRAHCT.jpeg","contentUrl":"https:\/\/www.federassantas.org.br\/novosite\/wp-content\/uploads\/2021\/11\/Divulgacao-Lancamento-ABRAHCT.jpeg","width":1357,"height":817},{"@type":"BreadcrumbList","@id":"https:\/\/www.federassantas.org.br\/novosite\/lancamento-da-associacao-brasileira-de-hospitais-e-clinicas-de-transicao-e-um-marco-historico-para-o-setor\/#breadcrumb","itemListElement":[{"@type":"ListItem","position":1,"name":"In\u00edcio","item":"https:\/\/www.federassantas.org.br\/novosite\/"},{"@type":"ListItem","position":2,"name":"Lan\u00e7amento da Associa\u00e7\u00e3o Brasileira de Hospitais e Cl\u00ednicas de Transi\u00e7\u00e3o \u00e9 um marco hist\u00f3rico para o setor"}]},{"@type":"WebSite","@id":"https:\/\/www.federassantas.org.br\/novosite\/#website","url":"https:\/\/www.federassantas.org.br\/novosite\/","name":"Federassantas","description":"Fed. das Santas Casas e Hospitais Filantr\u00f3picos de MG","publisher":{"@id":"https:\/\/www.federassantas.org.br\/novosite\/#organization"},"potentialAction":[{"@type":"SearchAction","target":{"@type":"EntryPoint","urlTemplate":"https:\/\/www.federassantas.org.br\/novosite\/?s={search_term_string}"},"query-input":{"@type":"PropertyValueSpecification","valueRequired":true,"valueName":"search_term_string"}}],"inLanguage":"pt-BR"},{"@type":"Organization","@id":"https:\/\/www.federassantas.org.br\/novosite\/#organization","name":"Federassantas","url":"https:\/\/www.federassantas.org.br\/novosite\/","logo":{"@type":"ImageObject","inLanguage":"pt-BR","@id":"https:\/\/www.federassantas.org.br\/novosite\/#\/schema\/logo\/image\/","url":"https:\/\/www.federassantas.org.br\/novosite\/wp-content\/uploads\/2021\/12\/logo.png","contentUrl":"https:\/\/www.federassantas.org.br\/novosite\/wp-content\/uploads\/2021\/12\/logo.png","width":243,"height":59,"caption":"Federassantas"},"image":{"@id":"https:\/\/www.federassantas.org.br\/novosite\/#\/schema\/logo\/image\/"}},{"@type":"Person","@id":"https:\/\/www.federassantas.org.br\/novosite\/#\/schema\/person\/75fed98158349313fe56175f232f513c","name":"admin-federas","image":{"@type":"ImageObject","inLanguage":"pt-BR","@id":"https:\/\/www.federassantas.org.br\/novosite\/#\/schema\/person\/image\/","url":"https:\/\/secure.gravatar.com\/avatar\/2a02d7dda59fe8dc6b7ffd3f652e2efede5ccf0dd89dfdc8137c5517f3de8407?s=96&d=mm&r=g","contentUrl":"https:\/\/secure.gravatar.com\/avatar\/2a02d7dda59fe8dc6b7ffd3f652e2efede5ccf0dd89dfdc8137c5517f3de8407?s=96&d=mm&r=g","caption":"admin-federas"},"sameAs":["https:\/\/www.federassantas.org.br\/novosite\/"],"url":"https:\/\/www.federassantas.org.br\/novosite\/author\/admin-federas\/"}]}},"_links":{"self":[{"href":"https:\/\/www.federassantas.org.br\/novosite\/wp-json\/wp\/v2\/posts\/22652","targetHints":{"allow":["GET"]}}],"collection":[{"href":"https:\/\/www.federassantas.org.br\/novosite\/wp-json\/wp\/v2\/posts"}],"about":[{"href":"https:\/\/www.federassantas.org.br\/novosite\/wp-json\/wp\/v2\/types\/post"}],"author":[{"embeddable":true,"href":"https:\/\/www.federassantas.org.br\/novosite\/wp-json\/wp\/v2\/users\/1"}],"replies":[{"embeddable":true,"href":"https:\/\/www.federassantas.org.br\/novosite\/wp-json\/wp\/v2\/comments?post=22652"}],"version-history":[{"count":0,"href":"https:\/\/www.federassantas.org.br\/novosite\/wp-json\/wp\/v2\/posts\/22652\/revisions"}],"wp:featuredmedia":[{"embeddable":true,"href":"https:\/\/www.federassantas.org.br\/novosite\/wp-json\/wp\/v2\/media\/22653"}],"wp:attachment":[{"href":"https:\/\/www.federassantas.org.br\/novosite\/wp-json\/wp\/v2\/media?parent=22652"}],"wp:term":[{"taxonomy":"category","embeddable":true,"href":"https:\/\/www.federassantas.org.br\/novosite\/wp-json\/wp\/v2\/categories?post=22652"},{"taxonomy":"post_tag","embeddable":true,"href":"https:\/\/www.federassantas.org.br\/novosite\/wp-json\/wp\/v2\/tags?post=22652"}],"curies":[{"name":"wp","href":"https:\/\/api.w.org\/{rel}","templated":true}]}}