{"id":22655,"date":"2021-11-17T12:41:50","date_gmt":"2021-11-17T15:41:50","guid":{"rendered":"https:\/\/federasbackup.meltcomunicacao.com.br\/?p=22655"},"modified":"2021-11-17T12:41:50","modified_gmt":"2021-11-17T15:41:50","slug":"covid-19-ministerio-reduz-intervalo-de-reforco-e-amplia-publico","status":"publish","type":"post","link":"https:\/\/www.federassantas.org.br\/novosite\/covid-19-ministerio-reduz-intervalo-de-reforco-e-amplia-publico\/","title":{"rendered":"Covid-19: minist\u00e9rio reduz intervalo de refor\u00e7o e amplia p\u00fablico"},"content":{"rendered":"\n<p><em>Refor\u00e7o ser\u00e1 aplicado 5 meses ap\u00f3s segunda dose<\/em><\/p>\n\n\n\n<p>O Minist\u00e9rio da Sa\u00fade anunciou,\u00a0nesta ter\u00e7a-feira\u00a0(16), a redu\u00e7\u00e3o do intervalo de tempo para aplica\u00e7\u00e3o da dose de refor\u00e7o da vacina contra a covid-19 dos atuais seis meses para cinco meses. A decis\u00e3o, que ser\u00e1 implementada pelas secretarias de Sa\u00fade dos estados e munic\u00edpios, contempla\u00a0todas as pessoas acima de 18 anos, independentemente do grupo et\u00e1rio ou profiss\u00e3o.\u00a0Inclusive aquelas que receberam a Janssen, que passa a contar com uma segunda dose &#8211; aplicada dois meses ap\u00f3s a primeira &#8211; e a dose de refor\u00e7o.<\/p>\n\n\n\n<p>&#8220;J\u00e1 t\u00ednhamos autorizado a aplica\u00e7\u00e3o desta dose de refor\u00e7o, ou adicional, para todos aqueles que tinham tomado a\u00a0segunda\u00a0dose h\u00e1 mais de seis meses e que tivessem [mais de] 60 anos. Agora, gra\u00e7as \u00e0s informa\u00e7\u00f5es advindas dos estudos cient\u00edficos realizados para avaliar a aplica\u00e7\u00e3o da terceira dose &#8211; e dos quais j\u00e1 temos dados preliminares -, decidimos ampliar esta dose de refor\u00e7o para todos aqueles acima de 18 anos de idade que tenham tomado a\u00a0segunda\u00a0dose h\u00e1 mais de cinco meses\u201d, disse o ministro da Sa\u00fade, Marcelo Queiroga.<\/p>\n\n\n\n<p>Ele garantiu que o estoque de&nbsp;imunizantes&nbsp;ser\u00e1 suficiente para atender \u00e0 demanda. Atualmente, h\u00e1 12,47 milh\u00f5es de pessoas aptas a receber a dose adicional.<\/p>\n\n\n\n<p>Segundo o Minist\u00e9rio da Sa\u00fade, mais de 350 milh\u00f5es de doses das vacinas contra a covid-19 j\u00e1 foram distribu\u00eddas para todo o pa\u00eds, e mais de 297 milh\u00f5es j\u00e1 foram aplicadas ao longo de onze meses. Mais de 157 milh\u00f5es de pessoas tomaram ao menos uma dose do imunizante \u2013 n\u00famero que, segundo a pasta, representa 88% do p\u00fablico-alvo previsto no plano nacional de vacina\u00e7\u00e3o contra a doen\u00e7a. No entanto, cerca de 21 milh\u00f5es de pessoas ainda n\u00e3o retornaram para tomar a&nbsp;segunda&nbsp;dose na data prevista.<\/p>\n\n\n\n<p>Segundo a secret\u00e1ria extraordin\u00e1ria de Enfrentamento \u00e0 Covid-19, Rosana Melo, pessoas na faixa entre 25 e 34 anos formam a maioria dos que ainda n\u00e3o compareceram para tomar a&nbsp;segunda&nbsp;dose. Analisando qual vacina as pessoas que n\u00e3o completaram o ciclo vacinal receberam, a secret\u00e1ria aventa a hip\u00f3tese de que, al\u00e9m de outros fatores (como a dificuldade de encontrarem tempo para retornar ao posto de vacina\u00e7\u00e3o), as rea\u00e7\u00f5es caracter\u00edsticas de cada imunizante podem estar desestimulando algumas pessoas.<\/p>\n\n\n\n<p>\u201cAlgumas [vacinas], de fato, trazem [causam] alguns efeitos adversos que passam em um ou dois dias. A popula\u00e7\u00e3o tem que estar consciente disso. Tem que estar alerta e saber que estes efeitos s\u00e3o esperados e acontecem\u201d, comentou Rosana, destacando que, junto com as recomenda\u00e7\u00f5es de uso de m\u00e1scara, distanciamento social e higieniza\u00e7\u00e3o das m\u00e3os frequente e adequada, a vacina\u00e7\u00e3o vem proporcionando a redu\u00e7\u00e3o do n\u00famero de casos graves da doen\u00e7a e, consequentemente, das interna\u00e7\u00f5es e mortes.<\/p>\n\n\n\n<p>\u201cHoje, n\u00f3s temos, no Brasil, 21,11 milh\u00f5es de pessoas que est\u00e3o aptas a tomar a&nbsp;segunda&nbsp;dose da vacina e, assim, completarem seu esquema vacinal\u201d, informou a secret\u00e1ria ao refor\u00e7ar que, para aumentar suas prote\u00e7\u00f5es contra a doen\u00e7a, a pessoa tem que tomar todas as doses recomendadas pelos laborat\u00f3rios fabricantes e autorizadas pelas autoridades sanit\u00e1rias.<\/p>\n\n\n\n<p>\u201cAl\u00e9m disso, os estudos t\u00eam mostrado que, a partir do quinto ou sexto m\u00eas, independentemente do imunizante utilizado, h\u00e1 sim uma necessidade de refor\u00e7armos nosso sistema imunol\u00f3gico tomando uma dose de refor\u00e7o\u201d, acrescentou a secret\u00e1ria, alertando para a import\u00e2ncia de os estados seguirem as novas recomenda\u00e7\u00f5es do minist\u00e9rio. \u201cSe algum estado fizer separado, diferente, prejudicar\u00e1 muito o nosso planejamento.\u201d<\/p>\n\n\n\n<h5 class=\"wp-block-heading\">Janssen<\/h5>\n\n\n\n<p>Outra mudan\u00e7a anunciada pela pasta diz respeito \u00e0\u00a0vacina da Janssen\u00a0que\u00a0era\u00a0aplicada em dose \u00fanica\u00a0e\u00a0passar\u00e1 a ter duas doses. \u201cNo in\u00edcio, a recomenda\u00e7\u00e3o era de que esta vacina fosse de dose \u00fanica. Hoje, sabemos que \u00e9 necess\u00e1ria esta prote\u00e7\u00e3o adicional. Ent\u00e3o, quem j\u00e1 tomou a Janssen, agora vai tomar a segunda dose do mesmo imunizante. E, l\u00e1 adiante, cinco meses ap\u00f3s [a segunda dose], um refor\u00e7o com imunizante diferente\u201d, disse Queiroga. A segunda dose da Janssen dever\u00e1 ser ministrada a partir de dois meses da primeira aplica\u00e7\u00e3o.\u00a0<\/p>\n\n\n\n<h5 class=\"wp-block-heading\">Mega Vacina\u00e7\u00e3o<\/h5>\n\n\n\n<p>O ministro da Sa\u00fade participou esta manh\u00e3&nbsp;da cerim\u00f4nia de lan\u00e7amento da campanha Mega Vacina\u00e7\u00e3o, marcada para o per\u00edodo de 20 e&nbsp;26 de novembro.&nbsp;Para estimular a popula\u00e7\u00e3o a tomar todas as doses recomendadas da vacina e completar o ciclo de imuniza\u00e7\u00e3o, o minist\u00e9rio conta com a amplia\u00e7\u00e3o do hor\u00e1rio de funcionamento dos postos de vacina\u00e7\u00e3o durante&nbsp;a iniciativa.&nbsp;<\/p>\n\n\n\n<p>\u201cJ\u00e1 temos uma das campanhas de vacina\u00e7\u00e3o contra a covid-19 mais importantes do mundo, tendo ultrapassado os Estados Unidos em rela\u00e7\u00e3o ao [percentual da] popula\u00e7\u00e3o imunizada, mas temos que avan\u00e7ar ainda mais para que n\u00e3o aconte\u00e7a o que est\u00e1 ocorrendo em alguns pa\u00edses da Europa, onde observamos um aumento do n\u00famero de casos\u201d, alertou o ministro, referindo-se a pa\u00edses como a Alemanha, que, na semana passada, voltou a anunciar medidas restritivas para conter o recrudescimento da doen\u00e7a.<\/p>\n\n\n\n<p>\u201cNosso objetivo \u00e9, atrav\u00e9s da campanha Mega Vacina\u00e7\u00e3o, ampliar ainda mais o acesso [da popula\u00e7\u00e3o \u00e0s vacinas] e convencer as pessoas a procurarem as Unidades B\u00e1sicas de Sa\u00fade [UBS] para, a partir da\u00ed, adquirirmos ainda mais a confian\u00e7a do povo brasileiro e um controle sanit\u00e1rio eficiente para evitarmos poss\u00edveis novas ondas da covid-19\u201d, disse Queiroga logo ap\u00f3s a exibi\u00e7\u00e3o de um v\u00eddeo promocional em que o Minist\u00e9rio da Sa\u00fade alerta que \u201cprote\u00e7\u00e3o pela metade n\u00e3o \u00e9 prote\u00e7\u00e3o\u201d.<\/p>\n\n\n\n<p>\u201cTemos [no Brasil] um cen\u00e1rio epidemiol\u00f3gico bem mais equilibrado em rela\u00e7\u00e3o \u00e0 pandemia. Nosso sistema de sa\u00fade est\u00e1 atendendo \u00e0s necessidades, sobretudo dos pacientes com s\u00edndromes respirat\u00f3rias agudas graves. Isso se deve \u00e0 efici\u00eancia das pol\u00edticas p\u00fablicas lideradas pelo Minist\u00e9rio da Sa\u00fade e que, na ponta, s\u00e3o implementadas pelos estados e munic\u00edpios [prefeituras]\u201d, acrescentou o ministro Marcelo Queiroga antes de detalhar a redu\u00e7\u00e3o do intervalo de tempo para aplica\u00e7\u00e3o da dose de refor\u00e7o.<\/p>\n\n\n\n<p><\/p>\n\n\n\n<p>Fonte: <a rel=\"noreferrer noopener\" href=\"https:\/\/agenciabrasil.ebc.com.br\/saude\/noticia\/2021-11\/covid-19-ministerio-reduz-intervalo-de-reforco-e-amplia-publico\" target=\"_blank\">Ag\u00eancia Brasil<\/a><br>Foto: Marcelo Camargo\/Ag\u00eancia Brasil<\/p>\n","protected":false},"excerpt":{"rendered":"<p>Refor\u00e7o ser\u00e1 aplicado 5 meses ap\u00f3s segunda dose O Minist\u00e9rio da Sa\u00fade anunciou,\u00a0nesta ter\u00e7a-feira\u00a0(16), a redu\u00e7\u00e3o do intervalo de tempo para aplica\u00e7\u00e3o da dose de refor\u00e7o da vacina contra a covid-19 dos atuais seis meses para cinco meses. A decis\u00e3o, que ser\u00e1 implementada pelas secretarias de Sa\u00fade dos estados e munic\u00edpios, contempla\u00a0todas as pessoas acima [&hellip;]<\/p>\n","protected":false},"author":1,"featured_media":22656,"comment_status":"open","ping_status":"open","sticky":false,"template":"","format":"standard","meta":{"footnotes":""},"categories":[140],"tags":[],"class_list":["post-22655","post","type-post","status-publish","format-standard","has-post-thumbnail","hentry","category-noticias"],"yoast_head":"<!-- This site is optimized with the Yoast SEO plugin v26.9 - https:\/\/yoast.com\/product\/yoast-seo-wordpress\/ -->\n<title>Covid-19: minist\u00e9rio reduz intervalo de refor\u00e7o e amplia p\u00fablico - Federassantas<\/title>\n<meta name=\"robots\" content=\"index, follow, max-snippet:-1, max-image-preview:large, max-video-preview:-1\" \/>\n<link rel=\"canonical\" href=\"https:\/\/www.federassantas.org.br\/novosite\/covid-19-ministerio-reduz-intervalo-de-reforco-e-amplia-publico\/\" \/>\n<meta property=\"og:locale\" content=\"pt_BR\" \/>\n<meta property=\"og:type\" content=\"article\" \/>\n<meta property=\"og:title\" content=\"Covid-19: minist\u00e9rio reduz intervalo de refor\u00e7o e amplia p\u00fablico - Federassantas\" \/>\n<meta property=\"og:description\" content=\"Refor\u00e7o ser\u00e1 aplicado 5 meses ap\u00f3s segunda dose O Minist\u00e9rio da Sa\u00fade anunciou,\u00a0nesta ter\u00e7a-feira\u00a0(16), a redu\u00e7\u00e3o do intervalo de tempo para aplica\u00e7\u00e3o da dose de refor\u00e7o da vacina contra a covid-19 dos atuais seis meses para cinco meses. A decis\u00e3o, que ser\u00e1 implementada pelas secretarias de Sa\u00fade dos estados e munic\u00edpios, contempla\u00a0todas as pessoas acima [&hellip;]\" \/>\n<meta property=\"og:url\" content=\"https:\/\/www.federassantas.org.br\/novosite\/covid-19-ministerio-reduz-intervalo-de-reforco-e-amplia-publico\/\" \/>\n<meta property=\"og:site_name\" content=\"Federassantas\" \/>\n<meta property=\"article:published_time\" content=\"2021-11-17T15:41:50+00:00\" \/>\n<meta name=\"author\" content=\"admin-federas\" \/>\n<meta name=\"twitter:card\" content=\"summary_large_image\" \/>\n<meta name=\"twitter:label1\" content=\"Escrito por\" \/>\n\t<meta name=\"twitter:data1\" content=\"admin-federas\" \/>\n\t<meta name=\"twitter:label2\" content=\"Est. tempo de leitura\" \/>\n\t<meta name=\"twitter:data2\" content=\"5 minutos\" \/>\n<script type=\"application\/ld+json\" class=\"yoast-schema-graph\">{\"@context\":\"https:\/\/schema.org\",\"@graph\":[{\"@type\":\"Article\",\"@id\":\"https:\/\/www.federassantas.org.br\/novosite\/covid-19-ministerio-reduz-intervalo-de-reforco-e-amplia-publico\/#article\",\"isPartOf\":{\"@id\":\"https:\/\/www.federassantas.org.br\/novosite\/covid-19-ministerio-reduz-intervalo-de-reforco-e-amplia-publico\/\"},\"author\":{\"name\":\"admin-federas\",\"@id\":\"https:\/\/www.federassantas.org.br\/novosite\/#\/schema\/person\/75fed98158349313fe56175f232f513c\"},\"headline\":\"Covid-19: minist\u00e9rio reduz intervalo de refor\u00e7o e amplia p\u00fablico\",\"datePublished\":\"2021-11-17T15:41:50+00:00\",\"mainEntityOfPage\":{\"@id\":\"https:\/\/www.federassantas.org.br\/novosite\/covid-19-ministerio-reduz-intervalo-de-reforco-e-amplia-publico\/\"},\"wordCount\":1095,\"commentCount\":0,\"publisher\":{\"@id\":\"https:\/\/www.federassantas.org.br\/novosite\/#organization\"},\"image\":{\"@id\":\"https:\/\/www.federassantas.org.br\/novosite\/covid-19-ministerio-reduz-intervalo-de-reforco-e-amplia-publico\/#primaryimage\"},\"thumbnailUrl\":\"\",\"articleSection\":[\"Not\u00edcias\"],\"inLanguage\":\"pt-BR\",\"potentialAction\":[{\"@type\":\"CommentAction\",\"name\":\"Comment\",\"target\":[\"https:\/\/www.federassantas.org.br\/novosite\/covid-19-ministerio-reduz-intervalo-de-reforco-e-amplia-publico\/#respond\"]}]},{\"@type\":\"WebPage\",\"@id\":\"https:\/\/www.federassantas.org.br\/novosite\/covid-19-ministerio-reduz-intervalo-de-reforco-e-amplia-publico\/\",\"url\":\"https:\/\/www.federassantas.org.br\/novosite\/covid-19-ministerio-reduz-intervalo-de-reforco-e-amplia-publico\/\",\"name\":\"Covid-19: minist\u00e9rio reduz intervalo de refor\u00e7o e amplia p\u00fablico - Federassantas\",\"isPartOf\":{\"@id\":\"https:\/\/www.federassantas.org.br\/novosite\/#website\"},\"primaryImageOfPage\":{\"@id\":\"https:\/\/www.federassantas.org.br\/novosite\/covid-19-ministerio-reduz-intervalo-de-reforco-e-amplia-publico\/#primaryimage\"},\"image\":{\"@id\":\"https:\/\/www.federassantas.org.br\/novosite\/covid-19-ministerio-reduz-intervalo-de-reforco-e-amplia-publico\/#primaryimage\"},\"thumbnailUrl\":\"\",\"datePublished\":\"2021-11-17T15:41:50+00:00\",\"breadcrumb\":{\"@id\":\"https:\/\/www.federassantas.org.br\/novosite\/covid-19-ministerio-reduz-intervalo-de-reforco-e-amplia-publico\/#breadcrumb\"},\"inLanguage\":\"pt-BR\",\"potentialAction\":[{\"@type\":\"ReadAction\",\"target\":[\"https:\/\/www.federassantas.org.br\/novosite\/covid-19-ministerio-reduz-intervalo-de-reforco-e-amplia-publico\/\"]}]},{\"@type\":\"ImageObject\",\"inLanguage\":\"pt-BR\",\"@id\":\"https:\/\/www.federassantas.org.br\/novosite\/covid-19-ministerio-reduz-intervalo-de-reforco-e-amplia-publico\/#primaryimage\",\"url\":\"\",\"contentUrl\":\"\"},{\"@type\":\"BreadcrumbList\",\"@id\":\"https:\/\/www.federassantas.org.br\/novosite\/covid-19-ministerio-reduz-intervalo-de-reforco-e-amplia-publico\/#breadcrumb\",\"itemListElement\":[{\"@type\":\"ListItem\",\"position\":1,\"name\":\"In\u00edcio\",\"item\":\"https:\/\/www.federassantas.org.br\/novosite\/\"},{\"@type\":\"ListItem\",\"position\":2,\"name\":\"Covid-19: minist\u00e9rio reduz intervalo de refor\u00e7o e amplia p\u00fablico\"}]},{\"@type\":\"WebSite\",\"@id\":\"https:\/\/www.federassantas.org.br\/novosite\/#website\",\"url\":\"https:\/\/www.federassantas.org.br\/novosite\/\",\"name\":\"Federassantas\",\"description\":\"Fed. das Santas Casas e Hospitais Filantr\u00f3picos de MG\",\"publisher\":{\"@id\":\"https:\/\/www.federassantas.org.br\/novosite\/#organization\"},\"potentialAction\":[{\"@type\":\"SearchAction\",\"target\":{\"@type\":\"EntryPoint\",\"urlTemplate\":\"https:\/\/www.federassantas.org.br\/novosite\/?s={search_term_string}\"},\"query-input\":{\"@type\":\"PropertyValueSpecification\",\"valueRequired\":true,\"valueName\":\"search_term_string\"}}],\"inLanguage\":\"pt-BR\"},{\"@type\":\"Organization\",\"@id\":\"https:\/\/www.federassantas.org.br\/novosite\/#organization\",\"name\":\"Federassantas\",\"url\":\"https:\/\/www.federassantas.org.br\/novosite\/\",\"logo\":{\"@type\":\"ImageObject\",\"inLanguage\":\"pt-BR\",\"@id\":\"https:\/\/www.federassantas.org.br\/novosite\/#\/schema\/logo\/image\/\",\"url\":\"https:\/\/www.federassantas.org.br\/novosite\/wp-content\/uploads\/2021\/12\/logo.png\",\"contentUrl\":\"https:\/\/www.federassantas.org.br\/novosite\/wp-content\/uploads\/2021\/12\/logo.png\",\"width\":243,\"height\":59,\"caption\":\"Federassantas\"},\"image\":{\"@id\":\"https:\/\/www.federassantas.org.br\/novosite\/#\/schema\/logo\/image\/\"}},{\"@type\":\"Person\",\"@id\":\"https:\/\/www.federassantas.org.br\/novosite\/#\/schema\/person\/75fed98158349313fe56175f232f513c\",\"name\":\"admin-federas\",\"image\":{\"@type\":\"ImageObject\",\"inLanguage\":\"pt-BR\",\"@id\":\"https:\/\/www.federassantas.org.br\/novosite\/#\/schema\/person\/image\/\",\"url\":\"https:\/\/secure.gravatar.com\/avatar\/2a02d7dda59fe8dc6b7ffd3f652e2efede5ccf0dd89dfdc8137c5517f3de8407?s=96&d=mm&r=g\",\"contentUrl\":\"https:\/\/secure.gravatar.com\/avatar\/2a02d7dda59fe8dc6b7ffd3f652e2efede5ccf0dd89dfdc8137c5517f3de8407?s=96&d=mm&r=g\",\"caption\":\"admin-federas\"},\"sameAs\":[\"https:\/\/www.federassantas.org.br\/novosite\/\"],\"url\":\"https:\/\/www.federassantas.org.br\/novosite\/author\/admin-federas\/\"}]}<\/script>\n<!-- \/ Yoast SEO plugin. -->","yoast_head_json":{"title":"Covid-19: minist\u00e9rio reduz intervalo de refor\u00e7o e amplia p\u00fablico - Federassantas","robots":{"index":"index","follow":"follow","max-snippet":"max-snippet:-1","max-image-preview":"max-image-preview:large","max-video-preview":"max-video-preview:-1"},"canonical":"https:\/\/www.federassantas.org.br\/novosite\/covid-19-ministerio-reduz-intervalo-de-reforco-e-amplia-publico\/","og_locale":"pt_BR","og_type":"article","og_title":"Covid-19: minist\u00e9rio reduz intervalo de refor\u00e7o e amplia p\u00fablico - Federassantas","og_description":"Refor\u00e7o ser\u00e1 aplicado 5 meses ap\u00f3s segunda dose O Minist\u00e9rio da Sa\u00fade anunciou,\u00a0nesta ter\u00e7a-feira\u00a0(16), a redu\u00e7\u00e3o do intervalo de tempo para aplica\u00e7\u00e3o da dose de refor\u00e7o da vacina contra a covid-19 dos atuais seis meses para cinco meses. A decis\u00e3o, que ser\u00e1 implementada pelas secretarias de Sa\u00fade dos estados e munic\u00edpios, contempla\u00a0todas as pessoas acima [&hellip;]","og_url":"https:\/\/www.federassantas.org.br\/novosite\/covid-19-ministerio-reduz-intervalo-de-reforco-e-amplia-publico\/","og_site_name":"Federassantas","article_published_time":"2021-11-17T15:41:50+00:00","author":"admin-federas","twitter_card":"summary_large_image","twitter_misc":{"Escrito por":"admin-federas","Est. tempo de leitura":"5 minutos"},"schema":{"@context":"https:\/\/schema.org","@graph":[{"@type":"Article","@id":"https:\/\/www.federassantas.org.br\/novosite\/covid-19-ministerio-reduz-intervalo-de-reforco-e-amplia-publico\/#article","isPartOf":{"@id":"https:\/\/www.federassantas.org.br\/novosite\/covid-19-ministerio-reduz-intervalo-de-reforco-e-amplia-publico\/"},"author":{"name":"admin-federas","@id":"https:\/\/www.federassantas.org.br\/novosite\/#\/schema\/person\/75fed98158349313fe56175f232f513c"},"headline":"Covid-19: minist\u00e9rio reduz intervalo de refor\u00e7o e amplia p\u00fablico","datePublished":"2021-11-17T15:41:50+00:00","mainEntityOfPage":{"@id":"https:\/\/www.federassantas.org.br\/novosite\/covid-19-ministerio-reduz-intervalo-de-reforco-e-amplia-publico\/"},"wordCount":1095,"commentCount":0,"publisher":{"@id":"https:\/\/www.federassantas.org.br\/novosite\/#organization"},"image":{"@id":"https:\/\/www.federassantas.org.br\/novosite\/covid-19-ministerio-reduz-intervalo-de-reforco-e-amplia-publico\/#primaryimage"},"thumbnailUrl":"","articleSection":["Not\u00edcias"],"inLanguage":"pt-BR","potentialAction":[{"@type":"CommentAction","name":"Comment","target":["https:\/\/www.federassantas.org.br\/novosite\/covid-19-ministerio-reduz-intervalo-de-reforco-e-amplia-publico\/#respond"]}]},{"@type":"WebPage","@id":"https:\/\/www.federassantas.org.br\/novosite\/covid-19-ministerio-reduz-intervalo-de-reforco-e-amplia-publico\/","url":"https:\/\/www.federassantas.org.br\/novosite\/covid-19-ministerio-reduz-intervalo-de-reforco-e-amplia-publico\/","name":"Covid-19: minist\u00e9rio reduz intervalo de refor\u00e7o e amplia p\u00fablico - Federassantas","isPartOf":{"@id":"https:\/\/www.federassantas.org.br\/novosite\/#website"},"primaryImageOfPage":{"@id":"https:\/\/www.federassantas.org.br\/novosite\/covid-19-ministerio-reduz-intervalo-de-reforco-e-amplia-publico\/#primaryimage"},"image":{"@id":"https:\/\/www.federassantas.org.br\/novosite\/covid-19-ministerio-reduz-intervalo-de-reforco-e-amplia-publico\/#primaryimage"},"thumbnailUrl":"","datePublished":"2021-11-17T15:41:50+00:00","breadcrumb":{"@id":"https:\/\/www.federassantas.org.br\/novosite\/covid-19-ministerio-reduz-intervalo-de-reforco-e-amplia-publico\/#breadcrumb"},"inLanguage":"pt-BR","potentialAction":[{"@type":"ReadAction","target":["https:\/\/www.federassantas.org.br\/novosite\/covid-19-ministerio-reduz-intervalo-de-reforco-e-amplia-publico\/"]}]},{"@type":"ImageObject","inLanguage":"pt-BR","@id":"https:\/\/www.federassantas.org.br\/novosite\/covid-19-ministerio-reduz-intervalo-de-reforco-e-amplia-publico\/#primaryimage","url":"","contentUrl":""},{"@type":"BreadcrumbList","@id":"https:\/\/www.federassantas.org.br\/novosite\/covid-19-ministerio-reduz-intervalo-de-reforco-e-amplia-publico\/#breadcrumb","itemListElement":[{"@type":"ListItem","position":1,"name":"In\u00edcio","item":"https:\/\/www.federassantas.org.br\/novosite\/"},{"@type":"ListItem","position":2,"name":"Covid-19: minist\u00e9rio reduz intervalo de refor\u00e7o e amplia p\u00fablico"}]},{"@type":"WebSite","@id":"https:\/\/www.federassantas.org.br\/novosite\/#website","url":"https:\/\/www.federassantas.org.br\/novosite\/","name":"Federassantas","description":"Fed. das Santas Casas e Hospitais Filantr\u00f3picos de MG","publisher":{"@id":"https:\/\/www.federassantas.org.br\/novosite\/#organization"},"potentialAction":[{"@type":"SearchAction","target":{"@type":"EntryPoint","urlTemplate":"https:\/\/www.federassantas.org.br\/novosite\/?s={search_term_string}"},"query-input":{"@type":"PropertyValueSpecification","valueRequired":true,"valueName":"search_term_string"}}],"inLanguage":"pt-BR"},{"@type":"Organization","@id":"https:\/\/www.federassantas.org.br\/novosite\/#organization","name":"Federassantas","url":"https:\/\/www.federassantas.org.br\/novosite\/","logo":{"@type":"ImageObject","inLanguage":"pt-BR","@id":"https:\/\/www.federassantas.org.br\/novosite\/#\/schema\/logo\/image\/","url":"https:\/\/www.federassantas.org.br\/novosite\/wp-content\/uploads\/2021\/12\/logo.png","contentUrl":"https:\/\/www.federassantas.org.br\/novosite\/wp-content\/uploads\/2021\/12\/logo.png","width":243,"height":59,"caption":"Federassantas"},"image":{"@id":"https:\/\/www.federassantas.org.br\/novosite\/#\/schema\/logo\/image\/"}},{"@type":"Person","@id":"https:\/\/www.federassantas.org.br\/novosite\/#\/schema\/person\/75fed98158349313fe56175f232f513c","name":"admin-federas","image":{"@type":"ImageObject","inLanguage":"pt-BR","@id":"https:\/\/www.federassantas.org.br\/novosite\/#\/schema\/person\/image\/","url":"https:\/\/secure.gravatar.com\/avatar\/2a02d7dda59fe8dc6b7ffd3f652e2efede5ccf0dd89dfdc8137c5517f3de8407?s=96&d=mm&r=g","contentUrl":"https:\/\/secure.gravatar.com\/avatar\/2a02d7dda59fe8dc6b7ffd3f652e2efede5ccf0dd89dfdc8137c5517f3de8407?s=96&d=mm&r=g","caption":"admin-federas"},"sameAs":["https:\/\/www.federassantas.org.br\/novosite\/"],"url":"https:\/\/www.federassantas.org.br\/novosite\/author\/admin-federas\/"}]}},"_links":{"self":[{"href":"https:\/\/www.federassantas.org.br\/novosite\/wp-json\/wp\/v2\/posts\/22655","targetHints":{"allow":["GET"]}}],"collection":[{"href":"https:\/\/www.federassantas.org.br\/novosite\/wp-json\/wp\/v2\/posts"}],"about":[{"href":"https:\/\/www.federassantas.org.br\/novosite\/wp-json\/wp\/v2\/types\/post"}],"author":[{"embeddable":true,"href":"https:\/\/www.federassantas.org.br\/novosite\/wp-json\/wp\/v2\/users\/1"}],"replies":[{"embeddable":true,"href":"https:\/\/www.federassantas.org.br\/novosite\/wp-json\/wp\/v2\/comments?post=22655"}],"version-history":[{"count":0,"href":"https:\/\/www.federassantas.org.br\/novosite\/wp-json\/wp\/v2\/posts\/22655\/revisions"}],"wp:featuredmedia":[{"embeddable":true,"href":"https:\/\/www.federassantas.org.br\/novosite\/wp-json\/"}],"wp:attachment":[{"href":"https:\/\/www.federassantas.org.br\/novosite\/wp-json\/wp\/v2\/media?parent=22655"}],"wp:term":[{"taxonomy":"category","embeddable":true,"href":"https:\/\/www.federassantas.org.br\/novosite\/wp-json\/wp\/v2\/categories?post=22655"},{"taxonomy":"post_tag","embeddable":true,"href":"https:\/\/www.federassantas.org.br\/novosite\/wp-json\/wp\/v2\/tags?post=22655"}],"curies":[{"name":"wp","href":"https:\/\/api.w.org\/{rel}","templated":true}]}}