{"id":22659,"date":"2021-11-17T12:44:36","date_gmt":"2021-11-17T15:44:36","guid":{"rendered":"https:\/\/federasbackup.meltcomunicacao.com.br\/?p=22659"},"modified":"2021-11-17T12:44:36","modified_gmt":"2021-11-17T15:44:36","slug":"e-preciso-olhar-o-que-acontece-em-outros-paises-diz-ministro-da-saude","status":"publish","type":"post","link":"https:\/\/www.federassantas.org.br\/novosite\/e-preciso-olhar-o-que-acontece-em-outros-paises-diz-ministro-da-saude\/","title":{"rendered":"\u00c9 preciso olhar o que acontece em outros pa\u00edses, diz ministro da Sa\u00fade"},"content":{"rendered":"\n<p><em>Na\u00e7\u00f5es europeias t\u00eam registrado aumento de casos nos \u00faltimos meses<\/em><\/p>\n\n\n\n<p>O ministro da Sa\u00fade, Marcelo Queiroga, disse,&nbsp;hoje&nbsp;(16), que governos&nbsp;estaduais e prefeituras, juntamente com o governo federal,&nbsp;devem discutir&nbsp;as medidas a serem adotadas para evitar que o n\u00famero de casos da covid-19 volte a aumentar, a exemplo do que vem acontecendo em outros pa\u00edses, em especial, os europeus.<img decoding=\"async\" src=\"https:\/\/agenciabrasil.ebc.com.br\/ebc.png?id=1427923&amp;o=node\"><img decoding=\"async\" src=\"https:\/\/agenciabrasil.ebc.com.br\/ebc.gif?id=1427923&amp;o=node\"><\/p>\n\n\n\n<p>\u201cO que desejamos \u00e9 voltar \u00e0 normalidade o mais r\u00e1pido poss\u00edvel,&nbsp;mas precisamos olhar o que est\u00e1 acontecendo nos outros pa\u00edses\u201d,&nbsp;declarou Queiroga ao ser perguntado se o conjunto de medidas relativas \u00e0 vacina\u00e7\u00e3o anunciado esta manh\u00e3 leva em conta a aproxima\u00e7\u00e3o de datas festivas que costumam reunir multid\u00f5es, como o r\u00e9veillon e o carnaval.<\/p>\n\n\n\n<p>\u201cEstamos acompanhando o cen\u00e1rio epidemiol\u00f3gico. Ent\u00e3o, a qualquer sinal de que possa haver um aumento de casos, as medidas de flexibiliza\u00e7\u00e3o podem, naturalmente, ser revistas. Seja no sentido de restringir, seja no sentido de torn\u00e1-las mais liberais\u201d,&nbsp;disse o ministro ao falar especificamente sobre o carnaval de 2022. \u201c\u00c9&nbsp;uma quest\u00e3o que precisa ser discutida.\u201d<\/p>\n\n\n\n<h5 class=\"wp-block-heading\">Europa<\/h5>\n\n\n\n<p>Nas \u00faltimas semanas,&nbsp;v\u00e1rios&nbsp;pa\u00edses europeus anunciaram a retomada de algumas&nbsp;restri\u00e7\u00f5es sanit\u00e1rias&nbsp;para tentar conter o recrudescimento dos casos de infec\u00e7\u00e3o pelo novo coronav\u00edrus,&nbsp;entre eles, a Alemanha,&nbsp;<a href=\"https:\/\/agenciabrasil.ebc.com.br\/internacional\/noticia\/2021-11\/austria-inicia-lockdown-em-meio-nova-onda-de-covid-19-na-europa\" target=\"_blank\" rel=\"noreferrer noopener\">\u00c1ustria<\/a>, Dinamarca, Fran\u00e7a e o Reino Unido.&nbsp;<\/p>\n\n\n\n<p>A Organiza\u00e7\u00e3o Mundial da Sa\u00fade (OMS)&nbsp;<a href=\"https:\/\/agenciabrasil.ebc.com.br\/internacional\/noticia\/2021-11\/oms-alerta-sobre-nova-batalha-da-europa-contra-covid-19\" target=\"_blank\" rel=\"noreferrer noopener\">afirmou&nbsp;que a batalha de pa\u00edses europeus contra a doen\u00e7a<\/a>&nbsp;\u00e9 uma \u201cchamada de alerta\u201d para o resto do mundo, uma vez que o v\u00edrus continua circulando.<\/p>\n\n\n\n<h5 class=\"wp-block-heading\">Dose de refor\u00e7o<\/h5>\n\n\n\n<p>No Brasil, o Minist\u00e9rio da Sa\u00fade promover\u00e1,&nbsp;entre os pr\u00f3ximos&nbsp;dias 20&nbsp;e&nbsp;26, a campanha&nbsp;Mega Vacina\u00e7\u00e3o&nbsp;para estimular a popula\u00e7\u00e3o a tomar todas as doses recomendadas da vacina, completando o ciclo de imuniza\u00e7\u00e3o b\u00e1sico.<\/p>\n\n\n\n<p>Atualmente, h\u00e1 21 milh\u00f5es de pessoas que, por diferentes raz\u00f5es, n\u00e3o compareceram a um posto de sa\u00fade a fim de tomar a&nbsp;segunda&nbsp;dose da vacina contra a covid-19. O&nbsp;Minist\u00e9rio da Sa\u00fade garante haver imunizantes para atender a todas elas.<\/p>\n\n\n\n<p>O minist\u00e9rio tamb\u00e9m anunciou&nbsp;<a href=\"https:\/\/agenciabrasil.ebc.com.br\/saude\/noticia\/2021-11\/covid-19-ministerio-reduz-intervalo-de-reforco-e-amplia-publico\" target=\"_blank\" rel=\"noreferrer noopener\">mudan\u00e7as no cronograma de vacina\u00e7\u00e3o<\/a>. O intervalo de tempo para aplica\u00e7\u00e3o da dose de refor\u00e7o (terceira dose)&nbsp;que antes era de seis meses ap\u00f3s a segunda, agora passa a ser de cinco meses &#8211; para aqueles que tomaram Coronavac, Pfizer ou&nbsp;AstraZeneca\/Oxford.<\/p>\n\n\n\n<p>Quem recebeu imunizante da Janssen, antes indicado&nbsp;como dose \u00fanica,&nbsp;tamb\u00e9m receber\u00e1 uma&nbsp;segunda&nbsp;dose &#8211; que dever\u00e1 ser aplicada dois meses ap\u00f3s a primeira -, al\u00e9m de uma dose de refor\u00e7o, cinco meses ap\u00f3s a&nbsp;segunda.<\/p>\n\n\n\n<p>Al\u00e9m disso, a pasta ampliou a faixa et\u00e1ria de quem deve receber a terceira dose, recomendando-a para todos que t\u00eam mais de 18 anos de idade. As novas orienta\u00e7\u00f5es ser\u00e3o implementadas pelas secretarias de Sa\u00fade dos estados e munic\u00edpios.<\/p>\n\n\n\n<p>\u201cNosso objetivo \u00e9, atrav\u00e9s da campanha Mega Vacina\u00e7\u00e3o [e das novas orienta\u00e7\u00f5es], ampliar ainda mais o acesso [da popula\u00e7\u00e3o \u00e0s vacinas] e convencer as pessoas a procurarem as Unidades B\u00e1sicas de Sa\u00fade [UBS] para, a partir da\u00ed, adquirirmos ainda mais a confian\u00e7a do povo brasileiro e um controle sanit\u00e1rio eficiente para evitarmos poss\u00edveis novas ondas da covid-19\u201d, disse Queiroga.<\/p>\n\n\n\n<p><\/p>\n\n\n\n<p>Fonte:<a rel=\"noreferrer noopener\" href=\"https:\/\/agenciabrasil.ebc.com.br\/saude\/noticia\/2021-11\/e-preciso-olhar-o-que-acontece-em-outros-paises-diz-ministro-da-saude\" target=\"_blank\"> Ag\u00eancia Brasil<\/a><br>Foto: Marcelo Camargo\/Ag\u00eancia Brasil<\/p>\n","protected":false},"excerpt":{"rendered":"<p>Na\u00e7\u00f5es europeias t\u00eam registrado aumento de casos nos \u00faltimos meses O ministro da Sa\u00fade, Marcelo Queiroga, disse,&nbsp;hoje&nbsp;(16), que governos&nbsp;estaduais e prefeituras, juntamente com o governo federal,&nbsp;devem discutir&nbsp;as medidas a serem adotadas para evitar que o n\u00famero de casos da covid-19 volte a aumentar, a exemplo do que vem acontecendo em outros pa\u00edses, em especial, os [&hellip;]<\/p>\n","protected":false},"author":1,"featured_media":22660,"comment_status":"open","ping_status":"open","sticky":false,"template":"","format":"standard","meta":{"footnotes":""},"categories":[140,143],"tags":[],"class_list":["post-22659","post","type-post","status-publish","format-standard","has-post-thumbnail","hentry","category-noticias","category-noticias-publicas"],"yoast_head":"<!-- This site is optimized with the Yoast SEO plugin v26.9 - https:\/\/yoast.com\/product\/yoast-seo-wordpress\/ -->\n<title>\u00c9 preciso olhar o que acontece em outros pa\u00edses, diz ministro da Sa\u00fade - Federassantas<\/title>\n<meta name=\"robots\" content=\"index, follow, max-snippet:-1, max-image-preview:large, max-video-preview:-1\" \/>\n<link rel=\"canonical\" href=\"https:\/\/www.federassantas.org.br\/novosite\/e-preciso-olhar-o-que-acontece-em-outros-paises-diz-ministro-da-saude\/\" \/>\n<meta property=\"og:locale\" content=\"pt_BR\" \/>\n<meta property=\"og:type\" content=\"article\" \/>\n<meta property=\"og:title\" content=\"\u00c9 preciso olhar o que acontece em outros pa\u00edses, diz ministro da Sa\u00fade - Federassantas\" \/>\n<meta property=\"og:description\" content=\"Na\u00e7\u00f5es europeias t\u00eam registrado aumento de casos nos \u00faltimos meses O ministro da Sa\u00fade, Marcelo Queiroga, disse,&nbsp;hoje&nbsp;(16), que governos&nbsp;estaduais e prefeituras, juntamente com o governo federal,&nbsp;devem discutir&nbsp;as medidas a serem adotadas para evitar que o n\u00famero de casos da covid-19 volte a aumentar, a exemplo do que vem acontecendo em outros pa\u00edses, em especial, os [&hellip;]\" \/>\n<meta property=\"og:url\" content=\"https:\/\/www.federassantas.org.br\/novosite\/e-preciso-olhar-o-que-acontece-em-outros-paises-diz-ministro-da-saude\/\" \/>\n<meta property=\"og:site_name\" content=\"Federassantas\" \/>\n<meta property=\"article:published_time\" content=\"2021-11-17T15:44:36+00:00\" \/>\n<meta name=\"author\" content=\"admin-federas\" \/>\n<meta name=\"twitter:card\" content=\"summary_large_image\" \/>\n<meta name=\"twitter:label1\" content=\"Escrito por\" \/>\n\t<meta name=\"twitter:data1\" content=\"admin-federas\" \/>\n\t<meta name=\"twitter:label2\" content=\"Est. tempo de leitura\" \/>\n\t<meta name=\"twitter:data2\" content=\"3 minutos\" \/>\n<script type=\"application\/ld+json\" class=\"yoast-schema-graph\">{\"@context\":\"https:\/\/schema.org\",\"@graph\":[{\"@type\":\"Article\",\"@id\":\"https:\/\/www.federassantas.org.br\/novosite\/e-preciso-olhar-o-que-acontece-em-outros-paises-diz-ministro-da-saude\/#article\",\"isPartOf\":{\"@id\":\"https:\/\/www.federassantas.org.br\/novosite\/e-preciso-olhar-o-que-acontece-em-outros-paises-diz-ministro-da-saude\/\"},\"author\":{\"name\":\"admin-federas\",\"@id\":\"https:\/\/www.federassantas.org.br\/novosite\/#\/schema\/person\/75fed98158349313fe56175f232f513c\"},\"headline\":\"\u00c9 preciso olhar o que acontece em outros pa\u00edses, diz ministro da Sa\u00fade\",\"datePublished\":\"2021-11-17T15:44:36+00:00\",\"mainEntityOfPage\":{\"@id\":\"https:\/\/www.federassantas.org.br\/novosite\/e-preciso-olhar-o-que-acontece-em-outros-paises-diz-ministro-da-saude\/\"},\"wordCount\":623,\"commentCount\":0,\"publisher\":{\"@id\":\"https:\/\/www.federassantas.org.br\/novosite\/#organization\"},\"image\":{\"@id\":\"https:\/\/www.federassantas.org.br\/novosite\/e-preciso-olhar-o-que-acontece-em-outros-paises-diz-ministro-da-saude\/#primaryimage\"},\"thumbnailUrl\":\"\",\"articleSection\":[\"Not\u00edcias\",\"Not\u00edcias P\u00fablicas\"],\"inLanguage\":\"pt-BR\",\"potentialAction\":[{\"@type\":\"CommentAction\",\"name\":\"Comment\",\"target\":[\"https:\/\/www.federassantas.org.br\/novosite\/e-preciso-olhar-o-que-acontece-em-outros-paises-diz-ministro-da-saude\/#respond\"]}]},{\"@type\":\"WebPage\",\"@id\":\"https:\/\/www.federassantas.org.br\/novosite\/e-preciso-olhar-o-que-acontece-em-outros-paises-diz-ministro-da-saude\/\",\"url\":\"https:\/\/www.federassantas.org.br\/novosite\/e-preciso-olhar-o-que-acontece-em-outros-paises-diz-ministro-da-saude\/\",\"name\":\"\u00c9 preciso olhar o que acontece em outros pa\u00edses, diz ministro da Sa\u00fade - Federassantas\",\"isPartOf\":{\"@id\":\"https:\/\/www.federassantas.org.br\/novosite\/#website\"},\"primaryImageOfPage\":{\"@id\":\"https:\/\/www.federassantas.org.br\/novosite\/e-preciso-olhar-o-que-acontece-em-outros-paises-diz-ministro-da-saude\/#primaryimage\"},\"image\":{\"@id\":\"https:\/\/www.federassantas.org.br\/novosite\/e-preciso-olhar-o-que-acontece-em-outros-paises-diz-ministro-da-saude\/#primaryimage\"},\"thumbnailUrl\":\"\",\"datePublished\":\"2021-11-17T15:44:36+00:00\",\"breadcrumb\":{\"@id\":\"https:\/\/www.federassantas.org.br\/novosite\/e-preciso-olhar-o-que-acontece-em-outros-paises-diz-ministro-da-saude\/#breadcrumb\"},\"inLanguage\":\"pt-BR\",\"potentialAction\":[{\"@type\":\"ReadAction\",\"target\":[\"https:\/\/www.federassantas.org.br\/novosite\/e-preciso-olhar-o-que-acontece-em-outros-paises-diz-ministro-da-saude\/\"]}]},{\"@type\":\"ImageObject\",\"inLanguage\":\"pt-BR\",\"@id\":\"https:\/\/www.federassantas.org.br\/novosite\/e-preciso-olhar-o-que-acontece-em-outros-paises-diz-ministro-da-saude\/#primaryimage\",\"url\":\"\",\"contentUrl\":\"\"},{\"@type\":\"BreadcrumbList\",\"@id\":\"https:\/\/www.federassantas.org.br\/novosite\/e-preciso-olhar-o-que-acontece-em-outros-paises-diz-ministro-da-saude\/#breadcrumb\",\"itemListElement\":[{\"@type\":\"ListItem\",\"position\":1,\"name\":\"In\u00edcio\",\"item\":\"https:\/\/www.federassantas.org.br\/novosite\/\"},{\"@type\":\"ListItem\",\"position\":2,\"name\":\"\u00c9 preciso olhar o que acontece em outros pa\u00edses, diz ministro da Sa\u00fade\"}]},{\"@type\":\"WebSite\",\"@id\":\"https:\/\/www.federassantas.org.br\/novosite\/#website\",\"url\":\"https:\/\/www.federassantas.org.br\/novosite\/\",\"name\":\"Federassantas\",\"description\":\"Fed. das Santas Casas e Hospitais Filantr\u00f3picos de MG\",\"publisher\":{\"@id\":\"https:\/\/www.federassantas.org.br\/novosite\/#organization\"},\"potentialAction\":[{\"@type\":\"SearchAction\",\"target\":{\"@type\":\"EntryPoint\",\"urlTemplate\":\"https:\/\/www.federassantas.org.br\/novosite\/?s={search_term_string}\"},\"query-input\":{\"@type\":\"PropertyValueSpecification\",\"valueRequired\":true,\"valueName\":\"search_term_string\"}}],\"inLanguage\":\"pt-BR\"},{\"@type\":\"Organization\",\"@id\":\"https:\/\/www.federassantas.org.br\/novosite\/#organization\",\"name\":\"Federassantas\",\"url\":\"https:\/\/www.federassantas.org.br\/novosite\/\",\"logo\":{\"@type\":\"ImageObject\",\"inLanguage\":\"pt-BR\",\"@id\":\"https:\/\/www.federassantas.org.br\/novosite\/#\/schema\/logo\/image\/\",\"url\":\"https:\/\/www.federassantas.org.br\/novosite\/wp-content\/uploads\/2021\/12\/logo.png\",\"contentUrl\":\"https:\/\/www.federassantas.org.br\/novosite\/wp-content\/uploads\/2021\/12\/logo.png\",\"width\":243,\"height\":59,\"caption\":\"Federassantas\"},\"image\":{\"@id\":\"https:\/\/www.federassantas.org.br\/novosite\/#\/schema\/logo\/image\/\"}},{\"@type\":\"Person\",\"@id\":\"https:\/\/www.federassantas.org.br\/novosite\/#\/schema\/person\/75fed98158349313fe56175f232f513c\",\"name\":\"admin-federas\",\"image\":{\"@type\":\"ImageObject\",\"inLanguage\":\"pt-BR\",\"@id\":\"https:\/\/www.federassantas.org.br\/novosite\/#\/schema\/person\/image\/\",\"url\":\"https:\/\/secure.gravatar.com\/avatar\/2a02d7dda59fe8dc6b7ffd3f652e2efede5ccf0dd89dfdc8137c5517f3de8407?s=96&d=mm&r=g\",\"contentUrl\":\"https:\/\/secure.gravatar.com\/avatar\/2a02d7dda59fe8dc6b7ffd3f652e2efede5ccf0dd89dfdc8137c5517f3de8407?s=96&d=mm&r=g\",\"caption\":\"admin-federas\"},\"sameAs\":[\"https:\/\/www.federassantas.org.br\/novosite\/\"],\"url\":\"https:\/\/www.federassantas.org.br\/novosite\/author\/admin-federas\/\"}]}<\/script>\n<!-- \/ Yoast SEO plugin. -->","yoast_head_json":{"title":"\u00c9 preciso olhar o que acontece em outros pa\u00edses, diz ministro da Sa\u00fade - Federassantas","robots":{"index":"index","follow":"follow","max-snippet":"max-snippet:-1","max-image-preview":"max-image-preview:large","max-video-preview":"max-video-preview:-1"},"canonical":"https:\/\/www.federassantas.org.br\/novosite\/e-preciso-olhar-o-que-acontece-em-outros-paises-diz-ministro-da-saude\/","og_locale":"pt_BR","og_type":"article","og_title":"\u00c9 preciso olhar o que acontece em outros pa\u00edses, diz ministro da Sa\u00fade - Federassantas","og_description":"Na\u00e7\u00f5es europeias t\u00eam registrado aumento de casos nos \u00faltimos meses O ministro da Sa\u00fade, Marcelo Queiroga, disse,&nbsp;hoje&nbsp;(16), que governos&nbsp;estaduais e prefeituras, juntamente com o governo federal,&nbsp;devem discutir&nbsp;as medidas a serem adotadas para evitar que o n\u00famero de casos da covid-19 volte a aumentar, a exemplo do que vem acontecendo em outros pa\u00edses, em especial, os [&hellip;]","og_url":"https:\/\/www.federassantas.org.br\/novosite\/e-preciso-olhar-o-que-acontece-em-outros-paises-diz-ministro-da-saude\/","og_site_name":"Federassantas","article_published_time":"2021-11-17T15:44:36+00:00","author":"admin-federas","twitter_card":"summary_large_image","twitter_misc":{"Escrito por":"admin-federas","Est. tempo de leitura":"3 minutos"},"schema":{"@context":"https:\/\/schema.org","@graph":[{"@type":"Article","@id":"https:\/\/www.federassantas.org.br\/novosite\/e-preciso-olhar-o-que-acontece-em-outros-paises-diz-ministro-da-saude\/#article","isPartOf":{"@id":"https:\/\/www.federassantas.org.br\/novosite\/e-preciso-olhar-o-que-acontece-em-outros-paises-diz-ministro-da-saude\/"},"author":{"name":"admin-federas","@id":"https:\/\/www.federassantas.org.br\/novosite\/#\/schema\/person\/75fed98158349313fe56175f232f513c"},"headline":"\u00c9 preciso olhar o que acontece em outros pa\u00edses, diz ministro da Sa\u00fade","datePublished":"2021-11-17T15:44:36+00:00","mainEntityOfPage":{"@id":"https:\/\/www.federassantas.org.br\/novosite\/e-preciso-olhar-o-que-acontece-em-outros-paises-diz-ministro-da-saude\/"},"wordCount":623,"commentCount":0,"publisher":{"@id":"https:\/\/www.federassantas.org.br\/novosite\/#organization"},"image":{"@id":"https:\/\/www.federassantas.org.br\/novosite\/e-preciso-olhar-o-que-acontece-em-outros-paises-diz-ministro-da-saude\/#primaryimage"},"thumbnailUrl":"","articleSection":["Not\u00edcias","Not\u00edcias P\u00fablicas"],"inLanguage":"pt-BR","potentialAction":[{"@type":"CommentAction","name":"Comment","target":["https:\/\/www.federassantas.org.br\/novosite\/e-preciso-olhar-o-que-acontece-em-outros-paises-diz-ministro-da-saude\/#respond"]}]},{"@type":"WebPage","@id":"https:\/\/www.federassantas.org.br\/novosite\/e-preciso-olhar-o-que-acontece-em-outros-paises-diz-ministro-da-saude\/","url":"https:\/\/www.federassantas.org.br\/novosite\/e-preciso-olhar-o-que-acontece-em-outros-paises-diz-ministro-da-saude\/","name":"\u00c9 preciso olhar o que acontece em outros pa\u00edses, diz ministro da Sa\u00fade - Federassantas","isPartOf":{"@id":"https:\/\/www.federassantas.org.br\/novosite\/#website"},"primaryImageOfPage":{"@id":"https:\/\/www.federassantas.org.br\/novosite\/e-preciso-olhar-o-que-acontece-em-outros-paises-diz-ministro-da-saude\/#primaryimage"},"image":{"@id":"https:\/\/www.federassantas.org.br\/novosite\/e-preciso-olhar-o-que-acontece-em-outros-paises-diz-ministro-da-saude\/#primaryimage"},"thumbnailUrl":"","datePublished":"2021-11-17T15:44:36+00:00","breadcrumb":{"@id":"https:\/\/www.federassantas.org.br\/novosite\/e-preciso-olhar-o-que-acontece-em-outros-paises-diz-ministro-da-saude\/#breadcrumb"},"inLanguage":"pt-BR","potentialAction":[{"@type":"ReadAction","target":["https:\/\/www.federassantas.org.br\/novosite\/e-preciso-olhar-o-que-acontece-em-outros-paises-diz-ministro-da-saude\/"]}]},{"@type":"ImageObject","inLanguage":"pt-BR","@id":"https:\/\/www.federassantas.org.br\/novosite\/e-preciso-olhar-o-que-acontece-em-outros-paises-diz-ministro-da-saude\/#primaryimage","url":"","contentUrl":""},{"@type":"BreadcrumbList","@id":"https:\/\/www.federassantas.org.br\/novosite\/e-preciso-olhar-o-que-acontece-em-outros-paises-diz-ministro-da-saude\/#breadcrumb","itemListElement":[{"@type":"ListItem","position":1,"name":"In\u00edcio","item":"https:\/\/www.federassantas.org.br\/novosite\/"},{"@type":"ListItem","position":2,"name":"\u00c9 preciso olhar o que acontece em outros pa\u00edses, diz ministro da Sa\u00fade"}]},{"@type":"WebSite","@id":"https:\/\/www.federassantas.org.br\/novosite\/#website","url":"https:\/\/www.federassantas.org.br\/novosite\/","name":"Federassantas","description":"Fed. das Santas Casas e Hospitais Filantr\u00f3picos de MG","publisher":{"@id":"https:\/\/www.federassantas.org.br\/novosite\/#organization"},"potentialAction":[{"@type":"SearchAction","target":{"@type":"EntryPoint","urlTemplate":"https:\/\/www.federassantas.org.br\/novosite\/?s={search_term_string}"},"query-input":{"@type":"PropertyValueSpecification","valueRequired":true,"valueName":"search_term_string"}}],"inLanguage":"pt-BR"},{"@type":"Organization","@id":"https:\/\/www.federassantas.org.br\/novosite\/#organization","name":"Federassantas","url":"https:\/\/www.federassantas.org.br\/novosite\/","logo":{"@type":"ImageObject","inLanguage":"pt-BR","@id":"https:\/\/www.federassantas.org.br\/novosite\/#\/schema\/logo\/image\/","url":"https:\/\/www.federassantas.org.br\/novosite\/wp-content\/uploads\/2021\/12\/logo.png","contentUrl":"https:\/\/www.federassantas.org.br\/novosite\/wp-content\/uploads\/2021\/12\/logo.png","width":243,"height":59,"caption":"Federassantas"},"image":{"@id":"https:\/\/www.federassantas.org.br\/novosite\/#\/schema\/logo\/image\/"}},{"@type":"Person","@id":"https:\/\/www.federassantas.org.br\/novosite\/#\/schema\/person\/75fed98158349313fe56175f232f513c","name":"admin-federas","image":{"@type":"ImageObject","inLanguage":"pt-BR","@id":"https:\/\/www.federassantas.org.br\/novosite\/#\/schema\/person\/image\/","url":"https:\/\/secure.gravatar.com\/avatar\/2a02d7dda59fe8dc6b7ffd3f652e2efede5ccf0dd89dfdc8137c5517f3de8407?s=96&d=mm&r=g","contentUrl":"https:\/\/secure.gravatar.com\/avatar\/2a02d7dda59fe8dc6b7ffd3f652e2efede5ccf0dd89dfdc8137c5517f3de8407?s=96&d=mm&r=g","caption":"admin-federas"},"sameAs":["https:\/\/www.federassantas.org.br\/novosite\/"],"url":"https:\/\/www.federassantas.org.br\/novosite\/author\/admin-federas\/"}]}},"_links":{"self":[{"href":"https:\/\/www.federassantas.org.br\/novosite\/wp-json\/wp\/v2\/posts\/22659","targetHints":{"allow":["GET"]}}],"collection":[{"href":"https:\/\/www.federassantas.org.br\/novosite\/wp-json\/wp\/v2\/posts"}],"about":[{"href":"https:\/\/www.federassantas.org.br\/novosite\/wp-json\/wp\/v2\/types\/post"}],"author":[{"embeddable":true,"href":"https:\/\/www.federassantas.org.br\/novosite\/wp-json\/wp\/v2\/users\/1"}],"replies":[{"embeddable":true,"href":"https:\/\/www.federassantas.org.br\/novosite\/wp-json\/wp\/v2\/comments?post=22659"}],"version-history":[{"count":0,"href":"https:\/\/www.federassantas.org.br\/novosite\/wp-json\/wp\/v2\/posts\/22659\/revisions"}],"wp:featuredmedia":[{"embeddable":true,"href":"https:\/\/www.federassantas.org.br\/novosite\/wp-json\/"}],"wp:attachment":[{"href":"https:\/\/www.federassantas.org.br\/novosite\/wp-json\/wp\/v2\/media?parent=22659"}],"wp:term":[{"taxonomy":"category","embeddable":true,"href":"https:\/\/www.federassantas.org.br\/novosite\/wp-json\/wp\/v2\/categories?post=22659"},{"taxonomy":"post_tag","embeddable":true,"href":"https:\/\/www.federassantas.org.br\/novosite\/wp-json\/wp\/v2\/tags?post=22659"}],"curies":[{"name":"wp","href":"https:\/\/api.w.org\/{rel}","templated":true}]}}