{"id":22662,"date":"2021-11-17T12:49:50","date_gmt":"2021-11-17T15:49:50","guid":{"rendered":"https:\/\/federasbackup.meltcomunicacao.com.br\/?p=22662"},"modified":"2021-11-17T12:49:50","modified_gmt":"2021-11-17T15:49:50","slug":"novembro-roxo-santa-casa-de-pocos-de-caldas-tem-programacao-especial-na-semana-da-prematuridade","status":"publish","type":"post","link":"https:\/\/www.federassantas.org.br\/novosite\/novembro-roxo-santa-casa-de-pocos-de-caldas-tem-programacao-especial-na-semana-da-prematuridade\/","title":{"rendered":"Novembro Roxo: Santa Casa de Po\u00e7os de Caldas tem programa\u00e7\u00e3o especial na Semana da Prematuridade"},"content":{"rendered":"\n<p>Nesta quarta, 17 de novembro, \u00e9&nbsp; comemorado o Dia Mundial da Prematuridade e, pelo quarto ano consecutivo, a CTI Neonatal da Santa Casa de Po\u00e7os realiza a\u00e7\u00f5es importantes nesse que \u00e9 conhecido como o Novembro Roxo, que \u00e9 o M\u00eas da Prematuridade.<\/p>\n\n\n\n<p>Nessa semana, a Semana da Prematuridade, a CTI Neo j\u00e1 est\u00e1 toda decorada com o tema, ser\u00e1 realizado ensaio fotogr\u00e1fico com os beb\u00eas internados, din\u00e2mica com os funcion\u00e1rios do hospital&nbsp; e sorteio de v\u00e1rios brindes que foram doados por empresas e parceiros que apoiam essa causa.&nbsp;<\/p>\n\n\n\n<p>Fechando a programa\u00e7\u00e3o da Semana, no domingo, 21, com sa\u00edda \u00e0s 16 horas do Est\u00e1dio Ronaldo Junqueira, acontece a 2\u00aa Carreata da Prematuridade, momento importante para chamar a aten\u00e7\u00e3o para essa quest\u00e3o que atinge 15 milh\u00f5es de crian\u00e7as todos os anos ao redor do mundo. No Brasil, 340 mil beb\u00eas nascem prematuros todo ano, o equivalente a 931 por dia ou a seis prematuros a cada 10 minutos.&nbsp;&nbsp;<\/p>\n\n\n\n<p>\u201cEste ano, com a pandemia, aconteceram muitas mudan\u00e7as na rotina da CTI Neo, principalmente com a visita dos pais que foram reduzidas pensando sempre na sa\u00fade e seguran\u00e7a dos nossos prematuros. Esperamos que tudo isso passe logo para que possamos deixar os pais mais pr\u00f3ximos de seus beb\u00eas\u201d, explica a enfermeira da CTi Neo, Poliana Amaral Ara\u00fajo.\u00a0<\/p>\n\n\n\n<p><\/p>\n\n\n\n<figure class=\"wp-block-gallery columns-3 is-cropped wp-block-gallery-1 is-layout-flex wp-block-gallery-is-layout-flex\"><ul class=\"blocks-gallery-grid\"><li class=\"blocks-gallery-item\"><figure><img fetchpriority=\"high\" decoding=\"async\" width=\"248\" height=\"300\" src=\"http:\/\/federasbackup.meltcomunicacao.com.br\/wp-content\/uploads\/2021\/11\/Foto-1-14-248x300.jpg\" alt=\"\" data-id=\"22663\" data-link=\"https:\/\/federasbackup.meltcomunicacao.com.br\/?attachment_id=22663\" class=\"wp-image-22663\" srcset=\"https:\/\/www.federassantas.org.br\/novosite\/wp-content\/uploads\/2021\/11\/Foto-1-14-248x300.jpg 248w, https:\/\/www.federassantas.org.br\/novosite\/wp-content\/uploads\/2021\/11\/Foto-1-14-845x1024.jpg 845w, https:\/\/www.federassantas.org.br\/novosite\/wp-content\/uploads\/2021\/11\/Foto-1-14-768x930.jpg 768w, https:\/\/www.federassantas.org.br\/novosite\/wp-content\/uploads\/2021\/11\/Foto-1-14-1268x1536.jpg 1268w, https:\/\/www.federassantas.org.br\/novosite\/wp-content\/uploads\/2021\/11\/Foto-1-14.jpg 1321w\" sizes=\"(max-width: 248px) 100vw, 248px\" \/><\/figure><\/li><li class=\"blocks-gallery-item\"><figure><img decoding=\"async\" width=\"225\" height=\"300\" src=\"http:\/\/federasbackup.meltcomunicacao.com.br\/wp-content\/uploads\/2021\/11\/Foto-3-10-225x300.jpg\" alt=\"\" data-id=\"22664\" data-link=\"https:\/\/federasbackup.meltcomunicacao.com.br\/?attachment_id=22664\" class=\"wp-image-22664\" srcset=\"https:\/\/www.federassantas.org.br\/novosite\/wp-content\/uploads\/2021\/11\/Foto-3-10-225x300.jpg 225w, https:\/\/www.federassantas.org.br\/novosite\/wp-content\/uploads\/2021\/11\/Foto-3-10-766x1024.jpg 766w, https:\/\/www.federassantas.org.br\/novosite\/wp-content\/uploads\/2021\/11\/Foto-3-10-768x1026.jpg 768w, https:\/\/www.federassantas.org.br\/novosite\/wp-content\/uploads\/2021\/11\/Foto-3-10.jpg 958w\" sizes=\"(max-width: 225px) 100vw, 225px\" \/><\/figure><\/li><li class=\"blocks-gallery-item\"><figure><img decoding=\"async\" src=\"http:\/\/federasbackup.meltcomunicacao.com.br\/wp-content\/uploads\/2021\/11\/Foto-4-3-300x169.jpg\" alt=\"\" data-id=\"22666\" data-link=\"https:\/\/federasbackup.meltcomunicacao.com.br\/?attachment_id=22666\" class=\"wp-image-22666\"\/><\/figure><\/li><li class=\"blocks-gallery-item\"><figure><img decoding=\"async\" width=\"300\" height=\"211\" src=\"http:\/\/federasbackup.meltcomunicacao.com.br\/wp-content\/uploads\/2021\/11\/Arte-300x211.jpg\" alt=\"\" data-id=\"22665\" data-link=\"https:\/\/federasbackup.meltcomunicacao.com.br\/?attachment_id=22665\" class=\"wp-image-22665\" srcset=\"https:\/\/www.federassantas.org.br\/novosite\/wp-content\/uploads\/2021\/11\/Arte-300x211.jpg 300w, https:\/\/www.federassantas.org.br\/novosite\/wp-content\/uploads\/2021\/11\/Arte-1024x722.jpg 1024w, https:\/\/www.federassantas.org.br\/novosite\/wp-content\/uploads\/2021\/11\/Arte-768x541.jpg 768w, https:\/\/www.federassantas.org.br\/novosite\/wp-content\/uploads\/2021\/11\/Arte.jpg 1280w\" sizes=\"(max-width: 300px) 100vw, 300px\" \/><\/figure><\/li><\/ul><\/figure>\n\n\n\n<p>Por: Assessoria de Comunica\u00e7\u00e3o Santa Casa de Po\u00e7os de Caldas<\/p>\n","protected":false},"excerpt":{"rendered":"<p>Nesta quarta, 17 de novembro, \u00e9&nbsp; comemorado o Dia Mundial da Prematuridade e, pelo quarto ano consecutivo, a CTI Neonatal da Santa Casa de Po\u00e7os realiza a\u00e7\u00f5es importantes nesse que \u00e9 conhecido como o Novembro Roxo, que \u00e9 o M\u00eas da Prematuridade. Nessa semana, a Semana da Prematuridade, a CTI Neo j\u00e1 est\u00e1 toda decorada [&hellip;]<\/p>\n","protected":false},"author":1,"featured_media":22667,"comment_status":"open","ping_status":"open","sticky":false,"template":"","format":"standard","meta":{"footnotes":""},"categories":[140,139],"tags":[],"class_list":["post-22662","post","type-post","status-publish","format-standard","has-post-thumbnail","hentry","category-noticias","category-noticias-filiados"],"yoast_head":"<!-- This site is optimized with the Yoast SEO plugin v26.9 - https:\/\/yoast.com\/product\/yoast-seo-wordpress\/ -->\n<title>Novembro Roxo: Santa Casa de Po\u00e7os de Caldas tem programa\u00e7\u00e3o especial na Semana da Prematuridade - Federassantas<\/title>\n<meta name=\"robots\" content=\"index, follow, max-snippet:-1, max-image-preview:large, max-video-preview:-1\" \/>\n<link rel=\"canonical\" href=\"https:\/\/www.federassantas.org.br\/novosite\/novembro-roxo-santa-casa-de-pocos-de-caldas-tem-programacao-especial-na-semana-da-prematuridade\/\" \/>\n<meta property=\"og:locale\" content=\"pt_BR\" \/>\n<meta property=\"og:type\" content=\"article\" \/>\n<meta property=\"og:title\" content=\"Novembro Roxo: Santa Casa de Po\u00e7os de Caldas tem programa\u00e7\u00e3o especial na Semana da Prematuridade - Federassantas\" \/>\n<meta property=\"og:description\" content=\"Nesta quarta, 17 de novembro, \u00e9&nbsp; comemorado o Dia Mundial da Prematuridade e, pelo quarto ano consecutivo, a CTI Neonatal da Santa Casa de Po\u00e7os realiza a\u00e7\u00f5es importantes nesse que \u00e9 conhecido como o Novembro Roxo, que \u00e9 o M\u00eas da Prematuridade. Nessa semana, a Semana da Prematuridade, a CTI Neo j\u00e1 est\u00e1 toda decorada [&hellip;]\" \/>\n<meta property=\"og:url\" content=\"https:\/\/www.federassantas.org.br\/novosite\/novembro-roxo-santa-casa-de-pocos-de-caldas-tem-programacao-especial-na-semana-da-prematuridade\/\" \/>\n<meta property=\"og:site_name\" content=\"Federassantas\" \/>\n<meta property=\"article:published_time\" content=\"2021-11-17T15:49:50+00:00\" \/>\n<meta property=\"og:image\" content=\"https:\/\/www.federassantas.org.br\/novosite\/wp-content\/uploads\/2021\/11\/Foto-2-13.jpg\" \/>\n\t<meta property=\"og:image:width\" content=\"1200\" \/>\n\t<meta property=\"og:image:height\" content=\"1600\" \/>\n\t<meta property=\"og:image:type\" content=\"image\/jpeg\" \/>\n<meta name=\"author\" content=\"admin-federas\" \/>\n<meta name=\"twitter:card\" content=\"summary_large_image\" \/>\n<meta name=\"twitter:label1\" content=\"Escrito por\" \/>\n\t<meta name=\"twitter:data1\" content=\"admin-federas\" \/>\n\t<meta name=\"twitter:label2\" content=\"Est. tempo de leitura\" \/>\n\t<meta name=\"twitter:data2\" content=\"1 minuto\" \/>\n<script type=\"application\/ld+json\" class=\"yoast-schema-graph\">{\"@context\":\"https:\/\/schema.org\",\"@graph\":[{\"@type\":\"Article\",\"@id\":\"https:\/\/www.federassantas.org.br\/novosite\/novembro-roxo-santa-casa-de-pocos-de-caldas-tem-programacao-especial-na-semana-da-prematuridade\/#article\",\"isPartOf\":{\"@id\":\"https:\/\/www.federassantas.org.br\/novosite\/novembro-roxo-santa-casa-de-pocos-de-caldas-tem-programacao-especial-na-semana-da-prematuridade\/\"},\"author\":{\"name\":\"admin-federas\",\"@id\":\"https:\/\/www.federassantas.org.br\/novosite\/#\/schema\/person\/75fed98158349313fe56175f232f513c\"},\"headline\":\"Novembro Roxo: Santa Casa de Po\u00e7os de Caldas tem programa\u00e7\u00e3o especial na Semana da Prematuridade\",\"datePublished\":\"2021-11-17T15:49:50+00:00\",\"mainEntityOfPage\":{\"@id\":\"https:\/\/www.federassantas.org.br\/novosite\/novembro-roxo-santa-casa-de-pocos-de-caldas-tem-programacao-especial-na-semana-da-prematuridade\/\"},\"wordCount\":258,\"commentCount\":0,\"publisher\":{\"@id\":\"https:\/\/www.federassantas.org.br\/novosite\/#organization\"},\"image\":{\"@id\":\"https:\/\/www.federassantas.org.br\/novosite\/novembro-roxo-santa-casa-de-pocos-de-caldas-tem-programacao-especial-na-semana-da-prematuridade\/#primaryimage\"},\"thumbnailUrl\":\"https:\/\/www.federassantas.org.br\/novosite\/wp-content\/uploads\/2021\/11\/Foto-2-13.jpg\",\"articleSection\":[\"Not\u00edcias\",\"Not\u00edcias filiados\"],\"inLanguage\":\"pt-BR\",\"potentialAction\":[{\"@type\":\"CommentAction\",\"name\":\"Comment\",\"target\":[\"https:\/\/www.federassantas.org.br\/novosite\/novembro-roxo-santa-casa-de-pocos-de-caldas-tem-programacao-especial-na-semana-da-prematuridade\/#respond\"]}]},{\"@type\":\"WebPage\",\"@id\":\"https:\/\/www.federassantas.org.br\/novosite\/novembro-roxo-santa-casa-de-pocos-de-caldas-tem-programacao-especial-na-semana-da-prematuridade\/\",\"url\":\"https:\/\/www.federassantas.org.br\/novosite\/novembro-roxo-santa-casa-de-pocos-de-caldas-tem-programacao-especial-na-semana-da-prematuridade\/\",\"name\":\"Novembro Roxo: Santa Casa de Po\u00e7os de Caldas tem programa\u00e7\u00e3o especial na Semana da Prematuridade - Federassantas\",\"isPartOf\":{\"@id\":\"https:\/\/www.federassantas.org.br\/novosite\/#website\"},\"primaryImageOfPage\":{\"@id\":\"https:\/\/www.federassantas.org.br\/novosite\/novembro-roxo-santa-casa-de-pocos-de-caldas-tem-programacao-especial-na-semana-da-prematuridade\/#primaryimage\"},\"image\":{\"@id\":\"https:\/\/www.federassantas.org.br\/novosite\/novembro-roxo-santa-casa-de-pocos-de-caldas-tem-programacao-especial-na-semana-da-prematuridade\/#primaryimage\"},\"thumbnailUrl\":\"https:\/\/www.federassantas.org.br\/novosite\/wp-content\/uploads\/2021\/11\/Foto-2-13.jpg\",\"datePublished\":\"2021-11-17T15:49:50+00:00\",\"breadcrumb\":{\"@id\":\"https:\/\/www.federassantas.org.br\/novosite\/novembro-roxo-santa-casa-de-pocos-de-caldas-tem-programacao-especial-na-semana-da-prematuridade\/#breadcrumb\"},\"inLanguage\":\"pt-BR\",\"potentialAction\":[{\"@type\":\"ReadAction\",\"target\":[\"https:\/\/www.federassantas.org.br\/novosite\/novembro-roxo-santa-casa-de-pocos-de-caldas-tem-programacao-especial-na-semana-da-prematuridade\/\"]}]},{\"@type\":\"ImageObject\",\"inLanguage\":\"pt-BR\",\"@id\":\"https:\/\/www.federassantas.org.br\/novosite\/novembro-roxo-santa-casa-de-pocos-de-caldas-tem-programacao-especial-na-semana-da-prematuridade\/#primaryimage\",\"url\":\"https:\/\/www.federassantas.org.br\/novosite\/wp-content\/uploads\/2021\/11\/Foto-2-13.jpg\",\"contentUrl\":\"https:\/\/www.federassantas.org.br\/novosite\/wp-content\/uploads\/2021\/11\/Foto-2-13.jpg\",\"width\":1200,\"height\":1600},{\"@type\":\"BreadcrumbList\",\"@id\":\"https:\/\/www.federassantas.org.br\/novosite\/novembro-roxo-santa-casa-de-pocos-de-caldas-tem-programacao-especial-na-semana-da-prematuridade\/#breadcrumb\",\"itemListElement\":[{\"@type\":\"ListItem\",\"position\":1,\"name\":\"In\u00edcio\",\"item\":\"https:\/\/www.federassantas.org.br\/novosite\/\"},{\"@type\":\"ListItem\",\"position\":2,\"name\":\"Novembro Roxo: Santa Casa de Po\u00e7os de Caldas tem programa\u00e7\u00e3o especial na Semana da Prematuridade\"}]},{\"@type\":\"WebSite\",\"@id\":\"https:\/\/www.federassantas.org.br\/novosite\/#website\",\"url\":\"https:\/\/www.federassantas.org.br\/novosite\/\",\"name\":\"Federassantas\",\"description\":\"Fed. das Santas Casas e Hospitais Filantr\u00f3picos de MG\",\"publisher\":{\"@id\":\"https:\/\/www.federassantas.org.br\/novosite\/#organization\"},\"potentialAction\":[{\"@type\":\"SearchAction\",\"target\":{\"@type\":\"EntryPoint\",\"urlTemplate\":\"https:\/\/www.federassantas.org.br\/novosite\/?s={search_term_string}\"},\"query-input\":{\"@type\":\"PropertyValueSpecification\",\"valueRequired\":true,\"valueName\":\"search_term_string\"}}],\"inLanguage\":\"pt-BR\"},{\"@type\":\"Organization\",\"@id\":\"https:\/\/www.federassantas.org.br\/novosite\/#organization\",\"name\":\"Federassantas\",\"url\":\"https:\/\/www.federassantas.org.br\/novosite\/\",\"logo\":{\"@type\":\"ImageObject\",\"inLanguage\":\"pt-BR\",\"@id\":\"https:\/\/www.federassantas.org.br\/novosite\/#\/schema\/logo\/image\/\",\"url\":\"https:\/\/www.federassantas.org.br\/novosite\/wp-content\/uploads\/2021\/12\/logo.png\",\"contentUrl\":\"https:\/\/www.federassantas.org.br\/novosite\/wp-content\/uploads\/2021\/12\/logo.png\",\"width\":243,\"height\":59,\"caption\":\"Federassantas\"},\"image\":{\"@id\":\"https:\/\/www.federassantas.org.br\/novosite\/#\/schema\/logo\/image\/\"}},{\"@type\":\"Person\",\"@id\":\"https:\/\/www.federassantas.org.br\/novosite\/#\/schema\/person\/75fed98158349313fe56175f232f513c\",\"name\":\"admin-federas\",\"image\":{\"@type\":\"ImageObject\",\"inLanguage\":\"pt-BR\",\"@id\":\"https:\/\/www.federassantas.org.br\/novosite\/#\/schema\/person\/image\/\",\"url\":\"https:\/\/secure.gravatar.com\/avatar\/2a02d7dda59fe8dc6b7ffd3f652e2efede5ccf0dd89dfdc8137c5517f3de8407?s=96&d=mm&r=g\",\"contentUrl\":\"https:\/\/secure.gravatar.com\/avatar\/2a02d7dda59fe8dc6b7ffd3f652e2efede5ccf0dd89dfdc8137c5517f3de8407?s=96&d=mm&r=g\",\"caption\":\"admin-federas\"},\"sameAs\":[\"https:\/\/www.federassantas.org.br\/novosite\/\"],\"url\":\"https:\/\/www.federassantas.org.br\/novosite\/author\/admin-federas\/\"}]}<\/script>\n<!-- \/ Yoast SEO plugin. -->","yoast_head_json":{"title":"Novembro Roxo: Santa Casa de Po\u00e7os de Caldas tem programa\u00e7\u00e3o especial na Semana da Prematuridade - Federassantas","robots":{"index":"index","follow":"follow","max-snippet":"max-snippet:-1","max-image-preview":"max-image-preview:large","max-video-preview":"max-video-preview:-1"},"canonical":"https:\/\/www.federassantas.org.br\/novosite\/novembro-roxo-santa-casa-de-pocos-de-caldas-tem-programacao-especial-na-semana-da-prematuridade\/","og_locale":"pt_BR","og_type":"article","og_title":"Novembro Roxo: Santa Casa de Po\u00e7os de Caldas tem programa\u00e7\u00e3o especial na Semana da Prematuridade - Federassantas","og_description":"Nesta quarta, 17 de novembro, \u00e9&nbsp; comemorado o Dia Mundial da Prematuridade e, pelo quarto ano consecutivo, a CTI Neonatal da Santa Casa de Po\u00e7os realiza a\u00e7\u00f5es importantes nesse que \u00e9 conhecido como o Novembro Roxo, que \u00e9 o M\u00eas da Prematuridade. Nessa semana, a Semana da Prematuridade, a CTI Neo j\u00e1 est\u00e1 toda decorada [&hellip;]","og_url":"https:\/\/www.federassantas.org.br\/novosite\/novembro-roxo-santa-casa-de-pocos-de-caldas-tem-programacao-especial-na-semana-da-prematuridade\/","og_site_name":"Federassantas","article_published_time":"2021-11-17T15:49:50+00:00","og_image":[{"width":1200,"height":1600,"url":"https:\/\/www.federassantas.org.br\/novosite\/wp-content\/uploads\/2021\/11\/Foto-2-13.jpg","type":"image\/jpeg"}],"author":"admin-federas","twitter_card":"summary_large_image","twitter_misc":{"Escrito por":"admin-federas","Est. tempo de leitura":"1 minuto"},"schema":{"@context":"https:\/\/schema.org","@graph":[{"@type":"Article","@id":"https:\/\/www.federassantas.org.br\/novosite\/novembro-roxo-santa-casa-de-pocos-de-caldas-tem-programacao-especial-na-semana-da-prematuridade\/#article","isPartOf":{"@id":"https:\/\/www.federassantas.org.br\/novosite\/novembro-roxo-santa-casa-de-pocos-de-caldas-tem-programacao-especial-na-semana-da-prematuridade\/"},"author":{"name":"admin-federas","@id":"https:\/\/www.federassantas.org.br\/novosite\/#\/schema\/person\/75fed98158349313fe56175f232f513c"},"headline":"Novembro Roxo: Santa Casa de Po\u00e7os de Caldas tem programa\u00e7\u00e3o especial na Semana da Prematuridade","datePublished":"2021-11-17T15:49:50+00:00","mainEntityOfPage":{"@id":"https:\/\/www.federassantas.org.br\/novosite\/novembro-roxo-santa-casa-de-pocos-de-caldas-tem-programacao-especial-na-semana-da-prematuridade\/"},"wordCount":258,"commentCount":0,"publisher":{"@id":"https:\/\/www.federassantas.org.br\/novosite\/#organization"},"image":{"@id":"https:\/\/www.federassantas.org.br\/novosite\/novembro-roxo-santa-casa-de-pocos-de-caldas-tem-programacao-especial-na-semana-da-prematuridade\/#primaryimage"},"thumbnailUrl":"https:\/\/www.federassantas.org.br\/novosite\/wp-content\/uploads\/2021\/11\/Foto-2-13.jpg","articleSection":["Not\u00edcias","Not\u00edcias filiados"],"inLanguage":"pt-BR","potentialAction":[{"@type":"CommentAction","name":"Comment","target":["https:\/\/www.federassantas.org.br\/novosite\/novembro-roxo-santa-casa-de-pocos-de-caldas-tem-programacao-especial-na-semana-da-prematuridade\/#respond"]}]},{"@type":"WebPage","@id":"https:\/\/www.federassantas.org.br\/novosite\/novembro-roxo-santa-casa-de-pocos-de-caldas-tem-programacao-especial-na-semana-da-prematuridade\/","url":"https:\/\/www.federassantas.org.br\/novosite\/novembro-roxo-santa-casa-de-pocos-de-caldas-tem-programacao-especial-na-semana-da-prematuridade\/","name":"Novembro Roxo: Santa Casa de Po\u00e7os de Caldas tem programa\u00e7\u00e3o especial na Semana da Prematuridade - Federassantas","isPartOf":{"@id":"https:\/\/www.federassantas.org.br\/novosite\/#website"},"primaryImageOfPage":{"@id":"https:\/\/www.federassantas.org.br\/novosite\/novembro-roxo-santa-casa-de-pocos-de-caldas-tem-programacao-especial-na-semana-da-prematuridade\/#primaryimage"},"image":{"@id":"https:\/\/www.federassantas.org.br\/novosite\/novembro-roxo-santa-casa-de-pocos-de-caldas-tem-programacao-especial-na-semana-da-prematuridade\/#primaryimage"},"thumbnailUrl":"https:\/\/www.federassantas.org.br\/novosite\/wp-content\/uploads\/2021\/11\/Foto-2-13.jpg","datePublished":"2021-11-17T15:49:50+00:00","breadcrumb":{"@id":"https:\/\/www.federassantas.org.br\/novosite\/novembro-roxo-santa-casa-de-pocos-de-caldas-tem-programacao-especial-na-semana-da-prematuridade\/#breadcrumb"},"inLanguage":"pt-BR","potentialAction":[{"@type":"ReadAction","target":["https:\/\/www.federassantas.org.br\/novosite\/novembro-roxo-santa-casa-de-pocos-de-caldas-tem-programacao-especial-na-semana-da-prematuridade\/"]}]},{"@type":"ImageObject","inLanguage":"pt-BR","@id":"https:\/\/www.federassantas.org.br\/novosite\/novembro-roxo-santa-casa-de-pocos-de-caldas-tem-programacao-especial-na-semana-da-prematuridade\/#primaryimage","url":"https:\/\/www.federassantas.org.br\/novosite\/wp-content\/uploads\/2021\/11\/Foto-2-13.jpg","contentUrl":"https:\/\/www.federassantas.org.br\/novosite\/wp-content\/uploads\/2021\/11\/Foto-2-13.jpg","width":1200,"height":1600},{"@type":"BreadcrumbList","@id":"https:\/\/www.federassantas.org.br\/novosite\/novembro-roxo-santa-casa-de-pocos-de-caldas-tem-programacao-especial-na-semana-da-prematuridade\/#breadcrumb","itemListElement":[{"@type":"ListItem","position":1,"name":"In\u00edcio","item":"https:\/\/www.federassantas.org.br\/novosite\/"},{"@type":"ListItem","position":2,"name":"Novembro Roxo: Santa Casa de Po\u00e7os de Caldas tem programa\u00e7\u00e3o especial na Semana da Prematuridade"}]},{"@type":"WebSite","@id":"https:\/\/www.federassantas.org.br\/novosite\/#website","url":"https:\/\/www.federassantas.org.br\/novosite\/","name":"Federassantas","description":"Fed. das Santas Casas e Hospitais Filantr\u00f3picos de MG","publisher":{"@id":"https:\/\/www.federassantas.org.br\/novosite\/#organization"},"potentialAction":[{"@type":"SearchAction","target":{"@type":"EntryPoint","urlTemplate":"https:\/\/www.federassantas.org.br\/novosite\/?s={search_term_string}"},"query-input":{"@type":"PropertyValueSpecification","valueRequired":true,"valueName":"search_term_string"}}],"inLanguage":"pt-BR"},{"@type":"Organization","@id":"https:\/\/www.federassantas.org.br\/novosite\/#organization","name":"Federassantas","url":"https:\/\/www.federassantas.org.br\/novosite\/","logo":{"@type":"ImageObject","inLanguage":"pt-BR","@id":"https:\/\/www.federassantas.org.br\/novosite\/#\/schema\/logo\/image\/","url":"https:\/\/www.federassantas.org.br\/novosite\/wp-content\/uploads\/2021\/12\/logo.png","contentUrl":"https:\/\/www.federassantas.org.br\/novosite\/wp-content\/uploads\/2021\/12\/logo.png","width":243,"height":59,"caption":"Federassantas"},"image":{"@id":"https:\/\/www.federassantas.org.br\/novosite\/#\/schema\/logo\/image\/"}},{"@type":"Person","@id":"https:\/\/www.federassantas.org.br\/novosite\/#\/schema\/person\/75fed98158349313fe56175f232f513c","name":"admin-federas","image":{"@type":"ImageObject","inLanguage":"pt-BR","@id":"https:\/\/www.federassantas.org.br\/novosite\/#\/schema\/person\/image\/","url":"https:\/\/secure.gravatar.com\/avatar\/2a02d7dda59fe8dc6b7ffd3f652e2efede5ccf0dd89dfdc8137c5517f3de8407?s=96&d=mm&r=g","contentUrl":"https:\/\/secure.gravatar.com\/avatar\/2a02d7dda59fe8dc6b7ffd3f652e2efede5ccf0dd89dfdc8137c5517f3de8407?s=96&d=mm&r=g","caption":"admin-federas"},"sameAs":["https:\/\/www.federassantas.org.br\/novosite\/"],"url":"https:\/\/www.federassantas.org.br\/novosite\/author\/admin-federas\/"}]}},"_links":{"self":[{"href":"https:\/\/www.federassantas.org.br\/novosite\/wp-json\/wp\/v2\/posts\/22662","targetHints":{"allow":["GET"]}}],"collection":[{"href":"https:\/\/www.federassantas.org.br\/novosite\/wp-json\/wp\/v2\/posts"}],"about":[{"href":"https:\/\/www.federassantas.org.br\/novosite\/wp-json\/wp\/v2\/types\/post"}],"author":[{"embeddable":true,"href":"https:\/\/www.federassantas.org.br\/novosite\/wp-json\/wp\/v2\/users\/1"}],"replies":[{"embeddable":true,"href":"https:\/\/www.federassantas.org.br\/novosite\/wp-json\/wp\/v2\/comments?post=22662"}],"version-history":[{"count":0,"href":"https:\/\/www.federassantas.org.br\/novosite\/wp-json\/wp\/v2\/posts\/22662\/revisions"}],"wp:featuredmedia":[{"embeddable":true,"href":"https:\/\/www.federassantas.org.br\/novosite\/wp-json\/wp\/v2\/media\/22667"}],"wp:attachment":[{"href":"https:\/\/www.federassantas.org.br\/novosite\/wp-json\/wp\/v2\/media?parent=22662"}],"wp:term":[{"taxonomy":"category","embeddable":true,"href":"https:\/\/www.federassantas.org.br\/novosite\/wp-json\/wp\/v2\/categories?post=22662"},{"taxonomy":"post_tag","embeddable":true,"href":"https:\/\/www.federassantas.org.br\/novosite\/wp-json\/wp\/v2\/tags?post=22662"}],"curies":[{"name":"wp","href":"https:\/\/api.w.org\/{rel}","templated":true}]}}