{"id":22671,"date":"2021-11-18T10:08:42","date_gmt":"2021-11-18T13:08:42","guid":{"rendered":"https:\/\/federasbackup.meltcomunicacao.com.br\/?p=22671"},"modified":"2021-11-18T10:08:42","modified_gmt":"2021-11-18T13:08:42","slug":"camara-aprova-por-unanimidade-dos-lideres-requerimento-de-urgencia-do-pl-1417-21","status":"publish","type":"post","link":"https:\/\/www.federassantas.org.br\/novosite\/camara-aprova-por-unanimidade-dos-lideres-requerimento-de-urgencia-do-pl-1417-21\/","title":{"rendered":"C\u00e2mara aprova, por unanimidade dos l\u00edderes, requerimento de urg\u00eancia do PL 1417\/21"},"content":{"rendered":"\n<p>A C\u00e2mara dos Deputados aprovou por unanimidade dos l\u00edderes, nessa quarta-feira (17), o requerimento de pedido de urg\u00eancia para a vota\u00e7\u00e3o do projeto de Lei 1417\/2021, que pede o repasse emergencial de R$ 2 bilh\u00f5es \u00e0s Santas Casas e hospitais filantr\u00f3picos.A C\u00e2mara dos Deputados aprovou por unanimidade dos l\u00edderes, nessa quarta-feira (17), o requerimento de pedido de urg\u00eancia para a vota\u00e7\u00e3o do projeto de Lei 1417\/2021, que pede o repasse emergencial de R$ 2 bilh\u00f5es \u00e0s Santas Casas e hospitais filantr\u00f3picos.<br><br>Agora a previs\u00e3o \u00e9 de que o texto seja votado nos pr\u00f3ximos dias.<br><br>Na \u00faltima semana, em reuni\u00e3o com a Diretoria da CMB, a deputada Carmen Zanotto informou que j\u00e1 havia trabalhado junto aos pares, conseguindo assinaturas necess\u00e1rias para colocar, de maneira urgente, a proposta na pauta de vota\u00e7\u00e3o.&nbsp;<br><br>\u201cEsse requerimento de urg\u00eancia significa dar esperan\u00e7a para que, em breve, possamos aprovar esse projeto e trabalhar pela san\u00e7\u00e3o do presidente da Rep\u00fablica&#8221;, ressaltou Mirocles.<\/p>\n\n\n\n<p>&#8220;Trata-se de um recurso para auxiliar esse conjunto de hospitais que, sem sombra de d\u00favidas, sem a rede filantr\u00f3pica, o servi\u00e7o p\u00fablico n\u00e3o daria conta de atender \u00e0 popula\u00e7\u00e3o brasileira. Porque s\u00e3o eles os respons\u00e1veis pelo atendimento de 50% da m\u00e9dia complexidade do SUS e de 70% da alta complexidade. Sem a rede filantr\u00f3pica, n\u00e3o ter\u00edamos o SUS forte\u201d, ressaltou Carmen, durante a sess\u00e3o. \u201cQue a gente possa socorrer e ajudar as Santas Casas com a aprova\u00e7\u00e3o desse requerimento e j\u00e1 na semana que vem ter a vota\u00e7\u00e3o do m\u00e9rito\u201d, finalizou.&nbsp;<br><br>A CMB tem contado com amplo apoio dos parlamentares para que a proposta seja efetivamente viabilizada. \u201cAgradecemos imensamente \u00e0 deputada Carmen Zanotto, que se mobilizou para que esse requerimento entrasse em pauta e fosse aprovado; ao deputado Antonio Brito, que preside a Frente Parlamentar de Apoio \u00e0s Santas Casas, Hospitais e Entidades Filantr\u00f3picas e est\u00e1 sempre conosco na batalha pelos pleitos do setor filantr\u00f3pico; ao deputado Eduardo Bismarck, que presidiu a sess\u00e3o desta quarta-feira e a todos os demais l\u00edderes parlamentares que se sensibilizaram com a nossa causa e reconheceram a necessidade de urg\u00eancia desse recurso para as nossas institui\u00e7\u00f5es\u201d, falou o presidente da CMB, Mirocles V\u00e9ras.&nbsp; \u201cCom essa for\u00e7a e todo esse apoio, conseguiremos, o mais breve poss\u00edvel, vencer essa etapa\u201d, concluiu.<\/p>\n\n\n\n<p><\/p>\n\n\n\n<p>Fonte: <a href=\"https:\/\/www.cmb.org.br\/cmb\/index.php\/noticias\/3379-camara-aprova-por-unanimidade-dos-lideres-requerimento-de-urgencia-do-pl-1417-21\" target=\"_blank\" rel=\"noreferrer noopener\">CMB<\/a><\/p>\n","protected":false},"excerpt":{"rendered":"<p>A C\u00e2mara dos Deputados aprovou por unanimidade dos l\u00edderes, nessa quarta-feira (17), o requerimento de pedido de urg\u00eancia para a vota\u00e7\u00e3o do projeto de Lei 1417\/2021, que pede o repasse emergencial de R$ 2 bilh\u00f5es \u00e0s Santas Casas e hospitais filantr\u00f3picos.A C\u00e2mara dos Deputados aprovou por unanimidade dos l\u00edderes, nessa quarta-feira (17), o requerimento de [&hellip;]<\/p>\n","protected":false},"author":1,"featured_media":22672,"comment_status":"open","ping_status":"open","sticky":false,"template":"","format":"standard","meta":{"footnotes":""},"categories":[140,143],"tags":[],"class_list":["post-22671","post","type-post","status-publish","format-standard","has-post-thumbnail","hentry","category-noticias","category-noticias-publicas"],"yoast_head":"<!-- This site is optimized with the Yoast SEO plugin v26.9 - https:\/\/yoast.com\/product\/yoast-seo-wordpress\/ -->\n<title>C\u00e2mara aprova, por unanimidade dos l\u00edderes, requerimento de urg\u00eancia do PL 1417\/21 - Federassantas<\/title>\n<meta name=\"robots\" content=\"index, follow, max-snippet:-1, max-image-preview:large, max-video-preview:-1\" \/>\n<link rel=\"canonical\" href=\"https:\/\/www.federassantas.org.br\/novosite\/camara-aprova-por-unanimidade-dos-lideres-requerimento-de-urgencia-do-pl-1417-21\/\" \/>\n<meta property=\"og:locale\" content=\"pt_BR\" \/>\n<meta property=\"og:type\" content=\"article\" \/>\n<meta property=\"og:title\" content=\"C\u00e2mara aprova, por unanimidade dos l\u00edderes, requerimento de urg\u00eancia do PL 1417\/21 - Federassantas\" \/>\n<meta property=\"og:description\" content=\"A C\u00e2mara dos Deputados aprovou por unanimidade dos l\u00edderes, nessa quarta-feira (17), o requerimento de pedido de urg\u00eancia para a vota\u00e7\u00e3o do projeto de Lei 1417\/2021, que pede o repasse emergencial de R$ 2 bilh\u00f5es \u00e0s Santas Casas e hospitais filantr\u00f3picos.A C\u00e2mara dos Deputados aprovou por unanimidade dos l\u00edderes, nessa quarta-feira (17), o requerimento de [&hellip;]\" \/>\n<meta property=\"og:url\" content=\"https:\/\/www.federassantas.org.br\/novosite\/camara-aprova-por-unanimidade-dos-lideres-requerimento-de-urgencia-do-pl-1417-21\/\" \/>\n<meta property=\"og:site_name\" content=\"Federassantas\" \/>\n<meta property=\"article:published_time\" content=\"2021-11-18T13:08:42+00:00\" \/>\n<meta name=\"author\" content=\"admin-federas\" \/>\n<meta name=\"twitter:card\" content=\"summary_large_image\" \/>\n<meta name=\"twitter:label1\" content=\"Escrito por\" \/>\n\t<meta name=\"twitter:data1\" content=\"admin-federas\" \/>\n\t<meta name=\"twitter:label2\" content=\"Est. tempo de leitura\" \/>\n\t<meta name=\"twitter:data2\" content=\"2 minutos\" \/>\n<script type=\"application\/ld+json\" class=\"yoast-schema-graph\">{\"@context\":\"https:\/\/schema.org\",\"@graph\":[{\"@type\":\"Article\",\"@id\":\"https:\/\/www.federassantas.org.br\/novosite\/camara-aprova-por-unanimidade-dos-lideres-requerimento-de-urgencia-do-pl-1417-21\/#article\",\"isPartOf\":{\"@id\":\"https:\/\/www.federassantas.org.br\/novosite\/camara-aprova-por-unanimidade-dos-lideres-requerimento-de-urgencia-do-pl-1417-21\/\"},\"author\":{\"name\":\"admin-federas\",\"@id\":\"https:\/\/www.federassantas.org.br\/novosite\/#\/schema\/person\/75fed98158349313fe56175f232f513c\"},\"headline\":\"C\u00e2mara aprova, por unanimidade dos l\u00edderes, requerimento de urg\u00eancia do PL 1417\/21\",\"datePublished\":\"2021-11-18T13:08:42+00:00\",\"mainEntityOfPage\":{\"@id\":\"https:\/\/www.federassantas.org.br\/novosite\/camara-aprova-por-unanimidade-dos-lideres-requerimento-de-urgencia-do-pl-1417-21\/\"},\"wordCount\":424,\"commentCount\":0,\"publisher\":{\"@id\":\"https:\/\/www.federassantas.org.br\/novosite\/#organization\"},\"image\":{\"@id\":\"https:\/\/www.federassantas.org.br\/novosite\/camara-aprova-por-unanimidade-dos-lideres-requerimento-de-urgencia-do-pl-1417-21\/#primaryimage\"},\"thumbnailUrl\":\"\",\"articleSection\":[\"Not\u00edcias\",\"Not\u00edcias P\u00fablicas\"],\"inLanguage\":\"pt-BR\",\"potentialAction\":[{\"@type\":\"CommentAction\",\"name\":\"Comment\",\"target\":[\"https:\/\/www.federassantas.org.br\/novosite\/camara-aprova-por-unanimidade-dos-lideres-requerimento-de-urgencia-do-pl-1417-21\/#respond\"]}]},{\"@type\":\"WebPage\",\"@id\":\"https:\/\/www.federassantas.org.br\/novosite\/camara-aprova-por-unanimidade-dos-lideres-requerimento-de-urgencia-do-pl-1417-21\/\",\"url\":\"https:\/\/www.federassantas.org.br\/novosite\/camara-aprova-por-unanimidade-dos-lideres-requerimento-de-urgencia-do-pl-1417-21\/\",\"name\":\"C\u00e2mara aprova, por unanimidade dos l\u00edderes, requerimento de urg\u00eancia do PL 1417\/21 - Federassantas\",\"isPartOf\":{\"@id\":\"https:\/\/www.federassantas.org.br\/novosite\/#website\"},\"primaryImageOfPage\":{\"@id\":\"https:\/\/www.federassantas.org.br\/novosite\/camara-aprova-por-unanimidade-dos-lideres-requerimento-de-urgencia-do-pl-1417-21\/#primaryimage\"},\"image\":{\"@id\":\"https:\/\/www.federassantas.org.br\/novosite\/camara-aprova-por-unanimidade-dos-lideres-requerimento-de-urgencia-do-pl-1417-21\/#primaryimage\"},\"thumbnailUrl\":\"\",\"datePublished\":\"2021-11-18T13:08:42+00:00\",\"breadcrumb\":{\"@id\":\"https:\/\/www.federassantas.org.br\/novosite\/camara-aprova-por-unanimidade-dos-lideres-requerimento-de-urgencia-do-pl-1417-21\/#breadcrumb\"},\"inLanguage\":\"pt-BR\",\"potentialAction\":[{\"@type\":\"ReadAction\",\"target\":[\"https:\/\/www.federassantas.org.br\/novosite\/camara-aprova-por-unanimidade-dos-lideres-requerimento-de-urgencia-do-pl-1417-21\/\"]}]},{\"@type\":\"ImageObject\",\"inLanguage\":\"pt-BR\",\"@id\":\"https:\/\/www.federassantas.org.br\/novosite\/camara-aprova-por-unanimidade-dos-lideres-requerimento-de-urgencia-do-pl-1417-21\/#primaryimage\",\"url\":\"\",\"contentUrl\":\"\"},{\"@type\":\"BreadcrumbList\",\"@id\":\"https:\/\/www.federassantas.org.br\/novosite\/camara-aprova-por-unanimidade-dos-lideres-requerimento-de-urgencia-do-pl-1417-21\/#breadcrumb\",\"itemListElement\":[{\"@type\":\"ListItem\",\"position\":1,\"name\":\"In\u00edcio\",\"item\":\"https:\/\/www.federassantas.org.br\/novosite\/\"},{\"@type\":\"ListItem\",\"position\":2,\"name\":\"C\u00e2mara aprova, por unanimidade dos l\u00edderes, requerimento de urg\u00eancia do PL 1417\/21\"}]},{\"@type\":\"WebSite\",\"@id\":\"https:\/\/www.federassantas.org.br\/novosite\/#website\",\"url\":\"https:\/\/www.federassantas.org.br\/novosite\/\",\"name\":\"Federassantas\",\"description\":\"Fed. das Santas Casas e Hospitais Filantr\u00f3picos de MG\",\"publisher\":{\"@id\":\"https:\/\/www.federassantas.org.br\/novosite\/#organization\"},\"potentialAction\":[{\"@type\":\"SearchAction\",\"target\":{\"@type\":\"EntryPoint\",\"urlTemplate\":\"https:\/\/www.federassantas.org.br\/novosite\/?s={search_term_string}\"},\"query-input\":{\"@type\":\"PropertyValueSpecification\",\"valueRequired\":true,\"valueName\":\"search_term_string\"}}],\"inLanguage\":\"pt-BR\"},{\"@type\":\"Organization\",\"@id\":\"https:\/\/www.federassantas.org.br\/novosite\/#organization\",\"name\":\"Federassantas\",\"url\":\"https:\/\/www.federassantas.org.br\/novosite\/\",\"logo\":{\"@type\":\"ImageObject\",\"inLanguage\":\"pt-BR\",\"@id\":\"https:\/\/www.federassantas.org.br\/novosite\/#\/schema\/logo\/image\/\",\"url\":\"https:\/\/www.federassantas.org.br\/novosite\/wp-content\/uploads\/2021\/12\/logo.png\",\"contentUrl\":\"https:\/\/www.federassantas.org.br\/novosite\/wp-content\/uploads\/2021\/12\/logo.png\",\"width\":243,\"height\":59,\"caption\":\"Federassantas\"},\"image\":{\"@id\":\"https:\/\/www.federassantas.org.br\/novosite\/#\/schema\/logo\/image\/\"}},{\"@type\":\"Person\",\"@id\":\"https:\/\/www.federassantas.org.br\/novosite\/#\/schema\/person\/75fed98158349313fe56175f232f513c\",\"name\":\"admin-federas\",\"image\":{\"@type\":\"ImageObject\",\"inLanguage\":\"pt-BR\",\"@id\":\"https:\/\/www.federassantas.org.br\/novosite\/#\/schema\/person\/image\/\",\"url\":\"https:\/\/secure.gravatar.com\/avatar\/2a02d7dda59fe8dc6b7ffd3f652e2efede5ccf0dd89dfdc8137c5517f3de8407?s=96&d=mm&r=g\",\"contentUrl\":\"https:\/\/secure.gravatar.com\/avatar\/2a02d7dda59fe8dc6b7ffd3f652e2efede5ccf0dd89dfdc8137c5517f3de8407?s=96&d=mm&r=g\",\"caption\":\"admin-federas\"},\"sameAs\":[\"https:\/\/www.federassantas.org.br\/novosite\/\"],\"url\":\"https:\/\/www.federassantas.org.br\/novosite\/author\/admin-federas\/\"}]}<\/script>\n<!-- \/ Yoast SEO plugin. -->","yoast_head_json":{"title":"C\u00e2mara aprova, por unanimidade dos l\u00edderes, requerimento de urg\u00eancia do PL 1417\/21 - Federassantas","robots":{"index":"index","follow":"follow","max-snippet":"max-snippet:-1","max-image-preview":"max-image-preview:large","max-video-preview":"max-video-preview:-1"},"canonical":"https:\/\/www.federassantas.org.br\/novosite\/camara-aprova-por-unanimidade-dos-lideres-requerimento-de-urgencia-do-pl-1417-21\/","og_locale":"pt_BR","og_type":"article","og_title":"C\u00e2mara aprova, por unanimidade dos l\u00edderes, requerimento de urg\u00eancia do PL 1417\/21 - Federassantas","og_description":"A C\u00e2mara dos Deputados aprovou por unanimidade dos l\u00edderes, nessa quarta-feira (17), o requerimento de pedido de urg\u00eancia para a vota\u00e7\u00e3o do projeto de Lei 1417\/2021, que pede o repasse emergencial de R$ 2 bilh\u00f5es \u00e0s Santas Casas e hospitais filantr\u00f3picos.A C\u00e2mara dos Deputados aprovou por unanimidade dos l\u00edderes, nessa quarta-feira (17), o requerimento de [&hellip;]","og_url":"https:\/\/www.federassantas.org.br\/novosite\/camara-aprova-por-unanimidade-dos-lideres-requerimento-de-urgencia-do-pl-1417-21\/","og_site_name":"Federassantas","article_published_time":"2021-11-18T13:08:42+00:00","author":"admin-federas","twitter_card":"summary_large_image","twitter_misc":{"Escrito por":"admin-federas","Est. tempo de leitura":"2 minutos"},"schema":{"@context":"https:\/\/schema.org","@graph":[{"@type":"Article","@id":"https:\/\/www.federassantas.org.br\/novosite\/camara-aprova-por-unanimidade-dos-lideres-requerimento-de-urgencia-do-pl-1417-21\/#article","isPartOf":{"@id":"https:\/\/www.federassantas.org.br\/novosite\/camara-aprova-por-unanimidade-dos-lideres-requerimento-de-urgencia-do-pl-1417-21\/"},"author":{"name":"admin-federas","@id":"https:\/\/www.federassantas.org.br\/novosite\/#\/schema\/person\/75fed98158349313fe56175f232f513c"},"headline":"C\u00e2mara aprova, por unanimidade dos l\u00edderes, requerimento de urg\u00eancia do PL 1417\/21","datePublished":"2021-11-18T13:08:42+00:00","mainEntityOfPage":{"@id":"https:\/\/www.federassantas.org.br\/novosite\/camara-aprova-por-unanimidade-dos-lideres-requerimento-de-urgencia-do-pl-1417-21\/"},"wordCount":424,"commentCount":0,"publisher":{"@id":"https:\/\/www.federassantas.org.br\/novosite\/#organization"},"image":{"@id":"https:\/\/www.federassantas.org.br\/novosite\/camara-aprova-por-unanimidade-dos-lideres-requerimento-de-urgencia-do-pl-1417-21\/#primaryimage"},"thumbnailUrl":"","articleSection":["Not\u00edcias","Not\u00edcias P\u00fablicas"],"inLanguage":"pt-BR","potentialAction":[{"@type":"CommentAction","name":"Comment","target":["https:\/\/www.federassantas.org.br\/novosite\/camara-aprova-por-unanimidade-dos-lideres-requerimento-de-urgencia-do-pl-1417-21\/#respond"]}]},{"@type":"WebPage","@id":"https:\/\/www.federassantas.org.br\/novosite\/camara-aprova-por-unanimidade-dos-lideres-requerimento-de-urgencia-do-pl-1417-21\/","url":"https:\/\/www.federassantas.org.br\/novosite\/camara-aprova-por-unanimidade-dos-lideres-requerimento-de-urgencia-do-pl-1417-21\/","name":"C\u00e2mara aprova, por unanimidade dos l\u00edderes, requerimento de urg\u00eancia do PL 1417\/21 - Federassantas","isPartOf":{"@id":"https:\/\/www.federassantas.org.br\/novosite\/#website"},"primaryImageOfPage":{"@id":"https:\/\/www.federassantas.org.br\/novosite\/camara-aprova-por-unanimidade-dos-lideres-requerimento-de-urgencia-do-pl-1417-21\/#primaryimage"},"image":{"@id":"https:\/\/www.federassantas.org.br\/novosite\/camara-aprova-por-unanimidade-dos-lideres-requerimento-de-urgencia-do-pl-1417-21\/#primaryimage"},"thumbnailUrl":"","datePublished":"2021-11-18T13:08:42+00:00","breadcrumb":{"@id":"https:\/\/www.federassantas.org.br\/novosite\/camara-aprova-por-unanimidade-dos-lideres-requerimento-de-urgencia-do-pl-1417-21\/#breadcrumb"},"inLanguage":"pt-BR","potentialAction":[{"@type":"ReadAction","target":["https:\/\/www.federassantas.org.br\/novosite\/camara-aprova-por-unanimidade-dos-lideres-requerimento-de-urgencia-do-pl-1417-21\/"]}]},{"@type":"ImageObject","inLanguage":"pt-BR","@id":"https:\/\/www.federassantas.org.br\/novosite\/camara-aprova-por-unanimidade-dos-lideres-requerimento-de-urgencia-do-pl-1417-21\/#primaryimage","url":"","contentUrl":""},{"@type":"BreadcrumbList","@id":"https:\/\/www.federassantas.org.br\/novosite\/camara-aprova-por-unanimidade-dos-lideres-requerimento-de-urgencia-do-pl-1417-21\/#breadcrumb","itemListElement":[{"@type":"ListItem","position":1,"name":"In\u00edcio","item":"https:\/\/www.federassantas.org.br\/novosite\/"},{"@type":"ListItem","position":2,"name":"C\u00e2mara aprova, por unanimidade dos l\u00edderes, requerimento de urg\u00eancia do PL 1417\/21"}]},{"@type":"WebSite","@id":"https:\/\/www.federassantas.org.br\/novosite\/#website","url":"https:\/\/www.federassantas.org.br\/novosite\/","name":"Federassantas","description":"Fed. das Santas Casas e Hospitais Filantr\u00f3picos de MG","publisher":{"@id":"https:\/\/www.federassantas.org.br\/novosite\/#organization"},"potentialAction":[{"@type":"SearchAction","target":{"@type":"EntryPoint","urlTemplate":"https:\/\/www.federassantas.org.br\/novosite\/?s={search_term_string}"},"query-input":{"@type":"PropertyValueSpecification","valueRequired":true,"valueName":"search_term_string"}}],"inLanguage":"pt-BR"},{"@type":"Organization","@id":"https:\/\/www.federassantas.org.br\/novosite\/#organization","name":"Federassantas","url":"https:\/\/www.federassantas.org.br\/novosite\/","logo":{"@type":"ImageObject","inLanguage":"pt-BR","@id":"https:\/\/www.federassantas.org.br\/novosite\/#\/schema\/logo\/image\/","url":"https:\/\/www.federassantas.org.br\/novosite\/wp-content\/uploads\/2021\/12\/logo.png","contentUrl":"https:\/\/www.federassantas.org.br\/novosite\/wp-content\/uploads\/2021\/12\/logo.png","width":243,"height":59,"caption":"Federassantas"},"image":{"@id":"https:\/\/www.federassantas.org.br\/novosite\/#\/schema\/logo\/image\/"}},{"@type":"Person","@id":"https:\/\/www.federassantas.org.br\/novosite\/#\/schema\/person\/75fed98158349313fe56175f232f513c","name":"admin-federas","image":{"@type":"ImageObject","inLanguage":"pt-BR","@id":"https:\/\/www.federassantas.org.br\/novosite\/#\/schema\/person\/image\/","url":"https:\/\/secure.gravatar.com\/avatar\/2a02d7dda59fe8dc6b7ffd3f652e2efede5ccf0dd89dfdc8137c5517f3de8407?s=96&d=mm&r=g","contentUrl":"https:\/\/secure.gravatar.com\/avatar\/2a02d7dda59fe8dc6b7ffd3f652e2efede5ccf0dd89dfdc8137c5517f3de8407?s=96&d=mm&r=g","caption":"admin-federas"},"sameAs":["https:\/\/www.federassantas.org.br\/novosite\/"],"url":"https:\/\/www.federassantas.org.br\/novosite\/author\/admin-federas\/"}]}},"_links":{"self":[{"href":"https:\/\/www.federassantas.org.br\/novosite\/wp-json\/wp\/v2\/posts\/22671","targetHints":{"allow":["GET"]}}],"collection":[{"href":"https:\/\/www.federassantas.org.br\/novosite\/wp-json\/wp\/v2\/posts"}],"about":[{"href":"https:\/\/www.federassantas.org.br\/novosite\/wp-json\/wp\/v2\/types\/post"}],"author":[{"embeddable":true,"href":"https:\/\/www.federassantas.org.br\/novosite\/wp-json\/wp\/v2\/users\/1"}],"replies":[{"embeddable":true,"href":"https:\/\/www.federassantas.org.br\/novosite\/wp-json\/wp\/v2\/comments?post=22671"}],"version-history":[{"count":0,"href":"https:\/\/www.federassantas.org.br\/novosite\/wp-json\/wp\/v2\/posts\/22671\/revisions"}],"wp:featuredmedia":[{"embeddable":true,"href":"https:\/\/www.federassantas.org.br\/novosite\/wp-json\/"}],"wp:attachment":[{"href":"https:\/\/www.federassantas.org.br\/novosite\/wp-json\/wp\/v2\/media?parent=22671"}],"wp:term":[{"taxonomy":"category","embeddable":true,"href":"https:\/\/www.federassantas.org.br\/novosite\/wp-json\/wp\/v2\/categories?post=22671"},{"taxonomy":"post_tag","embeddable":true,"href":"https:\/\/www.federassantas.org.br\/novosite\/wp-json\/wp\/v2\/tags?post=22671"}],"curies":[{"name":"wp","href":"https:\/\/api.w.org\/{rel}","templated":true}]}}