{"id":22677,"date":"2021-11-18T10:21:38","date_gmt":"2021-11-18T13:21:38","guid":{"rendered":"https:\/\/federasbackup.meltcomunicacao.com.br\/?p=22677"},"modified":"2021-11-18T10:21:38","modified_gmt":"2021-11-18T13:21:38","slug":"cafe-cacon-recebe-doacoes-da-pradolux-em-acoes-do-outubro-rosa-e-novembro-azul","status":"publish","type":"post","link":"https:\/\/www.federassantas.org.br\/novosite\/cafe-cacon-recebe-doacoes-da-pradolux-em-acoes-do-outubro-rosa-e-novembro-azul\/","title":{"rendered":"Caf\u00e9 Cacon recebe doa\u00e7\u00f5es da Pradolux em a\u00e7\u00f5es do Outubro Rosa e Novembro Azul"},"content":{"rendered":"\n<p>Com o intuito de contribuir e ajudar a UNACON (Unidade de Atendimento de Alta Complexidade em Oncologia), a empresa Pradolux, juntamente com seus colaboradores, teve a iniciativa de arrecadar leite e margarina sem sal para realizar doa\u00e7\u00e3o para o Caf\u00e9 Cacon, que oferece lanches diariamente, de forma gratuita, aos pacientes da Unacon.<\/p>\n\n\n\n<p>Os alimentos foram arrecadados no per\u00edodo de 25 de outubro a 09 de novembro em a\u00e7\u00f5es de conscientiza\u00e7\u00e3o do Outubro Rosa e Novembro Azul.&nbsp;<\/p>\n\n\n\n<p>\u201cDivulgamos a iniciativa atrav\u00e9s de nossas Reuni\u00f5es de In\u00edcio de Trabalho, juntamente com a leitura de artigos sobre a import\u00e2ncia da preven\u00e7\u00e3o do c\u00e2ncer de mama e de pr\u00f3stata.<\/p>\n\n\n\n<p>No total, foram arrecadados cerca de 610 litros de leite e 50 margarinas sem sal. A empresa Pradolux espera que, com essa iniciativa, possa inspirar cada vez mais nossa comunidade e seus colaboradores a contribu\u00edrem com essa institui\u00e7\u00e3o que tanto precisa da nossa ajuda. A Pradolux agradece a contribui\u00e7\u00e3o de todos os colaboradores e deseja muita luz, sucesso e ben\u00e7\u00e3o a todos os colaboradores, volunt\u00e1rios e pacientes da UNACON\u201d,&nbsp;escreveu em nota o Comit\u00ea de Conduta \u00c9tica do Grupo Pradolux Luxparts.<\/p>\n\n\n\n<p>A&nbsp;provedora da Irmandade,&nbsp;C\u00e9lia Maria de Souza, foi quem recebeu a doa\u00e7\u00e3o e agradece, em nome da Santa Casa, pela doa\u00e7\u00e3o que a empresa realizou.<\/p>\n\n\n\n<p>\u201cEm nome das pessoas que necessitam de atendimento na Unacon, eu quero agradecer \u00e0 equipe da Pradolux que, com tanto carinho, trouxe alimentos para que a gente possa servir no caf\u00e9 da manh\u00e3 para pessoas que v\u00eam de t\u00e3o longe e que precisam desse alimento. Muito obrigada, que Deus aben\u00e7oe a todos voc\u00eas e que Ele lhes recompense em dobro tudo que a n\u00f3s voc\u00eas est\u00e3o doando\u201d, finaliza a provedora.<\/p>\n\n\n\n<p><\/p>\n\n\n\n<p>Por: Comunica\u00e7\u00e3o da Santa Casa de Po\u00e7os de Caldas<\/p>\n","protected":false},"excerpt":{"rendered":"<p>Com o intuito de contribuir e ajudar a UNACON (Unidade de Atendimento de Alta Complexidade em Oncologia), a empresa Pradolux, juntamente com seus colaboradores, teve a iniciativa de arrecadar leite e margarina sem sal para realizar doa\u00e7\u00e3o para o Caf\u00e9 Cacon, que oferece lanches diariamente, de forma gratuita, aos pacientes da Unacon. Os alimentos foram [&hellip;]<\/p>\n","protected":false},"author":1,"featured_media":22678,"comment_status":"open","ping_status":"open","sticky":false,"template":"","format":"standard","meta":{"footnotes":""},"categories":[140,139],"tags":[],"class_list":["post-22677","post","type-post","status-publish","format-standard","has-post-thumbnail","hentry","category-noticias","category-noticias-filiados"],"yoast_head":"<!-- This site is optimized with the Yoast SEO plugin v26.9 - https:\/\/yoast.com\/product\/yoast-seo-wordpress\/ -->\n<title>Caf\u00e9 Cacon recebe doa\u00e7\u00f5es da Pradolux em a\u00e7\u00f5es do Outubro Rosa e Novembro Azul - Federassantas<\/title>\n<meta name=\"robots\" content=\"index, follow, max-snippet:-1, max-image-preview:large, max-video-preview:-1\" \/>\n<link rel=\"canonical\" href=\"https:\/\/www.federassantas.org.br\/novosite\/cafe-cacon-recebe-doacoes-da-pradolux-em-acoes-do-outubro-rosa-e-novembro-azul\/\" \/>\n<meta property=\"og:locale\" content=\"pt_BR\" \/>\n<meta property=\"og:type\" content=\"article\" \/>\n<meta property=\"og:title\" content=\"Caf\u00e9 Cacon recebe doa\u00e7\u00f5es da Pradolux em a\u00e7\u00f5es do Outubro Rosa e Novembro Azul - Federassantas\" \/>\n<meta property=\"og:description\" content=\"Com o intuito de contribuir e ajudar a UNACON (Unidade de Atendimento de Alta Complexidade em Oncologia), a empresa Pradolux, juntamente com seus colaboradores, teve a iniciativa de arrecadar leite e margarina sem sal para realizar doa\u00e7\u00e3o para o Caf\u00e9 Cacon, que oferece lanches diariamente, de forma gratuita, aos pacientes da Unacon. Os alimentos foram [&hellip;]\" \/>\n<meta property=\"og:url\" content=\"https:\/\/www.federassantas.org.br\/novosite\/cafe-cacon-recebe-doacoes-da-pradolux-em-acoes-do-outubro-rosa-e-novembro-azul\/\" \/>\n<meta property=\"og:site_name\" content=\"Federassantas\" \/>\n<meta property=\"article:published_time\" content=\"2021-11-18T13:21:38+00:00\" \/>\n<meta property=\"og:image\" content=\"https:\/\/www.federassantas.org.br\/novosite\/wp-content\/uploads\/2021\/11\/DSC_0263-scaled-1.jpg\" \/>\n\t<meta property=\"og:image:width\" content=\"2560\" \/>\n\t<meta property=\"og:image:height\" content=\"1983\" \/>\n\t<meta property=\"og:image:type\" content=\"image\/jpeg\" \/>\n<meta name=\"author\" content=\"admin-federas\" \/>\n<meta name=\"twitter:card\" content=\"summary_large_image\" \/>\n<meta name=\"twitter:label1\" content=\"Escrito por\" \/>\n\t<meta name=\"twitter:data1\" content=\"admin-federas\" \/>\n\t<meta name=\"twitter:label2\" content=\"Est. tempo de leitura\" \/>\n\t<meta name=\"twitter:data2\" content=\"2 minutos\" \/>\n<script type=\"application\/ld+json\" class=\"yoast-schema-graph\">{\"@context\":\"https:\/\/schema.org\",\"@graph\":[{\"@type\":\"Article\",\"@id\":\"https:\/\/www.federassantas.org.br\/novosite\/cafe-cacon-recebe-doacoes-da-pradolux-em-acoes-do-outubro-rosa-e-novembro-azul\/#article\",\"isPartOf\":{\"@id\":\"https:\/\/www.federassantas.org.br\/novosite\/cafe-cacon-recebe-doacoes-da-pradolux-em-acoes-do-outubro-rosa-e-novembro-azul\/\"},\"author\":{\"name\":\"admin-federas\",\"@id\":\"https:\/\/www.federassantas.org.br\/novosite\/#\/schema\/person\/75fed98158349313fe56175f232f513c\"},\"headline\":\"Caf\u00e9 Cacon recebe doa\u00e7\u00f5es da Pradolux em a\u00e7\u00f5es do Outubro Rosa e Novembro Azul\",\"datePublished\":\"2021-11-18T13:21:38+00:00\",\"mainEntityOfPage\":{\"@id\":\"https:\/\/www.federassantas.org.br\/novosite\/cafe-cacon-recebe-doacoes-da-pradolux-em-acoes-do-outubro-rosa-e-novembro-azul\/\"},\"wordCount\":334,\"commentCount\":0,\"publisher\":{\"@id\":\"https:\/\/www.federassantas.org.br\/novosite\/#organization\"},\"image\":{\"@id\":\"https:\/\/www.federassantas.org.br\/novosite\/cafe-cacon-recebe-doacoes-da-pradolux-em-acoes-do-outubro-rosa-e-novembro-azul\/#primaryimage\"},\"thumbnailUrl\":\"https:\/\/www.federassantas.org.br\/novosite\/wp-content\/uploads\/2021\/11\/DSC_0263-scaled-1.jpg\",\"articleSection\":[\"Not\u00edcias\",\"Not\u00edcias filiados\"],\"inLanguage\":\"pt-BR\",\"potentialAction\":[{\"@type\":\"CommentAction\",\"name\":\"Comment\",\"target\":[\"https:\/\/www.federassantas.org.br\/novosite\/cafe-cacon-recebe-doacoes-da-pradolux-em-acoes-do-outubro-rosa-e-novembro-azul\/#respond\"]}]},{\"@type\":\"WebPage\",\"@id\":\"https:\/\/www.federassantas.org.br\/novosite\/cafe-cacon-recebe-doacoes-da-pradolux-em-acoes-do-outubro-rosa-e-novembro-azul\/\",\"url\":\"https:\/\/www.federassantas.org.br\/novosite\/cafe-cacon-recebe-doacoes-da-pradolux-em-acoes-do-outubro-rosa-e-novembro-azul\/\",\"name\":\"Caf\u00e9 Cacon recebe doa\u00e7\u00f5es da Pradolux em a\u00e7\u00f5es do Outubro Rosa e Novembro Azul - Federassantas\",\"isPartOf\":{\"@id\":\"https:\/\/www.federassantas.org.br\/novosite\/#website\"},\"primaryImageOfPage\":{\"@id\":\"https:\/\/www.federassantas.org.br\/novosite\/cafe-cacon-recebe-doacoes-da-pradolux-em-acoes-do-outubro-rosa-e-novembro-azul\/#primaryimage\"},\"image\":{\"@id\":\"https:\/\/www.federassantas.org.br\/novosite\/cafe-cacon-recebe-doacoes-da-pradolux-em-acoes-do-outubro-rosa-e-novembro-azul\/#primaryimage\"},\"thumbnailUrl\":\"https:\/\/www.federassantas.org.br\/novosite\/wp-content\/uploads\/2021\/11\/DSC_0263-scaled-1.jpg\",\"datePublished\":\"2021-11-18T13:21:38+00:00\",\"breadcrumb\":{\"@id\":\"https:\/\/www.federassantas.org.br\/novosite\/cafe-cacon-recebe-doacoes-da-pradolux-em-acoes-do-outubro-rosa-e-novembro-azul\/#breadcrumb\"},\"inLanguage\":\"pt-BR\",\"potentialAction\":[{\"@type\":\"ReadAction\",\"target\":[\"https:\/\/www.federassantas.org.br\/novosite\/cafe-cacon-recebe-doacoes-da-pradolux-em-acoes-do-outubro-rosa-e-novembro-azul\/\"]}]},{\"@type\":\"ImageObject\",\"inLanguage\":\"pt-BR\",\"@id\":\"https:\/\/www.federassantas.org.br\/novosite\/cafe-cacon-recebe-doacoes-da-pradolux-em-acoes-do-outubro-rosa-e-novembro-azul\/#primaryimage\",\"url\":\"https:\/\/www.federassantas.org.br\/novosite\/wp-content\/uploads\/2021\/11\/DSC_0263-scaled-1.jpg\",\"contentUrl\":\"https:\/\/www.federassantas.org.br\/novosite\/wp-content\/uploads\/2021\/11\/DSC_0263-scaled-1.jpg\",\"width\":2560,\"height\":1983},{\"@type\":\"BreadcrumbList\",\"@id\":\"https:\/\/www.federassantas.org.br\/novosite\/cafe-cacon-recebe-doacoes-da-pradolux-em-acoes-do-outubro-rosa-e-novembro-azul\/#breadcrumb\",\"itemListElement\":[{\"@type\":\"ListItem\",\"position\":1,\"name\":\"In\u00edcio\",\"item\":\"https:\/\/www.federassantas.org.br\/novosite\/\"},{\"@type\":\"ListItem\",\"position\":2,\"name\":\"Caf\u00e9 Cacon recebe doa\u00e7\u00f5es da Pradolux em a\u00e7\u00f5es do Outubro Rosa e Novembro Azul\"}]},{\"@type\":\"WebSite\",\"@id\":\"https:\/\/www.federassantas.org.br\/novosite\/#website\",\"url\":\"https:\/\/www.federassantas.org.br\/novosite\/\",\"name\":\"Federassantas\",\"description\":\"Fed. das Santas Casas e Hospitais Filantr\u00f3picos de MG\",\"publisher\":{\"@id\":\"https:\/\/www.federassantas.org.br\/novosite\/#organization\"},\"potentialAction\":[{\"@type\":\"SearchAction\",\"target\":{\"@type\":\"EntryPoint\",\"urlTemplate\":\"https:\/\/www.federassantas.org.br\/novosite\/?s={search_term_string}\"},\"query-input\":{\"@type\":\"PropertyValueSpecification\",\"valueRequired\":true,\"valueName\":\"search_term_string\"}}],\"inLanguage\":\"pt-BR\"},{\"@type\":\"Organization\",\"@id\":\"https:\/\/www.federassantas.org.br\/novosite\/#organization\",\"name\":\"Federassantas\",\"url\":\"https:\/\/www.federassantas.org.br\/novosite\/\",\"logo\":{\"@type\":\"ImageObject\",\"inLanguage\":\"pt-BR\",\"@id\":\"https:\/\/www.federassantas.org.br\/novosite\/#\/schema\/logo\/image\/\",\"url\":\"https:\/\/www.federassantas.org.br\/novosite\/wp-content\/uploads\/2021\/12\/logo.png\",\"contentUrl\":\"https:\/\/www.federassantas.org.br\/novosite\/wp-content\/uploads\/2021\/12\/logo.png\",\"width\":243,\"height\":59,\"caption\":\"Federassantas\"},\"image\":{\"@id\":\"https:\/\/www.federassantas.org.br\/novosite\/#\/schema\/logo\/image\/\"}},{\"@type\":\"Person\",\"@id\":\"https:\/\/www.federassantas.org.br\/novosite\/#\/schema\/person\/75fed98158349313fe56175f232f513c\",\"name\":\"admin-federas\",\"image\":{\"@type\":\"ImageObject\",\"inLanguage\":\"pt-BR\",\"@id\":\"https:\/\/www.federassantas.org.br\/novosite\/#\/schema\/person\/image\/\",\"url\":\"https:\/\/secure.gravatar.com\/avatar\/2a02d7dda59fe8dc6b7ffd3f652e2efede5ccf0dd89dfdc8137c5517f3de8407?s=96&d=mm&r=g\",\"contentUrl\":\"https:\/\/secure.gravatar.com\/avatar\/2a02d7dda59fe8dc6b7ffd3f652e2efede5ccf0dd89dfdc8137c5517f3de8407?s=96&d=mm&r=g\",\"caption\":\"admin-federas\"},\"sameAs\":[\"https:\/\/www.federassantas.org.br\/novosite\/\"],\"url\":\"https:\/\/www.federassantas.org.br\/novosite\/author\/admin-federas\/\"}]}<\/script>\n<!-- \/ Yoast SEO plugin. -->","yoast_head_json":{"title":"Caf\u00e9 Cacon recebe doa\u00e7\u00f5es da Pradolux em a\u00e7\u00f5es do Outubro Rosa e Novembro Azul - Federassantas","robots":{"index":"index","follow":"follow","max-snippet":"max-snippet:-1","max-image-preview":"max-image-preview:large","max-video-preview":"max-video-preview:-1"},"canonical":"https:\/\/www.federassantas.org.br\/novosite\/cafe-cacon-recebe-doacoes-da-pradolux-em-acoes-do-outubro-rosa-e-novembro-azul\/","og_locale":"pt_BR","og_type":"article","og_title":"Caf\u00e9 Cacon recebe doa\u00e7\u00f5es da Pradolux em a\u00e7\u00f5es do Outubro Rosa e Novembro Azul - Federassantas","og_description":"Com o intuito de contribuir e ajudar a UNACON (Unidade de Atendimento de Alta Complexidade em Oncologia), a empresa Pradolux, juntamente com seus colaboradores, teve a iniciativa de arrecadar leite e margarina sem sal para realizar doa\u00e7\u00e3o para o Caf\u00e9 Cacon, que oferece lanches diariamente, de forma gratuita, aos pacientes da Unacon. Os alimentos foram [&hellip;]","og_url":"https:\/\/www.federassantas.org.br\/novosite\/cafe-cacon-recebe-doacoes-da-pradolux-em-acoes-do-outubro-rosa-e-novembro-azul\/","og_site_name":"Federassantas","article_published_time":"2021-11-18T13:21:38+00:00","og_image":[{"width":2560,"height":1983,"url":"https:\/\/www.federassantas.org.br\/novosite\/wp-content\/uploads\/2021\/11\/DSC_0263-scaled-1.jpg","type":"image\/jpeg"}],"author":"admin-federas","twitter_card":"summary_large_image","twitter_misc":{"Escrito por":"admin-federas","Est. tempo de leitura":"2 minutos"},"schema":{"@context":"https:\/\/schema.org","@graph":[{"@type":"Article","@id":"https:\/\/www.federassantas.org.br\/novosite\/cafe-cacon-recebe-doacoes-da-pradolux-em-acoes-do-outubro-rosa-e-novembro-azul\/#article","isPartOf":{"@id":"https:\/\/www.federassantas.org.br\/novosite\/cafe-cacon-recebe-doacoes-da-pradolux-em-acoes-do-outubro-rosa-e-novembro-azul\/"},"author":{"name":"admin-federas","@id":"https:\/\/www.federassantas.org.br\/novosite\/#\/schema\/person\/75fed98158349313fe56175f232f513c"},"headline":"Caf\u00e9 Cacon recebe doa\u00e7\u00f5es da Pradolux em a\u00e7\u00f5es do Outubro Rosa e Novembro Azul","datePublished":"2021-11-18T13:21:38+00:00","mainEntityOfPage":{"@id":"https:\/\/www.federassantas.org.br\/novosite\/cafe-cacon-recebe-doacoes-da-pradolux-em-acoes-do-outubro-rosa-e-novembro-azul\/"},"wordCount":334,"commentCount":0,"publisher":{"@id":"https:\/\/www.federassantas.org.br\/novosite\/#organization"},"image":{"@id":"https:\/\/www.federassantas.org.br\/novosite\/cafe-cacon-recebe-doacoes-da-pradolux-em-acoes-do-outubro-rosa-e-novembro-azul\/#primaryimage"},"thumbnailUrl":"https:\/\/www.federassantas.org.br\/novosite\/wp-content\/uploads\/2021\/11\/DSC_0263-scaled-1.jpg","articleSection":["Not\u00edcias","Not\u00edcias filiados"],"inLanguage":"pt-BR","potentialAction":[{"@type":"CommentAction","name":"Comment","target":["https:\/\/www.federassantas.org.br\/novosite\/cafe-cacon-recebe-doacoes-da-pradolux-em-acoes-do-outubro-rosa-e-novembro-azul\/#respond"]}]},{"@type":"WebPage","@id":"https:\/\/www.federassantas.org.br\/novosite\/cafe-cacon-recebe-doacoes-da-pradolux-em-acoes-do-outubro-rosa-e-novembro-azul\/","url":"https:\/\/www.federassantas.org.br\/novosite\/cafe-cacon-recebe-doacoes-da-pradolux-em-acoes-do-outubro-rosa-e-novembro-azul\/","name":"Caf\u00e9 Cacon recebe doa\u00e7\u00f5es da Pradolux em a\u00e7\u00f5es do Outubro Rosa e Novembro Azul - Federassantas","isPartOf":{"@id":"https:\/\/www.federassantas.org.br\/novosite\/#website"},"primaryImageOfPage":{"@id":"https:\/\/www.federassantas.org.br\/novosite\/cafe-cacon-recebe-doacoes-da-pradolux-em-acoes-do-outubro-rosa-e-novembro-azul\/#primaryimage"},"image":{"@id":"https:\/\/www.federassantas.org.br\/novosite\/cafe-cacon-recebe-doacoes-da-pradolux-em-acoes-do-outubro-rosa-e-novembro-azul\/#primaryimage"},"thumbnailUrl":"https:\/\/www.federassantas.org.br\/novosite\/wp-content\/uploads\/2021\/11\/DSC_0263-scaled-1.jpg","datePublished":"2021-11-18T13:21:38+00:00","breadcrumb":{"@id":"https:\/\/www.federassantas.org.br\/novosite\/cafe-cacon-recebe-doacoes-da-pradolux-em-acoes-do-outubro-rosa-e-novembro-azul\/#breadcrumb"},"inLanguage":"pt-BR","potentialAction":[{"@type":"ReadAction","target":["https:\/\/www.federassantas.org.br\/novosite\/cafe-cacon-recebe-doacoes-da-pradolux-em-acoes-do-outubro-rosa-e-novembro-azul\/"]}]},{"@type":"ImageObject","inLanguage":"pt-BR","@id":"https:\/\/www.federassantas.org.br\/novosite\/cafe-cacon-recebe-doacoes-da-pradolux-em-acoes-do-outubro-rosa-e-novembro-azul\/#primaryimage","url":"https:\/\/www.federassantas.org.br\/novosite\/wp-content\/uploads\/2021\/11\/DSC_0263-scaled-1.jpg","contentUrl":"https:\/\/www.federassantas.org.br\/novosite\/wp-content\/uploads\/2021\/11\/DSC_0263-scaled-1.jpg","width":2560,"height":1983},{"@type":"BreadcrumbList","@id":"https:\/\/www.federassantas.org.br\/novosite\/cafe-cacon-recebe-doacoes-da-pradolux-em-acoes-do-outubro-rosa-e-novembro-azul\/#breadcrumb","itemListElement":[{"@type":"ListItem","position":1,"name":"In\u00edcio","item":"https:\/\/www.federassantas.org.br\/novosite\/"},{"@type":"ListItem","position":2,"name":"Caf\u00e9 Cacon recebe doa\u00e7\u00f5es da Pradolux em a\u00e7\u00f5es do Outubro Rosa e Novembro Azul"}]},{"@type":"WebSite","@id":"https:\/\/www.federassantas.org.br\/novosite\/#website","url":"https:\/\/www.federassantas.org.br\/novosite\/","name":"Federassantas","description":"Fed. das Santas Casas e Hospitais Filantr\u00f3picos de MG","publisher":{"@id":"https:\/\/www.federassantas.org.br\/novosite\/#organization"},"potentialAction":[{"@type":"SearchAction","target":{"@type":"EntryPoint","urlTemplate":"https:\/\/www.federassantas.org.br\/novosite\/?s={search_term_string}"},"query-input":{"@type":"PropertyValueSpecification","valueRequired":true,"valueName":"search_term_string"}}],"inLanguage":"pt-BR"},{"@type":"Organization","@id":"https:\/\/www.federassantas.org.br\/novosite\/#organization","name":"Federassantas","url":"https:\/\/www.federassantas.org.br\/novosite\/","logo":{"@type":"ImageObject","inLanguage":"pt-BR","@id":"https:\/\/www.federassantas.org.br\/novosite\/#\/schema\/logo\/image\/","url":"https:\/\/www.federassantas.org.br\/novosite\/wp-content\/uploads\/2021\/12\/logo.png","contentUrl":"https:\/\/www.federassantas.org.br\/novosite\/wp-content\/uploads\/2021\/12\/logo.png","width":243,"height":59,"caption":"Federassantas"},"image":{"@id":"https:\/\/www.federassantas.org.br\/novosite\/#\/schema\/logo\/image\/"}},{"@type":"Person","@id":"https:\/\/www.federassantas.org.br\/novosite\/#\/schema\/person\/75fed98158349313fe56175f232f513c","name":"admin-federas","image":{"@type":"ImageObject","inLanguage":"pt-BR","@id":"https:\/\/www.federassantas.org.br\/novosite\/#\/schema\/person\/image\/","url":"https:\/\/secure.gravatar.com\/avatar\/2a02d7dda59fe8dc6b7ffd3f652e2efede5ccf0dd89dfdc8137c5517f3de8407?s=96&d=mm&r=g","contentUrl":"https:\/\/secure.gravatar.com\/avatar\/2a02d7dda59fe8dc6b7ffd3f652e2efede5ccf0dd89dfdc8137c5517f3de8407?s=96&d=mm&r=g","caption":"admin-federas"},"sameAs":["https:\/\/www.federassantas.org.br\/novosite\/"],"url":"https:\/\/www.federassantas.org.br\/novosite\/author\/admin-federas\/"}]}},"_links":{"self":[{"href":"https:\/\/www.federassantas.org.br\/novosite\/wp-json\/wp\/v2\/posts\/22677","targetHints":{"allow":["GET"]}}],"collection":[{"href":"https:\/\/www.federassantas.org.br\/novosite\/wp-json\/wp\/v2\/posts"}],"about":[{"href":"https:\/\/www.federassantas.org.br\/novosite\/wp-json\/wp\/v2\/types\/post"}],"author":[{"embeddable":true,"href":"https:\/\/www.federassantas.org.br\/novosite\/wp-json\/wp\/v2\/users\/1"}],"replies":[{"embeddable":true,"href":"https:\/\/www.federassantas.org.br\/novosite\/wp-json\/wp\/v2\/comments?post=22677"}],"version-history":[{"count":0,"href":"https:\/\/www.federassantas.org.br\/novosite\/wp-json\/wp\/v2\/posts\/22677\/revisions"}],"wp:featuredmedia":[{"embeddable":true,"href":"https:\/\/www.federassantas.org.br\/novosite\/wp-json\/wp\/v2\/media\/22678"}],"wp:attachment":[{"href":"https:\/\/www.federassantas.org.br\/novosite\/wp-json\/wp\/v2\/media?parent=22677"}],"wp:term":[{"taxonomy":"category","embeddable":true,"href":"https:\/\/www.federassantas.org.br\/novosite\/wp-json\/wp\/v2\/categories?post=22677"},{"taxonomy":"post_tag","embeddable":true,"href":"https:\/\/www.federassantas.org.br\/novosite\/wp-json\/wp\/v2\/tags?post=22677"}],"curies":[{"name":"wp","href":"https:\/\/api.w.org\/{rel}","templated":true}]}}