{"id":22695,"date":"2021-11-19T12:15:00","date_gmt":"2021-11-19T15:15:00","guid":{"rendered":"https:\/\/federasbackup.meltcomunicacao.com.br\/?p=22695"},"modified":"2021-11-19T12:15:00","modified_gmt":"2021-11-19T15:15:00","slug":"bh-convoca-moradores-de-20-a-30-anos-para-repescagem-da-vacina-da-pfizer","status":"publish","type":"post","link":"https:\/\/www.federassantas.org.br\/novosite\/bh-convoca-moradores-de-20-a-30-anos-para-repescagem-da-vacina-da-pfizer\/","title":{"rendered":"BH convoca moradores de 20 a 30 anos para repescagem da vacina da Pfizer"},"content":{"rendered":"\n<p>Para tentar aumentar a cobertura vacinal contra a Covid-19 na popula\u00e7\u00e3o de 20 a 30 anos, Belo Horizonte intensificou a campanha e convocou parte do grupo para tomar a vacina da Pfizer. A repescagem come\u00e7a hoje e, neste s\u00e1bado (20), haver\u00e1 tamb\u00e9m uma mobiliza\u00e7\u00e3o para aplica\u00e7\u00e3o de primeira, segunda ou terceira doses do imunizante.<\/p>\n\n\n\n<p>Segundo a Prefeitura de BH, menos de 30% dos moradores nessa faixa et\u00e1ria procuraram os postos de sa\u00fade para receber a segunda aplica\u00e7\u00e3o e garantir a prote\u00e7\u00e3o maior contra o Coronav\u00edrus. Por conta disso, de acordo com o presidente da Belotur, Gilberto Castro, a realiza\u00e7\u00e3o do Carnaval de rua em 2022 ainda est\u00e1 indefinida.<\/p>\n\n\n\n<p>Al\u00e9m dos jovens belo-horizontinos, o mutir\u00e3o que come\u00e7a nesta sexta-feira visa pessoas com alto grau de imunossupres-s\u00e3o (sistema imunol\u00f3gi-co fragilizado) com idade acima de 18 anos e idosos. \u00c9 necess\u00e1rio levar o cart\u00e3o de vacina\u00e7\u00e3o, documento de identidade, CPF e comprovante de resid\u00eancia, al\u00e9m de atestado que comprove a condi\u00e7\u00e3o de sa\u00fade, no caso dos portadores de doen\u00e7as autoimunes.<\/p>\n\n\n\n<p>Na campanha de amanh\u00e3, o objetivo \u00e9 atualizar a situa\u00e7\u00e3o dos que ainda precisam da primeira, segunda ou terceira doses (refor\u00e7o) da Pfizer. Os centros de sa\u00fade da capital estar\u00e3o abertos das 12h \u00e0s 18h, enquanto os pontos de drive-thru e dos shoppings funcionar\u00e3o das 13h \u00e0s 19h. Os endere\u00e7os, localizados nas nove regionais da cidade, podem ser consultados.&nbsp;<\/p>\n\n\n\n<p>Na segunda (22) e na quinta-feira (25) haver\u00e1 nova convoca\u00e7\u00e3o para os moradores de 20, 21, 22, 24, 25, 26 e 29 anos. J\u00e1 na ter\u00e7a (23) e na sexta-feira (26) ser\u00e1 aplicada a terceira dose nos trabalhadores da sa\u00fade maiores de idade (completos at\u00e9 30 de novembro), cuja segunda aplica\u00e7\u00e3o tenha sido h\u00e1 cinco meses. \u00c9 necess\u00e1rio comprovar a atividade na sa\u00fade em BH.<\/p>\n\n\n\n<p>Para garantir que as pessoas completem o esquema vacinal, a PBH afirma ter realizado chamadas durante os jogos no Mineir\u00e3o, divulga\u00e7\u00f5es em programas de r\u00e1dio, al\u00e9m de publica\u00e7\u00f5es nas redes sociais.&nbsp;<\/p>\n\n\n\n<p>\u201cAs equipes de sa\u00fade, durante as visitas domiciliares, conferem a situa\u00e7\u00e3o vacinal e refor\u00e7am a import\u00e2ncia da vacina\u00e7\u00e3o. Essa a\u00e7\u00e3o tamb\u00e9m \u00e9 realizada durante os atendimentos nos Centros de Sa\u00fade da Aten\u00e7\u00e3o Prim\u00e1ria e ainda por contato telef\u00f4nico nos acompanhamentos de rotina\u201d, diz a prefeitura, em nota.<\/p>\n\n\n\n<p><strong>Al\u00e9m disso<\/strong><\/p>\n\n\n\n<p>Jovens de 12 a 17 anos de BH receber\u00e3o a segunda dose da vacina contra Covid a partir da semana que vem. Para que os adolescentes possam se imunizar \u00e9 necess\u00e1rio um intervalo de, pelo menos, oito semanas desde a primeira aplica\u00e7\u00e3o. Aqueles de at\u00e9 15 anos devem estar acompanhados dos pais ou respons\u00e1veis legais. Veja as datas:<\/p>\n\n\n\n<p>24 de novembro: 17 anos<br>29 de novembro: 16 anos<br>30 de novembro: 15 anos<br>1\u00ba de dezembro: 13 e 14 anos<br>2 de dezembro: 12 anos<\/p>\n\n\n\n<p><\/p>\n\n\n\n<p>Fonte: <a href=\"https:\/\/www.hojeemdia.com.br\/horizontes\/sa%C3%BAde\/bh-convoca-moradores-de-20-a-30-anos-para-repescagem-da-vacina-da-pfizer-1.863588\" target=\"_blank\" rel=\"noreferrer noopener\">Portal Hoje em dia<\/a><\/p>\n","protected":false},"excerpt":{"rendered":"<p>Para tentar aumentar a cobertura vacinal contra a Covid-19 na popula\u00e7\u00e3o de 20 a 30 anos, Belo Horizonte intensificou a campanha e convocou parte do grupo para tomar a vacina da Pfizer. A repescagem come\u00e7a hoje e, neste s\u00e1bado (20), haver\u00e1 tamb\u00e9m uma mobiliza\u00e7\u00e3o para aplica\u00e7\u00e3o de primeira, segunda ou terceira doses do imunizante. Segundo [&hellip;]<\/p>\n","protected":false},"author":1,"featured_media":24842,"comment_status":"open","ping_status":"open","sticky":false,"template":"","format":"standard","meta":{"footnotes":""},"categories":[140,143],"tags":[],"class_list":["post-22695","post","type-post","status-publish","format-standard","has-post-thumbnail","hentry","category-noticias","category-noticias-publicas"],"yoast_head":"<!-- This site is optimized with the Yoast SEO plugin v26.9 - https:\/\/yoast.com\/product\/yoast-seo-wordpress\/ -->\n<title>BH convoca moradores de 20 a 30 anos para repescagem da vacina da Pfizer - Federassantas<\/title>\n<meta name=\"robots\" content=\"index, follow, max-snippet:-1, max-image-preview:large, max-video-preview:-1\" \/>\n<link rel=\"canonical\" href=\"https:\/\/www.federassantas.org.br\/novosite\/bh-convoca-moradores-de-20-a-30-anos-para-repescagem-da-vacina-da-pfizer\/\" \/>\n<meta property=\"og:locale\" content=\"pt_BR\" \/>\n<meta property=\"og:type\" content=\"article\" \/>\n<meta property=\"og:title\" content=\"BH convoca moradores de 20 a 30 anos para repescagem da vacina da Pfizer - Federassantas\" \/>\n<meta property=\"og:description\" content=\"Para tentar aumentar a cobertura vacinal contra a Covid-19 na popula\u00e7\u00e3o de 20 a 30 anos, Belo Horizonte intensificou a campanha e convocou parte do grupo para tomar a vacina da Pfizer. A repescagem come\u00e7a hoje e, neste s\u00e1bado (20), haver\u00e1 tamb\u00e9m uma mobiliza\u00e7\u00e3o para aplica\u00e7\u00e3o de primeira, segunda ou terceira doses do imunizante. Segundo [&hellip;]\" \/>\n<meta property=\"og:url\" content=\"https:\/\/www.federassantas.org.br\/novosite\/bh-convoca-moradores-de-20-a-30-anos-para-repescagem-da-vacina-da-pfizer\/\" \/>\n<meta property=\"og:site_name\" content=\"Federassantas\" \/>\n<meta property=\"article:published_time\" content=\"2021-11-19T15:15:00+00:00\" \/>\n<meta property=\"og:image\" content=\"https:\/\/www.federassantas.org.br\/novosite\/wp-content\/uploads\/2022\/09\/thumbnail-default.jpg\" \/>\n\t<meta property=\"og:image:width\" content=\"622\" \/>\n\t<meta property=\"og:image:height\" content=\"415\" \/>\n\t<meta property=\"og:image:type\" content=\"image\/jpeg\" \/>\n<meta name=\"author\" content=\"admin-federas\" \/>\n<meta name=\"twitter:card\" content=\"summary_large_image\" \/>\n<meta name=\"twitter:label1\" content=\"Escrito por\" \/>\n\t<meta name=\"twitter:data1\" content=\"admin-federas\" \/>\n\t<meta name=\"twitter:label2\" content=\"Est. tempo de leitura\" \/>\n\t<meta name=\"twitter:data2\" content=\"2 minutos\" \/>\n<script type=\"application\/ld+json\" class=\"yoast-schema-graph\">{\"@context\":\"https:\/\/schema.org\",\"@graph\":[{\"@type\":\"Article\",\"@id\":\"https:\/\/www.federassantas.org.br\/novosite\/bh-convoca-moradores-de-20-a-30-anos-para-repescagem-da-vacina-da-pfizer\/#article\",\"isPartOf\":{\"@id\":\"https:\/\/www.federassantas.org.br\/novosite\/bh-convoca-moradores-de-20-a-30-anos-para-repescagem-da-vacina-da-pfizer\/\"},\"author\":{\"name\":\"admin-federas\",\"@id\":\"https:\/\/www.federassantas.org.br\/novosite\/#\/schema\/person\/75fed98158349313fe56175f232f513c\"},\"headline\":\"BH convoca moradores de 20 a 30 anos para repescagem da vacina da Pfizer\",\"datePublished\":\"2021-11-19T15:15:00+00:00\",\"mainEntityOfPage\":{\"@id\":\"https:\/\/www.federassantas.org.br\/novosite\/bh-convoca-moradores-de-20-a-30-anos-para-repescagem-da-vacina-da-pfizer\/\"},\"wordCount\":496,\"commentCount\":0,\"publisher\":{\"@id\":\"https:\/\/www.federassantas.org.br\/novosite\/#organization\"},\"image\":{\"@id\":\"https:\/\/www.federassantas.org.br\/novosite\/bh-convoca-moradores-de-20-a-30-anos-para-repescagem-da-vacina-da-pfizer\/#primaryimage\"},\"thumbnailUrl\":\"\",\"articleSection\":[\"Not\u00edcias\",\"Not\u00edcias P\u00fablicas\"],\"inLanguage\":\"pt-BR\",\"potentialAction\":[{\"@type\":\"CommentAction\",\"name\":\"Comment\",\"target\":[\"https:\/\/www.federassantas.org.br\/novosite\/bh-convoca-moradores-de-20-a-30-anos-para-repescagem-da-vacina-da-pfizer\/#respond\"]}]},{\"@type\":\"WebPage\",\"@id\":\"https:\/\/www.federassantas.org.br\/novosite\/bh-convoca-moradores-de-20-a-30-anos-para-repescagem-da-vacina-da-pfizer\/\",\"url\":\"https:\/\/www.federassantas.org.br\/novosite\/bh-convoca-moradores-de-20-a-30-anos-para-repescagem-da-vacina-da-pfizer\/\",\"name\":\"BH convoca moradores de 20 a 30 anos para repescagem da vacina da Pfizer - Federassantas\",\"isPartOf\":{\"@id\":\"https:\/\/www.federassantas.org.br\/novosite\/#website\"},\"primaryImageOfPage\":{\"@id\":\"https:\/\/www.federassantas.org.br\/novosite\/bh-convoca-moradores-de-20-a-30-anos-para-repescagem-da-vacina-da-pfizer\/#primaryimage\"},\"image\":{\"@id\":\"https:\/\/www.federassantas.org.br\/novosite\/bh-convoca-moradores-de-20-a-30-anos-para-repescagem-da-vacina-da-pfizer\/#primaryimage\"},\"thumbnailUrl\":\"\",\"datePublished\":\"2021-11-19T15:15:00+00:00\",\"breadcrumb\":{\"@id\":\"https:\/\/www.federassantas.org.br\/novosite\/bh-convoca-moradores-de-20-a-30-anos-para-repescagem-da-vacina-da-pfizer\/#breadcrumb\"},\"inLanguage\":\"pt-BR\",\"potentialAction\":[{\"@type\":\"ReadAction\",\"target\":[\"https:\/\/www.federassantas.org.br\/novosite\/bh-convoca-moradores-de-20-a-30-anos-para-repescagem-da-vacina-da-pfizer\/\"]}]},{\"@type\":\"ImageObject\",\"inLanguage\":\"pt-BR\",\"@id\":\"https:\/\/www.federassantas.org.br\/novosite\/bh-convoca-moradores-de-20-a-30-anos-para-repescagem-da-vacina-da-pfizer\/#primaryimage\",\"url\":\"\",\"contentUrl\":\"\"},{\"@type\":\"BreadcrumbList\",\"@id\":\"https:\/\/www.federassantas.org.br\/novosite\/bh-convoca-moradores-de-20-a-30-anos-para-repescagem-da-vacina-da-pfizer\/#breadcrumb\",\"itemListElement\":[{\"@type\":\"ListItem\",\"position\":1,\"name\":\"In\u00edcio\",\"item\":\"https:\/\/www.federassantas.org.br\/novosite\/\"},{\"@type\":\"ListItem\",\"position\":2,\"name\":\"BH convoca moradores de 20 a 30 anos para repescagem da vacina da Pfizer\"}]},{\"@type\":\"WebSite\",\"@id\":\"https:\/\/www.federassantas.org.br\/novosite\/#website\",\"url\":\"https:\/\/www.federassantas.org.br\/novosite\/\",\"name\":\"Federassantas\",\"description\":\"Fed. das Santas Casas e Hospitais Filantr\u00f3picos de MG\",\"publisher\":{\"@id\":\"https:\/\/www.federassantas.org.br\/novosite\/#organization\"},\"potentialAction\":[{\"@type\":\"SearchAction\",\"target\":{\"@type\":\"EntryPoint\",\"urlTemplate\":\"https:\/\/www.federassantas.org.br\/novosite\/?s={search_term_string}\"},\"query-input\":{\"@type\":\"PropertyValueSpecification\",\"valueRequired\":true,\"valueName\":\"search_term_string\"}}],\"inLanguage\":\"pt-BR\"},{\"@type\":\"Organization\",\"@id\":\"https:\/\/www.federassantas.org.br\/novosite\/#organization\",\"name\":\"Federassantas\",\"url\":\"https:\/\/www.federassantas.org.br\/novosite\/\",\"logo\":{\"@type\":\"ImageObject\",\"inLanguage\":\"pt-BR\",\"@id\":\"https:\/\/www.federassantas.org.br\/novosite\/#\/schema\/logo\/image\/\",\"url\":\"https:\/\/www.federassantas.org.br\/novosite\/wp-content\/uploads\/2021\/12\/logo.png\",\"contentUrl\":\"https:\/\/www.federassantas.org.br\/novosite\/wp-content\/uploads\/2021\/12\/logo.png\",\"width\":243,\"height\":59,\"caption\":\"Federassantas\"},\"image\":{\"@id\":\"https:\/\/www.federassantas.org.br\/novosite\/#\/schema\/logo\/image\/\"}},{\"@type\":\"Person\",\"@id\":\"https:\/\/www.federassantas.org.br\/novosite\/#\/schema\/person\/75fed98158349313fe56175f232f513c\",\"name\":\"admin-federas\",\"image\":{\"@type\":\"ImageObject\",\"inLanguage\":\"pt-BR\",\"@id\":\"https:\/\/www.federassantas.org.br\/novosite\/#\/schema\/person\/image\/\",\"url\":\"https:\/\/secure.gravatar.com\/avatar\/2a02d7dda59fe8dc6b7ffd3f652e2efede5ccf0dd89dfdc8137c5517f3de8407?s=96&d=mm&r=g\",\"contentUrl\":\"https:\/\/secure.gravatar.com\/avatar\/2a02d7dda59fe8dc6b7ffd3f652e2efede5ccf0dd89dfdc8137c5517f3de8407?s=96&d=mm&r=g\",\"caption\":\"admin-federas\"},\"sameAs\":[\"https:\/\/www.federassantas.org.br\/novosite\/\"],\"url\":\"https:\/\/www.federassantas.org.br\/novosite\/author\/admin-federas\/\"}]}<\/script>\n<!-- \/ Yoast SEO plugin. -->","yoast_head_json":{"title":"BH convoca moradores de 20 a 30 anos para repescagem da vacina da Pfizer - Federassantas","robots":{"index":"index","follow":"follow","max-snippet":"max-snippet:-1","max-image-preview":"max-image-preview:large","max-video-preview":"max-video-preview:-1"},"canonical":"https:\/\/www.federassantas.org.br\/novosite\/bh-convoca-moradores-de-20-a-30-anos-para-repescagem-da-vacina-da-pfizer\/","og_locale":"pt_BR","og_type":"article","og_title":"BH convoca moradores de 20 a 30 anos para repescagem da vacina da Pfizer - Federassantas","og_description":"Para tentar aumentar a cobertura vacinal contra a Covid-19 na popula\u00e7\u00e3o de 20 a 30 anos, Belo Horizonte intensificou a campanha e convocou parte do grupo para tomar a vacina da Pfizer. A repescagem come\u00e7a hoje e, neste s\u00e1bado (20), haver\u00e1 tamb\u00e9m uma mobiliza\u00e7\u00e3o para aplica\u00e7\u00e3o de primeira, segunda ou terceira doses do imunizante. Segundo [&hellip;]","og_url":"https:\/\/www.federassantas.org.br\/novosite\/bh-convoca-moradores-de-20-a-30-anos-para-repescagem-da-vacina-da-pfizer\/","og_site_name":"Federassantas","article_published_time":"2021-11-19T15:15:00+00:00","og_image":[{"width":622,"height":415,"url":"https:\/\/www.federassantas.org.br\/novosite\/wp-content\/uploads\/2022\/09\/thumbnail-default.jpg","type":"image\/jpeg"}],"author":"admin-federas","twitter_card":"summary_large_image","twitter_misc":{"Escrito por":"admin-federas","Est. tempo de leitura":"2 minutos"},"schema":{"@context":"https:\/\/schema.org","@graph":[{"@type":"Article","@id":"https:\/\/www.federassantas.org.br\/novosite\/bh-convoca-moradores-de-20-a-30-anos-para-repescagem-da-vacina-da-pfizer\/#article","isPartOf":{"@id":"https:\/\/www.federassantas.org.br\/novosite\/bh-convoca-moradores-de-20-a-30-anos-para-repescagem-da-vacina-da-pfizer\/"},"author":{"name":"admin-federas","@id":"https:\/\/www.federassantas.org.br\/novosite\/#\/schema\/person\/75fed98158349313fe56175f232f513c"},"headline":"BH convoca moradores de 20 a 30 anos para repescagem da vacina da Pfizer","datePublished":"2021-11-19T15:15:00+00:00","mainEntityOfPage":{"@id":"https:\/\/www.federassantas.org.br\/novosite\/bh-convoca-moradores-de-20-a-30-anos-para-repescagem-da-vacina-da-pfizer\/"},"wordCount":496,"commentCount":0,"publisher":{"@id":"https:\/\/www.federassantas.org.br\/novosite\/#organization"},"image":{"@id":"https:\/\/www.federassantas.org.br\/novosite\/bh-convoca-moradores-de-20-a-30-anos-para-repescagem-da-vacina-da-pfizer\/#primaryimage"},"thumbnailUrl":"","articleSection":["Not\u00edcias","Not\u00edcias P\u00fablicas"],"inLanguage":"pt-BR","potentialAction":[{"@type":"CommentAction","name":"Comment","target":["https:\/\/www.federassantas.org.br\/novosite\/bh-convoca-moradores-de-20-a-30-anos-para-repescagem-da-vacina-da-pfizer\/#respond"]}]},{"@type":"WebPage","@id":"https:\/\/www.federassantas.org.br\/novosite\/bh-convoca-moradores-de-20-a-30-anos-para-repescagem-da-vacina-da-pfizer\/","url":"https:\/\/www.federassantas.org.br\/novosite\/bh-convoca-moradores-de-20-a-30-anos-para-repescagem-da-vacina-da-pfizer\/","name":"BH convoca moradores de 20 a 30 anos para repescagem da vacina da Pfizer - Federassantas","isPartOf":{"@id":"https:\/\/www.federassantas.org.br\/novosite\/#website"},"primaryImageOfPage":{"@id":"https:\/\/www.federassantas.org.br\/novosite\/bh-convoca-moradores-de-20-a-30-anos-para-repescagem-da-vacina-da-pfizer\/#primaryimage"},"image":{"@id":"https:\/\/www.federassantas.org.br\/novosite\/bh-convoca-moradores-de-20-a-30-anos-para-repescagem-da-vacina-da-pfizer\/#primaryimage"},"thumbnailUrl":"","datePublished":"2021-11-19T15:15:00+00:00","breadcrumb":{"@id":"https:\/\/www.federassantas.org.br\/novosite\/bh-convoca-moradores-de-20-a-30-anos-para-repescagem-da-vacina-da-pfizer\/#breadcrumb"},"inLanguage":"pt-BR","potentialAction":[{"@type":"ReadAction","target":["https:\/\/www.federassantas.org.br\/novosite\/bh-convoca-moradores-de-20-a-30-anos-para-repescagem-da-vacina-da-pfizer\/"]}]},{"@type":"ImageObject","inLanguage":"pt-BR","@id":"https:\/\/www.federassantas.org.br\/novosite\/bh-convoca-moradores-de-20-a-30-anos-para-repescagem-da-vacina-da-pfizer\/#primaryimage","url":"","contentUrl":""},{"@type":"BreadcrumbList","@id":"https:\/\/www.federassantas.org.br\/novosite\/bh-convoca-moradores-de-20-a-30-anos-para-repescagem-da-vacina-da-pfizer\/#breadcrumb","itemListElement":[{"@type":"ListItem","position":1,"name":"In\u00edcio","item":"https:\/\/www.federassantas.org.br\/novosite\/"},{"@type":"ListItem","position":2,"name":"BH convoca moradores de 20 a 30 anos para repescagem da vacina da Pfizer"}]},{"@type":"WebSite","@id":"https:\/\/www.federassantas.org.br\/novosite\/#website","url":"https:\/\/www.federassantas.org.br\/novosite\/","name":"Federassantas","description":"Fed. das Santas Casas e Hospitais Filantr\u00f3picos de MG","publisher":{"@id":"https:\/\/www.federassantas.org.br\/novosite\/#organization"},"potentialAction":[{"@type":"SearchAction","target":{"@type":"EntryPoint","urlTemplate":"https:\/\/www.federassantas.org.br\/novosite\/?s={search_term_string}"},"query-input":{"@type":"PropertyValueSpecification","valueRequired":true,"valueName":"search_term_string"}}],"inLanguage":"pt-BR"},{"@type":"Organization","@id":"https:\/\/www.federassantas.org.br\/novosite\/#organization","name":"Federassantas","url":"https:\/\/www.federassantas.org.br\/novosite\/","logo":{"@type":"ImageObject","inLanguage":"pt-BR","@id":"https:\/\/www.federassantas.org.br\/novosite\/#\/schema\/logo\/image\/","url":"https:\/\/www.federassantas.org.br\/novosite\/wp-content\/uploads\/2021\/12\/logo.png","contentUrl":"https:\/\/www.federassantas.org.br\/novosite\/wp-content\/uploads\/2021\/12\/logo.png","width":243,"height":59,"caption":"Federassantas"},"image":{"@id":"https:\/\/www.federassantas.org.br\/novosite\/#\/schema\/logo\/image\/"}},{"@type":"Person","@id":"https:\/\/www.federassantas.org.br\/novosite\/#\/schema\/person\/75fed98158349313fe56175f232f513c","name":"admin-federas","image":{"@type":"ImageObject","inLanguage":"pt-BR","@id":"https:\/\/www.federassantas.org.br\/novosite\/#\/schema\/person\/image\/","url":"https:\/\/secure.gravatar.com\/avatar\/2a02d7dda59fe8dc6b7ffd3f652e2efede5ccf0dd89dfdc8137c5517f3de8407?s=96&d=mm&r=g","contentUrl":"https:\/\/secure.gravatar.com\/avatar\/2a02d7dda59fe8dc6b7ffd3f652e2efede5ccf0dd89dfdc8137c5517f3de8407?s=96&d=mm&r=g","caption":"admin-federas"},"sameAs":["https:\/\/www.federassantas.org.br\/novosite\/"],"url":"https:\/\/www.federassantas.org.br\/novosite\/author\/admin-federas\/"}]}},"_links":{"self":[{"href":"https:\/\/www.federassantas.org.br\/novosite\/wp-json\/wp\/v2\/posts\/22695","targetHints":{"allow":["GET"]}}],"collection":[{"href":"https:\/\/www.federassantas.org.br\/novosite\/wp-json\/wp\/v2\/posts"}],"about":[{"href":"https:\/\/www.federassantas.org.br\/novosite\/wp-json\/wp\/v2\/types\/post"}],"author":[{"embeddable":true,"href":"https:\/\/www.federassantas.org.br\/novosite\/wp-json\/wp\/v2\/users\/1"}],"replies":[{"embeddable":true,"href":"https:\/\/www.federassantas.org.br\/novosite\/wp-json\/wp\/v2\/comments?post=22695"}],"version-history":[{"count":0,"href":"https:\/\/www.federassantas.org.br\/novosite\/wp-json\/wp\/v2\/posts\/22695\/revisions"}],"wp:featuredmedia":[{"embeddable":true,"href":"https:\/\/www.federassantas.org.br\/novosite\/wp-json\/"}],"wp:attachment":[{"href":"https:\/\/www.federassantas.org.br\/novosite\/wp-json\/wp\/v2\/media?parent=22695"}],"wp:term":[{"taxonomy":"category","embeddable":true,"href":"https:\/\/www.federassantas.org.br\/novosite\/wp-json\/wp\/v2\/categories?post=22695"},{"taxonomy":"post_tag","embeddable":true,"href":"https:\/\/www.federassantas.org.br\/novosite\/wp-json\/wp\/v2\/tags?post=22695"}],"curies":[{"name":"wp","href":"https:\/\/api.w.org\/{rel}","templated":true}]}}