{"id":22697,"date":"2021-11-19T12:16:44","date_gmt":"2021-11-19T15:16:44","guid":{"rendered":"https:\/\/federasbackup.meltcomunicacao.com.br\/?p=22697"},"modified":"2021-11-19T12:16:44","modified_gmt":"2021-11-19T15:16:44","slug":"palhacos-do-instituto-hahaha-alegram-o-dia-de-criancas-internadas-em-hospital-de-ipatinga","status":"publish","type":"post","link":"https:\/\/www.federassantas.org.br\/novosite\/palhacos-do-instituto-hahaha-alegram-o-dia-de-criancas-internadas-em-hospital-de-ipatinga\/","title":{"rendered":"Palha\u00e7os do instituto Hahaha alegram o dia de crian\u00e7as internadas em Hospital de Ipatinga"},"content":{"rendered":"\n<p><em>Atividade marca o retorno as visitas de forma presencial desde o in\u00edcio da pandemia<\/em><\/p>\n\n\n\n<p>As unidades 1 e 2 do Hospital M\u00e1rcio Cunha (HMC), em Ipatinga, regi\u00e3o leste de Minas Gerais, receberam nesta quinta-feira (18), a visita dos m\u00e9dicos palha\u00e7os do Instituto Hahaha. O principal objetivo foi promover a sa\u00fade aos pequenos por meio do riso, provocar reflex\u00f5es, humanizar ainda mais as rela\u00e7\u00f5es e o olhar mais amplo no ambiente hospitalar, al\u00e9m de unir cultura e sa\u00fade.<\/p>\n\n\n\n<p>Durante a visita \u201cbesteirol\u00f3gica\u201d, os m\u00e9dicos palha\u00e7os passaram pelo Pronto-Socorro Infantil, Unidade de Tratamento Intensivo Neonatal e Pedi\u00e1trica, Interna\u00e7\u00e3o, Ambulat\u00f3rio e Oncologia Pedi\u00e1trica. A cada encontro com crian\u00e7as, adolescentes e idosos, a dupla de artistas transp\u00f5e para a arte da palha\u00e7aria a habilidade do olhar, da escuta e a mais nobre de suas qualidades: a capacidade de incorporar a realidade nela.Com muito bom humor e anima\u00e7\u00e3o, os artistas refor\u00e7aram a import\u00e2ncia da conscientiza\u00e7\u00e3o sobre as normas de prote\u00e7\u00e3o contra a covid-19.<\/p>\n\n\n\n<p>Para o Diretor de Hospitais, Dr. Mauro Oscar Soares de Souza Lima, o trabalho realizado pelo Instituto Hahaha vem ao encontro das iniciativas de humaniza\u00e7\u00e3o, premissas da Funda\u00e7\u00e3o S\u00e3o Francisco Xavier. \u201c\u00c9 com muita alegria que abrimos as portas de nossas unidades para atua\u00e7\u00e3o do Instituto Hahaha. O Programa de interven\u00e7\u00e3o art\u00edstica dos palha\u00e7os profissionais transforma o ambiente, subvertem as l\u00f3gicas do espa\u00e7o, levam um universo l\u00fadico e mostra o acolhimento e a humaniza\u00e7\u00e3o t\u00e3o presentes e praticados no dia a dia em todas as nossas unidades hospitalares.<\/p>\n\n\n\n<p>Essa foi a primeira visita presencial desde o in\u00edcio da pandemia da covid-19. O projeto conta com patroc\u00ednio da Usiminas por meio da Lei Estadual de Incentivo \u00e0 Cultura, al\u00e9m do apoio do Instituto Usiminas.<\/p>\n\n\n\n<p><strong>O Instituto<\/strong><\/p>\n\n\n\n<p>Instituto Hahaha \u00e9 uma organiza\u00e7\u00e3o sociocultural da sociedade civil (OSC) que promove a arte do palha\u00e7o em espa\u00e7os de sa\u00fade e ambientes vulner\u00e1veis. Com a miss\u00e3o de colocar o riso a servi\u00e7o da vida, busca garantir o direito e acesso \u00e0 arte e \u00e0 cultura para crian\u00e7as, adolescentes, adultos, idosos, seus familiares, profissionais de sa\u00fade e corpo t\u00e9cnico.<\/p>\n\n\n\n<figure class=\"wp-block-image size-medium\"><img fetchpriority=\"high\" decoding=\"async\" width=\"300\" height=\"225\" src=\"http:\/\/federasbackup.meltcomunicacao.com.br\/wp-content\/uploads\/2021\/11\/Palhacos-do-Instituto-Hahaha-300x225.jpg\" alt=\"\" class=\"wp-image-22698\" srcset=\"https:\/\/www.federassantas.org.br\/novosite\/wp-content\/uploads\/2021\/11\/Palhacos-do-Instituto-Hahaha-300x225.jpg 300w, https:\/\/www.federassantas.org.br\/novosite\/wp-content\/uploads\/2021\/11\/Palhacos-do-Instituto-Hahaha-768x576.jpg 768w, https:\/\/www.federassantas.org.br\/novosite\/wp-content\/uploads\/2021\/11\/Palhacos-do-Instituto-Hahaha.jpg 1024w\" sizes=\"(max-width: 300px) 100vw, 300px\" \/><\/figure>\n\n\n\n<p>Por: Comunica\u00e7\u00e3o FSFX<\/p>\n","protected":false},"excerpt":{"rendered":"<p>Atividade marca o retorno as visitas de forma presencial desde o in\u00edcio da pandemia As unidades 1 e 2 do Hospital M\u00e1rcio Cunha (HMC), em Ipatinga, regi\u00e3o leste de Minas Gerais, receberam nesta quinta-feira (18), a visita dos m\u00e9dicos palha\u00e7os do Instituto Hahaha. O principal objetivo foi promover a sa\u00fade aos pequenos por meio do [&hellip;]<\/p>\n","protected":false},"author":1,"featured_media":22699,"comment_status":"open","ping_status":"open","sticky":false,"template":"","format":"standard","meta":{"footnotes":""},"categories":[140,139],"tags":[],"class_list":["post-22697","post","type-post","status-publish","format-standard","has-post-thumbnail","hentry","category-noticias","category-noticias-filiados"],"yoast_head":"<!-- This site is optimized with the Yoast SEO plugin v26.9 - https:\/\/yoast.com\/product\/yoast-seo-wordpress\/ -->\n<title>Palha\u00e7os do instituto Hahaha alegram o dia de crian\u00e7as internadas em Hospital de Ipatinga - Federassantas<\/title>\n<meta name=\"robots\" content=\"index, follow, max-snippet:-1, max-image-preview:large, max-video-preview:-1\" \/>\n<link rel=\"canonical\" href=\"https:\/\/www.federassantas.org.br\/novosite\/palhacos-do-instituto-hahaha-alegram-o-dia-de-criancas-internadas-em-hospital-de-ipatinga\/\" \/>\n<meta property=\"og:locale\" content=\"pt_BR\" \/>\n<meta property=\"og:type\" content=\"article\" \/>\n<meta property=\"og:title\" content=\"Palha\u00e7os do instituto Hahaha alegram o dia de crian\u00e7as internadas em Hospital de Ipatinga - Federassantas\" \/>\n<meta property=\"og:description\" content=\"Atividade marca o retorno as visitas de forma presencial desde o in\u00edcio da pandemia As unidades 1 e 2 do Hospital M\u00e1rcio Cunha (HMC), em Ipatinga, regi\u00e3o leste de Minas Gerais, receberam nesta quinta-feira (18), a visita dos m\u00e9dicos palha\u00e7os do Instituto Hahaha. O principal objetivo foi promover a sa\u00fade aos pequenos por meio do [&hellip;]\" \/>\n<meta property=\"og:url\" content=\"https:\/\/www.federassantas.org.br\/novosite\/palhacos-do-instituto-hahaha-alegram-o-dia-de-criancas-internadas-em-hospital-de-ipatinga\/\" \/>\n<meta property=\"og:site_name\" content=\"Federassantas\" \/>\n<meta property=\"article:published_time\" content=\"2021-11-19T15:16:44+00:00\" \/>\n<meta property=\"og:image\" content=\"https:\/\/www.federassantas.org.br\/novosite\/wp-content\/uploads\/2021\/11\/Palhacos-realizam-primeira-visita-presencial-em-hospital-desde-o-inicio-da-pandemia.jpeg\" \/>\n\t<meta property=\"og:image:width\" content=\"1599\" \/>\n\t<meta property=\"og:image:height\" content=\"1200\" \/>\n\t<meta property=\"og:image:type\" content=\"image\/jpeg\" \/>\n<meta name=\"author\" content=\"admin-federas\" \/>\n<meta name=\"twitter:card\" content=\"summary_large_image\" \/>\n<meta name=\"twitter:label1\" content=\"Escrito por\" \/>\n\t<meta name=\"twitter:data1\" content=\"admin-federas\" \/>\n\t<meta name=\"twitter:label2\" content=\"Est. tempo de leitura\" \/>\n\t<meta name=\"twitter:data2\" content=\"2 minutos\" \/>\n<script type=\"application\/ld+json\" class=\"yoast-schema-graph\">{\"@context\":\"https:\/\/schema.org\",\"@graph\":[{\"@type\":\"Article\",\"@id\":\"https:\/\/www.federassantas.org.br\/novosite\/palhacos-do-instituto-hahaha-alegram-o-dia-de-criancas-internadas-em-hospital-de-ipatinga\/#article\",\"isPartOf\":{\"@id\":\"https:\/\/www.federassantas.org.br\/novosite\/palhacos-do-instituto-hahaha-alegram-o-dia-de-criancas-internadas-em-hospital-de-ipatinga\/\"},\"author\":{\"name\":\"admin-federas\",\"@id\":\"https:\/\/www.federassantas.org.br\/novosite\/#\/schema\/person\/75fed98158349313fe56175f232f513c\"},\"headline\":\"Palha\u00e7os do instituto Hahaha alegram o dia de crian\u00e7as internadas em Hospital de Ipatinga\",\"datePublished\":\"2021-11-19T15:16:44+00:00\",\"mainEntityOfPage\":{\"@id\":\"https:\/\/www.federassantas.org.br\/novosite\/palhacos-do-instituto-hahaha-alegram-o-dia-de-criancas-internadas-em-hospital-de-ipatinga\/\"},\"wordCount\":404,\"commentCount\":0,\"publisher\":{\"@id\":\"https:\/\/www.federassantas.org.br\/novosite\/#organization\"},\"image\":{\"@id\":\"https:\/\/www.federassantas.org.br\/novosite\/palhacos-do-instituto-hahaha-alegram-o-dia-de-criancas-internadas-em-hospital-de-ipatinga\/#primaryimage\"},\"thumbnailUrl\":\"https:\/\/www.federassantas.org.br\/novosite\/wp-content\/uploads\/2021\/11\/Palhacos-realizam-primeira-visita-presencial-em-hospital-desde-o-inicio-da-pandemia.jpeg\",\"articleSection\":[\"Not\u00edcias\",\"Not\u00edcias filiados\"],\"inLanguage\":\"pt-BR\",\"potentialAction\":[{\"@type\":\"CommentAction\",\"name\":\"Comment\",\"target\":[\"https:\/\/www.federassantas.org.br\/novosite\/palhacos-do-instituto-hahaha-alegram-o-dia-de-criancas-internadas-em-hospital-de-ipatinga\/#respond\"]}]},{\"@type\":\"WebPage\",\"@id\":\"https:\/\/www.federassantas.org.br\/novosite\/palhacos-do-instituto-hahaha-alegram-o-dia-de-criancas-internadas-em-hospital-de-ipatinga\/\",\"url\":\"https:\/\/www.federassantas.org.br\/novosite\/palhacos-do-instituto-hahaha-alegram-o-dia-de-criancas-internadas-em-hospital-de-ipatinga\/\",\"name\":\"Palha\u00e7os do instituto Hahaha alegram o dia de crian\u00e7as internadas em Hospital de Ipatinga - Federassantas\",\"isPartOf\":{\"@id\":\"https:\/\/www.federassantas.org.br\/novosite\/#website\"},\"primaryImageOfPage\":{\"@id\":\"https:\/\/www.federassantas.org.br\/novosite\/palhacos-do-instituto-hahaha-alegram-o-dia-de-criancas-internadas-em-hospital-de-ipatinga\/#primaryimage\"},\"image\":{\"@id\":\"https:\/\/www.federassantas.org.br\/novosite\/palhacos-do-instituto-hahaha-alegram-o-dia-de-criancas-internadas-em-hospital-de-ipatinga\/#primaryimage\"},\"thumbnailUrl\":\"https:\/\/www.federassantas.org.br\/novosite\/wp-content\/uploads\/2021\/11\/Palhacos-realizam-primeira-visita-presencial-em-hospital-desde-o-inicio-da-pandemia.jpeg\",\"datePublished\":\"2021-11-19T15:16:44+00:00\",\"breadcrumb\":{\"@id\":\"https:\/\/www.federassantas.org.br\/novosite\/palhacos-do-instituto-hahaha-alegram-o-dia-de-criancas-internadas-em-hospital-de-ipatinga\/#breadcrumb\"},\"inLanguage\":\"pt-BR\",\"potentialAction\":[{\"@type\":\"ReadAction\",\"target\":[\"https:\/\/www.federassantas.org.br\/novosite\/palhacos-do-instituto-hahaha-alegram-o-dia-de-criancas-internadas-em-hospital-de-ipatinga\/\"]}]},{\"@type\":\"ImageObject\",\"inLanguage\":\"pt-BR\",\"@id\":\"https:\/\/www.federassantas.org.br\/novosite\/palhacos-do-instituto-hahaha-alegram-o-dia-de-criancas-internadas-em-hospital-de-ipatinga\/#primaryimage\",\"url\":\"https:\/\/www.federassantas.org.br\/novosite\/wp-content\/uploads\/2021\/11\/Palhacos-realizam-primeira-visita-presencial-em-hospital-desde-o-inicio-da-pandemia.jpeg\",\"contentUrl\":\"https:\/\/www.federassantas.org.br\/novosite\/wp-content\/uploads\/2021\/11\/Palhacos-realizam-primeira-visita-presencial-em-hospital-desde-o-inicio-da-pandemia.jpeg\",\"width\":1599,\"height\":1200},{\"@type\":\"BreadcrumbList\",\"@id\":\"https:\/\/www.federassantas.org.br\/novosite\/palhacos-do-instituto-hahaha-alegram-o-dia-de-criancas-internadas-em-hospital-de-ipatinga\/#breadcrumb\",\"itemListElement\":[{\"@type\":\"ListItem\",\"position\":1,\"name\":\"In\u00edcio\",\"item\":\"https:\/\/www.federassantas.org.br\/novosite\/\"},{\"@type\":\"ListItem\",\"position\":2,\"name\":\"Palha\u00e7os do instituto Hahaha alegram o dia de crian\u00e7as internadas em Hospital de Ipatinga\"}]},{\"@type\":\"WebSite\",\"@id\":\"https:\/\/www.federassantas.org.br\/novosite\/#website\",\"url\":\"https:\/\/www.federassantas.org.br\/novosite\/\",\"name\":\"Federassantas\",\"description\":\"Fed. das Santas Casas e Hospitais Filantr\u00f3picos de MG\",\"publisher\":{\"@id\":\"https:\/\/www.federassantas.org.br\/novosite\/#organization\"},\"potentialAction\":[{\"@type\":\"SearchAction\",\"target\":{\"@type\":\"EntryPoint\",\"urlTemplate\":\"https:\/\/www.federassantas.org.br\/novosite\/?s={search_term_string}\"},\"query-input\":{\"@type\":\"PropertyValueSpecification\",\"valueRequired\":true,\"valueName\":\"search_term_string\"}}],\"inLanguage\":\"pt-BR\"},{\"@type\":\"Organization\",\"@id\":\"https:\/\/www.federassantas.org.br\/novosite\/#organization\",\"name\":\"Federassantas\",\"url\":\"https:\/\/www.federassantas.org.br\/novosite\/\",\"logo\":{\"@type\":\"ImageObject\",\"inLanguage\":\"pt-BR\",\"@id\":\"https:\/\/www.federassantas.org.br\/novosite\/#\/schema\/logo\/image\/\",\"url\":\"https:\/\/www.federassantas.org.br\/novosite\/wp-content\/uploads\/2021\/12\/logo.png\",\"contentUrl\":\"https:\/\/www.federassantas.org.br\/novosite\/wp-content\/uploads\/2021\/12\/logo.png\",\"width\":243,\"height\":59,\"caption\":\"Federassantas\"},\"image\":{\"@id\":\"https:\/\/www.federassantas.org.br\/novosite\/#\/schema\/logo\/image\/\"}},{\"@type\":\"Person\",\"@id\":\"https:\/\/www.federassantas.org.br\/novosite\/#\/schema\/person\/75fed98158349313fe56175f232f513c\",\"name\":\"admin-federas\",\"image\":{\"@type\":\"ImageObject\",\"inLanguage\":\"pt-BR\",\"@id\":\"https:\/\/www.federassantas.org.br\/novosite\/#\/schema\/person\/image\/\",\"url\":\"https:\/\/secure.gravatar.com\/avatar\/2a02d7dda59fe8dc6b7ffd3f652e2efede5ccf0dd89dfdc8137c5517f3de8407?s=96&d=mm&r=g\",\"contentUrl\":\"https:\/\/secure.gravatar.com\/avatar\/2a02d7dda59fe8dc6b7ffd3f652e2efede5ccf0dd89dfdc8137c5517f3de8407?s=96&d=mm&r=g\",\"caption\":\"admin-federas\"},\"sameAs\":[\"https:\/\/www.federassantas.org.br\/novosite\/\"],\"url\":\"https:\/\/www.federassantas.org.br\/novosite\/author\/admin-federas\/\"}]}<\/script>\n<!-- \/ Yoast SEO plugin. -->","yoast_head_json":{"title":"Palha\u00e7os do instituto Hahaha alegram o dia de crian\u00e7as internadas em Hospital de Ipatinga - Federassantas","robots":{"index":"index","follow":"follow","max-snippet":"max-snippet:-1","max-image-preview":"max-image-preview:large","max-video-preview":"max-video-preview:-1"},"canonical":"https:\/\/www.federassantas.org.br\/novosite\/palhacos-do-instituto-hahaha-alegram-o-dia-de-criancas-internadas-em-hospital-de-ipatinga\/","og_locale":"pt_BR","og_type":"article","og_title":"Palha\u00e7os do instituto Hahaha alegram o dia de crian\u00e7as internadas em Hospital de Ipatinga - Federassantas","og_description":"Atividade marca o retorno as visitas de forma presencial desde o in\u00edcio da pandemia As unidades 1 e 2 do Hospital M\u00e1rcio Cunha (HMC), em Ipatinga, regi\u00e3o leste de Minas Gerais, receberam nesta quinta-feira (18), a visita dos m\u00e9dicos palha\u00e7os do Instituto Hahaha. O principal objetivo foi promover a sa\u00fade aos pequenos por meio do [&hellip;]","og_url":"https:\/\/www.federassantas.org.br\/novosite\/palhacos-do-instituto-hahaha-alegram-o-dia-de-criancas-internadas-em-hospital-de-ipatinga\/","og_site_name":"Federassantas","article_published_time":"2021-11-19T15:16:44+00:00","og_image":[{"width":1599,"height":1200,"url":"https:\/\/www.federassantas.org.br\/novosite\/wp-content\/uploads\/2021\/11\/Palhacos-realizam-primeira-visita-presencial-em-hospital-desde-o-inicio-da-pandemia.jpeg","type":"image\/jpeg"}],"author":"admin-federas","twitter_card":"summary_large_image","twitter_misc":{"Escrito por":"admin-federas","Est. tempo de leitura":"2 minutos"},"schema":{"@context":"https:\/\/schema.org","@graph":[{"@type":"Article","@id":"https:\/\/www.federassantas.org.br\/novosite\/palhacos-do-instituto-hahaha-alegram-o-dia-de-criancas-internadas-em-hospital-de-ipatinga\/#article","isPartOf":{"@id":"https:\/\/www.federassantas.org.br\/novosite\/palhacos-do-instituto-hahaha-alegram-o-dia-de-criancas-internadas-em-hospital-de-ipatinga\/"},"author":{"name":"admin-federas","@id":"https:\/\/www.federassantas.org.br\/novosite\/#\/schema\/person\/75fed98158349313fe56175f232f513c"},"headline":"Palha\u00e7os do instituto Hahaha alegram o dia de crian\u00e7as internadas em Hospital de Ipatinga","datePublished":"2021-11-19T15:16:44+00:00","mainEntityOfPage":{"@id":"https:\/\/www.federassantas.org.br\/novosite\/palhacos-do-instituto-hahaha-alegram-o-dia-de-criancas-internadas-em-hospital-de-ipatinga\/"},"wordCount":404,"commentCount":0,"publisher":{"@id":"https:\/\/www.federassantas.org.br\/novosite\/#organization"},"image":{"@id":"https:\/\/www.federassantas.org.br\/novosite\/palhacos-do-instituto-hahaha-alegram-o-dia-de-criancas-internadas-em-hospital-de-ipatinga\/#primaryimage"},"thumbnailUrl":"https:\/\/www.federassantas.org.br\/novosite\/wp-content\/uploads\/2021\/11\/Palhacos-realizam-primeira-visita-presencial-em-hospital-desde-o-inicio-da-pandemia.jpeg","articleSection":["Not\u00edcias","Not\u00edcias filiados"],"inLanguage":"pt-BR","potentialAction":[{"@type":"CommentAction","name":"Comment","target":["https:\/\/www.federassantas.org.br\/novosite\/palhacos-do-instituto-hahaha-alegram-o-dia-de-criancas-internadas-em-hospital-de-ipatinga\/#respond"]}]},{"@type":"WebPage","@id":"https:\/\/www.federassantas.org.br\/novosite\/palhacos-do-instituto-hahaha-alegram-o-dia-de-criancas-internadas-em-hospital-de-ipatinga\/","url":"https:\/\/www.federassantas.org.br\/novosite\/palhacos-do-instituto-hahaha-alegram-o-dia-de-criancas-internadas-em-hospital-de-ipatinga\/","name":"Palha\u00e7os do instituto Hahaha alegram o dia de crian\u00e7as internadas em Hospital de Ipatinga - Federassantas","isPartOf":{"@id":"https:\/\/www.federassantas.org.br\/novosite\/#website"},"primaryImageOfPage":{"@id":"https:\/\/www.federassantas.org.br\/novosite\/palhacos-do-instituto-hahaha-alegram-o-dia-de-criancas-internadas-em-hospital-de-ipatinga\/#primaryimage"},"image":{"@id":"https:\/\/www.federassantas.org.br\/novosite\/palhacos-do-instituto-hahaha-alegram-o-dia-de-criancas-internadas-em-hospital-de-ipatinga\/#primaryimage"},"thumbnailUrl":"https:\/\/www.federassantas.org.br\/novosite\/wp-content\/uploads\/2021\/11\/Palhacos-realizam-primeira-visita-presencial-em-hospital-desde-o-inicio-da-pandemia.jpeg","datePublished":"2021-11-19T15:16:44+00:00","breadcrumb":{"@id":"https:\/\/www.federassantas.org.br\/novosite\/palhacos-do-instituto-hahaha-alegram-o-dia-de-criancas-internadas-em-hospital-de-ipatinga\/#breadcrumb"},"inLanguage":"pt-BR","potentialAction":[{"@type":"ReadAction","target":["https:\/\/www.federassantas.org.br\/novosite\/palhacos-do-instituto-hahaha-alegram-o-dia-de-criancas-internadas-em-hospital-de-ipatinga\/"]}]},{"@type":"ImageObject","inLanguage":"pt-BR","@id":"https:\/\/www.federassantas.org.br\/novosite\/palhacos-do-instituto-hahaha-alegram-o-dia-de-criancas-internadas-em-hospital-de-ipatinga\/#primaryimage","url":"https:\/\/www.federassantas.org.br\/novosite\/wp-content\/uploads\/2021\/11\/Palhacos-realizam-primeira-visita-presencial-em-hospital-desde-o-inicio-da-pandemia.jpeg","contentUrl":"https:\/\/www.federassantas.org.br\/novosite\/wp-content\/uploads\/2021\/11\/Palhacos-realizam-primeira-visita-presencial-em-hospital-desde-o-inicio-da-pandemia.jpeg","width":1599,"height":1200},{"@type":"BreadcrumbList","@id":"https:\/\/www.federassantas.org.br\/novosite\/palhacos-do-instituto-hahaha-alegram-o-dia-de-criancas-internadas-em-hospital-de-ipatinga\/#breadcrumb","itemListElement":[{"@type":"ListItem","position":1,"name":"In\u00edcio","item":"https:\/\/www.federassantas.org.br\/novosite\/"},{"@type":"ListItem","position":2,"name":"Palha\u00e7os do instituto Hahaha alegram o dia de crian\u00e7as internadas em Hospital de Ipatinga"}]},{"@type":"WebSite","@id":"https:\/\/www.federassantas.org.br\/novosite\/#website","url":"https:\/\/www.federassantas.org.br\/novosite\/","name":"Federassantas","description":"Fed. das Santas Casas e Hospitais Filantr\u00f3picos de MG","publisher":{"@id":"https:\/\/www.federassantas.org.br\/novosite\/#organization"},"potentialAction":[{"@type":"SearchAction","target":{"@type":"EntryPoint","urlTemplate":"https:\/\/www.federassantas.org.br\/novosite\/?s={search_term_string}"},"query-input":{"@type":"PropertyValueSpecification","valueRequired":true,"valueName":"search_term_string"}}],"inLanguage":"pt-BR"},{"@type":"Organization","@id":"https:\/\/www.federassantas.org.br\/novosite\/#organization","name":"Federassantas","url":"https:\/\/www.federassantas.org.br\/novosite\/","logo":{"@type":"ImageObject","inLanguage":"pt-BR","@id":"https:\/\/www.federassantas.org.br\/novosite\/#\/schema\/logo\/image\/","url":"https:\/\/www.federassantas.org.br\/novosite\/wp-content\/uploads\/2021\/12\/logo.png","contentUrl":"https:\/\/www.federassantas.org.br\/novosite\/wp-content\/uploads\/2021\/12\/logo.png","width":243,"height":59,"caption":"Federassantas"},"image":{"@id":"https:\/\/www.federassantas.org.br\/novosite\/#\/schema\/logo\/image\/"}},{"@type":"Person","@id":"https:\/\/www.federassantas.org.br\/novosite\/#\/schema\/person\/75fed98158349313fe56175f232f513c","name":"admin-federas","image":{"@type":"ImageObject","inLanguage":"pt-BR","@id":"https:\/\/www.federassantas.org.br\/novosite\/#\/schema\/person\/image\/","url":"https:\/\/secure.gravatar.com\/avatar\/2a02d7dda59fe8dc6b7ffd3f652e2efede5ccf0dd89dfdc8137c5517f3de8407?s=96&d=mm&r=g","contentUrl":"https:\/\/secure.gravatar.com\/avatar\/2a02d7dda59fe8dc6b7ffd3f652e2efede5ccf0dd89dfdc8137c5517f3de8407?s=96&d=mm&r=g","caption":"admin-federas"},"sameAs":["https:\/\/www.federassantas.org.br\/novosite\/"],"url":"https:\/\/www.federassantas.org.br\/novosite\/author\/admin-federas\/"}]}},"_links":{"self":[{"href":"https:\/\/www.federassantas.org.br\/novosite\/wp-json\/wp\/v2\/posts\/22697","targetHints":{"allow":["GET"]}}],"collection":[{"href":"https:\/\/www.federassantas.org.br\/novosite\/wp-json\/wp\/v2\/posts"}],"about":[{"href":"https:\/\/www.federassantas.org.br\/novosite\/wp-json\/wp\/v2\/types\/post"}],"author":[{"embeddable":true,"href":"https:\/\/www.federassantas.org.br\/novosite\/wp-json\/wp\/v2\/users\/1"}],"replies":[{"embeddable":true,"href":"https:\/\/www.federassantas.org.br\/novosite\/wp-json\/wp\/v2\/comments?post=22697"}],"version-history":[{"count":0,"href":"https:\/\/www.federassantas.org.br\/novosite\/wp-json\/wp\/v2\/posts\/22697\/revisions"}],"wp:featuredmedia":[{"embeddable":true,"href":"https:\/\/www.federassantas.org.br\/novosite\/wp-json\/wp\/v2\/media\/22699"}],"wp:attachment":[{"href":"https:\/\/www.federassantas.org.br\/novosite\/wp-json\/wp\/v2\/media?parent=22697"}],"wp:term":[{"taxonomy":"category","embeddable":true,"href":"https:\/\/www.federassantas.org.br\/novosite\/wp-json\/wp\/v2\/categories?post=22697"},{"taxonomy":"post_tag","embeddable":true,"href":"https:\/\/www.federassantas.org.br\/novosite\/wp-json\/wp\/v2\/tags?post=22697"}],"curies":[{"name":"wp","href":"https:\/\/api.w.org\/{rel}","templated":true}]}}