{"id":22741,"date":"2021-11-22T16:23:38","date_gmt":"2021-11-22T19:23:38","guid":{"rendered":"https:\/\/federasbackup.meltcomunicacao.com.br\/?p=22741"},"modified":"2021-11-22T16:23:38","modified_gmt":"2021-11-22T19:23:38","slug":"semana-nacional-do-doador-de-sangue","status":"publish","type":"post","link":"https:\/\/www.federassantas.org.br\/novosite\/semana-nacional-do-doador-de-sangue\/","title":{"rendered":"Semana Nacional do Doador de Sangue"},"content":{"rendered":"\n<p><em>Doadores volunt\u00e1rios salvam vidas em gesto de amor e solidariedade ao pr\u00f3ximo<\/em><\/p>\n\n\n\n<p>O consultor de telecomunica\u00e7\u00f5es, Luiz Carlos Pereira, 58 anos, \u00e9 um exemplo de amor e dedica\u00e7\u00e3o ao pr\u00f3ximo. Apoiador de campanhas de fraternidade, ele dedica parte do seu tempo a arrecadar recursos e mantimentos para pessoas carentes, al\u00e9m de visitar hospitais. H\u00e1 mais de 15 anos ele tamb\u00e9m se tornou um doador de sangue volunt\u00e1rio e um grande divulgador da import\u00e2ncia da doa\u00e7\u00e3o. Neste m\u00eas de novembro ele est\u00e1 comemorando seu anivers\u00e1rio (20) fazendo o que mais gosta. Ele participa de mais uma campanha do Dia Nacional do Doador de Sangue Volunt\u00e1rio, celebrado em 25 de novembro. &nbsp;<\/p>\n\n\n\n<p>\u201cDoar sangue para mim j\u00e1 \u00e9 um h\u00e1bito, uma a\u00e7\u00e3o natural e normal. \u00c9 uma contribui\u00e7\u00e3o como cidad\u00e3o, como ser humano. Eu tenho muita satisfa\u00e7\u00e3o em doar um pouco do meu sangue e saber que estou contribuindo para salvar vidas. \u00c9 uma causa que eu fa\u00e7o quest\u00e3o de propagar. Sempre pe\u00e7o a amigos e parentes para tamb\u00e9m doarem. Doar sangue \u00e9 um processo simples, r\u00e1pido e indolor. N\u00e3o h\u00e1 o que temer\u201d, incentiva.<\/p>\n\n\n\n<p>&nbsp;O consultor lembra que doou pela primeira vez para um amigo e n\u00e3o parou mais. \u201cUm amigo iria passar por uma cirurgia na Santa Casa e precisava de doa\u00e7\u00e3o de sangue. Eu me prontifiquei a ir doar e foi neste momento que percebi a import\u00e2ncia da minha a\u00e7\u00e3o. Os hemocentros precisam de volunt\u00e1rios para manter o estoque necess\u00e1rio para muitas pessoas. Dali em diante eu doo regularmente, umas quatro vezes ao ano\u201d. Atualmente o consultor, que reside na cidade de Cubat\u00e3o, \u00e9 doador no Hospital de Cubat\u00e3o.<\/p>\n\n\n\n<p><strong>A\u00e7\u00e3o do sangue<\/strong><\/p>\n\n\n\n<p>O sangue tem papel fundamental para o funcionamento do corpo humano. \u201cPor mais que a medicina e a ci\u00eancia estejam avan\u00e7ados, n\u00e3o h\u00e1 nada que substitua ou fa\u00e7a o papel do sangue. \u00c9 ele quem leva oxig\u00eanio para os tecidos, defende nosso organismo contra infec\u00e7\u00f5es e \u00e9 respons\u00e1vel pela coagula\u00e7\u00e3o. Por isso \u00e9 t\u00e3o importante contar com a ajuda de doadores volunt\u00e1rios\u201d, diz a m\u00e9dica hematologista da Funda\u00e7\u00e3o S\u00e3o Francisco Xavier, Gabriela de Luca Oliveira.<\/p>\n\n\n\n<p>A especialista explica que uma pessoa tem cerca de cinco litros de sangue no corpo e em uma doa\u00e7\u00e3o ela chega a doar at\u00e9 450 ml. \u201cN\u00e3o existe preju\u00edzo para o doador.&nbsp; O corpo humano rep\u00f5e esse volume em cerca de 24 horas. A gente costuma falar que \u00e9 pouco para quem doa e muito para quem recebe\u201d.<\/p>\n\n\n\n<p>O sangue \u00e9 um componente fundamental para muitas pessoas em tratamento ou em situa\u00e7\u00f5es de risco, al\u00e9m de apoiar em procedimentos m\u00e9dicos e cir\u00fargicos. \u201cTodos os dias temos nos hospitais diversas situa\u00e7\u00f5es em que s\u00e3o necess\u00e1rias as transfus\u00f5es de sangue, sejam elas de feridos em emerg\u00eancias de todos os tipos, traumas, acidentes ou mesmo quem vai passar por uma cirurgia. Receber uma doa\u00e7\u00e3o de sangue nestes casos \u00e9 vital para salvar a vida dessas pessoas\u201d.<\/p>\n\n\n\n<p><strong>Rede do Bem<\/strong><\/p>\n\n\n\n<p>Para agradecer a volunt\u00e1rios como Luiz Carlos e conscientizar mais pessoas sobre a import\u00e2ncia da doa\u00e7\u00e3o de sangue, al\u00e9m de informar sobre todo o processo, \u00e9 celebrado anualmente o Dia Nacional do Doador Volunt\u00e1rio de Sangue.&nbsp; Muitos hemocentros pelo pa\u00eds, ainda realizam a semana Nacional do Doador de Sangue, que, neste ano de 2021, ser\u00e1 de 22 a 27 de novembro.<\/p>\n\n\n\n<p>No Brasil, cerca de 1,8% da popula\u00e7\u00e3o \u00e9 doadora de sangue. Em pa\u00edses da Europa, esse \u00edndice chega a 5%. A hematologista lembra que no momento mais cr\u00edtico da pandemia, o volume de doa\u00e7\u00f5es chegou a cair 50%. \u201cTivemos um per\u00edodo muito dif\u00edcil ainda neste ano. Muitas pessoas tiveram receio de ir at\u00e9 os hemocentros. Mas est\u00e1vamos preparados. O banco de sangue do Hospital de Cubat\u00e3o, por exemplo, chegou a ligar para muitos doadores, seguimos r\u00edgidos protocolos de seguran\u00e7a com m\u00e1scara, \u00e1lcool em gel e distanciamento. Com o avan\u00e7o da vacina\u00e7\u00e3o e o retorno dos doadores, esta situa\u00e7\u00e3o est\u00e1 se normalizando\u201d.<\/p>\n\n\n\n<p>Segundo a hematologista, todo o procedimento que envolve uma doa\u00e7\u00e3o e coleta de sangue segue r\u00edgidos padr\u00f5es. \u201cFazemos uma testagem da amostra do sangue doado para verificar a qualidade dele e o tipo. Existem mais de 300 tipos de sangue, mas tudo \u00e9 verificado e analisado. Al\u00e9m disso, o doador passa por uma triagem, um processo de entrevista para termos mais informa\u00e7\u00f5es sobre a vida dele e seguran\u00e7a\u201d.<\/p>\n\n\n\n<p><strong>Quem pode doar<\/strong><\/p>\n\n\n\n<p>A hematologista explica que para ser um doador \u00e9 preciso ter uma vida saud\u00e1vel e idade entre 16 e 69 anos. Para os menores de 18 anos, \u00e9 necess\u00e1ria uma autoriza\u00e7\u00e3o de respons\u00e1veis legais. O candidato a doador tamb\u00e9m deve pesar mais de 50k. No dia da doa\u00e7\u00e3o, ele estar descansada e ter se alimentado normalmente. Outro ponto importante \u00e9 n\u00e3o ter ingerido bebida alc\u00f3olica nas \u00faltimas doze horas.<\/p>\n\n\n\n<p>Luiz Carlos \u00e9 um doador consciente dos bons h\u00e1bitos de vida. \u201cEu tenho uma alimenta\u00e7\u00e3o saud\u00e1vel, n\u00e3o fumo, bebo socialmente e gosto de praticar esportes\u201d, conta. Ele conta que al\u00e9m de ajudar outras pessoas, a doa\u00e7\u00e3o de sangue tamb\u00e9m o tranquiliza em rela\u00e7\u00e3o a sua boa sa\u00fade. \u201cQuando doamos, o nosso sangue passa por testes e \u00e9 como fazer um check-up. \u00c9 sempre bom estar com os exames de sangue em dia\u201d.<\/p>\n\n\n\n<p><strong>Fatores de risco<\/strong><\/p>\n\n\n\n<p>Apesar de grande parte da popula\u00e7\u00e3o estar apta para doa\u00e7\u00e3o, existem alguns casos que s\u00e3o de alto risco e, por isso, impedem algumas pessoas de serem volunt\u00e1rias.<\/p>\n\n\n\n<p>N\u00e3o podem doar pessoas que tenham tido doen\u00e7as como hepatite, doen\u00e7a de chagas, s\u00edfilis ou seja HIV positivo. Tamb\u00e9m est\u00e3o na lista de n\u00e3o doadores, quem tenha feito tatuagem, maquiagem definitiva ou mesmo colocado um piercing h\u00e1 menos de um ano.<\/p>\n\n\n\n<p>A especialista tamb\u00e9m refor\u00e7a que n\u00e3o podem doar, pessoas que sejam usu\u00e1rias de droga e pessoas que tenham tido rela\u00e7\u00f5es sexuais com parceiros desconhecidos. \u201c\u00c9 extremamente importante a conscientiza\u00e7\u00e3o e a entrevista que realizamos com todos os volunt\u00e1rios. Mesmo ap\u00f3s essa triagem, n\u00f3s tamb\u00e9m passamos para a etapa dos testes\u201d.<\/p>\n\n\n\n<p>Gabriela ressalta que as pessoas que tenham d\u00favidas se podem ou n\u00e3o ser doadoras volunt\u00e1rias devem entrar em contato com um hemocentro. L\u00e1 eles passar\u00e3o as informa\u00e7\u00f5es.<\/p>\n\n\n\n<p><strong>Intervalo<\/strong><\/p>\n\n\n\n<p>Segundo a hematologista, o intervalo entre as doa\u00e7\u00f5es \u00e9 de dois meses para os homens e tr\u00eas meses para as mulheres. Quem se vacinou contra a covid-19 precisa aguardar uma semana para poder doar. E para quem j\u00e1 teve a covid-19 e quer ser um doador volunt\u00e1rio, \u00e9 preciso somente aguardar um m\u00eas ap\u00f3s a melhora dos sintomas.&nbsp;&nbsp;<\/p>\n\n\n\n<p><strong>Onde doar<\/strong><\/p>\n\n\n\n<p>A Funda\u00e7\u00e3o S\u00e3o Francisco Xavier, possui banco de sangue no Hospital M\u00e1rcio Cunha, em Ipatinga. Confira os hor\u00e1rios e contatos de agendamento da unidade:<\/p>\n\n\n\n<p>HMC: de segunda a sexta, das 7h \u00e0s 11h e das 13h \u00e0s 18h. Agendamento pelo telefone (31) 3829-9600 ou pelo WhatsApp (31) 9 9686-1060.<\/p>\n\n\n\n<figure class=\"wp-block-gallery columns-2 is-cropped wp-block-gallery-1 is-layout-flex wp-block-gallery-is-layout-flex\"><ul class=\"blocks-gallery-grid\"><li class=\"blocks-gallery-item\"><figure><img fetchpriority=\"high\" decoding=\"async\" width=\"300\" height=\"225\" src=\"http:\/\/federasbackup.meltcomunicacao.com.br\/wp-content\/uploads\/2021\/11\/Hematologista-Gabriela-de-Luca-Oliveira-3-300x225.jpeg\" alt=\"\" data-id=\"22742\" data-full-url=\"http:\/\/federasbackup.meltcomunicacao.com.br\/wp-content\/uploads\/2021\/11\/Hematologista-Gabriela-de-Luca-Oliveira-3.jpeg\" data-link=\"https:\/\/federasbackup.meltcomunicacao.com.br\/?attachment_id=22742\" class=\"wp-image-22742\" srcset=\"https:\/\/www.federassantas.org.br\/novosite\/wp-content\/uploads\/2021\/11\/Hematologista-Gabriela-de-Luca-Oliveira-3-300x225.jpeg 300w, https:\/\/www.federassantas.org.br\/novosite\/wp-content\/uploads\/2021\/11\/Hematologista-Gabriela-de-Luca-Oliveira-3-1024x768.jpeg 1024w, https:\/\/www.federassantas.org.br\/novosite\/wp-content\/uploads\/2021\/11\/Hematologista-Gabriela-de-Luca-Oliveira-3-768x576.jpeg 768w, https:\/\/www.federassantas.org.br\/novosite\/wp-content\/uploads\/2021\/11\/Hematologista-Gabriela-de-Luca-Oliveira-3-1536x1152.jpeg 1536w, https:\/\/www.federassantas.org.br\/novosite\/wp-content\/uploads\/2021\/11\/Hematologista-Gabriela-de-Luca-Oliveira-3.jpeg 1600w\" sizes=\"(max-width: 300px) 100vw, 300px\" \/><figcaption class=\"blocks-gallery-item__caption\">Hematologista Gabriela de Luca Oliveira<\/figcaption><\/figure><\/li><li class=\"blocks-gallery-item\"><figure><img decoding=\"async\" width=\"300\" height=\"225\" src=\"http:\/\/federasbackup.meltcomunicacao.com.br\/wp-content\/uploads\/2021\/11\/Luiz-2-300x225.png\" alt=\"\" data-id=\"22743\" data-full-url=\"http:\/\/federasbackup.meltcomunicacao.com.br\/wp-content\/uploads\/2021\/11\/Luiz-2.png\" data-link=\"https:\/\/federasbackup.meltcomunicacao.com.br\/?attachment_id=22743\" class=\"wp-image-22743\" srcset=\"https:\/\/www.federassantas.org.br\/novosite\/wp-content\/uploads\/2021\/11\/Luiz-2-300x225.png 300w, https:\/\/www.federassantas.org.br\/novosite\/wp-content\/uploads\/2021\/11\/Luiz-2-768x577.png 768w, https:\/\/www.federassantas.org.br\/novosite\/wp-content\/uploads\/2021\/11\/Luiz-2.png 995w\" sizes=\"(max-width: 300px) 100vw, 300px\" \/><figcaption class=\"blocks-gallery-item__caption\">Volunt\u00e1rio Luiz comemora seu anivers\u00e1rio doando<\/figcaption><\/figure><\/li><\/ul><\/figure>\n\n\n\n<p>Por: Comunica\u00e7\u00e3o FSFX<\/p>\n","protected":false},"excerpt":{"rendered":"<p>Doadores volunt\u00e1rios salvam vidas em gesto de amor e solidariedade ao pr\u00f3ximo O consultor de telecomunica\u00e7\u00f5es, Luiz Carlos Pereira, 58 anos, \u00e9 um exemplo de amor e dedica\u00e7\u00e3o ao pr\u00f3ximo. Apoiador de campanhas de fraternidade, ele dedica parte do seu tempo a arrecadar recursos e mantimentos para pessoas carentes, al\u00e9m de visitar hospitais. H\u00e1 mais [&hellip;]<\/p>\n","protected":false},"author":1,"featured_media":22744,"comment_status":"open","ping_status":"open","sticky":false,"template":"","format":"standard","meta":{"footnotes":""},"categories":[140,139],"tags":[],"class_list":["post-22741","post","type-post","status-publish","format-standard","has-post-thumbnail","hentry","category-noticias","category-noticias-filiados"],"yoast_head":"<!-- This site is optimized with the Yoast SEO plugin v26.9 - https:\/\/yoast.com\/product\/yoast-seo-wordpress\/ -->\n<title>Semana Nacional do Doador de Sangue - Federassantas<\/title>\n<meta name=\"robots\" content=\"index, follow, max-snippet:-1, max-image-preview:large, max-video-preview:-1\" \/>\n<link rel=\"canonical\" href=\"https:\/\/www.federassantas.org.br\/novosite\/semana-nacional-do-doador-de-sangue\/\" \/>\n<meta property=\"og:locale\" content=\"pt_BR\" \/>\n<meta property=\"og:type\" content=\"article\" \/>\n<meta property=\"og:title\" content=\"Semana Nacional do Doador de Sangue - Federassantas\" \/>\n<meta property=\"og:description\" content=\"Doadores volunt\u00e1rios salvam vidas em gesto de amor e solidariedade ao pr\u00f3ximo O consultor de telecomunica\u00e7\u00f5es, Luiz Carlos Pereira, 58 anos, \u00e9 um exemplo de amor e dedica\u00e7\u00e3o ao pr\u00f3ximo. Apoiador de campanhas de fraternidade, ele dedica parte do seu tempo a arrecadar recursos e mantimentos para pessoas carentes, al\u00e9m de visitar hospitais. H\u00e1 mais [&hellip;]\" \/>\n<meta property=\"og:url\" content=\"https:\/\/www.federassantas.org.br\/novosite\/semana-nacional-do-doador-de-sangue\/\" \/>\n<meta property=\"og:site_name\" content=\"Federassantas\" \/>\n<meta property=\"article:published_time\" content=\"2021-11-22T19:23:38+00:00\" \/>\n<meta property=\"og:image\" content=\"https:\/\/www.federassantas.org.br\/novosite\/wp-content\/uploads\/2021\/11\/Luiz.png\" \/>\n\t<meta property=\"og:image:width\" content=\"996\" \/>\n\t<meta property=\"og:image:height\" content=\"749\" \/>\n\t<meta property=\"og:image:type\" content=\"image\/png\" \/>\n<meta name=\"author\" content=\"admin-federas\" \/>\n<meta name=\"twitter:card\" content=\"summary_large_image\" \/>\n<meta name=\"twitter:label1\" content=\"Escrito por\" \/>\n\t<meta name=\"twitter:data1\" content=\"admin-federas\" \/>\n\t<meta name=\"twitter:label2\" content=\"Est. tempo de leitura\" \/>\n\t<meta name=\"twitter:data2\" content=\"6 minutos\" \/>\n<script type=\"application\/ld+json\" class=\"yoast-schema-graph\">{\"@context\":\"https:\/\/schema.org\",\"@graph\":[{\"@type\":\"Article\",\"@id\":\"https:\/\/www.federassantas.org.br\/novosite\/semana-nacional-do-doador-de-sangue\/#article\",\"isPartOf\":{\"@id\":\"https:\/\/www.federassantas.org.br\/novosite\/semana-nacional-do-doador-de-sangue\/\"},\"author\":{\"name\":\"admin-federas\",\"@id\":\"https:\/\/www.federassantas.org.br\/novosite\/#\/schema\/person\/75fed98158349313fe56175f232f513c\"},\"headline\":\"Semana Nacional do Doador de Sangue\",\"datePublished\":\"2021-11-22T19:23:38+00:00\",\"mainEntityOfPage\":{\"@id\":\"https:\/\/www.federassantas.org.br\/novosite\/semana-nacional-do-doador-de-sangue\/\"},\"wordCount\":1239,\"commentCount\":0,\"publisher\":{\"@id\":\"https:\/\/www.federassantas.org.br\/novosite\/#organization\"},\"image\":{\"@id\":\"https:\/\/www.federassantas.org.br\/novosite\/semana-nacional-do-doador-de-sangue\/#primaryimage\"},\"thumbnailUrl\":\"https:\/\/www.federassantas.org.br\/novosite\/wp-content\/uploads\/2021\/11\/Luiz.png\",\"articleSection\":[\"Not\u00edcias\",\"Not\u00edcias filiados\"],\"inLanguage\":\"pt-BR\",\"potentialAction\":[{\"@type\":\"CommentAction\",\"name\":\"Comment\",\"target\":[\"https:\/\/www.federassantas.org.br\/novosite\/semana-nacional-do-doador-de-sangue\/#respond\"]}]},{\"@type\":\"WebPage\",\"@id\":\"https:\/\/www.federassantas.org.br\/novosite\/semana-nacional-do-doador-de-sangue\/\",\"url\":\"https:\/\/www.federassantas.org.br\/novosite\/semana-nacional-do-doador-de-sangue\/\",\"name\":\"Semana Nacional do Doador de Sangue - Federassantas\",\"isPartOf\":{\"@id\":\"https:\/\/www.federassantas.org.br\/novosite\/#website\"},\"primaryImageOfPage\":{\"@id\":\"https:\/\/www.federassantas.org.br\/novosite\/semana-nacional-do-doador-de-sangue\/#primaryimage\"},\"image\":{\"@id\":\"https:\/\/www.federassantas.org.br\/novosite\/semana-nacional-do-doador-de-sangue\/#primaryimage\"},\"thumbnailUrl\":\"https:\/\/www.federassantas.org.br\/novosite\/wp-content\/uploads\/2021\/11\/Luiz.png\",\"datePublished\":\"2021-11-22T19:23:38+00:00\",\"breadcrumb\":{\"@id\":\"https:\/\/www.federassantas.org.br\/novosite\/semana-nacional-do-doador-de-sangue\/#breadcrumb\"},\"inLanguage\":\"pt-BR\",\"potentialAction\":[{\"@type\":\"ReadAction\",\"target\":[\"https:\/\/www.federassantas.org.br\/novosite\/semana-nacional-do-doador-de-sangue\/\"]}]},{\"@type\":\"ImageObject\",\"inLanguage\":\"pt-BR\",\"@id\":\"https:\/\/www.federassantas.org.br\/novosite\/semana-nacional-do-doador-de-sangue\/#primaryimage\",\"url\":\"https:\/\/www.federassantas.org.br\/novosite\/wp-content\/uploads\/2021\/11\/Luiz.png\",\"contentUrl\":\"https:\/\/www.federassantas.org.br\/novosite\/wp-content\/uploads\/2021\/11\/Luiz.png\",\"width\":996,\"height\":749},{\"@type\":\"BreadcrumbList\",\"@id\":\"https:\/\/www.federassantas.org.br\/novosite\/semana-nacional-do-doador-de-sangue\/#breadcrumb\",\"itemListElement\":[{\"@type\":\"ListItem\",\"position\":1,\"name\":\"In\u00edcio\",\"item\":\"https:\/\/www.federassantas.org.br\/novosite\/\"},{\"@type\":\"ListItem\",\"position\":2,\"name\":\"Semana Nacional do Doador de Sangue\"}]},{\"@type\":\"WebSite\",\"@id\":\"https:\/\/www.federassantas.org.br\/novosite\/#website\",\"url\":\"https:\/\/www.federassantas.org.br\/novosite\/\",\"name\":\"Federassantas\",\"description\":\"Fed. das Santas Casas e Hospitais Filantr\u00f3picos de MG\",\"publisher\":{\"@id\":\"https:\/\/www.federassantas.org.br\/novosite\/#organization\"},\"potentialAction\":[{\"@type\":\"SearchAction\",\"target\":{\"@type\":\"EntryPoint\",\"urlTemplate\":\"https:\/\/www.federassantas.org.br\/novosite\/?s={search_term_string}\"},\"query-input\":{\"@type\":\"PropertyValueSpecification\",\"valueRequired\":true,\"valueName\":\"search_term_string\"}}],\"inLanguage\":\"pt-BR\"},{\"@type\":\"Organization\",\"@id\":\"https:\/\/www.federassantas.org.br\/novosite\/#organization\",\"name\":\"Federassantas\",\"url\":\"https:\/\/www.federassantas.org.br\/novosite\/\",\"logo\":{\"@type\":\"ImageObject\",\"inLanguage\":\"pt-BR\",\"@id\":\"https:\/\/www.federassantas.org.br\/novosite\/#\/schema\/logo\/image\/\",\"url\":\"https:\/\/www.federassantas.org.br\/novosite\/wp-content\/uploads\/2021\/12\/logo.png\",\"contentUrl\":\"https:\/\/www.federassantas.org.br\/novosite\/wp-content\/uploads\/2021\/12\/logo.png\",\"width\":243,\"height\":59,\"caption\":\"Federassantas\"},\"image\":{\"@id\":\"https:\/\/www.federassantas.org.br\/novosite\/#\/schema\/logo\/image\/\"}},{\"@type\":\"Person\",\"@id\":\"https:\/\/www.federassantas.org.br\/novosite\/#\/schema\/person\/75fed98158349313fe56175f232f513c\",\"name\":\"admin-federas\",\"image\":{\"@type\":\"ImageObject\",\"inLanguage\":\"pt-BR\",\"@id\":\"https:\/\/www.federassantas.org.br\/novosite\/#\/schema\/person\/image\/\",\"url\":\"https:\/\/secure.gravatar.com\/avatar\/2a02d7dda59fe8dc6b7ffd3f652e2efede5ccf0dd89dfdc8137c5517f3de8407?s=96&d=mm&r=g\",\"contentUrl\":\"https:\/\/secure.gravatar.com\/avatar\/2a02d7dda59fe8dc6b7ffd3f652e2efede5ccf0dd89dfdc8137c5517f3de8407?s=96&d=mm&r=g\",\"caption\":\"admin-federas\"},\"sameAs\":[\"https:\/\/www.federassantas.org.br\/novosite\/\"],\"url\":\"https:\/\/www.federassantas.org.br\/novosite\/author\/admin-federas\/\"}]}<\/script>\n<!-- \/ Yoast SEO plugin. -->","yoast_head_json":{"title":"Semana Nacional do Doador de Sangue - Federassantas","robots":{"index":"index","follow":"follow","max-snippet":"max-snippet:-1","max-image-preview":"max-image-preview:large","max-video-preview":"max-video-preview:-1"},"canonical":"https:\/\/www.federassantas.org.br\/novosite\/semana-nacional-do-doador-de-sangue\/","og_locale":"pt_BR","og_type":"article","og_title":"Semana Nacional do Doador de Sangue - Federassantas","og_description":"Doadores volunt\u00e1rios salvam vidas em gesto de amor e solidariedade ao pr\u00f3ximo O consultor de telecomunica\u00e7\u00f5es, Luiz Carlos Pereira, 58 anos, \u00e9 um exemplo de amor e dedica\u00e7\u00e3o ao pr\u00f3ximo. Apoiador de campanhas de fraternidade, ele dedica parte do seu tempo a arrecadar recursos e mantimentos para pessoas carentes, al\u00e9m de visitar hospitais. H\u00e1 mais [&hellip;]","og_url":"https:\/\/www.federassantas.org.br\/novosite\/semana-nacional-do-doador-de-sangue\/","og_site_name":"Federassantas","article_published_time":"2021-11-22T19:23:38+00:00","og_image":[{"width":996,"height":749,"url":"https:\/\/www.federassantas.org.br\/novosite\/wp-content\/uploads\/2021\/11\/Luiz.png","type":"image\/png"}],"author":"admin-federas","twitter_card":"summary_large_image","twitter_misc":{"Escrito por":"admin-federas","Est. tempo de leitura":"6 minutos"},"schema":{"@context":"https:\/\/schema.org","@graph":[{"@type":"Article","@id":"https:\/\/www.federassantas.org.br\/novosite\/semana-nacional-do-doador-de-sangue\/#article","isPartOf":{"@id":"https:\/\/www.federassantas.org.br\/novosite\/semana-nacional-do-doador-de-sangue\/"},"author":{"name":"admin-federas","@id":"https:\/\/www.federassantas.org.br\/novosite\/#\/schema\/person\/75fed98158349313fe56175f232f513c"},"headline":"Semana Nacional do Doador de Sangue","datePublished":"2021-11-22T19:23:38+00:00","mainEntityOfPage":{"@id":"https:\/\/www.federassantas.org.br\/novosite\/semana-nacional-do-doador-de-sangue\/"},"wordCount":1239,"commentCount":0,"publisher":{"@id":"https:\/\/www.federassantas.org.br\/novosite\/#organization"},"image":{"@id":"https:\/\/www.federassantas.org.br\/novosite\/semana-nacional-do-doador-de-sangue\/#primaryimage"},"thumbnailUrl":"https:\/\/www.federassantas.org.br\/novosite\/wp-content\/uploads\/2021\/11\/Luiz.png","articleSection":["Not\u00edcias","Not\u00edcias filiados"],"inLanguage":"pt-BR","potentialAction":[{"@type":"CommentAction","name":"Comment","target":["https:\/\/www.federassantas.org.br\/novosite\/semana-nacional-do-doador-de-sangue\/#respond"]}]},{"@type":"WebPage","@id":"https:\/\/www.federassantas.org.br\/novosite\/semana-nacional-do-doador-de-sangue\/","url":"https:\/\/www.federassantas.org.br\/novosite\/semana-nacional-do-doador-de-sangue\/","name":"Semana Nacional do Doador de Sangue - Federassantas","isPartOf":{"@id":"https:\/\/www.federassantas.org.br\/novosite\/#website"},"primaryImageOfPage":{"@id":"https:\/\/www.federassantas.org.br\/novosite\/semana-nacional-do-doador-de-sangue\/#primaryimage"},"image":{"@id":"https:\/\/www.federassantas.org.br\/novosite\/semana-nacional-do-doador-de-sangue\/#primaryimage"},"thumbnailUrl":"https:\/\/www.federassantas.org.br\/novosite\/wp-content\/uploads\/2021\/11\/Luiz.png","datePublished":"2021-11-22T19:23:38+00:00","breadcrumb":{"@id":"https:\/\/www.federassantas.org.br\/novosite\/semana-nacional-do-doador-de-sangue\/#breadcrumb"},"inLanguage":"pt-BR","potentialAction":[{"@type":"ReadAction","target":["https:\/\/www.federassantas.org.br\/novosite\/semana-nacional-do-doador-de-sangue\/"]}]},{"@type":"ImageObject","inLanguage":"pt-BR","@id":"https:\/\/www.federassantas.org.br\/novosite\/semana-nacional-do-doador-de-sangue\/#primaryimage","url":"https:\/\/www.federassantas.org.br\/novosite\/wp-content\/uploads\/2021\/11\/Luiz.png","contentUrl":"https:\/\/www.federassantas.org.br\/novosite\/wp-content\/uploads\/2021\/11\/Luiz.png","width":996,"height":749},{"@type":"BreadcrumbList","@id":"https:\/\/www.federassantas.org.br\/novosite\/semana-nacional-do-doador-de-sangue\/#breadcrumb","itemListElement":[{"@type":"ListItem","position":1,"name":"In\u00edcio","item":"https:\/\/www.federassantas.org.br\/novosite\/"},{"@type":"ListItem","position":2,"name":"Semana Nacional do Doador de Sangue"}]},{"@type":"WebSite","@id":"https:\/\/www.federassantas.org.br\/novosite\/#website","url":"https:\/\/www.federassantas.org.br\/novosite\/","name":"Federassantas","description":"Fed. das Santas Casas e Hospitais Filantr\u00f3picos de MG","publisher":{"@id":"https:\/\/www.federassantas.org.br\/novosite\/#organization"},"potentialAction":[{"@type":"SearchAction","target":{"@type":"EntryPoint","urlTemplate":"https:\/\/www.federassantas.org.br\/novosite\/?s={search_term_string}"},"query-input":{"@type":"PropertyValueSpecification","valueRequired":true,"valueName":"search_term_string"}}],"inLanguage":"pt-BR"},{"@type":"Organization","@id":"https:\/\/www.federassantas.org.br\/novosite\/#organization","name":"Federassantas","url":"https:\/\/www.federassantas.org.br\/novosite\/","logo":{"@type":"ImageObject","inLanguage":"pt-BR","@id":"https:\/\/www.federassantas.org.br\/novosite\/#\/schema\/logo\/image\/","url":"https:\/\/www.federassantas.org.br\/novosite\/wp-content\/uploads\/2021\/12\/logo.png","contentUrl":"https:\/\/www.federassantas.org.br\/novosite\/wp-content\/uploads\/2021\/12\/logo.png","width":243,"height":59,"caption":"Federassantas"},"image":{"@id":"https:\/\/www.federassantas.org.br\/novosite\/#\/schema\/logo\/image\/"}},{"@type":"Person","@id":"https:\/\/www.federassantas.org.br\/novosite\/#\/schema\/person\/75fed98158349313fe56175f232f513c","name":"admin-federas","image":{"@type":"ImageObject","inLanguage":"pt-BR","@id":"https:\/\/www.federassantas.org.br\/novosite\/#\/schema\/person\/image\/","url":"https:\/\/secure.gravatar.com\/avatar\/2a02d7dda59fe8dc6b7ffd3f652e2efede5ccf0dd89dfdc8137c5517f3de8407?s=96&d=mm&r=g","contentUrl":"https:\/\/secure.gravatar.com\/avatar\/2a02d7dda59fe8dc6b7ffd3f652e2efede5ccf0dd89dfdc8137c5517f3de8407?s=96&d=mm&r=g","caption":"admin-federas"},"sameAs":["https:\/\/www.federassantas.org.br\/novosite\/"],"url":"https:\/\/www.federassantas.org.br\/novosite\/author\/admin-federas\/"}]}},"_links":{"self":[{"href":"https:\/\/www.federassantas.org.br\/novosite\/wp-json\/wp\/v2\/posts\/22741","targetHints":{"allow":["GET"]}}],"collection":[{"href":"https:\/\/www.federassantas.org.br\/novosite\/wp-json\/wp\/v2\/posts"}],"about":[{"href":"https:\/\/www.federassantas.org.br\/novosite\/wp-json\/wp\/v2\/types\/post"}],"author":[{"embeddable":true,"href":"https:\/\/www.federassantas.org.br\/novosite\/wp-json\/wp\/v2\/users\/1"}],"replies":[{"embeddable":true,"href":"https:\/\/www.federassantas.org.br\/novosite\/wp-json\/wp\/v2\/comments?post=22741"}],"version-history":[{"count":0,"href":"https:\/\/www.federassantas.org.br\/novosite\/wp-json\/wp\/v2\/posts\/22741\/revisions"}],"wp:featuredmedia":[{"embeddable":true,"href":"https:\/\/www.federassantas.org.br\/novosite\/wp-json\/wp\/v2\/media\/22744"}],"wp:attachment":[{"href":"https:\/\/www.federassantas.org.br\/novosite\/wp-json\/wp\/v2\/media?parent=22741"}],"wp:term":[{"taxonomy":"category","embeddable":true,"href":"https:\/\/www.federassantas.org.br\/novosite\/wp-json\/wp\/v2\/categories?post=22741"},{"taxonomy":"post_tag","embeddable":true,"href":"https:\/\/www.federassantas.org.br\/novosite\/wp-json\/wp\/v2\/tags?post=22741"}],"curies":[{"name":"wp","href":"https:\/\/api.w.org\/{rel}","templated":true}]}}