{"id":22746,"date":"2021-11-23T15:21:02","date_gmt":"2021-11-23T18:21:02","guid":{"rendered":"https:\/\/federasbackup.meltcomunicacao.com.br\/?p=22746"},"modified":"2021-11-23T15:21:02","modified_gmt":"2021-11-23T18:21:02","slug":"santa-casa-montes-claros-recebe-medalha-da-ordem-do-merito-especial-da-almg","status":"publish","type":"post","link":"https:\/\/www.federassantas.org.br\/novosite\/santa-casa-montes-claros-recebe-medalha-da-ordem-do-merito-especial-da-almg\/","title":{"rendered":"Santa Casa Montes Claros recebe medalha da Ordem do M\u00e9rito Especial da ALMG"},"content":{"rendered":"\n<p>A Santa Casa de Montes Claros foi homenageada nessa segunda-feira (22\/11) com a Medalha de Ordem do M\u00e9rito Especial. O superintendente Maur\u00edcio S\u00e9rgio Sousa e Silva recebeu a comenda representando o hospital. A solenidade da Assembleia Legislativa de Minas Gerais (ALMG) foi realizada no Grande Teatro do Pal\u00e1cio das Artes, em Belo Horizonte. Al\u00e9m do maior hospital do Norte de Minas Gerais, tamb\u00e9m foram condecorados lideran\u00e7as e autoridades de destaque. O tema da edi\u00e7\u00e3o deste ano foi \u201cMineiras e mineiros na recupera\u00e7\u00e3o econ\u00f4mica e social do Estado no p\u00f3s-pandemia, destacando a atua\u00e7\u00e3o das institui\u00e7\u00f5es unidas \u00e0 sociedade, em prol da vida\u201d.<\/p>\n\n\n\n<p>Criada em 1982, a Ordem do M\u00e9rito Legislativo \u00e9 concedida pela ALMG a pessoas f\u00edsicas ou jur\u00eddicas, nacionais ou estrangeiras, que tenham se destacado por iniciativas de relev\u00e2ncia p\u00fablica e de promo\u00e7\u00e3o da cidadania, estimulando dessa forma toda a sociedade a replicar a\u00e7\u00f5es em prol do bem comum. Os agraciados s\u00e3o indicados pelo Conselho da Ordem do M\u00e9rito Legislativo, liderado pelo presidente da ALMG, deputado Agostinho Patrus (PV). A condecora\u00e7\u00e3o \u00e9 concedida nos graus Grande M\u00e9rito, M\u00e9rito Especial e M\u00e9rito.<\/p>\n\n\n\n<p>Em nome da Santa Casa de Montes Claros, que foi indicada pelo deputado estadual Carlos Pimenta (PDT) para a condecora\u00e7\u00e3o de M\u00e9rito Especial, Maur\u00edcio S\u00e9rgio falou sobre a responsabilidade de representar o hospital. &#8220;2021 foi um ano diferente e cheio de obst\u00e1culos, mas isso n\u00e3o impediu que realiz\u00e1ssemos um belo e primoroso trabalho. Agrade\u00e7o a todos os colaboradores e m\u00e9dicos que s\u00e3o os protagonistas de todas nossas conquistas e merecedores desta homenagem. Agrade\u00e7o ainda ao nosso Deputado Estadual Carlos Pimenta que nos indicou a esta premia\u00e7\u00e3o e a todos os deputados que nos apoiam diuturnamente nesta caminhada em oferecer uma assist\u00eancia \u00e0 sa\u00fade cada vez melhor e mais digna para nossa popula\u00e7\u00e3o&#8221;.<\/p>\n\n\n\n<p>A homenagem foi concedida para personalidades que se destacam por iniciativas de relev\u00e2ncia p\u00fablica. Devido \u00e0s normas sanit\u00e1rias da pandemia de Covid-19, a solenidade, que foi transmitida pela TV Assembleia, YouTube e Portal da Assembleia, contou com a presen\u00e7a de p\u00fablico reduzido.<\/p>\n\n\n\n<figure class=\"wp-block-image size-medium\"><img fetchpriority=\"high\" decoding=\"async\" width=\"225\" height=\"300\" src=\"http:\/\/federasbackup.meltcomunicacao.com.br\/wp-content\/uploads\/2021\/11\/unnamed-5-225x300.jpg\" alt=\"\" class=\"wp-image-22748\" srcset=\"https:\/\/www.federassantas.org.br\/novosite\/wp-content\/uploads\/2021\/11\/unnamed-5-225x300.jpg 225w, https:\/\/www.federassantas.org.br\/novosite\/wp-content\/uploads\/2021\/11\/unnamed-5.jpg 768w\" sizes=\"(max-width: 225px) 100vw, 225px\" \/><\/figure>\n\n\n\n<p>Por Ana Paula Paix\u00e3o<br>Fotos: ASCOM Divulga\u00e7\u00e3o<\/p>\n","protected":false},"excerpt":{"rendered":"<p>A Santa Casa de Montes Claros foi homenageada nessa segunda-feira (22\/11) com a Medalha de Ordem do M\u00e9rito Especial. O superintendente Maur\u00edcio S\u00e9rgio Sousa e Silva recebeu a comenda representando o hospital. A solenidade da Assembleia Legislativa de Minas Gerais (ALMG) foi realizada no Grande Teatro do Pal\u00e1cio das Artes, em Belo Horizonte. Al\u00e9m do [&hellip;]<\/p>\n","protected":false},"author":1,"featured_media":22747,"comment_status":"open","ping_status":"open","sticky":false,"template":"","format":"standard","meta":{"footnotes":""},"categories":[140,139],"tags":[],"class_list":["post-22746","post","type-post","status-publish","format-standard","has-post-thumbnail","hentry","category-noticias","category-noticias-filiados"],"yoast_head":"<!-- This site is optimized with the Yoast SEO plugin v26.9 - https:\/\/yoast.com\/product\/yoast-seo-wordpress\/ -->\n<title>Santa Casa Montes Claros recebe medalha da Ordem do M\u00e9rito Especial da ALMG - Federassantas<\/title>\n<meta name=\"robots\" content=\"index, follow, max-snippet:-1, max-image-preview:large, max-video-preview:-1\" \/>\n<link rel=\"canonical\" href=\"https:\/\/www.federassantas.org.br\/novosite\/santa-casa-montes-claros-recebe-medalha-da-ordem-do-merito-especial-da-almg\/\" \/>\n<meta property=\"og:locale\" content=\"pt_BR\" \/>\n<meta property=\"og:type\" content=\"article\" \/>\n<meta property=\"og:title\" content=\"Santa Casa Montes Claros recebe medalha da Ordem do M\u00e9rito Especial da ALMG - Federassantas\" \/>\n<meta property=\"og:description\" content=\"A Santa Casa de Montes Claros foi homenageada nessa segunda-feira (22\/11) com a Medalha de Ordem do M\u00e9rito Especial. O superintendente Maur\u00edcio S\u00e9rgio Sousa e Silva recebeu a comenda representando o hospital. A solenidade da Assembleia Legislativa de Minas Gerais (ALMG) foi realizada no Grande Teatro do Pal\u00e1cio das Artes, em Belo Horizonte. Al\u00e9m do [&hellip;]\" \/>\n<meta property=\"og:url\" content=\"https:\/\/www.federassantas.org.br\/novosite\/santa-casa-montes-claros-recebe-medalha-da-ordem-do-merito-especial-da-almg\/\" \/>\n<meta property=\"og:site_name\" content=\"Federassantas\" \/>\n<meta property=\"article:published_time\" content=\"2021-11-23T18:21:02+00:00\" \/>\n<meta property=\"og:image\" content=\"https:\/\/www.federassantas.org.br\/novosite\/wp-content\/uploads\/2021\/11\/unnamed-4.jpg\" \/>\n\t<meta property=\"og:image:width\" content=\"768\" \/>\n\t<meta property=\"og:image:height\" content=\"1024\" \/>\n\t<meta property=\"og:image:type\" content=\"image\/jpeg\" \/>\n<meta name=\"author\" content=\"admin-federas\" \/>\n<meta name=\"twitter:card\" content=\"summary_large_image\" \/>\n<meta name=\"twitter:label1\" content=\"Escrito por\" \/>\n\t<meta name=\"twitter:data1\" content=\"admin-federas\" \/>\n\t<meta name=\"twitter:label2\" content=\"Est. tempo de leitura\" \/>\n\t<meta name=\"twitter:data2\" content=\"2 minutos\" \/>\n<script type=\"application\/ld+json\" class=\"yoast-schema-graph\">{\"@context\":\"https:\/\/schema.org\",\"@graph\":[{\"@type\":\"Article\",\"@id\":\"https:\/\/www.federassantas.org.br\/novosite\/santa-casa-montes-claros-recebe-medalha-da-ordem-do-merito-especial-da-almg\/#article\",\"isPartOf\":{\"@id\":\"https:\/\/www.federassantas.org.br\/novosite\/santa-casa-montes-claros-recebe-medalha-da-ordem-do-merito-especial-da-almg\/\"},\"author\":{\"name\":\"admin-federas\",\"@id\":\"https:\/\/www.federassantas.org.br\/novosite\/#\/schema\/person\/75fed98158349313fe56175f232f513c\"},\"headline\":\"Santa Casa Montes Claros recebe medalha da Ordem do M\u00e9rito Especial da ALMG\",\"datePublished\":\"2021-11-23T18:21:02+00:00\",\"mainEntityOfPage\":{\"@id\":\"https:\/\/www.federassantas.org.br\/novosite\/santa-casa-montes-claros-recebe-medalha-da-ordem-do-merito-especial-da-almg\/\"},\"wordCount\":396,\"commentCount\":0,\"publisher\":{\"@id\":\"https:\/\/www.federassantas.org.br\/novosite\/#organization\"},\"image\":{\"@id\":\"https:\/\/www.federassantas.org.br\/novosite\/santa-casa-montes-claros-recebe-medalha-da-ordem-do-merito-especial-da-almg\/#primaryimage\"},\"thumbnailUrl\":\"https:\/\/www.federassantas.org.br\/novosite\/wp-content\/uploads\/2021\/11\/unnamed-4.jpg\",\"articleSection\":[\"Not\u00edcias\",\"Not\u00edcias filiados\"],\"inLanguage\":\"pt-BR\",\"potentialAction\":[{\"@type\":\"CommentAction\",\"name\":\"Comment\",\"target\":[\"https:\/\/www.federassantas.org.br\/novosite\/santa-casa-montes-claros-recebe-medalha-da-ordem-do-merito-especial-da-almg\/#respond\"]}]},{\"@type\":\"WebPage\",\"@id\":\"https:\/\/www.federassantas.org.br\/novosite\/santa-casa-montes-claros-recebe-medalha-da-ordem-do-merito-especial-da-almg\/\",\"url\":\"https:\/\/www.federassantas.org.br\/novosite\/santa-casa-montes-claros-recebe-medalha-da-ordem-do-merito-especial-da-almg\/\",\"name\":\"Santa Casa Montes Claros recebe medalha da Ordem do M\u00e9rito Especial da ALMG - Federassantas\",\"isPartOf\":{\"@id\":\"https:\/\/www.federassantas.org.br\/novosite\/#website\"},\"primaryImageOfPage\":{\"@id\":\"https:\/\/www.federassantas.org.br\/novosite\/santa-casa-montes-claros-recebe-medalha-da-ordem-do-merito-especial-da-almg\/#primaryimage\"},\"image\":{\"@id\":\"https:\/\/www.federassantas.org.br\/novosite\/santa-casa-montes-claros-recebe-medalha-da-ordem-do-merito-especial-da-almg\/#primaryimage\"},\"thumbnailUrl\":\"https:\/\/www.federassantas.org.br\/novosite\/wp-content\/uploads\/2021\/11\/unnamed-4.jpg\",\"datePublished\":\"2021-11-23T18:21:02+00:00\",\"breadcrumb\":{\"@id\":\"https:\/\/www.federassantas.org.br\/novosite\/santa-casa-montes-claros-recebe-medalha-da-ordem-do-merito-especial-da-almg\/#breadcrumb\"},\"inLanguage\":\"pt-BR\",\"potentialAction\":[{\"@type\":\"ReadAction\",\"target\":[\"https:\/\/www.federassantas.org.br\/novosite\/santa-casa-montes-claros-recebe-medalha-da-ordem-do-merito-especial-da-almg\/\"]}]},{\"@type\":\"ImageObject\",\"inLanguage\":\"pt-BR\",\"@id\":\"https:\/\/www.federassantas.org.br\/novosite\/santa-casa-montes-claros-recebe-medalha-da-ordem-do-merito-especial-da-almg\/#primaryimage\",\"url\":\"https:\/\/www.federassantas.org.br\/novosite\/wp-content\/uploads\/2021\/11\/unnamed-4.jpg\",\"contentUrl\":\"https:\/\/www.federassantas.org.br\/novosite\/wp-content\/uploads\/2021\/11\/unnamed-4.jpg\",\"width\":768,\"height\":1024},{\"@type\":\"BreadcrumbList\",\"@id\":\"https:\/\/www.federassantas.org.br\/novosite\/santa-casa-montes-claros-recebe-medalha-da-ordem-do-merito-especial-da-almg\/#breadcrumb\",\"itemListElement\":[{\"@type\":\"ListItem\",\"position\":1,\"name\":\"In\u00edcio\",\"item\":\"https:\/\/www.federassantas.org.br\/novosite\/\"},{\"@type\":\"ListItem\",\"position\":2,\"name\":\"Santa Casa Montes Claros recebe medalha da Ordem do M\u00e9rito Especial da ALMG\"}]},{\"@type\":\"WebSite\",\"@id\":\"https:\/\/www.federassantas.org.br\/novosite\/#website\",\"url\":\"https:\/\/www.federassantas.org.br\/novosite\/\",\"name\":\"Federassantas\",\"description\":\"Fed. das Santas Casas e Hospitais Filantr\u00f3picos de MG\",\"publisher\":{\"@id\":\"https:\/\/www.federassantas.org.br\/novosite\/#organization\"},\"potentialAction\":[{\"@type\":\"SearchAction\",\"target\":{\"@type\":\"EntryPoint\",\"urlTemplate\":\"https:\/\/www.federassantas.org.br\/novosite\/?s={search_term_string}\"},\"query-input\":{\"@type\":\"PropertyValueSpecification\",\"valueRequired\":true,\"valueName\":\"search_term_string\"}}],\"inLanguage\":\"pt-BR\"},{\"@type\":\"Organization\",\"@id\":\"https:\/\/www.federassantas.org.br\/novosite\/#organization\",\"name\":\"Federassantas\",\"url\":\"https:\/\/www.federassantas.org.br\/novosite\/\",\"logo\":{\"@type\":\"ImageObject\",\"inLanguage\":\"pt-BR\",\"@id\":\"https:\/\/www.federassantas.org.br\/novosite\/#\/schema\/logo\/image\/\",\"url\":\"https:\/\/www.federassantas.org.br\/novosite\/wp-content\/uploads\/2021\/12\/logo.png\",\"contentUrl\":\"https:\/\/www.federassantas.org.br\/novosite\/wp-content\/uploads\/2021\/12\/logo.png\",\"width\":243,\"height\":59,\"caption\":\"Federassantas\"},\"image\":{\"@id\":\"https:\/\/www.federassantas.org.br\/novosite\/#\/schema\/logo\/image\/\"}},{\"@type\":\"Person\",\"@id\":\"https:\/\/www.federassantas.org.br\/novosite\/#\/schema\/person\/75fed98158349313fe56175f232f513c\",\"name\":\"admin-federas\",\"image\":{\"@type\":\"ImageObject\",\"inLanguage\":\"pt-BR\",\"@id\":\"https:\/\/www.federassantas.org.br\/novosite\/#\/schema\/person\/image\/\",\"url\":\"https:\/\/secure.gravatar.com\/avatar\/2a02d7dda59fe8dc6b7ffd3f652e2efede5ccf0dd89dfdc8137c5517f3de8407?s=96&d=mm&r=g\",\"contentUrl\":\"https:\/\/secure.gravatar.com\/avatar\/2a02d7dda59fe8dc6b7ffd3f652e2efede5ccf0dd89dfdc8137c5517f3de8407?s=96&d=mm&r=g\",\"caption\":\"admin-federas\"},\"sameAs\":[\"https:\/\/www.federassantas.org.br\/novosite\/\"],\"url\":\"https:\/\/www.federassantas.org.br\/novosite\/author\/admin-federas\/\"}]}<\/script>\n<!-- \/ Yoast SEO plugin. -->","yoast_head_json":{"title":"Santa Casa Montes Claros recebe medalha da Ordem do M\u00e9rito Especial da ALMG - Federassantas","robots":{"index":"index","follow":"follow","max-snippet":"max-snippet:-1","max-image-preview":"max-image-preview:large","max-video-preview":"max-video-preview:-1"},"canonical":"https:\/\/www.federassantas.org.br\/novosite\/santa-casa-montes-claros-recebe-medalha-da-ordem-do-merito-especial-da-almg\/","og_locale":"pt_BR","og_type":"article","og_title":"Santa Casa Montes Claros recebe medalha da Ordem do M\u00e9rito Especial da ALMG - Federassantas","og_description":"A Santa Casa de Montes Claros foi homenageada nessa segunda-feira (22\/11) com a Medalha de Ordem do M\u00e9rito Especial. O superintendente Maur\u00edcio S\u00e9rgio Sousa e Silva recebeu a comenda representando o hospital. A solenidade da Assembleia Legislativa de Minas Gerais (ALMG) foi realizada no Grande Teatro do Pal\u00e1cio das Artes, em Belo Horizonte. Al\u00e9m do [&hellip;]","og_url":"https:\/\/www.federassantas.org.br\/novosite\/santa-casa-montes-claros-recebe-medalha-da-ordem-do-merito-especial-da-almg\/","og_site_name":"Federassantas","article_published_time":"2021-11-23T18:21:02+00:00","og_image":[{"width":768,"height":1024,"url":"https:\/\/www.federassantas.org.br\/novosite\/wp-content\/uploads\/2021\/11\/unnamed-4.jpg","type":"image\/jpeg"}],"author":"admin-federas","twitter_card":"summary_large_image","twitter_misc":{"Escrito por":"admin-federas","Est. tempo de leitura":"2 minutos"},"schema":{"@context":"https:\/\/schema.org","@graph":[{"@type":"Article","@id":"https:\/\/www.federassantas.org.br\/novosite\/santa-casa-montes-claros-recebe-medalha-da-ordem-do-merito-especial-da-almg\/#article","isPartOf":{"@id":"https:\/\/www.federassantas.org.br\/novosite\/santa-casa-montes-claros-recebe-medalha-da-ordem-do-merito-especial-da-almg\/"},"author":{"name":"admin-federas","@id":"https:\/\/www.federassantas.org.br\/novosite\/#\/schema\/person\/75fed98158349313fe56175f232f513c"},"headline":"Santa Casa Montes Claros recebe medalha da Ordem do M\u00e9rito Especial da ALMG","datePublished":"2021-11-23T18:21:02+00:00","mainEntityOfPage":{"@id":"https:\/\/www.federassantas.org.br\/novosite\/santa-casa-montes-claros-recebe-medalha-da-ordem-do-merito-especial-da-almg\/"},"wordCount":396,"commentCount":0,"publisher":{"@id":"https:\/\/www.federassantas.org.br\/novosite\/#organization"},"image":{"@id":"https:\/\/www.federassantas.org.br\/novosite\/santa-casa-montes-claros-recebe-medalha-da-ordem-do-merito-especial-da-almg\/#primaryimage"},"thumbnailUrl":"https:\/\/www.federassantas.org.br\/novosite\/wp-content\/uploads\/2021\/11\/unnamed-4.jpg","articleSection":["Not\u00edcias","Not\u00edcias filiados"],"inLanguage":"pt-BR","potentialAction":[{"@type":"CommentAction","name":"Comment","target":["https:\/\/www.federassantas.org.br\/novosite\/santa-casa-montes-claros-recebe-medalha-da-ordem-do-merito-especial-da-almg\/#respond"]}]},{"@type":"WebPage","@id":"https:\/\/www.federassantas.org.br\/novosite\/santa-casa-montes-claros-recebe-medalha-da-ordem-do-merito-especial-da-almg\/","url":"https:\/\/www.federassantas.org.br\/novosite\/santa-casa-montes-claros-recebe-medalha-da-ordem-do-merito-especial-da-almg\/","name":"Santa Casa Montes Claros recebe medalha da Ordem do M\u00e9rito Especial da ALMG - Federassantas","isPartOf":{"@id":"https:\/\/www.federassantas.org.br\/novosite\/#website"},"primaryImageOfPage":{"@id":"https:\/\/www.federassantas.org.br\/novosite\/santa-casa-montes-claros-recebe-medalha-da-ordem-do-merito-especial-da-almg\/#primaryimage"},"image":{"@id":"https:\/\/www.federassantas.org.br\/novosite\/santa-casa-montes-claros-recebe-medalha-da-ordem-do-merito-especial-da-almg\/#primaryimage"},"thumbnailUrl":"https:\/\/www.federassantas.org.br\/novosite\/wp-content\/uploads\/2021\/11\/unnamed-4.jpg","datePublished":"2021-11-23T18:21:02+00:00","breadcrumb":{"@id":"https:\/\/www.federassantas.org.br\/novosite\/santa-casa-montes-claros-recebe-medalha-da-ordem-do-merito-especial-da-almg\/#breadcrumb"},"inLanguage":"pt-BR","potentialAction":[{"@type":"ReadAction","target":["https:\/\/www.federassantas.org.br\/novosite\/santa-casa-montes-claros-recebe-medalha-da-ordem-do-merito-especial-da-almg\/"]}]},{"@type":"ImageObject","inLanguage":"pt-BR","@id":"https:\/\/www.federassantas.org.br\/novosite\/santa-casa-montes-claros-recebe-medalha-da-ordem-do-merito-especial-da-almg\/#primaryimage","url":"https:\/\/www.federassantas.org.br\/novosite\/wp-content\/uploads\/2021\/11\/unnamed-4.jpg","contentUrl":"https:\/\/www.federassantas.org.br\/novosite\/wp-content\/uploads\/2021\/11\/unnamed-4.jpg","width":768,"height":1024},{"@type":"BreadcrumbList","@id":"https:\/\/www.federassantas.org.br\/novosite\/santa-casa-montes-claros-recebe-medalha-da-ordem-do-merito-especial-da-almg\/#breadcrumb","itemListElement":[{"@type":"ListItem","position":1,"name":"In\u00edcio","item":"https:\/\/www.federassantas.org.br\/novosite\/"},{"@type":"ListItem","position":2,"name":"Santa Casa Montes Claros recebe medalha da Ordem do M\u00e9rito Especial da ALMG"}]},{"@type":"WebSite","@id":"https:\/\/www.federassantas.org.br\/novosite\/#website","url":"https:\/\/www.federassantas.org.br\/novosite\/","name":"Federassantas","description":"Fed. das Santas Casas e Hospitais Filantr\u00f3picos de MG","publisher":{"@id":"https:\/\/www.federassantas.org.br\/novosite\/#organization"},"potentialAction":[{"@type":"SearchAction","target":{"@type":"EntryPoint","urlTemplate":"https:\/\/www.federassantas.org.br\/novosite\/?s={search_term_string}"},"query-input":{"@type":"PropertyValueSpecification","valueRequired":true,"valueName":"search_term_string"}}],"inLanguage":"pt-BR"},{"@type":"Organization","@id":"https:\/\/www.federassantas.org.br\/novosite\/#organization","name":"Federassantas","url":"https:\/\/www.federassantas.org.br\/novosite\/","logo":{"@type":"ImageObject","inLanguage":"pt-BR","@id":"https:\/\/www.federassantas.org.br\/novosite\/#\/schema\/logo\/image\/","url":"https:\/\/www.federassantas.org.br\/novosite\/wp-content\/uploads\/2021\/12\/logo.png","contentUrl":"https:\/\/www.federassantas.org.br\/novosite\/wp-content\/uploads\/2021\/12\/logo.png","width":243,"height":59,"caption":"Federassantas"},"image":{"@id":"https:\/\/www.federassantas.org.br\/novosite\/#\/schema\/logo\/image\/"}},{"@type":"Person","@id":"https:\/\/www.federassantas.org.br\/novosite\/#\/schema\/person\/75fed98158349313fe56175f232f513c","name":"admin-federas","image":{"@type":"ImageObject","inLanguage":"pt-BR","@id":"https:\/\/www.federassantas.org.br\/novosite\/#\/schema\/person\/image\/","url":"https:\/\/secure.gravatar.com\/avatar\/2a02d7dda59fe8dc6b7ffd3f652e2efede5ccf0dd89dfdc8137c5517f3de8407?s=96&d=mm&r=g","contentUrl":"https:\/\/secure.gravatar.com\/avatar\/2a02d7dda59fe8dc6b7ffd3f652e2efede5ccf0dd89dfdc8137c5517f3de8407?s=96&d=mm&r=g","caption":"admin-federas"},"sameAs":["https:\/\/www.federassantas.org.br\/novosite\/"],"url":"https:\/\/www.federassantas.org.br\/novosite\/author\/admin-federas\/"}]}},"_links":{"self":[{"href":"https:\/\/www.federassantas.org.br\/novosite\/wp-json\/wp\/v2\/posts\/22746","targetHints":{"allow":["GET"]}}],"collection":[{"href":"https:\/\/www.federassantas.org.br\/novosite\/wp-json\/wp\/v2\/posts"}],"about":[{"href":"https:\/\/www.federassantas.org.br\/novosite\/wp-json\/wp\/v2\/types\/post"}],"author":[{"embeddable":true,"href":"https:\/\/www.federassantas.org.br\/novosite\/wp-json\/wp\/v2\/users\/1"}],"replies":[{"embeddable":true,"href":"https:\/\/www.federassantas.org.br\/novosite\/wp-json\/wp\/v2\/comments?post=22746"}],"version-history":[{"count":0,"href":"https:\/\/www.federassantas.org.br\/novosite\/wp-json\/wp\/v2\/posts\/22746\/revisions"}],"wp:featuredmedia":[{"embeddable":true,"href":"https:\/\/www.federassantas.org.br\/novosite\/wp-json\/wp\/v2\/media\/22747"}],"wp:attachment":[{"href":"https:\/\/www.federassantas.org.br\/novosite\/wp-json\/wp\/v2\/media?parent=22746"}],"wp:term":[{"taxonomy":"category","embeddable":true,"href":"https:\/\/www.federassantas.org.br\/novosite\/wp-json\/wp\/v2\/categories?post=22746"},{"taxonomy":"post_tag","embeddable":true,"href":"https:\/\/www.federassantas.org.br\/novosite\/wp-json\/wp\/v2\/tags?post=22746"}],"curies":[{"name":"wp","href":"https:\/\/api.w.org\/{rel}","templated":true}]}}