{"id":22750,"date":"2021-11-24T12:03:04","date_gmt":"2021-11-24T15:03:04","guid":{"rendered":"https:\/\/federasbackup.meltcomunicacao.com.br\/?p=22750"},"modified":"2021-11-24T12:03:04","modified_gmt":"2021-11-24T15:03:04","slug":"minas-lanca-plano-de-enfrentamento-a-mortalidade-materna-e-infantil","status":"publish","type":"post","link":"https:\/\/www.federassantas.org.br\/novosite\/minas-lanca-plano-de-enfrentamento-a-mortalidade-materna-e-infantil\/","title":{"rendered":"Minas lan\u00e7a Plano de Enfrentamento \u00e0 Mortalidade Materna e Infantil"},"content":{"rendered":"\n<p><em>Estrat\u00e9gia define s\u00e9rie de a\u00e7\u00f5es para os pr\u00f3ximos anos nas diversas redes de aten\u00e7\u00e3o \u00e0 sa\u00fade<\/em><\/p>\n\n\n\n<p>Com o objetivo de reduzir as mortes maternas e infantis por causas evit\u00e1veis em Minas, a Secretaria de Estado de Sa\u00fade lan\u00e7ou nessa segunda-feira (22\/11) o Plano Estadual de Enfrentamento \u00e0 Mortalidade Materna e Infantil. A iniciativa re\u00fane uma s\u00e9rie de a\u00e7\u00f5es intersetoriais que ser\u00e3o implementadas ao longo dos pr\u00f3ximos dois anos e envolvem desde a rede de aten\u00e7\u00e3o prim\u00e1ria at\u00e9 a aten\u00e7\u00e3o de urg\u00eancia e emerg\u00eancia. As principais metas s\u00e3o reduzir at\u00e9 2023 a Raz\u00e3o de Mortalidade Materna (RMM) para 40 \u00f3bitos por 100 mil nascidos vivos e a Taxa de Mortalidade Infantil (TMI) para 11,11 por 1.000 nascidos vivos.<\/p>\n\n\n\n<p>Segundo o secret\u00e1rio de Estado de Sa\u00fade de Minas Gerais, F\u00e1bio Baccheretti, o plano tem o potencial de melhorar com rapidez os atuais indicadores. \u201cQuando avaliamos os n\u00fameros, percebemos como boa parte dessas mortes \u00e9 evit\u00e1vel e como o estado \u00e9 heterog\u00eaneo na forma de condu\u00e7\u00e3o da linha materno infantil. As a\u00e7\u00f5es propostas s\u00e3o uma oportunidade para trazer um nivelamento de conhecimento, de boas pr\u00e1ticas, para todo o estado\u201d, explica.<\/p>\n\n\n\n<p>Ainda segundo Baccheretti, a pandemia de Covid-19 contribuiu para a piora dos indicadores. \u201cAs gestantes se mostraram mais vulner\u00e1veis, sendo a gesta\u00e7\u00e3o um fator de risco para a doen\u00e7a, o que ocasionou um aumento da mortalidade materna. O plano \u00e9 um grande passo transformador para que consigamos evitar as mortes de m\u00e3es e crian\u00e7as no nosso estado\u201d, complementa.<\/p>\n\n\n\n<p>Na solenidade de lan\u00e7amento do Plano, na Cidade Administrativa, a promotora de Justi\u00e7a da Coordenadoria Regional das Promotorias de Justi\u00e7a de Defesa da Sa\u00fade da Macrorregi\u00e3o Sanit\u00e1ria Centro, Vanessa Campolina Rebello, lembrou que o Minist\u00e9rio P\u00fablico (MP) tamb\u00e9m acompanha a situa\u00e7\u00e3o no estado. Segundo a promotora, o MP acrescentou ao Plano Geral de Atua\u00e7\u00e3o do \u00f3rg\u00e3o o Plano de Enfrentamento \u00e0 Mortalidade Materno e Infantil, com o objetivo de controlar a aplica\u00e7\u00e3o das normativas vigentes, que v\u00e3o garantir o acesso ao pr\u00e9-natal e como porta de entrada para linha de assist\u00eancia materna.<\/p>\n\n\n\n<p>\u201cO objetivo \u00e9 fazer com que cada promotor de Justi\u00e7a, que est\u00e1 na ponta, nas comarcas, acompanhe essa pol\u00edtica p\u00fablica e cobre dos gestores para que as gestantes tenham condi\u00e7\u00f5es efetivas de fazerem o quantitativo de consultas de pr\u00e9-natal e que a primeira consulta ocorra at\u00e9 a 20\u00aa semana de gesta\u00e7\u00e3o. Que esse plano reflita, em curto prazo, na redu\u00e7\u00e3o desses n\u00fameros de mortalidade materna e infantil\u201d, refor\u00e7a Vanessa.<\/p>\n\n\n\n<p>A qualifica\u00e7\u00e3o dos profissionais de sa\u00fade tamb\u00e9m \u00e9 uma a\u00e7\u00e3o que contribui para essa redu\u00e7\u00e3o. Segundo o diretor da Escola de Medicina da Universidade Federal de Minas Gerais (UFMG), o m\u00e9dico Humberto Alvino, \u201ca faculdade tem envolvimento importante com o plano, principalmente, em devolver para a sociedade profissionais formados, qualificados e envolvidos com as quest\u00f5es sociais\u201d, complementa.<\/p>\n\n\n\n<p>O vice-presidente do Cosems-Belo Horizonte (Conselho de Secretarias Municipais de Sa\u00fade) e secret\u00e1rio municipal de Sa\u00fade de Raposos, Alexandre Ant\u00f4nio dos Anjos, apontou a import\u00e2ncia das a\u00e7\u00f5es para melhorar os indicadores de mortalidade no estado. \u201cO plano \u00e9 um importante passo que iremos dar nesse momento p\u00f3s-pandemia. Minas Gerais \u00e9 um estado plural, com 853 munic\u00edpios com realidades totalmente diferentes e, como estamos na ponta, percebemos que esses n\u00fameros aumentaram durante a pandemia. Acredito que, de forma conjunta, iremos colocar em pr\u00e1tica todas essas a\u00e7\u00f5es, para que possamos reduzir esses n\u00fameros\u201d, disse.<\/p>\n\n\n\n<p>Em complementa\u00e7\u00e3o, a diretora de comunica\u00e7\u00e3o e informa\u00e7\u00e3o dos SUS, representando a mesa diretora do Conselho Estadual de Sa\u00fade de Minas Gerais, Mar\u00edlia Aparecida Ros\u00e1rio Oliveira dos Santos, refor\u00e7ou que a redu\u00e7\u00e3o das mortes materna e infantil \u00e9 uma responsabilidade de todos. \u201cEssa quest\u00e3o \u00e9 de toda sociedade, precisamos contar com os nossos representantes, com os conselheiros, com os conselhos municipais, em todas as nossas regi\u00f5es de sa\u00fade\u201d, complementa.<\/p>\n\n\n\n<p><strong>O Plano Estadual de Enfrentamento \u00e0 Mortalidade Materna e Infantil<\/strong><\/p>\n\n\n\n<p>As a\u00e7\u00f5es previstas no plano ser\u00e3o implementadas ao longo dos pr\u00f3ximos dois anos e seguem as diretrizes governamentais e da SES-MG. \u00c9 uma pol\u00edtica sist\u00eamica e intersetorial, que envolve desde a aten\u00e7\u00e3o prim\u00e1ria, ambulatorial, chegando \u00e0 aten\u00e7\u00e3o hospitalar e urg\u00eancia e emerg\u00eancia.<\/p>\n\n\n\n<p>Para a presidente do Comit\u00ea Estadual de Preven\u00e7\u00e3o \u00e0 Mortalidade Materna, Infantil e Fetal, Regina Am\u00e9lia Lopes Pessoa de Aguiar, o plano \u00e9 resultado de uma constru\u00e7\u00e3o coletiva. \u201cEle foi constru\u00eddo ouvindo todos os seguimentos participantes e prioriza a preven\u00e7\u00e3o da gravidez n\u00e3o desejada e\/ou planejada e das complica\u00e7\u00f5es dela decorrentes, bem como o acesso universal a servi\u00e7os de qualidade na Rede de Aten\u00e7\u00e3o \u00e0 Sa\u00fade, a qualifica\u00e7\u00e3o profissional, a mobiliza\u00e7\u00e3o social e comunica\u00e7\u00e3o\u201d, finaliza.<\/p>\n\n\n\n<p><strong>Mortalidade materna e infantil<\/strong><\/p>\n\n\n\n<p>Segundo dados do Sistema de Informa\u00e7\u00e3o de Mortalidade (SIM), a Raz\u00e3o de Mortalidade Materna (RMM por 100.000 nascidos vivos), agrupada por tri\u00eanio do \u00f3bito, em Minas Gerais, foi de 36,81 (de 2011 a 2013), 41,57 (de 2014 a 2016) e 45,43 (de 2017 a 2019).<\/p>\n\n\n\n<p>J\u00e1 a taxa de Mortalidade Infantil (por 1.000 nascidos vivos), segundo o ano do \u00f3bito, foi de 10,44 em 2020 e 10,58 em 2021.<\/p>\n\n\n\n<p>Regina Am\u00e9lia destaca que a an\u00e1lise trienal \u00e9 realizada para se obter um estudo melhor de tend\u00eancia. \u201cNo relat\u00f3rio de 2019, apont\u00e1vamos para uma preocupa\u00e7\u00e3o para o aumento da mortalidade materna em nosso estado, considerando os tri\u00eanios de 2014 a 2019. Entramos em 2020 com um cen\u00e1rio um pouco melhor e, em 2021, com a pandemia, houve grandes efeitos sobre a mortalidade materna, fazendo com que os desafios desse plano sejam muito maiores para os pr\u00f3ximos dois anos\u201d, explica.<\/p>\n\n\n\n<p>Participaram tamb\u00e9m do evento de lan\u00e7amento do plano a assessora do Centro de Apoio Operacional \u00e0s Promotorias de Defesa da Sa\u00fade do Minist\u00e9rio P\u00fablico de Minas Gerais, Marcela Dam\u00e1sio, os subsecret\u00e1rios da Secretaria de Estado de Sa\u00fade de Minas Gerais, Darlan Ven\u00e2ncio (Gest\u00e3o Regional), Na\u00edla Marcela Nery Ferrari (Pol\u00edticas e A\u00e7\u00f5es de Sa\u00fade), Juliana \u00c1vila (Regula\u00e7\u00e3o do Acesso a Servi\u00e7os e Insumos de Sa\u00fade), al\u00e9m de refer\u00eancias t\u00e9cnicas das \u00e1reas envolvidas da SES-MG.<\/p>\n\n\n\n<p>Veja a seguir os objetivos do Plano Estadual de Enfrentamento \u00e0 Mortalidade Materna e Infantil:<\/p>\n\n\n\n<ul class=\"wp-block-list\"><li>Reduzir a Raz\u00e3o de Mortalidade Materna (RMM) para 40 \u00f3bitos por 100.000 Nascidos Vivos (NV) at\u00e9 2023;<\/li><li>Reduzir a Taxa de Mortalidade Infantil (TMI) para 11,11 por 1.000 NV at\u00e9 2023;<\/li><li>Qualificar a rede materno-infantil em MG;<\/li><li>Fornecer \u00e0s mulheres e aos homens acesso aos meios de anticoncep\u00e7\u00e3o ou de concep\u00e7\u00e3o segura nos servi\u00e7os de sa\u00fade, com orienta\u00e7\u00e3o aos riscos reprodutivos;<\/li><li>Viabilizar servi\u00e7os de aten\u00e7\u00e3o materno-infantil de qualidade dentro dos sistemas integrados de servi\u00e7os \u00e0 sa\u00fade;<\/li><li>Qualificar os profissionais para a aten\u00e7\u00e3o pr\u00e9-gestacional, pr\u00e9-natal, parto e puerp\u00e9rio nos estabelecimentos de sa\u00fade;<\/li><li>Qualificar os profissionais para acompanhamento do crescimento e desenvolvimento da crian\u00e7a menor de 1 ano nos estabelecimentos de sa\u00fade;<\/li><li>Promover o acompanhamento adequado ao RN de risco;<\/li><li>Promover a qualidade do cuidado e a seguran\u00e7a do paciente na assist\u00eancia materna, conforme as diretrizes do Projeto de Aprimoramento da Gest\u00e3o de Seguran\u00e7a do Paciente;<\/li><li>Fortalecer os sistemas de informa\u00e7\u00e3o e vigil\u00e2ncia da sa\u00fade materna e perinatal e as estat\u00edsticas vitais no contexto dos sistemas nacionais de informa\u00e7\u00e3o;<\/li><li>Fomentar a constru\u00e7\u00e3o de medidas emergenciais que possam ter impacto na preven\u00e7\u00e3o dos \u00f3bitos maternos e infantis por COVID-19.<\/li><\/ul>\n\n\n\n<p>Por M\u00edria C\u00e9sar &#8211; <a rel=\"noreferrer noopener\" href=\"https:\/\/www.saude.mg.gov.br\/component\/gmg\/story\/15955-minas-lanca-plano-de-enfrentamento-a-mortalidade-materna-e-infantil\" target=\"_blank\">SES-MG<\/a><br>Foto: F\u00e1bio Marchetto<\/p>\n","protected":false},"excerpt":{"rendered":"<p>Estrat\u00e9gia define s\u00e9rie de a\u00e7\u00f5es para os pr\u00f3ximos anos nas diversas redes de aten\u00e7\u00e3o \u00e0 sa\u00fade Com o objetivo de reduzir as mortes maternas e infantis por causas evit\u00e1veis em Minas, a Secretaria de Estado de Sa\u00fade lan\u00e7ou nessa segunda-feira (22\/11) o Plano Estadual de Enfrentamento \u00e0 Mortalidade Materna e Infantil. A iniciativa re\u00fane uma [&hellip;]<\/p>\n","protected":false},"author":1,"featured_media":22751,"comment_status":"open","ping_status":"open","sticky":false,"template":"","format":"standard","meta":{"footnotes":""},"categories":[140],"tags":[],"class_list":["post-22750","post","type-post","status-publish","format-standard","has-post-thumbnail","hentry","category-noticias"],"yoast_head":"<!-- This site is optimized with the Yoast SEO plugin v26.9 - https:\/\/yoast.com\/product\/yoast-seo-wordpress\/ -->\n<title>Minas lan\u00e7a Plano de Enfrentamento \u00e0 Mortalidade Materna e Infantil - Federassantas<\/title>\n<meta name=\"robots\" content=\"index, follow, max-snippet:-1, max-image-preview:large, max-video-preview:-1\" \/>\n<link rel=\"canonical\" href=\"https:\/\/www.federassantas.org.br\/novosite\/minas-lanca-plano-de-enfrentamento-a-mortalidade-materna-e-infantil\/\" \/>\n<meta property=\"og:locale\" content=\"pt_BR\" \/>\n<meta property=\"og:type\" content=\"article\" \/>\n<meta property=\"og:title\" content=\"Minas lan\u00e7a Plano de Enfrentamento \u00e0 Mortalidade Materna e Infantil - Federassantas\" \/>\n<meta property=\"og:description\" content=\"Estrat\u00e9gia define s\u00e9rie de a\u00e7\u00f5es para os pr\u00f3ximos anos nas diversas redes de aten\u00e7\u00e3o \u00e0 sa\u00fade Com o objetivo de reduzir as mortes maternas e infantis por causas evit\u00e1veis em Minas, a Secretaria de Estado de Sa\u00fade lan\u00e7ou nessa segunda-feira (22\/11) o Plano Estadual de Enfrentamento \u00e0 Mortalidade Materna e Infantil. A iniciativa re\u00fane uma [&hellip;]\" \/>\n<meta property=\"og:url\" content=\"https:\/\/www.federassantas.org.br\/novosite\/minas-lanca-plano-de-enfrentamento-a-mortalidade-materna-e-infantil\/\" \/>\n<meta property=\"og:site_name\" content=\"Federassantas\" \/>\n<meta property=\"article:published_time\" content=\"2021-11-24T15:03:04+00:00\" \/>\n<meta name=\"author\" content=\"admin-federas\" \/>\n<meta name=\"twitter:card\" content=\"summary_large_image\" \/>\n<meta name=\"twitter:label1\" content=\"Escrito por\" \/>\n\t<meta name=\"twitter:data1\" content=\"admin-federas\" \/>\n\t<meta name=\"twitter:label2\" content=\"Est. tempo de leitura\" \/>\n\t<meta name=\"twitter:data2\" content=\"7 minutos\" \/>\n<script type=\"application\/ld+json\" class=\"yoast-schema-graph\">{\"@context\":\"https:\/\/schema.org\",\"@graph\":[{\"@type\":\"Article\",\"@id\":\"https:\/\/www.federassantas.org.br\/novosite\/minas-lanca-plano-de-enfrentamento-a-mortalidade-materna-e-infantil\/#article\",\"isPartOf\":{\"@id\":\"https:\/\/www.federassantas.org.br\/novosite\/minas-lanca-plano-de-enfrentamento-a-mortalidade-materna-e-infantil\/\"},\"author\":{\"name\":\"admin-federas\",\"@id\":\"https:\/\/www.federassantas.org.br\/novosite\/#\/schema\/person\/75fed98158349313fe56175f232f513c\"},\"headline\":\"Minas lan\u00e7a Plano de Enfrentamento \u00e0 Mortalidade Materna e Infantil\",\"datePublished\":\"2021-11-24T15:03:04+00:00\",\"mainEntityOfPage\":{\"@id\":\"https:\/\/www.federassantas.org.br\/novosite\/minas-lanca-plano-de-enfrentamento-a-mortalidade-materna-e-infantil\/\"},\"wordCount\":1317,\"commentCount\":0,\"publisher\":{\"@id\":\"https:\/\/www.federassantas.org.br\/novosite\/#organization\"},\"image\":{\"@id\":\"https:\/\/www.federassantas.org.br\/novosite\/minas-lanca-plano-de-enfrentamento-a-mortalidade-materna-e-infantil\/#primaryimage\"},\"thumbnailUrl\":\"\",\"articleSection\":[\"Not\u00edcias\"],\"inLanguage\":\"pt-BR\",\"potentialAction\":[{\"@type\":\"CommentAction\",\"name\":\"Comment\",\"target\":[\"https:\/\/www.federassantas.org.br\/novosite\/minas-lanca-plano-de-enfrentamento-a-mortalidade-materna-e-infantil\/#respond\"]}]},{\"@type\":\"WebPage\",\"@id\":\"https:\/\/www.federassantas.org.br\/novosite\/minas-lanca-plano-de-enfrentamento-a-mortalidade-materna-e-infantil\/\",\"url\":\"https:\/\/www.federassantas.org.br\/novosite\/minas-lanca-plano-de-enfrentamento-a-mortalidade-materna-e-infantil\/\",\"name\":\"Minas lan\u00e7a Plano de Enfrentamento \u00e0 Mortalidade Materna e Infantil - Federassantas\",\"isPartOf\":{\"@id\":\"https:\/\/www.federassantas.org.br\/novosite\/#website\"},\"primaryImageOfPage\":{\"@id\":\"https:\/\/www.federassantas.org.br\/novosite\/minas-lanca-plano-de-enfrentamento-a-mortalidade-materna-e-infantil\/#primaryimage\"},\"image\":{\"@id\":\"https:\/\/www.federassantas.org.br\/novosite\/minas-lanca-plano-de-enfrentamento-a-mortalidade-materna-e-infantil\/#primaryimage\"},\"thumbnailUrl\":\"\",\"datePublished\":\"2021-11-24T15:03:04+00:00\",\"breadcrumb\":{\"@id\":\"https:\/\/www.federassantas.org.br\/novosite\/minas-lanca-plano-de-enfrentamento-a-mortalidade-materna-e-infantil\/#breadcrumb\"},\"inLanguage\":\"pt-BR\",\"potentialAction\":[{\"@type\":\"ReadAction\",\"target\":[\"https:\/\/www.federassantas.org.br\/novosite\/minas-lanca-plano-de-enfrentamento-a-mortalidade-materna-e-infantil\/\"]}]},{\"@type\":\"ImageObject\",\"inLanguage\":\"pt-BR\",\"@id\":\"https:\/\/www.federassantas.org.br\/novosite\/minas-lanca-plano-de-enfrentamento-a-mortalidade-materna-e-infantil\/#primaryimage\",\"url\":\"\",\"contentUrl\":\"\"},{\"@type\":\"BreadcrumbList\",\"@id\":\"https:\/\/www.federassantas.org.br\/novosite\/minas-lanca-plano-de-enfrentamento-a-mortalidade-materna-e-infantil\/#breadcrumb\",\"itemListElement\":[{\"@type\":\"ListItem\",\"position\":1,\"name\":\"In\u00edcio\",\"item\":\"https:\/\/www.federassantas.org.br\/novosite\/\"},{\"@type\":\"ListItem\",\"position\":2,\"name\":\"Minas lan\u00e7a Plano de Enfrentamento \u00e0 Mortalidade Materna e Infantil\"}]},{\"@type\":\"WebSite\",\"@id\":\"https:\/\/www.federassantas.org.br\/novosite\/#website\",\"url\":\"https:\/\/www.federassantas.org.br\/novosite\/\",\"name\":\"Federassantas\",\"description\":\"Fed. das Santas Casas e Hospitais Filantr\u00f3picos de MG\",\"publisher\":{\"@id\":\"https:\/\/www.federassantas.org.br\/novosite\/#organization\"},\"potentialAction\":[{\"@type\":\"SearchAction\",\"target\":{\"@type\":\"EntryPoint\",\"urlTemplate\":\"https:\/\/www.federassantas.org.br\/novosite\/?s={search_term_string}\"},\"query-input\":{\"@type\":\"PropertyValueSpecification\",\"valueRequired\":true,\"valueName\":\"search_term_string\"}}],\"inLanguage\":\"pt-BR\"},{\"@type\":\"Organization\",\"@id\":\"https:\/\/www.federassantas.org.br\/novosite\/#organization\",\"name\":\"Federassantas\",\"url\":\"https:\/\/www.federassantas.org.br\/novosite\/\",\"logo\":{\"@type\":\"ImageObject\",\"inLanguage\":\"pt-BR\",\"@id\":\"https:\/\/www.federassantas.org.br\/novosite\/#\/schema\/logo\/image\/\",\"url\":\"https:\/\/www.federassantas.org.br\/novosite\/wp-content\/uploads\/2021\/12\/logo.png\",\"contentUrl\":\"https:\/\/www.federassantas.org.br\/novosite\/wp-content\/uploads\/2021\/12\/logo.png\",\"width\":243,\"height\":59,\"caption\":\"Federassantas\"},\"image\":{\"@id\":\"https:\/\/www.federassantas.org.br\/novosite\/#\/schema\/logo\/image\/\"}},{\"@type\":\"Person\",\"@id\":\"https:\/\/www.federassantas.org.br\/novosite\/#\/schema\/person\/75fed98158349313fe56175f232f513c\",\"name\":\"admin-federas\",\"image\":{\"@type\":\"ImageObject\",\"inLanguage\":\"pt-BR\",\"@id\":\"https:\/\/www.federassantas.org.br\/novosite\/#\/schema\/person\/image\/\",\"url\":\"https:\/\/secure.gravatar.com\/avatar\/2a02d7dda59fe8dc6b7ffd3f652e2efede5ccf0dd89dfdc8137c5517f3de8407?s=96&d=mm&r=g\",\"contentUrl\":\"https:\/\/secure.gravatar.com\/avatar\/2a02d7dda59fe8dc6b7ffd3f652e2efede5ccf0dd89dfdc8137c5517f3de8407?s=96&d=mm&r=g\",\"caption\":\"admin-federas\"},\"sameAs\":[\"https:\/\/www.federassantas.org.br\/novosite\/\"],\"url\":\"https:\/\/www.federassantas.org.br\/novosite\/author\/admin-federas\/\"}]}<\/script>\n<!-- \/ Yoast SEO plugin. -->","yoast_head_json":{"title":"Minas lan\u00e7a Plano de Enfrentamento \u00e0 Mortalidade Materna e Infantil - Federassantas","robots":{"index":"index","follow":"follow","max-snippet":"max-snippet:-1","max-image-preview":"max-image-preview:large","max-video-preview":"max-video-preview:-1"},"canonical":"https:\/\/www.federassantas.org.br\/novosite\/minas-lanca-plano-de-enfrentamento-a-mortalidade-materna-e-infantil\/","og_locale":"pt_BR","og_type":"article","og_title":"Minas lan\u00e7a Plano de Enfrentamento \u00e0 Mortalidade Materna e Infantil - Federassantas","og_description":"Estrat\u00e9gia define s\u00e9rie de a\u00e7\u00f5es para os pr\u00f3ximos anos nas diversas redes de aten\u00e7\u00e3o \u00e0 sa\u00fade Com o objetivo de reduzir as mortes maternas e infantis por causas evit\u00e1veis em Minas, a Secretaria de Estado de Sa\u00fade lan\u00e7ou nessa segunda-feira (22\/11) o Plano Estadual de Enfrentamento \u00e0 Mortalidade Materna e Infantil. A iniciativa re\u00fane uma [&hellip;]","og_url":"https:\/\/www.federassantas.org.br\/novosite\/minas-lanca-plano-de-enfrentamento-a-mortalidade-materna-e-infantil\/","og_site_name":"Federassantas","article_published_time":"2021-11-24T15:03:04+00:00","author":"admin-federas","twitter_card":"summary_large_image","twitter_misc":{"Escrito por":"admin-federas","Est. tempo de leitura":"7 minutos"},"schema":{"@context":"https:\/\/schema.org","@graph":[{"@type":"Article","@id":"https:\/\/www.federassantas.org.br\/novosite\/minas-lanca-plano-de-enfrentamento-a-mortalidade-materna-e-infantil\/#article","isPartOf":{"@id":"https:\/\/www.federassantas.org.br\/novosite\/minas-lanca-plano-de-enfrentamento-a-mortalidade-materna-e-infantil\/"},"author":{"name":"admin-federas","@id":"https:\/\/www.federassantas.org.br\/novosite\/#\/schema\/person\/75fed98158349313fe56175f232f513c"},"headline":"Minas lan\u00e7a Plano de Enfrentamento \u00e0 Mortalidade Materna e Infantil","datePublished":"2021-11-24T15:03:04+00:00","mainEntityOfPage":{"@id":"https:\/\/www.federassantas.org.br\/novosite\/minas-lanca-plano-de-enfrentamento-a-mortalidade-materna-e-infantil\/"},"wordCount":1317,"commentCount":0,"publisher":{"@id":"https:\/\/www.federassantas.org.br\/novosite\/#organization"},"image":{"@id":"https:\/\/www.federassantas.org.br\/novosite\/minas-lanca-plano-de-enfrentamento-a-mortalidade-materna-e-infantil\/#primaryimage"},"thumbnailUrl":"","articleSection":["Not\u00edcias"],"inLanguage":"pt-BR","potentialAction":[{"@type":"CommentAction","name":"Comment","target":["https:\/\/www.federassantas.org.br\/novosite\/minas-lanca-plano-de-enfrentamento-a-mortalidade-materna-e-infantil\/#respond"]}]},{"@type":"WebPage","@id":"https:\/\/www.federassantas.org.br\/novosite\/minas-lanca-plano-de-enfrentamento-a-mortalidade-materna-e-infantil\/","url":"https:\/\/www.federassantas.org.br\/novosite\/minas-lanca-plano-de-enfrentamento-a-mortalidade-materna-e-infantil\/","name":"Minas lan\u00e7a Plano de Enfrentamento \u00e0 Mortalidade Materna e Infantil - Federassantas","isPartOf":{"@id":"https:\/\/www.federassantas.org.br\/novosite\/#website"},"primaryImageOfPage":{"@id":"https:\/\/www.federassantas.org.br\/novosite\/minas-lanca-plano-de-enfrentamento-a-mortalidade-materna-e-infantil\/#primaryimage"},"image":{"@id":"https:\/\/www.federassantas.org.br\/novosite\/minas-lanca-plano-de-enfrentamento-a-mortalidade-materna-e-infantil\/#primaryimage"},"thumbnailUrl":"","datePublished":"2021-11-24T15:03:04+00:00","breadcrumb":{"@id":"https:\/\/www.federassantas.org.br\/novosite\/minas-lanca-plano-de-enfrentamento-a-mortalidade-materna-e-infantil\/#breadcrumb"},"inLanguage":"pt-BR","potentialAction":[{"@type":"ReadAction","target":["https:\/\/www.federassantas.org.br\/novosite\/minas-lanca-plano-de-enfrentamento-a-mortalidade-materna-e-infantil\/"]}]},{"@type":"ImageObject","inLanguage":"pt-BR","@id":"https:\/\/www.federassantas.org.br\/novosite\/minas-lanca-plano-de-enfrentamento-a-mortalidade-materna-e-infantil\/#primaryimage","url":"","contentUrl":""},{"@type":"BreadcrumbList","@id":"https:\/\/www.federassantas.org.br\/novosite\/minas-lanca-plano-de-enfrentamento-a-mortalidade-materna-e-infantil\/#breadcrumb","itemListElement":[{"@type":"ListItem","position":1,"name":"In\u00edcio","item":"https:\/\/www.federassantas.org.br\/novosite\/"},{"@type":"ListItem","position":2,"name":"Minas lan\u00e7a Plano de Enfrentamento \u00e0 Mortalidade Materna e Infantil"}]},{"@type":"WebSite","@id":"https:\/\/www.federassantas.org.br\/novosite\/#website","url":"https:\/\/www.federassantas.org.br\/novosite\/","name":"Federassantas","description":"Fed. das Santas Casas e Hospitais Filantr\u00f3picos de MG","publisher":{"@id":"https:\/\/www.federassantas.org.br\/novosite\/#organization"},"potentialAction":[{"@type":"SearchAction","target":{"@type":"EntryPoint","urlTemplate":"https:\/\/www.federassantas.org.br\/novosite\/?s={search_term_string}"},"query-input":{"@type":"PropertyValueSpecification","valueRequired":true,"valueName":"search_term_string"}}],"inLanguage":"pt-BR"},{"@type":"Organization","@id":"https:\/\/www.federassantas.org.br\/novosite\/#organization","name":"Federassantas","url":"https:\/\/www.federassantas.org.br\/novosite\/","logo":{"@type":"ImageObject","inLanguage":"pt-BR","@id":"https:\/\/www.federassantas.org.br\/novosite\/#\/schema\/logo\/image\/","url":"https:\/\/www.federassantas.org.br\/novosite\/wp-content\/uploads\/2021\/12\/logo.png","contentUrl":"https:\/\/www.federassantas.org.br\/novosite\/wp-content\/uploads\/2021\/12\/logo.png","width":243,"height":59,"caption":"Federassantas"},"image":{"@id":"https:\/\/www.federassantas.org.br\/novosite\/#\/schema\/logo\/image\/"}},{"@type":"Person","@id":"https:\/\/www.federassantas.org.br\/novosite\/#\/schema\/person\/75fed98158349313fe56175f232f513c","name":"admin-federas","image":{"@type":"ImageObject","inLanguage":"pt-BR","@id":"https:\/\/www.federassantas.org.br\/novosite\/#\/schema\/person\/image\/","url":"https:\/\/secure.gravatar.com\/avatar\/2a02d7dda59fe8dc6b7ffd3f652e2efede5ccf0dd89dfdc8137c5517f3de8407?s=96&d=mm&r=g","contentUrl":"https:\/\/secure.gravatar.com\/avatar\/2a02d7dda59fe8dc6b7ffd3f652e2efede5ccf0dd89dfdc8137c5517f3de8407?s=96&d=mm&r=g","caption":"admin-federas"},"sameAs":["https:\/\/www.federassantas.org.br\/novosite\/"],"url":"https:\/\/www.federassantas.org.br\/novosite\/author\/admin-federas\/"}]}},"_links":{"self":[{"href":"https:\/\/www.federassantas.org.br\/novosite\/wp-json\/wp\/v2\/posts\/22750","targetHints":{"allow":["GET"]}}],"collection":[{"href":"https:\/\/www.federassantas.org.br\/novosite\/wp-json\/wp\/v2\/posts"}],"about":[{"href":"https:\/\/www.federassantas.org.br\/novosite\/wp-json\/wp\/v2\/types\/post"}],"author":[{"embeddable":true,"href":"https:\/\/www.federassantas.org.br\/novosite\/wp-json\/wp\/v2\/users\/1"}],"replies":[{"embeddable":true,"href":"https:\/\/www.federassantas.org.br\/novosite\/wp-json\/wp\/v2\/comments?post=22750"}],"version-history":[{"count":0,"href":"https:\/\/www.federassantas.org.br\/novosite\/wp-json\/wp\/v2\/posts\/22750\/revisions"}],"wp:featuredmedia":[{"embeddable":true,"href":"https:\/\/www.federassantas.org.br\/novosite\/wp-json\/"}],"wp:attachment":[{"href":"https:\/\/www.federassantas.org.br\/novosite\/wp-json\/wp\/v2\/media?parent=22750"}],"wp:term":[{"taxonomy":"category","embeddable":true,"href":"https:\/\/www.federassantas.org.br\/novosite\/wp-json\/wp\/v2\/categories?post=22750"},{"taxonomy":"post_tag","embeddable":true,"href":"https:\/\/www.federassantas.org.br\/novosite\/wp-json\/wp\/v2\/tags?post=22750"}],"curies":[{"name":"wp","href":"https:\/\/api.w.org\/{rel}","templated":true}]}}