{"id":22753,"date":"2021-11-24T12:07:22","date_gmt":"2021-11-24T15:07:22","guid":{"rendered":"https:\/\/federasbackup.meltcomunicacao.com.br\/?p=22753"},"modified":"2021-11-24T12:07:22","modified_gmt":"2021-11-24T15:07:22","slug":"secretario-de-saude-de-minas-descarta-fim-do-uso-de-mascara-em-locais-abertos-por-agora","status":"publish","type":"post","link":"https:\/\/www.federassantas.org.br\/novosite\/secretario-de-saude-de-minas-descarta-fim-do-uso-de-mascara-em-locais-abertos-por-agora\/","title":{"rendered":"Secret\u00e1rio de Sa\u00fade de Minas descarta fim do uso de m\u00e1scara em locais abertos por agora"},"content":{"rendered":"\n<p>Com 62% da popula\u00e7\u00e3o vacinada com as duas doses contra a Covid-19, perto dos 70% preconizados pelas autoridades de sa\u00fade como ideal para maior flexibiliza\u00e7\u00e3o das medidas sanit\u00e1rias, o Estado n\u00e3o deve desobrigar o uso da m\u00e1scara de prote\u00e7\u00e3o em locais abertos por agora. Secret\u00e1rio de Sa\u00fade de Minas, F\u00e1bio Baccheretti, os olhares est\u00e3o atentos para a situa\u00e7\u00e3o atual em outros pa\u00edses. \u201cEstamos bastante conservadores no tema e observando o que aconteceu na Europa onde houve a desobriga\u00e7\u00e3o\u201d, disse ele em entrevista \u00e0 Rede Globo nessa segunda-feira (22). <\/p>\n\n\n\n<p>Mesmo com ampla cobertura vacinal, Europa e \u00c1sia Central enfrentam nova alta de casos e mortes por Covid-19. Na \u00faltima semana de outubro, os dois continentes foram respons\u00e1veis por 48% dos \u00f3bitos e 59% dos novos casos registrados em todo o mundo.<\/p>\n\n\n\n<p>Ainda conforme F\u00e1bio Baccheretti, um grupo t\u00e9cnico est\u00e1 discutindo a quest\u00e3o h\u00e1 mais de duas semanas. \u201cEstamos trabalhando para que consigamos dar um passo de cada vez e n\u00e3o dar dois para tr\u00e1s igual a Europa est\u00e1 fazendo\u201d, informou. A pasta analisa dois crit\u00e9rios para a desobriga\u00e7\u00e3o do uso de m\u00e1scaras: cobertura vacinal e circula\u00e7\u00e3o do v\u00edrus.<\/p>\n\n\n\n<p><strong>Fiocruz<\/strong><\/p>\n\n\n\n<p>Na semana passada,\u00a0<a rel=\"noreferrer noopener\" href=\"http:\/\/www.hojeemdia.com.br\/primeiro-plano\/brasil\/fiocruz-refor%C3%A7a-alerta-sobre-situa%C3%A7%C3%A3o-da-covid-19-na-europa-1.863394\" target=\"_blank\">pesquisadores da\u00a0 Funda\u00e7\u00e3o Oswaldo Cruz (Fiocruz)\u00a0destacaram o crescimento do n\u00famero de casos, interna\u00e7\u00f5es e mortes<\/a>\u00a0inclusive em pa\u00edses europeus com \u00edndices de vacina\u00e7\u00e3o superiores aos do Brasil. A institui\u00e7\u00e3o v\u00ea com preocupa\u00e7\u00e3o a desobriga\u00e7\u00e3o das\u00a0m\u00e1scaras e o afrouxamento das\u00a0medidas restritivas no pa\u00eds. Para a funda\u00e7\u00e3o, o \u00edndice de 70% da popula\u00e7\u00e3o adulta vacinada, recentemente alcan\u00e7ado, n\u00e3o seria suficiente para a flexibiliza\u00e7\u00e3o. \u201cDefinitivamente, a vacina\u00e7\u00e3o, descolada de outras recomenda\u00e7\u00f5es n\u00e3o farmacol\u00f3gicas, n\u00e3o ser\u00e1 suficiente para determinar o fim da pandemia&#8221;, afirmaram os pesquisadores.<\/p>\n\n\n\n<p><\/p>\n\n\n\n<p>Fonte: <a href=\"https:\/\/www.hojeemdia.com.br\/horizontes\/sa%C3%BAde\/secret%C3%A1rio-de-sa%C3%BAde-de-minas-descarta-fim-do-uso-de-m%C3%A1scara-em-locais-abertos-por-agora-1.863998\" target=\"_blank\" rel=\"noreferrer noopener\">Hoje em dia<\/a><\/p>\n","protected":false},"excerpt":{"rendered":"<p>Com 62% da popula\u00e7\u00e3o vacinada com as duas doses contra a Covid-19, perto dos 70% preconizados pelas autoridades de sa\u00fade como ideal para maior flexibiliza\u00e7\u00e3o das medidas sanit\u00e1rias, o Estado n\u00e3o deve desobrigar o uso da m\u00e1scara de prote\u00e7\u00e3o em locais abertos por agora. Secret\u00e1rio de Sa\u00fade de Minas, F\u00e1bio Baccheretti, os olhares est\u00e3o atentos [&hellip;]<\/p>\n","protected":false},"author":1,"featured_media":24842,"comment_status":"open","ping_status":"open","sticky":false,"template":"","format":"standard","meta":{"footnotes":""},"categories":[140,143],"tags":[],"class_list":["post-22753","post","type-post","status-publish","format-standard","has-post-thumbnail","hentry","category-noticias","category-noticias-publicas"],"yoast_head":"<!-- This site is optimized with the Yoast SEO plugin v26.9 - https:\/\/yoast.com\/product\/yoast-seo-wordpress\/ -->\n<title>Secret\u00e1rio de Sa\u00fade de Minas descarta fim do uso de m\u00e1scara em locais abertos por agora - Federassantas<\/title>\n<meta name=\"robots\" content=\"index, follow, max-snippet:-1, max-image-preview:large, max-video-preview:-1\" \/>\n<link rel=\"canonical\" href=\"https:\/\/www.federassantas.org.br\/novosite\/secretario-de-saude-de-minas-descarta-fim-do-uso-de-mascara-em-locais-abertos-por-agora\/\" \/>\n<meta property=\"og:locale\" content=\"pt_BR\" \/>\n<meta property=\"og:type\" content=\"article\" \/>\n<meta property=\"og:title\" content=\"Secret\u00e1rio de Sa\u00fade de Minas descarta fim do uso de m\u00e1scara em locais abertos por agora - Federassantas\" \/>\n<meta property=\"og:description\" content=\"Com 62% da popula\u00e7\u00e3o vacinada com as duas doses contra a Covid-19, perto dos 70% preconizados pelas autoridades de sa\u00fade como ideal para maior flexibiliza\u00e7\u00e3o das medidas sanit\u00e1rias, o Estado n\u00e3o deve desobrigar o uso da m\u00e1scara de prote\u00e7\u00e3o em locais abertos por agora. Secret\u00e1rio de Sa\u00fade de Minas, F\u00e1bio Baccheretti, os olhares est\u00e3o atentos [&hellip;]\" \/>\n<meta property=\"og:url\" content=\"https:\/\/www.federassantas.org.br\/novosite\/secretario-de-saude-de-minas-descarta-fim-do-uso-de-mascara-em-locais-abertos-por-agora\/\" \/>\n<meta property=\"og:site_name\" content=\"Federassantas\" \/>\n<meta property=\"article:published_time\" content=\"2021-11-24T15:07:22+00:00\" \/>\n<meta property=\"og:image\" content=\"https:\/\/www.federassantas.org.br\/novosite\/wp-content\/uploads\/2022\/09\/thumbnail-default.jpg\" \/>\n\t<meta property=\"og:image:width\" content=\"622\" \/>\n\t<meta property=\"og:image:height\" content=\"415\" \/>\n\t<meta property=\"og:image:type\" content=\"image\/jpeg\" \/>\n<meta name=\"author\" content=\"admin-federas\" \/>\n<meta name=\"twitter:card\" content=\"summary_large_image\" \/>\n<meta name=\"twitter:label1\" content=\"Escrito por\" \/>\n\t<meta name=\"twitter:data1\" content=\"admin-federas\" \/>\n\t<meta name=\"twitter:label2\" content=\"Est. tempo de leitura\" \/>\n\t<meta name=\"twitter:data2\" content=\"2 minutos\" \/>\n<script type=\"application\/ld+json\" class=\"yoast-schema-graph\">{\"@context\":\"https:\/\/schema.org\",\"@graph\":[{\"@type\":\"Article\",\"@id\":\"https:\/\/www.federassantas.org.br\/novosite\/secretario-de-saude-de-minas-descarta-fim-do-uso-de-mascara-em-locais-abertos-por-agora\/#article\",\"isPartOf\":{\"@id\":\"https:\/\/www.federassantas.org.br\/novosite\/secretario-de-saude-de-minas-descarta-fim-do-uso-de-mascara-em-locais-abertos-por-agora\/\"},\"author\":{\"name\":\"admin-federas\",\"@id\":\"https:\/\/www.federassantas.org.br\/novosite\/#\/schema\/person\/75fed98158349313fe56175f232f513c\"},\"headline\":\"Secret\u00e1rio de Sa\u00fade de Minas descarta fim do uso de m\u00e1scara em locais abertos por agora\",\"datePublished\":\"2021-11-24T15:07:22+00:00\",\"mainEntityOfPage\":{\"@id\":\"https:\/\/www.federassantas.org.br\/novosite\/secretario-de-saude-de-minas-descarta-fim-do-uso-de-mascara-em-locais-abertos-por-agora\/\"},\"wordCount\":337,\"commentCount\":0,\"publisher\":{\"@id\":\"https:\/\/www.federassantas.org.br\/novosite\/#organization\"},\"image\":{\"@id\":\"https:\/\/www.federassantas.org.br\/novosite\/secretario-de-saude-de-minas-descarta-fim-do-uso-de-mascara-em-locais-abertos-por-agora\/#primaryimage\"},\"thumbnailUrl\":\"\",\"articleSection\":[\"Not\u00edcias\",\"Not\u00edcias P\u00fablicas\"],\"inLanguage\":\"pt-BR\",\"potentialAction\":[{\"@type\":\"CommentAction\",\"name\":\"Comment\",\"target\":[\"https:\/\/www.federassantas.org.br\/novosite\/secretario-de-saude-de-minas-descarta-fim-do-uso-de-mascara-em-locais-abertos-por-agora\/#respond\"]}]},{\"@type\":\"WebPage\",\"@id\":\"https:\/\/www.federassantas.org.br\/novosite\/secretario-de-saude-de-minas-descarta-fim-do-uso-de-mascara-em-locais-abertos-por-agora\/\",\"url\":\"https:\/\/www.federassantas.org.br\/novosite\/secretario-de-saude-de-minas-descarta-fim-do-uso-de-mascara-em-locais-abertos-por-agora\/\",\"name\":\"Secret\u00e1rio de Sa\u00fade de Minas descarta fim do uso de m\u00e1scara em locais abertos por agora - Federassantas\",\"isPartOf\":{\"@id\":\"https:\/\/www.federassantas.org.br\/novosite\/#website\"},\"primaryImageOfPage\":{\"@id\":\"https:\/\/www.federassantas.org.br\/novosite\/secretario-de-saude-de-minas-descarta-fim-do-uso-de-mascara-em-locais-abertos-por-agora\/#primaryimage\"},\"image\":{\"@id\":\"https:\/\/www.federassantas.org.br\/novosite\/secretario-de-saude-de-minas-descarta-fim-do-uso-de-mascara-em-locais-abertos-por-agora\/#primaryimage\"},\"thumbnailUrl\":\"\",\"datePublished\":\"2021-11-24T15:07:22+00:00\",\"breadcrumb\":{\"@id\":\"https:\/\/www.federassantas.org.br\/novosite\/secretario-de-saude-de-minas-descarta-fim-do-uso-de-mascara-em-locais-abertos-por-agora\/#breadcrumb\"},\"inLanguage\":\"pt-BR\",\"potentialAction\":[{\"@type\":\"ReadAction\",\"target\":[\"https:\/\/www.federassantas.org.br\/novosite\/secretario-de-saude-de-minas-descarta-fim-do-uso-de-mascara-em-locais-abertos-por-agora\/\"]}]},{\"@type\":\"ImageObject\",\"inLanguage\":\"pt-BR\",\"@id\":\"https:\/\/www.federassantas.org.br\/novosite\/secretario-de-saude-de-minas-descarta-fim-do-uso-de-mascara-em-locais-abertos-por-agora\/#primaryimage\",\"url\":\"\",\"contentUrl\":\"\"},{\"@type\":\"BreadcrumbList\",\"@id\":\"https:\/\/www.federassantas.org.br\/novosite\/secretario-de-saude-de-minas-descarta-fim-do-uso-de-mascara-em-locais-abertos-por-agora\/#breadcrumb\",\"itemListElement\":[{\"@type\":\"ListItem\",\"position\":1,\"name\":\"In\u00edcio\",\"item\":\"https:\/\/www.federassantas.org.br\/novosite\/\"},{\"@type\":\"ListItem\",\"position\":2,\"name\":\"Secret\u00e1rio de Sa\u00fade de Minas descarta fim do uso de m\u00e1scara em locais abertos por agora\"}]},{\"@type\":\"WebSite\",\"@id\":\"https:\/\/www.federassantas.org.br\/novosite\/#website\",\"url\":\"https:\/\/www.federassantas.org.br\/novosite\/\",\"name\":\"Federassantas\",\"description\":\"Fed. das Santas Casas e Hospitais Filantr\u00f3picos de MG\",\"publisher\":{\"@id\":\"https:\/\/www.federassantas.org.br\/novosite\/#organization\"},\"potentialAction\":[{\"@type\":\"SearchAction\",\"target\":{\"@type\":\"EntryPoint\",\"urlTemplate\":\"https:\/\/www.federassantas.org.br\/novosite\/?s={search_term_string}\"},\"query-input\":{\"@type\":\"PropertyValueSpecification\",\"valueRequired\":true,\"valueName\":\"search_term_string\"}}],\"inLanguage\":\"pt-BR\"},{\"@type\":\"Organization\",\"@id\":\"https:\/\/www.federassantas.org.br\/novosite\/#organization\",\"name\":\"Federassantas\",\"url\":\"https:\/\/www.federassantas.org.br\/novosite\/\",\"logo\":{\"@type\":\"ImageObject\",\"inLanguage\":\"pt-BR\",\"@id\":\"https:\/\/www.federassantas.org.br\/novosite\/#\/schema\/logo\/image\/\",\"url\":\"https:\/\/www.federassantas.org.br\/novosite\/wp-content\/uploads\/2021\/12\/logo.png\",\"contentUrl\":\"https:\/\/www.federassantas.org.br\/novosite\/wp-content\/uploads\/2021\/12\/logo.png\",\"width\":243,\"height\":59,\"caption\":\"Federassantas\"},\"image\":{\"@id\":\"https:\/\/www.federassantas.org.br\/novosite\/#\/schema\/logo\/image\/\"}},{\"@type\":\"Person\",\"@id\":\"https:\/\/www.federassantas.org.br\/novosite\/#\/schema\/person\/75fed98158349313fe56175f232f513c\",\"name\":\"admin-federas\",\"image\":{\"@type\":\"ImageObject\",\"inLanguage\":\"pt-BR\",\"@id\":\"https:\/\/www.federassantas.org.br\/novosite\/#\/schema\/person\/image\/\",\"url\":\"https:\/\/secure.gravatar.com\/avatar\/2a02d7dda59fe8dc6b7ffd3f652e2efede5ccf0dd89dfdc8137c5517f3de8407?s=96&d=mm&r=g\",\"contentUrl\":\"https:\/\/secure.gravatar.com\/avatar\/2a02d7dda59fe8dc6b7ffd3f652e2efede5ccf0dd89dfdc8137c5517f3de8407?s=96&d=mm&r=g\",\"caption\":\"admin-federas\"},\"sameAs\":[\"https:\/\/www.federassantas.org.br\/novosite\/\"],\"url\":\"https:\/\/www.federassantas.org.br\/novosite\/author\/admin-federas\/\"}]}<\/script>\n<!-- \/ Yoast SEO plugin. -->","yoast_head_json":{"title":"Secret\u00e1rio de Sa\u00fade de Minas descarta fim do uso de m\u00e1scara em locais abertos por agora - Federassantas","robots":{"index":"index","follow":"follow","max-snippet":"max-snippet:-1","max-image-preview":"max-image-preview:large","max-video-preview":"max-video-preview:-1"},"canonical":"https:\/\/www.federassantas.org.br\/novosite\/secretario-de-saude-de-minas-descarta-fim-do-uso-de-mascara-em-locais-abertos-por-agora\/","og_locale":"pt_BR","og_type":"article","og_title":"Secret\u00e1rio de Sa\u00fade de Minas descarta fim do uso de m\u00e1scara em locais abertos por agora - Federassantas","og_description":"Com 62% da popula\u00e7\u00e3o vacinada com as duas doses contra a Covid-19, perto dos 70% preconizados pelas autoridades de sa\u00fade como ideal para maior flexibiliza\u00e7\u00e3o das medidas sanit\u00e1rias, o Estado n\u00e3o deve desobrigar o uso da m\u00e1scara de prote\u00e7\u00e3o em locais abertos por agora. Secret\u00e1rio de Sa\u00fade de Minas, F\u00e1bio Baccheretti, os olhares est\u00e3o atentos [&hellip;]","og_url":"https:\/\/www.federassantas.org.br\/novosite\/secretario-de-saude-de-minas-descarta-fim-do-uso-de-mascara-em-locais-abertos-por-agora\/","og_site_name":"Federassantas","article_published_time":"2021-11-24T15:07:22+00:00","og_image":[{"width":622,"height":415,"url":"https:\/\/www.federassantas.org.br\/novosite\/wp-content\/uploads\/2022\/09\/thumbnail-default.jpg","type":"image\/jpeg"}],"author":"admin-federas","twitter_card":"summary_large_image","twitter_misc":{"Escrito por":"admin-federas","Est. tempo de leitura":"2 minutos"},"schema":{"@context":"https:\/\/schema.org","@graph":[{"@type":"Article","@id":"https:\/\/www.federassantas.org.br\/novosite\/secretario-de-saude-de-minas-descarta-fim-do-uso-de-mascara-em-locais-abertos-por-agora\/#article","isPartOf":{"@id":"https:\/\/www.federassantas.org.br\/novosite\/secretario-de-saude-de-minas-descarta-fim-do-uso-de-mascara-em-locais-abertos-por-agora\/"},"author":{"name":"admin-federas","@id":"https:\/\/www.federassantas.org.br\/novosite\/#\/schema\/person\/75fed98158349313fe56175f232f513c"},"headline":"Secret\u00e1rio de Sa\u00fade de Minas descarta fim do uso de m\u00e1scara em locais abertos por agora","datePublished":"2021-11-24T15:07:22+00:00","mainEntityOfPage":{"@id":"https:\/\/www.federassantas.org.br\/novosite\/secretario-de-saude-de-minas-descarta-fim-do-uso-de-mascara-em-locais-abertos-por-agora\/"},"wordCount":337,"commentCount":0,"publisher":{"@id":"https:\/\/www.federassantas.org.br\/novosite\/#organization"},"image":{"@id":"https:\/\/www.federassantas.org.br\/novosite\/secretario-de-saude-de-minas-descarta-fim-do-uso-de-mascara-em-locais-abertos-por-agora\/#primaryimage"},"thumbnailUrl":"","articleSection":["Not\u00edcias","Not\u00edcias P\u00fablicas"],"inLanguage":"pt-BR","potentialAction":[{"@type":"CommentAction","name":"Comment","target":["https:\/\/www.federassantas.org.br\/novosite\/secretario-de-saude-de-minas-descarta-fim-do-uso-de-mascara-em-locais-abertos-por-agora\/#respond"]}]},{"@type":"WebPage","@id":"https:\/\/www.federassantas.org.br\/novosite\/secretario-de-saude-de-minas-descarta-fim-do-uso-de-mascara-em-locais-abertos-por-agora\/","url":"https:\/\/www.federassantas.org.br\/novosite\/secretario-de-saude-de-minas-descarta-fim-do-uso-de-mascara-em-locais-abertos-por-agora\/","name":"Secret\u00e1rio de Sa\u00fade de Minas descarta fim do uso de m\u00e1scara em locais abertos por agora - Federassantas","isPartOf":{"@id":"https:\/\/www.federassantas.org.br\/novosite\/#website"},"primaryImageOfPage":{"@id":"https:\/\/www.federassantas.org.br\/novosite\/secretario-de-saude-de-minas-descarta-fim-do-uso-de-mascara-em-locais-abertos-por-agora\/#primaryimage"},"image":{"@id":"https:\/\/www.federassantas.org.br\/novosite\/secretario-de-saude-de-minas-descarta-fim-do-uso-de-mascara-em-locais-abertos-por-agora\/#primaryimage"},"thumbnailUrl":"","datePublished":"2021-11-24T15:07:22+00:00","breadcrumb":{"@id":"https:\/\/www.federassantas.org.br\/novosite\/secretario-de-saude-de-minas-descarta-fim-do-uso-de-mascara-em-locais-abertos-por-agora\/#breadcrumb"},"inLanguage":"pt-BR","potentialAction":[{"@type":"ReadAction","target":["https:\/\/www.federassantas.org.br\/novosite\/secretario-de-saude-de-minas-descarta-fim-do-uso-de-mascara-em-locais-abertos-por-agora\/"]}]},{"@type":"ImageObject","inLanguage":"pt-BR","@id":"https:\/\/www.federassantas.org.br\/novosite\/secretario-de-saude-de-minas-descarta-fim-do-uso-de-mascara-em-locais-abertos-por-agora\/#primaryimage","url":"","contentUrl":""},{"@type":"BreadcrumbList","@id":"https:\/\/www.federassantas.org.br\/novosite\/secretario-de-saude-de-minas-descarta-fim-do-uso-de-mascara-em-locais-abertos-por-agora\/#breadcrumb","itemListElement":[{"@type":"ListItem","position":1,"name":"In\u00edcio","item":"https:\/\/www.federassantas.org.br\/novosite\/"},{"@type":"ListItem","position":2,"name":"Secret\u00e1rio de Sa\u00fade de Minas descarta fim do uso de m\u00e1scara em locais abertos por agora"}]},{"@type":"WebSite","@id":"https:\/\/www.federassantas.org.br\/novosite\/#website","url":"https:\/\/www.federassantas.org.br\/novosite\/","name":"Federassantas","description":"Fed. das Santas Casas e Hospitais Filantr\u00f3picos de MG","publisher":{"@id":"https:\/\/www.federassantas.org.br\/novosite\/#organization"},"potentialAction":[{"@type":"SearchAction","target":{"@type":"EntryPoint","urlTemplate":"https:\/\/www.federassantas.org.br\/novosite\/?s={search_term_string}"},"query-input":{"@type":"PropertyValueSpecification","valueRequired":true,"valueName":"search_term_string"}}],"inLanguage":"pt-BR"},{"@type":"Organization","@id":"https:\/\/www.federassantas.org.br\/novosite\/#organization","name":"Federassantas","url":"https:\/\/www.federassantas.org.br\/novosite\/","logo":{"@type":"ImageObject","inLanguage":"pt-BR","@id":"https:\/\/www.federassantas.org.br\/novosite\/#\/schema\/logo\/image\/","url":"https:\/\/www.federassantas.org.br\/novosite\/wp-content\/uploads\/2021\/12\/logo.png","contentUrl":"https:\/\/www.federassantas.org.br\/novosite\/wp-content\/uploads\/2021\/12\/logo.png","width":243,"height":59,"caption":"Federassantas"},"image":{"@id":"https:\/\/www.federassantas.org.br\/novosite\/#\/schema\/logo\/image\/"}},{"@type":"Person","@id":"https:\/\/www.federassantas.org.br\/novosite\/#\/schema\/person\/75fed98158349313fe56175f232f513c","name":"admin-federas","image":{"@type":"ImageObject","inLanguage":"pt-BR","@id":"https:\/\/www.federassantas.org.br\/novosite\/#\/schema\/person\/image\/","url":"https:\/\/secure.gravatar.com\/avatar\/2a02d7dda59fe8dc6b7ffd3f652e2efede5ccf0dd89dfdc8137c5517f3de8407?s=96&d=mm&r=g","contentUrl":"https:\/\/secure.gravatar.com\/avatar\/2a02d7dda59fe8dc6b7ffd3f652e2efede5ccf0dd89dfdc8137c5517f3de8407?s=96&d=mm&r=g","caption":"admin-federas"},"sameAs":["https:\/\/www.federassantas.org.br\/novosite\/"],"url":"https:\/\/www.federassantas.org.br\/novosite\/author\/admin-federas\/"}]}},"_links":{"self":[{"href":"https:\/\/www.federassantas.org.br\/novosite\/wp-json\/wp\/v2\/posts\/22753","targetHints":{"allow":["GET"]}}],"collection":[{"href":"https:\/\/www.federassantas.org.br\/novosite\/wp-json\/wp\/v2\/posts"}],"about":[{"href":"https:\/\/www.federassantas.org.br\/novosite\/wp-json\/wp\/v2\/types\/post"}],"author":[{"embeddable":true,"href":"https:\/\/www.federassantas.org.br\/novosite\/wp-json\/wp\/v2\/users\/1"}],"replies":[{"embeddable":true,"href":"https:\/\/www.federassantas.org.br\/novosite\/wp-json\/wp\/v2\/comments?post=22753"}],"version-history":[{"count":0,"href":"https:\/\/www.federassantas.org.br\/novosite\/wp-json\/wp\/v2\/posts\/22753\/revisions"}],"wp:featuredmedia":[{"embeddable":true,"href":"https:\/\/www.federassantas.org.br\/novosite\/wp-json\/"}],"wp:attachment":[{"href":"https:\/\/www.federassantas.org.br\/novosite\/wp-json\/wp\/v2\/media?parent=22753"}],"wp:term":[{"taxonomy":"category","embeddable":true,"href":"https:\/\/www.federassantas.org.br\/novosite\/wp-json\/wp\/v2\/categories?post=22753"},{"taxonomy":"post_tag","embeddable":true,"href":"https:\/\/www.federassantas.org.br\/novosite\/wp-json\/wp\/v2\/tags?post=22753"}],"curies":[{"name":"wp","href":"https:\/\/api.w.org\/{rel}","templated":true}]}}