{"id":22764,"date":"2021-11-25T10:05:28","date_gmt":"2021-11-25T13:05:28","guid":{"rendered":"https:\/\/federasbackup.meltcomunicacao.com.br\/?p=22764"},"modified":"2021-11-25T10:05:28","modified_gmt":"2021-11-25T13:05:28","slug":"congresso-aprova-projeto-que-reformula-regras-para-a-certificacao-de-entidades-beneficentes-de-assistencia-social","status":"publish","type":"post","link":"https:\/\/www.federassantas.org.br\/novosite\/congresso-aprova-projeto-que-reformula-regras-para-a-certificacao-de-entidades-beneficentes-de-assistencia-social\/","title":{"rendered":"Congresso aprova projeto que reformula regras para a certifica\u00e7\u00e3o de entidades beneficentes de assist\u00eancia social"},"content":{"rendered":"\n<p><em>Articula\u00e7\u00e3o do FONIF e de institui\u00e7\u00f5es filantr\u00f3picas marcaram a caminhada do PLP\/134 2019 na C\u00e2mara e no Senado<\/em><\/p>\n\n\n\n<p>O Projeto de Lei Complementar (PLP) 134\/19 segue para san\u00e7\u00e3o do presidente Jair Bolsonaro ap\u00f3s aprova\u00e7\u00e3o da C\u00e2mara dos Deputados, nesta quarta-feira, 24 de novembro. O projeto estabelece as condi\u00e7\u00f5es para que entidades beneficentes de assist\u00eancia social, sa\u00fade e educa\u00e7\u00e3o tenham direito \u00e0 imunidade tribut\u00e1ria.&nbsp;<\/p>\n\n\n\n<p>A aprova\u00e7\u00e3o acontece ap\u00f3s um hist\u00f3rico de luta, di\u00e1logo e articula\u00e7\u00f5es do FONIF juntamente com representantes das filantr\u00f3picas. &#8220;Tivemos in\u00fameras reuni\u00f5es com o Relator Dep. Antonio Brito (PSD\/BA), que conhece muito bem o setor e sempre nos ouviu e tamb\u00e9m articulou junto ao Governo e aos Minist\u00e9rios neste grande trabalho de debates e concilia\u00e7\u00e3o de diverg\u00eancias. Participamos tamb\u00e9m de v\u00e1rios encontros com o Dep. Bertaiolli que permitiram ainda alinhar mais pontos importantes. Todos deram&nbsp; o melhor para que o setor pudesse ter o PLP que melhor atendesse os que mais necessitam. Somos muito gratos a todos pelo importante apoio&#8221;, declara Cust\u00f3dio Pereira, presidente do FONIF.<\/p>\n\n\n\n<p>Com autoria do deputado Bibo Nunes (PSL\/RS), a proposta passou por intensos debates nas Comiss\u00f5es do Congresso, tendo a deputada Professora Dorinha Seabra Rezende (DEM\/TO) como relatora na Comiss\u00e3o de Educa\u00e7\u00e3o; e o deputado Antonio Brito (PSD\/BA) como relator na Comiss\u00e3o Social e de Fam\u00edlia. O texto final \u00e9 fruto de trabalho plural e colaborativo entre o FONIF e entidades representativas da sociedade civil, como a Associa\u00e7\u00e3o Brasileira de Institui\u00e7\u00f5es Educacionais Evang\u00e9licas (ABIEE), Associa\u00e7\u00e3o Nacional de Educa\u00e7\u00e3o Cat\u00f3lica (ANEC), Associa\u00e7\u00e3o Paulista de Funda\u00e7\u00f5es (APF); Confedera\u00e7\u00e3o das Santas Casas de Miseric\u00f3rdia, Hospitais e Entidades Filantr\u00f3picas (CMB) e Federa\u00e7\u00e3o Brasileira de Associa\u00e7\u00f5es Socioeducacionais de Adolescentes (FEBRAEDA). O projeto contou ainda com sugest\u00f5es dos representantes dos Minist\u00e9rios que emitem o Certificado de Entidade Beneficente de Assist\u00eancia Social (CEBAS) \u2013 Minist\u00e9rios da Educa\u00e7\u00e3o, Sa\u00fade e Cidadania e da Secretaria da Receita Federal.<\/p>\n\n\n\n<p>A articula\u00e7\u00e3o com as lideran\u00e7as do Congresso, liderada pelo deputado Antonio Brito levou o projeto \u00e0 vota\u00e7\u00e3o em regime de urg\u00eancia, uma vez que por decis\u00e3o do STF a atual Lei da Filantropia n\u00e3o est\u00e1 vigorando em sua totalidade. O PLP contou com a relatoria do deputado Marco Bertaiolli (PSD\/SP), respons\u00e1vel por altera\u00e7\u00f5es que redundaram na subemenda substitutiva, contemplando outras sugest\u00f5es das entidades lideradas pelo FONIF.<\/p>\n\n\n\n<h5 class=\"wp-block-heading\"><strong>Confira abaixo os principais marcos da articula\u00e7\u00e3o do FONIF at\u00e9 a aprova\u00e7\u00e3o do Projeto na C\u00e2mara dos Deputados:<\/strong><\/h5>\n\n\n\n<p><strong>18\/06\/2021<\/strong>&nbsp;\u2192&nbsp;<a href=\"https:\/\/t.rdsv1.net\/ls\/click?upn=1fCJFwCsMP9ek1A2eee2-2BYylWMxCMrK45ucUw-2BkE6WUG0-2BHgtTWEwmGsVO-2BQ84wjnZ0aFdlEIFrPGhISWLWtGn8Pyg6NdeOLV61WKwUtTqcl-2FT-2BftfeYeP0dZR-2F7Bpc9Krr8tDFfU1KxX9XTcr1kFoXmJ81n8guMEBC9eCYhwuy87X-2BNgFbvZ-2F0sPKDl1BAXWU2bhFo-2FOadPxx4c6Ko8IX3XbQkcV7Nd2ned-2FrFZSV9AqXDP-2BmNraDa33LjouUuskFjqrAXzH8VSa2HN7Ur6EQ-3D-3DeCPW_nq3NhhHYadjAAS8buAENc55gJmCOFCOu77XggpK9aUmWRTbZj4Ci-2B84uNjyWs-2BKYxlajqoBafcbZdhL1Nst2U28oMvlcglmYYjsWdahJoODbNNdrLnFEnbUq2I0DNrI5ogUfKIFO94ZEsg3-2BKHnwWtro5WsToyfVnLiB-2FIvUIgW2T43GRL-2FgLEKBEpXAfVQdMvGewcoFR3u6UpzqjPeeZgl2E4yHIR4OTsiJdT5jG7-2B8RBXJW6loSzYJgtvIs8DeP-2B981v56AtUMoWC3nkuaN0aAzFnhtMD9txqLkQHPH9lyOi46zcVTIjauGhrVaeT6C6KBK-2FpvtGdJ-2Bq-2BCTRpxMrvRi2pBKE0kJZq7xXS4WDPmezzCsM-2Bi9biKQlspn4F0C1PyCHQA6jVY7JAwRNngTIw7XDCPrueQ0blpH75zhLBlNXYhdOtIobbsKFSbIZqINOKCloNtJXCGZ6dA7cVpK4wQ2BBF8l2XHJ3ZlzozoIRwTl-2BS8yoAoi1WN5AZkTgzhXTlehewFHIcPEvfhpoNO3lmRDI0p2IBKDKdKNmwx8vF-2B8voXplSNQWQvRVNDk9GWVt9lEIJGCrXQFs9mezpmhgNWIu05-2BiHrkcrOMqh8blKi05aWZqVEZ6zrapOTIt2bISF-2FKdaum0GpmfcO0rHiMuTIji1snEUL9Sk9MyQk9U-3D\" target=\"_blank\" rel=\"noreferrer noopener\">Fonif participa de Audi\u00eancia p\u00fablica sobre o Projeto de Lei Complementar (PLP) 134\/19<\/a><\/p>\n\n\n\n<p><strong>05\/08\/2021<\/strong>&nbsp;\u2192&nbsp;<a href=\"https:\/\/t.rdsv1.net\/ls\/click?upn=1fCJFwCsMP9ek1A2eee2-2BYylWMxCMrK45ucUw-2BkE6WU5Nv5xDUnS9ozhKdnv7NzmgWpd1pfORImzszozqGLOnGy58CiU1LumEQ-2FFx12VOTpbPZYvx-2BH1uGtYuGzCDKGk57WrMA-2Bv7nnmH-2FiN3jl2B4lpVMqgtQ7pgmZStzvP9Ms-2FhnSUAEXuEfFatA6V0mIyJPn6ljHxbiRrc3B0ougCNIib3b9h02Dy1H5ux-2F8ZOqK7BB54Etixa7mOZfjBiIv7GicoRVZzD-2FFa-2BZlfY6b7T1z4katva30H-2F7XmT-2BnSlUo-3Dc6hn_nq3NhhHYadjAAS8buAENc55gJmCOFCOu77XggpK9aUmWRTbZj4Ci-2B84uNjyWs-2BKYxlajqoBafcbZdhL1Nst2U28oMvlcglmYYjsWdahJoODbNNdrLnFEnbUq2I0DNrI5ogUfKIFO94ZEsg3-2BKHnwWtro5WsToyfVnLiB-2FIvUIgW2T43GRL-2FgLEKBEpXAfVQdMvGewcoFR3u6UpzqjPeeZgl2E4yHIR4OTsiJdT5jG7-2B8RBXJW6loSzYJgtvIs8DeP-2B981v56AtUMoWC3nkuaN0aAzFnhtMD9txqLkQHPH9lyOi46zcVTIjauGhrVaeT6C6KBK-2FpvtGdJ-2Bq-2BCTRpxMrvRi2pBKE0kJZq7xXS4WDPmezzCsM-2Bi9biKQlspn4F0C1PyCHQA6jVY7JAwRNngTIw7XDCPrueQ0blpH75zhLBlNXYhdOtIobbsKFSbIZqINOKCloNtJXCGZ6dA7cVpK4wQ2BBF8l2XHJ3ZlzozoIRwTl-2BS8yoAoi1WN5AZkTgzhXTlehewFHIcPEvfhpoNO3nJGjCACJLHFx7af3hE0NtoErH2-2B5vCbDajb7bze6uF-2Fg5HID8-2BKzJEEBbU8uBsEeYvr8COLNiBKX7RjUraiYF9F3ajmyxAk77tS8nRR8ysRzHvk0-2BiDe20AvrFOxwqN8Je7eHxrJbKipW9jQlMlVk-3D\" target=\"_blank\" rel=\"noreferrer noopener\">Fonif e associados debatem Projeto de Lei Complementar (PLP 134\/2019) em Assembleia Geral Extraordin\u00e1ria<\/a><\/p>\n\n\n\n<p><strong>11\/08\/2021<\/strong>&nbsp;\u2192&nbsp;<a href=\"https:\/\/t.rdsv1.net\/ls\/click?upn=1fCJFwCsMP9ek1A2eee2-2BYylWMxCMrK45ucUw-2BkE6WU5XNMjUXObzB02rDAQKAwIh415kQN475k8j42PvVWTS2TANydmG-2BjLAkW0R5JM9iRJaN7Jksg32VtCdToqxSv8HWA9JjbY-2FYJETNoRsh1pyIC3F59n0Ikewnl5Co-2Bbz-2BnyFOLmKyf5OzsT-2FdsWx12MPR3CxWHLVV6FsFwShaYbPOk8s-2FmxopcjsDbp7YPHTLShP3lt0gm1JIxl-2FaczU8Z-2FhX34_nq3NhhHYadjAAS8buAENc55gJmCOFCOu77XggpK9aUmWRTbZj4Ci-2B84uNjyWs-2BKYxlajqoBafcbZdhL1Nst2U28oMvlcglmYYjsWdahJoODbNNdrLnFEnbUq2I0DNrI5ogUfKIFO94ZEsg3-2BKHnwWtro5WsToyfVnLiB-2FIvUIgW2T43GRL-2FgLEKBEpXAfVQdMvGewcoFR3u6UpzqjPeeZgl2E4yHIR4OTsiJdT5jG7-2B8RBXJW6loSzYJgtvIs8DeP-2B981v56AtUMoWC3nkuaN0aAzFnhtMD9txqLkQHPH9lyOi46zcVTIjauGhrVaeT6C6KBK-2FpvtGdJ-2Bq-2BCTRpxMrvRi2pBKE0kJZq7xXS4WDPmezzCsM-2Bi9biKQlspn4F0C1PyCHQA6jVY7JAwRNngTIw7XDCPrueQ0blpH75zhLBlNXYhdOtIobbsKFSbIZqINOKCloNtJXCGZ6dA7cVpK4wQ2BBF8l2XHJ3ZlzozoIRwTl-2BS8yoAoi1WN5AZkTgzhXTlehewFHIcPEvfhpoNO44vapXpzDeiF05KiBvCf-2Bp1zbpo-2B1oc3CcTjQuGAD1AaEpJAP75JNWFVDofoAt6X1b0Bq8XG-2F4Pc9YFpK3sGhM52bzysY-2Bmb4oU2e7m57Dw5mCs18BIiuzO0nPibFulSgx-2FgltIfkZq7hNecLx6oLU-3D\" target=\"_blank\" rel=\"noreferrer noopener\">Conselho de Especialistas se re\u00fane para discutir o PLP 134\/2019<\/a><\/p>\n\n\n\n<p><strong>06\/10\/2021<\/strong>&nbsp;\u2192&nbsp;<a href=\"https:\/\/t.rdsv1.net\/ls\/click?upn=1fCJFwCsMP9ek1A2eee2-2BYylWMxCMrK45ucUw-2BkE6WUBU7zKb-2BvQZu84zjIS38CwqJs6bSJYKBMaE-2F6mqWVLcmoZDZWhB275dDvvgDXebYCvBLjXvfE4-2BCSUwBnk8tN-2Bt1pAideCQ84IiTLvirvIdInw63JWVg28M79wGaLaLXjMASFUuGFueyMxscL-2FDjEtH3D25VJ05tfmPtHxEB3OurbJ2Gyx2Y1AmXYwa30LN6WUIUWtXj1qoGrNGmfGxlr-2FqDfr_nq3NhhHYadjAAS8buAENc55gJmCOFCOu77XggpK9aUmWRTbZj4Ci-2B84uNjyWs-2BKYxlajqoBafcbZdhL1Nst2U28oMvlcglmYYjsWdahJoODbNNdrLnFEnbUq2I0DNrI5ogUfKIFO94ZEsg3-2BKHnwWtro5WsToyfVnLiB-2FIvUIgW2T43GRL-2FgLEKBEpXAfVQdMvGewcoFR3u6UpzqjPeeZgl2E4yHIR4OTsiJdT5jG7-2B8RBXJW6loSzYJgtvIs8DeP-2B981v56AtUMoWC3nkuaN0aAzFnhtMD9txqLkQHPH9lyOi46zcVTIjauGhrVaeT6C6KBK-2FpvtGdJ-2Bq-2BCTRpxMrvRi2pBKE0kJZq7xXS4WDPmezzCsM-2Bi9biKQlspn4F0C1PyCHQA6jVY7JAwRNngTIw7XDCPrueQ0blpH75zhLBlNXYhdOtIobbsKFSbIZqINOKCloNtJXCGZ6dA7cVpK4wQ2BBF8l2XHJ3ZlzozoIRwTl-2BS8yoAoi1WN5AZkTgzhXTlehewFHIcPEvfhpoNO-2BxsRezq5WwbQ5-2FVgqv-2BHbr1czv4ByxCo4BH1qA8-2B1jsi6INfoNI5a9HqajpAuTeVMBNtcFWJ4Ic7R-2B8CwyEoo1SYV-2BiW8RMFmuvABXgpkg1CBDr3lVKaOHnho88ID6XjWxuFyvf-2Fldey7-2F01-2BBhEas-3D\" target=\"_blank\" rel=\"noreferrer noopener\">FONIF entrega requerimento com sugest\u00f5es de emendas ao PLP 134\/2019<\/a><\/p>\n\n\n\n<p><strong>27\/10\/2021<\/strong>&nbsp;\u2192&nbsp;<a href=\"https:\/\/t.rdsv1.net\/ls\/click?upn=1fCJFwCsMP9ek1A2eee2-2BYylWMxCMrK45ucUw-2BkE6WUG0-2BHgtTWEwmGsVO-2BQ84wjHG1lUBBfZxbYaRmj3JHO7oCEjx7xDxRLPktu3I0gVZwKuMwM0-2FJ8g0Vr31Nir4s-2BWlcC1zbckTkxW2TL0sXtNiUb9A6y76w5HVtv1gYIidfB6l4RorkZfr3sjGcYMYYYGkkHssDoAiTsAUIBhGPyq8tV3syQyFxxrpRRtmGrF-2Bw-3DPdqM_nq3NhhHYadjAAS8buAENc55gJmCOFCOu77XggpK9aUmWRTbZj4Ci-2B84uNjyWs-2BKYxlajqoBafcbZdhL1Nst2U28oMvlcglmYYjsWdahJoODbNNdrLnFEnbUq2I0DNrI5ogUfKIFO94ZEsg3-2BKHnwWtro5WsToyfVnLiB-2FIvUIgW2T43GRL-2FgLEKBEpXAfVQdMvGewcoFR3u6UpzqjPeeZgl2E4yHIR4OTsiJdT5jG7-2B8RBXJW6loSzYJgtvIs8DeP-2B981v56AtUMoWC3nkuaN0aAzFnhtMD9txqLkQHPH9lyOi46zcVTIjauGhrVaeT6C6KBK-2FpvtGdJ-2Bq-2BCTRpxMrvRi2pBKE0kJZq7xXS4WDPmezzCsM-2Bi9biKQlspn4F0C1PyCHQA6jVY7JAwRNngTIw7XDCPrueQ0blpH75zhLBlNXYhdOtIobbsKFSbIZqINOKCloNtJXCGZ6dA7cVpK4wQ2BBF8l2XHJ3ZlzozoIRwTl-2BS8yoAoi1WN5AZkTgzhXTlehewFHIcPEvfhpoNO7ndAqDPjZImDNtoP-2BNe3DjiLG3FY6Roe-2Fy0vDRYOV1yjfWP1qfL4UYNhURzhbgnJi-2B33g4UTuq-2FXg6TSJS9yodftZkxPzlqbOqDFY0ev7TE6cYTuvCWBC6PbEPLbHRfdBtgS-2FA5koE-2FRiGLQoSwoQY-3D\" target=\"_blank\" rel=\"noreferrer noopener\">FONIF participa de encontro em Bras\u00edlia um dia antes da vota\u00e7\u00e3o do PLP\/134 no Congresso<\/a><\/p>\n","protected":false},"excerpt":{"rendered":"<p>Articula\u00e7\u00e3o do FONIF e de institui\u00e7\u00f5es filantr\u00f3picas marcaram a caminhada do PLP\/134 2019 na C\u00e2mara e no Senado O Projeto de Lei Complementar (PLP) 134\/19 segue para san\u00e7\u00e3o do presidente Jair Bolsonaro ap\u00f3s aprova\u00e7\u00e3o da C\u00e2mara dos Deputados, nesta quarta-feira, 24 de novembro. O projeto estabelece as condi\u00e7\u00f5es para que entidades beneficentes de assist\u00eancia social, [&hellip;]<\/p>\n","protected":false},"author":1,"featured_media":24842,"comment_status":"open","ping_status":"open","sticky":false,"template":"","format":"standard","meta":{"footnotes":""},"categories":[140],"tags":[],"class_list":["post-22764","post","type-post","status-publish","format-standard","has-post-thumbnail","hentry","category-noticias"],"yoast_head":"<!-- This site is optimized with the Yoast SEO plugin v26.9 - https:\/\/yoast.com\/product\/yoast-seo-wordpress\/ -->\n<title>Congresso aprova projeto que reformula regras para a certifica\u00e7\u00e3o de entidades beneficentes de assist\u00eancia social - Federassantas<\/title>\n<meta name=\"robots\" content=\"index, follow, max-snippet:-1, max-image-preview:large, max-video-preview:-1\" \/>\n<link rel=\"canonical\" href=\"https:\/\/www.federassantas.org.br\/novosite\/congresso-aprova-projeto-que-reformula-regras-para-a-certificacao-de-entidades-beneficentes-de-assistencia-social\/\" \/>\n<meta property=\"og:locale\" content=\"pt_BR\" \/>\n<meta property=\"og:type\" content=\"article\" \/>\n<meta property=\"og:title\" content=\"Congresso aprova projeto que reformula regras para a certifica\u00e7\u00e3o de entidades beneficentes de assist\u00eancia social - Federassantas\" \/>\n<meta property=\"og:description\" content=\"Articula\u00e7\u00e3o do FONIF e de institui\u00e7\u00f5es filantr\u00f3picas marcaram a caminhada do PLP\/134 2019 na C\u00e2mara e no Senado O Projeto de Lei Complementar (PLP) 134\/19 segue para san\u00e7\u00e3o do presidente Jair Bolsonaro ap\u00f3s aprova\u00e7\u00e3o da C\u00e2mara dos Deputados, nesta quarta-feira, 24 de novembro. O projeto estabelece as condi\u00e7\u00f5es para que entidades beneficentes de assist\u00eancia social, [&hellip;]\" \/>\n<meta property=\"og:url\" content=\"https:\/\/www.federassantas.org.br\/novosite\/congresso-aprova-projeto-que-reformula-regras-para-a-certificacao-de-entidades-beneficentes-de-assistencia-social\/\" \/>\n<meta property=\"og:site_name\" content=\"Federassantas\" \/>\n<meta property=\"article:published_time\" content=\"2021-11-25T13:05:28+00:00\" \/>\n<meta property=\"og:image\" content=\"https:\/\/www.federassantas.org.br\/novosite\/wp-content\/uploads\/2022\/09\/thumbnail-default.jpg\" \/>\n\t<meta property=\"og:image:width\" content=\"622\" \/>\n\t<meta property=\"og:image:height\" content=\"415\" \/>\n\t<meta property=\"og:image:type\" content=\"image\/jpeg\" \/>\n<meta name=\"author\" content=\"admin-federas\" \/>\n<meta name=\"twitter:card\" content=\"summary_large_image\" \/>\n<meta name=\"twitter:label1\" content=\"Escrito por\" \/>\n\t<meta name=\"twitter:data1\" content=\"admin-federas\" \/>\n\t<meta name=\"twitter:label2\" content=\"Est. tempo de leitura\" \/>\n\t<meta name=\"twitter:data2\" content=\"3 minutos\" \/>\n<script type=\"application\/ld+json\" class=\"yoast-schema-graph\">{\"@context\":\"https:\/\/schema.org\",\"@graph\":[{\"@type\":\"Article\",\"@id\":\"https:\/\/www.federassantas.org.br\/novosite\/congresso-aprova-projeto-que-reformula-regras-para-a-certificacao-de-entidades-beneficentes-de-assistencia-social\/#article\",\"isPartOf\":{\"@id\":\"https:\/\/www.federassantas.org.br\/novosite\/congresso-aprova-projeto-que-reformula-regras-para-a-certificacao-de-entidades-beneficentes-de-assistencia-social\/\"},\"author\":{\"name\":\"admin-federas\",\"@id\":\"https:\/\/www.federassantas.org.br\/novosite\/#\/schema\/person\/75fed98158349313fe56175f232f513c\"},\"headline\":\"Congresso aprova projeto que reformula regras para a certifica\u00e7\u00e3o de entidades beneficentes de assist\u00eancia social\",\"datePublished\":\"2021-11-25T13:05:28+00:00\",\"mainEntityOfPage\":{\"@id\":\"https:\/\/www.federassantas.org.br\/novosite\/congresso-aprova-projeto-que-reformula-regras-para-a-certificacao-de-entidades-beneficentes-de-assistencia-social\/\"},\"wordCount\":546,\"commentCount\":0,\"publisher\":{\"@id\":\"https:\/\/www.federassantas.org.br\/novosite\/#organization\"},\"image\":{\"@id\":\"https:\/\/www.federassantas.org.br\/novosite\/congresso-aprova-projeto-que-reformula-regras-para-a-certificacao-de-entidades-beneficentes-de-assistencia-social\/#primaryimage\"},\"thumbnailUrl\":\"\",\"articleSection\":[\"Not\u00edcias\"],\"inLanguage\":\"pt-BR\",\"potentialAction\":[{\"@type\":\"CommentAction\",\"name\":\"Comment\",\"target\":[\"https:\/\/www.federassantas.org.br\/novosite\/congresso-aprova-projeto-que-reformula-regras-para-a-certificacao-de-entidades-beneficentes-de-assistencia-social\/#respond\"]}]},{\"@type\":\"WebPage\",\"@id\":\"https:\/\/www.federassantas.org.br\/novosite\/congresso-aprova-projeto-que-reformula-regras-para-a-certificacao-de-entidades-beneficentes-de-assistencia-social\/\",\"url\":\"https:\/\/www.federassantas.org.br\/novosite\/congresso-aprova-projeto-que-reformula-regras-para-a-certificacao-de-entidades-beneficentes-de-assistencia-social\/\",\"name\":\"Congresso aprova projeto que reformula regras para a certifica\u00e7\u00e3o de entidades beneficentes de assist\u00eancia social - Federassantas\",\"isPartOf\":{\"@id\":\"https:\/\/www.federassantas.org.br\/novosite\/#website\"},\"primaryImageOfPage\":{\"@id\":\"https:\/\/www.federassantas.org.br\/novosite\/congresso-aprova-projeto-que-reformula-regras-para-a-certificacao-de-entidades-beneficentes-de-assistencia-social\/#primaryimage\"},\"image\":{\"@id\":\"https:\/\/www.federassantas.org.br\/novosite\/congresso-aprova-projeto-que-reformula-regras-para-a-certificacao-de-entidades-beneficentes-de-assistencia-social\/#primaryimage\"},\"thumbnailUrl\":\"\",\"datePublished\":\"2021-11-25T13:05:28+00:00\",\"breadcrumb\":{\"@id\":\"https:\/\/www.federassantas.org.br\/novosite\/congresso-aprova-projeto-que-reformula-regras-para-a-certificacao-de-entidades-beneficentes-de-assistencia-social\/#breadcrumb\"},\"inLanguage\":\"pt-BR\",\"potentialAction\":[{\"@type\":\"ReadAction\",\"target\":[\"https:\/\/www.federassantas.org.br\/novosite\/congresso-aprova-projeto-que-reformula-regras-para-a-certificacao-de-entidades-beneficentes-de-assistencia-social\/\"]}]},{\"@type\":\"ImageObject\",\"inLanguage\":\"pt-BR\",\"@id\":\"https:\/\/www.federassantas.org.br\/novosite\/congresso-aprova-projeto-que-reformula-regras-para-a-certificacao-de-entidades-beneficentes-de-assistencia-social\/#primaryimage\",\"url\":\"\",\"contentUrl\":\"\"},{\"@type\":\"BreadcrumbList\",\"@id\":\"https:\/\/www.federassantas.org.br\/novosite\/congresso-aprova-projeto-que-reformula-regras-para-a-certificacao-de-entidades-beneficentes-de-assistencia-social\/#breadcrumb\",\"itemListElement\":[{\"@type\":\"ListItem\",\"position\":1,\"name\":\"In\u00edcio\",\"item\":\"https:\/\/www.federassantas.org.br\/novosite\/\"},{\"@type\":\"ListItem\",\"position\":2,\"name\":\"Congresso aprova projeto que reformula regras para a certifica\u00e7\u00e3o de entidades beneficentes de assist\u00eancia social\"}]},{\"@type\":\"WebSite\",\"@id\":\"https:\/\/www.federassantas.org.br\/novosite\/#website\",\"url\":\"https:\/\/www.federassantas.org.br\/novosite\/\",\"name\":\"Federassantas\",\"description\":\"Fed. das Santas Casas e Hospitais Filantr\u00f3picos de MG\",\"publisher\":{\"@id\":\"https:\/\/www.federassantas.org.br\/novosite\/#organization\"},\"potentialAction\":[{\"@type\":\"SearchAction\",\"target\":{\"@type\":\"EntryPoint\",\"urlTemplate\":\"https:\/\/www.federassantas.org.br\/novosite\/?s={search_term_string}\"},\"query-input\":{\"@type\":\"PropertyValueSpecification\",\"valueRequired\":true,\"valueName\":\"search_term_string\"}}],\"inLanguage\":\"pt-BR\"},{\"@type\":\"Organization\",\"@id\":\"https:\/\/www.federassantas.org.br\/novosite\/#organization\",\"name\":\"Federassantas\",\"url\":\"https:\/\/www.federassantas.org.br\/novosite\/\",\"logo\":{\"@type\":\"ImageObject\",\"inLanguage\":\"pt-BR\",\"@id\":\"https:\/\/www.federassantas.org.br\/novosite\/#\/schema\/logo\/image\/\",\"url\":\"https:\/\/www.federassantas.org.br\/novosite\/wp-content\/uploads\/2021\/12\/logo.png\",\"contentUrl\":\"https:\/\/www.federassantas.org.br\/novosite\/wp-content\/uploads\/2021\/12\/logo.png\",\"width\":243,\"height\":59,\"caption\":\"Federassantas\"},\"image\":{\"@id\":\"https:\/\/www.federassantas.org.br\/novosite\/#\/schema\/logo\/image\/\"}},{\"@type\":\"Person\",\"@id\":\"https:\/\/www.federassantas.org.br\/novosite\/#\/schema\/person\/75fed98158349313fe56175f232f513c\",\"name\":\"admin-federas\",\"image\":{\"@type\":\"ImageObject\",\"inLanguage\":\"pt-BR\",\"@id\":\"https:\/\/www.federassantas.org.br\/novosite\/#\/schema\/person\/image\/\",\"url\":\"https:\/\/secure.gravatar.com\/avatar\/2a02d7dda59fe8dc6b7ffd3f652e2efede5ccf0dd89dfdc8137c5517f3de8407?s=96&d=mm&r=g\",\"contentUrl\":\"https:\/\/secure.gravatar.com\/avatar\/2a02d7dda59fe8dc6b7ffd3f652e2efede5ccf0dd89dfdc8137c5517f3de8407?s=96&d=mm&r=g\",\"caption\":\"admin-federas\"},\"sameAs\":[\"https:\/\/www.federassantas.org.br\/novosite\/\"],\"url\":\"https:\/\/www.federassantas.org.br\/novosite\/author\/admin-federas\/\"}]}<\/script>\n<!-- \/ Yoast SEO plugin. -->","yoast_head_json":{"title":"Congresso aprova projeto que reformula regras para a certifica\u00e7\u00e3o de entidades beneficentes de assist\u00eancia social - Federassantas","robots":{"index":"index","follow":"follow","max-snippet":"max-snippet:-1","max-image-preview":"max-image-preview:large","max-video-preview":"max-video-preview:-1"},"canonical":"https:\/\/www.federassantas.org.br\/novosite\/congresso-aprova-projeto-que-reformula-regras-para-a-certificacao-de-entidades-beneficentes-de-assistencia-social\/","og_locale":"pt_BR","og_type":"article","og_title":"Congresso aprova projeto que reformula regras para a certifica\u00e7\u00e3o de entidades beneficentes de assist\u00eancia social - Federassantas","og_description":"Articula\u00e7\u00e3o do FONIF e de institui\u00e7\u00f5es filantr\u00f3picas marcaram a caminhada do PLP\/134 2019 na C\u00e2mara e no Senado O Projeto de Lei Complementar (PLP) 134\/19 segue para san\u00e7\u00e3o do presidente Jair Bolsonaro ap\u00f3s aprova\u00e7\u00e3o da C\u00e2mara dos Deputados, nesta quarta-feira, 24 de novembro. O projeto estabelece as condi\u00e7\u00f5es para que entidades beneficentes de assist\u00eancia social, [&hellip;]","og_url":"https:\/\/www.federassantas.org.br\/novosite\/congresso-aprova-projeto-que-reformula-regras-para-a-certificacao-de-entidades-beneficentes-de-assistencia-social\/","og_site_name":"Federassantas","article_published_time":"2021-11-25T13:05:28+00:00","og_image":[{"width":622,"height":415,"url":"https:\/\/www.federassantas.org.br\/novosite\/wp-content\/uploads\/2022\/09\/thumbnail-default.jpg","type":"image\/jpeg"}],"author":"admin-federas","twitter_card":"summary_large_image","twitter_misc":{"Escrito por":"admin-federas","Est. tempo de leitura":"3 minutos"},"schema":{"@context":"https:\/\/schema.org","@graph":[{"@type":"Article","@id":"https:\/\/www.federassantas.org.br\/novosite\/congresso-aprova-projeto-que-reformula-regras-para-a-certificacao-de-entidades-beneficentes-de-assistencia-social\/#article","isPartOf":{"@id":"https:\/\/www.federassantas.org.br\/novosite\/congresso-aprova-projeto-que-reformula-regras-para-a-certificacao-de-entidades-beneficentes-de-assistencia-social\/"},"author":{"name":"admin-federas","@id":"https:\/\/www.federassantas.org.br\/novosite\/#\/schema\/person\/75fed98158349313fe56175f232f513c"},"headline":"Congresso aprova projeto que reformula regras para a certifica\u00e7\u00e3o de entidades beneficentes de assist\u00eancia social","datePublished":"2021-11-25T13:05:28+00:00","mainEntityOfPage":{"@id":"https:\/\/www.federassantas.org.br\/novosite\/congresso-aprova-projeto-que-reformula-regras-para-a-certificacao-de-entidades-beneficentes-de-assistencia-social\/"},"wordCount":546,"commentCount":0,"publisher":{"@id":"https:\/\/www.federassantas.org.br\/novosite\/#organization"},"image":{"@id":"https:\/\/www.federassantas.org.br\/novosite\/congresso-aprova-projeto-que-reformula-regras-para-a-certificacao-de-entidades-beneficentes-de-assistencia-social\/#primaryimage"},"thumbnailUrl":"","articleSection":["Not\u00edcias"],"inLanguage":"pt-BR","potentialAction":[{"@type":"CommentAction","name":"Comment","target":["https:\/\/www.federassantas.org.br\/novosite\/congresso-aprova-projeto-que-reformula-regras-para-a-certificacao-de-entidades-beneficentes-de-assistencia-social\/#respond"]}]},{"@type":"WebPage","@id":"https:\/\/www.federassantas.org.br\/novosite\/congresso-aprova-projeto-que-reformula-regras-para-a-certificacao-de-entidades-beneficentes-de-assistencia-social\/","url":"https:\/\/www.federassantas.org.br\/novosite\/congresso-aprova-projeto-que-reformula-regras-para-a-certificacao-de-entidades-beneficentes-de-assistencia-social\/","name":"Congresso aprova projeto que reformula regras para a certifica\u00e7\u00e3o de entidades beneficentes de assist\u00eancia social - Federassantas","isPartOf":{"@id":"https:\/\/www.federassantas.org.br\/novosite\/#website"},"primaryImageOfPage":{"@id":"https:\/\/www.federassantas.org.br\/novosite\/congresso-aprova-projeto-que-reformula-regras-para-a-certificacao-de-entidades-beneficentes-de-assistencia-social\/#primaryimage"},"image":{"@id":"https:\/\/www.federassantas.org.br\/novosite\/congresso-aprova-projeto-que-reformula-regras-para-a-certificacao-de-entidades-beneficentes-de-assistencia-social\/#primaryimage"},"thumbnailUrl":"","datePublished":"2021-11-25T13:05:28+00:00","breadcrumb":{"@id":"https:\/\/www.federassantas.org.br\/novosite\/congresso-aprova-projeto-que-reformula-regras-para-a-certificacao-de-entidades-beneficentes-de-assistencia-social\/#breadcrumb"},"inLanguage":"pt-BR","potentialAction":[{"@type":"ReadAction","target":["https:\/\/www.federassantas.org.br\/novosite\/congresso-aprova-projeto-que-reformula-regras-para-a-certificacao-de-entidades-beneficentes-de-assistencia-social\/"]}]},{"@type":"ImageObject","inLanguage":"pt-BR","@id":"https:\/\/www.federassantas.org.br\/novosite\/congresso-aprova-projeto-que-reformula-regras-para-a-certificacao-de-entidades-beneficentes-de-assistencia-social\/#primaryimage","url":"","contentUrl":""},{"@type":"BreadcrumbList","@id":"https:\/\/www.federassantas.org.br\/novosite\/congresso-aprova-projeto-que-reformula-regras-para-a-certificacao-de-entidades-beneficentes-de-assistencia-social\/#breadcrumb","itemListElement":[{"@type":"ListItem","position":1,"name":"In\u00edcio","item":"https:\/\/www.federassantas.org.br\/novosite\/"},{"@type":"ListItem","position":2,"name":"Congresso aprova projeto que reformula regras para a certifica\u00e7\u00e3o de entidades beneficentes de assist\u00eancia social"}]},{"@type":"WebSite","@id":"https:\/\/www.federassantas.org.br\/novosite\/#website","url":"https:\/\/www.federassantas.org.br\/novosite\/","name":"Federassantas","description":"Fed. das Santas Casas e Hospitais Filantr\u00f3picos de MG","publisher":{"@id":"https:\/\/www.federassantas.org.br\/novosite\/#organization"},"potentialAction":[{"@type":"SearchAction","target":{"@type":"EntryPoint","urlTemplate":"https:\/\/www.federassantas.org.br\/novosite\/?s={search_term_string}"},"query-input":{"@type":"PropertyValueSpecification","valueRequired":true,"valueName":"search_term_string"}}],"inLanguage":"pt-BR"},{"@type":"Organization","@id":"https:\/\/www.federassantas.org.br\/novosite\/#organization","name":"Federassantas","url":"https:\/\/www.federassantas.org.br\/novosite\/","logo":{"@type":"ImageObject","inLanguage":"pt-BR","@id":"https:\/\/www.federassantas.org.br\/novosite\/#\/schema\/logo\/image\/","url":"https:\/\/www.federassantas.org.br\/novosite\/wp-content\/uploads\/2021\/12\/logo.png","contentUrl":"https:\/\/www.federassantas.org.br\/novosite\/wp-content\/uploads\/2021\/12\/logo.png","width":243,"height":59,"caption":"Federassantas"},"image":{"@id":"https:\/\/www.federassantas.org.br\/novosite\/#\/schema\/logo\/image\/"}},{"@type":"Person","@id":"https:\/\/www.federassantas.org.br\/novosite\/#\/schema\/person\/75fed98158349313fe56175f232f513c","name":"admin-federas","image":{"@type":"ImageObject","inLanguage":"pt-BR","@id":"https:\/\/www.federassantas.org.br\/novosite\/#\/schema\/person\/image\/","url":"https:\/\/secure.gravatar.com\/avatar\/2a02d7dda59fe8dc6b7ffd3f652e2efede5ccf0dd89dfdc8137c5517f3de8407?s=96&d=mm&r=g","contentUrl":"https:\/\/secure.gravatar.com\/avatar\/2a02d7dda59fe8dc6b7ffd3f652e2efede5ccf0dd89dfdc8137c5517f3de8407?s=96&d=mm&r=g","caption":"admin-federas"},"sameAs":["https:\/\/www.federassantas.org.br\/novosite\/"],"url":"https:\/\/www.federassantas.org.br\/novosite\/author\/admin-federas\/"}]}},"_links":{"self":[{"href":"https:\/\/www.federassantas.org.br\/novosite\/wp-json\/wp\/v2\/posts\/22764","targetHints":{"allow":["GET"]}}],"collection":[{"href":"https:\/\/www.federassantas.org.br\/novosite\/wp-json\/wp\/v2\/posts"}],"about":[{"href":"https:\/\/www.federassantas.org.br\/novosite\/wp-json\/wp\/v2\/types\/post"}],"author":[{"embeddable":true,"href":"https:\/\/www.federassantas.org.br\/novosite\/wp-json\/wp\/v2\/users\/1"}],"replies":[{"embeddable":true,"href":"https:\/\/www.federassantas.org.br\/novosite\/wp-json\/wp\/v2\/comments?post=22764"}],"version-history":[{"count":0,"href":"https:\/\/www.federassantas.org.br\/novosite\/wp-json\/wp\/v2\/posts\/22764\/revisions"}],"wp:featuredmedia":[{"embeddable":true,"href":"https:\/\/www.federassantas.org.br\/novosite\/wp-json\/"}],"wp:attachment":[{"href":"https:\/\/www.federassantas.org.br\/novosite\/wp-json\/wp\/v2\/media?parent=22764"}],"wp:term":[{"taxonomy":"category","embeddable":true,"href":"https:\/\/www.federassantas.org.br\/novosite\/wp-json\/wp\/v2\/categories?post=22764"},{"taxonomy":"post_tag","embeddable":true,"href":"https:\/\/www.federassantas.org.br\/novosite\/wp-json\/wp\/v2\/tags?post=22764"}],"curies":[{"name":"wp","href":"https:\/\/api.w.org\/{rel}","templated":true}]}}