{"id":22775,"date":"2021-11-26T16:15:39","date_gmt":"2021-11-26T19:15:39","guid":{"rendered":"https:\/\/federasbackup.meltcomunicacao.com.br\/?p=22775"},"modified":"2021-11-26T16:15:39","modified_gmt":"2021-11-26T19:15:39","slug":"anvisa-recomenda-ao-governo-exigencia-de-vacina-para-entrada-no-brasil","status":"publish","type":"post","link":"https:\/\/www.federassantas.org.br\/novosite\/anvisa-recomenda-ao-governo-exigencia-de-vacina-para-entrada-no-brasil\/","title":{"rendered":"Anvisa recomenda ao governo exig\u00eancia de vacina para entrada no Brasil"},"content":{"rendered":"\n<p><em>Ag\u00eancia defende que a pol\u00edtica para as fronteiras seja revista<\/em><\/p>\n\n\n\n<p>A Ag\u00eancia Nacional de Vigil\u00e2ncia Sanit\u00e1ria (Anvisa) divulgou novas recomenda\u00e7\u00f5es ao governo federal sobre viagens ao Brasil. As diretrizes trazem avalia\u00e7\u00f5es do \u00f3rg\u00e3o sanit\u00e1rio sobre os protocolos que devem ser adotados para a entrada no pa\u00eds. Mas a transforma\u00e7\u00e3o em regra depende do governo federal.<img decoding=\"async\" src=\"https:\/\/agenciabrasil.ebc.com.br\/ebc.png?id=1429024&amp;o=node\"><img decoding=\"async\" src=\"https:\/\/agenciabrasil.ebc.com.br\/ebc.gif?id=1429024&amp;o=node\"><\/p>\n\n\n\n<p>Em notas t\u00e9cnicas, a Ag\u00eancia defende que a pol\u00edtica para as fronteiras seja revista, com o estabelecimento da cobran\u00e7a de prova de vacina\u00e7\u00e3o para turistas e outros viajantes que desejam vir ao pa\u00eds de avi\u00e3o ou por via terrestre, em combina\u00e7\u00e3o com protocolos de testagem.<\/p>\n\n\n\n<p>A equipe t\u00e9cnica da ag\u00eancia argumenta que a medida pode dificultar que o Brasil se torne um destino para n\u00e3o vacinados. Sem essa exig\u00eancia, pessoas que n\u00e3o se imunizaram podem trazer mais riscos aos brasileiros.<\/p>\n\n\n\n<p>Os viajantes teriam de ter conclu\u00eddo o esquema vacinal pelo menos 14 dias antes da partida para o Brasil. Como par\u00e2metro de an\u00e1lise, seriam aceitos os imunizantes aprovados ou pela Anvisa ou pela Organiza\u00e7\u00e3o Mundial da Sa\u00fade (OMS).<\/p>\n\n\n\n<p>\u201cQuase todos os pa\u00edses que exigem a vacina\u00e7\u00e3o como um dos requisitos para entrada de viajantes internacionais em seus territ\u00f3rios, exigem que a vacina\u00e7\u00e3o tenha ocorrido a pelo menos 14 dias, ou seja, que sejam somados 14 dias da data da \u00faltima dose ou dose \u00fanica\u201d, justifica a nota t\u00e9cnica.<\/p>\n\n\n\n<h5 class=\"wp-block-heading\">Via a\u00e9rea<\/h5>\n\n\n\n<p>Para a entrada por via a\u00e9rea, um procedimento sugerido \u00e9 a testagem com m\u00e9todos como ant\u00edgenos ou medi\u00e7\u00e3o de amplia\u00e7\u00e3o de \u00e1cidos nucleicos. Para n\u00e3o vacinados, a ag\u00eancia prop\u00f5e quarentena at\u00e9 o resultado negativo dos testes laboratoriais (RT-PCR), que deve ser realizado a partir do quinto dia de chegada.<\/p>\n\n\n\n<p>\u201cSe a recomenda\u00e7\u00e3o for acatada, sugerimos que seja previsto um termo que o viajante apresente \u00e0 Pol\u00edcia Federal ou outra autoridade de fronteira, em que declare onde cumprir\u00e1 o per\u00edodo de auto quarentena\u201d, diz a nota t\u00e9cnica.<\/p>\n\n\n\n<p>Por fim, o documento recomenda que seja colocado para os viajantes a assinatura de uma declara\u00e7\u00e3o de viagem, com a inser\u00e7\u00e3o de informa\u00e7\u00f5es sobre sintomas e contatos do viajante, para que as autoridades sanit\u00e1rias possam tomar provid\u00eancias.<\/p>\n\n\n\n<h5 class=\"wp-block-heading\">Via terrestre<\/h5>\n\n\n\n<p>Para o tr\u00e2nsito de pessoas de fora por rodovias, para al\u00e9m da recomenda\u00e7\u00e3o de prova de vacina\u00e7\u00e3o, a Anvisa defende que n\u00e3o seja permitida a entrada de pessoas n\u00e3o vacinadas. \u201cOs n\u00e3o vacinados, caso queiram adentrar em territ\u00f3rio nacional, devem utilizar o modal a\u00e9reo, em que os controles s\u00e3o mais adequados\u201d, diz a nota da ag\u00eancia.<\/p>\n\n\n\n<p>O documento da ag\u00eancia, no entanto, prev\u00ea exce\u00e7\u00f5es para a prova de vacina\u00e7\u00e3o. Uma delas seria no caso de pessoas trabalhando no transporte de cargas. Outra seria a dispensa no caso de pa\u00edses em que a cobertura vacinal tenha chegado a uma situa\u00e7\u00e3o de imunidade coletiva.<\/p>\n\n\n\n<h5 class=\"wp-block-heading\">Secret\u00e1rios<\/h5>\n\n\n\n<p>Os conselhos dos secret\u00e1rios estaduais (Conass) e municipais de Sa\u00fade (Conasems) divulgaram nota manifestando apoio \u00e0s notas t\u00e9cnicas da Anvisa com as recomenda\u00e7\u00f5es de novas regras para a entrada no Brasil.<\/p>\n\n\n\n<p>\u201cO recrudescimento da pandemia em pa\u00edses europeus e o aumento de casos nos EUA, e Canad\u00e1, bem como em pa\u00edses da Am\u00e9rica do Sul, tais como Bol\u00edvia, Equador e Paraguai, conforme informa\u00e7\u00e3o divulgada hoje pela Organiza\u00e7\u00e3o Pan-Americana de Sa\u00fade (OPAS), exigem que o Brasil adote medidas sanit\u00e1rias adicionais, de modo a proteger sua popula\u00e7\u00e3o\u201d, diz o texto.<\/p>\n\n\n\n<p>A&nbsp;<strong>Ag\u00eancia Brasil<\/strong>&nbsp;solicitou a posi\u00e7\u00e3o do Minist\u00e9rio da Sa\u00fade e aguarda retorno.<\/p>\n\n\n\n<h5 class=\"wp-block-heading\">Formul\u00e1rio de declara\u00e7\u00e3o de viajante<\/h5>\n\n\n\n<p>A Anvisa informou tamb\u00e9m\u00a0que restabeleceu o sistema para emiss\u00e3o do formul\u00e1rio da Declara\u00e7\u00e3o de Sa\u00fade do Viajante. Dessa forma, passageiros\u00a0que tenham embarque em voos com destino ao Brasil\u00a0a partir das 8h\u00a0(hor\u00e1rio de Bras\u00edlia)\u00a0de amanh\u00e3\u00a0(26)\u00a0dever\u00e3o atender a medida de comprova\u00e7\u00e3o do\u00a0preenchimento, de acordo com o determinado na\u00a0<a rel=\"noreferrer noopener\" href=\"https:\/\/www.in.gov.br\/en\/web\/dou\/-\/portaria-n-658-de-5-de-outubro-de-2021-350608125\" target=\"_blank\">Portaria 658<\/a>, de 5 de outubro de 2021.\u202f\u00a0<\/p>\n\n\n\n<p><\/p>\n\n\n\n<p>Fonte: <a rel=\"noreferrer noopener\" href=\"https:\/\/agenciabrasil.ebc.com.br\/saude\/noticia\/2021-11\/anvisa-recomenda-ao-governo-exigencia-de-vacina-para-entrada-no-brasil\" target=\"_blank\">Ag\u00eancia Brasil<\/a><br>Imagem: Tomaz Silva\/Ag\u00eancia Brasil<\/p>\n","protected":false},"excerpt":{"rendered":"<p>Ag\u00eancia defende que a pol\u00edtica para as fronteiras seja revista A Ag\u00eancia Nacional de Vigil\u00e2ncia Sanit\u00e1ria (Anvisa) divulgou novas recomenda\u00e7\u00f5es ao governo federal sobre viagens ao Brasil. As diretrizes trazem avalia\u00e7\u00f5es do \u00f3rg\u00e3o sanit\u00e1rio sobre os protocolos que devem ser adotados para a entrada no pa\u00eds. Mas a transforma\u00e7\u00e3o em regra depende do governo federal. [&hellip;]<\/p>\n","protected":false},"author":1,"featured_media":22776,"comment_status":"open","ping_status":"open","sticky":false,"template":"","format":"standard","meta":{"footnotes":""},"categories":[140],"tags":[],"class_list":["post-22775","post","type-post","status-publish","format-standard","has-post-thumbnail","hentry","category-noticias"],"yoast_head":"<!-- This site is optimized with the Yoast SEO plugin v26.9 - https:\/\/yoast.com\/product\/yoast-seo-wordpress\/ -->\n<title>Anvisa recomenda ao governo exig\u00eancia de vacina para entrada no Brasil - Federassantas<\/title>\n<meta name=\"robots\" content=\"index, follow, max-snippet:-1, max-image-preview:large, max-video-preview:-1\" \/>\n<link rel=\"canonical\" href=\"https:\/\/www.federassantas.org.br\/novosite\/anvisa-recomenda-ao-governo-exigencia-de-vacina-para-entrada-no-brasil\/\" \/>\n<meta property=\"og:locale\" content=\"pt_BR\" \/>\n<meta property=\"og:type\" content=\"article\" \/>\n<meta property=\"og:title\" content=\"Anvisa recomenda ao governo exig\u00eancia de vacina para entrada no Brasil - Federassantas\" \/>\n<meta property=\"og:description\" content=\"Ag\u00eancia defende que a pol\u00edtica para as fronteiras seja revista A Ag\u00eancia Nacional de Vigil\u00e2ncia Sanit\u00e1ria (Anvisa) divulgou novas recomenda\u00e7\u00f5es ao governo federal sobre viagens ao Brasil. As diretrizes trazem avalia\u00e7\u00f5es do \u00f3rg\u00e3o sanit\u00e1rio sobre os protocolos que devem ser adotados para a entrada no pa\u00eds. Mas a transforma\u00e7\u00e3o em regra depende do governo federal. [&hellip;]\" \/>\n<meta property=\"og:url\" content=\"https:\/\/www.federassantas.org.br\/novosite\/anvisa-recomenda-ao-governo-exigencia-de-vacina-para-entrada-no-brasil\/\" \/>\n<meta property=\"og:site_name\" content=\"Federassantas\" \/>\n<meta property=\"article:published_time\" content=\"2021-11-26T19:15:39+00:00\" \/>\n<meta name=\"author\" content=\"admin-federas\" \/>\n<meta name=\"twitter:card\" content=\"summary_large_image\" \/>\n<meta name=\"twitter:label1\" content=\"Escrito por\" \/>\n\t<meta name=\"twitter:data1\" content=\"admin-federas\" \/>\n\t<meta name=\"twitter:label2\" content=\"Est. tempo de leitura\" \/>\n\t<meta name=\"twitter:data2\" content=\"4 minutos\" \/>\n<script type=\"application\/ld+json\" class=\"yoast-schema-graph\">{\"@context\":\"https:\/\/schema.org\",\"@graph\":[{\"@type\":\"Article\",\"@id\":\"https:\/\/www.federassantas.org.br\/novosite\/anvisa-recomenda-ao-governo-exigencia-de-vacina-para-entrada-no-brasil\/#article\",\"isPartOf\":{\"@id\":\"https:\/\/www.federassantas.org.br\/novosite\/anvisa-recomenda-ao-governo-exigencia-de-vacina-para-entrada-no-brasil\/\"},\"author\":{\"name\":\"admin-federas\",\"@id\":\"https:\/\/www.federassantas.org.br\/novosite\/#\/schema\/person\/75fed98158349313fe56175f232f513c\"},\"headline\":\"Anvisa recomenda ao governo exig\u00eancia de vacina para entrada no Brasil\",\"datePublished\":\"2021-11-26T19:15:39+00:00\",\"mainEntityOfPage\":{\"@id\":\"https:\/\/www.federassantas.org.br\/novosite\/anvisa-recomenda-ao-governo-exigencia-de-vacina-para-entrada-no-brasil\/\"},\"wordCount\":733,\"commentCount\":0,\"publisher\":{\"@id\":\"https:\/\/www.federassantas.org.br\/novosite\/#organization\"},\"image\":{\"@id\":\"https:\/\/www.federassantas.org.br\/novosite\/anvisa-recomenda-ao-governo-exigencia-de-vacina-para-entrada-no-brasil\/#primaryimage\"},\"thumbnailUrl\":\"\",\"articleSection\":[\"Not\u00edcias\"],\"inLanguage\":\"pt-BR\",\"potentialAction\":[{\"@type\":\"CommentAction\",\"name\":\"Comment\",\"target\":[\"https:\/\/www.federassantas.org.br\/novosite\/anvisa-recomenda-ao-governo-exigencia-de-vacina-para-entrada-no-brasil\/#respond\"]}]},{\"@type\":\"WebPage\",\"@id\":\"https:\/\/www.federassantas.org.br\/novosite\/anvisa-recomenda-ao-governo-exigencia-de-vacina-para-entrada-no-brasil\/\",\"url\":\"https:\/\/www.federassantas.org.br\/novosite\/anvisa-recomenda-ao-governo-exigencia-de-vacina-para-entrada-no-brasil\/\",\"name\":\"Anvisa recomenda ao governo exig\u00eancia de vacina para entrada no Brasil - Federassantas\",\"isPartOf\":{\"@id\":\"https:\/\/www.federassantas.org.br\/novosite\/#website\"},\"primaryImageOfPage\":{\"@id\":\"https:\/\/www.federassantas.org.br\/novosite\/anvisa-recomenda-ao-governo-exigencia-de-vacina-para-entrada-no-brasil\/#primaryimage\"},\"image\":{\"@id\":\"https:\/\/www.federassantas.org.br\/novosite\/anvisa-recomenda-ao-governo-exigencia-de-vacina-para-entrada-no-brasil\/#primaryimage\"},\"thumbnailUrl\":\"\",\"datePublished\":\"2021-11-26T19:15:39+00:00\",\"breadcrumb\":{\"@id\":\"https:\/\/www.federassantas.org.br\/novosite\/anvisa-recomenda-ao-governo-exigencia-de-vacina-para-entrada-no-brasil\/#breadcrumb\"},\"inLanguage\":\"pt-BR\",\"potentialAction\":[{\"@type\":\"ReadAction\",\"target\":[\"https:\/\/www.federassantas.org.br\/novosite\/anvisa-recomenda-ao-governo-exigencia-de-vacina-para-entrada-no-brasil\/\"]}]},{\"@type\":\"ImageObject\",\"inLanguage\":\"pt-BR\",\"@id\":\"https:\/\/www.federassantas.org.br\/novosite\/anvisa-recomenda-ao-governo-exigencia-de-vacina-para-entrada-no-brasil\/#primaryimage\",\"url\":\"\",\"contentUrl\":\"\"},{\"@type\":\"BreadcrumbList\",\"@id\":\"https:\/\/www.federassantas.org.br\/novosite\/anvisa-recomenda-ao-governo-exigencia-de-vacina-para-entrada-no-brasil\/#breadcrumb\",\"itemListElement\":[{\"@type\":\"ListItem\",\"position\":1,\"name\":\"In\u00edcio\",\"item\":\"https:\/\/www.federassantas.org.br\/novosite\/\"},{\"@type\":\"ListItem\",\"position\":2,\"name\":\"Anvisa recomenda ao governo exig\u00eancia de vacina para entrada no Brasil\"}]},{\"@type\":\"WebSite\",\"@id\":\"https:\/\/www.federassantas.org.br\/novosite\/#website\",\"url\":\"https:\/\/www.federassantas.org.br\/novosite\/\",\"name\":\"Federassantas\",\"description\":\"Fed. das Santas Casas e Hospitais Filantr\u00f3picos de MG\",\"publisher\":{\"@id\":\"https:\/\/www.federassantas.org.br\/novosite\/#organization\"},\"potentialAction\":[{\"@type\":\"SearchAction\",\"target\":{\"@type\":\"EntryPoint\",\"urlTemplate\":\"https:\/\/www.federassantas.org.br\/novosite\/?s={search_term_string}\"},\"query-input\":{\"@type\":\"PropertyValueSpecification\",\"valueRequired\":true,\"valueName\":\"search_term_string\"}}],\"inLanguage\":\"pt-BR\"},{\"@type\":\"Organization\",\"@id\":\"https:\/\/www.federassantas.org.br\/novosite\/#organization\",\"name\":\"Federassantas\",\"url\":\"https:\/\/www.federassantas.org.br\/novosite\/\",\"logo\":{\"@type\":\"ImageObject\",\"inLanguage\":\"pt-BR\",\"@id\":\"https:\/\/www.federassantas.org.br\/novosite\/#\/schema\/logo\/image\/\",\"url\":\"https:\/\/www.federassantas.org.br\/novosite\/wp-content\/uploads\/2021\/12\/logo.png\",\"contentUrl\":\"https:\/\/www.federassantas.org.br\/novosite\/wp-content\/uploads\/2021\/12\/logo.png\",\"width\":243,\"height\":59,\"caption\":\"Federassantas\"},\"image\":{\"@id\":\"https:\/\/www.federassantas.org.br\/novosite\/#\/schema\/logo\/image\/\"}},{\"@type\":\"Person\",\"@id\":\"https:\/\/www.federassantas.org.br\/novosite\/#\/schema\/person\/75fed98158349313fe56175f232f513c\",\"name\":\"admin-federas\",\"image\":{\"@type\":\"ImageObject\",\"inLanguage\":\"pt-BR\",\"@id\":\"https:\/\/www.federassantas.org.br\/novosite\/#\/schema\/person\/image\/\",\"url\":\"https:\/\/secure.gravatar.com\/avatar\/2a02d7dda59fe8dc6b7ffd3f652e2efede5ccf0dd89dfdc8137c5517f3de8407?s=96&d=mm&r=g\",\"contentUrl\":\"https:\/\/secure.gravatar.com\/avatar\/2a02d7dda59fe8dc6b7ffd3f652e2efede5ccf0dd89dfdc8137c5517f3de8407?s=96&d=mm&r=g\",\"caption\":\"admin-federas\"},\"sameAs\":[\"https:\/\/www.federassantas.org.br\/novosite\/\"],\"url\":\"https:\/\/www.federassantas.org.br\/novosite\/author\/admin-federas\/\"}]}<\/script>\n<!-- \/ Yoast SEO plugin. -->","yoast_head_json":{"title":"Anvisa recomenda ao governo exig\u00eancia de vacina para entrada no Brasil - Federassantas","robots":{"index":"index","follow":"follow","max-snippet":"max-snippet:-1","max-image-preview":"max-image-preview:large","max-video-preview":"max-video-preview:-1"},"canonical":"https:\/\/www.federassantas.org.br\/novosite\/anvisa-recomenda-ao-governo-exigencia-de-vacina-para-entrada-no-brasil\/","og_locale":"pt_BR","og_type":"article","og_title":"Anvisa recomenda ao governo exig\u00eancia de vacina para entrada no Brasil - Federassantas","og_description":"Ag\u00eancia defende que a pol\u00edtica para as fronteiras seja revista A Ag\u00eancia Nacional de Vigil\u00e2ncia Sanit\u00e1ria (Anvisa) divulgou novas recomenda\u00e7\u00f5es ao governo federal sobre viagens ao Brasil. As diretrizes trazem avalia\u00e7\u00f5es do \u00f3rg\u00e3o sanit\u00e1rio sobre os protocolos que devem ser adotados para a entrada no pa\u00eds. Mas a transforma\u00e7\u00e3o em regra depende do governo federal. [&hellip;]","og_url":"https:\/\/www.federassantas.org.br\/novosite\/anvisa-recomenda-ao-governo-exigencia-de-vacina-para-entrada-no-brasil\/","og_site_name":"Federassantas","article_published_time":"2021-11-26T19:15:39+00:00","author":"admin-federas","twitter_card":"summary_large_image","twitter_misc":{"Escrito por":"admin-federas","Est. tempo de leitura":"4 minutos"},"schema":{"@context":"https:\/\/schema.org","@graph":[{"@type":"Article","@id":"https:\/\/www.federassantas.org.br\/novosite\/anvisa-recomenda-ao-governo-exigencia-de-vacina-para-entrada-no-brasil\/#article","isPartOf":{"@id":"https:\/\/www.federassantas.org.br\/novosite\/anvisa-recomenda-ao-governo-exigencia-de-vacina-para-entrada-no-brasil\/"},"author":{"name":"admin-federas","@id":"https:\/\/www.federassantas.org.br\/novosite\/#\/schema\/person\/75fed98158349313fe56175f232f513c"},"headline":"Anvisa recomenda ao governo exig\u00eancia de vacina para entrada no Brasil","datePublished":"2021-11-26T19:15:39+00:00","mainEntityOfPage":{"@id":"https:\/\/www.federassantas.org.br\/novosite\/anvisa-recomenda-ao-governo-exigencia-de-vacina-para-entrada-no-brasil\/"},"wordCount":733,"commentCount":0,"publisher":{"@id":"https:\/\/www.federassantas.org.br\/novosite\/#organization"},"image":{"@id":"https:\/\/www.federassantas.org.br\/novosite\/anvisa-recomenda-ao-governo-exigencia-de-vacina-para-entrada-no-brasil\/#primaryimage"},"thumbnailUrl":"","articleSection":["Not\u00edcias"],"inLanguage":"pt-BR","potentialAction":[{"@type":"CommentAction","name":"Comment","target":["https:\/\/www.federassantas.org.br\/novosite\/anvisa-recomenda-ao-governo-exigencia-de-vacina-para-entrada-no-brasil\/#respond"]}]},{"@type":"WebPage","@id":"https:\/\/www.federassantas.org.br\/novosite\/anvisa-recomenda-ao-governo-exigencia-de-vacina-para-entrada-no-brasil\/","url":"https:\/\/www.federassantas.org.br\/novosite\/anvisa-recomenda-ao-governo-exigencia-de-vacina-para-entrada-no-brasil\/","name":"Anvisa recomenda ao governo exig\u00eancia de vacina para entrada no Brasil - Federassantas","isPartOf":{"@id":"https:\/\/www.federassantas.org.br\/novosite\/#website"},"primaryImageOfPage":{"@id":"https:\/\/www.federassantas.org.br\/novosite\/anvisa-recomenda-ao-governo-exigencia-de-vacina-para-entrada-no-brasil\/#primaryimage"},"image":{"@id":"https:\/\/www.federassantas.org.br\/novosite\/anvisa-recomenda-ao-governo-exigencia-de-vacina-para-entrada-no-brasil\/#primaryimage"},"thumbnailUrl":"","datePublished":"2021-11-26T19:15:39+00:00","breadcrumb":{"@id":"https:\/\/www.federassantas.org.br\/novosite\/anvisa-recomenda-ao-governo-exigencia-de-vacina-para-entrada-no-brasil\/#breadcrumb"},"inLanguage":"pt-BR","potentialAction":[{"@type":"ReadAction","target":["https:\/\/www.federassantas.org.br\/novosite\/anvisa-recomenda-ao-governo-exigencia-de-vacina-para-entrada-no-brasil\/"]}]},{"@type":"ImageObject","inLanguage":"pt-BR","@id":"https:\/\/www.federassantas.org.br\/novosite\/anvisa-recomenda-ao-governo-exigencia-de-vacina-para-entrada-no-brasil\/#primaryimage","url":"","contentUrl":""},{"@type":"BreadcrumbList","@id":"https:\/\/www.federassantas.org.br\/novosite\/anvisa-recomenda-ao-governo-exigencia-de-vacina-para-entrada-no-brasil\/#breadcrumb","itemListElement":[{"@type":"ListItem","position":1,"name":"In\u00edcio","item":"https:\/\/www.federassantas.org.br\/novosite\/"},{"@type":"ListItem","position":2,"name":"Anvisa recomenda ao governo exig\u00eancia de vacina para entrada no Brasil"}]},{"@type":"WebSite","@id":"https:\/\/www.federassantas.org.br\/novosite\/#website","url":"https:\/\/www.federassantas.org.br\/novosite\/","name":"Federassantas","description":"Fed. das Santas Casas e Hospitais Filantr\u00f3picos de MG","publisher":{"@id":"https:\/\/www.federassantas.org.br\/novosite\/#organization"},"potentialAction":[{"@type":"SearchAction","target":{"@type":"EntryPoint","urlTemplate":"https:\/\/www.federassantas.org.br\/novosite\/?s={search_term_string}"},"query-input":{"@type":"PropertyValueSpecification","valueRequired":true,"valueName":"search_term_string"}}],"inLanguage":"pt-BR"},{"@type":"Organization","@id":"https:\/\/www.federassantas.org.br\/novosite\/#organization","name":"Federassantas","url":"https:\/\/www.federassantas.org.br\/novosite\/","logo":{"@type":"ImageObject","inLanguage":"pt-BR","@id":"https:\/\/www.federassantas.org.br\/novosite\/#\/schema\/logo\/image\/","url":"https:\/\/www.federassantas.org.br\/novosite\/wp-content\/uploads\/2021\/12\/logo.png","contentUrl":"https:\/\/www.federassantas.org.br\/novosite\/wp-content\/uploads\/2021\/12\/logo.png","width":243,"height":59,"caption":"Federassantas"},"image":{"@id":"https:\/\/www.federassantas.org.br\/novosite\/#\/schema\/logo\/image\/"}},{"@type":"Person","@id":"https:\/\/www.federassantas.org.br\/novosite\/#\/schema\/person\/75fed98158349313fe56175f232f513c","name":"admin-federas","image":{"@type":"ImageObject","inLanguage":"pt-BR","@id":"https:\/\/www.federassantas.org.br\/novosite\/#\/schema\/person\/image\/","url":"https:\/\/secure.gravatar.com\/avatar\/2a02d7dda59fe8dc6b7ffd3f652e2efede5ccf0dd89dfdc8137c5517f3de8407?s=96&d=mm&r=g","contentUrl":"https:\/\/secure.gravatar.com\/avatar\/2a02d7dda59fe8dc6b7ffd3f652e2efede5ccf0dd89dfdc8137c5517f3de8407?s=96&d=mm&r=g","caption":"admin-federas"},"sameAs":["https:\/\/www.federassantas.org.br\/novosite\/"],"url":"https:\/\/www.federassantas.org.br\/novosite\/author\/admin-federas\/"}]}},"_links":{"self":[{"href":"https:\/\/www.federassantas.org.br\/novosite\/wp-json\/wp\/v2\/posts\/22775","targetHints":{"allow":["GET"]}}],"collection":[{"href":"https:\/\/www.federassantas.org.br\/novosite\/wp-json\/wp\/v2\/posts"}],"about":[{"href":"https:\/\/www.federassantas.org.br\/novosite\/wp-json\/wp\/v2\/types\/post"}],"author":[{"embeddable":true,"href":"https:\/\/www.federassantas.org.br\/novosite\/wp-json\/wp\/v2\/users\/1"}],"replies":[{"embeddable":true,"href":"https:\/\/www.federassantas.org.br\/novosite\/wp-json\/wp\/v2\/comments?post=22775"}],"version-history":[{"count":0,"href":"https:\/\/www.federassantas.org.br\/novosite\/wp-json\/wp\/v2\/posts\/22775\/revisions"}],"wp:featuredmedia":[{"embeddable":true,"href":"https:\/\/www.federassantas.org.br\/novosite\/wp-json\/"}],"wp:attachment":[{"href":"https:\/\/www.federassantas.org.br\/novosite\/wp-json\/wp\/v2\/media?parent=22775"}],"wp:term":[{"taxonomy":"category","embeddable":true,"href":"https:\/\/www.federassantas.org.br\/novosite\/wp-json\/wp\/v2\/categories?post=22775"},{"taxonomy":"post_tag","embeddable":true,"href":"https:\/\/www.federassantas.org.br\/novosite\/wp-json\/wp\/v2\/tags?post=22775"}],"curies":[{"name":"wp","href":"https:\/\/api.w.org\/{rel}","templated":true}]}}