{"id":22782,"date":"2021-11-29T12:26:35","date_gmt":"2021-11-29T15:26:35","guid":{"rendered":"https:\/\/federasbackup.meltcomunicacao.com.br\/?p=22782"},"modified":"2021-11-29T12:26:35","modified_gmt":"2021-11-29T15:26:35","slug":"uso-inadequado-de-remedios-para-emagrecer-pode-causar-serios-danos-a-saude","status":"publish","type":"post","link":"https:\/\/www.federassantas.org.br\/novosite\/uso-inadequado-de-remedios-para-emagrecer-pode-causar-serios-danos-a-saude\/","title":{"rendered":"Uso inadequado de rem\u00e9dios para emagrecer pode causar s\u00e9rios danos \u00e0 sa\u00fade"},"content":{"rendered":"\n<p><em>Especialista da Funda\u00e7\u00e3o S\u00e3o Francisco Xavier alerta para os perigos do uso destas medica\u00e7\u00f5es por quem n\u00e3o tem indica\u00e7\u00e3o m\u00e9dica<\/em><\/p>\n\n\n\n<p>Com a proximidade do ver\u00e3o, o desejo de ficar em forma leva muitas pessoas a buscarem f\u00f3rmulas m\u00e1gicas e r\u00e1pidas para reduzir peso. Uma delas \u00e9 o uso inadequado de rem\u00e9dios que inibem o apetite e saciam a fome, os anorex\u00edgenos. Essas medica\u00e7\u00f5es, no entanto, somente t\u00eam prescri\u00e7\u00e3o para alguns casos. Se utilizadas sem indica\u00e7\u00e3o m\u00e9dica e tratamento adequado podem causar problemas s\u00e9rios \u00e0 sa\u00fade. O alerta \u00e9 da m\u00e9dica endocrinologista da Funda\u00e7\u00e3o S\u00e3o Francisco Xavier, Camila Teixeira Costa, que explica quais s\u00e3o os casos indicados e por quais motivos esses rem\u00e9dios n\u00e3o devem ser utilizados por outras pessoas.<\/p>\n\n\n\n<p>Segundo a m\u00e9dica, os anorex\u00edgenos s\u00e3o utilizados somente para tratamento da obesidade. \u201c\u00c9 preciso ficar bem claro que os rem\u00e9dios conhecidos popularmente como emagrecedores fazem parte do tratamento da obesidade. Eles n\u00e3o t\u00eam indica\u00e7\u00e3o alguma para quem n\u00e3o tenha a doen\u00e7a ou mesmo s\u00f3 queira um emagrecimento r\u00e1pido. Para essas pessoas, a prescri\u00e7\u00e3o \u00e9 a alimenta\u00e7\u00e3o saud\u00e1vel, com reeduca\u00e7\u00e3o alimentar e a pr\u00e1tica de exerc\u00edcios f\u00edsicos regulares\u201d, explica.<\/p>\n\n\n\n<p>A endocrinologista explica que a obesidade \u00e9 uma doen\u00e7a multifatorial, ou seja, desencadeada por v\u00e1rios fatores, entre eles os gen\u00e9ticos, hormonais, comportamentais e at\u00e9 mesmo culturais. \u201cEla \u00e9 cr\u00f4nica e progressiva. Para ser considerada obesa uma pessoa deve ter um IMC \u2013 \u00edndice de massa corporal acima de 30. O IMC \u00e9 a medida do peso de um indiv\u00edduo dividido pela altura dele ao quadrado\u201d.<\/p>\n\n\n\n<p><strong>Padr\u00e3o de beleza<\/strong><\/p>\n\n\n\n<p>A profissional de Recursos Humanos, Tha\u00edsa Brunelli, de 35 anos, come\u00e7ou a fazer uso de rem\u00e9dios para emagrecer ainda na adolesc\u00eancia por n\u00e3o se enquadrar nos padr\u00f5es de beleza. \u201cO que eu achava bonito era as mulheres magras. Eu queria ser uma, mas eu era gordinha. Fazia diversas dietas. No ver\u00e3o ficava ainda mais preocupada com o corpo. Queria perder peso de todo jeito e ficar com a barriga seca. Foi a\u00ed que comecei a tomar esses rem\u00e9dios sem um acompanhamento m\u00e9dico adequado\u201d, lembra.<\/p>\n\n\n\n<p>Entre 18 e 21 anos, Tha\u00edsa tinha um \u00edndice de massa corporal de 28, o que n\u00e3o \u00e9 considerado obesidade, e sim, sobrepeso. Com o uso dos rem\u00e9dios, Tha\u00edsa chegava a emagrecer rapidamente. \u201cEu ficava muito feliz. Era tomar aquilo e em um ou dois meses eu perdia muito peso\u201d, lembra. Os rem\u00e9dios provocaram diversos efeitos colaterais nela. \u201cTinha muita diarreia, ins\u00f4nia, ficava irritada com frequ\u00eancia e \u00e0s vezes sentia muitos tremores, mesmo assim o que importava era o resultado final\u201d, lembra.<\/p>\n\n\n\n<p>A briga com a balan\u00e7a foi frequente na vida de Tha\u00edsa. Aos 22 anos e j\u00e1 casada, Tha\u00edsa chegou \u00e0 obesidade, fez um acompanhamento mais s\u00e9rio e relata mudan\u00e7as. \u201cPor volta dos 26 anos fiz o projeto equilibrar, mudei a alimenta\u00e7\u00e3o, fiz atividade f\u00edsica e contei com a ajuda de uma medica\u00e7\u00e3o que me ajudou a emagrecer\u201d.<\/p>\n\n\n\n<p>No entanto, depois que chegou o primeiro filho, na correria do dia a dia, ela confessa que relaxou com o tratamento e voltou a engordar. \u201cEu n\u00e3o fazia mais as coisas certas, n\u00e3o tinha tempo. Depois que me tornei m\u00e3e, desbandou tudo mesmo, sendo que aos 29 tive a doen\u00e7a autoimune e piorou a situa\u00e7\u00e3o porque ganhei muito peso no tratamento com cortic\u00f3ide\u201d. E acrescenta. \u201cCheguei a pesar 105 kg e perdi o controle da situa\u00e7\u00e3o. Acabei apelando para uma cirurgia bari\u00e1trica\u201d.<\/p>\n\n\n\n<p><strong>Indica\u00e7\u00e3o<\/strong><\/p>\n\n\n\n<p>Segundo a endocrinologista, os rem\u00e9dios para o tratamento da obesidade agem reduzindo o apetite, aumentando a sensa\u00e7\u00e3o de saciedade ou mesmo diminuindo a absor\u00e7\u00e3o da gordura dos alimentos. A indica\u00e7\u00e3o da medica\u00e7\u00e3o \u00e9 feita de forma individualizado por meio de uma consulta m\u00e9dica detalhada.<\/p>\n\n\n\n<p>Al\u00e9m do IMC acima de 30, os rem\u00e9dios anorex\u00edgenos podem ser indicados para pessoas com obesidade visceral (circunfer\u00eancia abdominal acima de 80 para as mulheres e acima de 90 para homens) e que sejam portadores de outras doen\u00e7as provenientes do sobrepeso.<\/p>\n\n\n\n<p><strong>Efeitos colaterais<\/strong><\/p>\n\n\n\n<p>Entre os principais efeitos colaterais desses rem\u00e9dios est\u00e3o a dor de cabe\u00e7a, boca seca, diarreia, n\u00e1useas, tonteira e irritabilidade. \u201cAlgumas medica\u00e7\u00f5es, derivadas da anfetamina, foram proibidas no passado devido a recorr\u00eancia e gravidade dos efeitos adversos. As medica\u00e7\u00f5es hoje liberadas para o tratamento da obesidade s\u00e3o seguras, se usadas sob o acompanhamento m\u00e9dico.\u201d, explica Camila.<\/p>\n\n\n\n<p>No entanto, n\u00e3o \u00e9 raro ver pessoas que sofrem com o uso inadequado. \u201cAlguns pacientes fazem uso de associa\u00e7\u00f5es de medica\u00e7\u00f5es, f\u00f3rmulas prescritas por n\u00e3o especialistas inclusive, com o intuito de emagrecimento r\u00e1pido podendo provocar dist\u00farbios hormonais importantes. Isso tudo em excesso pode causar inclusive arritmias card\u00edacas com complica\u00e7\u00f5es severas levando at\u00e9 \u00e0 morte. \u00c9 indispens\u00e1vel o tratamento certo e acompanhamento regular com o m\u00e9dico especialista.\u201d, conclui.<\/p>\n\n\n\n<p><\/p>\n\n\n\n<p>Por: Comunica\u00e7\u00e3o FSFX<\/p>\n","protected":false},"excerpt":{"rendered":"<p>Especialista da Funda\u00e7\u00e3o S\u00e3o Francisco Xavier alerta para os perigos do uso destas medica\u00e7\u00f5es por quem n\u00e3o tem indica\u00e7\u00e3o m\u00e9dica Com a proximidade do ver\u00e3o, o desejo de ficar em forma leva muitas pessoas a buscarem f\u00f3rmulas m\u00e1gicas e r\u00e1pidas para reduzir peso. Uma delas \u00e9 o uso inadequado de rem\u00e9dios que inibem o apetite [&hellip;]<\/p>\n","protected":false},"author":1,"featured_media":22783,"comment_status":"open","ping_status":"open","sticky":false,"template":"","format":"standard","meta":{"footnotes":""},"categories":[140],"tags":[],"class_list":["post-22782","post","type-post","status-publish","format-standard","has-post-thumbnail","hentry","category-noticias"],"yoast_head":"<!-- This site is optimized with the Yoast SEO plugin v26.9 - https:\/\/yoast.com\/product\/yoast-seo-wordpress\/ -->\n<title>Uso inadequado de rem\u00e9dios para emagrecer pode causar s\u00e9rios danos \u00e0 sa\u00fade - Federassantas<\/title>\n<meta name=\"robots\" content=\"index, follow, max-snippet:-1, max-image-preview:large, max-video-preview:-1\" \/>\n<link rel=\"canonical\" href=\"https:\/\/www.federassantas.org.br\/novosite\/uso-inadequado-de-remedios-para-emagrecer-pode-causar-serios-danos-a-saude\/\" \/>\n<meta property=\"og:locale\" content=\"pt_BR\" \/>\n<meta property=\"og:type\" content=\"article\" \/>\n<meta property=\"og:title\" content=\"Uso inadequado de rem\u00e9dios para emagrecer pode causar s\u00e9rios danos \u00e0 sa\u00fade - Federassantas\" \/>\n<meta property=\"og:description\" content=\"Especialista da Funda\u00e7\u00e3o S\u00e3o Francisco Xavier alerta para os perigos do uso destas medica\u00e7\u00f5es por quem n\u00e3o tem indica\u00e7\u00e3o m\u00e9dica Com a proximidade do ver\u00e3o, o desejo de ficar em forma leva muitas pessoas a buscarem f\u00f3rmulas m\u00e1gicas e r\u00e1pidas para reduzir peso. Uma delas \u00e9 o uso inadequado de rem\u00e9dios que inibem o apetite [&hellip;]\" \/>\n<meta property=\"og:url\" content=\"https:\/\/www.federassantas.org.br\/novosite\/uso-inadequado-de-remedios-para-emagrecer-pode-causar-serios-danos-a-saude\/\" \/>\n<meta property=\"og:site_name\" content=\"Federassantas\" \/>\n<meta property=\"article:published_time\" content=\"2021-11-29T15:26:35+00:00\" \/>\n<meta name=\"author\" content=\"admin-federas\" \/>\n<meta name=\"twitter:card\" content=\"summary_large_image\" \/>\n<meta name=\"twitter:label1\" content=\"Escrito por\" \/>\n\t<meta name=\"twitter:data1\" content=\"admin-federas\" \/>\n\t<meta name=\"twitter:label2\" content=\"Est. tempo de leitura\" \/>\n\t<meta name=\"twitter:data2\" content=\"4 minutos\" \/>\n<script type=\"application\/ld+json\" class=\"yoast-schema-graph\">{\"@context\":\"https:\/\/schema.org\",\"@graph\":[{\"@type\":\"Article\",\"@id\":\"https:\/\/www.federassantas.org.br\/novosite\/uso-inadequado-de-remedios-para-emagrecer-pode-causar-serios-danos-a-saude\/#article\",\"isPartOf\":{\"@id\":\"https:\/\/www.federassantas.org.br\/novosite\/uso-inadequado-de-remedios-para-emagrecer-pode-causar-serios-danos-a-saude\/\"},\"author\":{\"name\":\"admin-federas\",\"@id\":\"https:\/\/www.federassantas.org.br\/novosite\/#\/schema\/person\/75fed98158349313fe56175f232f513c\"},\"headline\":\"Uso inadequado de rem\u00e9dios para emagrecer pode causar s\u00e9rios danos \u00e0 sa\u00fade\",\"datePublished\":\"2021-11-29T15:26:35+00:00\",\"mainEntityOfPage\":{\"@id\":\"https:\/\/www.federassantas.org.br\/novosite\/uso-inadequado-de-remedios-para-emagrecer-pode-causar-serios-danos-a-saude\/\"},\"wordCount\":873,\"commentCount\":0,\"publisher\":{\"@id\":\"https:\/\/www.federassantas.org.br\/novosite\/#organization\"},\"image\":{\"@id\":\"https:\/\/www.federassantas.org.br\/novosite\/uso-inadequado-de-remedios-para-emagrecer-pode-causar-serios-danos-a-saude\/#primaryimage\"},\"thumbnailUrl\":\"\",\"articleSection\":[\"Not\u00edcias\"],\"inLanguage\":\"pt-BR\",\"potentialAction\":[{\"@type\":\"CommentAction\",\"name\":\"Comment\",\"target\":[\"https:\/\/www.federassantas.org.br\/novosite\/uso-inadequado-de-remedios-para-emagrecer-pode-causar-serios-danos-a-saude\/#respond\"]}]},{\"@type\":\"WebPage\",\"@id\":\"https:\/\/www.federassantas.org.br\/novosite\/uso-inadequado-de-remedios-para-emagrecer-pode-causar-serios-danos-a-saude\/\",\"url\":\"https:\/\/www.federassantas.org.br\/novosite\/uso-inadequado-de-remedios-para-emagrecer-pode-causar-serios-danos-a-saude\/\",\"name\":\"Uso inadequado de rem\u00e9dios para emagrecer pode causar s\u00e9rios danos \u00e0 sa\u00fade - Federassantas\",\"isPartOf\":{\"@id\":\"https:\/\/www.federassantas.org.br\/novosite\/#website\"},\"primaryImageOfPage\":{\"@id\":\"https:\/\/www.federassantas.org.br\/novosite\/uso-inadequado-de-remedios-para-emagrecer-pode-causar-serios-danos-a-saude\/#primaryimage\"},\"image\":{\"@id\":\"https:\/\/www.federassantas.org.br\/novosite\/uso-inadequado-de-remedios-para-emagrecer-pode-causar-serios-danos-a-saude\/#primaryimage\"},\"thumbnailUrl\":\"\",\"datePublished\":\"2021-11-29T15:26:35+00:00\",\"breadcrumb\":{\"@id\":\"https:\/\/www.federassantas.org.br\/novosite\/uso-inadequado-de-remedios-para-emagrecer-pode-causar-serios-danos-a-saude\/#breadcrumb\"},\"inLanguage\":\"pt-BR\",\"potentialAction\":[{\"@type\":\"ReadAction\",\"target\":[\"https:\/\/www.federassantas.org.br\/novosite\/uso-inadequado-de-remedios-para-emagrecer-pode-causar-serios-danos-a-saude\/\"]}]},{\"@type\":\"ImageObject\",\"inLanguage\":\"pt-BR\",\"@id\":\"https:\/\/www.federassantas.org.br\/novosite\/uso-inadequado-de-remedios-para-emagrecer-pode-causar-serios-danos-a-saude\/#primaryimage\",\"url\":\"\",\"contentUrl\":\"\"},{\"@type\":\"BreadcrumbList\",\"@id\":\"https:\/\/www.federassantas.org.br\/novosite\/uso-inadequado-de-remedios-para-emagrecer-pode-causar-serios-danos-a-saude\/#breadcrumb\",\"itemListElement\":[{\"@type\":\"ListItem\",\"position\":1,\"name\":\"In\u00edcio\",\"item\":\"https:\/\/www.federassantas.org.br\/novosite\/\"},{\"@type\":\"ListItem\",\"position\":2,\"name\":\"Uso inadequado de rem\u00e9dios para emagrecer pode causar s\u00e9rios danos \u00e0 sa\u00fade\"}]},{\"@type\":\"WebSite\",\"@id\":\"https:\/\/www.federassantas.org.br\/novosite\/#website\",\"url\":\"https:\/\/www.federassantas.org.br\/novosite\/\",\"name\":\"Federassantas\",\"description\":\"Fed. das Santas Casas e Hospitais Filantr\u00f3picos de MG\",\"publisher\":{\"@id\":\"https:\/\/www.federassantas.org.br\/novosite\/#organization\"},\"potentialAction\":[{\"@type\":\"SearchAction\",\"target\":{\"@type\":\"EntryPoint\",\"urlTemplate\":\"https:\/\/www.federassantas.org.br\/novosite\/?s={search_term_string}\"},\"query-input\":{\"@type\":\"PropertyValueSpecification\",\"valueRequired\":true,\"valueName\":\"search_term_string\"}}],\"inLanguage\":\"pt-BR\"},{\"@type\":\"Organization\",\"@id\":\"https:\/\/www.federassantas.org.br\/novosite\/#organization\",\"name\":\"Federassantas\",\"url\":\"https:\/\/www.federassantas.org.br\/novosite\/\",\"logo\":{\"@type\":\"ImageObject\",\"inLanguage\":\"pt-BR\",\"@id\":\"https:\/\/www.federassantas.org.br\/novosite\/#\/schema\/logo\/image\/\",\"url\":\"https:\/\/www.federassantas.org.br\/novosite\/wp-content\/uploads\/2021\/12\/logo.png\",\"contentUrl\":\"https:\/\/www.federassantas.org.br\/novosite\/wp-content\/uploads\/2021\/12\/logo.png\",\"width\":243,\"height\":59,\"caption\":\"Federassantas\"},\"image\":{\"@id\":\"https:\/\/www.federassantas.org.br\/novosite\/#\/schema\/logo\/image\/\"}},{\"@type\":\"Person\",\"@id\":\"https:\/\/www.federassantas.org.br\/novosite\/#\/schema\/person\/75fed98158349313fe56175f232f513c\",\"name\":\"admin-federas\",\"image\":{\"@type\":\"ImageObject\",\"inLanguage\":\"pt-BR\",\"@id\":\"https:\/\/www.federassantas.org.br\/novosite\/#\/schema\/person\/image\/\",\"url\":\"https:\/\/secure.gravatar.com\/avatar\/2a02d7dda59fe8dc6b7ffd3f652e2efede5ccf0dd89dfdc8137c5517f3de8407?s=96&d=mm&r=g\",\"contentUrl\":\"https:\/\/secure.gravatar.com\/avatar\/2a02d7dda59fe8dc6b7ffd3f652e2efede5ccf0dd89dfdc8137c5517f3de8407?s=96&d=mm&r=g\",\"caption\":\"admin-federas\"},\"sameAs\":[\"https:\/\/www.federassantas.org.br\/novosite\/\"],\"url\":\"https:\/\/www.federassantas.org.br\/novosite\/author\/admin-federas\/\"}]}<\/script>\n<!-- \/ Yoast SEO plugin. -->","yoast_head_json":{"title":"Uso inadequado de rem\u00e9dios para emagrecer pode causar s\u00e9rios danos \u00e0 sa\u00fade - Federassantas","robots":{"index":"index","follow":"follow","max-snippet":"max-snippet:-1","max-image-preview":"max-image-preview:large","max-video-preview":"max-video-preview:-1"},"canonical":"https:\/\/www.federassantas.org.br\/novosite\/uso-inadequado-de-remedios-para-emagrecer-pode-causar-serios-danos-a-saude\/","og_locale":"pt_BR","og_type":"article","og_title":"Uso inadequado de rem\u00e9dios para emagrecer pode causar s\u00e9rios danos \u00e0 sa\u00fade - Federassantas","og_description":"Especialista da Funda\u00e7\u00e3o S\u00e3o Francisco Xavier alerta para os perigos do uso destas medica\u00e7\u00f5es por quem n\u00e3o tem indica\u00e7\u00e3o m\u00e9dica Com a proximidade do ver\u00e3o, o desejo de ficar em forma leva muitas pessoas a buscarem f\u00f3rmulas m\u00e1gicas e r\u00e1pidas para reduzir peso. Uma delas \u00e9 o uso inadequado de rem\u00e9dios que inibem o apetite [&hellip;]","og_url":"https:\/\/www.federassantas.org.br\/novosite\/uso-inadequado-de-remedios-para-emagrecer-pode-causar-serios-danos-a-saude\/","og_site_name":"Federassantas","article_published_time":"2021-11-29T15:26:35+00:00","author":"admin-federas","twitter_card":"summary_large_image","twitter_misc":{"Escrito por":"admin-federas","Est. tempo de leitura":"4 minutos"},"schema":{"@context":"https:\/\/schema.org","@graph":[{"@type":"Article","@id":"https:\/\/www.federassantas.org.br\/novosite\/uso-inadequado-de-remedios-para-emagrecer-pode-causar-serios-danos-a-saude\/#article","isPartOf":{"@id":"https:\/\/www.federassantas.org.br\/novosite\/uso-inadequado-de-remedios-para-emagrecer-pode-causar-serios-danos-a-saude\/"},"author":{"name":"admin-federas","@id":"https:\/\/www.federassantas.org.br\/novosite\/#\/schema\/person\/75fed98158349313fe56175f232f513c"},"headline":"Uso inadequado de rem\u00e9dios para emagrecer pode causar s\u00e9rios danos \u00e0 sa\u00fade","datePublished":"2021-11-29T15:26:35+00:00","mainEntityOfPage":{"@id":"https:\/\/www.federassantas.org.br\/novosite\/uso-inadequado-de-remedios-para-emagrecer-pode-causar-serios-danos-a-saude\/"},"wordCount":873,"commentCount":0,"publisher":{"@id":"https:\/\/www.federassantas.org.br\/novosite\/#organization"},"image":{"@id":"https:\/\/www.federassantas.org.br\/novosite\/uso-inadequado-de-remedios-para-emagrecer-pode-causar-serios-danos-a-saude\/#primaryimage"},"thumbnailUrl":"","articleSection":["Not\u00edcias"],"inLanguage":"pt-BR","potentialAction":[{"@type":"CommentAction","name":"Comment","target":["https:\/\/www.federassantas.org.br\/novosite\/uso-inadequado-de-remedios-para-emagrecer-pode-causar-serios-danos-a-saude\/#respond"]}]},{"@type":"WebPage","@id":"https:\/\/www.federassantas.org.br\/novosite\/uso-inadequado-de-remedios-para-emagrecer-pode-causar-serios-danos-a-saude\/","url":"https:\/\/www.federassantas.org.br\/novosite\/uso-inadequado-de-remedios-para-emagrecer-pode-causar-serios-danos-a-saude\/","name":"Uso inadequado de rem\u00e9dios para emagrecer pode causar s\u00e9rios danos \u00e0 sa\u00fade - Federassantas","isPartOf":{"@id":"https:\/\/www.federassantas.org.br\/novosite\/#website"},"primaryImageOfPage":{"@id":"https:\/\/www.federassantas.org.br\/novosite\/uso-inadequado-de-remedios-para-emagrecer-pode-causar-serios-danos-a-saude\/#primaryimage"},"image":{"@id":"https:\/\/www.federassantas.org.br\/novosite\/uso-inadequado-de-remedios-para-emagrecer-pode-causar-serios-danos-a-saude\/#primaryimage"},"thumbnailUrl":"","datePublished":"2021-11-29T15:26:35+00:00","breadcrumb":{"@id":"https:\/\/www.federassantas.org.br\/novosite\/uso-inadequado-de-remedios-para-emagrecer-pode-causar-serios-danos-a-saude\/#breadcrumb"},"inLanguage":"pt-BR","potentialAction":[{"@type":"ReadAction","target":["https:\/\/www.federassantas.org.br\/novosite\/uso-inadequado-de-remedios-para-emagrecer-pode-causar-serios-danos-a-saude\/"]}]},{"@type":"ImageObject","inLanguage":"pt-BR","@id":"https:\/\/www.federassantas.org.br\/novosite\/uso-inadequado-de-remedios-para-emagrecer-pode-causar-serios-danos-a-saude\/#primaryimage","url":"","contentUrl":""},{"@type":"BreadcrumbList","@id":"https:\/\/www.federassantas.org.br\/novosite\/uso-inadequado-de-remedios-para-emagrecer-pode-causar-serios-danos-a-saude\/#breadcrumb","itemListElement":[{"@type":"ListItem","position":1,"name":"In\u00edcio","item":"https:\/\/www.federassantas.org.br\/novosite\/"},{"@type":"ListItem","position":2,"name":"Uso inadequado de rem\u00e9dios para emagrecer pode causar s\u00e9rios danos \u00e0 sa\u00fade"}]},{"@type":"WebSite","@id":"https:\/\/www.federassantas.org.br\/novosite\/#website","url":"https:\/\/www.federassantas.org.br\/novosite\/","name":"Federassantas","description":"Fed. das Santas Casas e Hospitais Filantr\u00f3picos de MG","publisher":{"@id":"https:\/\/www.federassantas.org.br\/novosite\/#organization"},"potentialAction":[{"@type":"SearchAction","target":{"@type":"EntryPoint","urlTemplate":"https:\/\/www.federassantas.org.br\/novosite\/?s={search_term_string}"},"query-input":{"@type":"PropertyValueSpecification","valueRequired":true,"valueName":"search_term_string"}}],"inLanguage":"pt-BR"},{"@type":"Organization","@id":"https:\/\/www.federassantas.org.br\/novosite\/#organization","name":"Federassantas","url":"https:\/\/www.federassantas.org.br\/novosite\/","logo":{"@type":"ImageObject","inLanguage":"pt-BR","@id":"https:\/\/www.federassantas.org.br\/novosite\/#\/schema\/logo\/image\/","url":"https:\/\/www.federassantas.org.br\/novosite\/wp-content\/uploads\/2021\/12\/logo.png","contentUrl":"https:\/\/www.federassantas.org.br\/novosite\/wp-content\/uploads\/2021\/12\/logo.png","width":243,"height":59,"caption":"Federassantas"},"image":{"@id":"https:\/\/www.federassantas.org.br\/novosite\/#\/schema\/logo\/image\/"}},{"@type":"Person","@id":"https:\/\/www.federassantas.org.br\/novosite\/#\/schema\/person\/75fed98158349313fe56175f232f513c","name":"admin-federas","image":{"@type":"ImageObject","inLanguage":"pt-BR","@id":"https:\/\/www.federassantas.org.br\/novosite\/#\/schema\/person\/image\/","url":"https:\/\/secure.gravatar.com\/avatar\/2a02d7dda59fe8dc6b7ffd3f652e2efede5ccf0dd89dfdc8137c5517f3de8407?s=96&d=mm&r=g","contentUrl":"https:\/\/secure.gravatar.com\/avatar\/2a02d7dda59fe8dc6b7ffd3f652e2efede5ccf0dd89dfdc8137c5517f3de8407?s=96&d=mm&r=g","caption":"admin-federas"},"sameAs":["https:\/\/www.federassantas.org.br\/novosite\/"],"url":"https:\/\/www.federassantas.org.br\/novosite\/author\/admin-federas\/"}]}},"_links":{"self":[{"href":"https:\/\/www.federassantas.org.br\/novosite\/wp-json\/wp\/v2\/posts\/22782","targetHints":{"allow":["GET"]}}],"collection":[{"href":"https:\/\/www.federassantas.org.br\/novosite\/wp-json\/wp\/v2\/posts"}],"about":[{"href":"https:\/\/www.federassantas.org.br\/novosite\/wp-json\/wp\/v2\/types\/post"}],"author":[{"embeddable":true,"href":"https:\/\/www.federassantas.org.br\/novosite\/wp-json\/wp\/v2\/users\/1"}],"replies":[{"embeddable":true,"href":"https:\/\/www.federassantas.org.br\/novosite\/wp-json\/wp\/v2\/comments?post=22782"}],"version-history":[{"count":0,"href":"https:\/\/www.federassantas.org.br\/novosite\/wp-json\/wp\/v2\/posts\/22782\/revisions"}],"wp:featuredmedia":[{"embeddable":true,"href":"https:\/\/www.federassantas.org.br\/novosite\/wp-json\/"}],"wp:attachment":[{"href":"https:\/\/www.federassantas.org.br\/novosite\/wp-json\/wp\/v2\/media?parent=22782"}],"wp:term":[{"taxonomy":"category","embeddable":true,"href":"https:\/\/www.federassantas.org.br\/novosite\/wp-json\/wp\/v2\/categories?post=22782"},{"taxonomy":"post_tag","embeddable":true,"href":"https:\/\/www.federassantas.org.br\/novosite\/wp-json\/wp\/v2\/tags?post=22782"}],"curies":[{"name":"wp","href":"https:\/\/api.w.org\/{rel}","templated":true}]}}