{"id":22785,"date":"2021-11-29T12:36:35","date_gmt":"2021-11-29T15:36:35","guid":{"rendered":"https:\/\/federasbackup.meltcomunicacao.com.br\/?p=22785"},"modified":"2021-11-29T12:36:35","modified_gmt":"2021-11-29T15:36:35","slug":"santa-casa-montes-claros-realiza-1o-pedal-azul","status":"publish","type":"post","link":"https:\/\/www.federassantas.org.br\/novosite\/santa-casa-montes-claros-realiza-1o-pedal-azul\/","title":{"rendered":"Santa Casa Montes Claros realiza 1\u00ba Pedal Azul"},"content":{"rendered":"\n<p>No \u00faltimo s\u00e1bado (27\/11), Dia Nacional de Combate ao C\u00e2ncer, &nbsp;a Santa Casa de Montes Claros e as cl\u00ednicas parceiras Radialis e Oncocenter realizaram o primeiro Pedal Azul. em conscientiza\u00e7\u00e3o ao Novembro Azul &#8211; m\u00eas de combate e preven\u00e7\u00e3o ao c\u00e2ncer de pr\u00f3stata. O evento, que contou com a participa\u00e7\u00e3o de aproximadamente 150 pessoas entre ciclistas e convidados, tamb\u00e9m foi marcado por um &#8220;la\u00e7o humano&#8221; para chamar a aten\u00e7\u00e3o da popula\u00e7\u00e3o em rela\u00e7\u00e3o ao cuidado com a sa\u00fade e, em especial, os homens. A sensibiliza\u00e7\u00e3o foi feita no Parque Municipal Milton Prates.<\/p>\n\n\n\n<p>Para a m\u00e9dica radio-oncologista Lucianne Costa Lima, a\u00e7\u00f5es como essa tem muita relev\u00e2ncia. &#8220;Quanto antes a pessoa come\u00e7ar o tratamento, maiores ser\u00e3o as chances de cura. Esse tipo de iniciativa \u00e9 para incentivar que todos lutem contra o c\u00e2ncer de pr\u00f3stata e em defesa da vida&#8221;. A oncologista cl\u00ednica Juliana Arruda tamb\u00e9m refor\u00e7ou a import\u00e2ncia do evento. &#8220;A\u00e7\u00f5es em promo\u00e7\u00e3o \u00e0 sa\u00fade s\u00e3o iniciativas que podem salvar vidas. \u00c9 preciso nos unir cada vez mais para disseminar informa\u00e7\u00f5es sobre preven\u00e7\u00e3o para a popula\u00e7\u00e3o&#8221;.<\/p>\n\n\n\n<p>O m\u00e9dico urologista Conrado Menezes aproveitou a oportunidade para destacar uma rotina de vida mais saud\u00e1vel. &#8220;O c\u00e2ncer de pr\u00f3stata chega a ter 90% de cura quando detectado precocemente. Por isso a import\u00e2ncia de realizar os exames de rotina e consultar um especialista. Mas, al\u00e9m disso, outra possibilidade que a pessoa pode adotar \u00e9 a pr\u00e1tica de atividades f\u00edsicas e a alimenta\u00e7\u00e3o balanceada. Essas atitudes podem contribuir n\u00e3o s\u00f3 para preven\u00e7\u00e3o do c\u00e2ncer, mas tamb\u00e9m de outras enfermidades&#8221;.<\/p>\n\n\n\n<p>Al\u00e9m de ressaltar a import\u00e2ncia da preven\u00e7\u00e3o e diagn\u00f3stico precoce, o evento tamb\u00e9m teve como foco a solidariedade. O valor arrecadado durante as inscri\u00e7\u00f5es foi revertido, em sua totalidade, em doa\u00e7\u00f5es para a Casa de Apoio Santa Bernadete, que \u00e9 uma institui\u00e7\u00e3o filantr\u00f3pica, sem fins lucrativos, que tem como finalidade prestar assist\u00eancia social e prote\u00e7\u00e3o \u00e0 sa\u00fade daqueles que se encontram com diagn\u00f3stico de c\u00e2ncer e em tratamento ambulatorial de quimioterapia e radioterapia nos servi\u00e7os de oncologia de Montes Claros.<\/p>\n\n\n\n<p>Para ofertar esses servi\u00e7os aos acolhidos, a Casa \u00e9 mantida por doa\u00e7\u00f5es da comunidade e eventos realizados por volunt\u00e1rios, diretoria e colaboradores da institui\u00e7\u00e3o. O local oferece aos acolhidos e acompanhantes atendimento especializado com equipe multiprofissional, hospedagem, alimenta\u00e7\u00e3o, suplementos alimentares e transporte para os centros de oncologia da cidade. A Casa de Apoio Santa Bernadete tamb\u00e9m recebeu doa\u00e7\u00e3o de alimentos n\u00e3o perec\u00edveis, que foram arrecadados durante o pedal.<\/p>\n\n\n\n<p>A iniciativa contou com o patroc\u00ednio da Turano Construtora, F4 Sports e F7 Sports e com o apoio do jornalista Du Novais, das R\u00e1dios POP e Educadora, Secretaria Municipal de Meio Ambiente e Desenvolvimento Sustent\u00e1vel, Prefeitura de Montes Claros, MCTRANS e Corpo de Bombeiros.<\/p>\n\n\n\n<figure class=\"wp-block-image size-medium\"><img fetchpriority=\"high\" decoding=\"async\" width=\"300\" height=\"169\" src=\"http:\/\/federasbackup.meltcomunicacao.com.br\/wp-content\/uploads\/2021\/11\/LACO-HUMANO-NOV-AZUL-2021-300x169.jpg\" alt=\"\" class=\"wp-image-22786\" srcset=\"https:\/\/www.federassantas.org.br\/novosite\/wp-content\/uploads\/2021\/11\/LACO-HUMANO-NOV-AZUL-2021-300x169.jpg 300w, https:\/\/www.federassantas.org.br\/novosite\/wp-content\/uploads\/2021\/11\/LACO-HUMANO-NOV-AZUL-2021-1024x576.jpg 1024w, https:\/\/www.federassantas.org.br\/novosite\/wp-content\/uploads\/2021\/11\/LACO-HUMANO-NOV-AZUL-2021-768x432.jpg 768w, https:\/\/www.federassantas.org.br\/novosite\/wp-content\/uploads\/2021\/11\/LACO-HUMANO-NOV-AZUL-2021.jpg 1280w\" sizes=\"(max-width: 300px) 100vw, 300px\" \/><\/figure>\n\n\n\n<p>Por: Ana Paula Paix\u00e3o<\/p>\n","protected":false},"excerpt":{"rendered":"<p>No \u00faltimo s\u00e1bado (27\/11), Dia Nacional de Combate ao C\u00e2ncer, &nbsp;a Santa Casa de Montes Claros e as cl\u00ednicas parceiras Radialis e Oncocenter realizaram o primeiro Pedal Azul. em conscientiza\u00e7\u00e3o ao Novembro Azul &#8211; m\u00eas de combate e preven\u00e7\u00e3o ao c\u00e2ncer de pr\u00f3stata. O evento, que contou com a participa\u00e7\u00e3o de aproximadamente 150 pessoas entre [&hellip;]<\/p>\n","protected":false},"author":1,"featured_media":22787,"comment_status":"open","ping_status":"open","sticky":false,"template":"","format":"standard","meta":{"footnotes":""},"categories":[140,139],"tags":[],"class_list":["post-22785","post","type-post","status-publish","format-standard","has-post-thumbnail","hentry","category-noticias","category-noticias-filiados"],"yoast_head":"<!-- This site is optimized with the Yoast SEO plugin v26.9 - https:\/\/yoast.com\/product\/yoast-seo-wordpress\/ -->\n<title>Santa Casa Montes Claros realiza 1\u00ba Pedal Azul - Federassantas<\/title>\n<meta name=\"robots\" content=\"index, follow, max-snippet:-1, max-image-preview:large, max-video-preview:-1\" \/>\n<link rel=\"canonical\" href=\"https:\/\/www.federassantas.org.br\/novosite\/santa-casa-montes-claros-realiza-1o-pedal-azul\/\" \/>\n<meta property=\"og:locale\" content=\"pt_BR\" \/>\n<meta property=\"og:type\" content=\"article\" \/>\n<meta property=\"og:title\" content=\"Santa Casa Montes Claros realiza 1\u00ba Pedal Azul - Federassantas\" \/>\n<meta property=\"og:description\" content=\"No \u00faltimo s\u00e1bado (27\/11), Dia Nacional de Combate ao C\u00e2ncer, &nbsp;a Santa Casa de Montes Claros e as cl\u00ednicas parceiras Radialis e Oncocenter realizaram o primeiro Pedal Azul. em conscientiza\u00e7\u00e3o ao Novembro Azul &#8211; m\u00eas de combate e preven\u00e7\u00e3o ao c\u00e2ncer de pr\u00f3stata. O evento, que contou com a participa\u00e7\u00e3o de aproximadamente 150 pessoas entre [&hellip;]\" \/>\n<meta property=\"og:url\" content=\"https:\/\/www.federassantas.org.br\/novosite\/santa-casa-montes-claros-realiza-1o-pedal-azul\/\" \/>\n<meta property=\"og:site_name\" content=\"Federassantas\" \/>\n<meta property=\"article:published_time\" content=\"2021-11-29T15:36:35+00:00\" \/>\n<meta property=\"og:image\" content=\"https:\/\/www.federassantas.org.br\/novosite\/wp-content\/uploads\/2021\/11\/Pedal-Azul-2021-scaled-1.jpg\" \/>\n\t<meta property=\"og:image:width\" content=\"2560\" \/>\n\t<meta property=\"og:image:height\" content=\"1707\" \/>\n\t<meta property=\"og:image:type\" content=\"image\/jpeg\" \/>\n<meta name=\"author\" content=\"admin-federas\" \/>\n<meta name=\"twitter:card\" content=\"summary_large_image\" \/>\n<meta name=\"twitter:label1\" content=\"Escrito por\" \/>\n\t<meta name=\"twitter:data1\" content=\"admin-federas\" \/>\n\t<meta name=\"twitter:label2\" content=\"Est. tempo de leitura\" \/>\n\t<meta name=\"twitter:data2\" content=\"3 minutos\" \/>\n<script type=\"application\/ld+json\" class=\"yoast-schema-graph\">{\"@context\":\"https:\/\/schema.org\",\"@graph\":[{\"@type\":\"Article\",\"@id\":\"https:\/\/www.federassantas.org.br\/novosite\/santa-casa-montes-claros-realiza-1o-pedal-azul\/#article\",\"isPartOf\":{\"@id\":\"https:\/\/www.federassantas.org.br\/novosite\/santa-casa-montes-claros-realiza-1o-pedal-azul\/\"},\"author\":{\"name\":\"admin-federas\",\"@id\":\"https:\/\/www.federassantas.org.br\/novosite\/#\/schema\/person\/75fed98158349313fe56175f232f513c\"},\"headline\":\"Santa Casa Montes Claros realiza 1\u00ba Pedal Azul\",\"datePublished\":\"2021-11-29T15:36:35+00:00\",\"mainEntityOfPage\":{\"@id\":\"https:\/\/www.federassantas.org.br\/novosite\/santa-casa-montes-claros-realiza-1o-pedal-azul\/\"},\"wordCount\":522,\"commentCount\":0,\"publisher\":{\"@id\":\"https:\/\/www.federassantas.org.br\/novosite\/#organization\"},\"image\":{\"@id\":\"https:\/\/www.federassantas.org.br\/novosite\/santa-casa-montes-claros-realiza-1o-pedal-azul\/#primaryimage\"},\"thumbnailUrl\":\"https:\/\/www.federassantas.org.br\/novosite\/wp-content\/uploads\/2021\/11\/Pedal-Azul-2021-scaled-1.jpg\",\"articleSection\":[\"Not\u00edcias\",\"Not\u00edcias filiados\"],\"inLanguage\":\"pt-BR\",\"potentialAction\":[{\"@type\":\"CommentAction\",\"name\":\"Comment\",\"target\":[\"https:\/\/www.federassantas.org.br\/novosite\/santa-casa-montes-claros-realiza-1o-pedal-azul\/#respond\"]}]},{\"@type\":\"WebPage\",\"@id\":\"https:\/\/www.federassantas.org.br\/novosite\/santa-casa-montes-claros-realiza-1o-pedal-azul\/\",\"url\":\"https:\/\/www.federassantas.org.br\/novosite\/santa-casa-montes-claros-realiza-1o-pedal-azul\/\",\"name\":\"Santa Casa Montes Claros realiza 1\u00ba Pedal Azul - Federassantas\",\"isPartOf\":{\"@id\":\"https:\/\/www.federassantas.org.br\/novosite\/#website\"},\"primaryImageOfPage\":{\"@id\":\"https:\/\/www.federassantas.org.br\/novosite\/santa-casa-montes-claros-realiza-1o-pedal-azul\/#primaryimage\"},\"image\":{\"@id\":\"https:\/\/www.federassantas.org.br\/novosite\/santa-casa-montes-claros-realiza-1o-pedal-azul\/#primaryimage\"},\"thumbnailUrl\":\"https:\/\/www.federassantas.org.br\/novosite\/wp-content\/uploads\/2021\/11\/Pedal-Azul-2021-scaled-1.jpg\",\"datePublished\":\"2021-11-29T15:36:35+00:00\",\"breadcrumb\":{\"@id\":\"https:\/\/www.federassantas.org.br\/novosite\/santa-casa-montes-claros-realiza-1o-pedal-azul\/#breadcrumb\"},\"inLanguage\":\"pt-BR\",\"potentialAction\":[{\"@type\":\"ReadAction\",\"target\":[\"https:\/\/www.federassantas.org.br\/novosite\/santa-casa-montes-claros-realiza-1o-pedal-azul\/\"]}]},{\"@type\":\"ImageObject\",\"inLanguage\":\"pt-BR\",\"@id\":\"https:\/\/www.federassantas.org.br\/novosite\/santa-casa-montes-claros-realiza-1o-pedal-azul\/#primaryimage\",\"url\":\"https:\/\/www.federassantas.org.br\/novosite\/wp-content\/uploads\/2021\/11\/Pedal-Azul-2021-scaled-1.jpg\",\"contentUrl\":\"https:\/\/www.federassantas.org.br\/novosite\/wp-content\/uploads\/2021\/11\/Pedal-Azul-2021-scaled-1.jpg\",\"width\":2560,\"height\":1707},{\"@type\":\"BreadcrumbList\",\"@id\":\"https:\/\/www.federassantas.org.br\/novosite\/santa-casa-montes-claros-realiza-1o-pedal-azul\/#breadcrumb\",\"itemListElement\":[{\"@type\":\"ListItem\",\"position\":1,\"name\":\"In\u00edcio\",\"item\":\"https:\/\/www.federassantas.org.br\/novosite\/\"},{\"@type\":\"ListItem\",\"position\":2,\"name\":\"Santa Casa Montes Claros realiza 1\u00ba Pedal Azul\"}]},{\"@type\":\"WebSite\",\"@id\":\"https:\/\/www.federassantas.org.br\/novosite\/#website\",\"url\":\"https:\/\/www.federassantas.org.br\/novosite\/\",\"name\":\"Federassantas\",\"description\":\"Fed. das Santas Casas e Hospitais Filantr\u00f3picos de MG\",\"publisher\":{\"@id\":\"https:\/\/www.federassantas.org.br\/novosite\/#organization\"},\"potentialAction\":[{\"@type\":\"SearchAction\",\"target\":{\"@type\":\"EntryPoint\",\"urlTemplate\":\"https:\/\/www.federassantas.org.br\/novosite\/?s={search_term_string}\"},\"query-input\":{\"@type\":\"PropertyValueSpecification\",\"valueRequired\":true,\"valueName\":\"search_term_string\"}}],\"inLanguage\":\"pt-BR\"},{\"@type\":\"Organization\",\"@id\":\"https:\/\/www.federassantas.org.br\/novosite\/#organization\",\"name\":\"Federassantas\",\"url\":\"https:\/\/www.federassantas.org.br\/novosite\/\",\"logo\":{\"@type\":\"ImageObject\",\"inLanguage\":\"pt-BR\",\"@id\":\"https:\/\/www.federassantas.org.br\/novosite\/#\/schema\/logo\/image\/\",\"url\":\"https:\/\/www.federassantas.org.br\/novosite\/wp-content\/uploads\/2021\/12\/logo.png\",\"contentUrl\":\"https:\/\/www.federassantas.org.br\/novosite\/wp-content\/uploads\/2021\/12\/logo.png\",\"width\":243,\"height\":59,\"caption\":\"Federassantas\"},\"image\":{\"@id\":\"https:\/\/www.federassantas.org.br\/novosite\/#\/schema\/logo\/image\/\"}},{\"@type\":\"Person\",\"@id\":\"https:\/\/www.federassantas.org.br\/novosite\/#\/schema\/person\/75fed98158349313fe56175f232f513c\",\"name\":\"admin-federas\",\"image\":{\"@type\":\"ImageObject\",\"inLanguage\":\"pt-BR\",\"@id\":\"https:\/\/www.federassantas.org.br\/novosite\/#\/schema\/person\/image\/\",\"url\":\"https:\/\/secure.gravatar.com\/avatar\/2a02d7dda59fe8dc6b7ffd3f652e2efede5ccf0dd89dfdc8137c5517f3de8407?s=96&d=mm&r=g\",\"contentUrl\":\"https:\/\/secure.gravatar.com\/avatar\/2a02d7dda59fe8dc6b7ffd3f652e2efede5ccf0dd89dfdc8137c5517f3de8407?s=96&d=mm&r=g\",\"caption\":\"admin-federas\"},\"sameAs\":[\"https:\/\/www.federassantas.org.br\/novosite\/\"],\"url\":\"https:\/\/www.federassantas.org.br\/novosite\/author\/admin-federas\/\"}]}<\/script>\n<!-- \/ Yoast SEO plugin. -->","yoast_head_json":{"title":"Santa Casa Montes Claros realiza 1\u00ba Pedal Azul - Federassantas","robots":{"index":"index","follow":"follow","max-snippet":"max-snippet:-1","max-image-preview":"max-image-preview:large","max-video-preview":"max-video-preview:-1"},"canonical":"https:\/\/www.federassantas.org.br\/novosite\/santa-casa-montes-claros-realiza-1o-pedal-azul\/","og_locale":"pt_BR","og_type":"article","og_title":"Santa Casa Montes Claros realiza 1\u00ba Pedal Azul - Federassantas","og_description":"No \u00faltimo s\u00e1bado (27\/11), Dia Nacional de Combate ao C\u00e2ncer, &nbsp;a Santa Casa de Montes Claros e as cl\u00ednicas parceiras Radialis e Oncocenter realizaram o primeiro Pedal Azul. em conscientiza\u00e7\u00e3o ao Novembro Azul &#8211; m\u00eas de combate e preven\u00e7\u00e3o ao c\u00e2ncer de pr\u00f3stata. O evento, que contou com a participa\u00e7\u00e3o de aproximadamente 150 pessoas entre [&hellip;]","og_url":"https:\/\/www.federassantas.org.br\/novosite\/santa-casa-montes-claros-realiza-1o-pedal-azul\/","og_site_name":"Federassantas","article_published_time":"2021-11-29T15:36:35+00:00","og_image":[{"width":2560,"height":1707,"url":"https:\/\/www.federassantas.org.br\/novosite\/wp-content\/uploads\/2021\/11\/Pedal-Azul-2021-scaled-1.jpg","type":"image\/jpeg"}],"author":"admin-federas","twitter_card":"summary_large_image","twitter_misc":{"Escrito por":"admin-federas","Est. tempo de leitura":"3 minutos"},"schema":{"@context":"https:\/\/schema.org","@graph":[{"@type":"Article","@id":"https:\/\/www.federassantas.org.br\/novosite\/santa-casa-montes-claros-realiza-1o-pedal-azul\/#article","isPartOf":{"@id":"https:\/\/www.federassantas.org.br\/novosite\/santa-casa-montes-claros-realiza-1o-pedal-azul\/"},"author":{"name":"admin-federas","@id":"https:\/\/www.federassantas.org.br\/novosite\/#\/schema\/person\/75fed98158349313fe56175f232f513c"},"headline":"Santa Casa Montes Claros realiza 1\u00ba Pedal Azul","datePublished":"2021-11-29T15:36:35+00:00","mainEntityOfPage":{"@id":"https:\/\/www.federassantas.org.br\/novosite\/santa-casa-montes-claros-realiza-1o-pedal-azul\/"},"wordCount":522,"commentCount":0,"publisher":{"@id":"https:\/\/www.federassantas.org.br\/novosite\/#organization"},"image":{"@id":"https:\/\/www.federassantas.org.br\/novosite\/santa-casa-montes-claros-realiza-1o-pedal-azul\/#primaryimage"},"thumbnailUrl":"https:\/\/www.federassantas.org.br\/novosite\/wp-content\/uploads\/2021\/11\/Pedal-Azul-2021-scaled-1.jpg","articleSection":["Not\u00edcias","Not\u00edcias filiados"],"inLanguage":"pt-BR","potentialAction":[{"@type":"CommentAction","name":"Comment","target":["https:\/\/www.federassantas.org.br\/novosite\/santa-casa-montes-claros-realiza-1o-pedal-azul\/#respond"]}]},{"@type":"WebPage","@id":"https:\/\/www.federassantas.org.br\/novosite\/santa-casa-montes-claros-realiza-1o-pedal-azul\/","url":"https:\/\/www.federassantas.org.br\/novosite\/santa-casa-montes-claros-realiza-1o-pedal-azul\/","name":"Santa Casa Montes Claros realiza 1\u00ba Pedal Azul - Federassantas","isPartOf":{"@id":"https:\/\/www.federassantas.org.br\/novosite\/#website"},"primaryImageOfPage":{"@id":"https:\/\/www.federassantas.org.br\/novosite\/santa-casa-montes-claros-realiza-1o-pedal-azul\/#primaryimage"},"image":{"@id":"https:\/\/www.federassantas.org.br\/novosite\/santa-casa-montes-claros-realiza-1o-pedal-azul\/#primaryimage"},"thumbnailUrl":"https:\/\/www.federassantas.org.br\/novosite\/wp-content\/uploads\/2021\/11\/Pedal-Azul-2021-scaled-1.jpg","datePublished":"2021-11-29T15:36:35+00:00","breadcrumb":{"@id":"https:\/\/www.federassantas.org.br\/novosite\/santa-casa-montes-claros-realiza-1o-pedal-azul\/#breadcrumb"},"inLanguage":"pt-BR","potentialAction":[{"@type":"ReadAction","target":["https:\/\/www.federassantas.org.br\/novosite\/santa-casa-montes-claros-realiza-1o-pedal-azul\/"]}]},{"@type":"ImageObject","inLanguage":"pt-BR","@id":"https:\/\/www.federassantas.org.br\/novosite\/santa-casa-montes-claros-realiza-1o-pedal-azul\/#primaryimage","url":"https:\/\/www.federassantas.org.br\/novosite\/wp-content\/uploads\/2021\/11\/Pedal-Azul-2021-scaled-1.jpg","contentUrl":"https:\/\/www.federassantas.org.br\/novosite\/wp-content\/uploads\/2021\/11\/Pedal-Azul-2021-scaled-1.jpg","width":2560,"height":1707},{"@type":"BreadcrumbList","@id":"https:\/\/www.federassantas.org.br\/novosite\/santa-casa-montes-claros-realiza-1o-pedal-azul\/#breadcrumb","itemListElement":[{"@type":"ListItem","position":1,"name":"In\u00edcio","item":"https:\/\/www.federassantas.org.br\/novosite\/"},{"@type":"ListItem","position":2,"name":"Santa Casa Montes Claros realiza 1\u00ba Pedal Azul"}]},{"@type":"WebSite","@id":"https:\/\/www.federassantas.org.br\/novosite\/#website","url":"https:\/\/www.federassantas.org.br\/novosite\/","name":"Federassantas","description":"Fed. das Santas Casas e Hospitais Filantr\u00f3picos de MG","publisher":{"@id":"https:\/\/www.federassantas.org.br\/novosite\/#organization"},"potentialAction":[{"@type":"SearchAction","target":{"@type":"EntryPoint","urlTemplate":"https:\/\/www.federassantas.org.br\/novosite\/?s={search_term_string}"},"query-input":{"@type":"PropertyValueSpecification","valueRequired":true,"valueName":"search_term_string"}}],"inLanguage":"pt-BR"},{"@type":"Organization","@id":"https:\/\/www.federassantas.org.br\/novosite\/#organization","name":"Federassantas","url":"https:\/\/www.federassantas.org.br\/novosite\/","logo":{"@type":"ImageObject","inLanguage":"pt-BR","@id":"https:\/\/www.federassantas.org.br\/novosite\/#\/schema\/logo\/image\/","url":"https:\/\/www.federassantas.org.br\/novosite\/wp-content\/uploads\/2021\/12\/logo.png","contentUrl":"https:\/\/www.federassantas.org.br\/novosite\/wp-content\/uploads\/2021\/12\/logo.png","width":243,"height":59,"caption":"Federassantas"},"image":{"@id":"https:\/\/www.federassantas.org.br\/novosite\/#\/schema\/logo\/image\/"}},{"@type":"Person","@id":"https:\/\/www.federassantas.org.br\/novosite\/#\/schema\/person\/75fed98158349313fe56175f232f513c","name":"admin-federas","image":{"@type":"ImageObject","inLanguage":"pt-BR","@id":"https:\/\/www.federassantas.org.br\/novosite\/#\/schema\/person\/image\/","url":"https:\/\/secure.gravatar.com\/avatar\/2a02d7dda59fe8dc6b7ffd3f652e2efede5ccf0dd89dfdc8137c5517f3de8407?s=96&d=mm&r=g","contentUrl":"https:\/\/secure.gravatar.com\/avatar\/2a02d7dda59fe8dc6b7ffd3f652e2efede5ccf0dd89dfdc8137c5517f3de8407?s=96&d=mm&r=g","caption":"admin-federas"},"sameAs":["https:\/\/www.federassantas.org.br\/novosite\/"],"url":"https:\/\/www.federassantas.org.br\/novosite\/author\/admin-federas\/"}]}},"_links":{"self":[{"href":"https:\/\/www.federassantas.org.br\/novosite\/wp-json\/wp\/v2\/posts\/22785","targetHints":{"allow":["GET"]}}],"collection":[{"href":"https:\/\/www.federassantas.org.br\/novosite\/wp-json\/wp\/v2\/posts"}],"about":[{"href":"https:\/\/www.federassantas.org.br\/novosite\/wp-json\/wp\/v2\/types\/post"}],"author":[{"embeddable":true,"href":"https:\/\/www.federassantas.org.br\/novosite\/wp-json\/wp\/v2\/users\/1"}],"replies":[{"embeddable":true,"href":"https:\/\/www.federassantas.org.br\/novosite\/wp-json\/wp\/v2\/comments?post=22785"}],"version-history":[{"count":0,"href":"https:\/\/www.federassantas.org.br\/novosite\/wp-json\/wp\/v2\/posts\/22785\/revisions"}],"wp:featuredmedia":[{"embeddable":true,"href":"https:\/\/www.federassantas.org.br\/novosite\/wp-json\/wp\/v2\/media\/22787"}],"wp:attachment":[{"href":"https:\/\/www.federassantas.org.br\/novosite\/wp-json\/wp\/v2\/media?parent=22785"}],"wp:term":[{"taxonomy":"category","embeddable":true,"href":"https:\/\/www.federassantas.org.br\/novosite\/wp-json\/wp\/v2\/categories?post=22785"},{"taxonomy":"post_tag","embeddable":true,"href":"https:\/\/www.federassantas.org.br\/novosite\/wp-json\/wp\/v2\/tags?post=22785"}],"curies":[{"name":"wp","href":"https:\/\/api.w.org\/{rel}","templated":true}]}}