{"id":22789,"date":"2021-12-01T11:55:26","date_gmt":"2021-12-01T14:55:26","guid":{"rendered":"https:\/\/federasbackup.meltcomunicacao.com.br\/?p=22789"},"modified":"2021-12-01T11:55:26","modified_gmt":"2021-12-01T14:55:26","slug":"cirurgia-inedita-no-interior-de-minas-para-reparacao-do-ombro-e-realizada-no-hospital-marcio-cunha","status":"publish","type":"post","link":"https:\/\/www.federassantas.org.br\/novosite\/cirurgia-inedita-no-interior-de-minas-para-reparacao-do-ombro-e-realizada-no-hospital-marcio-cunha\/","title":{"rendered":"Cirurgia in\u00e9dita no interior de Minas para repara\u00e7\u00e3o do ombro \u00e9 realizada no Hospital M\u00e1rcio Cunha"},"content":{"rendered":"\n<p><em>Procedimento minimamente invasivo n\u00e3o viola os tecidos e diminui o risco de infec\u00e7\u00e3o. Realizado no Hospital M\u00e1rcio Cunha, foi o primeiro al\u00e9m dos limites da capital<\/em><\/p>\n\n\n\n<p>A equipe de Ortopedia do Hospital M\u00e1rcio Cunha, em Ipatinga, no leste de Minas, realizou pela primeira vez uma cirurgia de reparo de les\u00e3o do manguito (principal musculatura do ombro), via artroscopia, opera\u00e7\u00e3o por v\u00eddeo. Inspirada na t\u00e9cnica de recupera\u00e7\u00e3o de les\u00f5es irrepar\u00e1veis criada pelo m\u00e9dico japon\u00eas, Teruisha Mihata, a interven\u00e7\u00e3o consiste na inser\u00e7\u00e3o de um enxerto do tecido muscular da coxa (f\u00e1scia lata) na regi\u00e3o do ombro, usando apenas o artrosc\u00f3pio, um tipo de endosc\u00f3pio que \u00e9 inserido dentro da articula\u00e7\u00e3o atrav\u00e9s de uma pequena incis\u00e3o. Em Minas Gerais a cirurgia s\u00f3 havia sido realizada em Belo Horizonte.&nbsp;<\/p>\n\n\n\n<p>O m\u00e9dico ortopedista da Funda\u00e7\u00e3o S\u00e3o Francisco Xavier, administradora do Hospital M\u00e1rcio Cunha, Evander Azevedo Grossi, coordenou a cirurgia. Ele explica que a metodologia \u00e9 revolucion\u00e1ria por ser uma quebra de paradigma no tratamento desse tipo de les\u00e3o. De acordo com o especialista, o ombro, ao contr\u00e1rio de outras articula\u00e7\u00f5es do corpo, tem apenas um tend\u00e3o principal de sustenta\u00e7\u00e3o, conhecido como manguito. Como n\u00e3o \u00e9 poss\u00edvel remover tend\u00f5es supra espinhal e infra espinhal, a indica\u00e7\u00e3o do tratamento para les\u00f5es irrevers\u00edveis do ombro \u00e9 cirurgia para a coloca\u00e7\u00e3o de pr\u00f3teses ou implante muscular, m\u00e9todo invasivo que exige a abertura do paciente. \u201cA grande mudan\u00e7a que alcan\u00e7amos com a nova t\u00e9cnica \u00e9 sua efic\u00e1cia minimamente invasiva que n\u00e3o viola os tecidos, reduzindo o risco de infec\u00e7\u00e3o\u201d, destaca.<\/p>\n\n\n\n<figure class=\"wp-block-image size-large\"><img fetchpriority=\"high\" decoding=\"async\" width=\"286\" height=\"257\" src=\"http:\/\/federasbackup.meltcomunicacao.com.br\/wp-content\/uploads\/2021\/12\/Ortopedista-da-FSFX-Evander-Azevedo-Grossi.jpeg\" alt=\"\" class=\"wp-image-22790\"\/><\/figure>\n\n\n\n<p>Realizado no \u00faltimo dia 12 de novembro, o m\u00e9todo inovador foi acompanhado por todos os m\u00e9dicos ortopedistas do Hospital M\u00e1rcio Cunha com especialidade em cirurgia do ombro e durou cerca de 2h. O paciente, de 54 anos, recebeu alta em 24h e, agora, usar\u00e1 uma tipoia durante 30 dias. \u201cFoi um trabalho realizado a oito m\u00e3os, todos deram a sua contribui\u00e7\u00e3o para esse procedimento que revolucionou o cen\u00e1rio da cirurgia de ombro no Vale do A\u00e7o. Al\u00e9m do sucesso na interven\u00e7\u00e3o,\u00a0o p\u00f3s-cir\u00fargico\u00a0tem apresentado excelentes resultados com menos riscos de complica\u00e7\u00f5es, sendo mais simples e seguro. Acredito que repetir\u00e1 a dose de sucesso\u201d, ressalta Dr. Evander.<\/p>\n\n\n\n<p><\/p>\n\n\n\n<p>Por: Comunica\u00e7\u00e3o FSFX<\/p>\n","protected":false},"excerpt":{"rendered":"<p>Procedimento minimamente invasivo n\u00e3o viola os tecidos e diminui o risco de infec\u00e7\u00e3o. Realizado no Hospital M\u00e1rcio Cunha, foi o primeiro al\u00e9m dos limites da capital A equipe de Ortopedia do Hospital M\u00e1rcio Cunha, em Ipatinga, no leste de Minas, realizou pela primeira vez uma cirurgia de reparo de les\u00e3o do manguito (principal musculatura do [&hellip;]<\/p>\n","protected":false},"author":1,"featured_media":22791,"comment_status":"open","ping_status":"open","sticky":false,"template":"","format":"standard","meta":{"footnotes":""},"categories":[140,139],"tags":[],"class_list":["post-22789","post","type-post","status-publish","format-standard","has-post-thumbnail","hentry","category-noticias","category-noticias-filiados"],"yoast_head":"<!-- This site is optimized with the Yoast SEO plugin v26.9 - https:\/\/yoast.com\/product\/yoast-seo-wordpress\/ -->\n<title>Cirurgia in\u00e9dita no interior de Minas para repara\u00e7\u00e3o do ombro \u00e9 realizada no Hospital M\u00e1rcio Cunha - Federassantas<\/title>\n<meta name=\"robots\" content=\"index, follow, max-snippet:-1, max-image-preview:large, max-video-preview:-1\" \/>\n<link rel=\"canonical\" href=\"https:\/\/www.federassantas.org.br\/novosite\/cirurgia-inedita-no-interior-de-minas-para-reparacao-do-ombro-e-realizada-no-hospital-marcio-cunha\/\" \/>\n<meta property=\"og:locale\" content=\"pt_BR\" \/>\n<meta property=\"og:type\" content=\"article\" \/>\n<meta property=\"og:title\" content=\"Cirurgia in\u00e9dita no interior de Minas para repara\u00e7\u00e3o do ombro \u00e9 realizada no Hospital M\u00e1rcio Cunha - Federassantas\" \/>\n<meta property=\"og:description\" content=\"Procedimento minimamente invasivo n\u00e3o viola os tecidos e diminui o risco de infec\u00e7\u00e3o. Realizado no Hospital M\u00e1rcio Cunha, foi o primeiro al\u00e9m dos limites da capital A equipe de Ortopedia do Hospital M\u00e1rcio Cunha, em Ipatinga, no leste de Minas, realizou pela primeira vez uma cirurgia de reparo de les\u00e3o do manguito (principal musculatura do [&hellip;]\" \/>\n<meta property=\"og:url\" content=\"https:\/\/www.federassantas.org.br\/novosite\/cirurgia-inedita-no-interior-de-minas-para-reparacao-do-ombro-e-realizada-no-hospital-marcio-cunha\/\" \/>\n<meta property=\"og:site_name\" content=\"Federassantas\" \/>\n<meta property=\"article:published_time\" content=\"2021-12-01T14:55:26+00:00\" \/>\n<meta property=\"og:image\" content=\"https:\/\/www.federassantas.org.br\/novosite\/wp-content\/uploads\/2021\/12\/HMC-1-scaled.jpg\" \/>\n\t<meta property=\"og:image:width\" content=\"2560\" \/>\n\t<meta property=\"og:image:height\" content=\"1709\" \/>\n\t<meta property=\"og:image:type\" content=\"image\/jpeg\" \/>\n<meta name=\"author\" content=\"admin-federas\" \/>\n<meta name=\"twitter:card\" content=\"summary_large_image\" \/>\n<meta name=\"twitter:label1\" content=\"Escrito por\" \/>\n\t<meta name=\"twitter:data1\" content=\"admin-federas\" \/>\n\t<meta name=\"twitter:label2\" content=\"Est. tempo de leitura\" \/>\n\t<meta name=\"twitter:data2\" content=\"2 minutos\" \/>\n<script type=\"application\/ld+json\" class=\"yoast-schema-graph\">{\"@context\":\"https:\/\/schema.org\",\"@graph\":[{\"@type\":\"Article\",\"@id\":\"https:\/\/www.federassantas.org.br\/novosite\/cirurgia-inedita-no-interior-de-minas-para-reparacao-do-ombro-e-realizada-no-hospital-marcio-cunha\/#article\",\"isPartOf\":{\"@id\":\"https:\/\/www.federassantas.org.br\/novosite\/cirurgia-inedita-no-interior-de-minas-para-reparacao-do-ombro-e-realizada-no-hospital-marcio-cunha\/\"},\"author\":{\"name\":\"admin-federas\",\"@id\":\"https:\/\/www.federassantas.org.br\/novosite\/#\/schema\/person\/75fed98158349313fe56175f232f513c\"},\"headline\":\"Cirurgia in\u00e9dita no interior de Minas para repara\u00e7\u00e3o do ombro \u00e9 realizada no Hospital M\u00e1rcio Cunha\",\"datePublished\":\"2021-12-01T14:55:26+00:00\",\"mainEntityOfPage\":{\"@id\":\"https:\/\/www.federassantas.org.br\/novosite\/cirurgia-inedita-no-interior-de-minas-para-reparacao-do-ombro-e-realizada-no-hospital-marcio-cunha\/\"},\"wordCount\":432,\"commentCount\":0,\"publisher\":{\"@id\":\"https:\/\/www.federassantas.org.br\/novosite\/#organization\"},\"image\":{\"@id\":\"https:\/\/www.federassantas.org.br\/novosite\/cirurgia-inedita-no-interior-de-minas-para-reparacao-do-ombro-e-realizada-no-hospital-marcio-cunha\/#primaryimage\"},\"thumbnailUrl\":\"https:\/\/www.federassantas.org.br\/novosite\/wp-content\/uploads\/2021\/12\/HMC-1-scaled.jpg\",\"articleSection\":[\"Not\u00edcias\",\"Not\u00edcias filiados\"],\"inLanguage\":\"pt-BR\",\"potentialAction\":[{\"@type\":\"CommentAction\",\"name\":\"Comment\",\"target\":[\"https:\/\/www.federassantas.org.br\/novosite\/cirurgia-inedita-no-interior-de-minas-para-reparacao-do-ombro-e-realizada-no-hospital-marcio-cunha\/#respond\"]}]},{\"@type\":\"WebPage\",\"@id\":\"https:\/\/www.federassantas.org.br\/novosite\/cirurgia-inedita-no-interior-de-minas-para-reparacao-do-ombro-e-realizada-no-hospital-marcio-cunha\/\",\"url\":\"https:\/\/www.federassantas.org.br\/novosite\/cirurgia-inedita-no-interior-de-minas-para-reparacao-do-ombro-e-realizada-no-hospital-marcio-cunha\/\",\"name\":\"Cirurgia in\u00e9dita no interior de Minas para repara\u00e7\u00e3o do ombro \u00e9 realizada no Hospital M\u00e1rcio Cunha - Federassantas\",\"isPartOf\":{\"@id\":\"https:\/\/www.federassantas.org.br\/novosite\/#website\"},\"primaryImageOfPage\":{\"@id\":\"https:\/\/www.federassantas.org.br\/novosite\/cirurgia-inedita-no-interior-de-minas-para-reparacao-do-ombro-e-realizada-no-hospital-marcio-cunha\/#primaryimage\"},\"image\":{\"@id\":\"https:\/\/www.federassantas.org.br\/novosite\/cirurgia-inedita-no-interior-de-minas-para-reparacao-do-ombro-e-realizada-no-hospital-marcio-cunha\/#primaryimage\"},\"thumbnailUrl\":\"https:\/\/www.federassantas.org.br\/novosite\/wp-content\/uploads\/2021\/12\/HMC-1-scaled.jpg\",\"datePublished\":\"2021-12-01T14:55:26+00:00\",\"breadcrumb\":{\"@id\":\"https:\/\/www.federassantas.org.br\/novosite\/cirurgia-inedita-no-interior-de-minas-para-reparacao-do-ombro-e-realizada-no-hospital-marcio-cunha\/#breadcrumb\"},\"inLanguage\":\"pt-BR\",\"potentialAction\":[{\"@type\":\"ReadAction\",\"target\":[\"https:\/\/www.federassantas.org.br\/novosite\/cirurgia-inedita-no-interior-de-minas-para-reparacao-do-ombro-e-realizada-no-hospital-marcio-cunha\/\"]}]},{\"@type\":\"ImageObject\",\"inLanguage\":\"pt-BR\",\"@id\":\"https:\/\/www.federassantas.org.br\/novosite\/cirurgia-inedita-no-interior-de-minas-para-reparacao-do-ombro-e-realizada-no-hospital-marcio-cunha\/#primaryimage\",\"url\":\"https:\/\/www.federassantas.org.br\/novosite\/wp-content\/uploads\/2021\/12\/HMC-1-scaled.jpg\",\"contentUrl\":\"https:\/\/www.federassantas.org.br\/novosite\/wp-content\/uploads\/2021\/12\/HMC-1-scaled.jpg\",\"width\":2560,\"height\":1709},{\"@type\":\"BreadcrumbList\",\"@id\":\"https:\/\/www.federassantas.org.br\/novosite\/cirurgia-inedita-no-interior-de-minas-para-reparacao-do-ombro-e-realizada-no-hospital-marcio-cunha\/#breadcrumb\",\"itemListElement\":[{\"@type\":\"ListItem\",\"position\":1,\"name\":\"In\u00edcio\",\"item\":\"https:\/\/www.federassantas.org.br\/novosite\/\"},{\"@type\":\"ListItem\",\"position\":2,\"name\":\"Cirurgia in\u00e9dita no interior de Minas para repara\u00e7\u00e3o do ombro \u00e9 realizada no Hospital M\u00e1rcio Cunha\"}]},{\"@type\":\"WebSite\",\"@id\":\"https:\/\/www.federassantas.org.br\/novosite\/#website\",\"url\":\"https:\/\/www.federassantas.org.br\/novosite\/\",\"name\":\"Federassantas\",\"description\":\"Fed. das Santas Casas e Hospitais Filantr\u00f3picos de MG\",\"publisher\":{\"@id\":\"https:\/\/www.federassantas.org.br\/novosite\/#organization\"},\"potentialAction\":[{\"@type\":\"SearchAction\",\"target\":{\"@type\":\"EntryPoint\",\"urlTemplate\":\"https:\/\/www.federassantas.org.br\/novosite\/?s={search_term_string}\"},\"query-input\":{\"@type\":\"PropertyValueSpecification\",\"valueRequired\":true,\"valueName\":\"search_term_string\"}}],\"inLanguage\":\"pt-BR\"},{\"@type\":\"Organization\",\"@id\":\"https:\/\/www.federassantas.org.br\/novosite\/#organization\",\"name\":\"Federassantas\",\"url\":\"https:\/\/www.federassantas.org.br\/novosite\/\",\"logo\":{\"@type\":\"ImageObject\",\"inLanguage\":\"pt-BR\",\"@id\":\"https:\/\/www.federassantas.org.br\/novosite\/#\/schema\/logo\/image\/\",\"url\":\"https:\/\/www.federassantas.org.br\/novosite\/wp-content\/uploads\/2021\/12\/logo.png\",\"contentUrl\":\"https:\/\/www.federassantas.org.br\/novosite\/wp-content\/uploads\/2021\/12\/logo.png\",\"width\":243,\"height\":59,\"caption\":\"Federassantas\"},\"image\":{\"@id\":\"https:\/\/www.federassantas.org.br\/novosite\/#\/schema\/logo\/image\/\"}},{\"@type\":\"Person\",\"@id\":\"https:\/\/www.federassantas.org.br\/novosite\/#\/schema\/person\/75fed98158349313fe56175f232f513c\",\"name\":\"admin-federas\",\"image\":{\"@type\":\"ImageObject\",\"inLanguage\":\"pt-BR\",\"@id\":\"https:\/\/www.federassantas.org.br\/novosite\/#\/schema\/person\/image\/\",\"url\":\"https:\/\/secure.gravatar.com\/avatar\/2a02d7dda59fe8dc6b7ffd3f652e2efede5ccf0dd89dfdc8137c5517f3de8407?s=96&d=mm&r=g\",\"contentUrl\":\"https:\/\/secure.gravatar.com\/avatar\/2a02d7dda59fe8dc6b7ffd3f652e2efede5ccf0dd89dfdc8137c5517f3de8407?s=96&d=mm&r=g\",\"caption\":\"admin-federas\"},\"sameAs\":[\"https:\/\/www.federassantas.org.br\/novosite\/\"],\"url\":\"https:\/\/www.federassantas.org.br\/novosite\/author\/admin-federas\/\"}]}<\/script>\n<!-- \/ Yoast SEO plugin. -->","yoast_head_json":{"title":"Cirurgia in\u00e9dita no interior de Minas para repara\u00e7\u00e3o do ombro \u00e9 realizada no Hospital M\u00e1rcio Cunha - Federassantas","robots":{"index":"index","follow":"follow","max-snippet":"max-snippet:-1","max-image-preview":"max-image-preview:large","max-video-preview":"max-video-preview:-1"},"canonical":"https:\/\/www.federassantas.org.br\/novosite\/cirurgia-inedita-no-interior-de-minas-para-reparacao-do-ombro-e-realizada-no-hospital-marcio-cunha\/","og_locale":"pt_BR","og_type":"article","og_title":"Cirurgia in\u00e9dita no interior de Minas para repara\u00e7\u00e3o do ombro \u00e9 realizada no Hospital M\u00e1rcio Cunha - Federassantas","og_description":"Procedimento minimamente invasivo n\u00e3o viola os tecidos e diminui o risco de infec\u00e7\u00e3o. Realizado no Hospital M\u00e1rcio Cunha, foi o primeiro al\u00e9m dos limites da capital A equipe de Ortopedia do Hospital M\u00e1rcio Cunha, em Ipatinga, no leste de Minas, realizou pela primeira vez uma cirurgia de reparo de les\u00e3o do manguito (principal musculatura do [&hellip;]","og_url":"https:\/\/www.federassantas.org.br\/novosite\/cirurgia-inedita-no-interior-de-minas-para-reparacao-do-ombro-e-realizada-no-hospital-marcio-cunha\/","og_site_name":"Federassantas","article_published_time":"2021-12-01T14:55:26+00:00","og_image":[{"width":2560,"height":1709,"url":"https:\/\/www.federassantas.org.br\/novosite\/wp-content\/uploads\/2021\/12\/HMC-1-scaled.jpg","type":"image\/jpeg"}],"author":"admin-federas","twitter_card":"summary_large_image","twitter_misc":{"Escrito por":"admin-federas","Est. tempo de leitura":"2 minutos"},"schema":{"@context":"https:\/\/schema.org","@graph":[{"@type":"Article","@id":"https:\/\/www.federassantas.org.br\/novosite\/cirurgia-inedita-no-interior-de-minas-para-reparacao-do-ombro-e-realizada-no-hospital-marcio-cunha\/#article","isPartOf":{"@id":"https:\/\/www.federassantas.org.br\/novosite\/cirurgia-inedita-no-interior-de-minas-para-reparacao-do-ombro-e-realizada-no-hospital-marcio-cunha\/"},"author":{"name":"admin-federas","@id":"https:\/\/www.federassantas.org.br\/novosite\/#\/schema\/person\/75fed98158349313fe56175f232f513c"},"headline":"Cirurgia in\u00e9dita no interior de Minas para repara\u00e7\u00e3o do ombro \u00e9 realizada no Hospital M\u00e1rcio Cunha","datePublished":"2021-12-01T14:55:26+00:00","mainEntityOfPage":{"@id":"https:\/\/www.federassantas.org.br\/novosite\/cirurgia-inedita-no-interior-de-minas-para-reparacao-do-ombro-e-realizada-no-hospital-marcio-cunha\/"},"wordCount":432,"commentCount":0,"publisher":{"@id":"https:\/\/www.federassantas.org.br\/novosite\/#organization"},"image":{"@id":"https:\/\/www.federassantas.org.br\/novosite\/cirurgia-inedita-no-interior-de-minas-para-reparacao-do-ombro-e-realizada-no-hospital-marcio-cunha\/#primaryimage"},"thumbnailUrl":"https:\/\/www.federassantas.org.br\/novosite\/wp-content\/uploads\/2021\/12\/HMC-1-scaled.jpg","articleSection":["Not\u00edcias","Not\u00edcias filiados"],"inLanguage":"pt-BR","potentialAction":[{"@type":"CommentAction","name":"Comment","target":["https:\/\/www.federassantas.org.br\/novosite\/cirurgia-inedita-no-interior-de-minas-para-reparacao-do-ombro-e-realizada-no-hospital-marcio-cunha\/#respond"]}]},{"@type":"WebPage","@id":"https:\/\/www.federassantas.org.br\/novosite\/cirurgia-inedita-no-interior-de-minas-para-reparacao-do-ombro-e-realizada-no-hospital-marcio-cunha\/","url":"https:\/\/www.federassantas.org.br\/novosite\/cirurgia-inedita-no-interior-de-minas-para-reparacao-do-ombro-e-realizada-no-hospital-marcio-cunha\/","name":"Cirurgia in\u00e9dita no interior de Minas para repara\u00e7\u00e3o do ombro \u00e9 realizada no Hospital M\u00e1rcio Cunha - Federassantas","isPartOf":{"@id":"https:\/\/www.federassantas.org.br\/novosite\/#website"},"primaryImageOfPage":{"@id":"https:\/\/www.federassantas.org.br\/novosite\/cirurgia-inedita-no-interior-de-minas-para-reparacao-do-ombro-e-realizada-no-hospital-marcio-cunha\/#primaryimage"},"image":{"@id":"https:\/\/www.federassantas.org.br\/novosite\/cirurgia-inedita-no-interior-de-minas-para-reparacao-do-ombro-e-realizada-no-hospital-marcio-cunha\/#primaryimage"},"thumbnailUrl":"https:\/\/www.federassantas.org.br\/novosite\/wp-content\/uploads\/2021\/12\/HMC-1-scaled.jpg","datePublished":"2021-12-01T14:55:26+00:00","breadcrumb":{"@id":"https:\/\/www.federassantas.org.br\/novosite\/cirurgia-inedita-no-interior-de-minas-para-reparacao-do-ombro-e-realizada-no-hospital-marcio-cunha\/#breadcrumb"},"inLanguage":"pt-BR","potentialAction":[{"@type":"ReadAction","target":["https:\/\/www.federassantas.org.br\/novosite\/cirurgia-inedita-no-interior-de-minas-para-reparacao-do-ombro-e-realizada-no-hospital-marcio-cunha\/"]}]},{"@type":"ImageObject","inLanguage":"pt-BR","@id":"https:\/\/www.federassantas.org.br\/novosite\/cirurgia-inedita-no-interior-de-minas-para-reparacao-do-ombro-e-realizada-no-hospital-marcio-cunha\/#primaryimage","url":"https:\/\/www.federassantas.org.br\/novosite\/wp-content\/uploads\/2021\/12\/HMC-1-scaled.jpg","contentUrl":"https:\/\/www.federassantas.org.br\/novosite\/wp-content\/uploads\/2021\/12\/HMC-1-scaled.jpg","width":2560,"height":1709},{"@type":"BreadcrumbList","@id":"https:\/\/www.federassantas.org.br\/novosite\/cirurgia-inedita-no-interior-de-minas-para-reparacao-do-ombro-e-realizada-no-hospital-marcio-cunha\/#breadcrumb","itemListElement":[{"@type":"ListItem","position":1,"name":"In\u00edcio","item":"https:\/\/www.federassantas.org.br\/novosite\/"},{"@type":"ListItem","position":2,"name":"Cirurgia in\u00e9dita no interior de Minas para repara\u00e7\u00e3o do ombro \u00e9 realizada no Hospital M\u00e1rcio Cunha"}]},{"@type":"WebSite","@id":"https:\/\/www.federassantas.org.br\/novosite\/#website","url":"https:\/\/www.federassantas.org.br\/novosite\/","name":"Federassantas","description":"Fed. das Santas Casas e Hospitais Filantr\u00f3picos de MG","publisher":{"@id":"https:\/\/www.federassantas.org.br\/novosite\/#organization"},"potentialAction":[{"@type":"SearchAction","target":{"@type":"EntryPoint","urlTemplate":"https:\/\/www.federassantas.org.br\/novosite\/?s={search_term_string}"},"query-input":{"@type":"PropertyValueSpecification","valueRequired":true,"valueName":"search_term_string"}}],"inLanguage":"pt-BR"},{"@type":"Organization","@id":"https:\/\/www.federassantas.org.br\/novosite\/#organization","name":"Federassantas","url":"https:\/\/www.federassantas.org.br\/novosite\/","logo":{"@type":"ImageObject","inLanguage":"pt-BR","@id":"https:\/\/www.federassantas.org.br\/novosite\/#\/schema\/logo\/image\/","url":"https:\/\/www.federassantas.org.br\/novosite\/wp-content\/uploads\/2021\/12\/logo.png","contentUrl":"https:\/\/www.federassantas.org.br\/novosite\/wp-content\/uploads\/2021\/12\/logo.png","width":243,"height":59,"caption":"Federassantas"},"image":{"@id":"https:\/\/www.federassantas.org.br\/novosite\/#\/schema\/logo\/image\/"}},{"@type":"Person","@id":"https:\/\/www.federassantas.org.br\/novosite\/#\/schema\/person\/75fed98158349313fe56175f232f513c","name":"admin-federas","image":{"@type":"ImageObject","inLanguage":"pt-BR","@id":"https:\/\/www.federassantas.org.br\/novosite\/#\/schema\/person\/image\/","url":"https:\/\/secure.gravatar.com\/avatar\/2a02d7dda59fe8dc6b7ffd3f652e2efede5ccf0dd89dfdc8137c5517f3de8407?s=96&d=mm&r=g","contentUrl":"https:\/\/secure.gravatar.com\/avatar\/2a02d7dda59fe8dc6b7ffd3f652e2efede5ccf0dd89dfdc8137c5517f3de8407?s=96&d=mm&r=g","caption":"admin-federas"},"sameAs":["https:\/\/www.federassantas.org.br\/novosite\/"],"url":"https:\/\/www.federassantas.org.br\/novosite\/author\/admin-federas\/"}]}},"_links":{"self":[{"href":"https:\/\/www.federassantas.org.br\/novosite\/wp-json\/wp\/v2\/posts\/22789","targetHints":{"allow":["GET"]}}],"collection":[{"href":"https:\/\/www.federassantas.org.br\/novosite\/wp-json\/wp\/v2\/posts"}],"about":[{"href":"https:\/\/www.federassantas.org.br\/novosite\/wp-json\/wp\/v2\/types\/post"}],"author":[{"embeddable":true,"href":"https:\/\/www.federassantas.org.br\/novosite\/wp-json\/wp\/v2\/users\/1"}],"replies":[{"embeddable":true,"href":"https:\/\/www.federassantas.org.br\/novosite\/wp-json\/wp\/v2\/comments?post=22789"}],"version-history":[{"count":0,"href":"https:\/\/www.federassantas.org.br\/novosite\/wp-json\/wp\/v2\/posts\/22789\/revisions"}],"wp:featuredmedia":[{"embeddable":true,"href":"https:\/\/www.federassantas.org.br\/novosite\/wp-json\/wp\/v2\/media\/22791"}],"wp:attachment":[{"href":"https:\/\/www.federassantas.org.br\/novosite\/wp-json\/wp\/v2\/media?parent=22789"}],"wp:term":[{"taxonomy":"category","embeddable":true,"href":"https:\/\/www.federassantas.org.br\/novosite\/wp-json\/wp\/v2\/categories?post=22789"},{"taxonomy":"post_tag","embeddable":true,"href":"https:\/\/www.federassantas.org.br\/novosite\/wp-json\/wp\/v2\/tags?post=22789"}],"curies":[{"name":"wp","href":"https:\/\/api.w.org\/{rel}","templated":true}]}}