{"id":22793,"date":"2021-12-01T11:57:52","date_gmt":"2021-12-01T14:57:52","guid":{"rendered":"https:\/\/federasbackup.meltcomunicacao.com.br\/?p=22793"},"modified":"2021-12-01T11:57:52","modified_gmt":"2021-12-01T14:57:52","slug":"elis-regina-guimaraes-recebe-mocao-congratulatoria-da-camara-de-vereadores-de-divinopolis","status":"publish","type":"post","link":"https:\/\/www.federassantas.org.br\/novosite\/elis-regina-guimaraes-recebe-mocao-congratulatoria-da-camara-de-vereadores-de-divinopolis\/","title":{"rendered":"Elis Regina Guimar\u00e3es recebe Mo\u00e7\u00e3o Congratulat\u00f3ria da C\u00e2mara de Vereadores de Divin\u00f3polis"},"content":{"rendered":"\n<p><em>Homenagem foi concedida pelo Vereador Edsom Sousa em reconhecimento ao trabalho desenvolvido pela Diretora-Presidente no CSSJD<\/em><\/p>\n\n\n\n<p>A Diretora Presidente do Complexo de Sa\u00fade S\u00e3o Jo\u00e3o de Deus, Elis Regina Guimar\u00e3es, recebeu na tarde da \u00faltima quinta-feira, dia 25 de novembro, uma Mo\u00e7\u00e3o Congratulat\u00f3ria da C\u00e2mara dos Vereadores de Divin\u00f3polis. A honraria foi entregue pelo vereador Edsom Sousa, em reconhecimento ao trabalho de Elis no Complexo de Sa\u00fade S\u00e3o Jo\u00e3o de Deus.<\/p>\n\n\n\n<p>Durante o seu pronunciamento, Elis Regina fez um agradecimento ao vereador Edsom pela homenagem, destacando sua postura de concilia\u00e7\u00e3o no Legislativo Divinopolitano. A Diretora-Presidente tamb\u00e9m citou a import\u00e2ncia de uma homenagem como esta para sua carreira profissional. \u201cEstar nessa casa hoje, que representa um dos tr\u00eas poderes de uma na\u00e7\u00e3o, de um Estado, de um Munic\u00edpio, \u00e9 um privil\u00e9gio para poucos. Receber uma homenagem numa casa dessas \u00e9 emocionante e honra qualquer curr\u00edculo, e o meu est\u00e1 honrado com essa homenagem\u201d.<\/p>\n\n\n\n<p>Elis tamb\u00e9m destacou o trabalho realizado por todos na institui\u00e7\u00e3o, desde os membros do Corpo Cl\u00ednico, colaboradores, at\u00e9 os parceiros terceirizados, al\u00e9m de enfatizar alguns dos grandes objetivos de sua gest\u00e3o para o futuro do CSSJD. \u201cN\u00f3s queremos acabar com os vazios assistenciais, trazer outros pacientes, at\u00e9 de outras macros para c\u00e1. Mas realmente, tudo foi feito com muita honra, com muito trabalho e com muito esfor\u00e7o\u201d, comentou.<\/p>\n\n\n\n<p>O Complexo de Sa\u00fade S\u00e3o Jo\u00e3o de Deus agradece a C\u00e2mara de Vereadores e ao parlamentar Edsom Sousa pela indica\u00e7\u00e3o e entrega da Mo\u00e7\u00e3o Congratulat\u00f3ria. O reconhecimento do trabalho desenvolvido pela gest\u00e3o de Elis Regina Guimar\u00e3es por parte do Legislativo Divinopolitano mostra a import\u00e2ncia de uma rela\u00e7\u00e3o harm\u00f4nica em prol da sa\u00fade, para que a popula\u00e7\u00e3o continue recebendo um atendimento de qualidade na institui\u00e7\u00e3o, que \u00e9 refer\u00eancia no atendimento de Alta Complexidade para 53 munic\u00edpios.<\/p>\n\n\n\n<p><\/p>\n\n\n\n<p>Por: Comunica\u00e7\u00e3o CSSJD<\/p>\n","protected":false},"excerpt":{"rendered":"<p>Homenagem foi concedida pelo Vereador Edsom Sousa em reconhecimento ao trabalho desenvolvido pela Diretora-Presidente no CSSJD A Diretora Presidente do Complexo de Sa\u00fade S\u00e3o Jo\u00e3o de Deus, Elis Regina Guimar\u00e3es, recebeu na tarde da \u00faltima quinta-feira, dia 25 de novembro, uma Mo\u00e7\u00e3o Congratulat\u00f3ria da C\u00e2mara dos Vereadores de Divin\u00f3polis. A honraria foi entregue pelo vereador [&hellip;]<\/p>\n","protected":false},"author":1,"featured_media":22794,"comment_status":"open","ping_status":"open","sticky":false,"template":"","format":"standard","meta":{"footnotes":""},"categories":[140,139],"tags":[],"class_list":["post-22793","post","type-post","status-publish","format-standard","has-post-thumbnail","hentry","category-noticias","category-noticias-filiados"],"yoast_head":"<!-- This site is optimized with the Yoast SEO plugin v26.9 - https:\/\/yoast.com\/product\/yoast-seo-wordpress\/ -->\n<title>Elis Regina Guimar\u00e3es recebe Mo\u00e7\u00e3o Congratulat\u00f3ria da C\u00e2mara de Vereadores de Divin\u00f3polis - Federassantas<\/title>\n<meta name=\"robots\" content=\"index, follow, max-snippet:-1, max-image-preview:large, max-video-preview:-1\" \/>\n<link rel=\"canonical\" href=\"https:\/\/www.federassantas.org.br\/novosite\/elis-regina-guimaraes-recebe-mocao-congratulatoria-da-camara-de-vereadores-de-divinopolis\/\" \/>\n<meta property=\"og:locale\" content=\"pt_BR\" \/>\n<meta property=\"og:type\" content=\"article\" \/>\n<meta property=\"og:title\" content=\"Elis Regina Guimar\u00e3es recebe Mo\u00e7\u00e3o Congratulat\u00f3ria da C\u00e2mara de Vereadores de Divin\u00f3polis - Federassantas\" \/>\n<meta property=\"og:description\" content=\"Homenagem foi concedida pelo Vereador Edsom Sousa em reconhecimento ao trabalho desenvolvido pela Diretora-Presidente no CSSJD A Diretora Presidente do Complexo de Sa\u00fade S\u00e3o Jo\u00e3o de Deus, Elis Regina Guimar\u00e3es, recebeu na tarde da \u00faltima quinta-feira, dia 25 de novembro, uma Mo\u00e7\u00e3o Congratulat\u00f3ria da C\u00e2mara dos Vereadores de Divin\u00f3polis. A honraria foi entregue pelo vereador [&hellip;]\" \/>\n<meta property=\"og:url\" content=\"https:\/\/www.federassantas.org.br\/novosite\/elis-regina-guimaraes-recebe-mocao-congratulatoria-da-camara-de-vereadores-de-divinopolis\/\" \/>\n<meta property=\"og:site_name\" content=\"Federassantas\" \/>\n<meta property=\"article:published_time\" content=\"2021-12-01T14:57:52+00:00\" \/>\n<meta property=\"og:image\" content=\"https:\/\/www.federassantas.org.br\/novosite\/wp-content\/uploads\/2021\/12\/WhatsApp-Image-2021-11-30-at-08.32.42.jpeg\" \/>\n\t<meta property=\"og:image:width\" content=\"1280\" \/>\n\t<meta property=\"og:image:height\" content=\"1280\" \/>\n\t<meta property=\"og:image:type\" content=\"image\/jpeg\" \/>\n<meta name=\"author\" content=\"admin-federas\" \/>\n<meta name=\"twitter:card\" content=\"summary_large_image\" \/>\n<meta name=\"twitter:label1\" content=\"Escrito por\" \/>\n\t<meta name=\"twitter:data1\" content=\"admin-federas\" \/>\n\t<meta name=\"twitter:label2\" content=\"Est. tempo de leitura\" \/>\n\t<meta name=\"twitter:data2\" content=\"2 minutos\" \/>\n<script type=\"application\/ld+json\" class=\"yoast-schema-graph\">{\"@context\":\"https:\/\/schema.org\",\"@graph\":[{\"@type\":\"Article\",\"@id\":\"https:\/\/www.federassantas.org.br\/novosite\/elis-regina-guimaraes-recebe-mocao-congratulatoria-da-camara-de-vereadores-de-divinopolis\/#article\",\"isPartOf\":{\"@id\":\"https:\/\/www.federassantas.org.br\/novosite\/elis-regina-guimaraes-recebe-mocao-congratulatoria-da-camara-de-vereadores-de-divinopolis\/\"},\"author\":{\"name\":\"admin-federas\",\"@id\":\"https:\/\/www.federassantas.org.br\/novosite\/#\/schema\/person\/75fed98158349313fe56175f232f513c\"},\"headline\":\"Elis Regina Guimar\u00e3es recebe Mo\u00e7\u00e3o Congratulat\u00f3ria da C\u00e2mara de Vereadores de Divin\u00f3polis\",\"datePublished\":\"2021-12-01T14:57:52+00:00\",\"mainEntityOfPage\":{\"@id\":\"https:\/\/www.federassantas.org.br\/novosite\/elis-regina-guimaraes-recebe-mocao-congratulatoria-da-camara-de-vereadores-de-divinopolis\/\"},\"wordCount\":354,\"commentCount\":0,\"publisher\":{\"@id\":\"https:\/\/www.federassantas.org.br\/novosite\/#organization\"},\"image\":{\"@id\":\"https:\/\/www.federassantas.org.br\/novosite\/elis-regina-guimaraes-recebe-mocao-congratulatoria-da-camara-de-vereadores-de-divinopolis\/#primaryimage\"},\"thumbnailUrl\":\"https:\/\/www.federassantas.org.br\/novosite\/wp-content\/uploads\/2021\/12\/WhatsApp-Image-2021-11-30-at-08.32.42.jpeg\",\"articleSection\":[\"Not\u00edcias\",\"Not\u00edcias filiados\"],\"inLanguage\":\"pt-BR\",\"potentialAction\":[{\"@type\":\"CommentAction\",\"name\":\"Comment\",\"target\":[\"https:\/\/www.federassantas.org.br\/novosite\/elis-regina-guimaraes-recebe-mocao-congratulatoria-da-camara-de-vereadores-de-divinopolis\/#respond\"]}]},{\"@type\":\"WebPage\",\"@id\":\"https:\/\/www.federassantas.org.br\/novosite\/elis-regina-guimaraes-recebe-mocao-congratulatoria-da-camara-de-vereadores-de-divinopolis\/\",\"url\":\"https:\/\/www.federassantas.org.br\/novosite\/elis-regina-guimaraes-recebe-mocao-congratulatoria-da-camara-de-vereadores-de-divinopolis\/\",\"name\":\"Elis Regina Guimar\u00e3es recebe Mo\u00e7\u00e3o Congratulat\u00f3ria da C\u00e2mara de Vereadores de Divin\u00f3polis - Federassantas\",\"isPartOf\":{\"@id\":\"https:\/\/www.federassantas.org.br\/novosite\/#website\"},\"primaryImageOfPage\":{\"@id\":\"https:\/\/www.federassantas.org.br\/novosite\/elis-regina-guimaraes-recebe-mocao-congratulatoria-da-camara-de-vereadores-de-divinopolis\/#primaryimage\"},\"image\":{\"@id\":\"https:\/\/www.federassantas.org.br\/novosite\/elis-regina-guimaraes-recebe-mocao-congratulatoria-da-camara-de-vereadores-de-divinopolis\/#primaryimage\"},\"thumbnailUrl\":\"https:\/\/www.federassantas.org.br\/novosite\/wp-content\/uploads\/2021\/12\/WhatsApp-Image-2021-11-30-at-08.32.42.jpeg\",\"datePublished\":\"2021-12-01T14:57:52+00:00\",\"breadcrumb\":{\"@id\":\"https:\/\/www.federassantas.org.br\/novosite\/elis-regina-guimaraes-recebe-mocao-congratulatoria-da-camara-de-vereadores-de-divinopolis\/#breadcrumb\"},\"inLanguage\":\"pt-BR\",\"potentialAction\":[{\"@type\":\"ReadAction\",\"target\":[\"https:\/\/www.federassantas.org.br\/novosite\/elis-regina-guimaraes-recebe-mocao-congratulatoria-da-camara-de-vereadores-de-divinopolis\/\"]}]},{\"@type\":\"ImageObject\",\"inLanguage\":\"pt-BR\",\"@id\":\"https:\/\/www.federassantas.org.br\/novosite\/elis-regina-guimaraes-recebe-mocao-congratulatoria-da-camara-de-vereadores-de-divinopolis\/#primaryimage\",\"url\":\"https:\/\/www.federassantas.org.br\/novosite\/wp-content\/uploads\/2021\/12\/WhatsApp-Image-2021-11-30-at-08.32.42.jpeg\",\"contentUrl\":\"https:\/\/www.federassantas.org.br\/novosite\/wp-content\/uploads\/2021\/12\/WhatsApp-Image-2021-11-30-at-08.32.42.jpeg\",\"width\":1280,\"height\":1280},{\"@type\":\"BreadcrumbList\",\"@id\":\"https:\/\/www.federassantas.org.br\/novosite\/elis-regina-guimaraes-recebe-mocao-congratulatoria-da-camara-de-vereadores-de-divinopolis\/#breadcrumb\",\"itemListElement\":[{\"@type\":\"ListItem\",\"position\":1,\"name\":\"In\u00edcio\",\"item\":\"https:\/\/www.federassantas.org.br\/novosite\/\"},{\"@type\":\"ListItem\",\"position\":2,\"name\":\"Elis Regina Guimar\u00e3es recebe Mo\u00e7\u00e3o Congratulat\u00f3ria da C\u00e2mara de Vereadores de Divin\u00f3polis\"}]},{\"@type\":\"WebSite\",\"@id\":\"https:\/\/www.federassantas.org.br\/novosite\/#website\",\"url\":\"https:\/\/www.federassantas.org.br\/novosite\/\",\"name\":\"Federassantas\",\"description\":\"Fed. das Santas Casas e Hospitais Filantr\u00f3picos de MG\",\"publisher\":{\"@id\":\"https:\/\/www.federassantas.org.br\/novosite\/#organization\"},\"potentialAction\":[{\"@type\":\"SearchAction\",\"target\":{\"@type\":\"EntryPoint\",\"urlTemplate\":\"https:\/\/www.federassantas.org.br\/novosite\/?s={search_term_string}\"},\"query-input\":{\"@type\":\"PropertyValueSpecification\",\"valueRequired\":true,\"valueName\":\"search_term_string\"}}],\"inLanguage\":\"pt-BR\"},{\"@type\":\"Organization\",\"@id\":\"https:\/\/www.federassantas.org.br\/novosite\/#organization\",\"name\":\"Federassantas\",\"url\":\"https:\/\/www.federassantas.org.br\/novosite\/\",\"logo\":{\"@type\":\"ImageObject\",\"inLanguage\":\"pt-BR\",\"@id\":\"https:\/\/www.federassantas.org.br\/novosite\/#\/schema\/logo\/image\/\",\"url\":\"https:\/\/www.federassantas.org.br\/novosite\/wp-content\/uploads\/2021\/12\/logo.png\",\"contentUrl\":\"https:\/\/www.federassantas.org.br\/novosite\/wp-content\/uploads\/2021\/12\/logo.png\",\"width\":243,\"height\":59,\"caption\":\"Federassantas\"},\"image\":{\"@id\":\"https:\/\/www.federassantas.org.br\/novosite\/#\/schema\/logo\/image\/\"}},{\"@type\":\"Person\",\"@id\":\"https:\/\/www.federassantas.org.br\/novosite\/#\/schema\/person\/75fed98158349313fe56175f232f513c\",\"name\":\"admin-federas\",\"image\":{\"@type\":\"ImageObject\",\"inLanguage\":\"pt-BR\",\"@id\":\"https:\/\/www.federassantas.org.br\/novosite\/#\/schema\/person\/image\/\",\"url\":\"https:\/\/secure.gravatar.com\/avatar\/2a02d7dda59fe8dc6b7ffd3f652e2efede5ccf0dd89dfdc8137c5517f3de8407?s=96&d=mm&r=g\",\"contentUrl\":\"https:\/\/secure.gravatar.com\/avatar\/2a02d7dda59fe8dc6b7ffd3f652e2efede5ccf0dd89dfdc8137c5517f3de8407?s=96&d=mm&r=g\",\"caption\":\"admin-federas\"},\"sameAs\":[\"https:\/\/www.federassantas.org.br\/novosite\/\"],\"url\":\"https:\/\/www.federassantas.org.br\/novosite\/author\/admin-federas\/\"}]}<\/script>\n<!-- \/ Yoast SEO plugin. -->","yoast_head_json":{"title":"Elis Regina Guimar\u00e3es recebe Mo\u00e7\u00e3o Congratulat\u00f3ria da C\u00e2mara de Vereadores de Divin\u00f3polis - Federassantas","robots":{"index":"index","follow":"follow","max-snippet":"max-snippet:-1","max-image-preview":"max-image-preview:large","max-video-preview":"max-video-preview:-1"},"canonical":"https:\/\/www.federassantas.org.br\/novosite\/elis-regina-guimaraes-recebe-mocao-congratulatoria-da-camara-de-vereadores-de-divinopolis\/","og_locale":"pt_BR","og_type":"article","og_title":"Elis Regina Guimar\u00e3es recebe Mo\u00e7\u00e3o Congratulat\u00f3ria da C\u00e2mara de Vereadores de Divin\u00f3polis - Federassantas","og_description":"Homenagem foi concedida pelo Vereador Edsom Sousa em reconhecimento ao trabalho desenvolvido pela Diretora-Presidente no CSSJD A Diretora Presidente do Complexo de Sa\u00fade S\u00e3o Jo\u00e3o de Deus, Elis Regina Guimar\u00e3es, recebeu na tarde da \u00faltima quinta-feira, dia 25 de novembro, uma Mo\u00e7\u00e3o Congratulat\u00f3ria da C\u00e2mara dos Vereadores de Divin\u00f3polis. A honraria foi entregue pelo vereador [&hellip;]","og_url":"https:\/\/www.federassantas.org.br\/novosite\/elis-regina-guimaraes-recebe-mocao-congratulatoria-da-camara-de-vereadores-de-divinopolis\/","og_site_name":"Federassantas","article_published_time":"2021-12-01T14:57:52+00:00","og_image":[{"width":1280,"height":1280,"url":"https:\/\/www.federassantas.org.br\/novosite\/wp-content\/uploads\/2021\/12\/WhatsApp-Image-2021-11-30-at-08.32.42.jpeg","type":"image\/jpeg"}],"author":"admin-federas","twitter_card":"summary_large_image","twitter_misc":{"Escrito por":"admin-federas","Est. tempo de leitura":"2 minutos"},"schema":{"@context":"https:\/\/schema.org","@graph":[{"@type":"Article","@id":"https:\/\/www.federassantas.org.br\/novosite\/elis-regina-guimaraes-recebe-mocao-congratulatoria-da-camara-de-vereadores-de-divinopolis\/#article","isPartOf":{"@id":"https:\/\/www.federassantas.org.br\/novosite\/elis-regina-guimaraes-recebe-mocao-congratulatoria-da-camara-de-vereadores-de-divinopolis\/"},"author":{"name":"admin-federas","@id":"https:\/\/www.federassantas.org.br\/novosite\/#\/schema\/person\/75fed98158349313fe56175f232f513c"},"headline":"Elis Regina Guimar\u00e3es recebe Mo\u00e7\u00e3o Congratulat\u00f3ria da C\u00e2mara de Vereadores de Divin\u00f3polis","datePublished":"2021-12-01T14:57:52+00:00","mainEntityOfPage":{"@id":"https:\/\/www.federassantas.org.br\/novosite\/elis-regina-guimaraes-recebe-mocao-congratulatoria-da-camara-de-vereadores-de-divinopolis\/"},"wordCount":354,"commentCount":0,"publisher":{"@id":"https:\/\/www.federassantas.org.br\/novosite\/#organization"},"image":{"@id":"https:\/\/www.federassantas.org.br\/novosite\/elis-regina-guimaraes-recebe-mocao-congratulatoria-da-camara-de-vereadores-de-divinopolis\/#primaryimage"},"thumbnailUrl":"https:\/\/www.federassantas.org.br\/novosite\/wp-content\/uploads\/2021\/12\/WhatsApp-Image-2021-11-30-at-08.32.42.jpeg","articleSection":["Not\u00edcias","Not\u00edcias filiados"],"inLanguage":"pt-BR","potentialAction":[{"@type":"CommentAction","name":"Comment","target":["https:\/\/www.federassantas.org.br\/novosite\/elis-regina-guimaraes-recebe-mocao-congratulatoria-da-camara-de-vereadores-de-divinopolis\/#respond"]}]},{"@type":"WebPage","@id":"https:\/\/www.federassantas.org.br\/novosite\/elis-regina-guimaraes-recebe-mocao-congratulatoria-da-camara-de-vereadores-de-divinopolis\/","url":"https:\/\/www.federassantas.org.br\/novosite\/elis-regina-guimaraes-recebe-mocao-congratulatoria-da-camara-de-vereadores-de-divinopolis\/","name":"Elis Regina Guimar\u00e3es recebe Mo\u00e7\u00e3o Congratulat\u00f3ria da C\u00e2mara de Vereadores de Divin\u00f3polis - Federassantas","isPartOf":{"@id":"https:\/\/www.federassantas.org.br\/novosite\/#website"},"primaryImageOfPage":{"@id":"https:\/\/www.federassantas.org.br\/novosite\/elis-regina-guimaraes-recebe-mocao-congratulatoria-da-camara-de-vereadores-de-divinopolis\/#primaryimage"},"image":{"@id":"https:\/\/www.federassantas.org.br\/novosite\/elis-regina-guimaraes-recebe-mocao-congratulatoria-da-camara-de-vereadores-de-divinopolis\/#primaryimage"},"thumbnailUrl":"https:\/\/www.federassantas.org.br\/novosite\/wp-content\/uploads\/2021\/12\/WhatsApp-Image-2021-11-30-at-08.32.42.jpeg","datePublished":"2021-12-01T14:57:52+00:00","breadcrumb":{"@id":"https:\/\/www.federassantas.org.br\/novosite\/elis-regina-guimaraes-recebe-mocao-congratulatoria-da-camara-de-vereadores-de-divinopolis\/#breadcrumb"},"inLanguage":"pt-BR","potentialAction":[{"@type":"ReadAction","target":["https:\/\/www.federassantas.org.br\/novosite\/elis-regina-guimaraes-recebe-mocao-congratulatoria-da-camara-de-vereadores-de-divinopolis\/"]}]},{"@type":"ImageObject","inLanguage":"pt-BR","@id":"https:\/\/www.federassantas.org.br\/novosite\/elis-regina-guimaraes-recebe-mocao-congratulatoria-da-camara-de-vereadores-de-divinopolis\/#primaryimage","url":"https:\/\/www.federassantas.org.br\/novosite\/wp-content\/uploads\/2021\/12\/WhatsApp-Image-2021-11-30-at-08.32.42.jpeg","contentUrl":"https:\/\/www.federassantas.org.br\/novosite\/wp-content\/uploads\/2021\/12\/WhatsApp-Image-2021-11-30-at-08.32.42.jpeg","width":1280,"height":1280},{"@type":"BreadcrumbList","@id":"https:\/\/www.federassantas.org.br\/novosite\/elis-regina-guimaraes-recebe-mocao-congratulatoria-da-camara-de-vereadores-de-divinopolis\/#breadcrumb","itemListElement":[{"@type":"ListItem","position":1,"name":"In\u00edcio","item":"https:\/\/www.federassantas.org.br\/novosite\/"},{"@type":"ListItem","position":2,"name":"Elis Regina Guimar\u00e3es recebe Mo\u00e7\u00e3o Congratulat\u00f3ria da C\u00e2mara de Vereadores de Divin\u00f3polis"}]},{"@type":"WebSite","@id":"https:\/\/www.federassantas.org.br\/novosite\/#website","url":"https:\/\/www.federassantas.org.br\/novosite\/","name":"Federassantas","description":"Fed. das Santas Casas e Hospitais Filantr\u00f3picos de MG","publisher":{"@id":"https:\/\/www.federassantas.org.br\/novosite\/#organization"},"potentialAction":[{"@type":"SearchAction","target":{"@type":"EntryPoint","urlTemplate":"https:\/\/www.federassantas.org.br\/novosite\/?s={search_term_string}"},"query-input":{"@type":"PropertyValueSpecification","valueRequired":true,"valueName":"search_term_string"}}],"inLanguage":"pt-BR"},{"@type":"Organization","@id":"https:\/\/www.federassantas.org.br\/novosite\/#organization","name":"Federassantas","url":"https:\/\/www.federassantas.org.br\/novosite\/","logo":{"@type":"ImageObject","inLanguage":"pt-BR","@id":"https:\/\/www.federassantas.org.br\/novosite\/#\/schema\/logo\/image\/","url":"https:\/\/www.federassantas.org.br\/novosite\/wp-content\/uploads\/2021\/12\/logo.png","contentUrl":"https:\/\/www.federassantas.org.br\/novosite\/wp-content\/uploads\/2021\/12\/logo.png","width":243,"height":59,"caption":"Federassantas"},"image":{"@id":"https:\/\/www.federassantas.org.br\/novosite\/#\/schema\/logo\/image\/"}},{"@type":"Person","@id":"https:\/\/www.federassantas.org.br\/novosite\/#\/schema\/person\/75fed98158349313fe56175f232f513c","name":"admin-federas","image":{"@type":"ImageObject","inLanguage":"pt-BR","@id":"https:\/\/www.federassantas.org.br\/novosite\/#\/schema\/person\/image\/","url":"https:\/\/secure.gravatar.com\/avatar\/2a02d7dda59fe8dc6b7ffd3f652e2efede5ccf0dd89dfdc8137c5517f3de8407?s=96&d=mm&r=g","contentUrl":"https:\/\/secure.gravatar.com\/avatar\/2a02d7dda59fe8dc6b7ffd3f652e2efede5ccf0dd89dfdc8137c5517f3de8407?s=96&d=mm&r=g","caption":"admin-federas"},"sameAs":["https:\/\/www.federassantas.org.br\/novosite\/"],"url":"https:\/\/www.federassantas.org.br\/novosite\/author\/admin-federas\/"}]}},"_links":{"self":[{"href":"https:\/\/www.federassantas.org.br\/novosite\/wp-json\/wp\/v2\/posts\/22793","targetHints":{"allow":["GET"]}}],"collection":[{"href":"https:\/\/www.federassantas.org.br\/novosite\/wp-json\/wp\/v2\/posts"}],"about":[{"href":"https:\/\/www.federassantas.org.br\/novosite\/wp-json\/wp\/v2\/types\/post"}],"author":[{"embeddable":true,"href":"https:\/\/www.federassantas.org.br\/novosite\/wp-json\/wp\/v2\/users\/1"}],"replies":[{"embeddable":true,"href":"https:\/\/www.federassantas.org.br\/novosite\/wp-json\/wp\/v2\/comments?post=22793"}],"version-history":[{"count":0,"href":"https:\/\/www.federassantas.org.br\/novosite\/wp-json\/wp\/v2\/posts\/22793\/revisions"}],"wp:featuredmedia":[{"embeddable":true,"href":"https:\/\/www.federassantas.org.br\/novosite\/wp-json\/wp\/v2\/media\/22794"}],"wp:attachment":[{"href":"https:\/\/www.federassantas.org.br\/novosite\/wp-json\/wp\/v2\/media?parent=22793"}],"wp:term":[{"taxonomy":"category","embeddable":true,"href":"https:\/\/www.federassantas.org.br\/novosite\/wp-json\/wp\/v2\/categories?post=22793"},{"taxonomy":"post_tag","embeddable":true,"href":"https:\/\/www.federassantas.org.br\/novosite\/wp-json\/wp\/v2\/tags?post=22793"}],"curies":[{"name":"wp","href":"https:\/\/api.w.org\/{rel}","templated":true}]}}