{"id":22796,"date":"2021-12-01T12:01:17","date_gmt":"2021-12-01T15:01:17","guid":{"rendered":"https:\/\/federasbackup.meltcomunicacao.com.br\/?p=22796"},"modified":"2021-12-01T12:01:17","modified_gmt":"2021-12-01T15:01:17","slug":"fachada-da-fundacao-hospitalar-sao-francisco-de-assis-recebe-novas-cores-e-tracos","status":"publish","type":"post","link":"https:\/\/www.federassantas.org.br\/novosite\/fachada-da-fundacao-hospitalar-sao-francisco-de-assis-recebe-novas-cores-e-tracos\/","title":{"rendered":"Fachada da Funda\u00e7\u00e3o Hospitalar S\u00e3o Francisco de Assis recebe novas cores e tra\u00e7os"},"content":{"rendered":"\n<p><em>As pinturas, que contam a hist\u00f3ria do graffiti e da cultura de rua, foram feitas por 10 artistas nos dias 27 e 28 de novembro<\/em><\/p>\n\n\n\n<p>Novas cores e tra\u00e7os agora fazem parte da fachada da Funda\u00e7\u00e3o Hospitalar S\u00e3o Francisco de Assis, na unidade Conc\u00f3rdia. As pinturas foram feitas na rua Jacu\u00ed, no \u00faltimo final de semana, 27 e 28 de novembro, durante a programa\u00e7\u00e3o do Festival de Graffiti BH, promovido pelo Poucos Recursos. Para a execu\u00e7\u00e3o do projeto, que retrata a hist\u00f3ria do graffiti e da cultura de rua, foram convidados os artistas Dms, Bolinho, Snake, Goma, Mico, Skritor, Carimbo, Testa, Pel\u00e3o e Error.<\/p>\n\n\n\n<p>Para o Superintendente Geral, Dr. Helder Yankous, a nova fachada ajudar\u00e1 a tornar o ambiente mais alegre para os transeuntes. \u201cA arte \u00e9 mais uma forma de humanizarmos os entornos do Hospital e trazer um pouco mais de tranquilidade e felicidade a quem passa pela rua Jacui\u201d, destacou.<\/p>\n\n\n\n<p>As pinturas podem ser conferidas na Rua Jacu\u00ed, 1169, bairro Conc\u00f3rdia.<\/p>\n\n\n\n<figure class=\"wp-block-image size-medium\"><img fetchpriority=\"high\" decoding=\"async\" width=\"300\" height=\"169\" src=\"http:\/\/federasbackup.meltcomunicacao.com.br\/wp-content\/uploads\/2021\/12\/img_2074.jpg__800x450_q85_crop_subsampling-2-300x169.jpg\" alt=\"\" class=\"wp-image-22797\" srcset=\"https:\/\/www.federassantas.org.br\/novosite\/wp-content\/uploads\/2021\/12\/img_2074.jpg__800x450_q85_crop_subsampling-2-300x169.jpg 300w, https:\/\/www.federassantas.org.br\/novosite\/wp-content\/uploads\/2021\/12\/img_2074.jpg__800x450_q85_crop_subsampling-2-768x432.jpg 768w, https:\/\/www.federassantas.org.br\/novosite\/wp-content\/uploads\/2021\/12\/img_2074.jpg__800x450_q85_crop_subsampling-2.jpg 800w\" sizes=\"(max-width: 300px) 100vw, 300px\" \/><\/figure>\n\n\n\n<p><\/p>\n\n\n\n<p>Por: Comunica\u00e7\u00e3o Funda\u00e7\u00e3o Hospitalar S\u00e3o Francisco de Assis<br>Fotos: <em>Luiz Henrique Black\u00a0<\/em><\/p>\n","protected":false},"excerpt":{"rendered":"<p>As pinturas, que contam a hist\u00f3ria do graffiti e da cultura de rua, foram feitas por 10 artistas nos dias 27 e 28 de novembro Novas cores e tra\u00e7os agora fazem parte da fachada da Funda\u00e7\u00e3o Hospitalar S\u00e3o Francisco de Assis, na unidade Conc\u00f3rdia. As pinturas foram feitas na rua Jacu\u00ed, no \u00faltimo final de [&hellip;]<\/p>\n","protected":false},"author":1,"featured_media":22798,"comment_status":"open","ping_status":"open","sticky":false,"template":"","format":"standard","meta":{"footnotes":""},"categories":[140,139],"tags":[],"class_list":["post-22796","post","type-post","status-publish","format-standard","has-post-thumbnail","hentry","category-noticias","category-noticias-filiados"],"yoast_head":"<!-- This site is optimized with the Yoast SEO plugin v26.9 - https:\/\/yoast.com\/product\/yoast-seo-wordpress\/ -->\n<title>Fachada da Funda\u00e7\u00e3o Hospitalar S\u00e3o Francisco de Assis recebe novas cores e tra\u00e7os - Federassantas<\/title>\n<meta name=\"robots\" content=\"index, follow, max-snippet:-1, max-image-preview:large, max-video-preview:-1\" \/>\n<link rel=\"canonical\" href=\"https:\/\/www.federassantas.org.br\/novosite\/fachada-da-fundacao-hospitalar-sao-francisco-de-assis-recebe-novas-cores-e-tracos\/\" \/>\n<meta property=\"og:locale\" content=\"pt_BR\" \/>\n<meta property=\"og:type\" content=\"article\" \/>\n<meta property=\"og:title\" content=\"Fachada da Funda\u00e7\u00e3o Hospitalar S\u00e3o Francisco de Assis recebe novas cores e tra\u00e7os - Federassantas\" \/>\n<meta property=\"og:description\" content=\"As pinturas, que contam a hist\u00f3ria do graffiti e da cultura de rua, foram feitas por 10 artistas nos dias 27 e 28 de novembro Novas cores e tra\u00e7os agora fazem parte da fachada da Funda\u00e7\u00e3o Hospitalar S\u00e3o Francisco de Assis, na unidade Conc\u00f3rdia. As pinturas foram feitas na rua Jacu\u00ed, no \u00faltimo final de [&hellip;]\" \/>\n<meta property=\"og:url\" content=\"https:\/\/www.federassantas.org.br\/novosite\/fachada-da-fundacao-hospitalar-sao-francisco-de-assis-recebe-novas-cores-e-tracos\/\" \/>\n<meta property=\"og:site_name\" content=\"Federassantas\" \/>\n<meta property=\"article:published_time\" content=\"2021-12-01T15:01:17+00:00\" \/>\n<meta property=\"og:image\" content=\"https:\/\/www.federassantas.org.br\/novosite\/wp-content\/uploads\/2021\/12\/img_2048.jpg__6000x4000_q85_subsampling-2-scaled.jpg\" \/>\n\t<meta property=\"og:image:width\" content=\"2560\" \/>\n\t<meta property=\"og:image:height\" content=\"1707\" \/>\n\t<meta property=\"og:image:type\" content=\"image\/jpeg\" \/>\n<meta name=\"author\" content=\"admin-federas\" \/>\n<meta name=\"twitter:card\" content=\"summary_large_image\" \/>\n<meta name=\"twitter:label1\" content=\"Escrito por\" \/>\n\t<meta name=\"twitter:data1\" content=\"admin-federas\" \/>\n\t<meta name=\"twitter:label2\" content=\"Est. tempo de leitura\" \/>\n\t<meta name=\"twitter:data2\" content=\"1 minuto\" \/>\n<script type=\"application\/ld+json\" class=\"yoast-schema-graph\">{\"@context\":\"https:\/\/schema.org\",\"@graph\":[{\"@type\":\"Article\",\"@id\":\"https:\/\/www.federassantas.org.br\/novosite\/fachada-da-fundacao-hospitalar-sao-francisco-de-assis-recebe-novas-cores-e-tracos\/#article\",\"isPartOf\":{\"@id\":\"https:\/\/www.federassantas.org.br\/novosite\/fachada-da-fundacao-hospitalar-sao-francisco-de-assis-recebe-novas-cores-e-tracos\/\"},\"author\":{\"name\":\"admin-federas\",\"@id\":\"https:\/\/www.federassantas.org.br\/novosite\/#\/schema\/person\/75fed98158349313fe56175f232f513c\"},\"headline\":\"Fachada da Funda\u00e7\u00e3o Hospitalar S\u00e3o Francisco de Assis recebe novas cores e tra\u00e7os\",\"datePublished\":\"2021-12-01T15:01:17+00:00\",\"mainEntityOfPage\":{\"@id\":\"https:\/\/www.federassantas.org.br\/novosite\/fachada-da-fundacao-hospitalar-sao-francisco-de-assis-recebe-novas-cores-e-tracos\/\"},\"wordCount\":196,\"commentCount\":0,\"publisher\":{\"@id\":\"https:\/\/www.federassantas.org.br\/novosite\/#organization\"},\"image\":{\"@id\":\"https:\/\/www.federassantas.org.br\/novosite\/fachada-da-fundacao-hospitalar-sao-francisco-de-assis-recebe-novas-cores-e-tracos\/#primaryimage\"},\"thumbnailUrl\":\"https:\/\/www.federassantas.org.br\/novosite\/wp-content\/uploads\/2021\/12\/img_2048.jpg__6000x4000_q85_subsampling-2-scaled.jpg\",\"articleSection\":[\"Not\u00edcias\",\"Not\u00edcias filiados\"],\"inLanguage\":\"pt-BR\",\"potentialAction\":[{\"@type\":\"CommentAction\",\"name\":\"Comment\",\"target\":[\"https:\/\/www.federassantas.org.br\/novosite\/fachada-da-fundacao-hospitalar-sao-francisco-de-assis-recebe-novas-cores-e-tracos\/#respond\"]}]},{\"@type\":\"WebPage\",\"@id\":\"https:\/\/www.federassantas.org.br\/novosite\/fachada-da-fundacao-hospitalar-sao-francisco-de-assis-recebe-novas-cores-e-tracos\/\",\"url\":\"https:\/\/www.federassantas.org.br\/novosite\/fachada-da-fundacao-hospitalar-sao-francisco-de-assis-recebe-novas-cores-e-tracos\/\",\"name\":\"Fachada da Funda\u00e7\u00e3o Hospitalar S\u00e3o Francisco de Assis recebe novas cores e tra\u00e7os - Federassantas\",\"isPartOf\":{\"@id\":\"https:\/\/www.federassantas.org.br\/novosite\/#website\"},\"primaryImageOfPage\":{\"@id\":\"https:\/\/www.federassantas.org.br\/novosite\/fachada-da-fundacao-hospitalar-sao-francisco-de-assis-recebe-novas-cores-e-tracos\/#primaryimage\"},\"image\":{\"@id\":\"https:\/\/www.federassantas.org.br\/novosite\/fachada-da-fundacao-hospitalar-sao-francisco-de-assis-recebe-novas-cores-e-tracos\/#primaryimage\"},\"thumbnailUrl\":\"https:\/\/www.federassantas.org.br\/novosite\/wp-content\/uploads\/2021\/12\/img_2048.jpg__6000x4000_q85_subsampling-2-scaled.jpg\",\"datePublished\":\"2021-12-01T15:01:17+00:00\",\"breadcrumb\":{\"@id\":\"https:\/\/www.federassantas.org.br\/novosite\/fachada-da-fundacao-hospitalar-sao-francisco-de-assis-recebe-novas-cores-e-tracos\/#breadcrumb\"},\"inLanguage\":\"pt-BR\",\"potentialAction\":[{\"@type\":\"ReadAction\",\"target\":[\"https:\/\/www.federassantas.org.br\/novosite\/fachada-da-fundacao-hospitalar-sao-francisco-de-assis-recebe-novas-cores-e-tracos\/\"]}]},{\"@type\":\"ImageObject\",\"inLanguage\":\"pt-BR\",\"@id\":\"https:\/\/www.federassantas.org.br\/novosite\/fachada-da-fundacao-hospitalar-sao-francisco-de-assis-recebe-novas-cores-e-tracos\/#primaryimage\",\"url\":\"https:\/\/www.federassantas.org.br\/novosite\/wp-content\/uploads\/2021\/12\/img_2048.jpg__6000x4000_q85_subsampling-2-scaled.jpg\",\"contentUrl\":\"https:\/\/www.federassantas.org.br\/novosite\/wp-content\/uploads\/2021\/12\/img_2048.jpg__6000x4000_q85_subsampling-2-scaled.jpg\",\"width\":2560,\"height\":1707},{\"@type\":\"BreadcrumbList\",\"@id\":\"https:\/\/www.federassantas.org.br\/novosite\/fachada-da-fundacao-hospitalar-sao-francisco-de-assis-recebe-novas-cores-e-tracos\/#breadcrumb\",\"itemListElement\":[{\"@type\":\"ListItem\",\"position\":1,\"name\":\"In\u00edcio\",\"item\":\"https:\/\/www.federassantas.org.br\/novosite\/\"},{\"@type\":\"ListItem\",\"position\":2,\"name\":\"Fachada da Funda\u00e7\u00e3o Hospitalar S\u00e3o Francisco de Assis recebe novas cores e tra\u00e7os\"}]},{\"@type\":\"WebSite\",\"@id\":\"https:\/\/www.federassantas.org.br\/novosite\/#website\",\"url\":\"https:\/\/www.federassantas.org.br\/novosite\/\",\"name\":\"Federassantas\",\"description\":\"Fed. das Santas Casas e Hospitais Filantr\u00f3picos de MG\",\"publisher\":{\"@id\":\"https:\/\/www.federassantas.org.br\/novosite\/#organization\"},\"potentialAction\":[{\"@type\":\"SearchAction\",\"target\":{\"@type\":\"EntryPoint\",\"urlTemplate\":\"https:\/\/www.federassantas.org.br\/novosite\/?s={search_term_string}\"},\"query-input\":{\"@type\":\"PropertyValueSpecification\",\"valueRequired\":true,\"valueName\":\"search_term_string\"}}],\"inLanguage\":\"pt-BR\"},{\"@type\":\"Organization\",\"@id\":\"https:\/\/www.federassantas.org.br\/novosite\/#organization\",\"name\":\"Federassantas\",\"url\":\"https:\/\/www.federassantas.org.br\/novosite\/\",\"logo\":{\"@type\":\"ImageObject\",\"inLanguage\":\"pt-BR\",\"@id\":\"https:\/\/www.federassantas.org.br\/novosite\/#\/schema\/logo\/image\/\",\"url\":\"https:\/\/www.federassantas.org.br\/novosite\/wp-content\/uploads\/2021\/12\/logo.png\",\"contentUrl\":\"https:\/\/www.federassantas.org.br\/novosite\/wp-content\/uploads\/2021\/12\/logo.png\",\"width\":243,\"height\":59,\"caption\":\"Federassantas\"},\"image\":{\"@id\":\"https:\/\/www.federassantas.org.br\/novosite\/#\/schema\/logo\/image\/\"}},{\"@type\":\"Person\",\"@id\":\"https:\/\/www.federassantas.org.br\/novosite\/#\/schema\/person\/75fed98158349313fe56175f232f513c\",\"name\":\"admin-federas\",\"image\":{\"@type\":\"ImageObject\",\"inLanguage\":\"pt-BR\",\"@id\":\"https:\/\/www.federassantas.org.br\/novosite\/#\/schema\/person\/image\/\",\"url\":\"https:\/\/secure.gravatar.com\/avatar\/2a02d7dda59fe8dc6b7ffd3f652e2efede5ccf0dd89dfdc8137c5517f3de8407?s=96&d=mm&r=g\",\"contentUrl\":\"https:\/\/secure.gravatar.com\/avatar\/2a02d7dda59fe8dc6b7ffd3f652e2efede5ccf0dd89dfdc8137c5517f3de8407?s=96&d=mm&r=g\",\"caption\":\"admin-federas\"},\"sameAs\":[\"https:\/\/www.federassantas.org.br\/novosite\/\"],\"url\":\"https:\/\/www.federassantas.org.br\/novosite\/author\/admin-federas\/\"}]}<\/script>\n<!-- \/ Yoast SEO plugin. -->","yoast_head_json":{"title":"Fachada da Funda\u00e7\u00e3o Hospitalar S\u00e3o Francisco de Assis recebe novas cores e tra\u00e7os - Federassantas","robots":{"index":"index","follow":"follow","max-snippet":"max-snippet:-1","max-image-preview":"max-image-preview:large","max-video-preview":"max-video-preview:-1"},"canonical":"https:\/\/www.federassantas.org.br\/novosite\/fachada-da-fundacao-hospitalar-sao-francisco-de-assis-recebe-novas-cores-e-tracos\/","og_locale":"pt_BR","og_type":"article","og_title":"Fachada da Funda\u00e7\u00e3o Hospitalar S\u00e3o Francisco de Assis recebe novas cores e tra\u00e7os - Federassantas","og_description":"As pinturas, que contam a hist\u00f3ria do graffiti e da cultura de rua, foram feitas por 10 artistas nos dias 27 e 28 de novembro Novas cores e tra\u00e7os agora fazem parte da fachada da Funda\u00e7\u00e3o Hospitalar S\u00e3o Francisco de Assis, na unidade Conc\u00f3rdia. As pinturas foram feitas na rua Jacu\u00ed, no \u00faltimo final de [&hellip;]","og_url":"https:\/\/www.federassantas.org.br\/novosite\/fachada-da-fundacao-hospitalar-sao-francisco-de-assis-recebe-novas-cores-e-tracos\/","og_site_name":"Federassantas","article_published_time":"2021-12-01T15:01:17+00:00","og_image":[{"width":2560,"height":1707,"url":"https:\/\/www.federassantas.org.br\/novosite\/wp-content\/uploads\/2021\/12\/img_2048.jpg__6000x4000_q85_subsampling-2-scaled.jpg","type":"image\/jpeg"}],"author":"admin-federas","twitter_card":"summary_large_image","twitter_misc":{"Escrito por":"admin-federas","Est. tempo de leitura":"1 minuto"},"schema":{"@context":"https:\/\/schema.org","@graph":[{"@type":"Article","@id":"https:\/\/www.federassantas.org.br\/novosite\/fachada-da-fundacao-hospitalar-sao-francisco-de-assis-recebe-novas-cores-e-tracos\/#article","isPartOf":{"@id":"https:\/\/www.federassantas.org.br\/novosite\/fachada-da-fundacao-hospitalar-sao-francisco-de-assis-recebe-novas-cores-e-tracos\/"},"author":{"name":"admin-federas","@id":"https:\/\/www.federassantas.org.br\/novosite\/#\/schema\/person\/75fed98158349313fe56175f232f513c"},"headline":"Fachada da Funda\u00e7\u00e3o Hospitalar S\u00e3o Francisco de Assis recebe novas cores e tra\u00e7os","datePublished":"2021-12-01T15:01:17+00:00","mainEntityOfPage":{"@id":"https:\/\/www.federassantas.org.br\/novosite\/fachada-da-fundacao-hospitalar-sao-francisco-de-assis-recebe-novas-cores-e-tracos\/"},"wordCount":196,"commentCount":0,"publisher":{"@id":"https:\/\/www.federassantas.org.br\/novosite\/#organization"},"image":{"@id":"https:\/\/www.federassantas.org.br\/novosite\/fachada-da-fundacao-hospitalar-sao-francisco-de-assis-recebe-novas-cores-e-tracos\/#primaryimage"},"thumbnailUrl":"https:\/\/www.federassantas.org.br\/novosite\/wp-content\/uploads\/2021\/12\/img_2048.jpg__6000x4000_q85_subsampling-2-scaled.jpg","articleSection":["Not\u00edcias","Not\u00edcias filiados"],"inLanguage":"pt-BR","potentialAction":[{"@type":"CommentAction","name":"Comment","target":["https:\/\/www.federassantas.org.br\/novosite\/fachada-da-fundacao-hospitalar-sao-francisco-de-assis-recebe-novas-cores-e-tracos\/#respond"]}]},{"@type":"WebPage","@id":"https:\/\/www.federassantas.org.br\/novosite\/fachada-da-fundacao-hospitalar-sao-francisco-de-assis-recebe-novas-cores-e-tracos\/","url":"https:\/\/www.federassantas.org.br\/novosite\/fachada-da-fundacao-hospitalar-sao-francisco-de-assis-recebe-novas-cores-e-tracos\/","name":"Fachada da Funda\u00e7\u00e3o Hospitalar S\u00e3o Francisco de Assis recebe novas cores e tra\u00e7os - Federassantas","isPartOf":{"@id":"https:\/\/www.federassantas.org.br\/novosite\/#website"},"primaryImageOfPage":{"@id":"https:\/\/www.federassantas.org.br\/novosite\/fachada-da-fundacao-hospitalar-sao-francisco-de-assis-recebe-novas-cores-e-tracos\/#primaryimage"},"image":{"@id":"https:\/\/www.federassantas.org.br\/novosite\/fachada-da-fundacao-hospitalar-sao-francisco-de-assis-recebe-novas-cores-e-tracos\/#primaryimage"},"thumbnailUrl":"https:\/\/www.federassantas.org.br\/novosite\/wp-content\/uploads\/2021\/12\/img_2048.jpg__6000x4000_q85_subsampling-2-scaled.jpg","datePublished":"2021-12-01T15:01:17+00:00","breadcrumb":{"@id":"https:\/\/www.federassantas.org.br\/novosite\/fachada-da-fundacao-hospitalar-sao-francisco-de-assis-recebe-novas-cores-e-tracos\/#breadcrumb"},"inLanguage":"pt-BR","potentialAction":[{"@type":"ReadAction","target":["https:\/\/www.federassantas.org.br\/novosite\/fachada-da-fundacao-hospitalar-sao-francisco-de-assis-recebe-novas-cores-e-tracos\/"]}]},{"@type":"ImageObject","inLanguage":"pt-BR","@id":"https:\/\/www.federassantas.org.br\/novosite\/fachada-da-fundacao-hospitalar-sao-francisco-de-assis-recebe-novas-cores-e-tracos\/#primaryimage","url":"https:\/\/www.federassantas.org.br\/novosite\/wp-content\/uploads\/2021\/12\/img_2048.jpg__6000x4000_q85_subsampling-2-scaled.jpg","contentUrl":"https:\/\/www.federassantas.org.br\/novosite\/wp-content\/uploads\/2021\/12\/img_2048.jpg__6000x4000_q85_subsampling-2-scaled.jpg","width":2560,"height":1707},{"@type":"BreadcrumbList","@id":"https:\/\/www.federassantas.org.br\/novosite\/fachada-da-fundacao-hospitalar-sao-francisco-de-assis-recebe-novas-cores-e-tracos\/#breadcrumb","itemListElement":[{"@type":"ListItem","position":1,"name":"In\u00edcio","item":"https:\/\/www.federassantas.org.br\/novosite\/"},{"@type":"ListItem","position":2,"name":"Fachada da Funda\u00e7\u00e3o Hospitalar S\u00e3o Francisco de Assis recebe novas cores e tra\u00e7os"}]},{"@type":"WebSite","@id":"https:\/\/www.federassantas.org.br\/novosite\/#website","url":"https:\/\/www.federassantas.org.br\/novosite\/","name":"Federassantas","description":"Fed. das Santas Casas e Hospitais Filantr\u00f3picos de MG","publisher":{"@id":"https:\/\/www.federassantas.org.br\/novosite\/#organization"},"potentialAction":[{"@type":"SearchAction","target":{"@type":"EntryPoint","urlTemplate":"https:\/\/www.federassantas.org.br\/novosite\/?s={search_term_string}"},"query-input":{"@type":"PropertyValueSpecification","valueRequired":true,"valueName":"search_term_string"}}],"inLanguage":"pt-BR"},{"@type":"Organization","@id":"https:\/\/www.federassantas.org.br\/novosite\/#organization","name":"Federassantas","url":"https:\/\/www.federassantas.org.br\/novosite\/","logo":{"@type":"ImageObject","inLanguage":"pt-BR","@id":"https:\/\/www.federassantas.org.br\/novosite\/#\/schema\/logo\/image\/","url":"https:\/\/www.federassantas.org.br\/novosite\/wp-content\/uploads\/2021\/12\/logo.png","contentUrl":"https:\/\/www.federassantas.org.br\/novosite\/wp-content\/uploads\/2021\/12\/logo.png","width":243,"height":59,"caption":"Federassantas"},"image":{"@id":"https:\/\/www.federassantas.org.br\/novosite\/#\/schema\/logo\/image\/"}},{"@type":"Person","@id":"https:\/\/www.federassantas.org.br\/novosite\/#\/schema\/person\/75fed98158349313fe56175f232f513c","name":"admin-federas","image":{"@type":"ImageObject","inLanguage":"pt-BR","@id":"https:\/\/www.federassantas.org.br\/novosite\/#\/schema\/person\/image\/","url":"https:\/\/secure.gravatar.com\/avatar\/2a02d7dda59fe8dc6b7ffd3f652e2efede5ccf0dd89dfdc8137c5517f3de8407?s=96&d=mm&r=g","contentUrl":"https:\/\/secure.gravatar.com\/avatar\/2a02d7dda59fe8dc6b7ffd3f652e2efede5ccf0dd89dfdc8137c5517f3de8407?s=96&d=mm&r=g","caption":"admin-federas"},"sameAs":["https:\/\/www.federassantas.org.br\/novosite\/"],"url":"https:\/\/www.federassantas.org.br\/novosite\/author\/admin-federas\/"}]}},"_links":{"self":[{"href":"https:\/\/www.federassantas.org.br\/novosite\/wp-json\/wp\/v2\/posts\/22796","targetHints":{"allow":["GET"]}}],"collection":[{"href":"https:\/\/www.federassantas.org.br\/novosite\/wp-json\/wp\/v2\/posts"}],"about":[{"href":"https:\/\/www.federassantas.org.br\/novosite\/wp-json\/wp\/v2\/types\/post"}],"author":[{"embeddable":true,"href":"https:\/\/www.federassantas.org.br\/novosite\/wp-json\/wp\/v2\/users\/1"}],"replies":[{"embeddable":true,"href":"https:\/\/www.federassantas.org.br\/novosite\/wp-json\/wp\/v2\/comments?post=22796"}],"version-history":[{"count":0,"href":"https:\/\/www.federassantas.org.br\/novosite\/wp-json\/wp\/v2\/posts\/22796\/revisions"}],"wp:featuredmedia":[{"embeddable":true,"href":"https:\/\/www.federassantas.org.br\/novosite\/wp-json\/wp\/v2\/media\/22798"}],"wp:attachment":[{"href":"https:\/\/www.federassantas.org.br\/novosite\/wp-json\/wp\/v2\/media?parent=22796"}],"wp:term":[{"taxonomy":"category","embeddable":true,"href":"https:\/\/www.federassantas.org.br\/novosite\/wp-json\/wp\/v2\/categories?post=22796"},{"taxonomy":"post_tag","embeddable":true,"href":"https:\/\/www.federassantas.org.br\/novosite\/wp-json\/wp\/v2\/tags?post=22796"}],"curies":[{"name":"wp","href":"https:\/\/api.w.org\/{rel}","templated":true}]}}