{"id":22804,"date":"2021-12-02T10:00:22","date_gmt":"2021-12-02T13:00:22","guid":{"rendered":"https:\/\/federasbackup.meltcomunicacao.com.br\/?p=22804"},"modified":"2021-12-02T10:00:22","modified_gmt":"2021-12-02T13:00:22","slug":"santa-casa-bh-convoca-voluntarios-para-estudo-com-a-vacina-da-janssen","status":"publish","type":"post","link":"https:\/\/www.federassantas.org.br\/novosite\/santa-casa-bh-convoca-voluntarios-para-estudo-com-a-vacina-da-janssen\/","title":{"rendered":"Santa Casa BH convoca volunt\u00e1rios para estudo com a vacina da Janssen"},"content":{"rendered":"\n<p><em>Pesquisa, que ser\u00e1 realizada nos EUA, Brasil, Alemanha e \u00c1frica do Sul, visa identificar os n\u00edveis de efic\u00e1cia e aprofundar os conhecimentos sobre o imunizante<\/em><\/p>\n\n\n\n<p>A equipe de&nbsp;<strong>Pesquisa Cl\u00ednica da Santa Casa BH (SCBH)<\/strong>, maior hospital&nbsp;<strong>100% SUS<\/strong>&nbsp;de Minas Gerais, est\u00e1 participando&nbsp;de um&nbsp;<strong>novo estudo<\/strong>, realizado na capital, com a&nbsp;<strong>vacina da COVID-19 da Janssen<\/strong>. O protocolo de pesquisa, conduzido nos&nbsp;<strong>Estados Unidos, Brasil, Alemanha e \u00c1frica do Sul<\/strong>, contar\u00e1 com a participa\u00e7\u00e3o de um total de&nbsp;<strong>1.350 volunt\u00e1rios<\/strong>. Os interessados em participar podem entrar em contato com a SCBH.<\/p>\n\n\n\n<p>O imunizante que ser\u00e1 administrado \u00e9 a mesma vacina da Janssen aprovada para uso emergencial, pela Ag\u00eancia Nacional de Vigil\u00e2ncia Sanit\u00e1ria (Anvisa), no entanto, como explica a m\u00e9dica Infectologista da Santa Casa BH e investigadora do estudo, Cl\u00e1udia Murta, o objetivo \u00e9 conhecer melhor a sua efic\u00e1cia.&nbsp;<strong>\u201cO intuito \u00e9 investigar a prote\u00e7\u00e3o que a vacina confere, a produ\u00e7\u00e3o de anticorpos que ela estimula e aprofundar os conhecimentos sobre a sua seguran\u00e7a\u201d<\/strong>, afirma a infectologista.<\/p>\n\n\n\n<p>Cl\u00e1udia refor\u00e7a, por\u00e9m, que os estudos j\u00e1 conclu\u00eddos mostram que o imunizante da Janssen \u00e9 eficaz e apresenta baixa ocorr\u00eancia de efeitos colaterais (os chamados eventos adversos).<\/p>\n\n\n\n<p>No protocolo conduzido pela SCBH,&nbsp;<strong>todos os volunt\u00e1rios receber\u00e3o duas doses da vacina e ser\u00e3o acompanhados por cerca de um ano<\/strong>. \u201cNenhum participante receber\u00e1 placebo\u201d, pontua Cl\u00e1udia.<\/p>\n\n\n\n<p>O estudo contar\u00e1 com&nbsp;<strong>volunt\u00e1rios com idade entre 18 e 55 anos, que n\u00e3o tenham tido COVID-19 e nem tenham recebido qualquer vacina contra a doen\u00e7a<\/strong>. Gr\u00e1vidas n\u00e3o podem participar. Antes de entrarem no estudo e de serem imunizados, todos os participantes receber\u00e3o informa\u00e7\u00f5es detalhadas sobre o protocolo e passar\u00e3o por uma consulta m\u00e9dica.<\/p>\n\n\n\n<p>A infectologista e investigadora ressalta a relev\u00e2ncia da pesquisa e da participa\u00e7\u00e3o dos volunt\u00e1rios, j\u00e1 que \u201ccomo o novo coronav\u00edrus continua a circular e a causar infec\u00e7\u00f5es no mundo todo, novos estudos e novas vacinas s\u00e3o necess\u00e1rios para tentar oferecer uma melhor prote\u00e7\u00e3o, n\u00e3o apenas individual, mas tamb\u00e9m coletiva. Al\u00e9m de colaborar para a ci\u00eancia, os participantes se beneficiam por terem acompanhamento da experiente equipe da Santa Casa BH, durante o per\u00edodo do estudo\u201d, completa Cl\u00e1udia Murta.<\/p>\n\n\n\n<p>Os interessados em participar do estudo com a vacina da Janssen podem entrar em contato com o setor de Pesquisa Cl\u00ednica da SCBH, pelo&nbsp;<strong>WhatsApp<\/strong>&nbsp;<strong>(31) 3879-0084<\/strong>&nbsp;ou pelo telefone&nbsp;<strong>(31) 3879-0085<\/strong>, de&nbsp;<strong>segunda a sexta-feira<\/strong>, das&nbsp;<strong>07h \u00e0s 17h<\/strong>.<\/p>\n\n\n\n<p><strong>Sobre a Santa Casa BH<\/strong><\/p>\n\n\n\n<p>Fundada em 1899, dois anos ap\u00f3s a inaugura\u00e7\u00e3o da capital mineira, a Santa Casa BH \u00e9 a primeira institui\u00e7\u00e3o de sa\u00fade de Belo Horizonte. Com 122 anos de atividades, \u00e9 a maior prestadora filantr\u00f3pica de servi\u00e7os ao SUS em Minas Gerais e uma das maiores do Brasil. O ano de 2020 foi desafiador para o hospital, que teve que se reinventar para atender \u00e0s necessidades da sociedade em vista da pandemia, assumindo a lideran\u00e7a nos atendimentos aos pacientes com a COVID-19 na regi\u00e3o metropolitana de Belo Horizonte, sem deixar de atender, com excel\u00eancia, todas as outras especialidades. Com capacidade instalada de 19 salas cir\u00fargicas para procedimentos de m\u00e9dia e alta complexidade, essa \u201ccidade da sa\u00fade\u201d oferece, atualmente, 1.152 leitos distribu\u00eddos nos 13 andares do seu ic\u00f4nico pr\u00e9dio.<\/p>\n\n\n\n<p><strong>Centro de Pesquisa Cl\u00ednica e Inova\u00e7\u00e3o da SCBH<\/strong><\/p>\n\n\n\n<p>O Centro de Pesquisa Cl\u00ednica e Inova\u00e7\u00e3o Provedor Saulo Levindo Coelho da Santa Casa BH, busca, por meio de testes de medicamentos, vacinas, novos dispositivos m\u00e9dicos e terapias, proporcionar qualidade de vida \u00e0s pessoas, sendo refer\u00eancia no atendimento \u00e0 popula\u00e7\u00e3o. Atualmente, o Centro conduz cerca de 60 estudos cl\u00ednicos em andamento em v\u00e1rias especialidades, incluindo terapias e medicamentos para pacientes internados e em atendimento ambulatorial. O objetivo da SCBH enquanto Centro \u00e9 produzir, compartilhar conhecimento e principalmente cumprir com sua miss\u00e3o de melhorar a assist\u00eancia \u00e0 sa\u00fade das pessoas.<\/p>\n\n\n\n<p><\/p>\n\n\n\n<p>Por: Comunica\u00e7\u00e3o Santa Casa BH<\/p>\n","protected":false},"excerpt":{"rendered":"<p>Pesquisa, que ser\u00e1 realizada nos EUA, Brasil, Alemanha e \u00c1frica do Sul, visa identificar os n\u00edveis de efic\u00e1cia e aprofundar os conhecimentos sobre o imunizante A equipe de&nbsp;Pesquisa Cl\u00ednica da Santa Casa BH (SCBH), maior hospital&nbsp;100% SUS&nbsp;de Minas Gerais, est\u00e1 participando&nbsp;de um&nbsp;novo estudo, realizado na capital, com a&nbsp;vacina da COVID-19 da Janssen. O protocolo de [&hellip;]<\/p>\n","protected":false},"author":1,"featured_media":22805,"comment_status":"open","ping_status":"open","sticky":false,"template":"","format":"standard","meta":{"footnotes":""},"categories":[140,139],"tags":[],"class_list":["post-22804","post","type-post","status-publish","format-standard","has-post-thumbnail","hentry","category-noticias","category-noticias-filiados"],"yoast_head":"<!-- This site is optimized with the Yoast SEO plugin v26.9 - https:\/\/yoast.com\/product\/yoast-seo-wordpress\/ -->\n<title>Santa Casa BH convoca volunt\u00e1rios para estudo com a vacina da Janssen - Federassantas<\/title>\n<meta name=\"robots\" content=\"index, follow, max-snippet:-1, max-image-preview:large, max-video-preview:-1\" \/>\n<link rel=\"canonical\" href=\"https:\/\/www.federassantas.org.br\/novosite\/santa-casa-bh-convoca-voluntarios-para-estudo-com-a-vacina-da-janssen\/\" \/>\n<meta property=\"og:locale\" content=\"pt_BR\" \/>\n<meta property=\"og:type\" content=\"article\" \/>\n<meta property=\"og:title\" content=\"Santa Casa BH convoca volunt\u00e1rios para estudo com a vacina da Janssen - Federassantas\" \/>\n<meta property=\"og:description\" content=\"Pesquisa, que ser\u00e1 realizada nos EUA, Brasil, Alemanha e \u00c1frica do Sul, visa identificar os n\u00edveis de efic\u00e1cia e aprofundar os conhecimentos sobre o imunizante A equipe de&nbsp;Pesquisa Cl\u00ednica da Santa Casa BH (SCBH), maior hospital&nbsp;100% SUS&nbsp;de Minas Gerais, est\u00e1 participando&nbsp;de um&nbsp;novo estudo, realizado na capital, com a&nbsp;vacina da COVID-19 da Janssen. O protocolo de [&hellip;]\" \/>\n<meta property=\"og:url\" content=\"https:\/\/www.federassantas.org.br\/novosite\/santa-casa-bh-convoca-voluntarios-para-estudo-com-a-vacina-da-janssen\/\" \/>\n<meta property=\"og:site_name\" content=\"Federassantas\" \/>\n<meta property=\"article:published_time\" content=\"2021-12-02T13:00:22+00:00\" \/>\n<meta property=\"og:image\" content=\"https:\/\/www.federassantas.org.br\/novosite\/wp-content\/uploads\/2021\/12\/fachada-SC.png\" \/>\n\t<meta property=\"og:image:width\" content=\"1117\" \/>\n\t<meta property=\"og:image:height\" content=\"699\" \/>\n\t<meta property=\"og:image:type\" content=\"image\/png\" \/>\n<meta name=\"author\" content=\"admin-federas\" \/>\n<meta name=\"twitter:card\" content=\"summary_large_image\" \/>\n<meta name=\"twitter:label1\" content=\"Escrito por\" \/>\n\t<meta name=\"twitter:data1\" content=\"admin-federas\" \/>\n\t<meta name=\"twitter:label2\" content=\"Est. tempo de leitura\" \/>\n\t<meta name=\"twitter:data2\" content=\"3 minutos\" \/>\n<script type=\"application\/ld+json\" class=\"yoast-schema-graph\">{\"@context\":\"https:\/\/schema.org\",\"@graph\":[{\"@type\":\"Article\",\"@id\":\"https:\/\/www.federassantas.org.br\/novosite\/santa-casa-bh-convoca-voluntarios-para-estudo-com-a-vacina-da-janssen\/#article\",\"isPartOf\":{\"@id\":\"https:\/\/www.federassantas.org.br\/novosite\/santa-casa-bh-convoca-voluntarios-para-estudo-com-a-vacina-da-janssen\/\"},\"author\":{\"name\":\"admin-federas\",\"@id\":\"https:\/\/www.federassantas.org.br\/novosite\/#\/schema\/person\/75fed98158349313fe56175f232f513c\"},\"headline\":\"Santa Casa BH convoca volunt\u00e1rios para estudo com a vacina da Janssen\",\"datePublished\":\"2021-12-02T13:00:22+00:00\",\"mainEntityOfPage\":{\"@id\":\"https:\/\/www.federassantas.org.br\/novosite\/santa-casa-bh-convoca-voluntarios-para-estudo-com-a-vacina-da-janssen\/\"},\"wordCount\":710,\"commentCount\":0,\"publisher\":{\"@id\":\"https:\/\/www.federassantas.org.br\/novosite\/#organization\"},\"image\":{\"@id\":\"https:\/\/www.federassantas.org.br\/novosite\/santa-casa-bh-convoca-voluntarios-para-estudo-com-a-vacina-da-janssen\/#primaryimage\"},\"thumbnailUrl\":\"https:\/\/www.federassantas.org.br\/novosite\/wp-content\/uploads\/2021\/12\/fachada-SC.png\",\"articleSection\":[\"Not\u00edcias\",\"Not\u00edcias filiados\"],\"inLanguage\":\"pt-BR\",\"potentialAction\":[{\"@type\":\"CommentAction\",\"name\":\"Comment\",\"target\":[\"https:\/\/www.federassantas.org.br\/novosite\/santa-casa-bh-convoca-voluntarios-para-estudo-com-a-vacina-da-janssen\/#respond\"]}]},{\"@type\":\"WebPage\",\"@id\":\"https:\/\/www.federassantas.org.br\/novosite\/santa-casa-bh-convoca-voluntarios-para-estudo-com-a-vacina-da-janssen\/\",\"url\":\"https:\/\/www.federassantas.org.br\/novosite\/santa-casa-bh-convoca-voluntarios-para-estudo-com-a-vacina-da-janssen\/\",\"name\":\"Santa Casa BH convoca volunt\u00e1rios para estudo com a vacina da Janssen - Federassantas\",\"isPartOf\":{\"@id\":\"https:\/\/www.federassantas.org.br\/novosite\/#website\"},\"primaryImageOfPage\":{\"@id\":\"https:\/\/www.federassantas.org.br\/novosite\/santa-casa-bh-convoca-voluntarios-para-estudo-com-a-vacina-da-janssen\/#primaryimage\"},\"image\":{\"@id\":\"https:\/\/www.federassantas.org.br\/novosite\/santa-casa-bh-convoca-voluntarios-para-estudo-com-a-vacina-da-janssen\/#primaryimage\"},\"thumbnailUrl\":\"https:\/\/www.federassantas.org.br\/novosite\/wp-content\/uploads\/2021\/12\/fachada-SC.png\",\"datePublished\":\"2021-12-02T13:00:22+00:00\",\"breadcrumb\":{\"@id\":\"https:\/\/www.federassantas.org.br\/novosite\/santa-casa-bh-convoca-voluntarios-para-estudo-com-a-vacina-da-janssen\/#breadcrumb\"},\"inLanguage\":\"pt-BR\",\"potentialAction\":[{\"@type\":\"ReadAction\",\"target\":[\"https:\/\/www.federassantas.org.br\/novosite\/santa-casa-bh-convoca-voluntarios-para-estudo-com-a-vacina-da-janssen\/\"]}]},{\"@type\":\"ImageObject\",\"inLanguage\":\"pt-BR\",\"@id\":\"https:\/\/www.federassantas.org.br\/novosite\/santa-casa-bh-convoca-voluntarios-para-estudo-com-a-vacina-da-janssen\/#primaryimage\",\"url\":\"https:\/\/www.federassantas.org.br\/novosite\/wp-content\/uploads\/2021\/12\/fachada-SC.png\",\"contentUrl\":\"https:\/\/www.federassantas.org.br\/novosite\/wp-content\/uploads\/2021\/12\/fachada-SC.png\",\"width\":1117,\"height\":699},{\"@type\":\"BreadcrumbList\",\"@id\":\"https:\/\/www.federassantas.org.br\/novosite\/santa-casa-bh-convoca-voluntarios-para-estudo-com-a-vacina-da-janssen\/#breadcrumb\",\"itemListElement\":[{\"@type\":\"ListItem\",\"position\":1,\"name\":\"In\u00edcio\",\"item\":\"https:\/\/www.federassantas.org.br\/novosite\/\"},{\"@type\":\"ListItem\",\"position\":2,\"name\":\"Santa Casa BH convoca volunt\u00e1rios para estudo com a vacina da Janssen\"}]},{\"@type\":\"WebSite\",\"@id\":\"https:\/\/www.federassantas.org.br\/novosite\/#website\",\"url\":\"https:\/\/www.federassantas.org.br\/novosite\/\",\"name\":\"Federassantas\",\"description\":\"Fed. das Santas Casas e Hospitais Filantr\u00f3picos de MG\",\"publisher\":{\"@id\":\"https:\/\/www.federassantas.org.br\/novosite\/#organization\"},\"potentialAction\":[{\"@type\":\"SearchAction\",\"target\":{\"@type\":\"EntryPoint\",\"urlTemplate\":\"https:\/\/www.federassantas.org.br\/novosite\/?s={search_term_string}\"},\"query-input\":{\"@type\":\"PropertyValueSpecification\",\"valueRequired\":true,\"valueName\":\"search_term_string\"}}],\"inLanguage\":\"pt-BR\"},{\"@type\":\"Organization\",\"@id\":\"https:\/\/www.federassantas.org.br\/novosite\/#organization\",\"name\":\"Federassantas\",\"url\":\"https:\/\/www.federassantas.org.br\/novosite\/\",\"logo\":{\"@type\":\"ImageObject\",\"inLanguage\":\"pt-BR\",\"@id\":\"https:\/\/www.federassantas.org.br\/novosite\/#\/schema\/logo\/image\/\",\"url\":\"https:\/\/www.federassantas.org.br\/novosite\/wp-content\/uploads\/2021\/12\/logo.png\",\"contentUrl\":\"https:\/\/www.federassantas.org.br\/novosite\/wp-content\/uploads\/2021\/12\/logo.png\",\"width\":243,\"height\":59,\"caption\":\"Federassantas\"},\"image\":{\"@id\":\"https:\/\/www.federassantas.org.br\/novosite\/#\/schema\/logo\/image\/\"}},{\"@type\":\"Person\",\"@id\":\"https:\/\/www.federassantas.org.br\/novosite\/#\/schema\/person\/75fed98158349313fe56175f232f513c\",\"name\":\"admin-federas\",\"image\":{\"@type\":\"ImageObject\",\"inLanguage\":\"pt-BR\",\"@id\":\"https:\/\/www.federassantas.org.br\/novosite\/#\/schema\/person\/image\/\",\"url\":\"https:\/\/secure.gravatar.com\/avatar\/2a02d7dda59fe8dc6b7ffd3f652e2efede5ccf0dd89dfdc8137c5517f3de8407?s=96&d=mm&r=g\",\"contentUrl\":\"https:\/\/secure.gravatar.com\/avatar\/2a02d7dda59fe8dc6b7ffd3f652e2efede5ccf0dd89dfdc8137c5517f3de8407?s=96&d=mm&r=g\",\"caption\":\"admin-federas\"},\"sameAs\":[\"https:\/\/www.federassantas.org.br\/novosite\/\"],\"url\":\"https:\/\/www.federassantas.org.br\/novosite\/author\/admin-federas\/\"}]}<\/script>\n<!-- \/ Yoast SEO plugin. -->","yoast_head_json":{"title":"Santa Casa BH convoca volunt\u00e1rios para estudo com a vacina da Janssen - Federassantas","robots":{"index":"index","follow":"follow","max-snippet":"max-snippet:-1","max-image-preview":"max-image-preview:large","max-video-preview":"max-video-preview:-1"},"canonical":"https:\/\/www.federassantas.org.br\/novosite\/santa-casa-bh-convoca-voluntarios-para-estudo-com-a-vacina-da-janssen\/","og_locale":"pt_BR","og_type":"article","og_title":"Santa Casa BH convoca volunt\u00e1rios para estudo com a vacina da Janssen - Federassantas","og_description":"Pesquisa, que ser\u00e1 realizada nos EUA, Brasil, Alemanha e \u00c1frica do Sul, visa identificar os n\u00edveis de efic\u00e1cia e aprofundar os conhecimentos sobre o imunizante A equipe de&nbsp;Pesquisa Cl\u00ednica da Santa Casa BH (SCBH), maior hospital&nbsp;100% SUS&nbsp;de Minas Gerais, est\u00e1 participando&nbsp;de um&nbsp;novo estudo, realizado na capital, com a&nbsp;vacina da COVID-19 da Janssen. O protocolo de [&hellip;]","og_url":"https:\/\/www.federassantas.org.br\/novosite\/santa-casa-bh-convoca-voluntarios-para-estudo-com-a-vacina-da-janssen\/","og_site_name":"Federassantas","article_published_time":"2021-12-02T13:00:22+00:00","og_image":[{"width":1117,"height":699,"url":"https:\/\/www.federassantas.org.br\/novosite\/wp-content\/uploads\/2021\/12\/fachada-SC.png","type":"image\/png"}],"author":"admin-federas","twitter_card":"summary_large_image","twitter_misc":{"Escrito por":"admin-federas","Est. tempo de leitura":"3 minutos"},"schema":{"@context":"https:\/\/schema.org","@graph":[{"@type":"Article","@id":"https:\/\/www.federassantas.org.br\/novosite\/santa-casa-bh-convoca-voluntarios-para-estudo-com-a-vacina-da-janssen\/#article","isPartOf":{"@id":"https:\/\/www.federassantas.org.br\/novosite\/santa-casa-bh-convoca-voluntarios-para-estudo-com-a-vacina-da-janssen\/"},"author":{"name":"admin-federas","@id":"https:\/\/www.federassantas.org.br\/novosite\/#\/schema\/person\/75fed98158349313fe56175f232f513c"},"headline":"Santa Casa BH convoca volunt\u00e1rios para estudo com a vacina da Janssen","datePublished":"2021-12-02T13:00:22+00:00","mainEntityOfPage":{"@id":"https:\/\/www.federassantas.org.br\/novosite\/santa-casa-bh-convoca-voluntarios-para-estudo-com-a-vacina-da-janssen\/"},"wordCount":710,"commentCount":0,"publisher":{"@id":"https:\/\/www.federassantas.org.br\/novosite\/#organization"},"image":{"@id":"https:\/\/www.federassantas.org.br\/novosite\/santa-casa-bh-convoca-voluntarios-para-estudo-com-a-vacina-da-janssen\/#primaryimage"},"thumbnailUrl":"https:\/\/www.federassantas.org.br\/novosite\/wp-content\/uploads\/2021\/12\/fachada-SC.png","articleSection":["Not\u00edcias","Not\u00edcias filiados"],"inLanguage":"pt-BR","potentialAction":[{"@type":"CommentAction","name":"Comment","target":["https:\/\/www.federassantas.org.br\/novosite\/santa-casa-bh-convoca-voluntarios-para-estudo-com-a-vacina-da-janssen\/#respond"]}]},{"@type":"WebPage","@id":"https:\/\/www.federassantas.org.br\/novosite\/santa-casa-bh-convoca-voluntarios-para-estudo-com-a-vacina-da-janssen\/","url":"https:\/\/www.federassantas.org.br\/novosite\/santa-casa-bh-convoca-voluntarios-para-estudo-com-a-vacina-da-janssen\/","name":"Santa Casa BH convoca volunt\u00e1rios para estudo com a vacina da Janssen - Federassantas","isPartOf":{"@id":"https:\/\/www.federassantas.org.br\/novosite\/#website"},"primaryImageOfPage":{"@id":"https:\/\/www.federassantas.org.br\/novosite\/santa-casa-bh-convoca-voluntarios-para-estudo-com-a-vacina-da-janssen\/#primaryimage"},"image":{"@id":"https:\/\/www.federassantas.org.br\/novosite\/santa-casa-bh-convoca-voluntarios-para-estudo-com-a-vacina-da-janssen\/#primaryimage"},"thumbnailUrl":"https:\/\/www.federassantas.org.br\/novosite\/wp-content\/uploads\/2021\/12\/fachada-SC.png","datePublished":"2021-12-02T13:00:22+00:00","breadcrumb":{"@id":"https:\/\/www.federassantas.org.br\/novosite\/santa-casa-bh-convoca-voluntarios-para-estudo-com-a-vacina-da-janssen\/#breadcrumb"},"inLanguage":"pt-BR","potentialAction":[{"@type":"ReadAction","target":["https:\/\/www.federassantas.org.br\/novosite\/santa-casa-bh-convoca-voluntarios-para-estudo-com-a-vacina-da-janssen\/"]}]},{"@type":"ImageObject","inLanguage":"pt-BR","@id":"https:\/\/www.federassantas.org.br\/novosite\/santa-casa-bh-convoca-voluntarios-para-estudo-com-a-vacina-da-janssen\/#primaryimage","url":"https:\/\/www.federassantas.org.br\/novosite\/wp-content\/uploads\/2021\/12\/fachada-SC.png","contentUrl":"https:\/\/www.federassantas.org.br\/novosite\/wp-content\/uploads\/2021\/12\/fachada-SC.png","width":1117,"height":699},{"@type":"BreadcrumbList","@id":"https:\/\/www.federassantas.org.br\/novosite\/santa-casa-bh-convoca-voluntarios-para-estudo-com-a-vacina-da-janssen\/#breadcrumb","itemListElement":[{"@type":"ListItem","position":1,"name":"In\u00edcio","item":"https:\/\/www.federassantas.org.br\/novosite\/"},{"@type":"ListItem","position":2,"name":"Santa Casa BH convoca volunt\u00e1rios para estudo com a vacina da Janssen"}]},{"@type":"WebSite","@id":"https:\/\/www.federassantas.org.br\/novosite\/#website","url":"https:\/\/www.federassantas.org.br\/novosite\/","name":"Federassantas","description":"Fed. das Santas Casas e Hospitais Filantr\u00f3picos de MG","publisher":{"@id":"https:\/\/www.federassantas.org.br\/novosite\/#organization"},"potentialAction":[{"@type":"SearchAction","target":{"@type":"EntryPoint","urlTemplate":"https:\/\/www.federassantas.org.br\/novosite\/?s={search_term_string}"},"query-input":{"@type":"PropertyValueSpecification","valueRequired":true,"valueName":"search_term_string"}}],"inLanguage":"pt-BR"},{"@type":"Organization","@id":"https:\/\/www.federassantas.org.br\/novosite\/#organization","name":"Federassantas","url":"https:\/\/www.federassantas.org.br\/novosite\/","logo":{"@type":"ImageObject","inLanguage":"pt-BR","@id":"https:\/\/www.federassantas.org.br\/novosite\/#\/schema\/logo\/image\/","url":"https:\/\/www.federassantas.org.br\/novosite\/wp-content\/uploads\/2021\/12\/logo.png","contentUrl":"https:\/\/www.federassantas.org.br\/novosite\/wp-content\/uploads\/2021\/12\/logo.png","width":243,"height":59,"caption":"Federassantas"},"image":{"@id":"https:\/\/www.federassantas.org.br\/novosite\/#\/schema\/logo\/image\/"}},{"@type":"Person","@id":"https:\/\/www.federassantas.org.br\/novosite\/#\/schema\/person\/75fed98158349313fe56175f232f513c","name":"admin-federas","image":{"@type":"ImageObject","inLanguage":"pt-BR","@id":"https:\/\/www.federassantas.org.br\/novosite\/#\/schema\/person\/image\/","url":"https:\/\/secure.gravatar.com\/avatar\/2a02d7dda59fe8dc6b7ffd3f652e2efede5ccf0dd89dfdc8137c5517f3de8407?s=96&d=mm&r=g","contentUrl":"https:\/\/secure.gravatar.com\/avatar\/2a02d7dda59fe8dc6b7ffd3f652e2efede5ccf0dd89dfdc8137c5517f3de8407?s=96&d=mm&r=g","caption":"admin-federas"},"sameAs":["https:\/\/www.federassantas.org.br\/novosite\/"],"url":"https:\/\/www.federassantas.org.br\/novosite\/author\/admin-federas\/"}]}},"_links":{"self":[{"href":"https:\/\/www.federassantas.org.br\/novosite\/wp-json\/wp\/v2\/posts\/22804","targetHints":{"allow":["GET"]}}],"collection":[{"href":"https:\/\/www.federassantas.org.br\/novosite\/wp-json\/wp\/v2\/posts"}],"about":[{"href":"https:\/\/www.federassantas.org.br\/novosite\/wp-json\/wp\/v2\/types\/post"}],"author":[{"embeddable":true,"href":"https:\/\/www.federassantas.org.br\/novosite\/wp-json\/wp\/v2\/users\/1"}],"replies":[{"embeddable":true,"href":"https:\/\/www.federassantas.org.br\/novosite\/wp-json\/wp\/v2\/comments?post=22804"}],"version-history":[{"count":0,"href":"https:\/\/www.federassantas.org.br\/novosite\/wp-json\/wp\/v2\/posts\/22804\/revisions"}],"wp:featuredmedia":[{"embeddable":true,"href":"https:\/\/www.federassantas.org.br\/novosite\/wp-json\/wp\/v2\/media\/22805"}],"wp:attachment":[{"href":"https:\/\/www.federassantas.org.br\/novosite\/wp-json\/wp\/v2\/media?parent=22804"}],"wp:term":[{"taxonomy":"category","embeddable":true,"href":"https:\/\/www.federassantas.org.br\/novosite\/wp-json\/wp\/v2\/categories?post=22804"},{"taxonomy":"post_tag","embeddable":true,"href":"https:\/\/www.federassantas.org.br\/novosite\/wp-json\/wp\/v2\/tags?post=22804"}],"curies":[{"name":"wp","href":"https:\/\/api.w.org\/{rel}","templated":true}]}}