{"id":22807,"date":"2021-12-02T10:58:41","date_gmt":"2021-12-02T13:58:41","guid":{"rendered":"https:\/\/federasbackup.meltcomunicacao.com.br\/?p=22807"},"modified":"2021-12-02T10:58:41","modified_gmt":"2021-12-02T13:58:41","slug":"santa-casa-de-pocos-de-caldas-inaugura-obras-da-urgencia-emergencia-e-do-centro-de-imagem","status":"publish","type":"post","link":"https:\/\/www.federassantas.org.br\/novosite\/santa-casa-de-pocos-de-caldas-inaugura-obras-da-urgencia-emergencia-e-do-centro-de-imagem\/","title":{"rendered":"Santa Casa de Po\u00e7os de Caldas inaugura obras da Urg\u00eancia\/Emerg\u00eancia e do Centro de Imagem"},"content":{"rendered":"\n<p>No fim da tarde dessa ter\u00e7a-feira, 30, aconteceu na Santa Casa de Po\u00e7os de Caldas a inaugura\u00e7\u00e3o das primeiras fases das obras do setor de Urg\u00eancia\/Emerg\u00eancia e do novo Centro de Imagem.<\/p>\n\n\n\n<p>A inaugura\u00e7\u00e3o da primeira fase da obra do setor de Urg\u00eancia\/Emerg\u00eancia contemplou, em um primeiro momento, o Sal\u00e3o de Observa\u00e7\u00e3o Adulto, a Sala de Emerg\u00eancia Infantil e Adolescente e o quarto de isolamento para pacientes imunossuprimidos ou com doen\u00e7a contagiosa. S\u00e3o um total de oito leitos&nbsp; que contam com equipamentos de \u00faltima gera\u00e7\u00e3o e todo o conforto para pacientes do SUS, conv\u00eanios ou particulares.&nbsp;&nbsp;&nbsp;&nbsp;&nbsp;&nbsp;&nbsp;<\/p>\n\n\n\n<p>O evento contou com a participa\u00e7\u00e3o do prefeito S\u00e9rgio Azevedo, do vice-prefeito, J\u00falio C\u00e9sar de Freitas, do secret\u00e1rio de Sa\u00fade, Carlos Mosconi, do secret\u00e1rio de governo, Celso Donato, do superintendente da Santa Casa, Ricardo S\u00e1, do vice-provedor da Irmandade, Marcos de Carvalho Dias, da arquiteta respons\u00e1vel pela obra, Nat\u00e1lia Siqueira, do coordenador do setor de Urg\u00eancia\/Emerg\u00eancia, Dr. Renan Vicente Braga, da gerente executiva do Centro de Imagens,&nbsp; Andr\u00e9ia de Almeida Silva, al\u00e9m de funcion\u00e1rios e representantes da Irmandade da Santa Casa.&nbsp;<\/p>\n\n\n\n<p>O superintendente da Santa Casa, Ricardo S\u00e1, conta que foram gastos R$300 mil na obra da Urg\u00eancia\/Emerg\u00eancia e cerca de R$100 mil na reforma do Centro de Imagens. Segundo Ricardo, essas obras mostram o padr\u00e3o que vai ser a Santa Casa daqui para frente.&nbsp;&nbsp;&nbsp;&nbsp;&nbsp;&nbsp;&nbsp;<\/p>\n\n\n\n<p>\u201cQueremos oferecer um padr\u00e3o melhor de acomoda\u00e7\u00e3o, tecnologia e assist\u00eancia para todos os pacientes, esse \u00e9 o dever da Santa Casa. Essa inaugura\u00e7\u00e3o \u00e9 um exemplo do que estamos come\u00e7ando a fazer para a popula\u00e7\u00e3o. Esse Pronto Socorro moderno tem o n\u00edvel de hospitais de primeiro mundo e \u00e9 isso que a gente quer daqui para frente para o Hospital. Essa ser\u00e1 a qualidade que a gente quer oferecer n\u00e3o s\u00f3 para a popula\u00e7\u00e3o do SUS, mas tamb\u00e9m para a popula\u00e7\u00e3o dos conv\u00eanios e particulares . A Santa Casa est\u00e1 aberta para toda a popula\u00e7\u00e3o e com uma oferta de servi\u00e7o cada vez melhor , esse \u00e9 o nosso compromisso\u201d, disse o superintendente do Hospital.<\/p>\n\n\n\n<p>Valora Minas&nbsp;&nbsp;<\/p>\n\n\n\n<p>O coordenador do setor de Urg\u00eancia\/Emerg\u00eancia da Santa Casa, Dr. Renan Vicente Braga, lembra que o Hospital j\u00e1 tem responsabilidade dentro de v\u00e1rias frentes e, a partir deste m\u00eas de dezembro, inicia o Valora Minas, em que a Irmandade ser\u00e1 porta aberta para pacientes cardiol\u00f3gicos no primeiro atendimento e para pacientes acometidos por acidente vascular cerebral (AVC).&nbsp;&nbsp;<\/p>\n\n\n\n<p>\u201cEsse local que est\u00e1 sendo inaugurado \u00e9 lugar de retaguarda. \u00c9 onde ficar\u00e3o os pacientes que precisam de maior monitoriza\u00e7\u00e3o, pacientes pr\u00e9 UTI ou semi intensiva. Ent\u00e3o, os pacientes que ficarem aqui ser\u00e3o transferidos ou para o Santa L\u00facia no ponto de vista cardiovascular, para a realiza\u00e7\u00e3o dos exames de cateterismo,ou para transfer\u00eancias&nbsp; para UTI, tanto para os pacientes de conv\u00eanios e particulares quanto para os pacientes SUS\u201d, revela o Dr. Renan, que lembra o grande investimento que foi feito na reforma do Setor.<\/p>\n\n\n\n<p>\u201cAqui foi colocado um investimento muito alto quanto \u00e0 monitoriza\u00e7\u00e3o, telemetria e treinamento da equipe m\u00e9dica e da enfermagem. Teremos agora um pronto socorro cardiol\u00f3gico com cardiologista 24h presencial, ortopedista 24h presencial, cl\u00ednico geral 24h presencial e o cirurgi\u00e3o geral. Estaremos de portas abertas para toda a popula\u00e7\u00e3o,dando melhor qualidade de atendimento e acolhimento, al\u00e9m de capacidade t\u00e9cnica e humaniza\u00e7\u00e3o no atendimento do paciente. \u00c9 isso que estamos priorizando no momento\u201d, completa Dr. Renan.<\/p>\n\n\n\n<p>Centro de Imagem&nbsp;<\/p>\n\n\n\n<p>Al\u00e9m de inaugura\u00e7\u00e3o da nova Urg\u00eancia\/Emerg\u00eancia, esta ter\u00e7a-feira tamb\u00e9m marcou a inaugura\u00e7\u00e3o de parte das obras do Centro de Imagem que, al\u00e9m de um ambiente totalmente novo e humanizado, conta com novos equipamentos de \u00faltima gera\u00e7\u00e3o, como o tom\u00f3grafo de 128 canais e o novo mam\u00f3grafo da Fuji, que \u00e9 o que existe de mais novo na gera\u00e7\u00e3o de mam\u00f3grafos digitais.<\/p>\n\n\n\n<p>\u201cEsse \u00e9 s\u00f3 o come\u00e7o da reformula\u00e7\u00e3o do nosso Centro de Imagens. J\u00e1 para a segunda fase da reforma do CDI vamos colocar mais uma sala de ultrassom, al\u00e9m de muitas outras novidades que est\u00e3o por vir. Provavelmente, a partir de janeiro, estaremos realizando angiotomografia de coron\u00e1rias, que atualmente n\u00e3o temos na regi\u00e3o. \u00c9 com muita satisfa\u00e7\u00e3o que todos n\u00f3s da radiologia estaremos aqui para acolher a popula\u00e7\u00e3o, tanto de Po\u00e7os quanto da Regi\u00e3o, atendendo SUS, conv\u00eanios e particulares\u201d, diz a gerente executiva do Centro de Imagens, Andr\u00e9ia de Almeida Silva.<\/p>\n\n\n\n<p>Avan\u00e7o para Po\u00e7os&nbsp;<\/p>\n\n\n\n<p>O secret\u00e1rio de Sa\u00fade, Carlos Mosconi, destaca que a inaugura\u00e7\u00e3o dessa fase das obras do Centro de Imagem e do setor de Urg\u00eancia\/Emerg\u00eancia da Santa Casa s\u00e3o um grande avan\u00e7o para o sistema de sa\u00fade de Po\u00e7os de Caldas.&nbsp;&nbsp;<\/p>\n\n\n\n<p>\u201cA urg\u00eancia e emerg\u00eancia \u00e9 muito importante em qualquer lugar. Para uma cidade como Po\u00e7os de Caldas, com quase 200 mil habitantes, trata-se de um lugar vital para a sa\u00fade das pessoas.&nbsp; Quem vem pra ca vem em situa\u00e7\u00e3o de urg\u00eancia e emerg\u00eancia mesmo, correndo risco de vida, n\u00e3o podendo esperar. Por isso, aqui \u00e9 um local de excel\u00eancia em termos de sa\u00fade.&nbsp; Estamos vendo aqui um lugar equipado da melhor maneira poss\u00edvel, n\u00e3o falta nada nos leitos, todo o instrumental e informatiza\u00e7\u00e3o nota 10, tem um sistema muito eficiente, os equipamentos muito bons, tudo muito bem organizado, mas \u00e9 essencial que os profissionais de sa\u00fade que v\u00e3o trabalhar aqui sejam amplamente e totalmente capacitados para esse tipo de atendimento. Isso faz uma grande diferen\u00e7a: ter um local muito bom como esse e ter pessoal capacitado para isso\u201d, diz Carlos Mosconi.&nbsp;<\/p>\n\n\n\n<p>\u201cO que me deixa muito satisfeito \u00e9 que os recursos utilizados para essa obra s\u00e3o provenientes da sua maioria do SUS. O SUS faz com que isso seja poss\u00edvel. Ent\u00e3o, os pacientes do SUS s\u00e3o atendidos aqui da melhor maneira poss\u00edvel, assim como tamb\u00e9m os planos de sa\u00fade e pacientes particulares. Por isso, ficamos muito felizes, pois trata-se de um avan\u00e7o no sistema de sa\u00fade de Po\u00e7os de Caldas\u201d, completa o secret\u00e1rio de Sa\u00fade.&nbsp;<\/p>\n\n\n\n<figure class=\"wp-block-gallery columns-2 is-cropped wp-block-gallery-1 is-layout-flex wp-block-gallery-is-layout-flex\"><ul class=\"blocks-gallery-grid\"><li class=\"blocks-gallery-item\"><figure><img decoding=\"async\" src=\"http:\/\/federasbackup.meltcomunicacao.com.br\/wp-content\/uploads\/2021\/12\/foto-2-14-300x135.jpg\" alt=\"\" data-id=\"22808\" data-full-url=\"http:\/\/federasbackup.meltcomunicacao.com.br\/wp-content\/uploads\/2021\/12\/foto-2-14-scaled.jpg\" data-link=\"https:\/\/federasbackup.meltcomunicacao.com.br\/?attachment_id=22808\" class=\"wp-image-22808\"\/><\/figure><\/li><li class=\"blocks-gallery-item\"><figure><img decoding=\"async\" src=\"http:\/\/federasbackup.meltcomunicacao.com.br\/wp-content\/uploads\/2021\/12\/Foto-3-11-300x135.jpg\" alt=\"\" data-id=\"22809\" data-full-url=\"http:\/\/federasbackup.meltcomunicacao.com.br\/wp-content\/uploads\/2021\/12\/Foto-3-11-scaled.jpg\" data-link=\"https:\/\/federasbackup.meltcomunicacao.com.br\/?attachment_id=22809\" class=\"wp-image-22809\"\/><\/figure><\/li><\/ul><\/figure>\n\n\n\n<p>Por: Comunica\u00e7\u00e3o Santa Casa de Po\u00e7os de Caldas<\/p>\n","protected":false},"excerpt":{"rendered":"<p>No fim da tarde dessa ter\u00e7a-feira, 30, aconteceu na Santa Casa de Po\u00e7os de Caldas a inaugura\u00e7\u00e3o das primeiras fases das obras do setor de Urg\u00eancia\/Emerg\u00eancia e do novo Centro de Imagem. A inaugura\u00e7\u00e3o da primeira fase da obra do setor de Urg\u00eancia\/Emerg\u00eancia contemplou, em um primeiro momento, o Sal\u00e3o de Observa\u00e7\u00e3o Adulto, a Sala [&hellip;]<\/p>\n","protected":false},"author":1,"featured_media":22810,"comment_status":"open","ping_status":"open","sticky":false,"template":"","format":"standard","meta":{"footnotes":""},"categories":[140,139],"tags":[],"class_list":["post-22807","post","type-post","status-publish","format-standard","has-post-thumbnail","hentry","category-noticias","category-noticias-filiados"],"yoast_head":"<!-- This site is optimized with the Yoast SEO plugin v26.9 - https:\/\/yoast.com\/product\/yoast-seo-wordpress\/ -->\n<title>Santa Casa de Po\u00e7os de Caldas inaugura obras da Urg\u00eancia\/Emerg\u00eancia e do Centro de Imagem - Federassantas<\/title>\n<meta name=\"robots\" content=\"index, follow, max-snippet:-1, max-image-preview:large, max-video-preview:-1\" \/>\n<link rel=\"canonical\" href=\"https:\/\/www.federassantas.org.br\/novosite\/santa-casa-de-pocos-de-caldas-inaugura-obras-da-urgencia-emergencia-e-do-centro-de-imagem\/\" \/>\n<meta property=\"og:locale\" content=\"pt_BR\" \/>\n<meta property=\"og:type\" content=\"article\" \/>\n<meta property=\"og:title\" content=\"Santa Casa de Po\u00e7os de Caldas inaugura obras da Urg\u00eancia\/Emerg\u00eancia e do Centro de Imagem - Federassantas\" \/>\n<meta property=\"og:description\" content=\"No fim da tarde dessa ter\u00e7a-feira, 30, aconteceu na Santa Casa de Po\u00e7os de Caldas a inaugura\u00e7\u00e3o das primeiras fases das obras do setor de Urg\u00eancia\/Emerg\u00eancia e do novo Centro de Imagem. A inaugura\u00e7\u00e3o da primeira fase da obra do setor de Urg\u00eancia\/Emerg\u00eancia contemplou, em um primeiro momento, o Sal\u00e3o de Observa\u00e7\u00e3o Adulto, a Sala [&hellip;]\" \/>\n<meta property=\"og:url\" content=\"https:\/\/www.federassantas.org.br\/novosite\/santa-casa-de-pocos-de-caldas-inaugura-obras-da-urgencia-emergencia-e-do-centro-de-imagem\/\" \/>\n<meta property=\"og:site_name\" content=\"Federassantas\" \/>\n<meta property=\"article:published_time\" content=\"2021-12-02T13:58:41+00:00\" \/>\n<meta property=\"og:image\" content=\"https:\/\/www.federassantas.org.br\/novosite\/wp-content\/uploads\/2021\/12\/Foto-1-15-scaled-1.jpg\" \/>\n\t<meta property=\"og:image:width\" content=\"2560\" \/>\n\t<meta property=\"og:image:height\" content=\"1707\" \/>\n\t<meta property=\"og:image:type\" content=\"image\/jpeg\" \/>\n<meta name=\"author\" content=\"admin-federas\" \/>\n<meta name=\"twitter:card\" content=\"summary_large_image\" \/>\n<meta name=\"twitter:label1\" content=\"Escrito por\" \/>\n\t<meta name=\"twitter:data1\" content=\"admin-federas\" \/>\n\t<meta name=\"twitter:label2\" content=\"Est. tempo de leitura\" \/>\n\t<meta name=\"twitter:data2\" content=\"6 minutos\" \/>\n<script type=\"application\/ld+json\" class=\"yoast-schema-graph\">{\"@context\":\"https:\/\/schema.org\",\"@graph\":[{\"@type\":\"Article\",\"@id\":\"https:\/\/www.federassantas.org.br\/novosite\/santa-casa-de-pocos-de-caldas-inaugura-obras-da-urgencia-emergencia-e-do-centro-de-imagem\/#article\",\"isPartOf\":{\"@id\":\"https:\/\/www.federassantas.org.br\/novosite\/santa-casa-de-pocos-de-caldas-inaugura-obras-da-urgencia-emergencia-e-do-centro-de-imagem\/\"},\"author\":{\"name\":\"admin-federas\",\"@id\":\"https:\/\/www.federassantas.org.br\/novosite\/#\/schema\/person\/75fed98158349313fe56175f232f513c\"},\"headline\":\"Santa Casa de Po\u00e7os de Caldas inaugura obras da Urg\u00eancia\/Emerg\u00eancia e do Centro de Imagem\",\"datePublished\":\"2021-12-02T13:58:41+00:00\",\"mainEntityOfPage\":{\"@id\":\"https:\/\/www.federassantas.org.br\/novosite\/santa-casa-de-pocos-de-caldas-inaugura-obras-da-urgencia-emergencia-e-do-centro-de-imagem\/\"},\"wordCount\":1146,\"commentCount\":0,\"publisher\":{\"@id\":\"https:\/\/www.federassantas.org.br\/novosite\/#organization\"},\"image\":{\"@id\":\"https:\/\/www.federassantas.org.br\/novosite\/santa-casa-de-pocos-de-caldas-inaugura-obras-da-urgencia-emergencia-e-do-centro-de-imagem\/#primaryimage\"},\"thumbnailUrl\":\"https:\/\/www.federassantas.org.br\/novosite\/wp-content\/uploads\/2021\/12\/Foto-1-15-scaled-1.jpg\",\"articleSection\":[\"Not\u00edcias\",\"Not\u00edcias filiados\"],\"inLanguage\":\"pt-BR\",\"potentialAction\":[{\"@type\":\"CommentAction\",\"name\":\"Comment\",\"target\":[\"https:\/\/www.federassantas.org.br\/novosite\/santa-casa-de-pocos-de-caldas-inaugura-obras-da-urgencia-emergencia-e-do-centro-de-imagem\/#respond\"]}]},{\"@type\":\"WebPage\",\"@id\":\"https:\/\/www.federassantas.org.br\/novosite\/santa-casa-de-pocos-de-caldas-inaugura-obras-da-urgencia-emergencia-e-do-centro-de-imagem\/\",\"url\":\"https:\/\/www.federassantas.org.br\/novosite\/santa-casa-de-pocos-de-caldas-inaugura-obras-da-urgencia-emergencia-e-do-centro-de-imagem\/\",\"name\":\"Santa Casa de Po\u00e7os de Caldas inaugura obras da Urg\u00eancia\/Emerg\u00eancia e do Centro de Imagem - Federassantas\",\"isPartOf\":{\"@id\":\"https:\/\/www.federassantas.org.br\/novosite\/#website\"},\"primaryImageOfPage\":{\"@id\":\"https:\/\/www.federassantas.org.br\/novosite\/santa-casa-de-pocos-de-caldas-inaugura-obras-da-urgencia-emergencia-e-do-centro-de-imagem\/#primaryimage\"},\"image\":{\"@id\":\"https:\/\/www.federassantas.org.br\/novosite\/santa-casa-de-pocos-de-caldas-inaugura-obras-da-urgencia-emergencia-e-do-centro-de-imagem\/#primaryimage\"},\"thumbnailUrl\":\"https:\/\/www.federassantas.org.br\/novosite\/wp-content\/uploads\/2021\/12\/Foto-1-15-scaled-1.jpg\",\"datePublished\":\"2021-12-02T13:58:41+00:00\",\"breadcrumb\":{\"@id\":\"https:\/\/www.federassantas.org.br\/novosite\/santa-casa-de-pocos-de-caldas-inaugura-obras-da-urgencia-emergencia-e-do-centro-de-imagem\/#breadcrumb\"},\"inLanguage\":\"pt-BR\",\"potentialAction\":[{\"@type\":\"ReadAction\",\"target\":[\"https:\/\/www.federassantas.org.br\/novosite\/santa-casa-de-pocos-de-caldas-inaugura-obras-da-urgencia-emergencia-e-do-centro-de-imagem\/\"]}]},{\"@type\":\"ImageObject\",\"inLanguage\":\"pt-BR\",\"@id\":\"https:\/\/www.federassantas.org.br\/novosite\/santa-casa-de-pocos-de-caldas-inaugura-obras-da-urgencia-emergencia-e-do-centro-de-imagem\/#primaryimage\",\"url\":\"https:\/\/www.federassantas.org.br\/novosite\/wp-content\/uploads\/2021\/12\/Foto-1-15-scaled-1.jpg\",\"contentUrl\":\"https:\/\/www.federassantas.org.br\/novosite\/wp-content\/uploads\/2021\/12\/Foto-1-15-scaled-1.jpg\",\"width\":2560,\"height\":1707},{\"@type\":\"BreadcrumbList\",\"@id\":\"https:\/\/www.federassantas.org.br\/novosite\/santa-casa-de-pocos-de-caldas-inaugura-obras-da-urgencia-emergencia-e-do-centro-de-imagem\/#breadcrumb\",\"itemListElement\":[{\"@type\":\"ListItem\",\"position\":1,\"name\":\"In\u00edcio\",\"item\":\"https:\/\/www.federassantas.org.br\/novosite\/\"},{\"@type\":\"ListItem\",\"position\":2,\"name\":\"Santa Casa de Po\u00e7os de Caldas inaugura obras da Urg\u00eancia\/Emerg\u00eancia e do Centro de Imagem\"}]},{\"@type\":\"WebSite\",\"@id\":\"https:\/\/www.federassantas.org.br\/novosite\/#website\",\"url\":\"https:\/\/www.federassantas.org.br\/novosite\/\",\"name\":\"Federassantas\",\"description\":\"Fed. das Santas Casas e Hospitais Filantr\u00f3picos de MG\",\"publisher\":{\"@id\":\"https:\/\/www.federassantas.org.br\/novosite\/#organization\"},\"potentialAction\":[{\"@type\":\"SearchAction\",\"target\":{\"@type\":\"EntryPoint\",\"urlTemplate\":\"https:\/\/www.federassantas.org.br\/novosite\/?s={search_term_string}\"},\"query-input\":{\"@type\":\"PropertyValueSpecification\",\"valueRequired\":true,\"valueName\":\"search_term_string\"}}],\"inLanguage\":\"pt-BR\"},{\"@type\":\"Organization\",\"@id\":\"https:\/\/www.federassantas.org.br\/novosite\/#organization\",\"name\":\"Federassantas\",\"url\":\"https:\/\/www.federassantas.org.br\/novosite\/\",\"logo\":{\"@type\":\"ImageObject\",\"inLanguage\":\"pt-BR\",\"@id\":\"https:\/\/www.federassantas.org.br\/novosite\/#\/schema\/logo\/image\/\",\"url\":\"https:\/\/www.federassantas.org.br\/novosite\/wp-content\/uploads\/2021\/12\/logo.png\",\"contentUrl\":\"https:\/\/www.federassantas.org.br\/novosite\/wp-content\/uploads\/2021\/12\/logo.png\",\"width\":243,\"height\":59,\"caption\":\"Federassantas\"},\"image\":{\"@id\":\"https:\/\/www.federassantas.org.br\/novosite\/#\/schema\/logo\/image\/\"}},{\"@type\":\"Person\",\"@id\":\"https:\/\/www.federassantas.org.br\/novosite\/#\/schema\/person\/75fed98158349313fe56175f232f513c\",\"name\":\"admin-federas\",\"image\":{\"@type\":\"ImageObject\",\"inLanguage\":\"pt-BR\",\"@id\":\"https:\/\/www.federassantas.org.br\/novosite\/#\/schema\/person\/image\/\",\"url\":\"https:\/\/secure.gravatar.com\/avatar\/2a02d7dda59fe8dc6b7ffd3f652e2efede5ccf0dd89dfdc8137c5517f3de8407?s=96&d=mm&r=g\",\"contentUrl\":\"https:\/\/secure.gravatar.com\/avatar\/2a02d7dda59fe8dc6b7ffd3f652e2efede5ccf0dd89dfdc8137c5517f3de8407?s=96&d=mm&r=g\",\"caption\":\"admin-federas\"},\"sameAs\":[\"https:\/\/www.federassantas.org.br\/novosite\/\"],\"url\":\"https:\/\/www.federassantas.org.br\/novosite\/author\/admin-federas\/\"}]}<\/script>\n<!-- \/ Yoast SEO plugin. -->","yoast_head_json":{"title":"Santa Casa de Po\u00e7os de Caldas inaugura obras da Urg\u00eancia\/Emerg\u00eancia e do Centro de Imagem - Federassantas","robots":{"index":"index","follow":"follow","max-snippet":"max-snippet:-1","max-image-preview":"max-image-preview:large","max-video-preview":"max-video-preview:-1"},"canonical":"https:\/\/www.federassantas.org.br\/novosite\/santa-casa-de-pocos-de-caldas-inaugura-obras-da-urgencia-emergencia-e-do-centro-de-imagem\/","og_locale":"pt_BR","og_type":"article","og_title":"Santa Casa de Po\u00e7os de Caldas inaugura obras da Urg\u00eancia\/Emerg\u00eancia e do Centro de Imagem - Federassantas","og_description":"No fim da tarde dessa ter\u00e7a-feira, 30, aconteceu na Santa Casa de Po\u00e7os de Caldas a inaugura\u00e7\u00e3o das primeiras fases das obras do setor de Urg\u00eancia\/Emerg\u00eancia e do novo Centro de Imagem. A inaugura\u00e7\u00e3o da primeira fase da obra do setor de Urg\u00eancia\/Emerg\u00eancia contemplou, em um primeiro momento, o Sal\u00e3o de Observa\u00e7\u00e3o Adulto, a Sala [&hellip;]","og_url":"https:\/\/www.federassantas.org.br\/novosite\/santa-casa-de-pocos-de-caldas-inaugura-obras-da-urgencia-emergencia-e-do-centro-de-imagem\/","og_site_name":"Federassantas","article_published_time":"2021-12-02T13:58:41+00:00","og_image":[{"width":2560,"height":1707,"url":"https:\/\/www.federassantas.org.br\/novosite\/wp-content\/uploads\/2021\/12\/Foto-1-15-scaled-1.jpg","type":"image\/jpeg"}],"author":"admin-federas","twitter_card":"summary_large_image","twitter_misc":{"Escrito por":"admin-federas","Est. tempo de leitura":"6 minutos"},"schema":{"@context":"https:\/\/schema.org","@graph":[{"@type":"Article","@id":"https:\/\/www.federassantas.org.br\/novosite\/santa-casa-de-pocos-de-caldas-inaugura-obras-da-urgencia-emergencia-e-do-centro-de-imagem\/#article","isPartOf":{"@id":"https:\/\/www.federassantas.org.br\/novosite\/santa-casa-de-pocos-de-caldas-inaugura-obras-da-urgencia-emergencia-e-do-centro-de-imagem\/"},"author":{"name":"admin-federas","@id":"https:\/\/www.federassantas.org.br\/novosite\/#\/schema\/person\/75fed98158349313fe56175f232f513c"},"headline":"Santa Casa de Po\u00e7os de Caldas inaugura obras da Urg\u00eancia\/Emerg\u00eancia e do Centro de Imagem","datePublished":"2021-12-02T13:58:41+00:00","mainEntityOfPage":{"@id":"https:\/\/www.federassantas.org.br\/novosite\/santa-casa-de-pocos-de-caldas-inaugura-obras-da-urgencia-emergencia-e-do-centro-de-imagem\/"},"wordCount":1146,"commentCount":0,"publisher":{"@id":"https:\/\/www.federassantas.org.br\/novosite\/#organization"},"image":{"@id":"https:\/\/www.federassantas.org.br\/novosite\/santa-casa-de-pocos-de-caldas-inaugura-obras-da-urgencia-emergencia-e-do-centro-de-imagem\/#primaryimage"},"thumbnailUrl":"https:\/\/www.federassantas.org.br\/novosite\/wp-content\/uploads\/2021\/12\/Foto-1-15-scaled-1.jpg","articleSection":["Not\u00edcias","Not\u00edcias filiados"],"inLanguage":"pt-BR","potentialAction":[{"@type":"CommentAction","name":"Comment","target":["https:\/\/www.federassantas.org.br\/novosite\/santa-casa-de-pocos-de-caldas-inaugura-obras-da-urgencia-emergencia-e-do-centro-de-imagem\/#respond"]}]},{"@type":"WebPage","@id":"https:\/\/www.federassantas.org.br\/novosite\/santa-casa-de-pocos-de-caldas-inaugura-obras-da-urgencia-emergencia-e-do-centro-de-imagem\/","url":"https:\/\/www.federassantas.org.br\/novosite\/santa-casa-de-pocos-de-caldas-inaugura-obras-da-urgencia-emergencia-e-do-centro-de-imagem\/","name":"Santa Casa de Po\u00e7os de Caldas inaugura obras da Urg\u00eancia\/Emerg\u00eancia e do Centro de Imagem - Federassantas","isPartOf":{"@id":"https:\/\/www.federassantas.org.br\/novosite\/#website"},"primaryImageOfPage":{"@id":"https:\/\/www.federassantas.org.br\/novosite\/santa-casa-de-pocos-de-caldas-inaugura-obras-da-urgencia-emergencia-e-do-centro-de-imagem\/#primaryimage"},"image":{"@id":"https:\/\/www.federassantas.org.br\/novosite\/santa-casa-de-pocos-de-caldas-inaugura-obras-da-urgencia-emergencia-e-do-centro-de-imagem\/#primaryimage"},"thumbnailUrl":"https:\/\/www.federassantas.org.br\/novosite\/wp-content\/uploads\/2021\/12\/Foto-1-15-scaled-1.jpg","datePublished":"2021-12-02T13:58:41+00:00","breadcrumb":{"@id":"https:\/\/www.federassantas.org.br\/novosite\/santa-casa-de-pocos-de-caldas-inaugura-obras-da-urgencia-emergencia-e-do-centro-de-imagem\/#breadcrumb"},"inLanguage":"pt-BR","potentialAction":[{"@type":"ReadAction","target":["https:\/\/www.federassantas.org.br\/novosite\/santa-casa-de-pocos-de-caldas-inaugura-obras-da-urgencia-emergencia-e-do-centro-de-imagem\/"]}]},{"@type":"ImageObject","inLanguage":"pt-BR","@id":"https:\/\/www.federassantas.org.br\/novosite\/santa-casa-de-pocos-de-caldas-inaugura-obras-da-urgencia-emergencia-e-do-centro-de-imagem\/#primaryimage","url":"https:\/\/www.federassantas.org.br\/novosite\/wp-content\/uploads\/2021\/12\/Foto-1-15-scaled-1.jpg","contentUrl":"https:\/\/www.federassantas.org.br\/novosite\/wp-content\/uploads\/2021\/12\/Foto-1-15-scaled-1.jpg","width":2560,"height":1707},{"@type":"BreadcrumbList","@id":"https:\/\/www.federassantas.org.br\/novosite\/santa-casa-de-pocos-de-caldas-inaugura-obras-da-urgencia-emergencia-e-do-centro-de-imagem\/#breadcrumb","itemListElement":[{"@type":"ListItem","position":1,"name":"In\u00edcio","item":"https:\/\/www.federassantas.org.br\/novosite\/"},{"@type":"ListItem","position":2,"name":"Santa Casa de Po\u00e7os de Caldas inaugura obras da Urg\u00eancia\/Emerg\u00eancia e do Centro de Imagem"}]},{"@type":"WebSite","@id":"https:\/\/www.federassantas.org.br\/novosite\/#website","url":"https:\/\/www.federassantas.org.br\/novosite\/","name":"Federassantas","description":"Fed. das Santas Casas e Hospitais Filantr\u00f3picos de MG","publisher":{"@id":"https:\/\/www.federassantas.org.br\/novosite\/#organization"},"potentialAction":[{"@type":"SearchAction","target":{"@type":"EntryPoint","urlTemplate":"https:\/\/www.federassantas.org.br\/novosite\/?s={search_term_string}"},"query-input":{"@type":"PropertyValueSpecification","valueRequired":true,"valueName":"search_term_string"}}],"inLanguage":"pt-BR"},{"@type":"Organization","@id":"https:\/\/www.federassantas.org.br\/novosite\/#organization","name":"Federassantas","url":"https:\/\/www.federassantas.org.br\/novosite\/","logo":{"@type":"ImageObject","inLanguage":"pt-BR","@id":"https:\/\/www.federassantas.org.br\/novosite\/#\/schema\/logo\/image\/","url":"https:\/\/www.federassantas.org.br\/novosite\/wp-content\/uploads\/2021\/12\/logo.png","contentUrl":"https:\/\/www.federassantas.org.br\/novosite\/wp-content\/uploads\/2021\/12\/logo.png","width":243,"height":59,"caption":"Federassantas"},"image":{"@id":"https:\/\/www.federassantas.org.br\/novosite\/#\/schema\/logo\/image\/"}},{"@type":"Person","@id":"https:\/\/www.federassantas.org.br\/novosite\/#\/schema\/person\/75fed98158349313fe56175f232f513c","name":"admin-federas","image":{"@type":"ImageObject","inLanguage":"pt-BR","@id":"https:\/\/www.federassantas.org.br\/novosite\/#\/schema\/person\/image\/","url":"https:\/\/secure.gravatar.com\/avatar\/2a02d7dda59fe8dc6b7ffd3f652e2efede5ccf0dd89dfdc8137c5517f3de8407?s=96&d=mm&r=g","contentUrl":"https:\/\/secure.gravatar.com\/avatar\/2a02d7dda59fe8dc6b7ffd3f652e2efede5ccf0dd89dfdc8137c5517f3de8407?s=96&d=mm&r=g","caption":"admin-federas"},"sameAs":["https:\/\/www.federassantas.org.br\/novosite\/"],"url":"https:\/\/www.federassantas.org.br\/novosite\/author\/admin-federas\/"}]}},"_links":{"self":[{"href":"https:\/\/www.federassantas.org.br\/novosite\/wp-json\/wp\/v2\/posts\/22807","targetHints":{"allow":["GET"]}}],"collection":[{"href":"https:\/\/www.federassantas.org.br\/novosite\/wp-json\/wp\/v2\/posts"}],"about":[{"href":"https:\/\/www.federassantas.org.br\/novosite\/wp-json\/wp\/v2\/types\/post"}],"author":[{"embeddable":true,"href":"https:\/\/www.federassantas.org.br\/novosite\/wp-json\/wp\/v2\/users\/1"}],"replies":[{"embeddable":true,"href":"https:\/\/www.federassantas.org.br\/novosite\/wp-json\/wp\/v2\/comments?post=22807"}],"version-history":[{"count":0,"href":"https:\/\/www.federassantas.org.br\/novosite\/wp-json\/wp\/v2\/posts\/22807\/revisions"}],"wp:featuredmedia":[{"embeddable":true,"href":"https:\/\/www.federassantas.org.br\/novosite\/wp-json\/wp\/v2\/media\/22810"}],"wp:attachment":[{"href":"https:\/\/www.federassantas.org.br\/novosite\/wp-json\/wp\/v2\/media?parent=22807"}],"wp:term":[{"taxonomy":"category","embeddable":true,"href":"https:\/\/www.federassantas.org.br\/novosite\/wp-json\/wp\/v2\/categories?post=22807"},{"taxonomy":"post_tag","embeddable":true,"href":"https:\/\/www.federassantas.org.br\/novosite\/wp-json\/wp\/v2\/tags?post=22807"}],"curies":[{"name":"wp","href":"https:\/\/api.w.org\/{rel}","templated":true}]}}