{"id":22984,"date":"2022-01-06T10:46:12","date_gmt":"2022-01-06T13:46:12","guid":{"rendered":"https:\/\/federasbackup.meltcomunicacao.com.br\/?p=22984"},"modified":"2022-01-06T10:46:12","modified_gmt":"2022-01-06T13:46:12","slug":"radiodiagnostico-fisico-se-surpreende-com-a-qualidade-dos-novos-equipamentos-da-santa-casa-de-pocos-de-caldas","status":"publish","type":"post","link":"https:\/\/www.federassantas.org.br\/novosite\/radiodiagnostico-fisico-se-surpreende-com-a-qualidade-dos-novos-equipamentos-da-santa-casa-de-pocos-de-caldas\/","title":{"rendered":"Radiodiagn\u00f3stico: f\u00edsico se surpreende com a qualidade dos novos equipamentos da Santa Casa de Po\u00e7os de Caldas"},"content":{"rendered":"\n<p>O f\u00edsico especializado em radiodiagn\u00f3stico, Roberto Giglioti, da SP Rad, de Ribeir\u00e3o Preto, esteve na Santa Casa no m\u00eas de dezembro&nbsp; para fazer o controle de qualidade, teste de fuga, laudo radiom\u00e9trico e teste de const\u00e2ncia de todos os aparelhos do Centro de Imagem e Centro Cir\u00fargico.&nbsp;<\/p>\n\n\n\n<p>Roberto, que j\u00e1 faz esse trabalho na Santa Casa h\u00e1 8 anos, dessa vez ficou muito surpreso com as moderniza\u00e7\u00f5es feitas no Centro Cir\u00fargico e tamb\u00e9m no Centro de Imagens.&nbsp;<\/p>\n\n\n\n<p>\u201cJ\u00e1 faz mais ou menos 8 anos que eu presto servi\u00e7o aqui para a Santa Casa e acompanhei toda a evolu\u00e7\u00e3o do Centro de Diagn\u00f3sticos. Estes novos equipamentos que temos aqui no Centro de Imagem, pela minha vis\u00e3o e experi\u00eancia, s\u00e3o os melhores que temos hoje em tecnologia no Brasil. Um tom\u00f3grafo que tem 64 canais, com possibilidade de ter um upgrade para 168 canais, com o tempo de execu\u00e7\u00e3o do exame absurdamente pequeno. Hoje voc\u00ea consegue com este tom\u00f3grafo fazer um diagn\u00f3stico de cr\u00e2nio em apenas 4 segundos. Fiz a verifica\u00e7\u00e3o da parte de garantia de qualidade dele, todos os sistemas est\u00e3o funcionando perfeitamente e ele tem um sistema de modula\u00e7\u00e3o de doses que est\u00e1 trabalhando de forma adequada. Ent\u00e3o, em termos de tomografia, n\u00e3o deixa a desejar para os grandes centros de tomografia\u201d, explica Roberto.&nbsp;<\/p>\n\n\n\n<p>O f\u00edsico comentou ainda sobre o novo mam\u00f3grafo da marca Fuji&nbsp; adquirido recentemente pelo Hospital. \u201cFiz a verifica\u00e7\u00e3o do novo mam\u00f3grafo . \u00c9 um mam\u00f3grafo de primeira linha. Fizemos todos os testes de imagem, todos adequados tamb\u00e9m. Ele faz mamografias de qualidade com baix\u00cdssimas doses. Esses mam\u00f3grafos&nbsp; t\u00eam essa caracter\u00edstica de voc\u00ea conseguir trabalhar com imagens de qualidade e a tecnologia do aparelho reduz muito a dose. Isso s\u00f3 tem a acrescentar para a popula\u00e7\u00e3o. Al\u00e9m da seguran\u00e7a, j\u00e1 que quando a gente vem fazer estes testes aqui na Santa Casa, a gente avalia dois pontos: a seguran\u00e7a do paciente e do operador e a qualidade da imagem. S\u00e3o duas coisas que v\u00e3o ser importantes para voc\u00ea construir um diagn\u00f3stico de qualidade\u201d, completa o f\u00edsico.&nbsp;<\/p>\n\n\n\n<p><strong>Controle de qualidade<\/strong><\/p>\n\n\n\n<p>A gerente executiva do Centro de Imagens,&nbsp; Andr\u00e9ia de Almeida Silva, destaca a import\u00e2ncia da Santa Casa passar pelo controle de qualidade de um f\u00edsico especializado em radiodiagn\u00f3stico do gabarito de Roberto Giglioti.&nbsp;&nbsp;<\/p>\n\n\n\n<p>\u201cA Anvisa s\u00f3 tem 30 t\u00e9cnicos que s\u00e3o credenciados para fazer testes como esse e o Roberto \u00e9 um desses t\u00e9cnicos. Com a nova RDC 330, agora \u00e9 obrigat\u00f3rio ter que fazer testes, al\u00e9m das m\u00e1quinas de raio X, arco cir\u00fargico, tomografia e mamografia, tamb\u00e9m nos aparelhos de ultrassom. Ent\u00e3o, foi realizado todo o&nbsp; controle de qualidade, laudo radiom\u00e9trico, teste de const\u00e2ncia, de todos os aparelhos de raio x, ultrassom, tomografia e arco cir\u00fargico da institui\u00e7\u00e3o.&nbsp; O Roberto faz tamb\u00e9m a an\u00e1lise de todos os acess\u00f3rios plumb\u00edferos, que s\u00e3o os aventais de chumbo, os protetores de tire\u00f3ide. Tudo isso \u00e9 avaliado\u201d, explica Andr\u00e9ia.&nbsp;&nbsp;<\/p>\n\n\n\n<p>Segunda a gerente executiva do Centro de Imagens, o controle de qualidade fornece uma ferramenta de implementa\u00e7\u00e3o de conduta da prote\u00e7\u00e3o radiol\u00f3gica para envolver todos os indiv\u00edduos no procedimento.&nbsp;<\/p>\n\n\n\n<p>\u201cO controle de qualidade tem um aspecto priorit\u00e1rio na manuten\u00e7\u00e3o do equipamento, na qualidade do equipamento, da imagem, na prote\u00e7\u00e3o do funcion\u00e1rio e na prote\u00e7\u00e3o do paciente, para termos uma certeza que n\u00e3o est\u00e1 vazando radia\u00e7\u00e3o. Por isso \u00e9 feito um teste de fuga, o levantamento radiom\u00e9trico, que \u00e9 o teste que a gente faz para controlar radia\u00e7\u00e3o dentro de uma \u00e1rea e o controle de qualidade da imagem, se ela \u00e9 suficiente, se ela \u00e9 necess\u00e1ria, a quantidade de radia\u00e7\u00e3o emitida. Por tudo isso, \u00e9 com muita alegria que a gente chama o Roberto, por ser um dos poucos t\u00e9cnicos credenciados pela Anvisa e que vem todos os anos fazer esse controle para n\u00f3s, tanto da Radiologia, quanto no Centro Cir\u00fargico e de aparelhos que ficam m\u00f3veis no Hospital, na UTI, na Maternidade, entre outros\u201d, completa Andr\u00e9ia.<\/p>\n\n\n\n<figure class=\"wp-block-image size-medium\"><img decoding=\"async\" src=\"http:\/\/federasbackup.meltcomunicacao.com.br\/wp-content\/uploads\/2022\/01\/Foto-1-135x300.jpg\" alt=\"\" class=\"wp-image-22985\"\/><\/figure>\n\n\n\n<p>Por: Assessoria de Comunica\u00e7\u00e3o Santa Casa de Po\u00e7os de Caldas<\/p>\n","protected":false},"excerpt":{"rendered":"<p>O f\u00edsico especializado em radiodiagn\u00f3stico, Roberto Giglioti, da SP Rad, de Ribeir\u00e3o Preto, esteve na Santa Casa no m\u00eas de dezembro&nbsp; para fazer o controle de qualidade, teste de fuga, laudo radiom\u00e9trico e teste de const\u00e2ncia de todos os aparelhos do Centro de Imagem e Centro Cir\u00fargico.&nbsp; Roberto, que j\u00e1 faz esse trabalho na Santa [&hellip;]<\/p>\n","protected":false},"author":1,"featured_media":22986,"comment_status":"open","ping_status":"open","sticky":false,"template":"","format":"standard","meta":{"footnotes":""},"categories":[140,139],"tags":[],"class_list":["post-22984","post","type-post","status-publish","format-standard","has-post-thumbnail","hentry","category-noticias","category-noticias-filiados"],"yoast_head":"<!-- This site is optimized with the Yoast SEO plugin v26.9 - https:\/\/yoast.com\/product\/yoast-seo-wordpress\/ -->\n<title>Radiodiagn\u00f3stico: f\u00edsico se surpreende com a qualidade dos novos equipamentos da Santa Casa de Po\u00e7os de Caldas - Federassantas<\/title>\n<meta name=\"robots\" content=\"index, follow, max-snippet:-1, max-image-preview:large, max-video-preview:-1\" \/>\n<link rel=\"canonical\" href=\"https:\/\/www.federassantas.org.br\/novosite\/radiodiagnostico-fisico-se-surpreende-com-a-qualidade-dos-novos-equipamentos-da-santa-casa-de-pocos-de-caldas\/\" \/>\n<meta property=\"og:locale\" content=\"pt_BR\" \/>\n<meta property=\"og:type\" content=\"article\" \/>\n<meta property=\"og:title\" content=\"Radiodiagn\u00f3stico: f\u00edsico se surpreende com a qualidade dos novos equipamentos da Santa Casa de Po\u00e7os de Caldas - Federassantas\" \/>\n<meta property=\"og:description\" content=\"O f\u00edsico especializado em radiodiagn\u00f3stico, Roberto Giglioti, da SP Rad, de Ribeir\u00e3o Preto, esteve na Santa Casa no m\u00eas de dezembro&nbsp; para fazer o controle de qualidade, teste de fuga, laudo radiom\u00e9trico e teste de const\u00e2ncia de todos os aparelhos do Centro de Imagem e Centro Cir\u00fargico.&nbsp; Roberto, que j\u00e1 faz esse trabalho na Santa [&hellip;]\" \/>\n<meta property=\"og:url\" content=\"https:\/\/www.federassantas.org.br\/novosite\/radiodiagnostico-fisico-se-surpreende-com-a-qualidade-dos-novos-equipamentos-da-santa-casa-de-pocos-de-caldas\/\" \/>\n<meta property=\"og:site_name\" content=\"Federassantas\" \/>\n<meta property=\"article:published_time\" content=\"2022-01-06T13:46:12+00:00\" \/>\n<meta property=\"og:image\" content=\"https:\/\/www.federassantas.org.br\/novosite\/wp-content\/uploads\/2022\/01\/Foto-2-scaled-1.jpg\" \/>\n\t<meta property=\"og:image:width\" content=\"2560\" \/>\n\t<meta property=\"og:image:height\" content=\"1154\" \/>\n\t<meta property=\"og:image:type\" content=\"image\/jpeg\" \/>\n<meta name=\"author\" content=\"admin-federas\" \/>\n<meta name=\"twitter:card\" content=\"summary_large_image\" \/>\n<meta name=\"twitter:label1\" content=\"Escrito por\" \/>\n\t<meta name=\"twitter:data1\" content=\"admin-federas\" \/>\n\t<meta name=\"twitter:label2\" content=\"Est. tempo de leitura\" \/>\n\t<meta name=\"twitter:data2\" content=\"4 minutos\" \/>\n<script type=\"application\/ld+json\" class=\"yoast-schema-graph\">{\"@context\":\"https:\/\/schema.org\",\"@graph\":[{\"@type\":\"Article\",\"@id\":\"https:\/\/www.federassantas.org.br\/novosite\/radiodiagnostico-fisico-se-surpreende-com-a-qualidade-dos-novos-equipamentos-da-santa-casa-de-pocos-de-caldas\/#article\",\"isPartOf\":{\"@id\":\"https:\/\/www.federassantas.org.br\/novosite\/radiodiagnostico-fisico-se-surpreende-com-a-qualidade-dos-novos-equipamentos-da-santa-casa-de-pocos-de-caldas\/\"},\"author\":{\"name\":\"admin-federas\",\"@id\":\"https:\/\/www.federassantas.org.br\/novosite\/#\/schema\/person\/75fed98158349313fe56175f232f513c\"},\"headline\":\"Radiodiagn\u00f3stico: f\u00edsico se surpreende com a qualidade dos novos equipamentos da Santa Casa de Po\u00e7os de Caldas\",\"datePublished\":\"2022-01-06T13:46:12+00:00\",\"mainEntityOfPage\":{\"@id\":\"https:\/\/www.federassantas.org.br\/novosite\/radiodiagnostico-fisico-se-surpreende-com-a-qualidade-dos-novos-equipamentos-da-santa-casa-de-pocos-de-caldas\/\"},\"wordCount\":763,\"commentCount\":0,\"publisher\":{\"@id\":\"https:\/\/www.federassantas.org.br\/novosite\/#organization\"},\"image\":{\"@id\":\"https:\/\/www.federassantas.org.br\/novosite\/radiodiagnostico-fisico-se-surpreende-com-a-qualidade-dos-novos-equipamentos-da-santa-casa-de-pocos-de-caldas\/#primaryimage\"},\"thumbnailUrl\":\"https:\/\/www.federassantas.org.br\/novosite\/wp-content\/uploads\/2022\/01\/Foto-2-scaled-1.jpg\",\"articleSection\":[\"Not\u00edcias\",\"Not\u00edcias filiados\"],\"inLanguage\":\"pt-BR\",\"potentialAction\":[{\"@type\":\"CommentAction\",\"name\":\"Comment\",\"target\":[\"https:\/\/www.federassantas.org.br\/novosite\/radiodiagnostico-fisico-se-surpreende-com-a-qualidade-dos-novos-equipamentos-da-santa-casa-de-pocos-de-caldas\/#respond\"]}]},{\"@type\":\"WebPage\",\"@id\":\"https:\/\/www.federassantas.org.br\/novosite\/radiodiagnostico-fisico-se-surpreende-com-a-qualidade-dos-novos-equipamentos-da-santa-casa-de-pocos-de-caldas\/\",\"url\":\"https:\/\/www.federassantas.org.br\/novosite\/radiodiagnostico-fisico-se-surpreende-com-a-qualidade-dos-novos-equipamentos-da-santa-casa-de-pocos-de-caldas\/\",\"name\":\"Radiodiagn\u00f3stico: f\u00edsico se surpreende com a qualidade dos novos equipamentos da Santa Casa de Po\u00e7os de Caldas - Federassantas\",\"isPartOf\":{\"@id\":\"https:\/\/www.federassantas.org.br\/novosite\/#website\"},\"primaryImageOfPage\":{\"@id\":\"https:\/\/www.federassantas.org.br\/novosite\/radiodiagnostico-fisico-se-surpreende-com-a-qualidade-dos-novos-equipamentos-da-santa-casa-de-pocos-de-caldas\/#primaryimage\"},\"image\":{\"@id\":\"https:\/\/www.federassantas.org.br\/novosite\/radiodiagnostico-fisico-se-surpreende-com-a-qualidade-dos-novos-equipamentos-da-santa-casa-de-pocos-de-caldas\/#primaryimage\"},\"thumbnailUrl\":\"https:\/\/www.federassantas.org.br\/novosite\/wp-content\/uploads\/2022\/01\/Foto-2-scaled-1.jpg\",\"datePublished\":\"2022-01-06T13:46:12+00:00\",\"breadcrumb\":{\"@id\":\"https:\/\/www.federassantas.org.br\/novosite\/radiodiagnostico-fisico-se-surpreende-com-a-qualidade-dos-novos-equipamentos-da-santa-casa-de-pocos-de-caldas\/#breadcrumb\"},\"inLanguage\":\"pt-BR\",\"potentialAction\":[{\"@type\":\"ReadAction\",\"target\":[\"https:\/\/www.federassantas.org.br\/novosite\/radiodiagnostico-fisico-se-surpreende-com-a-qualidade-dos-novos-equipamentos-da-santa-casa-de-pocos-de-caldas\/\"]}]},{\"@type\":\"ImageObject\",\"inLanguage\":\"pt-BR\",\"@id\":\"https:\/\/www.federassantas.org.br\/novosite\/radiodiagnostico-fisico-se-surpreende-com-a-qualidade-dos-novos-equipamentos-da-santa-casa-de-pocos-de-caldas\/#primaryimage\",\"url\":\"https:\/\/www.federassantas.org.br\/novosite\/wp-content\/uploads\/2022\/01\/Foto-2-scaled-1.jpg\",\"contentUrl\":\"https:\/\/www.federassantas.org.br\/novosite\/wp-content\/uploads\/2022\/01\/Foto-2-scaled-1.jpg\",\"width\":2560,\"height\":1154},{\"@type\":\"BreadcrumbList\",\"@id\":\"https:\/\/www.federassantas.org.br\/novosite\/radiodiagnostico-fisico-se-surpreende-com-a-qualidade-dos-novos-equipamentos-da-santa-casa-de-pocos-de-caldas\/#breadcrumb\",\"itemListElement\":[{\"@type\":\"ListItem\",\"position\":1,\"name\":\"In\u00edcio\",\"item\":\"https:\/\/www.federassantas.org.br\/novosite\/\"},{\"@type\":\"ListItem\",\"position\":2,\"name\":\"Radiodiagn\u00f3stico: f\u00edsico se surpreende com a qualidade dos novos equipamentos da Santa Casa de Po\u00e7os de Caldas\"}]},{\"@type\":\"WebSite\",\"@id\":\"https:\/\/www.federassantas.org.br\/novosite\/#website\",\"url\":\"https:\/\/www.federassantas.org.br\/novosite\/\",\"name\":\"Federassantas\",\"description\":\"Fed. das Santas Casas e Hospitais Filantr\u00f3picos de MG\",\"publisher\":{\"@id\":\"https:\/\/www.federassantas.org.br\/novosite\/#organization\"},\"potentialAction\":[{\"@type\":\"SearchAction\",\"target\":{\"@type\":\"EntryPoint\",\"urlTemplate\":\"https:\/\/www.federassantas.org.br\/novosite\/?s={search_term_string}\"},\"query-input\":{\"@type\":\"PropertyValueSpecification\",\"valueRequired\":true,\"valueName\":\"search_term_string\"}}],\"inLanguage\":\"pt-BR\"},{\"@type\":\"Organization\",\"@id\":\"https:\/\/www.federassantas.org.br\/novosite\/#organization\",\"name\":\"Federassantas\",\"url\":\"https:\/\/www.federassantas.org.br\/novosite\/\",\"logo\":{\"@type\":\"ImageObject\",\"inLanguage\":\"pt-BR\",\"@id\":\"https:\/\/www.federassantas.org.br\/novosite\/#\/schema\/logo\/image\/\",\"url\":\"https:\/\/www.federassantas.org.br\/novosite\/wp-content\/uploads\/2021\/12\/logo.png\",\"contentUrl\":\"https:\/\/www.federassantas.org.br\/novosite\/wp-content\/uploads\/2021\/12\/logo.png\",\"width\":243,\"height\":59,\"caption\":\"Federassantas\"},\"image\":{\"@id\":\"https:\/\/www.federassantas.org.br\/novosite\/#\/schema\/logo\/image\/\"}},{\"@type\":\"Person\",\"@id\":\"https:\/\/www.federassantas.org.br\/novosite\/#\/schema\/person\/75fed98158349313fe56175f232f513c\",\"name\":\"admin-federas\",\"image\":{\"@type\":\"ImageObject\",\"inLanguage\":\"pt-BR\",\"@id\":\"https:\/\/www.federassantas.org.br\/novosite\/#\/schema\/person\/image\/\",\"url\":\"https:\/\/secure.gravatar.com\/avatar\/2a02d7dda59fe8dc6b7ffd3f652e2efede5ccf0dd89dfdc8137c5517f3de8407?s=96&d=mm&r=g\",\"contentUrl\":\"https:\/\/secure.gravatar.com\/avatar\/2a02d7dda59fe8dc6b7ffd3f652e2efede5ccf0dd89dfdc8137c5517f3de8407?s=96&d=mm&r=g\",\"caption\":\"admin-federas\"},\"sameAs\":[\"https:\/\/www.federassantas.org.br\/novosite\/\"],\"url\":\"https:\/\/www.federassantas.org.br\/novosite\/author\/admin-federas\/\"}]}<\/script>\n<!-- \/ Yoast SEO plugin. -->","yoast_head_json":{"title":"Radiodiagn\u00f3stico: f\u00edsico se surpreende com a qualidade dos novos equipamentos da Santa Casa de Po\u00e7os de Caldas - Federassantas","robots":{"index":"index","follow":"follow","max-snippet":"max-snippet:-1","max-image-preview":"max-image-preview:large","max-video-preview":"max-video-preview:-1"},"canonical":"https:\/\/www.federassantas.org.br\/novosite\/radiodiagnostico-fisico-se-surpreende-com-a-qualidade-dos-novos-equipamentos-da-santa-casa-de-pocos-de-caldas\/","og_locale":"pt_BR","og_type":"article","og_title":"Radiodiagn\u00f3stico: f\u00edsico se surpreende com a qualidade dos novos equipamentos da Santa Casa de Po\u00e7os de Caldas - Federassantas","og_description":"O f\u00edsico especializado em radiodiagn\u00f3stico, Roberto Giglioti, da SP Rad, de Ribeir\u00e3o Preto, esteve na Santa Casa no m\u00eas de dezembro&nbsp; para fazer o controle de qualidade, teste de fuga, laudo radiom\u00e9trico e teste de const\u00e2ncia de todos os aparelhos do Centro de Imagem e Centro Cir\u00fargico.&nbsp; Roberto, que j\u00e1 faz esse trabalho na Santa [&hellip;]","og_url":"https:\/\/www.federassantas.org.br\/novosite\/radiodiagnostico-fisico-se-surpreende-com-a-qualidade-dos-novos-equipamentos-da-santa-casa-de-pocos-de-caldas\/","og_site_name":"Federassantas","article_published_time":"2022-01-06T13:46:12+00:00","og_image":[{"width":2560,"height":1154,"url":"https:\/\/www.federassantas.org.br\/novosite\/wp-content\/uploads\/2022\/01\/Foto-2-scaled-1.jpg","type":"image\/jpeg"}],"author":"admin-federas","twitter_card":"summary_large_image","twitter_misc":{"Escrito por":"admin-federas","Est. tempo de leitura":"4 minutos"},"schema":{"@context":"https:\/\/schema.org","@graph":[{"@type":"Article","@id":"https:\/\/www.federassantas.org.br\/novosite\/radiodiagnostico-fisico-se-surpreende-com-a-qualidade-dos-novos-equipamentos-da-santa-casa-de-pocos-de-caldas\/#article","isPartOf":{"@id":"https:\/\/www.federassantas.org.br\/novosite\/radiodiagnostico-fisico-se-surpreende-com-a-qualidade-dos-novos-equipamentos-da-santa-casa-de-pocos-de-caldas\/"},"author":{"name":"admin-federas","@id":"https:\/\/www.federassantas.org.br\/novosite\/#\/schema\/person\/75fed98158349313fe56175f232f513c"},"headline":"Radiodiagn\u00f3stico: f\u00edsico se surpreende com a qualidade dos novos equipamentos da Santa Casa de Po\u00e7os de Caldas","datePublished":"2022-01-06T13:46:12+00:00","mainEntityOfPage":{"@id":"https:\/\/www.federassantas.org.br\/novosite\/radiodiagnostico-fisico-se-surpreende-com-a-qualidade-dos-novos-equipamentos-da-santa-casa-de-pocos-de-caldas\/"},"wordCount":763,"commentCount":0,"publisher":{"@id":"https:\/\/www.federassantas.org.br\/novosite\/#organization"},"image":{"@id":"https:\/\/www.federassantas.org.br\/novosite\/radiodiagnostico-fisico-se-surpreende-com-a-qualidade-dos-novos-equipamentos-da-santa-casa-de-pocos-de-caldas\/#primaryimage"},"thumbnailUrl":"https:\/\/www.federassantas.org.br\/novosite\/wp-content\/uploads\/2022\/01\/Foto-2-scaled-1.jpg","articleSection":["Not\u00edcias","Not\u00edcias filiados"],"inLanguage":"pt-BR","potentialAction":[{"@type":"CommentAction","name":"Comment","target":["https:\/\/www.federassantas.org.br\/novosite\/radiodiagnostico-fisico-se-surpreende-com-a-qualidade-dos-novos-equipamentos-da-santa-casa-de-pocos-de-caldas\/#respond"]}]},{"@type":"WebPage","@id":"https:\/\/www.federassantas.org.br\/novosite\/radiodiagnostico-fisico-se-surpreende-com-a-qualidade-dos-novos-equipamentos-da-santa-casa-de-pocos-de-caldas\/","url":"https:\/\/www.federassantas.org.br\/novosite\/radiodiagnostico-fisico-se-surpreende-com-a-qualidade-dos-novos-equipamentos-da-santa-casa-de-pocos-de-caldas\/","name":"Radiodiagn\u00f3stico: f\u00edsico se surpreende com a qualidade dos novos equipamentos da Santa Casa de Po\u00e7os de Caldas - Federassantas","isPartOf":{"@id":"https:\/\/www.federassantas.org.br\/novosite\/#website"},"primaryImageOfPage":{"@id":"https:\/\/www.federassantas.org.br\/novosite\/radiodiagnostico-fisico-se-surpreende-com-a-qualidade-dos-novos-equipamentos-da-santa-casa-de-pocos-de-caldas\/#primaryimage"},"image":{"@id":"https:\/\/www.federassantas.org.br\/novosite\/radiodiagnostico-fisico-se-surpreende-com-a-qualidade-dos-novos-equipamentos-da-santa-casa-de-pocos-de-caldas\/#primaryimage"},"thumbnailUrl":"https:\/\/www.federassantas.org.br\/novosite\/wp-content\/uploads\/2022\/01\/Foto-2-scaled-1.jpg","datePublished":"2022-01-06T13:46:12+00:00","breadcrumb":{"@id":"https:\/\/www.federassantas.org.br\/novosite\/radiodiagnostico-fisico-se-surpreende-com-a-qualidade-dos-novos-equipamentos-da-santa-casa-de-pocos-de-caldas\/#breadcrumb"},"inLanguage":"pt-BR","potentialAction":[{"@type":"ReadAction","target":["https:\/\/www.federassantas.org.br\/novosite\/radiodiagnostico-fisico-se-surpreende-com-a-qualidade-dos-novos-equipamentos-da-santa-casa-de-pocos-de-caldas\/"]}]},{"@type":"ImageObject","inLanguage":"pt-BR","@id":"https:\/\/www.federassantas.org.br\/novosite\/radiodiagnostico-fisico-se-surpreende-com-a-qualidade-dos-novos-equipamentos-da-santa-casa-de-pocos-de-caldas\/#primaryimage","url":"https:\/\/www.federassantas.org.br\/novosite\/wp-content\/uploads\/2022\/01\/Foto-2-scaled-1.jpg","contentUrl":"https:\/\/www.federassantas.org.br\/novosite\/wp-content\/uploads\/2022\/01\/Foto-2-scaled-1.jpg","width":2560,"height":1154},{"@type":"BreadcrumbList","@id":"https:\/\/www.federassantas.org.br\/novosite\/radiodiagnostico-fisico-se-surpreende-com-a-qualidade-dos-novos-equipamentos-da-santa-casa-de-pocos-de-caldas\/#breadcrumb","itemListElement":[{"@type":"ListItem","position":1,"name":"In\u00edcio","item":"https:\/\/www.federassantas.org.br\/novosite\/"},{"@type":"ListItem","position":2,"name":"Radiodiagn\u00f3stico: f\u00edsico se surpreende com a qualidade dos novos equipamentos da Santa Casa de Po\u00e7os de Caldas"}]},{"@type":"WebSite","@id":"https:\/\/www.federassantas.org.br\/novosite\/#website","url":"https:\/\/www.federassantas.org.br\/novosite\/","name":"Federassantas","description":"Fed. das Santas Casas e Hospitais Filantr\u00f3picos de MG","publisher":{"@id":"https:\/\/www.federassantas.org.br\/novosite\/#organization"},"potentialAction":[{"@type":"SearchAction","target":{"@type":"EntryPoint","urlTemplate":"https:\/\/www.federassantas.org.br\/novosite\/?s={search_term_string}"},"query-input":{"@type":"PropertyValueSpecification","valueRequired":true,"valueName":"search_term_string"}}],"inLanguage":"pt-BR"},{"@type":"Organization","@id":"https:\/\/www.federassantas.org.br\/novosite\/#organization","name":"Federassantas","url":"https:\/\/www.federassantas.org.br\/novosite\/","logo":{"@type":"ImageObject","inLanguage":"pt-BR","@id":"https:\/\/www.federassantas.org.br\/novosite\/#\/schema\/logo\/image\/","url":"https:\/\/www.federassantas.org.br\/novosite\/wp-content\/uploads\/2021\/12\/logo.png","contentUrl":"https:\/\/www.federassantas.org.br\/novosite\/wp-content\/uploads\/2021\/12\/logo.png","width":243,"height":59,"caption":"Federassantas"},"image":{"@id":"https:\/\/www.federassantas.org.br\/novosite\/#\/schema\/logo\/image\/"}},{"@type":"Person","@id":"https:\/\/www.federassantas.org.br\/novosite\/#\/schema\/person\/75fed98158349313fe56175f232f513c","name":"admin-federas","image":{"@type":"ImageObject","inLanguage":"pt-BR","@id":"https:\/\/www.federassantas.org.br\/novosite\/#\/schema\/person\/image\/","url":"https:\/\/secure.gravatar.com\/avatar\/2a02d7dda59fe8dc6b7ffd3f652e2efede5ccf0dd89dfdc8137c5517f3de8407?s=96&d=mm&r=g","contentUrl":"https:\/\/secure.gravatar.com\/avatar\/2a02d7dda59fe8dc6b7ffd3f652e2efede5ccf0dd89dfdc8137c5517f3de8407?s=96&d=mm&r=g","caption":"admin-federas"},"sameAs":["https:\/\/www.federassantas.org.br\/novosite\/"],"url":"https:\/\/www.federassantas.org.br\/novosite\/author\/admin-federas\/"}]}},"_links":{"self":[{"href":"https:\/\/www.federassantas.org.br\/novosite\/wp-json\/wp\/v2\/posts\/22984","targetHints":{"allow":["GET"]}}],"collection":[{"href":"https:\/\/www.federassantas.org.br\/novosite\/wp-json\/wp\/v2\/posts"}],"about":[{"href":"https:\/\/www.federassantas.org.br\/novosite\/wp-json\/wp\/v2\/types\/post"}],"author":[{"embeddable":true,"href":"https:\/\/www.federassantas.org.br\/novosite\/wp-json\/wp\/v2\/users\/1"}],"replies":[{"embeddable":true,"href":"https:\/\/www.federassantas.org.br\/novosite\/wp-json\/wp\/v2\/comments?post=22984"}],"version-history":[{"count":0,"href":"https:\/\/www.federassantas.org.br\/novosite\/wp-json\/wp\/v2\/posts\/22984\/revisions"}],"wp:featuredmedia":[{"embeddable":true,"href":"https:\/\/www.federassantas.org.br\/novosite\/wp-json\/wp\/v2\/media\/22986"}],"wp:attachment":[{"href":"https:\/\/www.federassantas.org.br\/novosite\/wp-json\/wp\/v2\/media?parent=22984"}],"wp:term":[{"taxonomy":"category","embeddable":true,"href":"https:\/\/www.federassantas.org.br\/novosite\/wp-json\/wp\/v2\/categories?post=22984"},{"taxonomy":"post_tag","embeddable":true,"href":"https:\/\/www.federassantas.org.br\/novosite\/wp-json\/wp\/v2\/tags?post=22984"}],"curies":[{"name":"wp","href":"https:\/\/api.w.org\/{rel}","templated":true}]}}