{"id":22990,"date":"2022-01-07T11:57:38","date_gmt":"2022-01-07T14:57:38","guid":{"rendered":"https:\/\/federasbackup.meltcomunicacao.com.br\/?p=22990"},"modified":"2022-01-07T11:57:38","modified_gmt":"2022-01-07T14:57:38","slug":"anvisa-avanca-em-discussao-sobre-aplicacao-da-coronavac-em-criancas","status":"publish","type":"post","link":"https:\/\/www.federassantas.org.br\/novosite\/anvisa-avanca-em-discussao-sobre-aplicacao-da-coronavac-em-criancas\/","title":{"rendered":"Anvisa avan\u00e7a em discuss\u00e3o sobre aplica\u00e7\u00e3o da CoronaVac em crian\u00e7as"},"content":{"rendered":"\n<p><em>No Brasil, apenas a vacina da Pifzer tem aprova\u00e7\u00e3o para uso pedi\u00e1trico<\/em><\/p>\n\n\n\n<p>Ap\u00f3s autorizar, ainda em dezembro, o uso do imunizante da Pifzer contra a covid-19 em crian\u00e7as de 5 a 11 anos de idade, a Ag\u00eancia Nacional de Vigil\u00e2ncia Sanit\u00e1ria (Anvisa) analisa um pedido do Instituto Butantan para uso da CoronaVac em crian\u00e7as e adolescentes de 3 a 17 anos.&nbsp;<img decoding=\"async\" src=\"https:\/\/agenciabrasil.ebc.com.br\/ebc.png?id=1435683&amp;o=node\"><img decoding=\"async\" src=\"https:\/\/agenciabrasil.ebc.com.br\/ebc.gif?id=1435683&amp;o=node\"><\/p>\n\n\n\n<p>O Butantan, fabricante da CoronaVac no Brasil, pediu autoriza\u00e7\u00e3o da Anvisa para uso do imunizante nesse p\u00fablico em dezembro, mas \u00e0 \u00e9poca a Anvisa&nbsp;<a href=\"https:\/\/agenciabrasil.ebc.com.br\/saude\/noticia\/2021-12\/anvisa-pede-ao-butantan-mais-dados-sobre-uso-da-coronavac-em-criancas\" target=\"_blank\" rel=\"noreferrer noopener\">cobrou mais dados<\/a>&nbsp;do instituto afirmando que os fornecidos n\u00e3o eram suficientes para a decis\u00e3o.<\/p>\n\n\n\n<p>Ontem (6) a Anvisa teve uma s\u00e9rie de reuni\u00f5es sobre o assunto dividida em tr\u00eas etapas: a primeira contou com a apresenta\u00e7\u00e3o de estudos de efetividade feitos pela Funda\u00e7\u00e3o Oswaldo Cruz (Fiocruz).<\/p>\n\n\n\n<p>Na sequ\u00eancia, os dados foram debatidos por especialistas externos convidados pela Anvisa, tais como representantes da Sociedade Brasileira de Infectologia (SBI), do Departamento de Infectologia da Sociedade Brasileira de Pediatria (SBP), da Sociedade Brasileira de Imunologia (SBI) e da Associa\u00e7\u00e3o Brasileira de Sa\u00fade Coletiva (Abrasco).<\/p>\n\n\n\n<p>A equipe t\u00e9cnica da Anvisa se reuniu ainda com o Instituto Butantan, t\u00e9cnicos do Chile e da Sinovac, farmac\u00eautica chinesa que desenvolveu o imunizante. De acordo com a ag\u00eancia reguladora, os encontros \u201cs\u00e3o mais um passo na an\u00e1lise da vacina\u201d e os dados apresentados \u201crepresentam um avan\u00e7o nos trabalhos\u201d.<\/p>\n\n\n\n<h5 class=\"wp-block-heading\">Hist\u00f3rico<\/h5>\n\n\n\n<p>No Brasil, o imunizante da Pfizer \u00e9 o \u00fanico aprovado para uso pedi\u00e1trico e, nesta semana o Minist\u00e9rio da Sa\u00fade anunciou a&nbsp;<a href=\"https:\/\/agenciabrasil.ebc.com.br\/saude\/noticia\/2022-01\/saude-anuncia-inclusao-de-criancas-na-vacinacao-contra-covid-19\" target=\"_blank\" rel=\"noreferrer noopener\">inclus\u00e3o do p\u00fablico infantil<\/a>&nbsp;no Programa Nacional de Imuniza\u00e7\u00e3o para receber o imunizante.<\/p>\n\n\n\n<p>No dia 13 de janeiro est\u00e1 prevista a chegada da primeira remessa, de 1,2 milh\u00e3o de doses, do imunizante espec\u00edfico para crian\u00e7as ao Brasil.<\/p>\n\n\n\n<p>Entre uma s\u00e9rie de recomenda\u00e7\u00e3o est\u00e1 a de que toda crian\u00e7a ap\u00f3s receber a dose permane\u00e7a no local por pelo menos 20 minutos para que seja observada. O objetivo \u00e9 que em caso de rea\u00e7\u00f5es adversas o atendimento ocorra imediatamente.<\/p>\n\n\n\n<p><\/p>\n\n\n\n<p>Fonte: Ag\u00eancia Brasil<br>Foto: Breno Esaki\/Ag\u00eancia Sa\u00fade DF<\/p>\n","protected":false},"excerpt":{"rendered":"<p>No Brasil, apenas a vacina da Pifzer tem aprova\u00e7\u00e3o para uso pedi\u00e1trico Ap\u00f3s autorizar, ainda em dezembro, o uso do imunizante da Pifzer contra a covid-19 em crian\u00e7as de 5 a 11 anos de idade, a Ag\u00eancia Nacional de Vigil\u00e2ncia Sanit\u00e1ria (Anvisa) analisa um pedido do Instituto Butantan para uso da CoronaVac em crian\u00e7as e [&hellip;]<\/p>\n","protected":false},"author":1,"featured_media":22991,"comment_status":"open","ping_status":"open","sticky":false,"template":"","format":"standard","meta":{"footnotes":""},"categories":[140],"tags":[],"class_list":["post-22990","post","type-post","status-publish","format-standard","has-post-thumbnail","hentry","category-noticias"],"yoast_head":"<!-- This site is optimized with the Yoast SEO plugin v26.9 - https:\/\/yoast.com\/product\/yoast-seo-wordpress\/ -->\n<title>Anvisa avan\u00e7a em discuss\u00e3o sobre aplica\u00e7\u00e3o da CoronaVac em crian\u00e7as - Federassantas<\/title>\n<meta name=\"robots\" content=\"index, follow, max-snippet:-1, max-image-preview:large, max-video-preview:-1\" \/>\n<link rel=\"canonical\" href=\"https:\/\/www.federassantas.org.br\/novosite\/anvisa-avanca-em-discussao-sobre-aplicacao-da-coronavac-em-criancas\/\" \/>\n<meta property=\"og:locale\" content=\"pt_BR\" \/>\n<meta property=\"og:type\" content=\"article\" \/>\n<meta property=\"og:title\" content=\"Anvisa avan\u00e7a em discuss\u00e3o sobre aplica\u00e7\u00e3o da CoronaVac em crian\u00e7as - Federassantas\" \/>\n<meta property=\"og:description\" content=\"No Brasil, apenas a vacina da Pifzer tem aprova\u00e7\u00e3o para uso pedi\u00e1trico Ap\u00f3s autorizar, ainda em dezembro, o uso do imunizante da Pifzer contra a covid-19 em crian\u00e7as de 5 a 11 anos de idade, a Ag\u00eancia Nacional de Vigil\u00e2ncia Sanit\u00e1ria (Anvisa) analisa um pedido do Instituto Butantan para uso da CoronaVac em crian\u00e7as e [&hellip;]\" \/>\n<meta property=\"og:url\" content=\"https:\/\/www.federassantas.org.br\/novosite\/anvisa-avanca-em-discussao-sobre-aplicacao-da-coronavac-em-criancas\/\" \/>\n<meta property=\"og:site_name\" content=\"Federassantas\" \/>\n<meta property=\"article:published_time\" content=\"2022-01-07T14:57:38+00:00\" \/>\n<meta name=\"author\" content=\"admin-federas\" \/>\n<meta name=\"twitter:card\" content=\"summary_large_image\" \/>\n<meta name=\"twitter:label1\" content=\"Escrito por\" \/>\n\t<meta name=\"twitter:data1\" content=\"admin-federas\" \/>\n\t<meta name=\"twitter:label2\" content=\"Est. tempo de leitura\" \/>\n\t<meta name=\"twitter:data2\" content=\"2 minutos\" \/>\n<script type=\"application\/ld+json\" class=\"yoast-schema-graph\">{\"@context\":\"https:\/\/schema.org\",\"@graph\":[{\"@type\":\"Article\",\"@id\":\"https:\/\/www.federassantas.org.br\/novosite\/anvisa-avanca-em-discussao-sobre-aplicacao-da-coronavac-em-criancas\/#article\",\"isPartOf\":{\"@id\":\"https:\/\/www.federassantas.org.br\/novosite\/anvisa-avanca-em-discussao-sobre-aplicacao-da-coronavac-em-criancas\/\"},\"author\":{\"name\":\"admin-federas\",\"@id\":\"https:\/\/www.federassantas.org.br\/novosite\/#\/schema\/person\/75fed98158349313fe56175f232f513c\"},\"headline\":\"Anvisa avan\u00e7a em discuss\u00e3o sobre aplica\u00e7\u00e3o da CoronaVac em crian\u00e7as\",\"datePublished\":\"2022-01-07T14:57:38+00:00\",\"mainEntityOfPage\":{\"@id\":\"https:\/\/www.federassantas.org.br\/novosite\/anvisa-avanca-em-discussao-sobre-aplicacao-da-coronavac-em-criancas\/\"},\"wordCount\":388,\"commentCount\":0,\"publisher\":{\"@id\":\"https:\/\/www.federassantas.org.br\/novosite\/#organization\"},\"image\":{\"@id\":\"https:\/\/www.federassantas.org.br\/novosite\/anvisa-avanca-em-discussao-sobre-aplicacao-da-coronavac-em-criancas\/#primaryimage\"},\"thumbnailUrl\":\"\",\"articleSection\":[\"Not\u00edcias\"],\"inLanguage\":\"pt-BR\",\"potentialAction\":[{\"@type\":\"CommentAction\",\"name\":\"Comment\",\"target\":[\"https:\/\/www.federassantas.org.br\/novosite\/anvisa-avanca-em-discussao-sobre-aplicacao-da-coronavac-em-criancas\/#respond\"]}]},{\"@type\":\"WebPage\",\"@id\":\"https:\/\/www.federassantas.org.br\/novosite\/anvisa-avanca-em-discussao-sobre-aplicacao-da-coronavac-em-criancas\/\",\"url\":\"https:\/\/www.federassantas.org.br\/novosite\/anvisa-avanca-em-discussao-sobre-aplicacao-da-coronavac-em-criancas\/\",\"name\":\"Anvisa avan\u00e7a em discuss\u00e3o sobre aplica\u00e7\u00e3o da CoronaVac em crian\u00e7as - Federassantas\",\"isPartOf\":{\"@id\":\"https:\/\/www.federassantas.org.br\/novosite\/#website\"},\"primaryImageOfPage\":{\"@id\":\"https:\/\/www.federassantas.org.br\/novosite\/anvisa-avanca-em-discussao-sobre-aplicacao-da-coronavac-em-criancas\/#primaryimage\"},\"image\":{\"@id\":\"https:\/\/www.federassantas.org.br\/novosite\/anvisa-avanca-em-discussao-sobre-aplicacao-da-coronavac-em-criancas\/#primaryimage\"},\"thumbnailUrl\":\"\",\"datePublished\":\"2022-01-07T14:57:38+00:00\",\"breadcrumb\":{\"@id\":\"https:\/\/www.federassantas.org.br\/novosite\/anvisa-avanca-em-discussao-sobre-aplicacao-da-coronavac-em-criancas\/#breadcrumb\"},\"inLanguage\":\"pt-BR\",\"potentialAction\":[{\"@type\":\"ReadAction\",\"target\":[\"https:\/\/www.federassantas.org.br\/novosite\/anvisa-avanca-em-discussao-sobre-aplicacao-da-coronavac-em-criancas\/\"]}]},{\"@type\":\"ImageObject\",\"inLanguage\":\"pt-BR\",\"@id\":\"https:\/\/www.federassantas.org.br\/novosite\/anvisa-avanca-em-discussao-sobre-aplicacao-da-coronavac-em-criancas\/#primaryimage\",\"url\":\"\",\"contentUrl\":\"\"},{\"@type\":\"BreadcrumbList\",\"@id\":\"https:\/\/www.federassantas.org.br\/novosite\/anvisa-avanca-em-discussao-sobre-aplicacao-da-coronavac-em-criancas\/#breadcrumb\",\"itemListElement\":[{\"@type\":\"ListItem\",\"position\":1,\"name\":\"In\u00edcio\",\"item\":\"https:\/\/www.federassantas.org.br\/novosite\/\"},{\"@type\":\"ListItem\",\"position\":2,\"name\":\"Anvisa avan\u00e7a em discuss\u00e3o sobre aplica\u00e7\u00e3o da CoronaVac em crian\u00e7as\"}]},{\"@type\":\"WebSite\",\"@id\":\"https:\/\/www.federassantas.org.br\/novosite\/#website\",\"url\":\"https:\/\/www.federassantas.org.br\/novosite\/\",\"name\":\"Federassantas\",\"description\":\"Fed. das Santas Casas e Hospitais Filantr\u00f3picos de MG\",\"publisher\":{\"@id\":\"https:\/\/www.federassantas.org.br\/novosite\/#organization\"},\"potentialAction\":[{\"@type\":\"SearchAction\",\"target\":{\"@type\":\"EntryPoint\",\"urlTemplate\":\"https:\/\/www.federassantas.org.br\/novosite\/?s={search_term_string}\"},\"query-input\":{\"@type\":\"PropertyValueSpecification\",\"valueRequired\":true,\"valueName\":\"search_term_string\"}}],\"inLanguage\":\"pt-BR\"},{\"@type\":\"Organization\",\"@id\":\"https:\/\/www.federassantas.org.br\/novosite\/#organization\",\"name\":\"Federassantas\",\"url\":\"https:\/\/www.federassantas.org.br\/novosite\/\",\"logo\":{\"@type\":\"ImageObject\",\"inLanguage\":\"pt-BR\",\"@id\":\"https:\/\/www.federassantas.org.br\/novosite\/#\/schema\/logo\/image\/\",\"url\":\"https:\/\/www.federassantas.org.br\/novosite\/wp-content\/uploads\/2021\/12\/logo.png\",\"contentUrl\":\"https:\/\/www.federassantas.org.br\/novosite\/wp-content\/uploads\/2021\/12\/logo.png\",\"width\":243,\"height\":59,\"caption\":\"Federassantas\"},\"image\":{\"@id\":\"https:\/\/www.federassantas.org.br\/novosite\/#\/schema\/logo\/image\/\"}},{\"@type\":\"Person\",\"@id\":\"https:\/\/www.federassantas.org.br\/novosite\/#\/schema\/person\/75fed98158349313fe56175f232f513c\",\"name\":\"admin-federas\",\"image\":{\"@type\":\"ImageObject\",\"inLanguage\":\"pt-BR\",\"@id\":\"https:\/\/www.federassantas.org.br\/novosite\/#\/schema\/person\/image\/\",\"url\":\"https:\/\/secure.gravatar.com\/avatar\/2a02d7dda59fe8dc6b7ffd3f652e2efede5ccf0dd89dfdc8137c5517f3de8407?s=96&d=mm&r=g\",\"contentUrl\":\"https:\/\/secure.gravatar.com\/avatar\/2a02d7dda59fe8dc6b7ffd3f652e2efede5ccf0dd89dfdc8137c5517f3de8407?s=96&d=mm&r=g\",\"caption\":\"admin-federas\"},\"sameAs\":[\"https:\/\/www.federassantas.org.br\/novosite\/\"],\"url\":\"https:\/\/www.federassantas.org.br\/novosite\/author\/admin-federas\/\"}]}<\/script>\n<!-- \/ Yoast SEO plugin. -->","yoast_head_json":{"title":"Anvisa avan\u00e7a em discuss\u00e3o sobre aplica\u00e7\u00e3o da CoronaVac em crian\u00e7as - Federassantas","robots":{"index":"index","follow":"follow","max-snippet":"max-snippet:-1","max-image-preview":"max-image-preview:large","max-video-preview":"max-video-preview:-1"},"canonical":"https:\/\/www.federassantas.org.br\/novosite\/anvisa-avanca-em-discussao-sobre-aplicacao-da-coronavac-em-criancas\/","og_locale":"pt_BR","og_type":"article","og_title":"Anvisa avan\u00e7a em discuss\u00e3o sobre aplica\u00e7\u00e3o da CoronaVac em crian\u00e7as - Federassantas","og_description":"No Brasil, apenas a vacina da Pifzer tem aprova\u00e7\u00e3o para uso pedi\u00e1trico Ap\u00f3s autorizar, ainda em dezembro, o uso do imunizante da Pifzer contra a covid-19 em crian\u00e7as de 5 a 11 anos de idade, a Ag\u00eancia Nacional de Vigil\u00e2ncia Sanit\u00e1ria (Anvisa) analisa um pedido do Instituto Butantan para uso da CoronaVac em crian\u00e7as e [&hellip;]","og_url":"https:\/\/www.federassantas.org.br\/novosite\/anvisa-avanca-em-discussao-sobre-aplicacao-da-coronavac-em-criancas\/","og_site_name":"Federassantas","article_published_time":"2022-01-07T14:57:38+00:00","author":"admin-federas","twitter_card":"summary_large_image","twitter_misc":{"Escrito por":"admin-federas","Est. tempo de leitura":"2 minutos"},"schema":{"@context":"https:\/\/schema.org","@graph":[{"@type":"Article","@id":"https:\/\/www.federassantas.org.br\/novosite\/anvisa-avanca-em-discussao-sobre-aplicacao-da-coronavac-em-criancas\/#article","isPartOf":{"@id":"https:\/\/www.federassantas.org.br\/novosite\/anvisa-avanca-em-discussao-sobre-aplicacao-da-coronavac-em-criancas\/"},"author":{"name":"admin-federas","@id":"https:\/\/www.federassantas.org.br\/novosite\/#\/schema\/person\/75fed98158349313fe56175f232f513c"},"headline":"Anvisa avan\u00e7a em discuss\u00e3o sobre aplica\u00e7\u00e3o da CoronaVac em crian\u00e7as","datePublished":"2022-01-07T14:57:38+00:00","mainEntityOfPage":{"@id":"https:\/\/www.federassantas.org.br\/novosite\/anvisa-avanca-em-discussao-sobre-aplicacao-da-coronavac-em-criancas\/"},"wordCount":388,"commentCount":0,"publisher":{"@id":"https:\/\/www.federassantas.org.br\/novosite\/#organization"},"image":{"@id":"https:\/\/www.federassantas.org.br\/novosite\/anvisa-avanca-em-discussao-sobre-aplicacao-da-coronavac-em-criancas\/#primaryimage"},"thumbnailUrl":"","articleSection":["Not\u00edcias"],"inLanguage":"pt-BR","potentialAction":[{"@type":"CommentAction","name":"Comment","target":["https:\/\/www.federassantas.org.br\/novosite\/anvisa-avanca-em-discussao-sobre-aplicacao-da-coronavac-em-criancas\/#respond"]}]},{"@type":"WebPage","@id":"https:\/\/www.federassantas.org.br\/novosite\/anvisa-avanca-em-discussao-sobre-aplicacao-da-coronavac-em-criancas\/","url":"https:\/\/www.federassantas.org.br\/novosite\/anvisa-avanca-em-discussao-sobre-aplicacao-da-coronavac-em-criancas\/","name":"Anvisa avan\u00e7a em discuss\u00e3o sobre aplica\u00e7\u00e3o da CoronaVac em crian\u00e7as - Federassantas","isPartOf":{"@id":"https:\/\/www.federassantas.org.br\/novosite\/#website"},"primaryImageOfPage":{"@id":"https:\/\/www.federassantas.org.br\/novosite\/anvisa-avanca-em-discussao-sobre-aplicacao-da-coronavac-em-criancas\/#primaryimage"},"image":{"@id":"https:\/\/www.federassantas.org.br\/novosite\/anvisa-avanca-em-discussao-sobre-aplicacao-da-coronavac-em-criancas\/#primaryimage"},"thumbnailUrl":"","datePublished":"2022-01-07T14:57:38+00:00","breadcrumb":{"@id":"https:\/\/www.federassantas.org.br\/novosite\/anvisa-avanca-em-discussao-sobre-aplicacao-da-coronavac-em-criancas\/#breadcrumb"},"inLanguage":"pt-BR","potentialAction":[{"@type":"ReadAction","target":["https:\/\/www.federassantas.org.br\/novosite\/anvisa-avanca-em-discussao-sobre-aplicacao-da-coronavac-em-criancas\/"]}]},{"@type":"ImageObject","inLanguage":"pt-BR","@id":"https:\/\/www.federassantas.org.br\/novosite\/anvisa-avanca-em-discussao-sobre-aplicacao-da-coronavac-em-criancas\/#primaryimage","url":"","contentUrl":""},{"@type":"BreadcrumbList","@id":"https:\/\/www.federassantas.org.br\/novosite\/anvisa-avanca-em-discussao-sobre-aplicacao-da-coronavac-em-criancas\/#breadcrumb","itemListElement":[{"@type":"ListItem","position":1,"name":"In\u00edcio","item":"https:\/\/www.federassantas.org.br\/novosite\/"},{"@type":"ListItem","position":2,"name":"Anvisa avan\u00e7a em discuss\u00e3o sobre aplica\u00e7\u00e3o da CoronaVac em crian\u00e7as"}]},{"@type":"WebSite","@id":"https:\/\/www.federassantas.org.br\/novosite\/#website","url":"https:\/\/www.federassantas.org.br\/novosite\/","name":"Federassantas","description":"Fed. das Santas Casas e Hospitais Filantr\u00f3picos de MG","publisher":{"@id":"https:\/\/www.federassantas.org.br\/novosite\/#organization"},"potentialAction":[{"@type":"SearchAction","target":{"@type":"EntryPoint","urlTemplate":"https:\/\/www.federassantas.org.br\/novosite\/?s={search_term_string}"},"query-input":{"@type":"PropertyValueSpecification","valueRequired":true,"valueName":"search_term_string"}}],"inLanguage":"pt-BR"},{"@type":"Organization","@id":"https:\/\/www.federassantas.org.br\/novosite\/#organization","name":"Federassantas","url":"https:\/\/www.federassantas.org.br\/novosite\/","logo":{"@type":"ImageObject","inLanguage":"pt-BR","@id":"https:\/\/www.federassantas.org.br\/novosite\/#\/schema\/logo\/image\/","url":"https:\/\/www.federassantas.org.br\/novosite\/wp-content\/uploads\/2021\/12\/logo.png","contentUrl":"https:\/\/www.federassantas.org.br\/novosite\/wp-content\/uploads\/2021\/12\/logo.png","width":243,"height":59,"caption":"Federassantas"},"image":{"@id":"https:\/\/www.federassantas.org.br\/novosite\/#\/schema\/logo\/image\/"}},{"@type":"Person","@id":"https:\/\/www.federassantas.org.br\/novosite\/#\/schema\/person\/75fed98158349313fe56175f232f513c","name":"admin-federas","image":{"@type":"ImageObject","inLanguage":"pt-BR","@id":"https:\/\/www.federassantas.org.br\/novosite\/#\/schema\/person\/image\/","url":"https:\/\/secure.gravatar.com\/avatar\/2a02d7dda59fe8dc6b7ffd3f652e2efede5ccf0dd89dfdc8137c5517f3de8407?s=96&d=mm&r=g","contentUrl":"https:\/\/secure.gravatar.com\/avatar\/2a02d7dda59fe8dc6b7ffd3f652e2efede5ccf0dd89dfdc8137c5517f3de8407?s=96&d=mm&r=g","caption":"admin-federas"},"sameAs":["https:\/\/www.federassantas.org.br\/novosite\/"],"url":"https:\/\/www.federassantas.org.br\/novosite\/author\/admin-federas\/"}]}},"_links":{"self":[{"href":"https:\/\/www.federassantas.org.br\/novosite\/wp-json\/wp\/v2\/posts\/22990","targetHints":{"allow":["GET"]}}],"collection":[{"href":"https:\/\/www.federassantas.org.br\/novosite\/wp-json\/wp\/v2\/posts"}],"about":[{"href":"https:\/\/www.federassantas.org.br\/novosite\/wp-json\/wp\/v2\/types\/post"}],"author":[{"embeddable":true,"href":"https:\/\/www.federassantas.org.br\/novosite\/wp-json\/wp\/v2\/users\/1"}],"replies":[{"embeddable":true,"href":"https:\/\/www.federassantas.org.br\/novosite\/wp-json\/wp\/v2\/comments?post=22990"}],"version-history":[{"count":0,"href":"https:\/\/www.federassantas.org.br\/novosite\/wp-json\/wp\/v2\/posts\/22990\/revisions"}],"wp:featuredmedia":[{"embeddable":true,"href":"https:\/\/www.federassantas.org.br\/novosite\/wp-json\/"}],"wp:attachment":[{"href":"https:\/\/www.federassantas.org.br\/novosite\/wp-json\/wp\/v2\/media?parent=22990"}],"wp:term":[{"taxonomy":"category","embeddable":true,"href":"https:\/\/www.federassantas.org.br\/novosite\/wp-json\/wp\/v2\/categories?post=22990"},{"taxonomy":"post_tag","embeddable":true,"href":"https:\/\/www.federassantas.org.br\/novosite\/wp-json\/wp\/v2\/tags?post=22990"}],"curies":[{"name":"wp","href":"https:\/\/api.w.org\/{rel}","templated":true}]}}