{"id":23002,"date":"2022-01-10T13:26:58","date_gmt":"2022-01-10T16:26:58","guid":{"rendered":"https:\/\/federasbackup.meltcomunicacao.com.br\/?p=23002"},"modified":"2022-01-10T13:26:58","modified_gmt":"2022-01-10T16:26:58","slug":"covid-19-aumento-de-casos-nao-deve-elevar-numero-de-obitos","status":"publish","type":"post","link":"https:\/\/www.federassantas.org.br\/novosite\/covid-19-aumento-de-casos-nao-deve-elevar-numero-de-obitos\/","title":{"rendered":"Covid-19: aumento de casos n\u00e3o deve elevar n\u00famero de \u00f3bitos"},"content":{"rendered":"\n<p><em>A declara\u00e7\u00e3o \u00e9 do ministro da Sa\u00fade, Marcelo Queroga<\/em><\/p>\n\n\n\n<p>O ministro da Sa\u00fade, Marcelo Queiroga, disse acreditar que o avan\u00e7o da covid-19 no Brasil dever\u00e1 ter desempenho similar ao de alguns pa\u00edses europeus, apresentando aumento de casos mas sem aumentos significativos no n\u00famero de \u00f3bitos, em termos proporcionais. Queiroga disse tamb\u00e9m que, nos pr\u00f3ximos 15 dias, ser\u00e3o distribu\u00eddos 14 milh\u00f5es de testes r\u00e1pidos de ant\u00edgenos.<img decoding=\"async\" src=\"https:\/\/agenciabrasil.ebc.com.br\/ebc.png?id=1436021&amp;o=node\"><img decoding=\"async\" src=\"https:\/\/agenciabrasil.ebc.com.br\/ebc.gif?id=1436021&amp;o=node\"><\/p>\n\n\n\n<p>\u201cEm janeiro vamos distribuir 40 milh\u00f5es de testes r\u00e1pidos de ant\u00edgenos. Destes, 14 milh\u00f5es nos pr\u00f3ximos 15 dias. \u00c9 necess\u00e1rio que tenhamos novamente o empenho dos munic\u00edpios para fazerem essa testagem na aten\u00e7\u00e3o prim\u00e1ria e enviar esses resultados ao Minist\u00e9rio da Sa\u00fade, para que tenhamos vis\u00e3o da evolu\u00e7\u00e3o da pandemia\u201d, disse Queiroga hoje (10) ao chegar no minist\u00e9rio.<\/p>\n\n\n\n<p>Segundo o ministro, n\u00e3o est\u00e1 sendo observado, no pa\u00eds, \u201caumento proporcional no n\u00famero de \u00f3bitos\u201d, por conta da doen\u00e7a. Nesse sentido, acrescentou, o Brasil dever\u00e1 ter, \u201cdesempenho semelhante ao que ocorre em pa\u00edses da Europa como Espanha, Reino Unido e Fran\u00e7a, onde houve incremento de casos mas n\u00e3o houve subida de \u00f3bitos\u201d, disse. \u201cMas temos de esperar a evolu\u00e7\u00e3o da pandemia para termos posi\u00e7\u00e3o mais definitiva sobre o tema\u201d, acrescentou.<\/p>\n\n\n\n<p>Queiroga reiterou que o minist\u00e9rio tem provis\u00f5es e estoques reguladores que garantem o abastecimento de estados e munic\u00edpios \u201ccom aquela capacidade m\u00e1xima de consumo que houve no pico de pandemia por um per\u00edodo de tr\u00eas meses\u201d. \u201cTemos cen\u00e1rio pand\u00eamico de certa incerteza, em face da variante \u00d4micron, mas temos a esperan\u00e7a de que n\u00e3o haja uma explos\u00e3o de interna\u00e7\u00f5es hospitalares, nem aumento proporcional de \u00f3bitos porque nossa popula\u00e7\u00e3o est\u00e1 fortemente vacinada\u201d.<\/p>\n\n\n\n<p>Ele lembrou que o total de leitos aumentou de 23 mil, antes da pandemia, para 43 mil, no per\u00edodo de pico da doen\u00e7a. \u201cEnt\u00e3o, no pior cen\u00e1rio, temos capacidade de duplicar os leitos de terapia intensiva, se esse for o caso. Mas \u00e9 necess\u00e1rio tamb\u00e9m que munic\u00edpios e estados nos informem para garantir que n\u00e3o faltem insumos estrat\u00e9gicos, como oxig\u00eanio e&nbsp;<em>kits<\/em>&nbsp;de intuba\u00e7\u00e3o\u201d, complementou.<\/p>\n\n\n\n<p>De acordo com o ministro, ainda hoje o governo dever\u00e1 ter uma defini\u00e7\u00e3o sobre a quest\u00e3o da quarentena, de forma a encurtar o per\u00edodo necess\u00e1rio para aqueles que contra\u00edram a doen\u00e7a. Queiroga informou, tamb\u00e9m, que a Ag\u00eancia Nacional de Vigil\u00e2ncia Sanit\u00e1ria (Anvisa) encaminhou sugest\u00e3o para flexibilizar a restri\u00e7\u00e3o dos cidad\u00e3os da \u00c1frica e dos pa\u00edses vedados em fun\u00e7\u00e3o da variante \u00d4micron.<\/p>\n\n\n\n<p><\/p>\n\n\n\n<p>Fonte: Ag\u00eancia Brasil<br>Foto: Marcelo Camargo\/Ag\u00eancia Brasil<\/p>\n","protected":false},"excerpt":{"rendered":"<p>A declara\u00e7\u00e3o \u00e9 do ministro da Sa\u00fade, Marcelo Queroga O ministro da Sa\u00fade, Marcelo Queiroga, disse acreditar que o avan\u00e7o da covid-19 no Brasil dever\u00e1 ter desempenho similar ao de alguns pa\u00edses europeus, apresentando aumento de casos mas sem aumentos significativos no n\u00famero de \u00f3bitos, em termos proporcionais. Queiroga disse tamb\u00e9m que, nos pr\u00f3ximos 15 [&hellip;]<\/p>\n","protected":false},"author":1,"featured_media":23003,"comment_status":"open","ping_status":"open","sticky":false,"template":"","format":"standard","meta":{"footnotes":""},"categories":[140,143],"tags":[],"class_list":["post-23002","post","type-post","status-publish","format-standard","has-post-thumbnail","hentry","category-noticias","category-noticias-publicas"],"yoast_head":"<!-- This site is optimized with the Yoast SEO plugin v26.9 - https:\/\/yoast.com\/product\/yoast-seo-wordpress\/ -->\n<title>Covid-19: aumento de casos n\u00e3o deve elevar n\u00famero de \u00f3bitos - Federassantas<\/title>\n<meta name=\"robots\" content=\"index, follow, max-snippet:-1, max-image-preview:large, max-video-preview:-1\" \/>\n<link rel=\"canonical\" href=\"https:\/\/www.federassantas.org.br\/novosite\/covid-19-aumento-de-casos-nao-deve-elevar-numero-de-obitos\/\" \/>\n<meta property=\"og:locale\" content=\"pt_BR\" \/>\n<meta property=\"og:type\" content=\"article\" \/>\n<meta property=\"og:title\" content=\"Covid-19: aumento de casos n\u00e3o deve elevar n\u00famero de \u00f3bitos - Federassantas\" \/>\n<meta property=\"og:description\" content=\"A declara\u00e7\u00e3o \u00e9 do ministro da Sa\u00fade, Marcelo Queroga O ministro da Sa\u00fade, Marcelo Queiroga, disse acreditar que o avan\u00e7o da covid-19 no Brasil dever\u00e1 ter desempenho similar ao de alguns pa\u00edses europeus, apresentando aumento de casos mas sem aumentos significativos no n\u00famero de \u00f3bitos, em termos proporcionais. Queiroga disse tamb\u00e9m que, nos pr\u00f3ximos 15 [&hellip;]\" \/>\n<meta property=\"og:url\" content=\"https:\/\/www.federassantas.org.br\/novosite\/covid-19-aumento-de-casos-nao-deve-elevar-numero-de-obitos\/\" \/>\n<meta property=\"og:site_name\" content=\"Federassantas\" \/>\n<meta property=\"article:published_time\" content=\"2022-01-10T16:26:58+00:00\" \/>\n<meta name=\"author\" content=\"admin-federas\" \/>\n<meta name=\"twitter:card\" content=\"summary_large_image\" \/>\n<meta name=\"twitter:label1\" content=\"Escrito por\" \/>\n\t<meta name=\"twitter:data1\" content=\"admin-federas\" \/>\n\t<meta name=\"twitter:label2\" content=\"Est. tempo de leitura\" \/>\n\t<meta name=\"twitter:data2\" content=\"2 minutos\" \/>\n<script type=\"application\/ld+json\" class=\"yoast-schema-graph\">{\"@context\":\"https:\/\/schema.org\",\"@graph\":[{\"@type\":\"Article\",\"@id\":\"https:\/\/www.federassantas.org.br\/novosite\/covid-19-aumento-de-casos-nao-deve-elevar-numero-de-obitos\/#article\",\"isPartOf\":{\"@id\":\"https:\/\/www.federassantas.org.br\/novosite\/covid-19-aumento-de-casos-nao-deve-elevar-numero-de-obitos\/\"},\"author\":{\"name\":\"admin-federas\",\"@id\":\"https:\/\/www.federassantas.org.br\/novosite\/#\/schema\/person\/75fed98158349313fe56175f232f513c\"},\"headline\":\"Covid-19: aumento de casos n\u00e3o deve elevar n\u00famero de \u00f3bitos\",\"datePublished\":\"2022-01-10T16:26:58+00:00\",\"mainEntityOfPage\":{\"@id\":\"https:\/\/www.federassantas.org.br\/novosite\/covid-19-aumento-de-casos-nao-deve-elevar-numero-de-obitos\/\"},\"wordCount\":477,\"commentCount\":0,\"publisher\":{\"@id\":\"https:\/\/www.federassantas.org.br\/novosite\/#organization\"},\"image\":{\"@id\":\"https:\/\/www.federassantas.org.br\/novosite\/covid-19-aumento-de-casos-nao-deve-elevar-numero-de-obitos\/#primaryimage\"},\"thumbnailUrl\":\"\",\"articleSection\":[\"Not\u00edcias\",\"Not\u00edcias P\u00fablicas\"],\"inLanguage\":\"pt-BR\",\"potentialAction\":[{\"@type\":\"CommentAction\",\"name\":\"Comment\",\"target\":[\"https:\/\/www.federassantas.org.br\/novosite\/covid-19-aumento-de-casos-nao-deve-elevar-numero-de-obitos\/#respond\"]}]},{\"@type\":\"WebPage\",\"@id\":\"https:\/\/www.federassantas.org.br\/novosite\/covid-19-aumento-de-casos-nao-deve-elevar-numero-de-obitos\/\",\"url\":\"https:\/\/www.federassantas.org.br\/novosite\/covid-19-aumento-de-casos-nao-deve-elevar-numero-de-obitos\/\",\"name\":\"Covid-19: aumento de casos n\u00e3o deve elevar n\u00famero de \u00f3bitos - Federassantas\",\"isPartOf\":{\"@id\":\"https:\/\/www.federassantas.org.br\/novosite\/#website\"},\"primaryImageOfPage\":{\"@id\":\"https:\/\/www.federassantas.org.br\/novosite\/covid-19-aumento-de-casos-nao-deve-elevar-numero-de-obitos\/#primaryimage\"},\"image\":{\"@id\":\"https:\/\/www.federassantas.org.br\/novosite\/covid-19-aumento-de-casos-nao-deve-elevar-numero-de-obitos\/#primaryimage\"},\"thumbnailUrl\":\"\",\"datePublished\":\"2022-01-10T16:26:58+00:00\",\"breadcrumb\":{\"@id\":\"https:\/\/www.federassantas.org.br\/novosite\/covid-19-aumento-de-casos-nao-deve-elevar-numero-de-obitos\/#breadcrumb\"},\"inLanguage\":\"pt-BR\",\"potentialAction\":[{\"@type\":\"ReadAction\",\"target\":[\"https:\/\/www.federassantas.org.br\/novosite\/covid-19-aumento-de-casos-nao-deve-elevar-numero-de-obitos\/\"]}]},{\"@type\":\"ImageObject\",\"inLanguage\":\"pt-BR\",\"@id\":\"https:\/\/www.federassantas.org.br\/novosite\/covid-19-aumento-de-casos-nao-deve-elevar-numero-de-obitos\/#primaryimage\",\"url\":\"\",\"contentUrl\":\"\"},{\"@type\":\"BreadcrumbList\",\"@id\":\"https:\/\/www.federassantas.org.br\/novosite\/covid-19-aumento-de-casos-nao-deve-elevar-numero-de-obitos\/#breadcrumb\",\"itemListElement\":[{\"@type\":\"ListItem\",\"position\":1,\"name\":\"In\u00edcio\",\"item\":\"https:\/\/www.federassantas.org.br\/novosite\/\"},{\"@type\":\"ListItem\",\"position\":2,\"name\":\"Covid-19: aumento de casos n\u00e3o deve elevar n\u00famero de \u00f3bitos\"}]},{\"@type\":\"WebSite\",\"@id\":\"https:\/\/www.federassantas.org.br\/novosite\/#website\",\"url\":\"https:\/\/www.federassantas.org.br\/novosite\/\",\"name\":\"Federassantas\",\"description\":\"Fed. das Santas Casas e Hospitais Filantr\u00f3picos de MG\",\"publisher\":{\"@id\":\"https:\/\/www.federassantas.org.br\/novosite\/#organization\"},\"potentialAction\":[{\"@type\":\"SearchAction\",\"target\":{\"@type\":\"EntryPoint\",\"urlTemplate\":\"https:\/\/www.federassantas.org.br\/novosite\/?s={search_term_string}\"},\"query-input\":{\"@type\":\"PropertyValueSpecification\",\"valueRequired\":true,\"valueName\":\"search_term_string\"}}],\"inLanguage\":\"pt-BR\"},{\"@type\":\"Organization\",\"@id\":\"https:\/\/www.federassantas.org.br\/novosite\/#organization\",\"name\":\"Federassantas\",\"url\":\"https:\/\/www.federassantas.org.br\/novosite\/\",\"logo\":{\"@type\":\"ImageObject\",\"inLanguage\":\"pt-BR\",\"@id\":\"https:\/\/www.federassantas.org.br\/novosite\/#\/schema\/logo\/image\/\",\"url\":\"https:\/\/www.federassantas.org.br\/novosite\/wp-content\/uploads\/2021\/12\/logo.png\",\"contentUrl\":\"https:\/\/www.federassantas.org.br\/novosite\/wp-content\/uploads\/2021\/12\/logo.png\",\"width\":243,\"height\":59,\"caption\":\"Federassantas\"},\"image\":{\"@id\":\"https:\/\/www.federassantas.org.br\/novosite\/#\/schema\/logo\/image\/\"}},{\"@type\":\"Person\",\"@id\":\"https:\/\/www.federassantas.org.br\/novosite\/#\/schema\/person\/75fed98158349313fe56175f232f513c\",\"name\":\"admin-federas\",\"image\":{\"@type\":\"ImageObject\",\"inLanguage\":\"pt-BR\",\"@id\":\"https:\/\/www.federassantas.org.br\/novosite\/#\/schema\/person\/image\/\",\"url\":\"https:\/\/secure.gravatar.com\/avatar\/2a02d7dda59fe8dc6b7ffd3f652e2efede5ccf0dd89dfdc8137c5517f3de8407?s=96&d=mm&r=g\",\"contentUrl\":\"https:\/\/secure.gravatar.com\/avatar\/2a02d7dda59fe8dc6b7ffd3f652e2efede5ccf0dd89dfdc8137c5517f3de8407?s=96&d=mm&r=g\",\"caption\":\"admin-federas\"},\"sameAs\":[\"https:\/\/www.federassantas.org.br\/novosite\/\"],\"url\":\"https:\/\/www.federassantas.org.br\/novosite\/author\/admin-federas\/\"}]}<\/script>\n<!-- \/ Yoast SEO plugin. -->","yoast_head_json":{"title":"Covid-19: aumento de casos n\u00e3o deve elevar n\u00famero de \u00f3bitos - Federassantas","robots":{"index":"index","follow":"follow","max-snippet":"max-snippet:-1","max-image-preview":"max-image-preview:large","max-video-preview":"max-video-preview:-1"},"canonical":"https:\/\/www.federassantas.org.br\/novosite\/covid-19-aumento-de-casos-nao-deve-elevar-numero-de-obitos\/","og_locale":"pt_BR","og_type":"article","og_title":"Covid-19: aumento de casos n\u00e3o deve elevar n\u00famero de \u00f3bitos - Federassantas","og_description":"A declara\u00e7\u00e3o \u00e9 do ministro da Sa\u00fade, Marcelo Queroga O ministro da Sa\u00fade, Marcelo Queiroga, disse acreditar que o avan\u00e7o da covid-19 no Brasil dever\u00e1 ter desempenho similar ao de alguns pa\u00edses europeus, apresentando aumento de casos mas sem aumentos significativos no n\u00famero de \u00f3bitos, em termos proporcionais. Queiroga disse tamb\u00e9m que, nos pr\u00f3ximos 15 [&hellip;]","og_url":"https:\/\/www.federassantas.org.br\/novosite\/covid-19-aumento-de-casos-nao-deve-elevar-numero-de-obitos\/","og_site_name":"Federassantas","article_published_time":"2022-01-10T16:26:58+00:00","author":"admin-federas","twitter_card":"summary_large_image","twitter_misc":{"Escrito por":"admin-federas","Est. tempo de leitura":"2 minutos"},"schema":{"@context":"https:\/\/schema.org","@graph":[{"@type":"Article","@id":"https:\/\/www.federassantas.org.br\/novosite\/covid-19-aumento-de-casos-nao-deve-elevar-numero-de-obitos\/#article","isPartOf":{"@id":"https:\/\/www.federassantas.org.br\/novosite\/covid-19-aumento-de-casos-nao-deve-elevar-numero-de-obitos\/"},"author":{"name":"admin-federas","@id":"https:\/\/www.federassantas.org.br\/novosite\/#\/schema\/person\/75fed98158349313fe56175f232f513c"},"headline":"Covid-19: aumento de casos n\u00e3o deve elevar n\u00famero de \u00f3bitos","datePublished":"2022-01-10T16:26:58+00:00","mainEntityOfPage":{"@id":"https:\/\/www.federassantas.org.br\/novosite\/covid-19-aumento-de-casos-nao-deve-elevar-numero-de-obitos\/"},"wordCount":477,"commentCount":0,"publisher":{"@id":"https:\/\/www.federassantas.org.br\/novosite\/#organization"},"image":{"@id":"https:\/\/www.federassantas.org.br\/novosite\/covid-19-aumento-de-casos-nao-deve-elevar-numero-de-obitos\/#primaryimage"},"thumbnailUrl":"","articleSection":["Not\u00edcias","Not\u00edcias P\u00fablicas"],"inLanguage":"pt-BR","potentialAction":[{"@type":"CommentAction","name":"Comment","target":["https:\/\/www.federassantas.org.br\/novosite\/covid-19-aumento-de-casos-nao-deve-elevar-numero-de-obitos\/#respond"]}]},{"@type":"WebPage","@id":"https:\/\/www.federassantas.org.br\/novosite\/covid-19-aumento-de-casos-nao-deve-elevar-numero-de-obitos\/","url":"https:\/\/www.federassantas.org.br\/novosite\/covid-19-aumento-de-casos-nao-deve-elevar-numero-de-obitos\/","name":"Covid-19: aumento de casos n\u00e3o deve elevar n\u00famero de \u00f3bitos - Federassantas","isPartOf":{"@id":"https:\/\/www.federassantas.org.br\/novosite\/#website"},"primaryImageOfPage":{"@id":"https:\/\/www.federassantas.org.br\/novosite\/covid-19-aumento-de-casos-nao-deve-elevar-numero-de-obitos\/#primaryimage"},"image":{"@id":"https:\/\/www.federassantas.org.br\/novosite\/covid-19-aumento-de-casos-nao-deve-elevar-numero-de-obitos\/#primaryimage"},"thumbnailUrl":"","datePublished":"2022-01-10T16:26:58+00:00","breadcrumb":{"@id":"https:\/\/www.federassantas.org.br\/novosite\/covid-19-aumento-de-casos-nao-deve-elevar-numero-de-obitos\/#breadcrumb"},"inLanguage":"pt-BR","potentialAction":[{"@type":"ReadAction","target":["https:\/\/www.federassantas.org.br\/novosite\/covid-19-aumento-de-casos-nao-deve-elevar-numero-de-obitos\/"]}]},{"@type":"ImageObject","inLanguage":"pt-BR","@id":"https:\/\/www.federassantas.org.br\/novosite\/covid-19-aumento-de-casos-nao-deve-elevar-numero-de-obitos\/#primaryimage","url":"","contentUrl":""},{"@type":"BreadcrumbList","@id":"https:\/\/www.federassantas.org.br\/novosite\/covid-19-aumento-de-casos-nao-deve-elevar-numero-de-obitos\/#breadcrumb","itemListElement":[{"@type":"ListItem","position":1,"name":"In\u00edcio","item":"https:\/\/www.federassantas.org.br\/novosite\/"},{"@type":"ListItem","position":2,"name":"Covid-19: aumento de casos n\u00e3o deve elevar n\u00famero de \u00f3bitos"}]},{"@type":"WebSite","@id":"https:\/\/www.federassantas.org.br\/novosite\/#website","url":"https:\/\/www.federassantas.org.br\/novosite\/","name":"Federassantas","description":"Fed. das Santas Casas e Hospitais Filantr\u00f3picos de MG","publisher":{"@id":"https:\/\/www.federassantas.org.br\/novosite\/#organization"},"potentialAction":[{"@type":"SearchAction","target":{"@type":"EntryPoint","urlTemplate":"https:\/\/www.federassantas.org.br\/novosite\/?s={search_term_string}"},"query-input":{"@type":"PropertyValueSpecification","valueRequired":true,"valueName":"search_term_string"}}],"inLanguage":"pt-BR"},{"@type":"Organization","@id":"https:\/\/www.federassantas.org.br\/novosite\/#organization","name":"Federassantas","url":"https:\/\/www.federassantas.org.br\/novosite\/","logo":{"@type":"ImageObject","inLanguage":"pt-BR","@id":"https:\/\/www.federassantas.org.br\/novosite\/#\/schema\/logo\/image\/","url":"https:\/\/www.federassantas.org.br\/novosite\/wp-content\/uploads\/2021\/12\/logo.png","contentUrl":"https:\/\/www.federassantas.org.br\/novosite\/wp-content\/uploads\/2021\/12\/logo.png","width":243,"height":59,"caption":"Federassantas"},"image":{"@id":"https:\/\/www.federassantas.org.br\/novosite\/#\/schema\/logo\/image\/"}},{"@type":"Person","@id":"https:\/\/www.federassantas.org.br\/novosite\/#\/schema\/person\/75fed98158349313fe56175f232f513c","name":"admin-federas","image":{"@type":"ImageObject","inLanguage":"pt-BR","@id":"https:\/\/www.federassantas.org.br\/novosite\/#\/schema\/person\/image\/","url":"https:\/\/secure.gravatar.com\/avatar\/2a02d7dda59fe8dc6b7ffd3f652e2efede5ccf0dd89dfdc8137c5517f3de8407?s=96&d=mm&r=g","contentUrl":"https:\/\/secure.gravatar.com\/avatar\/2a02d7dda59fe8dc6b7ffd3f652e2efede5ccf0dd89dfdc8137c5517f3de8407?s=96&d=mm&r=g","caption":"admin-federas"},"sameAs":["https:\/\/www.federassantas.org.br\/novosite\/"],"url":"https:\/\/www.federassantas.org.br\/novosite\/author\/admin-federas\/"}]}},"_links":{"self":[{"href":"https:\/\/www.federassantas.org.br\/novosite\/wp-json\/wp\/v2\/posts\/23002","targetHints":{"allow":["GET"]}}],"collection":[{"href":"https:\/\/www.federassantas.org.br\/novosite\/wp-json\/wp\/v2\/posts"}],"about":[{"href":"https:\/\/www.federassantas.org.br\/novosite\/wp-json\/wp\/v2\/types\/post"}],"author":[{"embeddable":true,"href":"https:\/\/www.federassantas.org.br\/novosite\/wp-json\/wp\/v2\/users\/1"}],"replies":[{"embeddable":true,"href":"https:\/\/www.federassantas.org.br\/novosite\/wp-json\/wp\/v2\/comments?post=23002"}],"version-history":[{"count":0,"href":"https:\/\/www.federassantas.org.br\/novosite\/wp-json\/wp\/v2\/posts\/23002\/revisions"}],"wp:featuredmedia":[{"embeddable":true,"href":"https:\/\/www.federassantas.org.br\/novosite\/wp-json\/"}],"wp:attachment":[{"href":"https:\/\/www.federassantas.org.br\/novosite\/wp-json\/wp\/v2\/media?parent=23002"}],"wp:term":[{"taxonomy":"category","embeddable":true,"href":"https:\/\/www.federassantas.org.br\/novosite\/wp-json\/wp\/v2\/categories?post=23002"},{"taxonomy":"post_tag","embeddable":true,"href":"https:\/\/www.federassantas.org.br\/novosite\/wp-json\/wp\/v2\/tags?post=23002"}],"curies":[{"name":"wp","href":"https:\/\/api.w.org\/{rel}","templated":true}]}}