{"id":23006,"date":"2022-01-10T15:05:14","date_gmt":"2022-01-10T18:05:14","guid":{"rendered":"https:\/\/federasbackup.meltcomunicacao.com.br\/?p=23006"},"modified":"2022-01-10T15:05:14","modified_gmt":"2022-01-10T18:05:14","slug":"pfizer-antecipara-600-mil-doses-da-vacina-pediatrica-contra-a-covid-19","status":"publish","type":"post","link":"https:\/\/www.federassantas.org.br\/novosite\/pfizer-antecipara-600-mil-doses-da-vacina-pediatrica-contra-a-covid-19\/","title":{"rendered":"Pfizer antecipar\u00e1 600 mil doses da vacina pedi\u00e1trica contra a covid-19"},"content":{"rendered":"\n<p><em>An\u00fancio foi feito pelo ministro da Sa\u00fade, Marcelo Queiroga<\/em><\/p>\n\n\n\n<p>O ministro da Sa\u00fade, Marcelo Queiroga, disse hoje (10) ter conseguido antecipar 600 mil doses da vacina pedi\u00e1trica contra a covid-19, produzidas pela empresa Pfizer. Ao defender a forma como o governo tem conduzido o combate \u00e0 pandemia, Queiroga disse que a fabrica\u00e7\u00e3o ou a importa\u00e7\u00e3o de doses de vacina s\u00f3 podem ser feitas ap\u00f3s a autoriza\u00e7\u00e3o da Ag\u00eancia Nacional de Vigil\u00e2ncia Sanit\u00e1ria (Anvisa). Caso contr\u00e1rio, a situa\u00e7\u00e3o configuraria crime sanit\u00e1rio, disse o ministro.<img decoding=\"async\" src=\"https:\/\/agenciabrasil.ebc.com.br\/ebc.png?id=1436024&amp;o=node\"><img decoding=\"async\" src=\"https:\/\/agenciabrasil.ebc.com.br\/ebc.gif?id=1436024&amp;o=node\"><\/p>\n\n\n\n<p>\u201cConseguimos antecipar com a Pfizer mais 600 mil doses da vacina pedi\u00e1trica agora no m\u00eas de janeiro. Ent\u00e3o ser\u00e3o 4,3 milh\u00f5es de doses de vacina\u201d, informou Queiroga nesta manh\u00e3 ao passar pela portaria do minist\u00e9rio.<\/p>\n\n\n\n<p>Segundo ele, o tr\u00e2mite para aquisi\u00e7\u00e3o e distribui\u00e7\u00e3o de vacinas no pa\u00eds \u00e9 satisfat\u00f3rio, se comparado a outros pa\u00edses. \u201cA ind\u00fastria farmac\u00eautica s\u00f3 pode deflagrar produ\u00e7\u00e3o de doses ap\u00f3s o aval da ag\u00eancia regulat\u00f3ria [Anvisa]. Ent\u00e3o doses n\u00e3o aprovadas pela ag\u00eancia regulat\u00f3ria n\u00e3o podem adentrar no pa\u00eds, sob pena de caracterizar at\u00e9 mesmo crime sanit\u00e1rio\u201d, argumentou o ministro.<\/p>\n\n\n\n<p><\/p>\n\n\n\n<p>Fonte: Ag\u00eancia Brasil<br>Foto: Paul Hennessy\/SOPA imagens\/Sipa USA<\/p>\n","protected":false},"excerpt":{"rendered":"<p>An\u00fancio foi feito pelo ministro da Sa\u00fade, Marcelo Queiroga O ministro da Sa\u00fade, Marcelo Queiroga, disse hoje (10) ter conseguido antecipar 600 mil doses da vacina pedi\u00e1trica contra a covid-19, produzidas pela empresa Pfizer. Ao defender a forma como o governo tem conduzido o combate \u00e0 pandemia, Queiroga disse que a fabrica\u00e7\u00e3o ou a importa\u00e7\u00e3o [&hellip;]<\/p>\n","protected":false},"author":1,"featured_media":23007,"comment_status":"open","ping_status":"open","sticky":false,"template":"","format":"standard","meta":{"footnotes":""},"categories":[140],"tags":[],"class_list":["post-23006","post","type-post","status-publish","format-standard","has-post-thumbnail","hentry","category-noticias"],"yoast_head":"<!-- This site is optimized with the Yoast SEO plugin v26.9 - https:\/\/yoast.com\/product\/yoast-seo-wordpress\/ -->\n<title>Pfizer antecipar\u00e1 600 mil doses da vacina pedi\u00e1trica contra a covid-19 - Federassantas<\/title>\n<meta name=\"robots\" content=\"index, follow, max-snippet:-1, max-image-preview:large, max-video-preview:-1\" \/>\n<link rel=\"canonical\" href=\"https:\/\/www.federassantas.org.br\/novosite\/pfizer-antecipara-600-mil-doses-da-vacina-pediatrica-contra-a-covid-19\/\" \/>\n<meta property=\"og:locale\" content=\"pt_BR\" \/>\n<meta property=\"og:type\" content=\"article\" \/>\n<meta property=\"og:title\" content=\"Pfizer antecipar\u00e1 600 mil doses da vacina pedi\u00e1trica contra a covid-19 - Federassantas\" \/>\n<meta property=\"og:description\" content=\"An\u00fancio foi feito pelo ministro da Sa\u00fade, Marcelo Queiroga O ministro da Sa\u00fade, Marcelo Queiroga, disse hoje (10) ter conseguido antecipar 600 mil doses da vacina pedi\u00e1trica contra a covid-19, produzidas pela empresa Pfizer. Ao defender a forma como o governo tem conduzido o combate \u00e0 pandemia, Queiroga disse que a fabrica\u00e7\u00e3o ou a importa\u00e7\u00e3o [&hellip;]\" \/>\n<meta property=\"og:url\" content=\"https:\/\/www.federassantas.org.br\/novosite\/pfizer-antecipara-600-mil-doses-da-vacina-pediatrica-contra-a-covid-19\/\" \/>\n<meta property=\"og:site_name\" content=\"Federassantas\" \/>\n<meta property=\"article:published_time\" content=\"2022-01-10T18:05:14+00:00\" \/>\n<meta name=\"author\" content=\"admin-federas\" \/>\n<meta name=\"twitter:card\" content=\"summary_large_image\" \/>\n<meta name=\"twitter:label1\" content=\"Escrito por\" \/>\n\t<meta name=\"twitter:data1\" content=\"admin-federas\" \/>\n\t<meta name=\"twitter:label2\" content=\"Est. tempo de leitura\" \/>\n\t<meta name=\"twitter:data2\" content=\"1 minuto\" \/>\n<script type=\"application\/ld+json\" class=\"yoast-schema-graph\">{\"@context\":\"https:\/\/schema.org\",\"@graph\":[{\"@type\":\"Article\",\"@id\":\"https:\/\/www.federassantas.org.br\/novosite\/pfizer-antecipara-600-mil-doses-da-vacina-pediatrica-contra-a-covid-19\/#article\",\"isPartOf\":{\"@id\":\"https:\/\/www.federassantas.org.br\/novosite\/pfizer-antecipara-600-mil-doses-da-vacina-pediatrica-contra-a-covid-19\/\"},\"author\":{\"name\":\"admin-federas\",\"@id\":\"https:\/\/www.federassantas.org.br\/novosite\/#\/schema\/person\/75fed98158349313fe56175f232f513c\"},\"headline\":\"Pfizer antecipar\u00e1 600 mil doses da vacina pedi\u00e1trica contra a covid-19\",\"datePublished\":\"2022-01-10T18:05:14+00:00\",\"mainEntityOfPage\":{\"@id\":\"https:\/\/www.federassantas.org.br\/novosite\/pfizer-antecipara-600-mil-doses-da-vacina-pediatrica-contra-a-covid-19\/\"},\"wordCount\":230,\"commentCount\":0,\"publisher\":{\"@id\":\"https:\/\/www.federassantas.org.br\/novosite\/#organization\"},\"image\":{\"@id\":\"https:\/\/www.federassantas.org.br\/novosite\/pfizer-antecipara-600-mil-doses-da-vacina-pediatrica-contra-a-covid-19\/#primaryimage\"},\"thumbnailUrl\":\"\",\"articleSection\":[\"Not\u00edcias\"],\"inLanguage\":\"pt-BR\",\"potentialAction\":[{\"@type\":\"CommentAction\",\"name\":\"Comment\",\"target\":[\"https:\/\/www.federassantas.org.br\/novosite\/pfizer-antecipara-600-mil-doses-da-vacina-pediatrica-contra-a-covid-19\/#respond\"]}]},{\"@type\":\"WebPage\",\"@id\":\"https:\/\/www.federassantas.org.br\/novosite\/pfizer-antecipara-600-mil-doses-da-vacina-pediatrica-contra-a-covid-19\/\",\"url\":\"https:\/\/www.federassantas.org.br\/novosite\/pfizer-antecipara-600-mil-doses-da-vacina-pediatrica-contra-a-covid-19\/\",\"name\":\"Pfizer antecipar\u00e1 600 mil doses da vacina pedi\u00e1trica contra a covid-19 - Federassantas\",\"isPartOf\":{\"@id\":\"https:\/\/www.federassantas.org.br\/novosite\/#website\"},\"primaryImageOfPage\":{\"@id\":\"https:\/\/www.federassantas.org.br\/novosite\/pfizer-antecipara-600-mil-doses-da-vacina-pediatrica-contra-a-covid-19\/#primaryimage\"},\"image\":{\"@id\":\"https:\/\/www.federassantas.org.br\/novosite\/pfizer-antecipara-600-mil-doses-da-vacina-pediatrica-contra-a-covid-19\/#primaryimage\"},\"thumbnailUrl\":\"\",\"datePublished\":\"2022-01-10T18:05:14+00:00\",\"breadcrumb\":{\"@id\":\"https:\/\/www.federassantas.org.br\/novosite\/pfizer-antecipara-600-mil-doses-da-vacina-pediatrica-contra-a-covid-19\/#breadcrumb\"},\"inLanguage\":\"pt-BR\",\"potentialAction\":[{\"@type\":\"ReadAction\",\"target\":[\"https:\/\/www.federassantas.org.br\/novosite\/pfizer-antecipara-600-mil-doses-da-vacina-pediatrica-contra-a-covid-19\/\"]}]},{\"@type\":\"ImageObject\",\"inLanguage\":\"pt-BR\",\"@id\":\"https:\/\/www.federassantas.org.br\/novosite\/pfizer-antecipara-600-mil-doses-da-vacina-pediatrica-contra-a-covid-19\/#primaryimage\",\"url\":\"\",\"contentUrl\":\"\"},{\"@type\":\"BreadcrumbList\",\"@id\":\"https:\/\/www.federassantas.org.br\/novosite\/pfizer-antecipara-600-mil-doses-da-vacina-pediatrica-contra-a-covid-19\/#breadcrumb\",\"itemListElement\":[{\"@type\":\"ListItem\",\"position\":1,\"name\":\"In\u00edcio\",\"item\":\"https:\/\/www.federassantas.org.br\/novosite\/\"},{\"@type\":\"ListItem\",\"position\":2,\"name\":\"Pfizer antecipar\u00e1 600 mil doses da vacina pedi\u00e1trica contra a covid-19\"}]},{\"@type\":\"WebSite\",\"@id\":\"https:\/\/www.federassantas.org.br\/novosite\/#website\",\"url\":\"https:\/\/www.federassantas.org.br\/novosite\/\",\"name\":\"Federassantas\",\"description\":\"Fed. das Santas Casas e Hospitais Filantr\u00f3picos de MG\",\"publisher\":{\"@id\":\"https:\/\/www.federassantas.org.br\/novosite\/#organization\"},\"potentialAction\":[{\"@type\":\"SearchAction\",\"target\":{\"@type\":\"EntryPoint\",\"urlTemplate\":\"https:\/\/www.federassantas.org.br\/novosite\/?s={search_term_string}\"},\"query-input\":{\"@type\":\"PropertyValueSpecification\",\"valueRequired\":true,\"valueName\":\"search_term_string\"}}],\"inLanguage\":\"pt-BR\"},{\"@type\":\"Organization\",\"@id\":\"https:\/\/www.federassantas.org.br\/novosite\/#organization\",\"name\":\"Federassantas\",\"url\":\"https:\/\/www.federassantas.org.br\/novosite\/\",\"logo\":{\"@type\":\"ImageObject\",\"inLanguage\":\"pt-BR\",\"@id\":\"https:\/\/www.federassantas.org.br\/novosite\/#\/schema\/logo\/image\/\",\"url\":\"https:\/\/www.federassantas.org.br\/novosite\/wp-content\/uploads\/2021\/12\/logo.png\",\"contentUrl\":\"https:\/\/www.federassantas.org.br\/novosite\/wp-content\/uploads\/2021\/12\/logo.png\",\"width\":243,\"height\":59,\"caption\":\"Federassantas\"},\"image\":{\"@id\":\"https:\/\/www.federassantas.org.br\/novosite\/#\/schema\/logo\/image\/\"}},{\"@type\":\"Person\",\"@id\":\"https:\/\/www.federassantas.org.br\/novosite\/#\/schema\/person\/75fed98158349313fe56175f232f513c\",\"name\":\"admin-federas\",\"image\":{\"@type\":\"ImageObject\",\"inLanguage\":\"pt-BR\",\"@id\":\"https:\/\/www.federassantas.org.br\/novosite\/#\/schema\/person\/image\/\",\"url\":\"https:\/\/secure.gravatar.com\/avatar\/2a02d7dda59fe8dc6b7ffd3f652e2efede5ccf0dd89dfdc8137c5517f3de8407?s=96&d=mm&r=g\",\"contentUrl\":\"https:\/\/secure.gravatar.com\/avatar\/2a02d7dda59fe8dc6b7ffd3f652e2efede5ccf0dd89dfdc8137c5517f3de8407?s=96&d=mm&r=g\",\"caption\":\"admin-federas\"},\"sameAs\":[\"https:\/\/www.federassantas.org.br\/novosite\/\"],\"url\":\"https:\/\/www.federassantas.org.br\/novosite\/author\/admin-federas\/\"}]}<\/script>\n<!-- \/ Yoast SEO plugin. -->","yoast_head_json":{"title":"Pfizer antecipar\u00e1 600 mil doses da vacina pedi\u00e1trica contra a covid-19 - Federassantas","robots":{"index":"index","follow":"follow","max-snippet":"max-snippet:-1","max-image-preview":"max-image-preview:large","max-video-preview":"max-video-preview:-1"},"canonical":"https:\/\/www.federassantas.org.br\/novosite\/pfizer-antecipara-600-mil-doses-da-vacina-pediatrica-contra-a-covid-19\/","og_locale":"pt_BR","og_type":"article","og_title":"Pfizer antecipar\u00e1 600 mil doses da vacina pedi\u00e1trica contra a covid-19 - Federassantas","og_description":"An\u00fancio foi feito pelo ministro da Sa\u00fade, Marcelo Queiroga O ministro da Sa\u00fade, Marcelo Queiroga, disse hoje (10) ter conseguido antecipar 600 mil doses da vacina pedi\u00e1trica contra a covid-19, produzidas pela empresa Pfizer. Ao defender a forma como o governo tem conduzido o combate \u00e0 pandemia, Queiroga disse que a fabrica\u00e7\u00e3o ou a importa\u00e7\u00e3o [&hellip;]","og_url":"https:\/\/www.federassantas.org.br\/novosite\/pfizer-antecipara-600-mil-doses-da-vacina-pediatrica-contra-a-covid-19\/","og_site_name":"Federassantas","article_published_time":"2022-01-10T18:05:14+00:00","author":"admin-federas","twitter_card":"summary_large_image","twitter_misc":{"Escrito por":"admin-federas","Est. tempo de leitura":"1 minuto"},"schema":{"@context":"https:\/\/schema.org","@graph":[{"@type":"Article","@id":"https:\/\/www.federassantas.org.br\/novosite\/pfizer-antecipara-600-mil-doses-da-vacina-pediatrica-contra-a-covid-19\/#article","isPartOf":{"@id":"https:\/\/www.federassantas.org.br\/novosite\/pfizer-antecipara-600-mil-doses-da-vacina-pediatrica-contra-a-covid-19\/"},"author":{"name":"admin-federas","@id":"https:\/\/www.federassantas.org.br\/novosite\/#\/schema\/person\/75fed98158349313fe56175f232f513c"},"headline":"Pfizer antecipar\u00e1 600 mil doses da vacina pedi\u00e1trica contra a covid-19","datePublished":"2022-01-10T18:05:14+00:00","mainEntityOfPage":{"@id":"https:\/\/www.federassantas.org.br\/novosite\/pfizer-antecipara-600-mil-doses-da-vacina-pediatrica-contra-a-covid-19\/"},"wordCount":230,"commentCount":0,"publisher":{"@id":"https:\/\/www.federassantas.org.br\/novosite\/#organization"},"image":{"@id":"https:\/\/www.federassantas.org.br\/novosite\/pfizer-antecipara-600-mil-doses-da-vacina-pediatrica-contra-a-covid-19\/#primaryimage"},"thumbnailUrl":"","articleSection":["Not\u00edcias"],"inLanguage":"pt-BR","potentialAction":[{"@type":"CommentAction","name":"Comment","target":["https:\/\/www.federassantas.org.br\/novosite\/pfizer-antecipara-600-mil-doses-da-vacina-pediatrica-contra-a-covid-19\/#respond"]}]},{"@type":"WebPage","@id":"https:\/\/www.federassantas.org.br\/novosite\/pfizer-antecipara-600-mil-doses-da-vacina-pediatrica-contra-a-covid-19\/","url":"https:\/\/www.federassantas.org.br\/novosite\/pfizer-antecipara-600-mil-doses-da-vacina-pediatrica-contra-a-covid-19\/","name":"Pfizer antecipar\u00e1 600 mil doses da vacina pedi\u00e1trica contra a covid-19 - Federassantas","isPartOf":{"@id":"https:\/\/www.federassantas.org.br\/novosite\/#website"},"primaryImageOfPage":{"@id":"https:\/\/www.federassantas.org.br\/novosite\/pfizer-antecipara-600-mil-doses-da-vacina-pediatrica-contra-a-covid-19\/#primaryimage"},"image":{"@id":"https:\/\/www.federassantas.org.br\/novosite\/pfizer-antecipara-600-mil-doses-da-vacina-pediatrica-contra-a-covid-19\/#primaryimage"},"thumbnailUrl":"","datePublished":"2022-01-10T18:05:14+00:00","breadcrumb":{"@id":"https:\/\/www.federassantas.org.br\/novosite\/pfizer-antecipara-600-mil-doses-da-vacina-pediatrica-contra-a-covid-19\/#breadcrumb"},"inLanguage":"pt-BR","potentialAction":[{"@type":"ReadAction","target":["https:\/\/www.federassantas.org.br\/novosite\/pfizer-antecipara-600-mil-doses-da-vacina-pediatrica-contra-a-covid-19\/"]}]},{"@type":"ImageObject","inLanguage":"pt-BR","@id":"https:\/\/www.federassantas.org.br\/novosite\/pfizer-antecipara-600-mil-doses-da-vacina-pediatrica-contra-a-covid-19\/#primaryimage","url":"","contentUrl":""},{"@type":"BreadcrumbList","@id":"https:\/\/www.federassantas.org.br\/novosite\/pfizer-antecipara-600-mil-doses-da-vacina-pediatrica-contra-a-covid-19\/#breadcrumb","itemListElement":[{"@type":"ListItem","position":1,"name":"In\u00edcio","item":"https:\/\/www.federassantas.org.br\/novosite\/"},{"@type":"ListItem","position":2,"name":"Pfizer antecipar\u00e1 600 mil doses da vacina pedi\u00e1trica contra a covid-19"}]},{"@type":"WebSite","@id":"https:\/\/www.federassantas.org.br\/novosite\/#website","url":"https:\/\/www.federassantas.org.br\/novosite\/","name":"Federassantas","description":"Fed. das Santas Casas e Hospitais Filantr\u00f3picos de MG","publisher":{"@id":"https:\/\/www.federassantas.org.br\/novosite\/#organization"},"potentialAction":[{"@type":"SearchAction","target":{"@type":"EntryPoint","urlTemplate":"https:\/\/www.federassantas.org.br\/novosite\/?s={search_term_string}"},"query-input":{"@type":"PropertyValueSpecification","valueRequired":true,"valueName":"search_term_string"}}],"inLanguage":"pt-BR"},{"@type":"Organization","@id":"https:\/\/www.federassantas.org.br\/novosite\/#organization","name":"Federassantas","url":"https:\/\/www.federassantas.org.br\/novosite\/","logo":{"@type":"ImageObject","inLanguage":"pt-BR","@id":"https:\/\/www.federassantas.org.br\/novosite\/#\/schema\/logo\/image\/","url":"https:\/\/www.federassantas.org.br\/novosite\/wp-content\/uploads\/2021\/12\/logo.png","contentUrl":"https:\/\/www.federassantas.org.br\/novosite\/wp-content\/uploads\/2021\/12\/logo.png","width":243,"height":59,"caption":"Federassantas"},"image":{"@id":"https:\/\/www.federassantas.org.br\/novosite\/#\/schema\/logo\/image\/"}},{"@type":"Person","@id":"https:\/\/www.federassantas.org.br\/novosite\/#\/schema\/person\/75fed98158349313fe56175f232f513c","name":"admin-federas","image":{"@type":"ImageObject","inLanguage":"pt-BR","@id":"https:\/\/www.federassantas.org.br\/novosite\/#\/schema\/person\/image\/","url":"https:\/\/secure.gravatar.com\/avatar\/2a02d7dda59fe8dc6b7ffd3f652e2efede5ccf0dd89dfdc8137c5517f3de8407?s=96&d=mm&r=g","contentUrl":"https:\/\/secure.gravatar.com\/avatar\/2a02d7dda59fe8dc6b7ffd3f652e2efede5ccf0dd89dfdc8137c5517f3de8407?s=96&d=mm&r=g","caption":"admin-federas"},"sameAs":["https:\/\/www.federassantas.org.br\/novosite\/"],"url":"https:\/\/www.federassantas.org.br\/novosite\/author\/admin-federas\/"}]}},"_links":{"self":[{"href":"https:\/\/www.federassantas.org.br\/novosite\/wp-json\/wp\/v2\/posts\/23006","targetHints":{"allow":["GET"]}}],"collection":[{"href":"https:\/\/www.federassantas.org.br\/novosite\/wp-json\/wp\/v2\/posts"}],"about":[{"href":"https:\/\/www.federassantas.org.br\/novosite\/wp-json\/wp\/v2\/types\/post"}],"author":[{"embeddable":true,"href":"https:\/\/www.federassantas.org.br\/novosite\/wp-json\/wp\/v2\/users\/1"}],"replies":[{"embeddable":true,"href":"https:\/\/www.federassantas.org.br\/novosite\/wp-json\/wp\/v2\/comments?post=23006"}],"version-history":[{"count":0,"href":"https:\/\/www.federassantas.org.br\/novosite\/wp-json\/wp\/v2\/posts\/23006\/revisions"}],"wp:featuredmedia":[{"embeddable":true,"href":"https:\/\/www.federassantas.org.br\/novosite\/wp-json\/"}],"wp:attachment":[{"href":"https:\/\/www.federassantas.org.br\/novosite\/wp-json\/wp\/v2\/media?parent=23006"}],"wp:term":[{"taxonomy":"category","embeddable":true,"href":"https:\/\/www.federassantas.org.br\/novosite\/wp-json\/wp\/v2\/categories?post=23006"},{"taxonomy":"post_tag","embeddable":true,"href":"https:\/\/www.federassantas.org.br\/novosite\/wp-json\/wp\/v2\/tags?post=23006"}],"curies":[{"name":"wp","href":"https:\/\/api.w.org\/{rel}","templated":true}]}}