{"id":23016,"date":"2022-01-11T12:02:59","date_gmt":"2022-01-11T15:02:59","guid":{"rendered":"https:\/\/federasbackup.meltcomunicacao.com.br\/?p=23016"},"modified":"2022-01-11T12:02:59","modified_gmt":"2022-01-11T15:02:59","slug":"comunidade-a-sociedade-fiqueatento","status":"publish","type":"post","link":"https:\/\/www.federassantas.org.br\/novosite\/comunidade-a-sociedade-fiqueatento\/","title":{"rendered":"Comunidade \u00e0 sociedade #FiqueAtento"},"content":{"rendered":"\n<p>O Brasil est\u00e1 diante de novo recrudescimento da Covid-19, em virtude da dissemina\u00e7\u00e3o das variantes \u00d4micron e Delta, que j\u00e1 alcan\u00e7am parcela expressiva da popula\u00e7\u00e3o. O crescimento exponencial de atendimentos nas emerg\u00eancias p\u00fablicas e privadas, e tamb\u00e9m via telemedicina, al\u00e9m da escalada da busca por testes de diagn\u00f3stico e ant\u00edgenos, reativam desafios j\u00e1 conhecidos. Dentre eles, o aumento do tempo de espera por atendimento e pela realiza\u00e7\u00e3o de exames. N\u00e3o bastasse a explos\u00e3o da demanda, o sistema de sa\u00fade como um todo enfrenta a perda tempor\u00e1ria de profissionais de sa\u00fade diagnosticados com Covid-19, contribuindo para o agravamento dos problemas j\u00e1 descritos. Diante desse cen\u00e1rio, a assist\u00eancia de sa\u00fade de qualidade, o engajamento coletivo e a responsabilidade individual ser\u00e3o, mais uma vez, chave para superarmos mais esta etapa da pandemia.<\/p>\n\n\n\n<p><br><a href=\"https:\/\/www.anahp.com.br\/noticias\/noticias-anahp\/hospitais-anahp-registram-aumento-de-655-nos-casos-de-covid-19-e-270-de-influenza\/\">Levantamento da Associa\u00e7\u00e3o Nacional de Hospitais Privados (Anahp)da Associa\u00e7\u00e3o Nacional de Hospitais Privados (Anahp)<\/a>&nbsp;com 33 hospitais revelou que 88% registraram aumento de casos positivos de Covid-19 e de Influenza em suas institui\u00e7\u00f5es na primeira semana de janeiro. O aumento no n\u00famero de casos de Covid-19 foi, em m\u00e9dia, de 655% desde dezembro de 2021, sendo que algumas institui\u00e7\u00f5es relataram aumentos maiores que 1000%. J\u00e1 o crescimento no n\u00famero de casos de Influenza foi, em m\u00e9dia, de 270%.<br><br>Muitas s\u00e3o as li\u00e7\u00f5es aprendidas at\u00e9 o momento, que renovam nossa confian\u00e7a em encarar mais este dif\u00edcil momento. Apesar da alta taxa de transmissibilidade atual, a expans\u00e3o da imuniza\u00e7\u00e3o e suas doses de refor\u00e7o j\u00e1 acarretam sintomas mais brandos, que afastam momentaneamente o risco de colapso e car\u00eancia de leitos de UTI. Adicionalmente, a telemedicina e as consultas m\u00e9dicas fora do ambiente hospitalar, apesar de tamb\u00e9m sobrecarregadas e com longo tempo de espera, s\u00e3o aliadas importantes para evitar a lota\u00e7\u00e3o e o risco de cont\u00e1gio em prontos-socorros, dando suporte relevante a milhares de pacientes com sintomas leves.<br><br>Como representantes das operadoras de planos e seguros de sa\u00fade do pa\u00eds, refor\u00e7amos nosso compromisso com o atendimento integral de 48,7 milh\u00f5es de benefici\u00e1rios. Nossa miss\u00e3o \u00e9, mais uma vez, preservar vidas. Para isso, \u00e9 importante que medidas preventivas sejam rigorosamente observadas, que o distanciamento social seja respeitado, que a vacina\u00e7\u00e3o continue a avan\u00e7ar e que o sistema de sa\u00fade seja utilizado de forma consciente. Cada um de n\u00f3s deve tomar sua parte nessa miss\u00e3o. A CMB apoia essa iniciativa.<\/p>\n\n\n\n<p><\/p>\n\n\n\n<p>Fonte: CMB<\/p>\n","protected":false},"excerpt":{"rendered":"<p>O Brasil est\u00e1 diante de novo recrudescimento da Covid-19, em virtude da dissemina\u00e7\u00e3o das variantes \u00d4micron e Delta, que j\u00e1 alcan\u00e7am parcela expressiva da popula\u00e7\u00e3o. O crescimento exponencial de atendimentos nas emerg\u00eancias p\u00fablicas e privadas, e tamb\u00e9m via telemedicina, al\u00e9m da escalada da busca por testes de diagn\u00f3stico e ant\u00edgenos, reativam desafios j\u00e1 conhecidos. Dentre [&hellip;]<\/p>\n","protected":false},"author":1,"featured_media":23017,"comment_status":"open","ping_status":"open","sticky":false,"template":"","format":"standard","meta":{"footnotes":""},"categories":[140,143],"tags":[],"class_list":["post-23016","post","type-post","status-publish","format-standard","has-post-thumbnail","hentry","category-noticias","category-noticias-publicas"],"yoast_head":"<!-- This site is optimized with the Yoast SEO plugin v26.9 - https:\/\/yoast.com\/product\/yoast-seo-wordpress\/ -->\n<title>Comunidade \u00e0 sociedade #FiqueAtento - Federassantas<\/title>\n<meta name=\"robots\" content=\"index, follow, max-snippet:-1, max-image-preview:large, max-video-preview:-1\" \/>\n<link rel=\"canonical\" href=\"https:\/\/www.federassantas.org.br\/novosite\/comunidade-a-sociedade-fiqueatento\/\" \/>\n<meta property=\"og:locale\" content=\"pt_BR\" \/>\n<meta property=\"og:type\" content=\"article\" \/>\n<meta property=\"og:title\" content=\"Comunidade \u00e0 sociedade #FiqueAtento - Federassantas\" \/>\n<meta property=\"og:description\" content=\"O Brasil est\u00e1 diante de novo recrudescimento da Covid-19, em virtude da dissemina\u00e7\u00e3o das variantes \u00d4micron e Delta, que j\u00e1 alcan\u00e7am parcela expressiva da popula\u00e7\u00e3o. O crescimento exponencial de atendimentos nas emerg\u00eancias p\u00fablicas e privadas, e tamb\u00e9m via telemedicina, al\u00e9m da escalada da busca por testes de diagn\u00f3stico e ant\u00edgenos, reativam desafios j\u00e1 conhecidos. Dentre [&hellip;]\" \/>\n<meta property=\"og:url\" content=\"https:\/\/www.federassantas.org.br\/novosite\/comunidade-a-sociedade-fiqueatento\/\" \/>\n<meta property=\"og:site_name\" content=\"Federassantas\" \/>\n<meta property=\"article:published_time\" content=\"2022-01-11T15:02:59+00:00\" \/>\n<meta name=\"author\" content=\"admin-federas\" \/>\n<meta name=\"twitter:card\" content=\"summary_large_image\" \/>\n<meta name=\"twitter:label1\" content=\"Escrito por\" \/>\n\t<meta name=\"twitter:data1\" content=\"admin-federas\" \/>\n\t<meta name=\"twitter:label2\" content=\"Est. tempo de leitura\" \/>\n\t<meta name=\"twitter:data2\" content=\"2 minutos\" \/>\n<script type=\"application\/ld+json\" class=\"yoast-schema-graph\">{\"@context\":\"https:\/\/schema.org\",\"@graph\":[{\"@type\":\"Article\",\"@id\":\"https:\/\/www.federassantas.org.br\/novosite\/comunidade-a-sociedade-fiqueatento\/#article\",\"isPartOf\":{\"@id\":\"https:\/\/www.federassantas.org.br\/novosite\/comunidade-a-sociedade-fiqueatento\/\"},\"author\":{\"name\":\"admin-federas\",\"@id\":\"https:\/\/www.federassantas.org.br\/novosite\/#\/schema\/person\/75fed98158349313fe56175f232f513c\"},\"headline\":\"Comunidade \u00e0 sociedade #FiqueAtento\",\"datePublished\":\"2022-01-11T15:02:59+00:00\",\"mainEntityOfPage\":{\"@id\":\"https:\/\/www.federassantas.org.br\/novosite\/comunidade-a-sociedade-fiqueatento\/\"},\"wordCount\":433,\"commentCount\":0,\"publisher\":{\"@id\":\"https:\/\/www.federassantas.org.br\/novosite\/#organization\"},\"image\":{\"@id\":\"https:\/\/www.federassantas.org.br\/novosite\/comunidade-a-sociedade-fiqueatento\/#primaryimage\"},\"thumbnailUrl\":\"\",\"articleSection\":[\"Not\u00edcias\",\"Not\u00edcias P\u00fablicas\"],\"inLanguage\":\"pt-BR\",\"potentialAction\":[{\"@type\":\"CommentAction\",\"name\":\"Comment\",\"target\":[\"https:\/\/www.federassantas.org.br\/novosite\/comunidade-a-sociedade-fiqueatento\/#respond\"]}]},{\"@type\":\"WebPage\",\"@id\":\"https:\/\/www.federassantas.org.br\/novosite\/comunidade-a-sociedade-fiqueatento\/\",\"url\":\"https:\/\/www.federassantas.org.br\/novosite\/comunidade-a-sociedade-fiqueatento\/\",\"name\":\"Comunidade \u00e0 sociedade #FiqueAtento - Federassantas\",\"isPartOf\":{\"@id\":\"https:\/\/www.federassantas.org.br\/novosite\/#website\"},\"primaryImageOfPage\":{\"@id\":\"https:\/\/www.federassantas.org.br\/novosite\/comunidade-a-sociedade-fiqueatento\/#primaryimage\"},\"image\":{\"@id\":\"https:\/\/www.federassantas.org.br\/novosite\/comunidade-a-sociedade-fiqueatento\/#primaryimage\"},\"thumbnailUrl\":\"\",\"datePublished\":\"2022-01-11T15:02:59+00:00\",\"breadcrumb\":{\"@id\":\"https:\/\/www.federassantas.org.br\/novosite\/comunidade-a-sociedade-fiqueatento\/#breadcrumb\"},\"inLanguage\":\"pt-BR\",\"potentialAction\":[{\"@type\":\"ReadAction\",\"target\":[\"https:\/\/www.federassantas.org.br\/novosite\/comunidade-a-sociedade-fiqueatento\/\"]}]},{\"@type\":\"ImageObject\",\"inLanguage\":\"pt-BR\",\"@id\":\"https:\/\/www.federassantas.org.br\/novosite\/comunidade-a-sociedade-fiqueatento\/#primaryimage\",\"url\":\"\",\"contentUrl\":\"\"},{\"@type\":\"BreadcrumbList\",\"@id\":\"https:\/\/www.federassantas.org.br\/novosite\/comunidade-a-sociedade-fiqueatento\/#breadcrumb\",\"itemListElement\":[{\"@type\":\"ListItem\",\"position\":1,\"name\":\"In\u00edcio\",\"item\":\"https:\/\/www.federassantas.org.br\/novosite\/\"},{\"@type\":\"ListItem\",\"position\":2,\"name\":\"Comunidade \u00e0 sociedade #FiqueAtento\"}]},{\"@type\":\"WebSite\",\"@id\":\"https:\/\/www.federassantas.org.br\/novosite\/#website\",\"url\":\"https:\/\/www.federassantas.org.br\/novosite\/\",\"name\":\"Federassantas\",\"description\":\"Fed. das Santas Casas e Hospitais Filantr\u00f3picos de MG\",\"publisher\":{\"@id\":\"https:\/\/www.federassantas.org.br\/novosite\/#organization\"},\"potentialAction\":[{\"@type\":\"SearchAction\",\"target\":{\"@type\":\"EntryPoint\",\"urlTemplate\":\"https:\/\/www.federassantas.org.br\/novosite\/?s={search_term_string}\"},\"query-input\":{\"@type\":\"PropertyValueSpecification\",\"valueRequired\":true,\"valueName\":\"search_term_string\"}}],\"inLanguage\":\"pt-BR\"},{\"@type\":\"Organization\",\"@id\":\"https:\/\/www.federassantas.org.br\/novosite\/#organization\",\"name\":\"Federassantas\",\"url\":\"https:\/\/www.federassantas.org.br\/novosite\/\",\"logo\":{\"@type\":\"ImageObject\",\"inLanguage\":\"pt-BR\",\"@id\":\"https:\/\/www.federassantas.org.br\/novosite\/#\/schema\/logo\/image\/\",\"url\":\"https:\/\/www.federassantas.org.br\/novosite\/wp-content\/uploads\/2021\/12\/logo.png\",\"contentUrl\":\"https:\/\/www.federassantas.org.br\/novosite\/wp-content\/uploads\/2021\/12\/logo.png\",\"width\":243,\"height\":59,\"caption\":\"Federassantas\"},\"image\":{\"@id\":\"https:\/\/www.federassantas.org.br\/novosite\/#\/schema\/logo\/image\/\"}},{\"@type\":\"Person\",\"@id\":\"https:\/\/www.federassantas.org.br\/novosite\/#\/schema\/person\/75fed98158349313fe56175f232f513c\",\"name\":\"admin-federas\",\"image\":{\"@type\":\"ImageObject\",\"inLanguage\":\"pt-BR\",\"@id\":\"https:\/\/www.federassantas.org.br\/novosite\/#\/schema\/person\/image\/\",\"url\":\"https:\/\/secure.gravatar.com\/avatar\/2a02d7dda59fe8dc6b7ffd3f652e2efede5ccf0dd89dfdc8137c5517f3de8407?s=96&d=mm&r=g\",\"contentUrl\":\"https:\/\/secure.gravatar.com\/avatar\/2a02d7dda59fe8dc6b7ffd3f652e2efede5ccf0dd89dfdc8137c5517f3de8407?s=96&d=mm&r=g\",\"caption\":\"admin-federas\"},\"sameAs\":[\"https:\/\/www.federassantas.org.br\/novosite\/\"],\"url\":\"https:\/\/www.federassantas.org.br\/novosite\/author\/admin-federas\/\"}]}<\/script>\n<!-- \/ Yoast SEO plugin. -->","yoast_head_json":{"title":"Comunidade \u00e0 sociedade #FiqueAtento - Federassantas","robots":{"index":"index","follow":"follow","max-snippet":"max-snippet:-1","max-image-preview":"max-image-preview:large","max-video-preview":"max-video-preview:-1"},"canonical":"https:\/\/www.federassantas.org.br\/novosite\/comunidade-a-sociedade-fiqueatento\/","og_locale":"pt_BR","og_type":"article","og_title":"Comunidade \u00e0 sociedade #FiqueAtento - Federassantas","og_description":"O Brasil est\u00e1 diante de novo recrudescimento da Covid-19, em virtude da dissemina\u00e7\u00e3o das variantes \u00d4micron e Delta, que j\u00e1 alcan\u00e7am parcela expressiva da popula\u00e7\u00e3o. O crescimento exponencial de atendimentos nas emerg\u00eancias p\u00fablicas e privadas, e tamb\u00e9m via telemedicina, al\u00e9m da escalada da busca por testes de diagn\u00f3stico e ant\u00edgenos, reativam desafios j\u00e1 conhecidos. Dentre [&hellip;]","og_url":"https:\/\/www.federassantas.org.br\/novosite\/comunidade-a-sociedade-fiqueatento\/","og_site_name":"Federassantas","article_published_time":"2022-01-11T15:02:59+00:00","author":"admin-federas","twitter_card":"summary_large_image","twitter_misc":{"Escrito por":"admin-federas","Est. tempo de leitura":"2 minutos"},"schema":{"@context":"https:\/\/schema.org","@graph":[{"@type":"Article","@id":"https:\/\/www.federassantas.org.br\/novosite\/comunidade-a-sociedade-fiqueatento\/#article","isPartOf":{"@id":"https:\/\/www.federassantas.org.br\/novosite\/comunidade-a-sociedade-fiqueatento\/"},"author":{"name":"admin-federas","@id":"https:\/\/www.federassantas.org.br\/novosite\/#\/schema\/person\/75fed98158349313fe56175f232f513c"},"headline":"Comunidade \u00e0 sociedade #FiqueAtento","datePublished":"2022-01-11T15:02:59+00:00","mainEntityOfPage":{"@id":"https:\/\/www.federassantas.org.br\/novosite\/comunidade-a-sociedade-fiqueatento\/"},"wordCount":433,"commentCount":0,"publisher":{"@id":"https:\/\/www.federassantas.org.br\/novosite\/#organization"},"image":{"@id":"https:\/\/www.federassantas.org.br\/novosite\/comunidade-a-sociedade-fiqueatento\/#primaryimage"},"thumbnailUrl":"","articleSection":["Not\u00edcias","Not\u00edcias P\u00fablicas"],"inLanguage":"pt-BR","potentialAction":[{"@type":"CommentAction","name":"Comment","target":["https:\/\/www.federassantas.org.br\/novosite\/comunidade-a-sociedade-fiqueatento\/#respond"]}]},{"@type":"WebPage","@id":"https:\/\/www.federassantas.org.br\/novosite\/comunidade-a-sociedade-fiqueatento\/","url":"https:\/\/www.federassantas.org.br\/novosite\/comunidade-a-sociedade-fiqueatento\/","name":"Comunidade \u00e0 sociedade #FiqueAtento - Federassantas","isPartOf":{"@id":"https:\/\/www.federassantas.org.br\/novosite\/#website"},"primaryImageOfPage":{"@id":"https:\/\/www.federassantas.org.br\/novosite\/comunidade-a-sociedade-fiqueatento\/#primaryimage"},"image":{"@id":"https:\/\/www.federassantas.org.br\/novosite\/comunidade-a-sociedade-fiqueatento\/#primaryimage"},"thumbnailUrl":"","datePublished":"2022-01-11T15:02:59+00:00","breadcrumb":{"@id":"https:\/\/www.federassantas.org.br\/novosite\/comunidade-a-sociedade-fiqueatento\/#breadcrumb"},"inLanguage":"pt-BR","potentialAction":[{"@type":"ReadAction","target":["https:\/\/www.federassantas.org.br\/novosite\/comunidade-a-sociedade-fiqueatento\/"]}]},{"@type":"ImageObject","inLanguage":"pt-BR","@id":"https:\/\/www.federassantas.org.br\/novosite\/comunidade-a-sociedade-fiqueatento\/#primaryimage","url":"","contentUrl":""},{"@type":"BreadcrumbList","@id":"https:\/\/www.federassantas.org.br\/novosite\/comunidade-a-sociedade-fiqueatento\/#breadcrumb","itemListElement":[{"@type":"ListItem","position":1,"name":"In\u00edcio","item":"https:\/\/www.federassantas.org.br\/novosite\/"},{"@type":"ListItem","position":2,"name":"Comunidade \u00e0 sociedade #FiqueAtento"}]},{"@type":"WebSite","@id":"https:\/\/www.federassantas.org.br\/novosite\/#website","url":"https:\/\/www.federassantas.org.br\/novosite\/","name":"Federassantas","description":"Fed. das Santas Casas e Hospitais Filantr\u00f3picos de MG","publisher":{"@id":"https:\/\/www.federassantas.org.br\/novosite\/#organization"},"potentialAction":[{"@type":"SearchAction","target":{"@type":"EntryPoint","urlTemplate":"https:\/\/www.federassantas.org.br\/novosite\/?s={search_term_string}"},"query-input":{"@type":"PropertyValueSpecification","valueRequired":true,"valueName":"search_term_string"}}],"inLanguage":"pt-BR"},{"@type":"Organization","@id":"https:\/\/www.federassantas.org.br\/novosite\/#organization","name":"Federassantas","url":"https:\/\/www.federassantas.org.br\/novosite\/","logo":{"@type":"ImageObject","inLanguage":"pt-BR","@id":"https:\/\/www.federassantas.org.br\/novosite\/#\/schema\/logo\/image\/","url":"https:\/\/www.federassantas.org.br\/novosite\/wp-content\/uploads\/2021\/12\/logo.png","contentUrl":"https:\/\/www.federassantas.org.br\/novosite\/wp-content\/uploads\/2021\/12\/logo.png","width":243,"height":59,"caption":"Federassantas"},"image":{"@id":"https:\/\/www.federassantas.org.br\/novosite\/#\/schema\/logo\/image\/"}},{"@type":"Person","@id":"https:\/\/www.federassantas.org.br\/novosite\/#\/schema\/person\/75fed98158349313fe56175f232f513c","name":"admin-federas","image":{"@type":"ImageObject","inLanguage":"pt-BR","@id":"https:\/\/www.federassantas.org.br\/novosite\/#\/schema\/person\/image\/","url":"https:\/\/secure.gravatar.com\/avatar\/2a02d7dda59fe8dc6b7ffd3f652e2efede5ccf0dd89dfdc8137c5517f3de8407?s=96&d=mm&r=g","contentUrl":"https:\/\/secure.gravatar.com\/avatar\/2a02d7dda59fe8dc6b7ffd3f652e2efede5ccf0dd89dfdc8137c5517f3de8407?s=96&d=mm&r=g","caption":"admin-federas"},"sameAs":["https:\/\/www.federassantas.org.br\/novosite\/"],"url":"https:\/\/www.federassantas.org.br\/novosite\/author\/admin-federas\/"}]}},"_links":{"self":[{"href":"https:\/\/www.federassantas.org.br\/novosite\/wp-json\/wp\/v2\/posts\/23016","targetHints":{"allow":["GET"]}}],"collection":[{"href":"https:\/\/www.federassantas.org.br\/novosite\/wp-json\/wp\/v2\/posts"}],"about":[{"href":"https:\/\/www.federassantas.org.br\/novosite\/wp-json\/wp\/v2\/types\/post"}],"author":[{"embeddable":true,"href":"https:\/\/www.federassantas.org.br\/novosite\/wp-json\/wp\/v2\/users\/1"}],"replies":[{"embeddable":true,"href":"https:\/\/www.federassantas.org.br\/novosite\/wp-json\/wp\/v2\/comments?post=23016"}],"version-history":[{"count":0,"href":"https:\/\/www.federassantas.org.br\/novosite\/wp-json\/wp\/v2\/posts\/23016\/revisions"}],"wp:featuredmedia":[{"embeddable":true,"href":"https:\/\/www.federassantas.org.br\/novosite\/wp-json\/"}],"wp:attachment":[{"href":"https:\/\/www.federassantas.org.br\/novosite\/wp-json\/wp\/v2\/media?parent=23016"}],"wp:term":[{"taxonomy":"category","embeddable":true,"href":"https:\/\/www.federassantas.org.br\/novosite\/wp-json\/wp\/v2\/categories?post=23016"},{"taxonomy":"post_tag","embeddable":true,"href":"https:\/\/www.federassantas.org.br\/novosite\/wp-json\/wp\/v2\/tags?post=23016"}],"curies":[{"name":"wp","href":"https:\/\/api.w.org\/{rel}","templated":true}]}}