{"id":23023,"date":"2022-01-12T15:30:39","date_gmt":"2022-01-12T18:30:39","guid":{"rendered":"https:\/\/federasbackup.meltcomunicacao.com.br\/?p=23023"},"modified":"2022-01-12T15:30:39","modified_gmt":"2022-01-12T18:30:39","slug":"santa-casa-bh-e-cruz-vermelha-brasileira-filial-minas-gerais-se-unem-em-campanha-em-prol-dos-atingidos-pelas-chuvas","status":"publish","type":"post","link":"https:\/\/www.federassantas.org.br\/novosite\/santa-casa-bh-e-cruz-vermelha-brasileira-filial-minas-gerais-se-unem-em-campanha-em-prol-dos-atingidos-pelas-chuvas\/","title":{"rendered":"Santa Casa BH e Cruz Vermelha Brasileira &#8211; Filial Minas Gerais se unem em campanha em prol dos atingidos pelas chuvas"},"content":{"rendered":"\n<p><em>Campanha <\/em>\u201cSOS Chuvas\u201d <em>visa arrecadar <\/em>alimentos, \u00e1gua, itens de higiene pessoal e de limpeza residencial, al\u00e9m de qualquer valor em dinheiro<em> para as v\u00edtimas de Belo Horizonte e Regi\u00e3o Metropolitana<\/em><\/p>\n\n\n\n<p><\/p>\n\n\n\n<p>As recentes chuvas que v\u00eam atingindo Minas Gerais t\u00eam causando enchentes e alagamentos em diversas regi\u00f5es, resultando na perda de vidas e em preju\u00edzos incalcul\u00e1veis para v\u00e1rias fam\u00edlias. Por outro lado, a <strong>corrente de solidariedade<\/strong> que se formou para ajudar os atingidos tamb\u00e9m vem ganhando for\u00e7a. Pensando nisso, a <strong>Santa Casa BH<\/strong>, maior complexo hospitalar 100% SUS do estado, se associou \u00e0 <strong>Cruz Vermelha Brasileira &#8211; Filial Minas Gerais<\/strong> e, juntas, <strong>lan\u00e7aram a campanha \u201cSOS Chuvas\u201d<\/strong>, que visa <strong>arrecadar doa\u00e7\u00f5es para a popula\u00e7\u00e3o afetada em Belo Horizonte e na Regi\u00e3o Metropolitana.&nbsp;<\/strong><\/p>\n\n\n\n<p>A a\u00e7\u00e3o tem como objetivo arrecadar <strong>alimentos n\u00e3o perec\u00edveis, \u00e1gua, itens de higiene pessoal e de limpeza residencial, bem como qualquer valor em dinheiro<\/strong>. O <strong>provedor da Santa Casa BH, Roberto Otto Augusto de Lima<\/strong>, explica como surgiu a campanha. \u201cDiante de tantas perdas e das cenas desoladoras que assistimos, iniciamos uma mobiliza\u00e7\u00e3o interna para ajudar os nossos colaboradores que foram afetados, mas entendemos que poder\u00edamos ir al\u00e9m e chegar a mais pessoas. A partir da\u00ed, surgiu a ideia da parceria com a Cruz Vermelha, que abra\u00e7ou a causa. A Santa Casa BH \u00e9 dos mineiros, logo tamb\u00e9m \u00e9 nosso papel estar junto da popula\u00e7\u00e3o neste momento delicado\u201d, disse.As doa\u00e7\u00f5es podem ser entregues na sede da Cruz Vermelha Brasileira \u2013 Filial Minas Gerais (<strong>Rua Alameda Ezequiel Dias, 427 \u2013 Centro \u2013 Belo Horizonte &#8211; de segunda a segunda-feira, das 8h \u00e0s 20h<\/strong>) e na Provedoria da Santa Casa BH (<strong>Rua \u00c1lvares Maciel, 611 \u2013 Santa Efig\u00eania &#8211; Belo Horizonte &#8211; de segunda a sexta-feira, das 9h \u00e0s 17h<\/strong>). Os valores em dinheiro devem ser transferidos via PIX, com a chave <strong><a rel=\"noreferrer noopener\" href=\"mailto:secretaria@cvbmg.org.br\" target=\"_blank\">secretaria@cvbmg.org.br<\/a>.<\/strong> Devido \u00e0 pandemia, n\u00e3o est\u00e3o sendo aceitos roupas e cal\u00e7ados. &nbsp;&nbsp;&nbsp;&nbsp;&nbsp;<\/p>\n\n\n\n<p><\/p>\n\n\n\n<p>Por Assessoria de Comunica\u00e7\u00e3o Santa Casa BH<\/p>\n","protected":false},"excerpt":{"rendered":"<p>Campanha \u201cSOS Chuvas\u201d visa arrecadar alimentos, \u00e1gua, itens de higiene pessoal e de limpeza residencial, al\u00e9m de qualquer valor em dinheiro para as v\u00edtimas de Belo Horizonte e Regi\u00e3o Metropolitana As recentes chuvas que v\u00eam atingindo Minas Gerais t\u00eam causando enchentes e alagamentos em diversas regi\u00f5es, resultando na perda de vidas e em preju\u00edzos incalcul\u00e1veis [&hellip;]<\/p>\n","protected":false},"author":1,"featured_media":23024,"comment_status":"open","ping_status":"open","sticky":false,"template":"","format":"standard","meta":{"footnotes":""},"categories":[140,139],"tags":[],"class_list":["post-23023","post","type-post","status-publish","format-standard","has-post-thumbnail","hentry","category-noticias","category-noticias-filiados"],"yoast_head":"<!-- This site is optimized with the Yoast SEO plugin v26.9 - https:\/\/yoast.com\/product\/yoast-seo-wordpress\/ -->\n<title>Santa Casa BH e Cruz Vermelha Brasileira - Filial Minas Gerais se unem em campanha em prol dos atingidos pelas chuvas - Federassantas<\/title>\n<meta name=\"robots\" content=\"index, follow, max-snippet:-1, max-image-preview:large, max-video-preview:-1\" \/>\n<link rel=\"canonical\" href=\"https:\/\/www.federassantas.org.br\/novosite\/santa-casa-bh-e-cruz-vermelha-brasileira-filial-minas-gerais-se-unem-em-campanha-em-prol-dos-atingidos-pelas-chuvas\/\" \/>\n<meta property=\"og:locale\" content=\"pt_BR\" \/>\n<meta property=\"og:type\" content=\"article\" \/>\n<meta property=\"og:title\" content=\"Santa Casa BH e Cruz Vermelha Brasileira - Filial Minas Gerais se unem em campanha em prol dos atingidos pelas chuvas - Federassantas\" \/>\n<meta property=\"og:description\" content=\"Campanha \u201cSOS Chuvas\u201d visa arrecadar alimentos, \u00e1gua, itens de higiene pessoal e de limpeza residencial, al\u00e9m de qualquer valor em dinheiro para as v\u00edtimas de Belo Horizonte e Regi\u00e3o Metropolitana As recentes chuvas que v\u00eam atingindo Minas Gerais t\u00eam causando enchentes e alagamentos em diversas regi\u00f5es, resultando na perda de vidas e em preju\u00edzos incalcul\u00e1veis [&hellip;]\" \/>\n<meta property=\"og:url\" content=\"https:\/\/www.federassantas.org.br\/novosite\/santa-casa-bh-e-cruz-vermelha-brasileira-filial-minas-gerais-se-unem-em-campanha-em-prol-dos-atingidos-pelas-chuvas\/\" \/>\n<meta property=\"og:site_name\" content=\"Federassantas\" \/>\n<meta property=\"article:published_time\" content=\"2022-01-12T18:30:39+00:00\" \/>\n<meta property=\"og:image\" content=\"https:\/\/www.federassantas.org.br\/novosite\/wp-content\/uploads\/2022\/01\/WhatsApp-Image-2022-01-12-at-15.18.06.jpeg\" \/>\n\t<meta property=\"og:image:width\" content=\"1080\" \/>\n\t<meta property=\"og:image:height\" content=\"719\" \/>\n\t<meta property=\"og:image:type\" content=\"image\/jpeg\" \/>\n<meta name=\"author\" content=\"admin-federas\" \/>\n<meta name=\"twitter:card\" content=\"summary_large_image\" \/>\n<meta name=\"twitter:label1\" content=\"Escrito por\" \/>\n\t<meta name=\"twitter:data1\" content=\"admin-federas\" \/>\n\t<meta name=\"twitter:label2\" content=\"Est. tempo de leitura\" \/>\n\t<meta name=\"twitter:data2\" content=\"2 minutos\" \/>\n<script type=\"application\/ld+json\" class=\"yoast-schema-graph\">{\"@context\":\"https:\/\/schema.org\",\"@graph\":[{\"@type\":\"Article\",\"@id\":\"https:\/\/www.federassantas.org.br\/novosite\/santa-casa-bh-e-cruz-vermelha-brasileira-filial-minas-gerais-se-unem-em-campanha-em-prol-dos-atingidos-pelas-chuvas\/#article\",\"isPartOf\":{\"@id\":\"https:\/\/www.federassantas.org.br\/novosite\/santa-casa-bh-e-cruz-vermelha-brasileira-filial-minas-gerais-se-unem-em-campanha-em-prol-dos-atingidos-pelas-chuvas\/\"},\"author\":{\"name\":\"admin-federas\",\"@id\":\"https:\/\/www.federassantas.org.br\/novosite\/#\/schema\/person\/75fed98158349313fe56175f232f513c\"},\"headline\":\"Santa Casa BH e Cruz Vermelha Brasileira &#8211; Filial Minas Gerais se unem em campanha em prol dos atingidos pelas chuvas\",\"datePublished\":\"2022-01-12T18:30:39+00:00\",\"mainEntityOfPage\":{\"@id\":\"https:\/\/www.federassantas.org.br\/novosite\/santa-casa-bh-e-cruz-vermelha-brasileira-filial-minas-gerais-se-unem-em-campanha-em-prol-dos-atingidos-pelas-chuvas\/\"},\"wordCount\":370,\"commentCount\":0,\"publisher\":{\"@id\":\"https:\/\/www.federassantas.org.br\/novosite\/#organization\"},\"image\":{\"@id\":\"https:\/\/www.federassantas.org.br\/novosite\/santa-casa-bh-e-cruz-vermelha-brasileira-filial-minas-gerais-se-unem-em-campanha-em-prol-dos-atingidos-pelas-chuvas\/#primaryimage\"},\"thumbnailUrl\":\"https:\/\/www.federassantas.org.br\/novosite\/wp-content\/uploads\/2022\/01\/WhatsApp-Image-2022-01-12-at-15.18.06.jpeg\",\"articleSection\":[\"Not\u00edcias\",\"Not\u00edcias filiados\"],\"inLanguage\":\"pt-BR\",\"potentialAction\":[{\"@type\":\"CommentAction\",\"name\":\"Comment\",\"target\":[\"https:\/\/www.federassantas.org.br\/novosite\/santa-casa-bh-e-cruz-vermelha-brasileira-filial-minas-gerais-se-unem-em-campanha-em-prol-dos-atingidos-pelas-chuvas\/#respond\"]}]},{\"@type\":\"WebPage\",\"@id\":\"https:\/\/www.federassantas.org.br\/novosite\/santa-casa-bh-e-cruz-vermelha-brasileira-filial-minas-gerais-se-unem-em-campanha-em-prol-dos-atingidos-pelas-chuvas\/\",\"url\":\"https:\/\/www.federassantas.org.br\/novosite\/santa-casa-bh-e-cruz-vermelha-brasileira-filial-minas-gerais-se-unem-em-campanha-em-prol-dos-atingidos-pelas-chuvas\/\",\"name\":\"Santa Casa BH e Cruz Vermelha Brasileira - Filial Minas Gerais se unem em campanha em prol dos atingidos pelas chuvas - Federassantas\",\"isPartOf\":{\"@id\":\"https:\/\/www.federassantas.org.br\/novosite\/#website\"},\"primaryImageOfPage\":{\"@id\":\"https:\/\/www.federassantas.org.br\/novosite\/santa-casa-bh-e-cruz-vermelha-brasileira-filial-minas-gerais-se-unem-em-campanha-em-prol-dos-atingidos-pelas-chuvas\/#primaryimage\"},\"image\":{\"@id\":\"https:\/\/www.federassantas.org.br\/novosite\/santa-casa-bh-e-cruz-vermelha-brasileira-filial-minas-gerais-se-unem-em-campanha-em-prol-dos-atingidos-pelas-chuvas\/#primaryimage\"},\"thumbnailUrl\":\"https:\/\/www.federassantas.org.br\/novosite\/wp-content\/uploads\/2022\/01\/WhatsApp-Image-2022-01-12-at-15.18.06.jpeg\",\"datePublished\":\"2022-01-12T18:30:39+00:00\",\"breadcrumb\":{\"@id\":\"https:\/\/www.federassantas.org.br\/novosite\/santa-casa-bh-e-cruz-vermelha-brasileira-filial-minas-gerais-se-unem-em-campanha-em-prol-dos-atingidos-pelas-chuvas\/#breadcrumb\"},\"inLanguage\":\"pt-BR\",\"potentialAction\":[{\"@type\":\"ReadAction\",\"target\":[\"https:\/\/www.federassantas.org.br\/novosite\/santa-casa-bh-e-cruz-vermelha-brasileira-filial-minas-gerais-se-unem-em-campanha-em-prol-dos-atingidos-pelas-chuvas\/\"]}]},{\"@type\":\"ImageObject\",\"inLanguage\":\"pt-BR\",\"@id\":\"https:\/\/www.federassantas.org.br\/novosite\/santa-casa-bh-e-cruz-vermelha-brasileira-filial-minas-gerais-se-unem-em-campanha-em-prol-dos-atingidos-pelas-chuvas\/#primaryimage\",\"url\":\"https:\/\/www.federassantas.org.br\/novosite\/wp-content\/uploads\/2022\/01\/WhatsApp-Image-2022-01-12-at-15.18.06.jpeg\",\"contentUrl\":\"https:\/\/www.federassantas.org.br\/novosite\/wp-content\/uploads\/2022\/01\/WhatsApp-Image-2022-01-12-at-15.18.06.jpeg\",\"width\":1080,\"height\":719},{\"@type\":\"BreadcrumbList\",\"@id\":\"https:\/\/www.federassantas.org.br\/novosite\/santa-casa-bh-e-cruz-vermelha-brasileira-filial-minas-gerais-se-unem-em-campanha-em-prol-dos-atingidos-pelas-chuvas\/#breadcrumb\",\"itemListElement\":[{\"@type\":\"ListItem\",\"position\":1,\"name\":\"In\u00edcio\",\"item\":\"https:\/\/www.federassantas.org.br\/novosite\/\"},{\"@type\":\"ListItem\",\"position\":2,\"name\":\"Santa Casa BH e Cruz Vermelha Brasileira &#8211; Filial Minas Gerais se unem em campanha em prol dos atingidos pelas chuvas\"}]},{\"@type\":\"WebSite\",\"@id\":\"https:\/\/www.federassantas.org.br\/novosite\/#website\",\"url\":\"https:\/\/www.federassantas.org.br\/novosite\/\",\"name\":\"Federassantas\",\"description\":\"Fed. das Santas Casas e Hospitais Filantr\u00f3picos de MG\",\"publisher\":{\"@id\":\"https:\/\/www.federassantas.org.br\/novosite\/#organization\"},\"potentialAction\":[{\"@type\":\"SearchAction\",\"target\":{\"@type\":\"EntryPoint\",\"urlTemplate\":\"https:\/\/www.federassantas.org.br\/novosite\/?s={search_term_string}\"},\"query-input\":{\"@type\":\"PropertyValueSpecification\",\"valueRequired\":true,\"valueName\":\"search_term_string\"}}],\"inLanguage\":\"pt-BR\"},{\"@type\":\"Organization\",\"@id\":\"https:\/\/www.federassantas.org.br\/novosite\/#organization\",\"name\":\"Federassantas\",\"url\":\"https:\/\/www.federassantas.org.br\/novosite\/\",\"logo\":{\"@type\":\"ImageObject\",\"inLanguage\":\"pt-BR\",\"@id\":\"https:\/\/www.federassantas.org.br\/novosite\/#\/schema\/logo\/image\/\",\"url\":\"https:\/\/www.federassantas.org.br\/novosite\/wp-content\/uploads\/2021\/12\/logo.png\",\"contentUrl\":\"https:\/\/www.federassantas.org.br\/novosite\/wp-content\/uploads\/2021\/12\/logo.png\",\"width\":243,\"height\":59,\"caption\":\"Federassantas\"},\"image\":{\"@id\":\"https:\/\/www.federassantas.org.br\/novosite\/#\/schema\/logo\/image\/\"}},{\"@type\":\"Person\",\"@id\":\"https:\/\/www.federassantas.org.br\/novosite\/#\/schema\/person\/75fed98158349313fe56175f232f513c\",\"name\":\"admin-federas\",\"image\":{\"@type\":\"ImageObject\",\"inLanguage\":\"pt-BR\",\"@id\":\"https:\/\/www.federassantas.org.br\/novosite\/#\/schema\/person\/image\/\",\"url\":\"https:\/\/secure.gravatar.com\/avatar\/2a02d7dda59fe8dc6b7ffd3f652e2efede5ccf0dd89dfdc8137c5517f3de8407?s=96&d=mm&r=g\",\"contentUrl\":\"https:\/\/secure.gravatar.com\/avatar\/2a02d7dda59fe8dc6b7ffd3f652e2efede5ccf0dd89dfdc8137c5517f3de8407?s=96&d=mm&r=g\",\"caption\":\"admin-federas\"},\"sameAs\":[\"https:\/\/www.federassantas.org.br\/novosite\/\"],\"url\":\"https:\/\/www.federassantas.org.br\/novosite\/author\/admin-federas\/\"}]}<\/script>\n<!-- \/ Yoast SEO plugin. -->","yoast_head_json":{"title":"Santa Casa BH e Cruz Vermelha Brasileira - Filial Minas Gerais se unem em campanha em prol dos atingidos pelas chuvas - Federassantas","robots":{"index":"index","follow":"follow","max-snippet":"max-snippet:-1","max-image-preview":"max-image-preview:large","max-video-preview":"max-video-preview:-1"},"canonical":"https:\/\/www.federassantas.org.br\/novosite\/santa-casa-bh-e-cruz-vermelha-brasileira-filial-minas-gerais-se-unem-em-campanha-em-prol-dos-atingidos-pelas-chuvas\/","og_locale":"pt_BR","og_type":"article","og_title":"Santa Casa BH e Cruz Vermelha Brasileira - Filial Minas Gerais se unem em campanha em prol dos atingidos pelas chuvas - Federassantas","og_description":"Campanha \u201cSOS Chuvas\u201d visa arrecadar alimentos, \u00e1gua, itens de higiene pessoal e de limpeza residencial, al\u00e9m de qualquer valor em dinheiro para as v\u00edtimas de Belo Horizonte e Regi\u00e3o Metropolitana As recentes chuvas que v\u00eam atingindo Minas Gerais t\u00eam causando enchentes e alagamentos em diversas regi\u00f5es, resultando na perda de vidas e em preju\u00edzos incalcul\u00e1veis [&hellip;]","og_url":"https:\/\/www.federassantas.org.br\/novosite\/santa-casa-bh-e-cruz-vermelha-brasileira-filial-minas-gerais-se-unem-em-campanha-em-prol-dos-atingidos-pelas-chuvas\/","og_site_name":"Federassantas","article_published_time":"2022-01-12T18:30:39+00:00","og_image":[{"width":1080,"height":719,"url":"https:\/\/www.federassantas.org.br\/novosite\/wp-content\/uploads\/2022\/01\/WhatsApp-Image-2022-01-12-at-15.18.06.jpeg","type":"image\/jpeg"}],"author":"admin-federas","twitter_card":"summary_large_image","twitter_misc":{"Escrito por":"admin-federas","Est. tempo de leitura":"2 minutos"},"schema":{"@context":"https:\/\/schema.org","@graph":[{"@type":"Article","@id":"https:\/\/www.federassantas.org.br\/novosite\/santa-casa-bh-e-cruz-vermelha-brasileira-filial-minas-gerais-se-unem-em-campanha-em-prol-dos-atingidos-pelas-chuvas\/#article","isPartOf":{"@id":"https:\/\/www.federassantas.org.br\/novosite\/santa-casa-bh-e-cruz-vermelha-brasileira-filial-minas-gerais-se-unem-em-campanha-em-prol-dos-atingidos-pelas-chuvas\/"},"author":{"name":"admin-federas","@id":"https:\/\/www.federassantas.org.br\/novosite\/#\/schema\/person\/75fed98158349313fe56175f232f513c"},"headline":"Santa Casa BH e Cruz Vermelha Brasileira &#8211; Filial Minas Gerais se unem em campanha em prol dos atingidos pelas chuvas","datePublished":"2022-01-12T18:30:39+00:00","mainEntityOfPage":{"@id":"https:\/\/www.federassantas.org.br\/novosite\/santa-casa-bh-e-cruz-vermelha-brasileira-filial-minas-gerais-se-unem-em-campanha-em-prol-dos-atingidos-pelas-chuvas\/"},"wordCount":370,"commentCount":0,"publisher":{"@id":"https:\/\/www.federassantas.org.br\/novosite\/#organization"},"image":{"@id":"https:\/\/www.federassantas.org.br\/novosite\/santa-casa-bh-e-cruz-vermelha-brasileira-filial-minas-gerais-se-unem-em-campanha-em-prol-dos-atingidos-pelas-chuvas\/#primaryimage"},"thumbnailUrl":"https:\/\/www.federassantas.org.br\/novosite\/wp-content\/uploads\/2022\/01\/WhatsApp-Image-2022-01-12-at-15.18.06.jpeg","articleSection":["Not\u00edcias","Not\u00edcias filiados"],"inLanguage":"pt-BR","potentialAction":[{"@type":"CommentAction","name":"Comment","target":["https:\/\/www.federassantas.org.br\/novosite\/santa-casa-bh-e-cruz-vermelha-brasileira-filial-minas-gerais-se-unem-em-campanha-em-prol-dos-atingidos-pelas-chuvas\/#respond"]}]},{"@type":"WebPage","@id":"https:\/\/www.federassantas.org.br\/novosite\/santa-casa-bh-e-cruz-vermelha-brasileira-filial-minas-gerais-se-unem-em-campanha-em-prol-dos-atingidos-pelas-chuvas\/","url":"https:\/\/www.federassantas.org.br\/novosite\/santa-casa-bh-e-cruz-vermelha-brasileira-filial-minas-gerais-se-unem-em-campanha-em-prol-dos-atingidos-pelas-chuvas\/","name":"Santa Casa BH e Cruz Vermelha Brasileira - Filial Minas Gerais se unem em campanha em prol dos atingidos pelas chuvas - Federassantas","isPartOf":{"@id":"https:\/\/www.federassantas.org.br\/novosite\/#website"},"primaryImageOfPage":{"@id":"https:\/\/www.federassantas.org.br\/novosite\/santa-casa-bh-e-cruz-vermelha-brasileira-filial-minas-gerais-se-unem-em-campanha-em-prol-dos-atingidos-pelas-chuvas\/#primaryimage"},"image":{"@id":"https:\/\/www.federassantas.org.br\/novosite\/santa-casa-bh-e-cruz-vermelha-brasileira-filial-minas-gerais-se-unem-em-campanha-em-prol-dos-atingidos-pelas-chuvas\/#primaryimage"},"thumbnailUrl":"https:\/\/www.federassantas.org.br\/novosite\/wp-content\/uploads\/2022\/01\/WhatsApp-Image-2022-01-12-at-15.18.06.jpeg","datePublished":"2022-01-12T18:30:39+00:00","breadcrumb":{"@id":"https:\/\/www.federassantas.org.br\/novosite\/santa-casa-bh-e-cruz-vermelha-brasileira-filial-minas-gerais-se-unem-em-campanha-em-prol-dos-atingidos-pelas-chuvas\/#breadcrumb"},"inLanguage":"pt-BR","potentialAction":[{"@type":"ReadAction","target":["https:\/\/www.federassantas.org.br\/novosite\/santa-casa-bh-e-cruz-vermelha-brasileira-filial-minas-gerais-se-unem-em-campanha-em-prol-dos-atingidos-pelas-chuvas\/"]}]},{"@type":"ImageObject","inLanguage":"pt-BR","@id":"https:\/\/www.federassantas.org.br\/novosite\/santa-casa-bh-e-cruz-vermelha-brasileira-filial-minas-gerais-se-unem-em-campanha-em-prol-dos-atingidos-pelas-chuvas\/#primaryimage","url":"https:\/\/www.federassantas.org.br\/novosite\/wp-content\/uploads\/2022\/01\/WhatsApp-Image-2022-01-12-at-15.18.06.jpeg","contentUrl":"https:\/\/www.federassantas.org.br\/novosite\/wp-content\/uploads\/2022\/01\/WhatsApp-Image-2022-01-12-at-15.18.06.jpeg","width":1080,"height":719},{"@type":"BreadcrumbList","@id":"https:\/\/www.federassantas.org.br\/novosite\/santa-casa-bh-e-cruz-vermelha-brasileira-filial-minas-gerais-se-unem-em-campanha-em-prol-dos-atingidos-pelas-chuvas\/#breadcrumb","itemListElement":[{"@type":"ListItem","position":1,"name":"In\u00edcio","item":"https:\/\/www.federassantas.org.br\/novosite\/"},{"@type":"ListItem","position":2,"name":"Santa Casa BH e Cruz Vermelha Brasileira &#8211; Filial Minas Gerais se unem em campanha em prol dos atingidos pelas chuvas"}]},{"@type":"WebSite","@id":"https:\/\/www.federassantas.org.br\/novosite\/#website","url":"https:\/\/www.federassantas.org.br\/novosite\/","name":"Federassantas","description":"Fed. das Santas Casas e Hospitais Filantr\u00f3picos de MG","publisher":{"@id":"https:\/\/www.federassantas.org.br\/novosite\/#organization"},"potentialAction":[{"@type":"SearchAction","target":{"@type":"EntryPoint","urlTemplate":"https:\/\/www.federassantas.org.br\/novosite\/?s={search_term_string}"},"query-input":{"@type":"PropertyValueSpecification","valueRequired":true,"valueName":"search_term_string"}}],"inLanguage":"pt-BR"},{"@type":"Organization","@id":"https:\/\/www.federassantas.org.br\/novosite\/#organization","name":"Federassantas","url":"https:\/\/www.federassantas.org.br\/novosite\/","logo":{"@type":"ImageObject","inLanguage":"pt-BR","@id":"https:\/\/www.federassantas.org.br\/novosite\/#\/schema\/logo\/image\/","url":"https:\/\/www.federassantas.org.br\/novosite\/wp-content\/uploads\/2021\/12\/logo.png","contentUrl":"https:\/\/www.federassantas.org.br\/novosite\/wp-content\/uploads\/2021\/12\/logo.png","width":243,"height":59,"caption":"Federassantas"},"image":{"@id":"https:\/\/www.federassantas.org.br\/novosite\/#\/schema\/logo\/image\/"}},{"@type":"Person","@id":"https:\/\/www.federassantas.org.br\/novosite\/#\/schema\/person\/75fed98158349313fe56175f232f513c","name":"admin-federas","image":{"@type":"ImageObject","inLanguage":"pt-BR","@id":"https:\/\/www.federassantas.org.br\/novosite\/#\/schema\/person\/image\/","url":"https:\/\/secure.gravatar.com\/avatar\/2a02d7dda59fe8dc6b7ffd3f652e2efede5ccf0dd89dfdc8137c5517f3de8407?s=96&d=mm&r=g","contentUrl":"https:\/\/secure.gravatar.com\/avatar\/2a02d7dda59fe8dc6b7ffd3f652e2efede5ccf0dd89dfdc8137c5517f3de8407?s=96&d=mm&r=g","caption":"admin-federas"},"sameAs":["https:\/\/www.federassantas.org.br\/novosite\/"],"url":"https:\/\/www.federassantas.org.br\/novosite\/author\/admin-federas\/"}]}},"_links":{"self":[{"href":"https:\/\/www.federassantas.org.br\/novosite\/wp-json\/wp\/v2\/posts\/23023","targetHints":{"allow":["GET"]}}],"collection":[{"href":"https:\/\/www.federassantas.org.br\/novosite\/wp-json\/wp\/v2\/posts"}],"about":[{"href":"https:\/\/www.federassantas.org.br\/novosite\/wp-json\/wp\/v2\/types\/post"}],"author":[{"embeddable":true,"href":"https:\/\/www.federassantas.org.br\/novosite\/wp-json\/wp\/v2\/users\/1"}],"replies":[{"embeddable":true,"href":"https:\/\/www.federassantas.org.br\/novosite\/wp-json\/wp\/v2\/comments?post=23023"}],"version-history":[{"count":0,"href":"https:\/\/www.federassantas.org.br\/novosite\/wp-json\/wp\/v2\/posts\/23023\/revisions"}],"wp:featuredmedia":[{"embeddable":true,"href":"https:\/\/www.federassantas.org.br\/novosite\/wp-json\/wp\/v2\/media\/23024"}],"wp:attachment":[{"href":"https:\/\/www.federassantas.org.br\/novosite\/wp-json\/wp\/v2\/media?parent=23023"}],"wp:term":[{"taxonomy":"category","embeddable":true,"href":"https:\/\/www.federassantas.org.br\/novosite\/wp-json\/wp\/v2\/categories?post=23023"},{"taxonomy":"post_tag","embeddable":true,"href":"https:\/\/www.federassantas.org.br\/novosite\/wp-json\/wp\/v2\/tags?post=23023"}],"curies":[{"name":"wp","href":"https:\/\/api.w.org\/{rel}","templated":true}]}}