{"id":23027,"date":"2022-01-12T15:44:41","date_gmt":"2022-01-12T18:44:41","guid":{"rendered":"https:\/\/federasbackup.meltcomunicacao.com.br\/?p=23027"},"modified":"2022-01-12T15:44:41","modified_gmt":"2022-01-12T18:44:41","slug":"mg-reforca-importancia-da-vacina-e-medidas-sanitarias-contra-covid-19","status":"publish","type":"post","link":"https:\/\/www.federassantas.org.br\/novosite\/mg-reforca-importancia-da-vacina-e-medidas-sanitarias-contra-covid-19\/","title":{"rendered":"MG refor\u00e7a import\u00e2ncia da vacina e medidas sanit\u00e1rias contra covid-19"},"content":{"rendered":"\n<p><em>Uso de m\u00e1scaras, distanciamento social e imuniza\u00e7\u00e3o seguem como principais recomenda\u00e7\u00f5es<\/em><\/p>\n\n\n\n<p>A Secretaria de Estado de Sa\u00fade de Minas Gerais (SES-MG) registrou 18.153 mil novos casos de&nbsp;<a rel=\"noreferrer noopener\" href=\"http:\/\/wwww.coronavirus.saude.mg.gov.br\/\" target=\"_blank\">covid-19<\/a>&nbsp;nas \u00faltimas 24 horas. \u00c9 o maior n\u00famero de casos em um \u00fanico dia desde o in\u00edcio da pandemia. At\u00e9 ent\u00e3o, o maior registro ocorreu em abril de 2021, quando foram notificados 16.479 casos. O n\u00famero de \u00f3bitos notificados&nbsp;foi 11. Os dados foram divulgados nesta quarta-feira, 12\/01, no&nbsp;<a rel=\"noreferrer noopener\" href=\"https:\/\/www.saude.mg.gov.br\/coronavirus.saude.mg.gov.br\/boletim\" target=\"_blank\">boletim epidemiol\u00f3gico<\/a>.<\/p>\n\n\n\n<p>O expressivo aumento no n\u00famero de casos notificados de covid-19 ocorre por fatores como a transmiss\u00e3o comunit\u00e1ria da variante \u00f4micron, associado \u00e0s aglomera\u00e7\u00f5es nos feriados de fim de ano e o relaxamento das medidas de cuidado, como o uso de m\u00e1scaras.&nbsp;Al\u00e9m disso, o sistema do Minist\u00e9rio da Sa\u00fade apresentou instabilidade durante algumas semanas em fun\u00e7\u00e3o de&nbsp;ataque&nbsp;hacker, causando o represamento de dados.<\/p>\n\n\n\n<p>O secret\u00e1rio de Estado de Sa\u00fade de Minas Gerais, F\u00e1bio Baccheretti, avalia que, apesar do aumento de casos, a mortalidade causada pela doen\u00e7a e a taxa de ocupa\u00e7\u00e3o nas Unidades de Terapia Intensiva (UTI) n\u00e3o aumentaram significativamente. \u201cA \u00fanica sa\u00edda para a pandemia \u00e9 a vacina\u00e7\u00e3o. As pessoas vacinadas t\u00eam menos risco de serem hospitalizadas e de evoluir para \u00f3bito. O cen\u00e1rio demonstra a import\u00e2ncia da vacina\u00e7\u00e3o para conter as hospitaliza\u00e7\u00f5es e os \u00f3bitos causados pelo coronav\u00edrus\u201d, conclui.<\/p>\n\n\n\n<p>Baccheretti destaca ainda a necessidade de se manter os protocolos sanit\u00e1rios para evitar a doen\u00e7a: lavagem constante das m\u00e3os, uso de m\u00e1scara e distanciamento social. Tais medidas s\u00e3o necess\u00e1rias, porque com o aumento dos casos pode aumentar tamb\u00e9m a procura pelos servi\u00e7os de aten\u00e7\u00e3o b\u00e1sica no&nbsp;<a href=\"http:\/\/www.saude.mg.gov.br\/sus\" target=\"_blank\" rel=\"noreferrer noopener\">Sistema \u00danico de Sa\u00fade (SUS)<\/a>,&nbsp;causando press\u00e3o nos atendimentos.<\/p>\n\n\n\n<p><strong>\u00d4micron<\/strong><\/p>\n\n\n\n<p>De acordo com a coordenadora do Centro de Informa\u00e7\u00f5es Estrat\u00e9gicas em Vigil\u00e2ncia em Sa\u00fade do Estado de Minas Gerais (CIEVS-Minas), Eva L\u00eddia Arcoverde Medeiros, a variante \u00f4micron possui alta transmissibilidade, gerando um aumento expressivo da ocorr\u00eancia de casos. At\u00e9 o dia 6\/11, o estado havia confirmado 167 casos da variante, em praticamente todas as regi\u00f5es.<\/p>\n\n\n\n<p>\u201cAtualmente, a \u00f4micron j\u00e1 possui transmiss\u00e3o comunit\u00e1ria em Minas Gerais. Portanto, as medidas de seguran\u00e7a sanit\u00e1ria como o uso de m\u00e1scaras, higieniza\u00e7\u00e3o das m\u00e3os e o distanciamento social devem ser refor\u00e7ados neste momento para evitar a doen\u00e7a. Por\u00e9m, gra\u00e7as ao avan\u00e7o da vacina\u00e7\u00e3o os casos tendem a n\u00e3o evoluir para as formas graves da doen\u00e7a\u201d, refor\u00e7a Eva L\u00eddia.<\/p>\n\n\n\n<p>Para quem estiver com sintomas, a orienta\u00e7\u00e3o, segundo a coordenadora, \u00e9 cumprir o per\u00edodo de isolamento e buscar preferencialmente o posto de sa\u00fade, evitando a lota\u00e7\u00e3o das urg\u00eancias, que est\u00e3o priorizando os casos mais graves.<\/p>\n\n\n\n<p><strong>Ocupa\u00e7\u00e3o de leitos<\/strong><\/p>\n\n\n\n<p>Apesar do aumento do n\u00famero de casos notificados nas \u00faltimas semanas, Minas n\u00e3o observou um aumento significativo das taxas de ocupa\u00e7\u00e3o dos leitos nas Unidades de Terapia Intensiva (UTI). Atualmente, a taxa de ocupa\u00e7\u00e3o geral desses leitos \u00e9 de 56,26% e a taxa de ocupa\u00e7\u00e3o&nbsp;em&nbsp;decorr\u00eancia de pacientes internados por&nbsp;covid-19&nbsp;ou por suspeita da doen\u00e7a est\u00e1 em 9,64%.<\/p>\n\n\n\n<p>Um m\u00eas atr\u00e1s, em 10\/12\/2021, a taxa de ocupa\u00e7\u00e3o geral desses leitos era de 50,64% e a taxa de ocupa\u00e7\u00e3o&nbsp;em&nbsp;decorr\u00eancia de pacientes internados por covid-19 ou por suspeita da doen\u00e7a est\u00e1 em 6,49%.<\/p>\n\n\n\n<p>\u201cO que percebemos \u00e9 que a vacina acaba intervindo na evolu\u00e7\u00e3o dos casos. As pessoas se contaminam, mas n\u00e3o evoluem para casos graves. Portanto, \u00e9 mais uma mostra de que a vacina\u00e7\u00e3o tem funcionando\u201d, refor\u00e7a a&nbsp;coordenadora do CIEVS.<\/p>\n\n\n\n<p><\/p>\n\n\n\n<p>Fonte: <a rel=\"noreferrer noopener\" href=\"https:\/\/www.saude.mg.gov.br\/component\/gmg\/story\/16195-mg-reforca-importancia-da-vacina-e-medidas-sanitarias-contra-covid-19\" target=\"_blank\">SES-MG<\/a><br>Foto: Pedro Gontijo<\/p>\n","protected":false},"excerpt":{"rendered":"<p>Uso de m\u00e1scaras, distanciamento social e imuniza\u00e7\u00e3o seguem como principais recomenda\u00e7\u00f5es A Secretaria de Estado de Sa\u00fade de Minas Gerais (SES-MG) registrou 18.153 mil novos casos de&nbsp;covid-19&nbsp;nas \u00faltimas 24 horas. \u00c9 o maior n\u00famero de casos em um \u00fanico dia desde o in\u00edcio da pandemia. At\u00e9 ent\u00e3o, o maior registro ocorreu em abril de 2021, [&hellip;]<\/p>\n","protected":false},"author":1,"featured_media":23028,"comment_status":"open","ping_status":"open","sticky":false,"template":"","format":"standard","meta":{"footnotes":""},"categories":[140,143],"tags":[],"class_list":["post-23027","post","type-post","status-publish","format-standard","has-post-thumbnail","hentry","category-noticias","category-noticias-publicas"],"yoast_head":"<!-- This site is optimized with the Yoast SEO plugin v26.9 - https:\/\/yoast.com\/product\/yoast-seo-wordpress\/ -->\n<title>MG refor\u00e7a import\u00e2ncia da vacina e medidas sanit\u00e1rias contra covid-19 - Federassantas<\/title>\n<meta name=\"robots\" content=\"index, follow, max-snippet:-1, max-image-preview:large, max-video-preview:-1\" \/>\n<link rel=\"canonical\" href=\"https:\/\/www.federassantas.org.br\/novosite\/mg-reforca-importancia-da-vacina-e-medidas-sanitarias-contra-covid-19\/\" \/>\n<meta property=\"og:locale\" content=\"pt_BR\" \/>\n<meta property=\"og:type\" content=\"article\" \/>\n<meta property=\"og:title\" content=\"MG refor\u00e7a import\u00e2ncia da vacina e medidas sanit\u00e1rias contra covid-19 - Federassantas\" \/>\n<meta property=\"og:description\" content=\"Uso de m\u00e1scaras, distanciamento social e imuniza\u00e7\u00e3o seguem como principais recomenda\u00e7\u00f5es A Secretaria de Estado de Sa\u00fade de Minas Gerais (SES-MG) registrou 18.153 mil novos casos de&nbsp;covid-19&nbsp;nas \u00faltimas 24 horas. \u00c9 o maior n\u00famero de casos em um \u00fanico dia desde o in\u00edcio da pandemia. At\u00e9 ent\u00e3o, o maior registro ocorreu em abril de 2021, [&hellip;]\" \/>\n<meta property=\"og:url\" content=\"https:\/\/www.federassantas.org.br\/novosite\/mg-reforca-importancia-da-vacina-e-medidas-sanitarias-contra-covid-19\/\" \/>\n<meta property=\"og:site_name\" content=\"Federassantas\" \/>\n<meta property=\"article:published_time\" content=\"2022-01-12T18:44:41+00:00\" \/>\n<meta name=\"author\" content=\"admin-federas\" \/>\n<meta name=\"twitter:card\" content=\"summary_large_image\" \/>\n<meta name=\"twitter:label1\" content=\"Escrito por\" \/>\n\t<meta name=\"twitter:data1\" content=\"admin-federas\" \/>\n\t<meta name=\"twitter:label2\" content=\"Est. tempo de leitura\" \/>\n\t<meta name=\"twitter:data2\" content=\"3 minutos\" \/>\n<script type=\"application\/ld+json\" class=\"yoast-schema-graph\">{\"@context\":\"https:\/\/schema.org\",\"@graph\":[{\"@type\":\"Article\",\"@id\":\"https:\/\/www.federassantas.org.br\/novosite\/mg-reforca-importancia-da-vacina-e-medidas-sanitarias-contra-covid-19\/#article\",\"isPartOf\":{\"@id\":\"https:\/\/www.federassantas.org.br\/novosite\/mg-reforca-importancia-da-vacina-e-medidas-sanitarias-contra-covid-19\/\"},\"author\":{\"name\":\"admin-federas\",\"@id\":\"https:\/\/www.federassantas.org.br\/novosite\/#\/schema\/person\/75fed98158349313fe56175f232f513c\"},\"headline\":\"MG refor\u00e7a import\u00e2ncia da vacina e medidas sanit\u00e1rias contra covid-19\",\"datePublished\":\"2022-01-12T18:44:41+00:00\",\"mainEntityOfPage\":{\"@id\":\"https:\/\/www.federassantas.org.br\/novosite\/mg-reforca-importancia-da-vacina-e-medidas-sanitarias-contra-covid-19\/\"},\"wordCount\":669,\"commentCount\":0,\"publisher\":{\"@id\":\"https:\/\/www.federassantas.org.br\/novosite\/#organization\"},\"image\":{\"@id\":\"https:\/\/www.federassantas.org.br\/novosite\/mg-reforca-importancia-da-vacina-e-medidas-sanitarias-contra-covid-19\/#primaryimage\"},\"thumbnailUrl\":\"\",\"articleSection\":[\"Not\u00edcias\",\"Not\u00edcias P\u00fablicas\"],\"inLanguage\":\"pt-BR\",\"potentialAction\":[{\"@type\":\"CommentAction\",\"name\":\"Comment\",\"target\":[\"https:\/\/www.federassantas.org.br\/novosite\/mg-reforca-importancia-da-vacina-e-medidas-sanitarias-contra-covid-19\/#respond\"]}]},{\"@type\":\"WebPage\",\"@id\":\"https:\/\/www.federassantas.org.br\/novosite\/mg-reforca-importancia-da-vacina-e-medidas-sanitarias-contra-covid-19\/\",\"url\":\"https:\/\/www.federassantas.org.br\/novosite\/mg-reforca-importancia-da-vacina-e-medidas-sanitarias-contra-covid-19\/\",\"name\":\"MG refor\u00e7a import\u00e2ncia da vacina e medidas sanit\u00e1rias contra covid-19 - Federassantas\",\"isPartOf\":{\"@id\":\"https:\/\/www.federassantas.org.br\/novosite\/#website\"},\"primaryImageOfPage\":{\"@id\":\"https:\/\/www.federassantas.org.br\/novosite\/mg-reforca-importancia-da-vacina-e-medidas-sanitarias-contra-covid-19\/#primaryimage\"},\"image\":{\"@id\":\"https:\/\/www.federassantas.org.br\/novosite\/mg-reforca-importancia-da-vacina-e-medidas-sanitarias-contra-covid-19\/#primaryimage\"},\"thumbnailUrl\":\"\",\"datePublished\":\"2022-01-12T18:44:41+00:00\",\"breadcrumb\":{\"@id\":\"https:\/\/www.federassantas.org.br\/novosite\/mg-reforca-importancia-da-vacina-e-medidas-sanitarias-contra-covid-19\/#breadcrumb\"},\"inLanguage\":\"pt-BR\",\"potentialAction\":[{\"@type\":\"ReadAction\",\"target\":[\"https:\/\/www.federassantas.org.br\/novosite\/mg-reforca-importancia-da-vacina-e-medidas-sanitarias-contra-covid-19\/\"]}]},{\"@type\":\"ImageObject\",\"inLanguage\":\"pt-BR\",\"@id\":\"https:\/\/www.federassantas.org.br\/novosite\/mg-reforca-importancia-da-vacina-e-medidas-sanitarias-contra-covid-19\/#primaryimage\",\"url\":\"\",\"contentUrl\":\"\"},{\"@type\":\"BreadcrumbList\",\"@id\":\"https:\/\/www.federassantas.org.br\/novosite\/mg-reforca-importancia-da-vacina-e-medidas-sanitarias-contra-covid-19\/#breadcrumb\",\"itemListElement\":[{\"@type\":\"ListItem\",\"position\":1,\"name\":\"In\u00edcio\",\"item\":\"https:\/\/www.federassantas.org.br\/novosite\/\"},{\"@type\":\"ListItem\",\"position\":2,\"name\":\"MG refor\u00e7a import\u00e2ncia da vacina e medidas sanit\u00e1rias contra covid-19\"}]},{\"@type\":\"WebSite\",\"@id\":\"https:\/\/www.federassantas.org.br\/novosite\/#website\",\"url\":\"https:\/\/www.federassantas.org.br\/novosite\/\",\"name\":\"Federassantas\",\"description\":\"Fed. das Santas Casas e Hospitais Filantr\u00f3picos de MG\",\"publisher\":{\"@id\":\"https:\/\/www.federassantas.org.br\/novosite\/#organization\"},\"potentialAction\":[{\"@type\":\"SearchAction\",\"target\":{\"@type\":\"EntryPoint\",\"urlTemplate\":\"https:\/\/www.federassantas.org.br\/novosite\/?s={search_term_string}\"},\"query-input\":{\"@type\":\"PropertyValueSpecification\",\"valueRequired\":true,\"valueName\":\"search_term_string\"}}],\"inLanguage\":\"pt-BR\"},{\"@type\":\"Organization\",\"@id\":\"https:\/\/www.federassantas.org.br\/novosite\/#organization\",\"name\":\"Federassantas\",\"url\":\"https:\/\/www.federassantas.org.br\/novosite\/\",\"logo\":{\"@type\":\"ImageObject\",\"inLanguage\":\"pt-BR\",\"@id\":\"https:\/\/www.federassantas.org.br\/novosite\/#\/schema\/logo\/image\/\",\"url\":\"https:\/\/www.federassantas.org.br\/novosite\/wp-content\/uploads\/2021\/12\/logo.png\",\"contentUrl\":\"https:\/\/www.federassantas.org.br\/novosite\/wp-content\/uploads\/2021\/12\/logo.png\",\"width\":243,\"height\":59,\"caption\":\"Federassantas\"},\"image\":{\"@id\":\"https:\/\/www.federassantas.org.br\/novosite\/#\/schema\/logo\/image\/\"}},{\"@type\":\"Person\",\"@id\":\"https:\/\/www.federassantas.org.br\/novosite\/#\/schema\/person\/75fed98158349313fe56175f232f513c\",\"name\":\"admin-federas\",\"image\":{\"@type\":\"ImageObject\",\"inLanguage\":\"pt-BR\",\"@id\":\"https:\/\/www.federassantas.org.br\/novosite\/#\/schema\/person\/image\/\",\"url\":\"https:\/\/secure.gravatar.com\/avatar\/2a02d7dda59fe8dc6b7ffd3f652e2efede5ccf0dd89dfdc8137c5517f3de8407?s=96&d=mm&r=g\",\"contentUrl\":\"https:\/\/secure.gravatar.com\/avatar\/2a02d7dda59fe8dc6b7ffd3f652e2efede5ccf0dd89dfdc8137c5517f3de8407?s=96&d=mm&r=g\",\"caption\":\"admin-federas\"},\"sameAs\":[\"https:\/\/www.federassantas.org.br\/novosite\/\"],\"url\":\"https:\/\/www.federassantas.org.br\/novosite\/author\/admin-federas\/\"}]}<\/script>\n<!-- \/ Yoast SEO plugin. -->","yoast_head_json":{"title":"MG refor\u00e7a import\u00e2ncia da vacina e medidas sanit\u00e1rias contra covid-19 - Federassantas","robots":{"index":"index","follow":"follow","max-snippet":"max-snippet:-1","max-image-preview":"max-image-preview:large","max-video-preview":"max-video-preview:-1"},"canonical":"https:\/\/www.federassantas.org.br\/novosite\/mg-reforca-importancia-da-vacina-e-medidas-sanitarias-contra-covid-19\/","og_locale":"pt_BR","og_type":"article","og_title":"MG refor\u00e7a import\u00e2ncia da vacina e medidas sanit\u00e1rias contra covid-19 - Federassantas","og_description":"Uso de m\u00e1scaras, distanciamento social e imuniza\u00e7\u00e3o seguem como principais recomenda\u00e7\u00f5es A Secretaria de Estado de Sa\u00fade de Minas Gerais (SES-MG) registrou 18.153 mil novos casos de&nbsp;covid-19&nbsp;nas \u00faltimas 24 horas. \u00c9 o maior n\u00famero de casos em um \u00fanico dia desde o in\u00edcio da pandemia. At\u00e9 ent\u00e3o, o maior registro ocorreu em abril de 2021, [&hellip;]","og_url":"https:\/\/www.federassantas.org.br\/novosite\/mg-reforca-importancia-da-vacina-e-medidas-sanitarias-contra-covid-19\/","og_site_name":"Federassantas","article_published_time":"2022-01-12T18:44:41+00:00","author":"admin-federas","twitter_card":"summary_large_image","twitter_misc":{"Escrito por":"admin-federas","Est. tempo de leitura":"3 minutos"},"schema":{"@context":"https:\/\/schema.org","@graph":[{"@type":"Article","@id":"https:\/\/www.federassantas.org.br\/novosite\/mg-reforca-importancia-da-vacina-e-medidas-sanitarias-contra-covid-19\/#article","isPartOf":{"@id":"https:\/\/www.federassantas.org.br\/novosite\/mg-reforca-importancia-da-vacina-e-medidas-sanitarias-contra-covid-19\/"},"author":{"name":"admin-federas","@id":"https:\/\/www.federassantas.org.br\/novosite\/#\/schema\/person\/75fed98158349313fe56175f232f513c"},"headline":"MG refor\u00e7a import\u00e2ncia da vacina e medidas sanit\u00e1rias contra covid-19","datePublished":"2022-01-12T18:44:41+00:00","mainEntityOfPage":{"@id":"https:\/\/www.federassantas.org.br\/novosite\/mg-reforca-importancia-da-vacina-e-medidas-sanitarias-contra-covid-19\/"},"wordCount":669,"commentCount":0,"publisher":{"@id":"https:\/\/www.federassantas.org.br\/novosite\/#organization"},"image":{"@id":"https:\/\/www.federassantas.org.br\/novosite\/mg-reforca-importancia-da-vacina-e-medidas-sanitarias-contra-covid-19\/#primaryimage"},"thumbnailUrl":"","articleSection":["Not\u00edcias","Not\u00edcias P\u00fablicas"],"inLanguage":"pt-BR","potentialAction":[{"@type":"CommentAction","name":"Comment","target":["https:\/\/www.federassantas.org.br\/novosite\/mg-reforca-importancia-da-vacina-e-medidas-sanitarias-contra-covid-19\/#respond"]}]},{"@type":"WebPage","@id":"https:\/\/www.federassantas.org.br\/novosite\/mg-reforca-importancia-da-vacina-e-medidas-sanitarias-contra-covid-19\/","url":"https:\/\/www.federassantas.org.br\/novosite\/mg-reforca-importancia-da-vacina-e-medidas-sanitarias-contra-covid-19\/","name":"MG refor\u00e7a import\u00e2ncia da vacina e medidas sanit\u00e1rias contra covid-19 - Federassantas","isPartOf":{"@id":"https:\/\/www.federassantas.org.br\/novosite\/#website"},"primaryImageOfPage":{"@id":"https:\/\/www.federassantas.org.br\/novosite\/mg-reforca-importancia-da-vacina-e-medidas-sanitarias-contra-covid-19\/#primaryimage"},"image":{"@id":"https:\/\/www.federassantas.org.br\/novosite\/mg-reforca-importancia-da-vacina-e-medidas-sanitarias-contra-covid-19\/#primaryimage"},"thumbnailUrl":"","datePublished":"2022-01-12T18:44:41+00:00","breadcrumb":{"@id":"https:\/\/www.federassantas.org.br\/novosite\/mg-reforca-importancia-da-vacina-e-medidas-sanitarias-contra-covid-19\/#breadcrumb"},"inLanguage":"pt-BR","potentialAction":[{"@type":"ReadAction","target":["https:\/\/www.federassantas.org.br\/novosite\/mg-reforca-importancia-da-vacina-e-medidas-sanitarias-contra-covid-19\/"]}]},{"@type":"ImageObject","inLanguage":"pt-BR","@id":"https:\/\/www.federassantas.org.br\/novosite\/mg-reforca-importancia-da-vacina-e-medidas-sanitarias-contra-covid-19\/#primaryimage","url":"","contentUrl":""},{"@type":"BreadcrumbList","@id":"https:\/\/www.federassantas.org.br\/novosite\/mg-reforca-importancia-da-vacina-e-medidas-sanitarias-contra-covid-19\/#breadcrumb","itemListElement":[{"@type":"ListItem","position":1,"name":"In\u00edcio","item":"https:\/\/www.federassantas.org.br\/novosite\/"},{"@type":"ListItem","position":2,"name":"MG refor\u00e7a import\u00e2ncia da vacina e medidas sanit\u00e1rias contra covid-19"}]},{"@type":"WebSite","@id":"https:\/\/www.federassantas.org.br\/novosite\/#website","url":"https:\/\/www.federassantas.org.br\/novosite\/","name":"Federassantas","description":"Fed. das Santas Casas e Hospitais Filantr\u00f3picos de MG","publisher":{"@id":"https:\/\/www.federassantas.org.br\/novosite\/#organization"},"potentialAction":[{"@type":"SearchAction","target":{"@type":"EntryPoint","urlTemplate":"https:\/\/www.federassantas.org.br\/novosite\/?s={search_term_string}"},"query-input":{"@type":"PropertyValueSpecification","valueRequired":true,"valueName":"search_term_string"}}],"inLanguage":"pt-BR"},{"@type":"Organization","@id":"https:\/\/www.federassantas.org.br\/novosite\/#organization","name":"Federassantas","url":"https:\/\/www.federassantas.org.br\/novosite\/","logo":{"@type":"ImageObject","inLanguage":"pt-BR","@id":"https:\/\/www.federassantas.org.br\/novosite\/#\/schema\/logo\/image\/","url":"https:\/\/www.federassantas.org.br\/novosite\/wp-content\/uploads\/2021\/12\/logo.png","contentUrl":"https:\/\/www.federassantas.org.br\/novosite\/wp-content\/uploads\/2021\/12\/logo.png","width":243,"height":59,"caption":"Federassantas"},"image":{"@id":"https:\/\/www.federassantas.org.br\/novosite\/#\/schema\/logo\/image\/"}},{"@type":"Person","@id":"https:\/\/www.federassantas.org.br\/novosite\/#\/schema\/person\/75fed98158349313fe56175f232f513c","name":"admin-federas","image":{"@type":"ImageObject","inLanguage":"pt-BR","@id":"https:\/\/www.federassantas.org.br\/novosite\/#\/schema\/person\/image\/","url":"https:\/\/secure.gravatar.com\/avatar\/2a02d7dda59fe8dc6b7ffd3f652e2efede5ccf0dd89dfdc8137c5517f3de8407?s=96&d=mm&r=g","contentUrl":"https:\/\/secure.gravatar.com\/avatar\/2a02d7dda59fe8dc6b7ffd3f652e2efede5ccf0dd89dfdc8137c5517f3de8407?s=96&d=mm&r=g","caption":"admin-federas"},"sameAs":["https:\/\/www.federassantas.org.br\/novosite\/"],"url":"https:\/\/www.federassantas.org.br\/novosite\/author\/admin-federas\/"}]}},"_links":{"self":[{"href":"https:\/\/www.federassantas.org.br\/novosite\/wp-json\/wp\/v2\/posts\/23027","targetHints":{"allow":["GET"]}}],"collection":[{"href":"https:\/\/www.federassantas.org.br\/novosite\/wp-json\/wp\/v2\/posts"}],"about":[{"href":"https:\/\/www.federassantas.org.br\/novosite\/wp-json\/wp\/v2\/types\/post"}],"author":[{"embeddable":true,"href":"https:\/\/www.federassantas.org.br\/novosite\/wp-json\/wp\/v2\/users\/1"}],"replies":[{"embeddable":true,"href":"https:\/\/www.federassantas.org.br\/novosite\/wp-json\/wp\/v2\/comments?post=23027"}],"version-history":[{"count":0,"href":"https:\/\/www.federassantas.org.br\/novosite\/wp-json\/wp\/v2\/posts\/23027\/revisions"}],"wp:featuredmedia":[{"embeddable":true,"href":"https:\/\/www.federassantas.org.br\/novosite\/wp-json\/"}],"wp:attachment":[{"href":"https:\/\/www.federassantas.org.br\/novosite\/wp-json\/wp\/v2\/media?parent=23027"}],"wp:term":[{"taxonomy":"category","embeddable":true,"href":"https:\/\/www.federassantas.org.br\/novosite\/wp-json\/wp\/v2\/categories?post=23027"},{"taxonomy":"post_tag","embeddable":true,"href":"https:\/\/www.federassantas.org.br\/novosite\/wp-json\/wp\/v2\/tags?post=23027"}],"curies":[{"name":"wp","href":"https:\/\/api.w.org\/{rel}","templated":true}]}}