{"id":23033,"date":"2022-01-12T16:09:23","date_gmt":"2022-01-12T19:09:23","guid":{"rendered":"https:\/\/federasbackup.meltcomunicacao.com.br\/?p=23033"},"modified":"2022-01-12T16:09:23","modified_gmt":"2022-01-12T19:09:23","slug":"cssjd-realiza-reuniao-e-atualiza-equipes-para-atendimento-de-sindromes-gripais-e-srag","status":"publish","type":"post","link":"https:\/\/www.federassantas.org.br\/novosite\/cssjd-realiza-reuniao-e-atualiza-equipes-para-atendimento-de-sindromes-gripais-e-srag\/","title":{"rendered":"CSSJD realiza reuni\u00e3o e atualiza equipes para atendimento de s\u00edndromes gripais e SRAG"},"content":{"rendered":"\n<p>Diante de mais um cen\u00e1rio de incertezas na sa\u00fade devido ao aumento dos casos de COVID-19 relacionado \u00e0 variante \u00d4micron e tamb\u00e9m a Influenza, o Complexo de Sa\u00fade S\u00e3o Jo\u00e3o de Deus realizou no dia 07 de janeiro, uma reuni\u00e3o convocat\u00f3ria com Diretores, Gerentes, Assessores e Coordenadores da institui\u00e7\u00e3o, com o objetivo de refor\u00e7ar quanto aos protocolos e fornecer mais orienta\u00e7\u00f5es quanto \u00e0s s\u00edndromes gripas e S\u00edndrome Respirat\u00f3ria Aguda Grave &#8211; SRAG.&nbsp;&nbsp;<\/p>\n\n\n\n<p>A Diretora Presidente, Elis Regina Guimar\u00e3es, deu in\u00edcio ao encontro explanando sobre o atual cen\u00e1rio da sa\u00fade, os ofensores e preju\u00edzos financeiros e assistenciais com o aumento destas s\u00edndromes gripais.&nbsp;Em seguida, a m\u00e9dica Infectologista e Coordenadora do SCIH &#8211; Servi\u00e7o de Controle de Infec\u00e7\u00e3o Hospitalar, Dra. Ros\u00e2ngela Guedes deu sequ\u00eancia \u00e0 apresenta\u00e7\u00e3o detalhando como foi o trabalho realizado pela institui\u00e7\u00e3o durante a pandemia at\u00e9 o momento e explanou sobre o futuro cen\u00e1rio que vamos encontrar em curto prazo.&nbsp;<\/p>\n\n\n\n<p>De acordo com a profissional, o v\u00edrus Influenza \u00e9 um problema que a nossa sociedade enfrenta desde 1895. Entretanto, o que se difere da situa\u00e7\u00e3o do s\u00e9culo 19, \u00e9 que hoje estamos vivendo uma epidemia de Influenza dentro de uma pandemia, a COVID-19. Segundo ela, esse cen\u00e1rio n\u00e3o era esperado. \u201cDe acordo com os dados da OMS, estima-se que a Influenza venha a acometer de 5 a 15% da popula\u00e7\u00e3o no ano, sendo 3 a 5 milh\u00f5es de casos graves. Ser\u00e3o at\u00e9 640 mil mortes no ano, causados pela Influenza. Diante deste cen\u00e1rio, caso o v\u00edrus venha a manter o seu comportamento hist\u00f3rico, \u00e9 de se esperar que tenhamos um pico destes casos em fevereiro e mar\u00e7o deste ano\u201d, explica a m\u00e9dica Infectologista, que ainda destacou que esse per\u00edodo pode ser mais prolongado, uma vez que estamos ainda em meio a uma pandemia.&nbsp;&nbsp;<\/p>\n\n\n\n<p>Com isso, Dr. Ros\u00e2ngela destaca que j\u00e1 \u00e9 poss\u00edvel observar uma nova press\u00e3o sobre os sistemas de sa\u00fade do pa\u00eds, causada pelo aumento abrupto do n\u00famero de pessoas infectadas com sintomas leves, n\u00e3o apenas com a COVID-19, mas tamb\u00e9m com a Influenza e pelas complica\u00e7\u00f5es em decorr\u00eancia do v\u00edrus em grupos espec\u00edficos. Desta forma, ela ainda alerta sobre a import\u00e2ncia da manuten\u00e7\u00e3o dos cuidados b\u00e1sicos na preven\u00e7\u00e3o da dissemina\u00e7\u00e3o dos v\u00edrus, principalmente devido a Influenza que \u00e9 ainda mais contagiosa se comparado ao Coronav\u00edrus. \u201cO v\u00edrus Influenza se propaga muito mais facilmente de forma direta com got\u00edculas e aeross\u00f3is e contato com secre\u00e7\u00e3o (m\u00e3os\/superf\u00edcies\/f\u00f4mites (objetos inanimados que podem levar e espalhar a doen\u00e7a e agentes infecciosos)). Ele \u00e9 um v\u00edrus de superf\u00edcie e por isso a lavagem de m\u00e3os, a correta paramenta\u00e7\u00e3o e a utiliza\u00e7\u00e3o de Equipamentos de Prote\u00e7\u00e3o Individuais \u2013 EPI\u2019s, se faz ainda mais necess\u00e1rios se comparado ao momento em que nos preparamos contra a COVID-19&#8243;.&nbsp;&nbsp;<\/p>\n\n\n\n<p>Por apresentar os mesmos sintomas que a COVID-19, com um per\u00edodo de incuba\u00e7\u00e3o de 1 a 4 dias e per\u00edodo de transmiss\u00e3o de 7 dias, Dra. Ros\u00e2ngela destaca que n\u00e3o h\u00e1 como diferenciar a Influenza dos demais v\u00edrus respirat\u00f3rios. Por isso, o Complexo de Sa\u00fade S\u00e3o Jo\u00e3o de Deus seguir\u00e1 mantendo os protocolos de atendimento, realizando a abordagem de pacientes com s\u00edndromes gripais. \u201cA partir de agora, n\u00f3s n\u00e3o vamos saber se o paciente tem COVID, Influenza ou outros v\u00edrus associados \u00e0 respira\u00e7\u00e3o. Sendo assim, teremos um protocolo \u00fanico, que vai atender a todos os pacientes com seguran\u00e7a, baseados em tempo de sintomas, com uma aten\u00e7\u00e3o especial \u00e0s gestantes, pu\u00e9rperas, crian\u00e7as, idosos, pessoas com doen\u00e7as cr\u00f4nicas, hematol\u00f3gicas, obesidade, imunossuprimidos, dentre outros\u201d.&nbsp;&nbsp;<\/p>\n\n\n\n<p>Encerrando a apresenta\u00e7\u00e3o, foi detalhado aos l\u00edderes da institui\u00e7\u00e3o, o fluxograma da Classifica\u00e7\u00e3o de Risco e Manejo do Paciente, elaborado pelo Servi\u00e7o de Controle de Infec\u00e7\u00e3o Hospitalar do CSSJD, as precau\u00e7\u00f5es padr\u00f5es, de got\u00edcula e espec\u00edficas para profissionais de sa\u00fade e que devem ser refor\u00e7adas junto aos demais colaboradores da institui\u00e7\u00e3o, al\u00e9m da import\u00e2ncia nos cuidados de isolamento dos pacientes.<\/p>\n\n\n\n<p>Fonte: <a href=\"https:\/\/cssjd.org.br\/c\/noticias\/cssjd-realiza-reuniao-e-atualiza-equipes-para-atendimento-de-sindromes-gripais-e-srag\" target=\"_blank\" rel=\"noreferrer noopener\">Portal CSSJD<\/a><\/p>\n","protected":false},"excerpt":{"rendered":"<p>Diante de mais um cen\u00e1rio de incertezas na sa\u00fade devido ao aumento dos casos de COVID-19 relacionado \u00e0 variante \u00d4micron e tamb\u00e9m a Influenza, o Complexo de Sa\u00fade S\u00e3o Jo\u00e3o de Deus realizou no dia 07 de janeiro, uma reuni\u00e3o convocat\u00f3ria com Diretores, Gerentes, Assessores e Coordenadores da institui\u00e7\u00e3o, com o objetivo de refor\u00e7ar quanto [&hellip;]<\/p>\n","protected":false},"author":1,"featured_media":23034,"comment_status":"open","ping_status":"open","sticky":false,"template":"","format":"standard","meta":{"footnotes":""},"categories":[140,139],"tags":[],"class_list":["post-23033","post","type-post","status-publish","format-standard","has-post-thumbnail","hentry","category-noticias","category-noticias-filiados"],"yoast_head":"<!-- This site is optimized with the Yoast SEO plugin v26.9 - https:\/\/yoast.com\/product\/yoast-seo-wordpress\/ -->\n<title>CSSJD realiza reuni\u00e3o e atualiza equipes para atendimento de s\u00edndromes gripais e SRAG - Federassantas<\/title>\n<meta name=\"robots\" content=\"index, follow, max-snippet:-1, max-image-preview:large, max-video-preview:-1\" \/>\n<link rel=\"canonical\" href=\"https:\/\/www.federassantas.org.br\/novosite\/cssjd-realiza-reuniao-e-atualiza-equipes-para-atendimento-de-sindromes-gripais-e-srag\/\" \/>\n<meta property=\"og:locale\" content=\"pt_BR\" \/>\n<meta property=\"og:type\" content=\"article\" \/>\n<meta property=\"og:title\" content=\"CSSJD realiza reuni\u00e3o e atualiza equipes para atendimento de s\u00edndromes gripais e SRAG - Federassantas\" \/>\n<meta property=\"og:description\" content=\"Diante de mais um cen\u00e1rio de incertezas na sa\u00fade devido ao aumento dos casos de COVID-19 relacionado \u00e0 variante \u00d4micron e tamb\u00e9m a Influenza, o Complexo de Sa\u00fade S\u00e3o Jo\u00e3o de Deus realizou no dia 07 de janeiro, uma reuni\u00e3o convocat\u00f3ria com Diretores, Gerentes, Assessores e Coordenadores da institui\u00e7\u00e3o, com o objetivo de refor\u00e7ar quanto [&hellip;]\" \/>\n<meta property=\"og:url\" content=\"https:\/\/www.federassantas.org.br\/novosite\/cssjd-realiza-reuniao-e-atualiza-equipes-para-atendimento-de-sindromes-gripais-e-srag\/\" \/>\n<meta property=\"og:site_name\" content=\"Federassantas\" \/>\n<meta property=\"article:published_time\" content=\"2022-01-12T19:09:23+00:00\" \/>\n<meta property=\"og:image\" content=\"https:\/\/www.federassantas.org.br\/novosite\/wp-content\/uploads\/2022\/01\/ofx_12120221542230.jpg\" \/>\n\t<meta property=\"og:image:width\" content=\"1600\" \/>\n\t<meta property=\"og:image:height\" content=\"1600\" \/>\n\t<meta property=\"og:image:type\" content=\"image\/jpeg\" \/>\n<meta name=\"author\" content=\"admin-federas\" \/>\n<meta name=\"twitter:card\" content=\"summary_large_image\" \/>\n<meta name=\"twitter:label1\" content=\"Escrito por\" \/>\n\t<meta name=\"twitter:data1\" content=\"admin-federas\" \/>\n\t<meta name=\"twitter:label2\" content=\"Est. tempo de leitura\" \/>\n\t<meta name=\"twitter:data2\" content=\"4 minutos\" \/>\n<script type=\"application\/ld+json\" class=\"yoast-schema-graph\">{\"@context\":\"https:\/\/schema.org\",\"@graph\":[{\"@type\":\"Article\",\"@id\":\"https:\/\/www.federassantas.org.br\/novosite\/cssjd-realiza-reuniao-e-atualiza-equipes-para-atendimento-de-sindromes-gripais-e-srag\/#article\",\"isPartOf\":{\"@id\":\"https:\/\/www.federassantas.org.br\/novosite\/cssjd-realiza-reuniao-e-atualiza-equipes-para-atendimento-de-sindromes-gripais-e-srag\/\"},\"author\":{\"name\":\"admin-federas\",\"@id\":\"https:\/\/www.federassantas.org.br\/novosite\/#\/schema\/person\/75fed98158349313fe56175f232f513c\"},\"headline\":\"CSSJD realiza reuni\u00e3o e atualiza equipes para atendimento de s\u00edndromes gripais e SRAG\",\"datePublished\":\"2022-01-12T19:09:23+00:00\",\"mainEntityOfPage\":{\"@id\":\"https:\/\/www.federassantas.org.br\/novosite\/cssjd-realiza-reuniao-e-atualiza-equipes-para-atendimento-de-sindromes-gripais-e-srag\/\"},\"wordCount\":757,\"commentCount\":0,\"publisher\":{\"@id\":\"https:\/\/www.federassantas.org.br\/novosite\/#organization\"},\"image\":{\"@id\":\"https:\/\/www.federassantas.org.br\/novosite\/cssjd-realiza-reuniao-e-atualiza-equipes-para-atendimento-de-sindromes-gripais-e-srag\/#primaryimage\"},\"thumbnailUrl\":\"https:\/\/www.federassantas.org.br\/novosite\/wp-content\/uploads\/2022\/01\/ofx_12120221542230.jpg\",\"articleSection\":[\"Not\u00edcias\",\"Not\u00edcias filiados\"],\"inLanguage\":\"pt-BR\",\"potentialAction\":[{\"@type\":\"CommentAction\",\"name\":\"Comment\",\"target\":[\"https:\/\/www.federassantas.org.br\/novosite\/cssjd-realiza-reuniao-e-atualiza-equipes-para-atendimento-de-sindromes-gripais-e-srag\/#respond\"]}]},{\"@type\":\"WebPage\",\"@id\":\"https:\/\/www.federassantas.org.br\/novosite\/cssjd-realiza-reuniao-e-atualiza-equipes-para-atendimento-de-sindromes-gripais-e-srag\/\",\"url\":\"https:\/\/www.federassantas.org.br\/novosite\/cssjd-realiza-reuniao-e-atualiza-equipes-para-atendimento-de-sindromes-gripais-e-srag\/\",\"name\":\"CSSJD realiza reuni\u00e3o e atualiza equipes para atendimento de s\u00edndromes gripais e SRAG - Federassantas\",\"isPartOf\":{\"@id\":\"https:\/\/www.federassantas.org.br\/novosite\/#website\"},\"primaryImageOfPage\":{\"@id\":\"https:\/\/www.federassantas.org.br\/novosite\/cssjd-realiza-reuniao-e-atualiza-equipes-para-atendimento-de-sindromes-gripais-e-srag\/#primaryimage\"},\"image\":{\"@id\":\"https:\/\/www.federassantas.org.br\/novosite\/cssjd-realiza-reuniao-e-atualiza-equipes-para-atendimento-de-sindromes-gripais-e-srag\/#primaryimage\"},\"thumbnailUrl\":\"https:\/\/www.federassantas.org.br\/novosite\/wp-content\/uploads\/2022\/01\/ofx_12120221542230.jpg\",\"datePublished\":\"2022-01-12T19:09:23+00:00\",\"breadcrumb\":{\"@id\":\"https:\/\/www.federassantas.org.br\/novosite\/cssjd-realiza-reuniao-e-atualiza-equipes-para-atendimento-de-sindromes-gripais-e-srag\/#breadcrumb\"},\"inLanguage\":\"pt-BR\",\"potentialAction\":[{\"@type\":\"ReadAction\",\"target\":[\"https:\/\/www.federassantas.org.br\/novosite\/cssjd-realiza-reuniao-e-atualiza-equipes-para-atendimento-de-sindromes-gripais-e-srag\/\"]}]},{\"@type\":\"ImageObject\",\"inLanguage\":\"pt-BR\",\"@id\":\"https:\/\/www.federassantas.org.br\/novosite\/cssjd-realiza-reuniao-e-atualiza-equipes-para-atendimento-de-sindromes-gripais-e-srag\/#primaryimage\",\"url\":\"https:\/\/www.federassantas.org.br\/novosite\/wp-content\/uploads\/2022\/01\/ofx_12120221542230.jpg\",\"contentUrl\":\"https:\/\/www.federassantas.org.br\/novosite\/wp-content\/uploads\/2022\/01\/ofx_12120221542230.jpg\",\"width\":1600,\"height\":1600},{\"@type\":\"BreadcrumbList\",\"@id\":\"https:\/\/www.federassantas.org.br\/novosite\/cssjd-realiza-reuniao-e-atualiza-equipes-para-atendimento-de-sindromes-gripais-e-srag\/#breadcrumb\",\"itemListElement\":[{\"@type\":\"ListItem\",\"position\":1,\"name\":\"In\u00edcio\",\"item\":\"https:\/\/www.federassantas.org.br\/novosite\/\"},{\"@type\":\"ListItem\",\"position\":2,\"name\":\"CSSJD realiza reuni\u00e3o e atualiza equipes para atendimento de s\u00edndromes gripais e SRAG\"}]},{\"@type\":\"WebSite\",\"@id\":\"https:\/\/www.federassantas.org.br\/novosite\/#website\",\"url\":\"https:\/\/www.federassantas.org.br\/novosite\/\",\"name\":\"Federassantas\",\"description\":\"Fed. das Santas Casas e Hospitais Filantr\u00f3picos de MG\",\"publisher\":{\"@id\":\"https:\/\/www.federassantas.org.br\/novosite\/#organization\"},\"potentialAction\":[{\"@type\":\"SearchAction\",\"target\":{\"@type\":\"EntryPoint\",\"urlTemplate\":\"https:\/\/www.federassantas.org.br\/novosite\/?s={search_term_string}\"},\"query-input\":{\"@type\":\"PropertyValueSpecification\",\"valueRequired\":true,\"valueName\":\"search_term_string\"}}],\"inLanguage\":\"pt-BR\"},{\"@type\":\"Organization\",\"@id\":\"https:\/\/www.federassantas.org.br\/novosite\/#organization\",\"name\":\"Federassantas\",\"url\":\"https:\/\/www.federassantas.org.br\/novosite\/\",\"logo\":{\"@type\":\"ImageObject\",\"inLanguage\":\"pt-BR\",\"@id\":\"https:\/\/www.federassantas.org.br\/novosite\/#\/schema\/logo\/image\/\",\"url\":\"https:\/\/www.federassantas.org.br\/novosite\/wp-content\/uploads\/2021\/12\/logo.png\",\"contentUrl\":\"https:\/\/www.federassantas.org.br\/novosite\/wp-content\/uploads\/2021\/12\/logo.png\",\"width\":243,\"height\":59,\"caption\":\"Federassantas\"},\"image\":{\"@id\":\"https:\/\/www.federassantas.org.br\/novosite\/#\/schema\/logo\/image\/\"}},{\"@type\":\"Person\",\"@id\":\"https:\/\/www.federassantas.org.br\/novosite\/#\/schema\/person\/75fed98158349313fe56175f232f513c\",\"name\":\"admin-federas\",\"image\":{\"@type\":\"ImageObject\",\"inLanguage\":\"pt-BR\",\"@id\":\"https:\/\/www.federassantas.org.br\/novosite\/#\/schema\/person\/image\/\",\"url\":\"https:\/\/secure.gravatar.com\/avatar\/2a02d7dda59fe8dc6b7ffd3f652e2efede5ccf0dd89dfdc8137c5517f3de8407?s=96&d=mm&r=g\",\"contentUrl\":\"https:\/\/secure.gravatar.com\/avatar\/2a02d7dda59fe8dc6b7ffd3f652e2efede5ccf0dd89dfdc8137c5517f3de8407?s=96&d=mm&r=g\",\"caption\":\"admin-federas\"},\"sameAs\":[\"https:\/\/www.federassantas.org.br\/novosite\/\"],\"url\":\"https:\/\/www.federassantas.org.br\/novosite\/author\/admin-federas\/\"}]}<\/script>\n<!-- \/ Yoast SEO plugin. -->","yoast_head_json":{"title":"CSSJD realiza reuni\u00e3o e atualiza equipes para atendimento de s\u00edndromes gripais e SRAG - Federassantas","robots":{"index":"index","follow":"follow","max-snippet":"max-snippet:-1","max-image-preview":"max-image-preview:large","max-video-preview":"max-video-preview:-1"},"canonical":"https:\/\/www.federassantas.org.br\/novosite\/cssjd-realiza-reuniao-e-atualiza-equipes-para-atendimento-de-sindromes-gripais-e-srag\/","og_locale":"pt_BR","og_type":"article","og_title":"CSSJD realiza reuni\u00e3o e atualiza equipes para atendimento de s\u00edndromes gripais e SRAG - Federassantas","og_description":"Diante de mais um cen\u00e1rio de incertezas na sa\u00fade devido ao aumento dos casos de COVID-19 relacionado \u00e0 variante \u00d4micron e tamb\u00e9m a Influenza, o Complexo de Sa\u00fade S\u00e3o Jo\u00e3o de Deus realizou no dia 07 de janeiro, uma reuni\u00e3o convocat\u00f3ria com Diretores, Gerentes, Assessores e Coordenadores da institui\u00e7\u00e3o, com o objetivo de refor\u00e7ar quanto [&hellip;]","og_url":"https:\/\/www.federassantas.org.br\/novosite\/cssjd-realiza-reuniao-e-atualiza-equipes-para-atendimento-de-sindromes-gripais-e-srag\/","og_site_name":"Federassantas","article_published_time":"2022-01-12T19:09:23+00:00","og_image":[{"width":1600,"height":1600,"url":"https:\/\/www.federassantas.org.br\/novosite\/wp-content\/uploads\/2022\/01\/ofx_12120221542230.jpg","type":"image\/jpeg"}],"author":"admin-federas","twitter_card":"summary_large_image","twitter_misc":{"Escrito por":"admin-federas","Est. tempo de leitura":"4 minutos"},"schema":{"@context":"https:\/\/schema.org","@graph":[{"@type":"Article","@id":"https:\/\/www.federassantas.org.br\/novosite\/cssjd-realiza-reuniao-e-atualiza-equipes-para-atendimento-de-sindromes-gripais-e-srag\/#article","isPartOf":{"@id":"https:\/\/www.federassantas.org.br\/novosite\/cssjd-realiza-reuniao-e-atualiza-equipes-para-atendimento-de-sindromes-gripais-e-srag\/"},"author":{"name":"admin-federas","@id":"https:\/\/www.federassantas.org.br\/novosite\/#\/schema\/person\/75fed98158349313fe56175f232f513c"},"headline":"CSSJD realiza reuni\u00e3o e atualiza equipes para atendimento de s\u00edndromes gripais e SRAG","datePublished":"2022-01-12T19:09:23+00:00","mainEntityOfPage":{"@id":"https:\/\/www.federassantas.org.br\/novosite\/cssjd-realiza-reuniao-e-atualiza-equipes-para-atendimento-de-sindromes-gripais-e-srag\/"},"wordCount":757,"commentCount":0,"publisher":{"@id":"https:\/\/www.federassantas.org.br\/novosite\/#organization"},"image":{"@id":"https:\/\/www.federassantas.org.br\/novosite\/cssjd-realiza-reuniao-e-atualiza-equipes-para-atendimento-de-sindromes-gripais-e-srag\/#primaryimage"},"thumbnailUrl":"https:\/\/www.federassantas.org.br\/novosite\/wp-content\/uploads\/2022\/01\/ofx_12120221542230.jpg","articleSection":["Not\u00edcias","Not\u00edcias filiados"],"inLanguage":"pt-BR","potentialAction":[{"@type":"CommentAction","name":"Comment","target":["https:\/\/www.federassantas.org.br\/novosite\/cssjd-realiza-reuniao-e-atualiza-equipes-para-atendimento-de-sindromes-gripais-e-srag\/#respond"]}]},{"@type":"WebPage","@id":"https:\/\/www.federassantas.org.br\/novosite\/cssjd-realiza-reuniao-e-atualiza-equipes-para-atendimento-de-sindromes-gripais-e-srag\/","url":"https:\/\/www.federassantas.org.br\/novosite\/cssjd-realiza-reuniao-e-atualiza-equipes-para-atendimento-de-sindromes-gripais-e-srag\/","name":"CSSJD realiza reuni\u00e3o e atualiza equipes para atendimento de s\u00edndromes gripais e SRAG - Federassantas","isPartOf":{"@id":"https:\/\/www.federassantas.org.br\/novosite\/#website"},"primaryImageOfPage":{"@id":"https:\/\/www.federassantas.org.br\/novosite\/cssjd-realiza-reuniao-e-atualiza-equipes-para-atendimento-de-sindromes-gripais-e-srag\/#primaryimage"},"image":{"@id":"https:\/\/www.federassantas.org.br\/novosite\/cssjd-realiza-reuniao-e-atualiza-equipes-para-atendimento-de-sindromes-gripais-e-srag\/#primaryimage"},"thumbnailUrl":"https:\/\/www.federassantas.org.br\/novosite\/wp-content\/uploads\/2022\/01\/ofx_12120221542230.jpg","datePublished":"2022-01-12T19:09:23+00:00","breadcrumb":{"@id":"https:\/\/www.federassantas.org.br\/novosite\/cssjd-realiza-reuniao-e-atualiza-equipes-para-atendimento-de-sindromes-gripais-e-srag\/#breadcrumb"},"inLanguage":"pt-BR","potentialAction":[{"@type":"ReadAction","target":["https:\/\/www.federassantas.org.br\/novosite\/cssjd-realiza-reuniao-e-atualiza-equipes-para-atendimento-de-sindromes-gripais-e-srag\/"]}]},{"@type":"ImageObject","inLanguage":"pt-BR","@id":"https:\/\/www.federassantas.org.br\/novosite\/cssjd-realiza-reuniao-e-atualiza-equipes-para-atendimento-de-sindromes-gripais-e-srag\/#primaryimage","url":"https:\/\/www.federassantas.org.br\/novosite\/wp-content\/uploads\/2022\/01\/ofx_12120221542230.jpg","contentUrl":"https:\/\/www.federassantas.org.br\/novosite\/wp-content\/uploads\/2022\/01\/ofx_12120221542230.jpg","width":1600,"height":1600},{"@type":"BreadcrumbList","@id":"https:\/\/www.federassantas.org.br\/novosite\/cssjd-realiza-reuniao-e-atualiza-equipes-para-atendimento-de-sindromes-gripais-e-srag\/#breadcrumb","itemListElement":[{"@type":"ListItem","position":1,"name":"In\u00edcio","item":"https:\/\/www.federassantas.org.br\/novosite\/"},{"@type":"ListItem","position":2,"name":"CSSJD realiza reuni\u00e3o e atualiza equipes para atendimento de s\u00edndromes gripais e SRAG"}]},{"@type":"WebSite","@id":"https:\/\/www.federassantas.org.br\/novosite\/#website","url":"https:\/\/www.federassantas.org.br\/novosite\/","name":"Federassantas","description":"Fed. das Santas Casas e Hospitais Filantr\u00f3picos de MG","publisher":{"@id":"https:\/\/www.federassantas.org.br\/novosite\/#organization"},"potentialAction":[{"@type":"SearchAction","target":{"@type":"EntryPoint","urlTemplate":"https:\/\/www.federassantas.org.br\/novosite\/?s={search_term_string}"},"query-input":{"@type":"PropertyValueSpecification","valueRequired":true,"valueName":"search_term_string"}}],"inLanguage":"pt-BR"},{"@type":"Organization","@id":"https:\/\/www.federassantas.org.br\/novosite\/#organization","name":"Federassantas","url":"https:\/\/www.federassantas.org.br\/novosite\/","logo":{"@type":"ImageObject","inLanguage":"pt-BR","@id":"https:\/\/www.federassantas.org.br\/novosite\/#\/schema\/logo\/image\/","url":"https:\/\/www.federassantas.org.br\/novosite\/wp-content\/uploads\/2021\/12\/logo.png","contentUrl":"https:\/\/www.federassantas.org.br\/novosite\/wp-content\/uploads\/2021\/12\/logo.png","width":243,"height":59,"caption":"Federassantas"},"image":{"@id":"https:\/\/www.federassantas.org.br\/novosite\/#\/schema\/logo\/image\/"}},{"@type":"Person","@id":"https:\/\/www.federassantas.org.br\/novosite\/#\/schema\/person\/75fed98158349313fe56175f232f513c","name":"admin-federas","image":{"@type":"ImageObject","inLanguage":"pt-BR","@id":"https:\/\/www.federassantas.org.br\/novosite\/#\/schema\/person\/image\/","url":"https:\/\/secure.gravatar.com\/avatar\/2a02d7dda59fe8dc6b7ffd3f652e2efede5ccf0dd89dfdc8137c5517f3de8407?s=96&d=mm&r=g","contentUrl":"https:\/\/secure.gravatar.com\/avatar\/2a02d7dda59fe8dc6b7ffd3f652e2efede5ccf0dd89dfdc8137c5517f3de8407?s=96&d=mm&r=g","caption":"admin-federas"},"sameAs":["https:\/\/www.federassantas.org.br\/novosite\/"],"url":"https:\/\/www.federassantas.org.br\/novosite\/author\/admin-federas\/"}]}},"_links":{"self":[{"href":"https:\/\/www.federassantas.org.br\/novosite\/wp-json\/wp\/v2\/posts\/23033","targetHints":{"allow":["GET"]}}],"collection":[{"href":"https:\/\/www.federassantas.org.br\/novosite\/wp-json\/wp\/v2\/posts"}],"about":[{"href":"https:\/\/www.federassantas.org.br\/novosite\/wp-json\/wp\/v2\/types\/post"}],"author":[{"embeddable":true,"href":"https:\/\/www.federassantas.org.br\/novosite\/wp-json\/wp\/v2\/users\/1"}],"replies":[{"embeddable":true,"href":"https:\/\/www.federassantas.org.br\/novosite\/wp-json\/wp\/v2\/comments?post=23033"}],"version-history":[{"count":0,"href":"https:\/\/www.federassantas.org.br\/novosite\/wp-json\/wp\/v2\/posts\/23033\/revisions"}],"wp:featuredmedia":[{"embeddable":true,"href":"https:\/\/www.federassantas.org.br\/novosite\/wp-json\/wp\/v2\/media\/23034"}],"wp:attachment":[{"href":"https:\/\/www.federassantas.org.br\/novosite\/wp-json\/wp\/v2\/media?parent=23033"}],"wp:term":[{"taxonomy":"category","embeddable":true,"href":"https:\/\/www.federassantas.org.br\/novosite\/wp-json\/wp\/v2\/categories?post=23033"},{"taxonomy":"post_tag","embeddable":true,"href":"https:\/\/www.federassantas.org.br\/novosite\/wp-json\/wp\/v2\/tags?post=23033"}],"curies":[{"name":"wp","href":"https:\/\/api.w.org\/{rel}","templated":true}]}}