{"id":23044,"date":"2022-01-13T16:38:53","date_gmt":"2022-01-13T19:38:53","guid":{"rendered":"https:\/\/federasbackup.meltcomunicacao.com.br\/?p=23044"},"modified":"2022-01-13T16:38:53","modified_gmt":"2022-01-13T19:38:53","slug":"casa-de-acolhida-padre-eustaquio-e-uma-das-beneficiadas-do-mcdia-feliz-2021","status":"publish","type":"post","link":"https:\/\/www.federassantas.org.br\/novosite\/casa-de-acolhida-padre-eustaquio-e-uma-das-beneficiadas-do-mcdia-feliz-2021\/","title":{"rendered":"Casa de Acolhida Padre Eust\u00e1quio \u00e9 uma das beneficiadas do McDia Feliz 2021"},"content":{"rendered":"\n<p><em>A campanha, em sua&nbsp;33\u00aa edi\u00e7\u00e3o,&nbsp;vai beneficiar 66 projetos de 56 institui\u00e7\u00f5es que atuam com oncologia pedi\u00e1trica no Brasil. E a CAPE BH est\u00e1 entre as organiza\u00e7\u00f5es contempladas pelo 7\u00ba ano consecutivo, com projetos em benef\u00edcio do tratamento oncol\u00f3gico na Santa Casa BH<\/em><\/p>\n\n\n\n<p>A 33\u00aa edi\u00e7\u00e3o do McDia Feliz, realizada no dia 23 de outubro de 2021, arrecadou R$ 22,5 milh\u00f5es&nbsp;que ser\u00e3o investidos em projetos de educa\u00e7\u00e3o e sa\u00fade em todo o pa\u00eds. Em 2021, a campanha vai apoiar 66 projetos de 56 organiza\u00e7\u00f5es que atuam na oncologia pedi\u00e1trica no Brasil, selecionados pelo Instituto Ronald McDonald. E CAPE BH, localizada em&nbsp;Belo Horizonte, \u00e9 uma das contempladas com a campanha 2021.&nbsp;<\/p>\n\n\n\n<p>A CAPE BH arrecadou R$ R$ 264.947,31 durante a campanha que ser\u00e3o destinados para o projeto a ser implantado na Santa Casa BH (SCBH), refer\u00eancia no tratamento oncol\u00f3gico em Belo Horizonte, com&nbsp;122 anos. Neste ano, o projeto selecionado para ser beneficiado pelo McDia Feliz \u00e9 o \u201cDistribuindo Cuidados\u201d, onde os recursos arrecadados ser\u00e3o comprometidos para a cria\u00e7\u00e3o de uma farm\u00e1cia de distribui\u00e7\u00e3o de medicamentos oncol\u00f3gicos por dose unit\u00e1ria, o que vai otimizar os processos. Esse sistema de dispensa\u00e7\u00e3o \u00e9 o m\u00e9todo mais seguro e racional, j\u00e1 que as medica\u00e7\u00f5es s\u00e3o encaminhadas para a Enfermagem j\u00e1 nas doses e formas prontas para administra\u00e7\u00e3o, garantindo, assim, menos desperd\u00edcio e mais seguran\u00e7a para o paciente da Oncologia.&nbsp;<\/p>\n\n\n\n<p>\u201c\u00c9 emocionante ver o envolvimento da comunidade, de volunt\u00e1rios e de empresas para o sucesso do McDia Feliz. Todos se unem em favor de crian\u00e7as que lutam de forma incans\u00e1vel pela vida. Somos extremamente gratos e cientes de nossa responsabilidade ao conseguir unir elos que nos fortalecem, a cada ano, em favor da vida. \u201d Diz a superintendente da CAPE BH, M\u00f4nica Sales de Ara\u00fajo.<\/p>\n\n\n\n<p>A gerente de Responsabilidade Social da Santa Casa BH, K\u00e9zia Marques, ressalta a import\u00e2ncia da parceria com o McDia Feliz, atrav\u00e9s da CAPE BH, e do projeto que ser\u00e1 implementado na Santa Casa BH. \u201cSomos uma institui\u00e7\u00e3o de refer\u00eancia no tratamento oncol\u00f3gico pedi\u00e1trico pelo SUS em Minas Gerais e nosso objetivo \u00e9 oferecer uma assist\u00eancia e tratamentos cada vez melhores aos nossos pacientes. Nesse sentido, por sermos uma institui\u00e7\u00e3o 100% SUS e por atendermos uma grande quantidade de crian\u00e7as e adolescentes, \u00e9 imprescind\u00edvel atuarmos com efici\u00eancia, e \u00e9 isso que esse projeto vem proporcionar. Agradecemos ao Instituto Ronald McDonald e a CAPE BH por essa importante parceria com a Santa Casa BH\u201d, diz.&nbsp;<\/p>\n\n\n\n<p>Devido ao contexto mundial da pandemia da Covid-19, a 33\u00aa edi\u00e7\u00e3o da campanha foi realizada respeitando o distanciamento social e demais medidas preventivas, possibilitando a todos um dia seguro, onde a solidariedade foi o grande destaque.&nbsp;<\/p>\n\n\n\n<p>\u201cEstamos muito felizes e honrados pela corrente de amor que marcou o dia 23 de outubro com a campanha McDia Feliz. Atrav\u00e9s da uni\u00e3o de todos e de suas doa\u00e7\u00f5es, vamos impactar a vida de milhares de crian\u00e7as e adolescentes com c\u00e2ncer no pa\u00eds, impulsionando nossa miss\u00e3o de aproximar fam\u00edlias da cura dessa doen\u00e7a que \u00e9 a que mais mata crian\u00e7as de 1 a 19 anos, segundo o Inca\u201d, destaca Bianca Provedel, Diretora Executiva do Instituto Ronald McDonald.<\/p>\n\n\n\n<p><strong>CAPE<\/strong><\/p>\n\n\n\n<p>A Casa de Acolhida Padre Eust\u00e1quio, CAPE, atualmente acolhe mais de 500 crian\u00e7as, adolescentes e seus acompanhantes. Proporciona para as crian\u00e7as adolescentes e seus acompanhantes, acolhimento humanizado e individualizado, durante o tratamento contra o c\u00e2ncer e outras doen\u00e7as n\u00e3o infecciosas. A Cape oferece uma extens\u00e3o de seus lares: moradia, alimenta\u00e7\u00e3o, transporte, atendimento multiprofissional. Longe de suas casas e fragilizados pela doen\u00e7a, os acolhidos da Cape s\u00e3o encaminhados pelos hospitais de Belo Horizonte, vindos de todo o Brasil, em especial de cidades do interior de Minas Gerais. Necessidades s\u00e3o transformadas em esperan\u00e7a, atrav\u00e9s de doa\u00e7\u00f5es, com trabalho, empatia, compromisso e transpar\u00eancia.<\/p>\n\n\n\n<p><strong>Santa Casa BH<\/strong><\/p>\n\n\n\n<p>Fundada em 1899, dois anos ap\u00f3s a inaugura\u00e7\u00e3o da capital mineira, a Santa Casa BH \u00e9 a primeira institui\u00e7\u00e3o de sa\u00fade de Belo Horizonte. Com 122 anos de atividades, \u00e9 a maior prestadora filantr\u00f3pica de servi\u00e7os ao SUS em Minas Gerais e uma das maiores do Brasil. O ano de 2020 foi desafiador para o hospital, que precisou se adaptar para o enfrentamento da COVID-19, assumindo, assim, a lideran\u00e7a nos atendimentos aos pacientes na Regi\u00e3o Metropolitana de Belo Horizonte, sem deixar de atender, com excel\u00eancia, todas as outras especialidades. Com capacidade instalada de 19 salas cir\u00fargicas para procedimentos de m\u00e9dia e alta complexidade, essa \u201ccidade da sa\u00fade\u201d conta com 1.152 leitos (sendo 185 de terapia intensiva.), distribu\u00eddos pelo ic\u00f4nico pr\u00e9dio de 13 andares.<\/p>\n\n\n\n<p><strong>Sobre o Instituto Ronald McDonald<\/strong><\/p>\n\n\n\n<p>Organiza\u00e7\u00e3o sem fins lucrativos, o Instituto Ronald McDonald (IRM) h\u00e1 mais de 22 anos atua para aproximar fam\u00edlias da cura do c\u00e2ncer infantojuvenil e aumentar as chances de cura da doen\u00e7a. Para atingir esse objetivo, o Instituto Ronald McDonald trabalha promovendo a estrutura\u00e7\u00e3o de hospitais especializados, a hospedagem para fam\u00edlias que residem longe dos hospitais, a capacita\u00e7\u00e3o de profissionais de sa\u00fade para realizarem o diagn\u00f3stico precoce, incentiva a ades\u00e3o a protocolos cl\u00ednicos e promove dissemina\u00e7\u00e3o de conhecimento sobre a causa. A ONG faz parte do sistema beneficente global Ronald McDonald House Charities (RMHC), presente em mais de 60 pa\u00edses, coordenando os programas globais: Casa Ronald McDonald, voltado para a hospedagem, transporte e alimenta\u00e7\u00e3o dos pacientes; e o Programa Espa\u00e7o da Fam\u00edlia Ronald McDonald, que torna menos desgastante o dia a dia das fam\u00edlias durante o tratamento. No Brasil, h\u00e1 ainda outros dois programas locais: Aten\u00e7\u00e3o Integral e Diagn\u00f3stico Precoce, com a\u00e7\u00f5es espec\u00edficas de combate ao c\u00e2ncer infantojuvenil. O Instituto conta com o apoio de diversas empresas e pessoas f\u00edsicas para desenvolver e manter seus programas. Saiba mais sobre os programas e as institui\u00e7\u00f5es beneficiadas em <a rel=\"noreferrer noopener\" href=\"http:\/\/www.institutoronald.org.br\/\" target=\"_blank\">www.institutoronald.org.br<\/a><\/p>\n\n\n\n<p><\/p>\n\n\n\n<p>Por Assessoria de Comunica\u00e7\u00e3o Santa Casa BH<\/p>\n","protected":false},"excerpt":{"rendered":"<p>A campanha, em sua&nbsp;33\u00aa edi\u00e7\u00e3o,&nbsp;vai beneficiar 66 projetos de 56 institui\u00e7\u00f5es que atuam com oncologia pedi\u00e1trica no Brasil. E a CAPE BH est\u00e1 entre as organiza\u00e7\u00f5es contempladas pelo 7\u00ba ano consecutivo, com projetos em benef\u00edcio do tratamento oncol\u00f3gico na Santa Casa BH A 33\u00aa edi\u00e7\u00e3o do McDia Feliz, realizada no dia 23 de outubro de [&hellip;]<\/p>\n","protected":false},"author":1,"featured_media":23045,"comment_status":"open","ping_status":"open","sticky":false,"template":"","format":"standard","meta":{"footnotes":""},"categories":[140,139],"tags":[],"class_list":["post-23044","post","type-post","status-publish","format-standard","has-post-thumbnail","hentry","category-noticias","category-noticias-filiados"],"yoast_head":"<!-- This site is optimized with the Yoast SEO plugin v26.9 - https:\/\/yoast.com\/product\/yoast-seo-wordpress\/ -->\n<title>Casa de Acolhida Padre Eust\u00e1quio \u00e9 uma das beneficiadas do McDia Feliz 2021 - Federassantas<\/title>\n<meta name=\"robots\" content=\"index, follow, max-snippet:-1, max-image-preview:large, max-video-preview:-1\" \/>\n<link rel=\"canonical\" href=\"https:\/\/www.federassantas.org.br\/novosite\/casa-de-acolhida-padre-eustaquio-e-uma-das-beneficiadas-do-mcdia-feliz-2021\/\" \/>\n<meta property=\"og:locale\" content=\"pt_BR\" \/>\n<meta property=\"og:type\" content=\"article\" \/>\n<meta property=\"og:title\" content=\"Casa de Acolhida Padre Eust\u00e1quio \u00e9 uma das beneficiadas do McDia Feliz 2021 - Federassantas\" \/>\n<meta property=\"og:description\" content=\"A campanha, em sua&nbsp;33\u00aa edi\u00e7\u00e3o,&nbsp;vai beneficiar 66 projetos de 56 institui\u00e7\u00f5es que atuam com oncologia pedi\u00e1trica no Brasil. E a CAPE BH est\u00e1 entre as organiza\u00e7\u00f5es contempladas pelo 7\u00ba ano consecutivo, com projetos em benef\u00edcio do tratamento oncol\u00f3gico na Santa Casa BH A 33\u00aa edi\u00e7\u00e3o do McDia Feliz, realizada no dia 23 de outubro de [&hellip;]\" \/>\n<meta property=\"og:url\" content=\"https:\/\/www.federassantas.org.br\/novosite\/casa-de-acolhida-padre-eustaquio-e-uma-das-beneficiadas-do-mcdia-feliz-2021\/\" \/>\n<meta property=\"og:site_name\" content=\"Federassantas\" \/>\n<meta property=\"article:published_time\" content=\"2022-01-13T19:38:53+00:00\" \/>\n<meta property=\"og:image\" content=\"https:\/\/www.federassantas.org.br\/novosite\/wp-content\/uploads\/2022\/01\/post-para-imprensa_sem-logo.png\" \/>\n\t<meta property=\"og:image:width\" content=\"1080\" \/>\n\t<meta property=\"og:image:height\" content=\"940\" \/>\n\t<meta property=\"og:image:type\" content=\"image\/png\" \/>\n<meta name=\"author\" content=\"admin-federas\" \/>\n<meta name=\"twitter:card\" content=\"summary_large_image\" \/>\n<meta name=\"twitter:label1\" content=\"Escrito por\" \/>\n\t<meta name=\"twitter:data1\" content=\"admin-federas\" \/>\n\t<meta name=\"twitter:label2\" content=\"Est. tempo de leitura\" \/>\n\t<meta name=\"twitter:data2\" content=\"5 minutos\" \/>\n<script type=\"application\/ld+json\" class=\"yoast-schema-graph\">{\"@context\":\"https:\/\/schema.org\",\"@graph\":[{\"@type\":\"Article\",\"@id\":\"https:\/\/www.federassantas.org.br\/novosite\/casa-de-acolhida-padre-eustaquio-e-uma-das-beneficiadas-do-mcdia-feliz-2021\/#article\",\"isPartOf\":{\"@id\":\"https:\/\/www.federassantas.org.br\/novosite\/casa-de-acolhida-padre-eustaquio-e-uma-das-beneficiadas-do-mcdia-feliz-2021\/\"},\"author\":{\"name\":\"admin-federas\",\"@id\":\"https:\/\/www.federassantas.org.br\/novosite\/#\/schema\/person\/75fed98158349313fe56175f232f513c\"},\"headline\":\"Casa de Acolhida Padre Eust\u00e1quio \u00e9 uma das beneficiadas do McDia Feliz 2021\",\"datePublished\":\"2022-01-13T19:38:53+00:00\",\"mainEntityOfPage\":{\"@id\":\"https:\/\/www.federassantas.org.br\/novosite\/casa-de-acolhida-padre-eustaquio-e-uma-das-beneficiadas-do-mcdia-feliz-2021\/\"},\"wordCount\":1042,\"commentCount\":0,\"publisher\":{\"@id\":\"https:\/\/www.federassantas.org.br\/novosite\/#organization\"},\"image\":{\"@id\":\"https:\/\/www.federassantas.org.br\/novosite\/casa-de-acolhida-padre-eustaquio-e-uma-das-beneficiadas-do-mcdia-feliz-2021\/#primaryimage\"},\"thumbnailUrl\":\"https:\/\/www.federassantas.org.br\/novosite\/wp-content\/uploads\/2022\/01\/post-para-imprensa_sem-logo.png\",\"articleSection\":[\"Not\u00edcias\",\"Not\u00edcias filiados\"],\"inLanguage\":\"pt-BR\",\"potentialAction\":[{\"@type\":\"CommentAction\",\"name\":\"Comment\",\"target\":[\"https:\/\/www.federassantas.org.br\/novosite\/casa-de-acolhida-padre-eustaquio-e-uma-das-beneficiadas-do-mcdia-feliz-2021\/#respond\"]}]},{\"@type\":\"WebPage\",\"@id\":\"https:\/\/www.federassantas.org.br\/novosite\/casa-de-acolhida-padre-eustaquio-e-uma-das-beneficiadas-do-mcdia-feliz-2021\/\",\"url\":\"https:\/\/www.federassantas.org.br\/novosite\/casa-de-acolhida-padre-eustaquio-e-uma-das-beneficiadas-do-mcdia-feliz-2021\/\",\"name\":\"Casa de Acolhida Padre Eust\u00e1quio \u00e9 uma das beneficiadas do McDia Feliz 2021 - Federassantas\",\"isPartOf\":{\"@id\":\"https:\/\/www.federassantas.org.br\/novosite\/#website\"},\"primaryImageOfPage\":{\"@id\":\"https:\/\/www.federassantas.org.br\/novosite\/casa-de-acolhida-padre-eustaquio-e-uma-das-beneficiadas-do-mcdia-feliz-2021\/#primaryimage\"},\"image\":{\"@id\":\"https:\/\/www.federassantas.org.br\/novosite\/casa-de-acolhida-padre-eustaquio-e-uma-das-beneficiadas-do-mcdia-feliz-2021\/#primaryimage\"},\"thumbnailUrl\":\"https:\/\/www.federassantas.org.br\/novosite\/wp-content\/uploads\/2022\/01\/post-para-imprensa_sem-logo.png\",\"datePublished\":\"2022-01-13T19:38:53+00:00\",\"breadcrumb\":{\"@id\":\"https:\/\/www.federassantas.org.br\/novosite\/casa-de-acolhida-padre-eustaquio-e-uma-das-beneficiadas-do-mcdia-feliz-2021\/#breadcrumb\"},\"inLanguage\":\"pt-BR\",\"potentialAction\":[{\"@type\":\"ReadAction\",\"target\":[\"https:\/\/www.federassantas.org.br\/novosite\/casa-de-acolhida-padre-eustaquio-e-uma-das-beneficiadas-do-mcdia-feliz-2021\/\"]}]},{\"@type\":\"ImageObject\",\"inLanguage\":\"pt-BR\",\"@id\":\"https:\/\/www.federassantas.org.br\/novosite\/casa-de-acolhida-padre-eustaquio-e-uma-das-beneficiadas-do-mcdia-feliz-2021\/#primaryimage\",\"url\":\"https:\/\/www.federassantas.org.br\/novosite\/wp-content\/uploads\/2022\/01\/post-para-imprensa_sem-logo.png\",\"contentUrl\":\"https:\/\/www.federassantas.org.br\/novosite\/wp-content\/uploads\/2022\/01\/post-para-imprensa_sem-logo.png\",\"width\":1080,\"height\":940},{\"@type\":\"BreadcrumbList\",\"@id\":\"https:\/\/www.federassantas.org.br\/novosite\/casa-de-acolhida-padre-eustaquio-e-uma-das-beneficiadas-do-mcdia-feliz-2021\/#breadcrumb\",\"itemListElement\":[{\"@type\":\"ListItem\",\"position\":1,\"name\":\"In\u00edcio\",\"item\":\"https:\/\/www.federassantas.org.br\/novosite\/\"},{\"@type\":\"ListItem\",\"position\":2,\"name\":\"Casa de Acolhida Padre Eust\u00e1quio \u00e9 uma das beneficiadas do McDia Feliz 2021\"}]},{\"@type\":\"WebSite\",\"@id\":\"https:\/\/www.federassantas.org.br\/novosite\/#website\",\"url\":\"https:\/\/www.federassantas.org.br\/novosite\/\",\"name\":\"Federassantas\",\"description\":\"Fed. das Santas Casas e Hospitais Filantr\u00f3picos de MG\",\"publisher\":{\"@id\":\"https:\/\/www.federassantas.org.br\/novosite\/#organization\"},\"potentialAction\":[{\"@type\":\"SearchAction\",\"target\":{\"@type\":\"EntryPoint\",\"urlTemplate\":\"https:\/\/www.federassantas.org.br\/novosite\/?s={search_term_string}\"},\"query-input\":{\"@type\":\"PropertyValueSpecification\",\"valueRequired\":true,\"valueName\":\"search_term_string\"}}],\"inLanguage\":\"pt-BR\"},{\"@type\":\"Organization\",\"@id\":\"https:\/\/www.federassantas.org.br\/novosite\/#organization\",\"name\":\"Federassantas\",\"url\":\"https:\/\/www.federassantas.org.br\/novosite\/\",\"logo\":{\"@type\":\"ImageObject\",\"inLanguage\":\"pt-BR\",\"@id\":\"https:\/\/www.federassantas.org.br\/novosite\/#\/schema\/logo\/image\/\",\"url\":\"https:\/\/www.federassantas.org.br\/novosite\/wp-content\/uploads\/2021\/12\/logo.png\",\"contentUrl\":\"https:\/\/www.federassantas.org.br\/novosite\/wp-content\/uploads\/2021\/12\/logo.png\",\"width\":243,\"height\":59,\"caption\":\"Federassantas\"},\"image\":{\"@id\":\"https:\/\/www.federassantas.org.br\/novosite\/#\/schema\/logo\/image\/\"}},{\"@type\":\"Person\",\"@id\":\"https:\/\/www.federassantas.org.br\/novosite\/#\/schema\/person\/75fed98158349313fe56175f232f513c\",\"name\":\"admin-federas\",\"image\":{\"@type\":\"ImageObject\",\"inLanguage\":\"pt-BR\",\"@id\":\"https:\/\/www.federassantas.org.br\/novosite\/#\/schema\/person\/image\/\",\"url\":\"https:\/\/secure.gravatar.com\/avatar\/2a02d7dda59fe8dc6b7ffd3f652e2efede5ccf0dd89dfdc8137c5517f3de8407?s=96&d=mm&r=g\",\"contentUrl\":\"https:\/\/secure.gravatar.com\/avatar\/2a02d7dda59fe8dc6b7ffd3f652e2efede5ccf0dd89dfdc8137c5517f3de8407?s=96&d=mm&r=g\",\"caption\":\"admin-federas\"},\"sameAs\":[\"https:\/\/www.federassantas.org.br\/novosite\/\"],\"url\":\"https:\/\/www.federassantas.org.br\/novosite\/author\/admin-federas\/\"}]}<\/script>\n<!-- \/ Yoast SEO plugin. -->","yoast_head_json":{"title":"Casa de Acolhida Padre Eust\u00e1quio \u00e9 uma das beneficiadas do McDia Feliz 2021 - Federassantas","robots":{"index":"index","follow":"follow","max-snippet":"max-snippet:-1","max-image-preview":"max-image-preview:large","max-video-preview":"max-video-preview:-1"},"canonical":"https:\/\/www.federassantas.org.br\/novosite\/casa-de-acolhida-padre-eustaquio-e-uma-das-beneficiadas-do-mcdia-feliz-2021\/","og_locale":"pt_BR","og_type":"article","og_title":"Casa de Acolhida Padre Eust\u00e1quio \u00e9 uma das beneficiadas do McDia Feliz 2021 - Federassantas","og_description":"A campanha, em sua&nbsp;33\u00aa edi\u00e7\u00e3o,&nbsp;vai beneficiar 66 projetos de 56 institui\u00e7\u00f5es que atuam com oncologia pedi\u00e1trica no Brasil. E a CAPE BH est\u00e1 entre as organiza\u00e7\u00f5es contempladas pelo 7\u00ba ano consecutivo, com projetos em benef\u00edcio do tratamento oncol\u00f3gico na Santa Casa BH A 33\u00aa edi\u00e7\u00e3o do McDia Feliz, realizada no dia 23 de outubro de [&hellip;]","og_url":"https:\/\/www.federassantas.org.br\/novosite\/casa-de-acolhida-padre-eustaquio-e-uma-das-beneficiadas-do-mcdia-feliz-2021\/","og_site_name":"Federassantas","article_published_time":"2022-01-13T19:38:53+00:00","og_image":[{"width":1080,"height":940,"url":"https:\/\/www.federassantas.org.br\/novosite\/wp-content\/uploads\/2022\/01\/post-para-imprensa_sem-logo.png","type":"image\/png"}],"author":"admin-federas","twitter_card":"summary_large_image","twitter_misc":{"Escrito por":"admin-federas","Est. tempo de leitura":"5 minutos"},"schema":{"@context":"https:\/\/schema.org","@graph":[{"@type":"Article","@id":"https:\/\/www.federassantas.org.br\/novosite\/casa-de-acolhida-padre-eustaquio-e-uma-das-beneficiadas-do-mcdia-feliz-2021\/#article","isPartOf":{"@id":"https:\/\/www.federassantas.org.br\/novosite\/casa-de-acolhida-padre-eustaquio-e-uma-das-beneficiadas-do-mcdia-feliz-2021\/"},"author":{"name":"admin-federas","@id":"https:\/\/www.federassantas.org.br\/novosite\/#\/schema\/person\/75fed98158349313fe56175f232f513c"},"headline":"Casa de Acolhida Padre Eust\u00e1quio \u00e9 uma das beneficiadas do McDia Feliz 2021","datePublished":"2022-01-13T19:38:53+00:00","mainEntityOfPage":{"@id":"https:\/\/www.federassantas.org.br\/novosite\/casa-de-acolhida-padre-eustaquio-e-uma-das-beneficiadas-do-mcdia-feliz-2021\/"},"wordCount":1042,"commentCount":0,"publisher":{"@id":"https:\/\/www.federassantas.org.br\/novosite\/#organization"},"image":{"@id":"https:\/\/www.federassantas.org.br\/novosite\/casa-de-acolhida-padre-eustaquio-e-uma-das-beneficiadas-do-mcdia-feliz-2021\/#primaryimage"},"thumbnailUrl":"https:\/\/www.federassantas.org.br\/novosite\/wp-content\/uploads\/2022\/01\/post-para-imprensa_sem-logo.png","articleSection":["Not\u00edcias","Not\u00edcias filiados"],"inLanguage":"pt-BR","potentialAction":[{"@type":"CommentAction","name":"Comment","target":["https:\/\/www.federassantas.org.br\/novosite\/casa-de-acolhida-padre-eustaquio-e-uma-das-beneficiadas-do-mcdia-feliz-2021\/#respond"]}]},{"@type":"WebPage","@id":"https:\/\/www.federassantas.org.br\/novosite\/casa-de-acolhida-padre-eustaquio-e-uma-das-beneficiadas-do-mcdia-feliz-2021\/","url":"https:\/\/www.federassantas.org.br\/novosite\/casa-de-acolhida-padre-eustaquio-e-uma-das-beneficiadas-do-mcdia-feliz-2021\/","name":"Casa de Acolhida Padre Eust\u00e1quio \u00e9 uma das beneficiadas do McDia Feliz 2021 - Federassantas","isPartOf":{"@id":"https:\/\/www.federassantas.org.br\/novosite\/#website"},"primaryImageOfPage":{"@id":"https:\/\/www.federassantas.org.br\/novosite\/casa-de-acolhida-padre-eustaquio-e-uma-das-beneficiadas-do-mcdia-feliz-2021\/#primaryimage"},"image":{"@id":"https:\/\/www.federassantas.org.br\/novosite\/casa-de-acolhida-padre-eustaquio-e-uma-das-beneficiadas-do-mcdia-feliz-2021\/#primaryimage"},"thumbnailUrl":"https:\/\/www.federassantas.org.br\/novosite\/wp-content\/uploads\/2022\/01\/post-para-imprensa_sem-logo.png","datePublished":"2022-01-13T19:38:53+00:00","breadcrumb":{"@id":"https:\/\/www.federassantas.org.br\/novosite\/casa-de-acolhida-padre-eustaquio-e-uma-das-beneficiadas-do-mcdia-feliz-2021\/#breadcrumb"},"inLanguage":"pt-BR","potentialAction":[{"@type":"ReadAction","target":["https:\/\/www.federassantas.org.br\/novosite\/casa-de-acolhida-padre-eustaquio-e-uma-das-beneficiadas-do-mcdia-feliz-2021\/"]}]},{"@type":"ImageObject","inLanguage":"pt-BR","@id":"https:\/\/www.federassantas.org.br\/novosite\/casa-de-acolhida-padre-eustaquio-e-uma-das-beneficiadas-do-mcdia-feliz-2021\/#primaryimage","url":"https:\/\/www.federassantas.org.br\/novosite\/wp-content\/uploads\/2022\/01\/post-para-imprensa_sem-logo.png","contentUrl":"https:\/\/www.federassantas.org.br\/novosite\/wp-content\/uploads\/2022\/01\/post-para-imprensa_sem-logo.png","width":1080,"height":940},{"@type":"BreadcrumbList","@id":"https:\/\/www.federassantas.org.br\/novosite\/casa-de-acolhida-padre-eustaquio-e-uma-das-beneficiadas-do-mcdia-feliz-2021\/#breadcrumb","itemListElement":[{"@type":"ListItem","position":1,"name":"In\u00edcio","item":"https:\/\/www.federassantas.org.br\/novosite\/"},{"@type":"ListItem","position":2,"name":"Casa de Acolhida Padre Eust\u00e1quio \u00e9 uma das beneficiadas do McDia Feliz 2021"}]},{"@type":"WebSite","@id":"https:\/\/www.federassantas.org.br\/novosite\/#website","url":"https:\/\/www.federassantas.org.br\/novosite\/","name":"Federassantas","description":"Fed. das Santas Casas e Hospitais Filantr\u00f3picos de MG","publisher":{"@id":"https:\/\/www.federassantas.org.br\/novosite\/#organization"},"potentialAction":[{"@type":"SearchAction","target":{"@type":"EntryPoint","urlTemplate":"https:\/\/www.federassantas.org.br\/novosite\/?s={search_term_string}"},"query-input":{"@type":"PropertyValueSpecification","valueRequired":true,"valueName":"search_term_string"}}],"inLanguage":"pt-BR"},{"@type":"Organization","@id":"https:\/\/www.federassantas.org.br\/novosite\/#organization","name":"Federassantas","url":"https:\/\/www.federassantas.org.br\/novosite\/","logo":{"@type":"ImageObject","inLanguage":"pt-BR","@id":"https:\/\/www.federassantas.org.br\/novosite\/#\/schema\/logo\/image\/","url":"https:\/\/www.federassantas.org.br\/novosite\/wp-content\/uploads\/2021\/12\/logo.png","contentUrl":"https:\/\/www.federassantas.org.br\/novosite\/wp-content\/uploads\/2021\/12\/logo.png","width":243,"height":59,"caption":"Federassantas"},"image":{"@id":"https:\/\/www.federassantas.org.br\/novosite\/#\/schema\/logo\/image\/"}},{"@type":"Person","@id":"https:\/\/www.federassantas.org.br\/novosite\/#\/schema\/person\/75fed98158349313fe56175f232f513c","name":"admin-federas","image":{"@type":"ImageObject","inLanguage":"pt-BR","@id":"https:\/\/www.federassantas.org.br\/novosite\/#\/schema\/person\/image\/","url":"https:\/\/secure.gravatar.com\/avatar\/2a02d7dda59fe8dc6b7ffd3f652e2efede5ccf0dd89dfdc8137c5517f3de8407?s=96&d=mm&r=g","contentUrl":"https:\/\/secure.gravatar.com\/avatar\/2a02d7dda59fe8dc6b7ffd3f652e2efede5ccf0dd89dfdc8137c5517f3de8407?s=96&d=mm&r=g","caption":"admin-federas"},"sameAs":["https:\/\/www.federassantas.org.br\/novosite\/"],"url":"https:\/\/www.federassantas.org.br\/novosite\/author\/admin-federas\/"}]}},"_links":{"self":[{"href":"https:\/\/www.federassantas.org.br\/novosite\/wp-json\/wp\/v2\/posts\/23044","targetHints":{"allow":["GET"]}}],"collection":[{"href":"https:\/\/www.federassantas.org.br\/novosite\/wp-json\/wp\/v2\/posts"}],"about":[{"href":"https:\/\/www.federassantas.org.br\/novosite\/wp-json\/wp\/v2\/types\/post"}],"author":[{"embeddable":true,"href":"https:\/\/www.federassantas.org.br\/novosite\/wp-json\/wp\/v2\/users\/1"}],"replies":[{"embeddable":true,"href":"https:\/\/www.federassantas.org.br\/novosite\/wp-json\/wp\/v2\/comments?post=23044"}],"version-history":[{"count":0,"href":"https:\/\/www.federassantas.org.br\/novosite\/wp-json\/wp\/v2\/posts\/23044\/revisions"}],"wp:featuredmedia":[{"embeddable":true,"href":"https:\/\/www.federassantas.org.br\/novosite\/wp-json\/wp\/v2\/media\/23045"}],"wp:attachment":[{"href":"https:\/\/www.federassantas.org.br\/novosite\/wp-json\/wp\/v2\/media?parent=23044"}],"wp:term":[{"taxonomy":"category","embeddable":true,"href":"https:\/\/www.federassantas.org.br\/novosite\/wp-json\/wp\/v2\/categories?post=23044"},{"taxonomy":"post_tag","embeddable":true,"href":"https:\/\/www.federassantas.org.br\/novosite\/wp-json\/wp\/v2\/tags?post=23044"}],"curies":[{"name":"wp","href":"https:\/\/api.w.org\/{rel}","templated":true}]}}