{"id":23051,"date":"2022-01-14T11:23:32","date_gmt":"2022-01-14T14:23:32","guid":{"rendered":"https:\/\/federasbackup.meltcomunicacao.com.br\/?p=23051"},"modified":"2022-01-14T11:23:32","modified_gmt":"2022-01-14T14:23:32","slug":"minas-aumentara-a-testagem-da-covid-19-nas-cidades-afetadas-pelas-chuvas","status":"publish","type":"post","link":"https:\/\/www.federassantas.org.br\/novosite\/minas-aumentara-a-testagem-da-covid-19-nas-cidades-afetadas-pelas-chuvas\/","title":{"rendered":"Minas aumentar\u00e1 a testagem da covid-19 nas cidades afetadas pelas chuvas"},"content":{"rendered":"\n<p><em>Secretaria de Estado de Sa\u00fade (SES) quer evitar surto de Influenza e covid entre os desabrigados<\/em><\/p>\n\n\n\n<p>A&nbsp;<a rel=\"noreferrer noopener\" href=\"https:\/\/www.saude.mg.gov.br\/\" target=\"_blank\">Secretaria de Estado de Sa\u00fade (SES)<\/a>&nbsp;vai aumentar a testagem nos munic\u00edpios afetados pelas fortes chuvas das \u00faltimas semanas. A informa\u00e7\u00e3o foi divulgada pelo secret\u00e1rio F\u00e1bio Baccheretti, durante coletiva de imprensa, nesta quinta-feira (13\/1), na Cidade Administrativa.<\/p>\n\n\n\n<p>\u201cJ\u00e1 recomendamos aos munic\u00edpios aumentarem a propor\u00e7\u00e3o de testes porque, devido ao conv\u00edvio entre os desabrigados, a chance de ter um surto de covid-19 e Influenza \u00e9 muito grande. Nossa Vigil\u00e2ncia Sanit\u00e1ria est\u00e1 atenta e acompanhando de perto o assunto\u201d, explicou.<\/p>\n\n\n\n<p>O secret\u00e1rio enfatizou&nbsp;que Minas est\u00e1 trabalhando para evitar o ocorrido&nbsp;na Bahia, estado que tamb\u00e9m foi fortemente castigado pelos temporais no final de 2021. \u201cAp\u00f3s as chuvas, a Bahia enfrentou surto de Influenza e covid entre a popula\u00e7\u00e3o desabrigada\u201d, lembrou.<\/p>\n\n\n\n<p>J\u00e1 s\u00e3o 374 munic\u00edpios mineiros em situa\u00e7\u00e3o de emerg\u00eancia devido \u00e0s intensas chuvas das \u00faltimas semanas. Desde o in\u00edcio do per\u00edodo chuvoso, em outubro de 2021, 25 pessoas morreram, 26.492 ficaram desalojadas e 4.047 desabrigadas (dados atualizados em 13\/1). As informa\u00e7\u00f5es foram divulgadas pela<a href=\"http:\/\/www.defesacivil.mg.gov.br\/\" target=\"_blank\" rel=\"noreferrer noopener\">&nbsp;Coordenadoria Estadual de Defesa Civil (Cedec)<\/a>.<\/p>\n\n\n\n<p><strong>Teste r\u00e1pido<\/strong><\/p>\n\n\n\n<p>Desde quarta-feira (12\/1), a SES iniciou a distribui\u00e7\u00e3o de um total de 1.081.690 testes r\u00e1pidos para detec\u00e7\u00e3o de ant\u00edgeno covid-19, sendo 966.245 destinados aos munic\u00edpios de Minas Gerais e 115.445 para a popula\u00e7\u00e3o quilombola.&nbsp;<\/p>\n\n\n\n<p>Com o envio dos testes, a SES-MG pretende expandir o diagn\u00f3stico da covid-19 em larga escala, a fim de monitorar a situa\u00e7\u00e3o epidemiol\u00f3gica e direcionar os esfor\u00e7os na conten\u00e7\u00e3o da pandemia no estado.<\/p>\n\n\n\n<p>A nova remessa de testes encaminhada pela SES-MG vem sendo entregue \u00e0s Unidades Regionais de Sa\u00fade, que realiza\u00e7\u00e3o a distribui\u00e7\u00e3o imediata para os munic\u00edpios que se encontram sob a sua regi\u00e3o de abrang\u00eancia.&nbsp;<\/p>\n\n\n\n<p>Recomenda-se aos gestores municipais que direcionem o uso dos testes r\u00e1pidos de ant\u00edgeno dentro dos eixos da aten\u00e7\u00e3o prim\u00e1ria \u00e0 sa\u00fade (APS), aten\u00e7\u00e3o especializada \u00e0 sa\u00fade (AES), subsistema de sa\u00fade ind\u00edgena (SasiSUS) e da vigil\u00e2ncia em sa\u00fade, a fim de melhor compreender a situa\u00e7\u00e3o epidemiol\u00f3gica da covid-19. Al\u00e9m disso, recomenda-se que sejam organizadas a\u00e7\u00f5es de testagem extramuros pelos munic\u00edpios.<\/p>\n\n\n\n<p><strong>Pico<\/strong><\/p>\n\n\n\n<p>O recorde de infectados em 24 horas em Minas Gerais foi superado nesta mesma quarta-feira (12\/1), quando foram identificados 18.153 novos casos de covid-19. De acordo com F\u00e1bio Baccheretti, o pico do cont\u00e1gio \u00e9 esperado para as pr\u00f3ximas duas semanas.<\/p>\n\n\n\n<p>\u201cO v\u00edrus est\u00e1 circulando como nunca circulou. A nova cepa, a \u00d4micron, tem uma capacidade de infectar muito maior em rela\u00e7\u00e3o \u00e0s demais que surgiram desde o in\u00edcio da pandemia. A \u00fanica forma de se combater a doen\u00e7a \u00e9 se vacinando e usando m\u00e1scara\u201d, alertou.<\/p>\n\n\n\n<p>Estudo feito pela SES-MG, com dados da covid-19 referentes ao m\u00eas de dezembro em Minas Gerais, mostra que uma pessoa n\u00e3o vacinada corre um risco 11 vezes maior de morrer em decorr\u00eancia do v\u00edrus do que uma pessoa imunizada com as duas doses.<\/p>\n\n\n\n<p>De acordo com o levantamento, em dezembro, a m\u00e9dia de taxa de \u00f3bitos por 100 mil habitantes no estado foi de 0,06 para vacinados com duas doses. Para os que tomaram apenas uma dose, a taxa \u00e9 de 0,12. J\u00e1 os que n\u00e3o tomaram a vacina, o n\u00famero chega a 0,71.<\/p>\n\n\n\n<p><\/p>\n\n\n\n<p><a rel=\"noreferrer noopener\" href=\"https:\/\/www.saude.mg.gov.br\/component\/gmg\/story\/16207-minas-aumentara-a-testagem-da-covid-19-nas-cidades-afetadas-pelas-chuvas\" target=\"_blank\">Por Ag\u00eancia Minas<\/a><br>Foto: Isabela Carrari<\/p>\n","protected":false},"excerpt":{"rendered":"<p>Secretaria de Estado de Sa\u00fade (SES) quer evitar surto de Influenza e covid entre os desabrigados A&nbsp;Secretaria de Estado de Sa\u00fade (SES)&nbsp;vai aumentar a testagem nos munic\u00edpios afetados pelas fortes chuvas das \u00faltimas semanas. A informa\u00e7\u00e3o foi divulgada pelo secret\u00e1rio F\u00e1bio Baccheretti, durante coletiva de imprensa, nesta quinta-feira (13\/1), na Cidade Administrativa. \u201cJ\u00e1 recomendamos aos [&hellip;]<\/p>\n","protected":false},"author":1,"featured_media":23052,"comment_status":"open","ping_status":"open","sticky":false,"template":"","format":"standard","meta":{"footnotes":""},"categories":[140,143],"tags":[],"class_list":["post-23051","post","type-post","status-publish","format-standard","has-post-thumbnail","hentry","category-noticias","category-noticias-publicas"],"yoast_head":"<!-- This site is optimized with the Yoast SEO plugin v26.9 - https:\/\/yoast.com\/product\/yoast-seo-wordpress\/ -->\n<title>Minas aumentar\u00e1 a testagem da covid-19 nas cidades afetadas pelas chuvas - Federassantas<\/title>\n<meta name=\"robots\" content=\"index, follow, max-snippet:-1, max-image-preview:large, max-video-preview:-1\" \/>\n<link rel=\"canonical\" href=\"https:\/\/www.federassantas.org.br\/novosite\/minas-aumentara-a-testagem-da-covid-19-nas-cidades-afetadas-pelas-chuvas\/\" \/>\n<meta property=\"og:locale\" content=\"pt_BR\" \/>\n<meta property=\"og:type\" content=\"article\" \/>\n<meta property=\"og:title\" content=\"Minas aumentar\u00e1 a testagem da covid-19 nas cidades afetadas pelas chuvas - Federassantas\" \/>\n<meta property=\"og:description\" content=\"Secretaria de Estado de Sa\u00fade (SES) quer evitar surto de Influenza e covid entre os desabrigados A&nbsp;Secretaria de Estado de Sa\u00fade (SES)&nbsp;vai aumentar a testagem nos munic\u00edpios afetados pelas fortes chuvas das \u00faltimas semanas. A informa\u00e7\u00e3o foi divulgada pelo secret\u00e1rio F\u00e1bio Baccheretti, durante coletiva de imprensa, nesta quinta-feira (13\/1), na Cidade Administrativa. \u201cJ\u00e1 recomendamos aos [&hellip;]\" \/>\n<meta property=\"og:url\" content=\"https:\/\/www.federassantas.org.br\/novosite\/minas-aumentara-a-testagem-da-covid-19-nas-cidades-afetadas-pelas-chuvas\/\" \/>\n<meta property=\"og:site_name\" content=\"Federassantas\" \/>\n<meta property=\"article:published_time\" content=\"2022-01-14T14:23:32+00:00\" \/>\n<meta name=\"author\" content=\"admin-federas\" \/>\n<meta name=\"twitter:card\" content=\"summary_large_image\" \/>\n<meta name=\"twitter:label1\" content=\"Escrito por\" \/>\n\t<meta name=\"twitter:data1\" content=\"admin-federas\" \/>\n\t<meta name=\"twitter:label2\" content=\"Est. tempo de leitura\" \/>\n\t<meta name=\"twitter:data2\" content=\"3 minutos\" \/>\n<script type=\"application\/ld+json\" class=\"yoast-schema-graph\">{\"@context\":\"https:\/\/schema.org\",\"@graph\":[{\"@type\":\"Article\",\"@id\":\"https:\/\/www.federassantas.org.br\/novosite\/minas-aumentara-a-testagem-da-covid-19-nas-cidades-afetadas-pelas-chuvas\/#article\",\"isPartOf\":{\"@id\":\"https:\/\/www.federassantas.org.br\/novosite\/minas-aumentara-a-testagem-da-covid-19-nas-cidades-afetadas-pelas-chuvas\/\"},\"author\":{\"name\":\"admin-federas\",\"@id\":\"https:\/\/www.federassantas.org.br\/novosite\/#\/schema\/person\/75fed98158349313fe56175f232f513c\"},\"headline\":\"Minas aumentar\u00e1 a testagem da covid-19 nas cidades afetadas pelas chuvas\",\"datePublished\":\"2022-01-14T14:23:32+00:00\",\"mainEntityOfPage\":{\"@id\":\"https:\/\/www.federassantas.org.br\/novosite\/minas-aumentara-a-testagem-da-covid-19-nas-cidades-afetadas-pelas-chuvas\/\"},\"wordCount\":597,\"commentCount\":0,\"publisher\":{\"@id\":\"https:\/\/www.federassantas.org.br\/novosite\/#organization\"},\"image\":{\"@id\":\"https:\/\/www.federassantas.org.br\/novosite\/minas-aumentara-a-testagem-da-covid-19-nas-cidades-afetadas-pelas-chuvas\/#primaryimage\"},\"thumbnailUrl\":\"\",\"articleSection\":[\"Not\u00edcias\",\"Not\u00edcias P\u00fablicas\"],\"inLanguage\":\"pt-BR\",\"potentialAction\":[{\"@type\":\"CommentAction\",\"name\":\"Comment\",\"target\":[\"https:\/\/www.federassantas.org.br\/novosite\/minas-aumentara-a-testagem-da-covid-19-nas-cidades-afetadas-pelas-chuvas\/#respond\"]}]},{\"@type\":\"WebPage\",\"@id\":\"https:\/\/www.federassantas.org.br\/novosite\/minas-aumentara-a-testagem-da-covid-19-nas-cidades-afetadas-pelas-chuvas\/\",\"url\":\"https:\/\/www.federassantas.org.br\/novosite\/minas-aumentara-a-testagem-da-covid-19-nas-cidades-afetadas-pelas-chuvas\/\",\"name\":\"Minas aumentar\u00e1 a testagem da covid-19 nas cidades afetadas pelas chuvas - Federassantas\",\"isPartOf\":{\"@id\":\"https:\/\/www.federassantas.org.br\/novosite\/#website\"},\"primaryImageOfPage\":{\"@id\":\"https:\/\/www.federassantas.org.br\/novosite\/minas-aumentara-a-testagem-da-covid-19-nas-cidades-afetadas-pelas-chuvas\/#primaryimage\"},\"image\":{\"@id\":\"https:\/\/www.federassantas.org.br\/novosite\/minas-aumentara-a-testagem-da-covid-19-nas-cidades-afetadas-pelas-chuvas\/#primaryimage\"},\"thumbnailUrl\":\"\",\"datePublished\":\"2022-01-14T14:23:32+00:00\",\"breadcrumb\":{\"@id\":\"https:\/\/www.federassantas.org.br\/novosite\/minas-aumentara-a-testagem-da-covid-19-nas-cidades-afetadas-pelas-chuvas\/#breadcrumb\"},\"inLanguage\":\"pt-BR\",\"potentialAction\":[{\"@type\":\"ReadAction\",\"target\":[\"https:\/\/www.federassantas.org.br\/novosite\/minas-aumentara-a-testagem-da-covid-19-nas-cidades-afetadas-pelas-chuvas\/\"]}]},{\"@type\":\"ImageObject\",\"inLanguage\":\"pt-BR\",\"@id\":\"https:\/\/www.federassantas.org.br\/novosite\/minas-aumentara-a-testagem-da-covid-19-nas-cidades-afetadas-pelas-chuvas\/#primaryimage\",\"url\":\"\",\"contentUrl\":\"\"},{\"@type\":\"BreadcrumbList\",\"@id\":\"https:\/\/www.federassantas.org.br\/novosite\/minas-aumentara-a-testagem-da-covid-19-nas-cidades-afetadas-pelas-chuvas\/#breadcrumb\",\"itemListElement\":[{\"@type\":\"ListItem\",\"position\":1,\"name\":\"In\u00edcio\",\"item\":\"https:\/\/www.federassantas.org.br\/novosite\/\"},{\"@type\":\"ListItem\",\"position\":2,\"name\":\"Minas aumentar\u00e1 a testagem da covid-19 nas cidades afetadas pelas chuvas\"}]},{\"@type\":\"WebSite\",\"@id\":\"https:\/\/www.federassantas.org.br\/novosite\/#website\",\"url\":\"https:\/\/www.federassantas.org.br\/novosite\/\",\"name\":\"Federassantas\",\"description\":\"Fed. das Santas Casas e Hospitais Filantr\u00f3picos de MG\",\"publisher\":{\"@id\":\"https:\/\/www.federassantas.org.br\/novosite\/#organization\"},\"potentialAction\":[{\"@type\":\"SearchAction\",\"target\":{\"@type\":\"EntryPoint\",\"urlTemplate\":\"https:\/\/www.federassantas.org.br\/novosite\/?s={search_term_string}\"},\"query-input\":{\"@type\":\"PropertyValueSpecification\",\"valueRequired\":true,\"valueName\":\"search_term_string\"}}],\"inLanguage\":\"pt-BR\"},{\"@type\":\"Organization\",\"@id\":\"https:\/\/www.federassantas.org.br\/novosite\/#organization\",\"name\":\"Federassantas\",\"url\":\"https:\/\/www.federassantas.org.br\/novosite\/\",\"logo\":{\"@type\":\"ImageObject\",\"inLanguage\":\"pt-BR\",\"@id\":\"https:\/\/www.federassantas.org.br\/novosite\/#\/schema\/logo\/image\/\",\"url\":\"https:\/\/www.federassantas.org.br\/novosite\/wp-content\/uploads\/2021\/12\/logo.png\",\"contentUrl\":\"https:\/\/www.federassantas.org.br\/novosite\/wp-content\/uploads\/2021\/12\/logo.png\",\"width\":243,\"height\":59,\"caption\":\"Federassantas\"},\"image\":{\"@id\":\"https:\/\/www.federassantas.org.br\/novosite\/#\/schema\/logo\/image\/\"}},{\"@type\":\"Person\",\"@id\":\"https:\/\/www.federassantas.org.br\/novosite\/#\/schema\/person\/75fed98158349313fe56175f232f513c\",\"name\":\"admin-federas\",\"image\":{\"@type\":\"ImageObject\",\"inLanguage\":\"pt-BR\",\"@id\":\"https:\/\/www.federassantas.org.br\/novosite\/#\/schema\/person\/image\/\",\"url\":\"https:\/\/secure.gravatar.com\/avatar\/2a02d7dda59fe8dc6b7ffd3f652e2efede5ccf0dd89dfdc8137c5517f3de8407?s=96&d=mm&r=g\",\"contentUrl\":\"https:\/\/secure.gravatar.com\/avatar\/2a02d7dda59fe8dc6b7ffd3f652e2efede5ccf0dd89dfdc8137c5517f3de8407?s=96&d=mm&r=g\",\"caption\":\"admin-federas\"},\"sameAs\":[\"https:\/\/www.federassantas.org.br\/novosite\/\"],\"url\":\"https:\/\/www.federassantas.org.br\/novosite\/author\/admin-federas\/\"}]}<\/script>\n<!-- \/ Yoast SEO plugin. -->","yoast_head_json":{"title":"Minas aumentar\u00e1 a testagem da covid-19 nas cidades afetadas pelas chuvas - Federassantas","robots":{"index":"index","follow":"follow","max-snippet":"max-snippet:-1","max-image-preview":"max-image-preview:large","max-video-preview":"max-video-preview:-1"},"canonical":"https:\/\/www.federassantas.org.br\/novosite\/minas-aumentara-a-testagem-da-covid-19-nas-cidades-afetadas-pelas-chuvas\/","og_locale":"pt_BR","og_type":"article","og_title":"Minas aumentar\u00e1 a testagem da covid-19 nas cidades afetadas pelas chuvas - Federassantas","og_description":"Secretaria de Estado de Sa\u00fade (SES) quer evitar surto de Influenza e covid entre os desabrigados A&nbsp;Secretaria de Estado de Sa\u00fade (SES)&nbsp;vai aumentar a testagem nos munic\u00edpios afetados pelas fortes chuvas das \u00faltimas semanas. A informa\u00e7\u00e3o foi divulgada pelo secret\u00e1rio F\u00e1bio Baccheretti, durante coletiva de imprensa, nesta quinta-feira (13\/1), na Cidade Administrativa. \u201cJ\u00e1 recomendamos aos [&hellip;]","og_url":"https:\/\/www.federassantas.org.br\/novosite\/minas-aumentara-a-testagem-da-covid-19-nas-cidades-afetadas-pelas-chuvas\/","og_site_name":"Federassantas","article_published_time":"2022-01-14T14:23:32+00:00","author":"admin-federas","twitter_card":"summary_large_image","twitter_misc":{"Escrito por":"admin-federas","Est. tempo de leitura":"3 minutos"},"schema":{"@context":"https:\/\/schema.org","@graph":[{"@type":"Article","@id":"https:\/\/www.federassantas.org.br\/novosite\/minas-aumentara-a-testagem-da-covid-19-nas-cidades-afetadas-pelas-chuvas\/#article","isPartOf":{"@id":"https:\/\/www.federassantas.org.br\/novosite\/minas-aumentara-a-testagem-da-covid-19-nas-cidades-afetadas-pelas-chuvas\/"},"author":{"name":"admin-federas","@id":"https:\/\/www.federassantas.org.br\/novosite\/#\/schema\/person\/75fed98158349313fe56175f232f513c"},"headline":"Minas aumentar\u00e1 a testagem da covid-19 nas cidades afetadas pelas chuvas","datePublished":"2022-01-14T14:23:32+00:00","mainEntityOfPage":{"@id":"https:\/\/www.federassantas.org.br\/novosite\/minas-aumentara-a-testagem-da-covid-19-nas-cidades-afetadas-pelas-chuvas\/"},"wordCount":597,"commentCount":0,"publisher":{"@id":"https:\/\/www.federassantas.org.br\/novosite\/#organization"},"image":{"@id":"https:\/\/www.federassantas.org.br\/novosite\/minas-aumentara-a-testagem-da-covid-19-nas-cidades-afetadas-pelas-chuvas\/#primaryimage"},"thumbnailUrl":"","articleSection":["Not\u00edcias","Not\u00edcias P\u00fablicas"],"inLanguage":"pt-BR","potentialAction":[{"@type":"CommentAction","name":"Comment","target":["https:\/\/www.federassantas.org.br\/novosite\/minas-aumentara-a-testagem-da-covid-19-nas-cidades-afetadas-pelas-chuvas\/#respond"]}]},{"@type":"WebPage","@id":"https:\/\/www.federassantas.org.br\/novosite\/minas-aumentara-a-testagem-da-covid-19-nas-cidades-afetadas-pelas-chuvas\/","url":"https:\/\/www.federassantas.org.br\/novosite\/minas-aumentara-a-testagem-da-covid-19-nas-cidades-afetadas-pelas-chuvas\/","name":"Minas aumentar\u00e1 a testagem da covid-19 nas cidades afetadas pelas chuvas - Federassantas","isPartOf":{"@id":"https:\/\/www.federassantas.org.br\/novosite\/#website"},"primaryImageOfPage":{"@id":"https:\/\/www.federassantas.org.br\/novosite\/minas-aumentara-a-testagem-da-covid-19-nas-cidades-afetadas-pelas-chuvas\/#primaryimage"},"image":{"@id":"https:\/\/www.federassantas.org.br\/novosite\/minas-aumentara-a-testagem-da-covid-19-nas-cidades-afetadas-pelas-chuvas\/#primaryimage"},"thumbnailUrl":"","datePublished":"2022-01-14T14:23:32+00:00","breadcrumb":{"@id":"https:\/\/www.federassantas.org.br\/novosite\/minas-aumentara-a-testagem-da-covid-19-nas-cidades-afetadas-pelas-chuvas\/#breadcrumb"},"inLanguage":"pt-BR","potentialAction":[{"@type":"ReadAction","target":["https:\/\/www.federassantas.org.br\/novosite\/minas-aumentara-a-testagem-da-covid-19-nas-cidades-afetadas-pelas-chuvas\/"]}]},{"@type":"ImageObject","inLanguage":"pt-BR","@id":"https:\/\/www.federassantas.org.br\/novosite\/minas-aumentara-a-testagem-da-covid-19-nas-cidades-afetadas-pelas-chuvas\/#primaryimage","url":"","contentUrl":""},{"@type":"BreadcrumbList","@id":"https:\/\/www.federassantas.org.br\/novosite\/minas-aumentara-a-testagem-da-covid-19-nas-cidades-afetadas-pelas-chuvas\/#breadcrumb","itemListElement":[{"@type":"ListItem","position":1,"name":"In\u00edcio","item":"https:\/\/www.federassantas.org.br\/novosite\/"},{"@type":"ListItem","position":2,"name":"Minas aumentar\u00e1 a testagem da covid-19 nas cidades afetadas pelas chuvas"}]},{"@type":"WebSite","@id":"https:\/\/www.federassantas.org.br\/novosite\/#website","url":"https:\/\/www.federassantas.org.br\/novosite\/","name":"Federassantas","description":"Fed. das Santas Casas e Hospitais Filantr\u00f3picos de MG","publisher":{"@id":"https:\/\/www.federassantas.org.br\/novosite\/#organization"},"potentialAction":[{"@type":"SearchAction","target":{"@type":"EntryPoint","urlTemplate":"https:\/\/www.federassantas.org.br\/novosite\/?s={search_term_string}"},"query-input":{"@type":"PropertyValueSpecification","valueRequired":true,"valueName":"search_term_string"}}],"inLanguage":"pt-BR"},{"@type":"Organization","@id":"https:\/\/www.federassantas.org.br\/novosite\/#organization","name":"Federassantas","url":"https:\/\/www.federassantas.org.br\/novosite\/","logo":{"@type":"ImageObject","inLanguage":"pt-BR","@id":"https:\/\/www.federassantas.org.br\/novosite\/#\/schema\/logo\/image\/","url":"https:\/\/www.federassantas.org.br\/novosite\/wp-content\/uploads\/2021\/12\/logo.png","contentUrl":"https:\/\/www.federassantas.org.br\/novosite\/wp-content\/uploads\/2021\/12\/logo.png","width":243,"height":59,"caption":"Federassantas"},"image":{"@id":"https:\/\/www.federassantas.org.br\/novosite\/#\/schema\/logo\/image\/"}},{"@type":"Person","@id":"https:\/\/www.federassantas.org.br\/novosite\/#\/schema\/person\/75fed98158349313fe56175f232f513c","name":"admin-federas","image":{"@type":"ImageObject","inLanguage":"pt-BR","@id":"https:\/\/www.federassantas.org.br\/novosite\/#\/schema\/person\/image\/","url":"https:\/\/secure.gravatar.com\/avatar\/2a02d7dda59fe8dc6b7ffd3f652e2efede5ccf0dd89dfdc8137c5517f3de8407?s=96&d=mm&r=g","contentUrl":"https:\/\/secure.gravatar.com\/avatar\/2a02d7dda59fe8dc6b7ffd3f652e2efede5ccf0dd89dfdc8137c5517f3de8407?s=96&d=mm&r=g","caption":"admin-federas"},"sameAs":["https:\/\/www.federassantas.org.br\/novosite\/"],"url":"https:\/\/www.federassantas.org.br\/novosite\/author\/admin-federas\/"}]}},"_links":{"self":[{"href":"https:\/\/www.federassantas.org.br\/novosite\/wp-json\/wp\/v2\/posts\/23051","targetHints":{"allow":["GET"]}}],"collection":[{"href":"https:\/\/www.federassantas.org.br\/novosite\/wp-json\/wp\/v2\/posts"}],"about":[{"href":"https:\/\/www.federassantas.org.br\/novosite\/wp-json\/wp\/v2\/types\/post"}],"author":[{"embeddable":true,"href":"https:\/\/www.federassantas.org.br\/novosite\/wp-json\/wp\/v2\/users\/1"}],"replies":[{"embeddable":true,"href":"https:\/\/www.federassantas.org.br\/novosite\/wp-json\/wp\/v2\/comments?post=23051"}],"version-history":[{"count":0,"href":"https:\/\/www.federassantas.org.br\/novosite\/wp-json\/wp\/v2\/posts\/23051\/revisions"}],"wp:featuredmedia":[{"embeddable":true,"href":"https:\/\/www.federassantas.org.br\/novosite\/wp-json\/"}],"wp:attachment":[{"href":"https:\/\/www.federassantas.org.br\/novosite\/wp-json\/wp\/v2\/media?parent=23051"}],"wp:term":[{"taxonomy":"category","embeddable":true,"href":"https:\/\/www.federassantas.org.br\/novosite\/wp-json\/wp\/v2\/categories?post=23051"},{"taxonomy":"post_tag","embeddable":true,"href":"https:\/\/www.federassantas.org.br\/novosite\/wp-json\/wp\/v2\/tags?post=23051"}],"curies":[{"name":"wp","href":"https:\/\/api.w.org\/{rel}","templated":true}]}}