{"id":23057,"date":"2022-01-17T15:56:58","date_gmt":"2022-01-17T18:56:58","guid":{"rendered":"https:\/\/federasbackup.meltcomunicacao.com.br\/?p=23057"},"modified":"2022-01-17T15:56:58","modified_gmt":"2022-01-17T18:56:58","slug":"covid-19-ministro-da-saude-pede-que-se-reforcem-cuidados-na-vacinacao","status":"publish","type":"post","link":"https:\/\/www.federassantas.org.br\/novosite\/covid-19-ministro-da-saude-pede-que-se-reforcem-cuidados-na-vacinacao\/","title":{"rendered":"Covid-19: ministro da Sa\u00fade pede que se reforcem cuidados na vacina\u00e7\u00e3o"},"content":{"rendered":"\n<p><em>Vacina contra covid-19 para crian\u00e7as tem diferen\u00e7as na dosagem<\/em><\/p>\n\n\n\n<p>O ministro da Sa\u00fade, Marcelo Queiroga, alertou hoje (17) para a necessidade de estados e munic\u00edpios refor\u00e7arem a aten\u00e7\u00e3o nos procedimentos para a imuniza\u00e7\u00e3o da popula\u00e7\u00e3o contra a covid-19, especialmente crian\u00e7as e adolescentes.&nbsp;<img decoding=\"async\" src=\"https:\/\/agenciabrasil.ebc.com.br\/ebc.png?id=1437123&amp;o=node\"><img decoding=\"async\" src=\"https:\/\/agenciabrasil.ebc.com.br\/ebc.gif?id=1437123&amp;o=node\"><\/p>\n\n\n\n<p>O alerta foi feito ap\u00f3s o epis\u00f3dio ocorrido no munic\u00edpio paraibano de Lucena, na grande Jo\u00e3o Pessoa, onde cerca de 40 crian\u00e7as foram vacinadas equivocadamente com imunizantes para adultos. Al\u00e9m disso, tamb\u00e9m foram usadas vacinas fora do prazo de validade.<\/p>\n\n\n\n<p>\u201cN\u00f3s, do Minist\u00e9rio da Sa\u00fade, temos alertado acerca das quest\u00f5es relativas \u00e0 seguran\u00e7a. Muitas vezes quando damos os alertas, muitas vezes [dizem que] o minist\u00e9rio \u00e9 contra [a vacina\u00e7\u00e3o de crian\u00e7as]. N\u00e3o \u00e9 quest\u00e3o de ser contra, \u00e9 quest\u00e3o de compromisso com a aplica\u00e7\u00e3o adequada de vacinas e evitar poss\u00edveis efeitos adversos\u201d, disse Queiroga pouco antes de se deslocar para a cidade de Monteiro (PB), onde participa de um ato de testagem para diagn\u00f3stico da covid-19.<\/p>\n\n\n\n<p>A hist\u00f3ria veio a p\u00fablico nos \u00faltimos dias, ap\u00f3s uma m\u00e3e publicar nas redes sociais um v\u00eddeo do cart\u00e3o de vacinas dos filhos com a informa\u00e7\u00e3o de que eles foram vacinados contra o coronav\u00edrus no in\u00edcio de janeiro. Por\u00e9m, as doses e a vacina\u00e7\u00e3o de crian\u00e7as s\u00f3 tiveram in\u00edcio depois do epis\u00f3dio. As primeiras doses do imunizante s\u00f3 chegaram na Para\u00edba na \u00faltima sexta-feira (14).<\/p>\n\n\n\n<p>A vacina contra covid-19, autorizada para crian\u00e7as, apresenta diferen\u00e7as na dosagem, composi\u00e7\u00e3o e concentra\u00e7\u00e3o do principal componente, o RNA mensageiro, com a dosagem sendo o equivalente a um ter\u00e7o da vacina aplicada em adolescentes, a partir dos 12 anos, e adultos.<\/p>\n\n\n\n<h5 class=\"wp-block-heading\">Orienta\u00e7\u00f5es<\/h5>\n\n\n\n<p>Segundo o ministro da Sa\u00fade, cabe aos gestores locais do Sistema \u00danico de Sa\u00fade (SUS) o armazenamento correto, al\u00e9m do acompanhamento da validade dos frascos e aplica\u00e7\u00e3o das doses, seguindo as orienta\u00e7\u00f5es do minist\u00e9rio.<\/p>\n\n\n\n<p>\u201c\u00c9 por isso que a vacina\u00e7\u00e3o de crian\u00e7as de 5 a 11 anos foi autorizada, mas autorizada dentro de recomenda\u00e7\u00f5es da Ag\u00eancia de Vigil\u00e2ncia Sanit\u00e1ria, a Anvisa, em rela\u00e7\u00e3o a sua aplica\u00e7\u00e3o. O frasco da vacina \u00e9 diferente, justamente para evitar uma aplica\u00e7\u00e3o indevida, as salas de vacina\u00e7\u00e3o s\u00e3o salas que devem ser exclusivas, os aplicadores da vacina t\u00eam que ser exclusivos, as crian\u00e7as t\u00eam que ficar em observa\u00e7\u00e3o depois de vacinadas\u201d, afirmou.&nbsp;<\/p>\n\n\n\n<p>\u201cTemos que ter uma aten\u00e7\u00e3o especial para que se cumpra as normas, seja em rela\u00e7\u00e3o \u00e0 aplica\u00e7\u00e3o, seja em rela\u00e7\u00e3o a f\u00e1rmaco-vigil\u00e2ncia\u201d, acrescentou o ministro.<\/p>\n\n\n\n<p>Ap\u00f3s o epis\u00f3dio, a prefeitura de Lucena disse lamentar o ocorrido e informou que afastou uma profissional de sa\u00fade do munic\u00edpio que aplicou o imunizante para adultos em crian\u00e7as. Ainda conforme a prefeitura, as crian\u00e7as est\u00e3o sob acompanhamento do munic\u00edpio e n\u00e3o apresentaram rea\u00e7\u00f5es adversas graves.<\/p>\n\n\n\n<p>\u201cEsclarecemos que a decis\u00e3o foi tomada individualmente pela pessoa que fez a aplica\u00e7\u00e3o, sendo uma falha pontual e que n\u00e3o partiu de determina\u00e7\u00e3o da administra\u00e7\u00e3o municipal, de forma que assim que tomamos conhecimento, afastamos a respons\u00e1vel\u201d, disse a prefeitura em nota divulgada no s\u00e1bado (15). \u201cAt\u00e9 o momento, felizmente, as crian\u00e7as que recebem as vacinas n\u00e3o apresentam quadro adverso na sa\u00fade\u201d, diz outro trecho da nota.<\/p>\n\n\n\n<h5 class=\"wp-block-heading\">Terceira onda<\/h5>\n\n\n\n<p>O ministro Marcelo Queiroga disse ainda que os estados devem dobrar a aten\u00e7\u00e3o para evitar a aplica\u00e7\u00e3o de imunizantes vencidos e que a prioridade deve ser a aplica\u00e7\u00e3o da segunda dose ou dose de refor\u00e7o. Para o ministro, com a variante \u00d4micron o pa\u00eds est\u00e1 diante de uma poss\u00edvel terceira onda da pandemia do novo coronav\u00edrus (covid-19).<\/p>\n\n\n\n<p>\u201cH\u00e1 mais de 70 milh\u00f5es de doses que est\u00e3o com os estados e essas doses t\u00eam que ser aplicadas no p\u00fablico- alvo. A prioridade \u00e9 a aplica\u00e7\u00e3o da segunda dose e da dose de refor\u00e7o. Estamos diante de uma poss\u00edvel terceira onda em fun\u00e7\u00e3o da variante \u00d4micron aumentando o n\u00famero de casos\u201d, disse.&nbsp;<\/p>\n\n\n\n<p>\u201cOs dados iniciais apontam que, em pa\u00edses que t\u00eam um n\u00edvel de vacina\u00e7\u00e3o equiparado ao Brasil, n\u00e3o t\u00eam gerado tanto impacto sobre o sistema hospitalar e sobre as unidades de terapia intensiva, mas o v\u00edrus \u00e9 um inimigo imprevis\u00edvel e n\u00f3s n\u00e3o temos que baixar a guarda\u201d, finalizou o ministro da Sa\u00fade.<\/p>\n\n\n\n<p><\/p>\n\n\n\n<p>Fonte: Ag\u00eancia Brasil<br>Foto: Walterson Rosa\/MS<\/p>\n","protected":false},"excerpt":{"rendered":"<p>Vacina contra covid-19 para crian\u00e7as tem diferen\u00e7as na dosagem O ministro da Sa\u00fade, Marcelo Queiroga, alertou hoje (17) para a necessidade de estados e munic\u00edpios refor\u00e7arem a aten\u00e7\u00e3o nos procedimentos para a imuniza\u00e7\u00e3o da popula\u00e7\u00e3o contra a covid-19, especialmente crian\u00e7as e adolescentes.&nbsp; O alerta foi feito ap\u00f3s o epis\u00f3dio ocorrido no munic\u00edpio paraibano de Lucena, [&hellip;]<\/p>\n","protected":false},"author":1,"featured_media":23058,"comment_status":"open","ping_status":"open","sticky":false,"template":"","format":"standard","meta":{"footnotes":""},"categories":[140,143],"tags":[],"class_list":["post-23057","post","type-post","status-publish","format-standard","has-post-thumbnail","hentry","category-noticias","category-noticias-publicas"],"yoast_head":"<!-- This site is optimized with the Yoast SEO plugin v26.9 - https:\/\/yoast.com\/product\/yoast-seo-wordpress\/ -->\n<title>Covid-19: ministro da Sa\u00fade pede que se reforcem cuidados na vacina\u00e7\u00e3o - Federassantas<\/title>\n<meta name=\"robots\" content=\"index, follow, max-snippet:-1, max-image-preview:large, max-video-preview:-1\" \/>\n<link rel=\"canonical\" href=\"https:\/\/www.federassantas.org.br\/novosite\/covid-19-ministro-da-saude-pede-que-se-reforcem-cuidados-na-vacinacao\/\" \/>\n<meta property=\"og:locale\" content=\"pt_BR\" \/>\n<meta property=\"og:type\" content=\"article\" \/>\n<meta property=\"og:title\" content=\"Covid-19: ministro da Sa\u00fade pede que se reforcem cuidados na vacina\u00e7\u00e3o - Federassantas\" \/>\n<meta property=\"og:description\" content=\"Vacina contra covid-19 para crian\u00e7as tem diferen\u00e7as na dosagem O ministro da Sa\u00fade, Marcelo Queiroga, alertou hoje (17) para a necessidade de estados e munic\u00edpios refor\u00e7arem a aten\u00e7\u00e3o nos procedimentos para a imuniza\u00e7\u00e3o da popula\u00e7\u00e3o contra a covid-19, especialmente crian\u00e7as e adolescentes.&nbsp; O alerta foi feito ap\u00f3s o epis\u00f3dio ocorrido no munic\u00edpio paraibano de Lucena, [&hellip;]\" \/>\n<meta property=\"og:url\" content=\"https:\/\/www.federassantas.org.br\/novosite\/covid-19-ministro-da-saude-pede-que-se-reforcem-cuidados-na-vacinacao\/\" \/>\n<meta property=\"og:site_name\" content=\"Federassantas\" \/>\n<meta property=\"article:published_time\" content=\"2022-01-17T18:56:58+00:00\" \/>\n<meta name=\"author\" content=\"admin-federas\" \/>\n<meta name=\"twitter:card\" content=\"summary_large_image\" \/>\n<meta name=\"twitter:label1\" content=\"Escrito por\" \/>\n\t<meta name=\"twitter:data1\" content=\"admin-federas\" \/>\n\t<meta name=\"twitter:label2\" content=\"Est. tempo de leitura\" \/>\n\t<meta name=\"twitter:data2\" content=\"4 minutos\" \/>\n<script type=\"application\/ld+json\" class=\"yoast-schema-graph\">{\"@context\":\"https:\/\/schema.org\",\"@graph\":[{\"@type\":\"Article\",\"@id\":\"https:\/\/www.federassantas.org.br\/novosite\/covid-19-ministro-da-saude-pede-que-se-reforcem-cuidados-na-vacinacao\/#article\",\"isPartOf\":{\"@id\":\"https:\/\/www.federassantas.org.br\/novosite\/covid-19-ministro-da-saude-pede-que-se-reforcem-cuidados-na-vacinacao\/\"},\"author\":{\"name\":\"admin-federas\",\"@id\":\"https:\/\/www.federassantas.org.br\/novosite\/#\/schema\/person\/75fed98158349313fe56175f232f513c\"},\"headline\":\"Covid-19: ministro da Sa\u00fade pede que se reforcem cuidados na vacina\u00e7\u00e3o\",\"datePublished\":\"2022-01-17T18:56:58+00:00\",\"mainEntityOfPage\":{\"@id\":\"https:\/\/www.federassantas.org.br\/novosite\/covid-19-ministro-da-saude-pede-que-se-reforcem-cuidados-na-vacinacao\/\"},\"wordCount\":804,\"commentCount\":0,\"publisher\":{\"@id\":\"https:\/\/www.federassantas.org.br\/novosite\/#organization\"},\"image\":{\"@id\":\"https:\/\/www.federassantas.org.br\/novosite\/covid-19-ministro-da-saude-pede-que-se-reforcem-cuidados-na-vacinacao\/#primaryimage\"},\"thumbnailUrl\":\"\",\"articleSection\":[\"Not\u00edcias\",\"Not\u00edcias P\u00fablicas\"],\"inLanguage\":\"pt-BR\",\"potentialAction\":[{\"@type\":\"CommentAction\",\"name\":\"Comment\",\"target\":[\"https:\/\/www.federassantas.org.br\/novosite\/covid-19-ministro-da-saude-pede-que-se-reforcem-cuidados-na-vacinacao\/#respond\"]}]},{\"@type\":\"WebPage\",\"@id\":\"https:\/\/www.federassantas.org.br\/novosite\/covid-19-ministro-da-saude-pede-que-se-reforcem-cuidados-na-vacinacao\/\",\"url\":\"https:\/\/www.federassantas.org.br\/novosite\/covid-19-ministro-da-saude-pede-que-se-reforcem-cuidados-na-vacinacao\/\",\"name\":\"Covid-19: ministro da Sa\u00fade pede que se reforcem cuidados na vacina\u00e7\u00e3o - Federassantas\",\"isPartOf\":{\"@id\":\"https:\/\/www.federassantas.org.br\/novosite\/#website\"},\"primaryImageOfPage\":{\"@id\":\"https:\/\/www.federassantas.org.br\/novosite\/covid-19-ministro-da-saude-pede-que-se-reforcem-cuidados-na-vacinacao\/#primaryimage\"},\"image\":{\"@id\":\"https:\/\/www.federassantas.org.br\/novosite\/covid-19-ministro-da-saude-pede-que-se-reforcem-cuidados-na-vacinacao\/#primaryimage\"},\"thumbnailUrl\":\"\",\"datePublished\":\"2022-01-17T18:56:58+00:00\",\"breadcrumb\":{\"@id\":\"https:\/\/www.federassantas.org.br\/novosite\/covid-19-ministro-da-saude-pede-que-se-reforcem-cuidados-na-vacinacao\/#breadcrumb\"},\"inLanguage\":\"pt-BR\",\"potentialAction\":[{\"@type\":\"ReadAction\",\"target\":[\"https:\/\/www.federassantas.org.br\/novosite\/covid-19-ministro-da-saude-pede-que-se-reforcem-cuidados-na-vacinacao\/\"]}]},{\"@type\":\"ImageObject\",\"inLanguage\":\"pt-BR\",\"@id\":\"https:\/\/www.federassantas.org.br\/novosite\/covid-19-ministro-da-saude-pede-que-se-reforcem-cuidados-na-vacinacao\/#primaryimage\",\"url\":\"\",\"contentUrl\":\"\"},{\"@type\":\"BreadcrumbList\",\"@id\":\"https:\/\/www.federassantas.org.br\/novosite\/covid-19-ministro-da-saude-pede-que-se-reforcem-cuidados-na-vacinacao\/#breadcrumb\",\"itemListElement\":[{\"@type\":\"ListItem\",\"position\":1,\"name\":\"In\u00edcio\",\"item\":\"https:\/\/www.federassantas.org.br\/novosite\/\"},{\"@type\":\"ListItem\",\"position\":2,\"name\":\"Covid-19: ministro da Sa\u00fade pede que se reforcem cuidados na vacina\u00e7\u00e3o\"}]},{\"@type\":\"WebSite\",\"@id\":\"https:\/\/www.federassantas.org.br\/novosite\/#website\",\"url\":\"https:\/\/www.federassantas.org.br\/novosite\/\",\"name\":\"Federassantas\",\"description\":\"Fed. das Santas Casas e Hospitais Filantr\u00f3picos de MG\",\"publisher\":{\"@id\":\"https:\/\/www.federassantas.org.br\/novosite\/#organization\"},\"potentialAction\":[{\"@type\":\"SearchAction\",\"target\":{\"@type\":\"EntryPoint\",\"urlTemplate\":\"https:\/\/www.federassantas.org.br\/novosite\/?s={search_term_string}\"},\"query-input\":{\"@type\":\"PropertyValueSpecification\",\"valueRequired\":true,\"valueName\":\"search_term_string\"}}],\"inLanguage\":\"pt-BR\"},{\"@type\":\"Organization\",\"@id\":\"https:\/\/www.federassantas.org.br\/novosite\/#organization\",\"name\":\"Federassantas\",\"url\":\"https:\/\/www.federassantas.org.br\/novosite\/\",\"logo\":{\"@type\":\"ImageObject\",\"inLanguage\":\"pt-BR\",\"@id\":\"https:\/\/www.federassantas.org.br\/novosite\/#\/schema\/logo\/image\/\",\"url\":\"https:\/\/www.federassantas.org.br\/novosite\/wp-content\/uploads\/2021\/12\/logo.png\",\"contentUrl\":\"https:\/\/www.federassantas.org.br\/novosite\/wp-content\/uploads\/2021\/12\/logo.png\",\"width\":243,\"height\":59,\"caption\":\"Federassantas\"},\"image\":{\"@id\":\"https:\/\/www.federassantas.org.br\/novosite\/#\/schema\/logo\/image\/\"}},{\"@type\":\"Person\",\"@id\":\"https:\/\/www.federassantas.org.br\/novosite\/#\/schema\/person\/75fed98158349313fe56175f232f513c\",\"name\":\"admin-federas\",\"image\":{\"@type\":\"ImageObject\",\"inLanguage\":\"pt-BR\",\"@id\":\"https:\/\/www.federassantas.org.br\/novosite\/#\/schema\/person\/image\/\",\"url\":\"https:\/\/secure.gravatar.com\/avatar\/2a02d7dda59fe8dc6b7ffd3f652e2efede5ccf0dd89dfdc8137c5517f3de8407?s=96&d=mm&r=g\",\"contentUrl\":\"https:\/\/secure.gravatar.com\/avatar\/2a02d7dda59fe8dc6b7ffd3f652e2efede5ccf0dd89dfdc8137c5517f3de8407?s=96&d=mm&r=g\",\"caption\":\"admin-federas\"},\"sameAs\":[\"https:\/\/www.federassantas.org.br\/novosite\/\"],\"url\":\"https:\/\/www.federassantas.org.br\/novosite\/author\/admin-federas\/\"}]}<\/script>\n<!-- \/ Yoast SEO plugin. -->","yoast_head_json":{"title":"Covid-19: ministro da Sa\u00fade pede que se reforcem cuidados na vacina\u00e7\u00e3o - Federassantas","robots":{"index":"index","follow":"follow","max-snippet":"max-snippet:-1","max-image-preview":"max-image-preview:large","max-video-preview":"max-video-preview:-1"},"canonical":"https:\/\/www.federassantas.org.br\/novosite\/covid-19-ministro-da-saude-pede-que-se-reforcem-cuidados-na-vacinacao\/","og_locale":"pt_BR","og_type":"article","og_title":"Covid-19: ministro da Sa\u00fade pede que se reforcem cuidados na vacina\u00e7\u00e3o - Federassantas","og_description":"Vacina contra covid-19 para crian\u00e7as tem diferen\u00e7as na dosagem O ministro da Sa\u00fade, Marcelo Queiroga, alertou hoje (17) para a necessidade de estados e munic\u00edpios refor\u00e7arem a aten\u00e7\u00e3o nos procedimentos para a imuniza\u00e7\u00e3o da popula\u00e7\u00e3o contra a covid-19, especialmente crian\u00e7as e adolescentes.&nbsp; O alerta foi feito ap\u00f3s o epis\u00f3dio ocorrido no munic\u00edpio paraibano de Lucena, [&hellip;]","og_url":"https:\/\/www.federassantas.org.br\/novosite\/covid-19-ministro-da-saude-pede-que-se-reforcem-cuidados-na-vacinacao\/","og_site_name":"Federassantas","article_published_time":"2022-01-17T18:56:58+00:00","author":"admin-federas","twitter_card":"summary_large_image","twitter_misc":{"Escrito por":"admin-federas","Est. tempo de leitura":"4 minutos"},"schema":{"@context":"https:\/\/schema.org","@graph":[{"@type":"Article","@id":"https:\/\/www.federassantas.org.br\/novosite\/covid-19-ministro-da-saude-pede-que-se-reforcem-cuidados-na-vacinacao\/#article","isPartOf":{"@id":"https:\/\/www.federassantas.org.br\/novosite\/covid-19-ministro-da-saude-pede-que-se-reforcem-cuidados-na-vacinacao\/"},"author":{"name":"admin-federas","@id":"https:\/\/www.federassantas.org.br\/novosite\/#\/schema\/person\/75fed98158349313fe56175f232f513c"},"headline":"Covid-19: ministro da Sa\u00fade pede que se reforcem cuidados na vacina\u00e7\u00e3o","datePublished":"2022-01-17T18:56:58+00:00","mainEntityOfPage":{"@id":"https:\/\/www.federassantas.org.br\/novosite\/covid-19-ministro-da-saude-pede-que-se-reforcem-cuidados-na-vacinacao\/"},"wordCount":804,"commentCount":0,"publisher":{"@id":"https:\/\/www.federassantas.org.br\/novosite\/#organization"},"image":{"@id":"https:\/\/www.federassantas.org.br\/novosite\/covid-19-ministro-da-saude-pede-que-se-reforcem-cuidados-na-vacinacao\/#primaryimage"},"thumbnailUrl":"","articleSection":["Not\u00edcias","Not\u00edcias P\u00fablicas"],"inLanguage":"pt-BR","potentialAction":[{"@type":"CommentAction","name":"Comment","target":["https:\/\/www.federassantas.org.br\/novosite\/covid-19-ministro-da-saude-pede-que-se-reforcem-cuidados-na-vacinacao\/#respond"]}]},{"@type":"WebPage","@id":"https:\/\/www.federassantas.org.br\/novosite\/covid-19-ministro-da-saude-pede-que-se-reforcem-cuidados-na-vacinacao\/","url":"https:\/\/www.federassantas.org.br\/novosite\/covid-19-ministro-da-saude-pede-que-se-reforcem-cuidados-na-vacinacao\/","name":"Covid-19: ministro da Sa\u00fade pede que se reforcem cuidados na vacina\u00e7\u00e3o - Federassantas","isPartOf":{"@id":"https:\/\/www.federassantas.org.br\/novosite\/#website"},"primaryImageOfPage":{"@id":"https:\/\/www.federassantas.org.br\/novosite\/covid-19-ministro-da-saude-pede-que-se-reforcem-cuidados-na-vacinacao\/#primaryimage"},"image":{"@id":"https:\/\/www.federassantas.org.br\/novosite\/covid-19-ministro-da-saude-pede-que-se-reforcem-cuidados-na-vacinacao\/#primaryimage"},"thumbnailUrl":"","datePublished":"2022-01-17T18:56:58+00:00","breadcrumb":{"@id":"https:\/\/www.federassantas.org.br\/novosite\/covid-19-ministro-da-saude-pede-que-se-reforcem-cuidados-na-vacinacao\/#breadcrumb"},"inLanguage":"pt-BR","potentialAction":[{"@type":"ReadAction","target":["https:\/\/www.federassantas.org.br\/novosite\/covid-19-ministro-da-saude-pede-que-se-reforcem-cuidados-na-vacinacao\/"]}]},{"@type":"ImageObject","inLanguage":"pt-BR","@id":"https:\/\/www.federassantas.org.br\/novosite\/covid-19-ministro-da-saude-pede-que-se-reforcem-cuidados-na-vacinacao\/#primaryimage","url":"","contentUrl":""},{"@type":"BreadcrumbList","@id":"https:\/\/www.federassantas.org.br\/novosite\/covid-19-ministro-da-saude-pede-que-se-reforcem-cuidados-na-vacinacao\/#breadcrumb","itemListElement":[{"@type":"ListItem","position":1,"name":"In\u00edcio","item":"https:\/\/www.federassantas.org.br\/novosite\/"},{"@type":"ListItem","position":2,"name":"Covid-19: ministro da Sa\u00fade pede que se reforcem cuidados na vacina\u00e7\u00e3o"}]},{"@type":"WebSite","@id":"https:\/\/www.federassantas.org.br\/novosite\/#website","url":"https:\/\/www.federassantas.org.br\/novosite\/","name":"Federassantas","description":"Fed. das Santas Casas e Hospitais Filantr\u00f3picos de MG","publisher":{"@id":"https:\/\/www.federassantas.org.br\/novosite\/#organization"},"potentialAction":[{"@type":"SearchAction","target":{"@type":"EntryPoint","urlTemplate":"https:\/\/www.federassantas.org.br\/novosite\/?s={search_term_string}"},"query-input":{"@type":"PropertyValueSpecification","valueRequired":true,"valueName":"search_term_string"}}],"inLanguage":"pt-BR"},{"@type":"Organization","@id":"https:\/\/www.federassantas.org.br\/novosite\/#organization","name":"Federassantas","url":"https:\/\/www.federassantas.org.br\/novosite\/","logo":{"@type":"ImageObject","inLanguage":"pt-BR","@id":"https:\/\/www.federassantas.org.br\/novosite\/#\/schema\/logo\/image\/","url":"https:\/\/www.federassantas.org.br\/novosite\/wp-content\/uploads\/2021\/12\/logo.png","contentUrl":"https:\/\/www.federassantas.org.br\/novosite\/wp-content\/uploads\/2021\/12\/logo.png","width":243,"height":59,"caption":"Federassantas"},"image":{"@id":"https:\/\/www.federassantas.org.br\/novosite\/#\/schema\/logo\/image\/"}},{"@type":"Person","@id":"https:\/\/www.federassantas.org.br\/novosite\/#\/schema\/person\/75fed98158349313fe56175f232f513c","name":"admin-federas","image":{"@type":"ImageObject","inLanguage":"pt-BR","@id":"https:\/\/www.federassantas.org.br\/novosite\/#\/schema\/person\/image\/","url":"https:\/\/secure.gravatar.com\/avatar\/2a02d7dda59fe8dc6b7ffd3f652e2efede5ccf0dd89dfdc8137c5517f3de8407?s=96&d=mm&r=g","contentUrl":"https:\/\/secure.gravatar.com\/avatar\/2a02d7dda59fe8dc6b7ffd3f652e2efede5ccf0dd89dfdc8137c5517f3de8407?s=96&d=mm&r=g","caption":"admin-federas"},"sameAs":["https:\/\/www.federassantas.org.br\/novosite\/"],"url":"https:\/\/www.federassantas.org.br\/novosite\/author\/admin-federas\/"}]}},"_links":{"self":[{"href":"https:\/\/www.federassantas.org.br\/novosite\/wp-json\/wp\/v2\/posts\/23057","targetHints":{"allow":["GET"]}}],"collection":[{"href":"https:\/\/www.federassantas.org.br\/novosite\/wp-json\/wp\/v2\/posts"}],"about":[{"href":"https:\/\/www.federassantas.org.br\/novosite\/wp-json\/wp\/v2\/types\/post"}],"author":[{"embeddable":true,"href":"https:\/\/www.federassantas.org.br\/novosite\/wp-json\/wp\/v2\/users\/1"}],"replies":[{"embeddable":true,"href":"https:\/\/www.federassantas.org.br\/novosite\/wp-json\/wp\/v2\/comments?post=23057"}],"version-history":[{"count":0,"href":"https:\/\/www.federassantas.org.br\/novosite\/wp-json\/wp\/v2\/posts\/23057\/revisions"}],"wp:featuredmedia":[{"embeddable":true,"href":"https:\/\/www.federassantas.org.br\/novosite\/wp-json\/"}],"wp:attachment":[{"href":"https:\/\/www.federassantas.org.br\/novosite\/wp-json\/wp\/v2\/media?parent=23057"}],"wp:term":[{"taxonomy":"category","embeddable":true,"href":"https:\/\/www.federassantas.org.br\/novosite\/wp-json\/wp\/v2\/categories?post=23057"},{"taxonomy":"post_tag","embeddable":true,"href":"https:\/\/www.federassantas.org.br\/novosite\/wp-json\/wp\/v2\/tags?post=23057"}],"curies":[{"name":"wp","href":"https:\/\/api.w.org\/{rel}","templated":true}]}}