{"id":23060,"date":"2022-01-18T10:51:53","date_gmt":"2022-01-18T13:51:53","guid":{"rendered":"https:\/\/federasbackup.meltcomunicacao.com.br\/?p=23060"},"modified":"2022-01-18T10:51:53","modified_gmt":"2022-01-18T13:51:53","slug":"minas-completa-um-ano-do-inicio-da-vacinacao-contra-covid","status":"publish","type":"post","link":"https:\/\/www.federassantas.org.br\/novosite\/minas-completa-um-ano-do-inicio-da-vacinacao-contra-covid\/","title":{"rendered":"Minas completa um ano do in\u00edcio da vacina\u00e7\u00e3o contra covid"},"content":{"rendered":"\n<p><em>&#8220;Os casos que temos hoje no hospital s\u00e3o de pessoas n\u00e3o vacinadas&#8221;, alerta a primeira imunizada em Minas, a t\u00e9cnica de enfermagem Cec\u00e9<\/em><\/p>\n\n\n\n<p>Exatamente um ano ap\u00f3s o in\u00edcio da maior opera\u00e7\u00e3o de vacina\u00e7\u00e3o da historia de Minas, a primeira vacinada contra a covid-19 no Estado, a t\u00e9cnica de enfermagem do Hospital Eduardo de Menezes (HEM), Maria Bom Sucesso Pereira, a Cec\u00e9, de 58 anos, faz um apelo \u00e0 popula\u00e7\u00e3o para que n\u00e3o deixe de ser imunizada. Ela recebeu a primeira dose no dia 18 de janeiro do ano passado, no Aeroporto Internacional de Belo Horizonte, em Confins, na presen\u00e7a de jornalistas e do governador Romeu Zema.&nbsp;<\/p>\n\n\n\n<p>&#8220;Vacina boa mesmo \u00e9 vacina no bra\u00e7o. \u00c9 a certeza que a gente tem de que est\u00e1 imunizado contra a doen\u00e7a. Ent\u00e3o, todo mundo deveria tomar. Naquela ocasi\u00e3o n\u00e3o foi s\u00f3 uma luz no fim do t\u00fanel, foi um clar\u00e3o em Minas Gerais. Foi a partir de mim que as pessoas ficaram sabendo da chegada da vacina&#8221;, destaca.<\/p>\n\n\n\n<p><strong>Uni\u00e3o e cuidados<\/strong><\/p>\n\n\n\n<p>No in\u00edcio da pandemia, conta a t\u00e9cnica de enfermagem,&nbsp;tudo foi muito assustador. Para evitar o risco de contaminar a fam\u00edlia, Cec\u00e9 chegou a deixar a casa em Caet\u00e9 &#8211; onde moram 12 pessoas &#8211; e se isolou na casa da irm\u00e3,&nbsp;em Belo Horizonte. No hospital, a uni\u00e3o da equipe e o refor\u00e7o dos cuidados tamb\u00e9m fizeram a diferen\u00e7a para evitar o cont\u00e1gio. N\u00e3o por acaso, destaca ela, o HEM, da&nbsp;<a href=\"http:\/\/www.fhemig.mg.gov.br\/\" target=\"_blank\" rel=\"noreferrer noopener\">Rede Fhemig<\/a>, n\u00e3o registrou nenhuma morte por covid de t\u00e9cnico de enfermagem.<\/p>\n\n\n\n<p>Cec\u00e9 ficou longe da fam\u00edlia por sete meses, at\u00e9 tomar a segunda dose do imunizante. E o esfor\u00e7o, garante ela, valeu a pena.&nbsp;&#8220;Eu trabalho em um hospital de refer\u00eancia. E, nesse tempo todo, ningu\u00e9m da minha casa&nbsp;teve a doen\u00e7a. Tudo isso mantendo vacina\u00e7\u00e3o, uso de m\u00e1scaras e \u00e1lcool 70%. Ou seja: \u00e9 eficaz&#8221;, ressalta.<\/p>\n\n\n\n<p>A t\u00e9cnica de enfermagem, que tomou a terceira dose em outubro de 2021, lembra que ainda h\u00e1 um receio de parte da popula\u00e7\u00e3o sobre aplicar ou n\u00e3o o imunizante.<\/p>\n\n\n\n<p>&#8220;A vacina cura sim, gente. Est\u00e1vamos lidando com um v\u00edrus que muda a cada instante. Quanto mais vacinados a gente tiver, melhor&#8221;, enfatiza. \u200b&#8221;Tenho muita gratid\u00e3o e pe\u00e7o a todo mundo que ainda n\u00e3o tomou a segunda dose para procurar os postos de sa\u00fade. E quem ainda est\u00e1 na depend\u00eancia da terceira dose, n\u00e3o deixe de tomar, porque realmente os casos que a gente est\u00e1 tendo aqui no hospital s\u00e3o de pessoas que n\u00e3o foram vacinadas ou que s\u00f3 tomaram uma dose, n\u00e3o concretizaram o esquema vacinal. A vacina salvou muitas vidas&#8221;, salienta.<\/p>\n\n\n\n<p>Na data que marca o anivers\u00e1rio do in\u00edcio da campanha de vacina\u00e7\u00e3o contra a covid, Cec\u00e9 refor\u00e7a, ainda, que \u00e9 o momento de as pessoas n\u00e3o pensarem em si pr\u00f3prias, mas nos outros. &#8220;A gente est\u00e1 protegendo \u00e9 a nossa fam\u00edlia, o filho que ainda n\u00e3o vacinou, a m\u00e3e que \u00e9 idosa e do grupo de risco, a irm\u00e3 hipertensa&#8221;, diz, enfatizando que, agora, com a vacina\u00e7\u00e3o das crian\u00e7as de 5 a 11 anos, os pa\u00eds ou respons\u00e1veis devem &nbsp;levar os pequenos aos postos de sa\u00fade para a aplica\u00e7\u00e3o da dose.<\/p>\n\n\n\n<p>&#8220;Agora com a vacina\u00e7\u00e3o completa, s\u00f3 n\u00e3o d\u00e1 para ir para o abra\u00e7o, mas chego l\u00e1&#8221;, garante&nbsp;Cec\u00e9.<\/p>\n\n\n\n<p><strong>Crian\u00e7as&nbsp;<\/strong><br><br>Quase um ano depois do in\u00edcio da vacina\u00e7\u00e3o contra a covid em Minas, foi a vez do garotinho Miguel Bittencourt, de 10 anos, morador de Vespasiano, na Regi\u00e3o Metropolitana de Belo Horizonte, ser a primeira crian\u00e7a de 5 a 11 anos a tomar a vacina no estado. Mais uma vez, o governador Romeu Zema fez quest\u00e3o de acompanhar o momento e incentivar a imuniza\u00e7\u00e3o. A expectativa \u00e9 que 1,8 milh\u00e3o de crian\u00e7as sejam imunizadas no estado.<br><br><strong>Prote\u00e7\u00e3o<\/strong><br><br>O secret\u00e1rio de Estado da&nbsp;<a href=\"http:\/\/www.saude.mg.gov.br\/\" target=\"_blank\" rel=\"noreferrer noopener\">Sa\u00fade<\/a>&nbsp;de Minas Gerais, o m\u00e9dico F\u00e1bio Baccheretti, comemora o avan\u00e7o da imuniza\u00e7\u00e3o no estado e faz uma apelo \u00e0s pessoas que ainda n\u00e3o se vacinaram para que o fa\u00e7am o mais r\u00e1pido poss\u00edvel. Ele lembra que a vacina\u00e7\u00e3o come\u00e7ou em 18 de janeiro de 2021 de forma lenta com a CoronaVac e, posteriormente, com a AstraZeneca tamb\u00e9m.&nbsp;<br><br>&#8220;Por isso, vicenciamos uma nova cepa, que era a Gama, que foi um terror em mar\u00e7o e abril do ano passado, com muitos \u00f3bitos di\u00e1rios. Ultrapass\u00e1vamos 400 mortes di\u00e1rias, era uma tristeza muito grande. E, apesar de assustador o n\u00famero de casos novos agora, a gente tem a vacina. Percebemos claramente que n\u00e3o vamos passar nem perto do que vivemos naquela \u00e9poca&#8221;, observa.&nbsp;&#8220;Ent\u00e3o, temos que comemorar&#8221;, enfatiza.<br><br>Baccheretti salienta&nbsp;que \u00e9 necess\u00e1rio acabar com o discurso de achar que \u00e9 uma vacina experimental, j\u00e1 que \u00e9 testada em tr\u00eas fases. &#8220;\u00c9 uma tecnologia que tem que ser comemorada. E temos que celebrar a vacina a todo momento. Ent\u00e3o, quem ainda n\u00e3o tomou a vacina, que a tome agora. Quem n\u00e3o tomou o refor\u00e7o, que s\u00e3o quase 3 milh\u00f5es de pessoas, que tome o seu refor\u00e7o, pois s\u00f3 assim voc\u00ea vai se proteger. E nossas crian\u00e7as de at\u00e9 11 anos, gra\u00e7as a Deus chegou a hora. Papai, mam\u00e3e, todo familiar que puder lev\u00e1-las, leve logo, para a gente virar essa p\u00e1gina de vez&#8221;.<br><br>O secret\u00e1rio de Sa\u00fade ressalta ainda que, embora uma variante como a \u00d4micon seja muito infectante, h\u00e1 uma proje\u00e7\u00e3o muito positiva com&nbsp;uma boa imuniza\u00e7\u00e3o. &#8220;A vacina \u00e9 a solu\u00e7\u00e3o. E quem n\u00e3o vacinou e j\u00e1 pode se vacinar, tome a sua dose&#8221;, refor\u00e7ou.<br><br><strong>Vacin\u00f4metro&nbsp;<\/strong><br><br>Dados do vacin\u00f4metro em Minas mostram que o estado j\u00e1 recebeu at\u00e9 agora do Minist\u00e9rio da Sa\u00fade 40.048.859 doses de vacina da covid. Al\u00e9m disso, o estado atingiu a marca de 87% da popula\u00e7\u00e3o acima de 12 anos com as duas doses ou dose \u00fanica. E&nbsp;21% j\u00e1 receberam o refor\u00e7o.<br><br>Para alcan\u00e7ar esses n\u00fameros, tamb\u00e9m foi fundamental o apoio log\u00edstico e operacional das For\u00e7as de Seguran\u00e7a do Estado. Por determina\u00e7\u00e3o do governador Romeu Zema, todas as aeronaves, avi\u00f5es e helic\u00f3pteros foram mobilizados para ajudar a abastecer as 28 regionais de Sa\u00fade com a maior agilidade poss\u00edvel, inclusive em \u00e1reas rurais, comunidades quilombolas e ind\u00edgenas dos 853 munic\u00edpios mineiros.<\/p>\n\n\n\n<p><em><a rel=\"noreferrer noopener\" href=\"https:\/\/www.saude.mg.gov.br\/component\/gmg\/story\/16226-minas-completa-um-ano-do-inicio-da-vacinacao-contra-covid\" target=\"_blank\">Por Ag\u00eancia Minas<\/a><\/em><br>Foto: Cristiano Machado<\/p>\n","protected":false},"excerpt":{"rendered":"<p>&#8220;Os casos que temos hoje no hospital s\u00e3o de pessoas n\u00e3o vacinadas&#8221;, alerta a primeira imunizada em Minas, a t\u00e9cnica de enfermagem Cec\u00e9 Exatamente um ano ap\u00f3s o in\u00edcio da maior opera\u00e7\u00e3o de vacina\u00e7\u00e3o da historia de Minas, a primeira vacinada contra a covid-19 no Estado, a t\u00e9cnica de enfermagem do Hospital Eduardo de Menezes [&hellip;]<\/p>\n","protected":false},"author":1,"featured_media":23061,"comment_status":"open","ping_status":"open","sticky":false,"template":"","format":"standard","meta":{"footnotes":""},"categories":[140,143],"tags":[],"class_list":["post-23060","post","type-post","status-publish","format-standard","has-post-thumbnail","hentry","category-noticias","category-noticias-publicas"],"yoast_head":"<!-- This site is optimized with the Yoast SEO plugin v26.9 - https:\/\/yoast.com\/product\/yoast-seo-wordpress\/ -->\n<title>Minas completa um ano do in\u00edcio da vacina\u00e7\u00e3o contra covid - Federassantas<\/title>\n<meta name=\"robots\" content=\"index, follow, max-snippet:-1, max-image-preview:large, max-video-preview:-1\" \/>\n<link rel=\"canonical\" href=\"https:\/\/www.federassantas.org.br\/novosite\/minas-completa-um-ano-do-inicio-da-vacinacao-contra-covid\/\" \/>\n<meta property=\"og:locale\" content=\"pt_BR\" \/>\n<meta property=\"og:type\" content=\"article\" \/>\n<meta property=\"og:title\" content=\"Minas completa um ano do in\u00edcio da vacina\u00e7\u00e3o contra covid - Federassantas\" \/>\n<meta property=\"og:description\" content=\"&#8220;Os casos que temos hoje no hospital s\u00e3o de pessoas n\u00e3o vacinadas&#8221;, alerta a primeira imunizada em Minas, a t\u00e9cnica de enfermagem Cec\u00e9 Exatamente um ano ap\u00f3s o in\u00edcio da maior opera\u00e7\u00e3o de vacina\u00e7\u00e3o da historia de Minas, a primeira vacinada contra a covid-19 no Estado, a t\u00e9cnica de enfermagem do Hospital Eduardo de Menezes [&hellip;]\" \/>\n<meta property=\"og:url\" content=\"https:\/\/www.federassantas.org.br\/novosite\/minas-completa-um-ano-do-inicio-da-vacinacao-contra-covid\/\" \/>\n<meta property=\"og:site_name\" content=\"Federassantas\" \/>\n<meta property=\"article:published_time\" content=\"2022-01-18T13:51:53+00:00\" \/>\n<meta name=\"author\" content=\"admin-federas\" \/>\n<meta name=\"twitter:card\" content=\"summary_large_image\" \/>\n<meta name=\"twitter:label1\" content=\"Escrito por\" \/>\n\t<meta name=\"twitter:data1\" content=\"admin-federas\" \/>\n\t<meta name=\"twitter:label2\" content=\"Est. tempo de leitura\" \/>\n\t<meta name=\"twitter:data2\" content=\"6 minutos\" \/>\n<script type=\"application\/ld+json\" class=\"yoast-schema-graph\">{\"@context\":\"https:\/\/schema.org\",\"@graph\":[{\"@type\":\"Article\",\"@id\":\"https:\/\/www.federassantas.org.br\/novosite\/minas-completa-um-ano-do-inicio-da-vacinacao-contra-covid\/#article\",\"isPartOf\":{\"@id\":\"https:\/\/www.federassantas.org.br\/novosite\/minas-completa-um-ano-do-inicio-da-vacinacao-contra-covid\/\"},\"author\":{\"name\":\"admin-federas\",\"@id\":\"https:\/\/www.federassantas.org.br\/novosite\/#\/schema\/person\/75fed98158349313fe56175f232f513c\"},\"headline\":\"Minas completa um ano do in\u00edcio da vacina\u00e7\u00e3o contra covid\",\"datePublished\":\"2022-01-18T13:51:53+00:00\",\"mainEntityOfPage\":{\"@id\":\"https:\/\/www.federassantas.org.br\/novosite\/minas-completa-um-ano-do-inicio-da-vacinacao-contra-covid\/\"},\"wordCount\":1148,\"commentCount\":0,\"publisher\":{\"@id\":\"https:\/\/www.federassantas.org.br\/novosite\/#organization\"},\"image\":{\"@id\":\"https:\/\/www.federassantas.org.br\/novosite\/minas-completa-um-ano-do-inicio-da-vacinacao-contra-covid\/#primaryimage\"},\"thumbnailUrl\":\"\",\"articleSection\":[\"Not\u00edcias\",\"Not\u00edcias P\u00fablicas\"],\"inLanguage\":\"pt-BR\",\"potentialAction\":[{\"@type\":\"CommentAction\",\"name\":\"Comment\",\"target\":[\"https:\/\/www.federassantas.org.br\/novosite\/minas-completa-um-ano-do-inicio-da-vacinacao-contra-covid\/#respond\"]}]},{\"@type\":\"WebPage\",\"@id\":\"https:\/\/www.federassantas.org.br\/novosite\/minas-completa-um-ano-do-inicio-da-vacinacao-contra-covid\/\",\"url\":\"https:\/\/www.federassantas.org.br\/novosite\/minas-completa-um-ano-do-inicio-da-vacinacao-contra-covid\/\",\"name\":\"Minas completa um ano do in\u00edcio da vacina\u00e7\u00e3o contra covid - Federassantas\",\"isPartOf\":{\"@id\":\"https:\/\/www.federassantas.org.br\/novosite\/#website\"},\"primaryImageOfPage\":{\"@id\":\"https:\/\/www.federassantas.org.br\/novosite\/minas-completa-um-ano-do-inicio-da-vacinacao-contra-covid\/#primaryimage\"},\"image\":{\"@id\":\"https:\/\/www.federassantas.org.br\/novosite\/minas-completa-um-ano-do-inicio-da-vacinacao-contra-covid\/#primaryimage\"},\"thumbnailUrl\":\"\",\"datePublished\":\"2022-01-18T13:51:53+00:00\",\"breadcrumb\":{\"@id\":\"https:\/\/www.federassantas.org.br\/novosite\/minas-completa-um-ano-do-inicio-da-vacinacao-contra-covid\/#breadcrumb\"},\"inLanguage\":\"pt-BR\",\"potentialAction\":[{\"@type\":\"ReadAction\",\"target\":[\"https:\/\/www.federassantas.org.br\/novosite\/minas-completa-um-ano-do-inicio-da-vacinacao-contra-covid\/\"]}]},{\"@type\":\"ImageObject\",\"inLanguage\":\"pt-BR\",\"@id\":\"https:\/\/www.federassantas.org.br\/novosite\/minas-completa-um-ano-do-inicio-da-vacinacao-contra-covid\/#primaryimage\",\"url\":\"\",\"contentUrl\":\"\"},{\"@type\":\"BreadcrumbList\",\"@id\":\"https:\/\/www.federassantas.org.br\/novosite\/minas-completa-um-ano-do-inicio-da-vacinacao-contra-covid\/#breadcrumb\",\"itemListElement\":[{\"@type\":\"ListItem\",\"position\":1,\"name\":\"In\u00edcio\",\"item\":\"https:\/\/www.federassantas.org.br\/novosite\/\"},{\"@type\":\"ListItem\",\"position\":2,\"name\":\"Minas completa um ano do in\u00edcio da vacina\u00e7\u00e3o contra covid\"}]},{\"@type\":\"WebSite\",\"@id\":\"https:\/\/www.federassantas.org.br\/novosite\/#website\",\"url\":\"https:\/\/www.federassantas.org.br\/novosite\/\",\"name\":\"Federassantas\",\"description\":\"Fed. das Santas Casas e Hospitais Filantr\u00f3picos de MG\",\"publisher\":{\"@id\":\"https:\/\/www.federassantas.org.br\/novosite\/#organization\"},\"potentialAction\":[{\"@type\":\"SearchAction\",\"target\":{\"@type\":\"EntryPoint\",\"urlTemplate\":\"https:\/\/www.federassantas.org.br\/novosite\/?s={search_term_string}\"},\"query-input\":{\"@type\":\"PropertyValueSpecification\",\"valueRequired\":true,\"valueName\":\"search_term_string\"}}],\"inLanguage\":\"pt-BR\"},{\"@type\":\"Organization\",\"@id\":\"https:\/\/www.federassantas.org.br\/novosite\/#organization\",\"name\":\"Federassantas\",\"url\":\"https:\/\/www.federassantas.org.br\/novosite\/\",\"logo\":{\"@type\":\"ImageObject\",\"inLanguage\":\"pt-BR\",\"@id\":\"https:\/\/www.federassantas.org.br\/novosite\/#\/schema\/logo\/image\/\",\"url\":\"https:\/\/www.federassantas.org.br\/novosite\/wp-content\/uploads\/2021\/12\/logo.png\",\"contentUrl\":\"https:\/\/www.federassantas.org.br\/novosite\/wp-content\/uploads\/2021\/12\/logo.png\",\"width\":243,\"height\":59,\"caption\":\"Federassantas\"},\"image\":{\"@id\":\"https:\/\/www.federassantas.org.br\/novosite\/#\/schema\/logo\/image\/\"}},{\"@type\":\"Person\",\"@id\":\"https:\/\/www.federassantas.org.br\/novosite\/#\/schema\/person\/75fed98158349313fe56175f232f513c\",\"name\":\"admin-federas\",\"image\":{\"@type\":\"ImageObject\",\"inLanguage\":\"pt-BR\",\"@id\":\"https:\/\/www.federassantas.org.br\/novosite\/#\/schema\/person\/image\/\",\"url\":\"https:\/\/secure.gravatar.com\/avatar\/2a02d7dda59fe8dc6b7ffd3f652e2efede5ccf0dd89dfdc8137c5517f3de8407?s=96&d=mm&r=g\",\"contentUrl\":\"https:\/\/secure.gravatar.com\/avatar\/2a02d7dda59fe8dc6b7ffd3f652e2efede5ccf0dd89dfdc8137c5517f3de8407?s=96&d=mm&r=g\",\"caption\":\"admin-federas\"},\"sameAs\":[\"https:\/\/www.federassantas.org.br\/novosite\/\"],\"url\":\"https:\/\/www.federassantas.org.br\/novosite\/author\/admin-federas\/\"}]}<\/script>\n<!-- \/ Yoast SEO plugin. -->","yoast_head_json":{"title":"Minas completa um ano do in\u00edcio da vacina\u00e7\u00e3o contra covid - Federassantas","robots":{"index":"index","follow":"follow","max-snippet":"max-snippet:-1","max-image-preview":"max-image-preview:large","max-video-preview":"max-video-preview:-1"},"canonical":"https:\/\/www.federassantas.org.br\/novosite\/minas-completa-um-ano-do-inicio-da-vacinacao-contra-covid\/","og_locale":"pt_BR","og_type":"article","og_title":"Minas completa um ano do in\u00edcio da vacina\u00e7\u00e3o contra covid - Federassantas","og_description":"&#8220;Os casos que temos hoje no hospital s\u00e3o de pessoas n\u00e3o vacinadas&#8221;, alerta a primeira imunizada em Minas, a t\u00e9cnica de enfermagem Cec\u00e9 Exatamente um ano ap\u00f3s o in\u00edcio da maior opera\u00e7\u00e3o de vacina\u00e7\u00e3o da historia de Minas, a primeira vacinada contra a covid-19 no Estado, a t\u00e9cnica de enfermagem do Hospital Eduardo de Menezes [&hellip;]","og_url":"https:\/\/www.federassantas.org.br\/novosite\/minas-completa-um-ano-do-inicio-da-vacinacao-contra-covid\/","og_site_name":"Federassantas","article_published_time":"2022-01-18T13:51:53+00:00","author":"admin-federas","twitter_card":"summary_large_image","twitter_misc":{"Escrito por":"admin-federas","Est. tempo de leitura":"6 minutos"},"schema":{"@context":"https:\/\/schema.org","@graph":[{"@type":"Article","@id":"https:\/\/www.federassantas.org.br\/novosite\/minas-completa-um-ano-do-inicio-da-vacinacao-contra-covid\/#article","isPartOf":{"@id":"https:\/\/www.federassantas.org.br\/novosite\/minas-completa-um-ano-do-inicio-da-vacinacao-contra-covid\/"},"author":{"name":"admin-federas","@id":"https:\/\/www.federassantas.org.br\/novosite\/#\/schema\/person\/75fed98158349313fe56175f232f513c"},"headline":"Minas completa um ano do in\u00edcio da vacina\u00e7\u00e3o contra covid","datePublished":"2022-01-18T13:51:53+00:00","mainEntityOfPage":{"@id":"https:\/\/www.federassantas.org.br\/novosite\/minas-completa-um-ano-do-inicio-da-vacinacao-contra-covid\/"},"wordCount":1148,"commentCount":0,"publisher":{"@id":"https:\/\/www.federassantas.org.br\/novosite\/#organization"},"image":{"@id":"https:\/\/www.federassantas.org.br\/novosite\/minas-completa-um-ano-do-inicio-da-vacinacao-contra-covid\/#primaryimage"},"thumbnailUrl":"","articleSection":["Not\u00edcias","Not\u00edcias P\u00fablicas"],"inLanguage":"pt-BR","potentialAction":[{"@type":"CommentAction","name":"Comment","target":["https:\/\/www.federassantas.org.br\/novosite\/minas-completa-um-ano-do-inicio-da-vacinacao-contra-covid\/#respond"]}]},{"@type":"WebPage","@id":"https:\/\/www.federassantas.org.br\/novosite\/minas-completa-um-ano-do-inicio-da-vacinacao-contra-covid\/","url":"https:\/\/www.federassantas.org.br\/novosite\/minas-completa-um-ano-do-inicio-da-vacinacao-contra-covid\/","name":"Minas completa um ano do in\u00edcio da vacina\u00e7\u00e3o contra covid - Federassantas","isPartOf":{"@id":"https:\/\/www.federassantas.org.br\/novosite\/#website"},"primaryImageOfPage":{"@id":"https:\/\/www.federassantas.org.br\/novosite\/minas-completa-um-ano-do-inicio-da-vacinacao-contra-covid\/#primaryimage"},"image":{"@id":"https:\/\/www.federassantas.org.br\/novosite\/minas-completa-um-ano-do-inicio-da-vacinacao-contra-covid\/#primaryimage"},"thumbnailUrl":"","datePublished":"2022-01-18T13:51:53+00:00","breadcrumb":{"@id":"https:\/\/www.federassantas.org.br\/novosite\/minas-completa-um-ano-do-inicio-da-vacinacao-contra-covid\/#breadcrumb"},"inLanguage":"pt-BR","potentialAction":[{"@type":"ReadAction","target":["https:\/\/www.federassantas.org.br\/novosite\/minas-completa-um-ano-do-inicio-da-vacinacao-contra-covid\/"]}]},{"@type":"ImageObject","inLanguage":"pt-BR","@id":"https:\/\/www.federassantas.org.br\/novosite\/minas-completa-um-ano-do-inicio-da-vacinacao-contra-covid\/#primaryimage","url":"","contentUrl":""},{"@type":"BreadcrumbList","@id":"https:\/\/www.federassantas.org.br\/novosite\/minas-completa-um-ano-do-inicio-da-vacinacao-contra-covid\/#breadcrumb","itemListElement":[{"@type":"ListItem","position":1,"name":"In\u00edcio","item":"https:\/\/www.federassantas.org.br\/novosite\/"},{"@type":"ListItem","position":2,"name":"Minas completa um ano do in\u00edcio da vacina\u00e7\u00e3o contra covid"}]},{"@type":"WebSite","@id":"https:\/\/www.federassantas.org.br\/novosite\/#website","url":"https:\/\/www.federassantas.org.br\/novosite\/","name":"Federassantas","description":"Fed. das Santas Casas e Hospitais Filantr\u00f3picos de MG","publisher":{"@id":"https:\/\/www.federassantas.org.br\/novosite\/#organization"},"potentialAction":[{"@type":"SearchAction","target":{"@type":"EntryPoint","urlTemplate":"https:\/\/www.federassantas.org.br\/novosite\/?s={search_term_string}"},"query-input":{"@type":"PropertyValueSpecification","valueRequired":true,"valueName":"search_term_string"}}],"inLanguage":"pt-BR"},{"@type":"Organization","@id":"https:\/\/www.federassantas.org.br\/novosite\/#organization","name":"Federassantas","url":"https:\/\/www.federassantas.org.br\/novosite\/","logo":{"@type":"ImageObject","inLanguage":"pt-BR","@id":"https:\/\/www.federassantas.org.br\/novosite\/#\/schema\/logo\/image\/","url":"https:\/\/www.federassantas.org.br\/novosite\/wp-content\/uploads\/2021\/12\/logo.png","contentUrl":"https:\/\/www.federassantas.org.br\/novosite\/wp-content\/uploads\/2021\/12\/logo.png","width":243,"height":59,"caption":"Federassantas"},"image":{"@id":"https:\/\/www.federassantas.org.br\/novosite\/#\/schema\/logo\/image\/"}},{"@type":"Person","@id":"https:\/\/www.federassantas.org.br\/novosite\/#\/schema\/person\/75fed98158349313fe56175f232f513c","name":"admin-federas","image":{"@type":"ImageObject","inLanguage":"pt-BR","@id":"https:\/\/www.federassantas.org.br\/novosite\/#\/schema\/person\/image\/","url":"https:\/\/secure.gravatar.com\/avatar\/2a02d7dda59fe8dc6b7ffd3f652e2efede5ccf0dd89dfdc8137c5517f3de8407?s=96&d=mm&r=g","contentUrl":"https:\/\/secure.gravatar.com\/avatar\/2a02d7dda59fe8dc6b7ffd3f652e2efede5ccf0dd89dfdc8137c5517f3de8407?s=96&d=mm&r=g","caption":"admin-federas"},"sameAs":["https:\/\/www.federassantas.org.br\/novosite\/"],"url":"https:\/\/www.federassantas.org.br\/novosite\/author\/admin-federas\/"}]}},"_links":{"self":[{"href":"https:\/\/www.federassantas.org.br\/novosite\/wp-json\/wp\/v2\/posts\/23060","targetHints":{"allow":["GET"]}}],"collection":[{"href":"https:\/\/www.federassantas.org.br\/novosite\/wp-json\/wp\/v2\/posts"}],"about":[{"href":"https:\/\/www.federassantas.org.br\/novosite\/wp-json\/wp\/v2\/types\/post"}],"author":[{"embeddable":true,"href":"https:\/\/www.federassantas.org.br\/novosite\/wp-json\/wp\/v2\/users\/1"}],"replies":[{"embeddable":true,"href":"https:\/\/www.federassantas.org.br\/novosite\/wp-json\/wp\/v2\/comments?post=23060"}],"version-history":[{"count":0,"href":"https:\/\/www.federassantas.org.br\/novosite\/wp-json\/wp\/v2\/posts\/23060\/revisions"}],"wp:featuredmedia":[{"embeddable":true,"href":"https:\/\/www.federassantas.org.br\/novosite\/wp-json\/"}],"wp:attachment":[{"href":"https:\/\/www.federassantas.org.br\/novosite\/wp-json\/wp\/v2\/media?parent=23060"}],"wp:term":[{"taxonomy":"category","embeddable":true,"href":"https:\/\/www.federassantas.org.br\/novosite\/wp-json\/wp\/v2\/categories?post=23060"},{"taxonomy":"post_tag","embeddable":true,"href":"https:\/\/www.federassantas.org.br\/novosite\/wp-json\/wp\/v2\/tags?post=23060"}],"curies":[{"name":"wp","href":"https:\/\/api.w.org\/{rel}","templated":true}]}}