{"id":23063,"date":"2022-01-18T11:00:11","date_gmt":"2022-01-18T14:00:11","guid":{"rendered":"https:\/\/federasbackup.meltcomunicacao.com.br\/?p=23063"},"modified":"2022-01-18T11:00:11","modified_gmt":"2022-01-18T14:00:11","slug":"oito-vezes-mais-novos-casos-de-covid-em-minas-saltam-de-159-mil-em-dezembro-para-138-mil-este-mes","status":"publish","type":"post","link":"https:\/\/www.federassantas.org.br\/novosite\/oito-vezes-mais-novos-casos-de-covid-em-minas-saltam-de-159-mil-em-dezembro-para-138-mil-este-mes\/","title":{"rendered":"Oito vezes mais: novos casos de Covid em Minas saltam de 15,9 mil em dezembro para 138 mil este m\u00eas"},"content":{"rendered":"\n<p>Janeiro est\u00e1 cada vez mais perto de um novo pico da pandemia em Minas. S\u00f3 nos primeiros 17 dias do m\u00eas o n\u00famero de doentes j\u00e1 \u00e9 oito vezes maior do que as notifica\u00e7\u00f5es de dezembro. N\u00e3o \u00e9 \u00e0 toa que autoridades de sa\u00fade, incluindo os infectologistas, t\u00eam repetido invariavelmente que as medidas sanit\u00e1rias contra a Covid n\u00e3o podem ser ignoradas.<\/p>\n\n\n\n<p>A urg\u00eancia na busca por mais conscientiza\u00e7\u00e3o se comprova ap\u00f3s parte da popula\u00e7\u00e3o baixar a guarda durante as festas de fim de ano, favorecendo o cont\u00e1gio pelo v\u00edrus. O descuido veio justamente no momento em que as precau\u00e7\u00f5es precisam estar voltadas para uma nova e mais infectante variante. A \u00d4micron, j\u00e1 dominante no Estado, lotou leitos de enfermeira, deixando a ocupa\u00e7\u00e3o acima dos 80% em Belo Horizonte.<\/p>\n\n\n\n<p>Com tantas pessoas contaminadas ao mesmo tempo e previs\u00e3o de registros ainda mais cr\u00edticos nos pr\u00f3ximos dias, o pr\u00f3prio secret\u00e1rio estadual de Sa\u00fade, F\u00e1bio Baccheretti, alertou para o risco de<a href=\"https:\/\/www.hojeemdia.com.br\/horizontes\/estado-alerta-que-servi%C3%A7os-essenciais-podem-entrar-em-colapso-com-disparada-dos-casos-da-covid-19-1.872067\" target=\"_blank\" rel=\"noreferrer noopener\">&nbsp;colapso nos servi\u00e7os essenciais<\/a>, como em hospitais, farm\u00e1cias, supermercados e transporte p\u00fablico.<\/p>\n\n\n\n<p>Segundo Baccheretti, Minas deve confirmar 20 mil novos casos da Covid, em per\u00edodo de 24 horas, ainda nesta semana. Ele acredita que o pico pode ocorrer em at\u00e9 duas semanas. \u201cEsta nova variante \u00e9 bem mais contagiante, \u00e9 impressionante o quanto ela consegue ser transmitida de uma pessoa para outra. Estudos mostram que ela s\u00f3 perde para o sarampo em termos de transmissibilidade\u201d.<\/p>\n\n\n\n<p>Segundo a PBH, em janeiro foram abertos 204 leitos de Enfermaria Covid e 9 leitos de UTI. \u201cApesar de todos os esfor\u00e7os empreendidos, a taxa de ocupa\u00e7\u00e3o total, que inclui as redes SUS e Suplementar, segue no n\u00edvel vermelho, com 82,7% e 82,2%\u201d, informou a prefeitura<\/p>\n\n\n\n<p>O secret\u00e1rio orienta a popula\u00e7\u00e3o a manter os protocolos sanit\u00e1rios, como uso de m\u00e1scara e \u00e1lcool em gel, al\u00e9m de evitar aglomera\u00e7\u00f5es. \u201cOutros v\u00edrus est\u00e3o circulando no Estado, como o da Influenza. A recomenda\u00e7\u00e3o \u00e9 para evitar que tantas pessoas adoe\u00e7am e sobrecarregam o sistema da sa\u00fade\u201d. N\u00e3o h\u00e1 previs\u00e3o de recuo na flexibiliza\u00e7\u00e3o.<\/p>\n\n\n\n<p>Em BH, 34 novos leitos de enfermaria exclusivos para tratamento contra Covid-19 foram abertos na Rede SUS. Nas UTIs, mais nove. No total, BH tem 539 vagas para pacientes com a doen\u00e7a. Em nota, a PBH informou que apesar de todos os esfor\u00e7os, a taxa de ocupa\u00e7\u00e3o total, que inclui as redes SUS e Suplementar, segue no n\u00edvel vermelho, acima dos 80%.<\/p>\n\n\n\n<p><\/p>\n\n\n\n<p>Fonte: <a rel=\"noreferrer noopener\" href=\"https:\/\/www.hojeemdia.com.br\/horizontes\/oito-vezes-mais-novos-casos-de-covid-em-minas-saltam-de-15-9-mil-em-dezembro-para-138-mil-este-m%C3%AAs-1.872618\" target=\"_blank\">Portal Hoje em Dia<\/a><br>Foto: Tatiana Fortes\/Ascom\/Gov. Ceara&nbsp;<\/p>\n","protected":false},"excerpt":{"rendered":"<p>Janeiro est\u00e1 cada vez mais perto de um novo pico da pandemia em Minas. S\u00f3 nos primeiros 17 dias do m\u00eas o n\u00famero de doentes j\u00e1 \u00e9 oito vezes maior do que as notifica\u00e7\u00f5es de dezembro. N\u00e3o \u00e9 \u00e0 toa que autoridades de sa\u00fade, incluindo os infectologistas, t\u00eam repetido invariavelmente que as medidas sanit\u00e1rias contra [&hellip;]<\/p>\n","protected":false},"author":1,"featured_media":23064,"comment_status":"open","ping_status":"open","sticky":false,"template":"","format":"standard","meta":{"footnotes":""},"categories":[140,143],"tags":[],"class_list":["post-23063","post","type-post","status-publish","format-standard","has-post-thumbnail","hentry","category-noticias","category-noticias-publicas"],"yoast_head":"<!-- This site is optimized with the Yoast SEO plugin v26.9 - https:\/\/yoast.com\/product\/yoast-seo-wordpress\/ -->\n<title>Oito vezes mais: novos casos de Covid em Minas saltam de 15,9 mil em dezembro para 138 mil este m\u00eas - Federassantas<\/title>\n<meta name=\"robots\" content=\"index, follow, max-snippet:-1, max-image-preview:large, max-video-preview:-1\" \/>\n<link rel=\"canonical\" href=\"https:\/\/www.federassantas.org.br\/novosite\/oito-vezes-mais-novos-casos-de-covid-em-minas-saltam-de-159-mil-em-dezembro-para-138-mil-este-mes\/\" \/>\n<meta property=\"og:locale\" content=\"pt_BR\" \/>\n<meta property=\"og:type\" content=\"article\" \/>\n<meta property=\"og:title\" content=\"Oito vezes mais: novos casos de Covid em Minas saltam de 15,9 mil em dezembro para 138 mil este m\u00eas - Federassantas\" \/>\n<meta property=\"og:description\" content=\"Janeiro est\u00e1 cada vez mais perto de um novo pico da pandemia em Minas. S\u00f3 nos primeiros 17 dias do m\u00eas o n\u00famero de doentes j\u00e1 \u00e9 oito vezes maior do que as notifica\u00e7\u00f5es de dezembro. N\u00e3o \u00e9 \u00e0 toa que autoridades de sa\u00fade, incluindo os infectologistas, t\u00eam repetido invariavelmente que as medidas sanit\u00e1rias contra [&hellip;]\" \/>\n<meta property=\"og:url\" content=\"https:\/\/www.federassantas.org.br\/novosite\/oito-vezes-mais-novos-casos-de-covid-em-minas-saltam-de-159-mil-em-dezembro-para-138-mil-este-mes\/\" \/>\n<meta property=\"og:site_name\" content=\"Federassantas\" \/>\n<meta property=\"article:published_time\" content=\"2022-01-18T14:00:11+00:00\" \/>\n<meta name=\"author\" content=\"admin-federas\" \/>\n<meta name=\"twitter:card\" content=\"summary_large_image\" \/>\n<meta name=\"twitter:label1\" content=\"Escrito por\" \/>\n\t<meta name=\"twitter:data1\" content=\"admin-federas\" \/>\n\t<meta name=\"twitter:label2\" content=\"Est. tempo de leitura\" \/>\n\t<meta name=\"twitter:data2\" content=\"2 minutos\" \/>\n<script type=\"application\/ld+json\" class=\"yoast-schema-graph\">{\"@context\":\"https:\/\/schema.org\",\"@graph\":[{\"@type\":\"Article\",\"@id\":\"https:\/\/www.federassantas.org.br\/novosite\/oito-vezes-mais-novos-casos-de-covid-em-minas-saltam-de-159-mil-em-dezembro-para-138-mil-este-mes\/#article\",\"isPartOf\":{\"@id\":\"https:\/\/www.federassantas.org.br\/novosite\/oito-vezes-mais-novos-casos-de-covid-em-minas-saltam-de-159-mil-em-dezembro-para-138-mil-este-mes\/\"},\"author\":{\"name\":\"admin-federas\",\"@id\":\"https:\/\/www.federassantas.org.br\/novosite\/#\/schema\/person\/75fed98158349313fe56175f232f513c\"},\"headline\":\"Oito vezes mais: novos casos de Covid em Minas saltam de 15,9 mil em dezembro para 138 mil este m\u00eas\",\"datePublished\":\"2022-01-18T14:00:11+00:00\",\"mainEntityOfPage\":{\"@id\":\"https:\/\/www.federassantas.org.br\/novosite\/oito-vezes-mais-novos-casos-de-covid-em-minas-saltam-de-159-mil-em-dezembro-para-138-mil-este-mes\/\"},\"wordCount\":458,\"commentCount\":0,\"publisher\":{\"@id\":\"https:\/\/www.federassantas.org.br\/novosite\/#organization\"},\"image\":{\"@id\":\"https:\/\/www.federassantas.org.br\/novosite\/oito-vezes-mais-novos-casos-de-covid-em-minas-saltam-de-159-mil-em-dezembro-para-138-mil-este-mes\/#primaryimage\"},\"thumbnailUrl\":\"\",\"articleSection\":[\"Not\u00edcias\",\"Not\u00edcias P\u00fablicas\"],\"inLanguage\":\"pt-BR\",\"potentialAction\":[{\"@type\":\"CommentAction\",\"name\":\"Comment\",\"target\":[\"https:\/\/www.federassantas.org.br\/novosite\/oito-vezes-mais-novos-casos-de-covid-em-minas-saltam-de-159-mil-em-dezembro-para-138-mil-este-mes\/#respond\"]}]},{\"@type\":\"WebPage\",\"@id\":\"https:\/\/www.federassantas.org.br\/novosite\/oito-vezes-mais-novos-casos-de-covid-em-minas-saltam-de-159-mil-em-dezembro-para-138-mil-este-mes\/\",\"url\":\"https:\/\/www.federassantas.org.br\/novosite\/oito-vezes-mais-novos-casos-de-covid-em-minas-saltam-de-159-mil-em-dezembro-para-138-mil-este-mes\/\",\"name\":\"Oito vezes mais: novos casos de Covid em Minas saltam de 15,9 mil em dezembro para 138 mil este m\u00eas - Federassantas\",\"isPartOf\":{\"@id\":\"https:\/\/www.federassantas.org.br\/novosite\/#website\"},\"primaryImageOfPage\":{\"@id\":\"https:\/\/www.federassantas.org.br\/novosite\/oito-vezes-mais-novos-casos-de-covid-em-minas-saltam-de-159-mil-em-dezembro-para-138-mil-este-mes\/#primaryimage\"},\"image\":{\"@id\":\"https:\/\/www.federassantas.org.br\/novosite\/oito-vezes-mais-novos-casos-de-covid-em-minas-saltam-de-159-mil-em-dezembro-para-138-mil-este-mes\/#primaryimage\"},\"thumbnailUrl\":\"\",\"datePublished\":\"2022-01-18T14:00:11+00:00\",\"breadcrumb\":{\"@id\":\"https:\/\/www.federassantas.org.br\/novosite\/oito-vezes-mais-novos-casos-de-covid-em-minas-saltam-de-159-mil-em-dezembro-para-138-mil-este-mes\/#breadcrumb\"},\"inLanguage\":\"pt-BR\",\"potentialAction\":[{\"@type\":\"ReadAction\",\"target\":[\"https:\/\/www.federassantas.org.br\/novosite\/oito-vezes-mais-novos-casos-de-covid-em-minas-saltam-de-159-mil-em-dezembro-para-138-mil-este-mes\/\"]}]},{\"@type\":\"ImageObject\",\"inLanguage\":\"pt-BR\",\"@id\":\"https:\/\/www.federassantas.org.br\/novosite\/oito-vezes-mais-novos-casos-de-covid-em-minas-saltam-de-159-mil-em-dezembro-para-138-mil-este-mes\/#primaryimage\",\"url\":\"\",\"contentUrl\":\"\"},{\"@type\":\"BreadcrumbList\",\"@id\":\"https:\/\/www.federassantas.org.br\/novosite\/oito-vezes-mais-novos-casos-de-covid-em-minas-saltam-de-159-mil-em-dezembro-para-138-mil-este-mes\/#breadcrumb\",\"itemListElement\":[{\"@type\":\"ListItem\",\"position\":1,\"name\":\"In\u00edcio\",\"item\":\"https:\/\/www.federassantas.org.br\/novosite\/\"},{\"@type\":\"ListItem\",\"position\":2,\"name\":\"Oito vezes mais: novos casos de Covid em Minas saltam de 15,9 mil em dezembro para 138 mil este m\u00eas\"}]},{\"@type\":\"WebSite\",\"@id\":\"https:\/\/www.federassantas.org.br\/novosite\/#website\",\"url\":\"https:\/\/www.federassantas.org.br\/novosite\/\",\"name\":\"Federassantas\",\"description\":\"Fed. das Santas Casas e Hospitais Filantr\u00f3picos de MG\",\"publisher\":{\"@id\":\"https:\/\/www.federassantas.org.br\/novosite\/#organization\"},\"potentialAction\":[{\"@type\":\"SearchAction\",\"target\":{\"@type\":\"EntryPoint\",\"urlTemplate\":\"https:\/\/www.federassantas.org.br\/novosite\/?s={search_term_string}\"},\"query-input\":{\"@type\":\"PropertyValueSpecification\",\"valueRequired\":true,\"valueName\":\"search_term_string\"}}],\"inLanguage\":\"pt-BR\"},{\"@type\":\"Organization\",\"@id\":\"https:\/\/www.federassantas.org.br\/novosite\/#organization\",\"name\":\"Federassantas\",\"url\":\"https:\/\/www.federassantas.org.br\/novosite\/\",\"logo\":{\"@type\":\"ImageObject\",\"inLanguage\":\"pt-BR\",\"@id\":\"https:\/\/www.federassantas.org.br\/novosite\/#\/schema\/logo\/image\/\",\"url\":\"https:\/\/www.federassantas.org.br\/novosite\/wp-content\/uploads\/2021\/12\/logo.png\",\"contentUrl\":\"https:\/\/www.federassantas.org.br\/novosite\/wp-content\/uploads\/2021\/12\/logo.png\",\"width\":243,\"height\":59,\"caption\":\"Federassantas\"},\"image\":{\"@id\":\"https:\/\/www.federassantas.org.br\/novosite\/#\/schema\/logo\/image\/\"}},{\"@type\":\"Person\",\"@id\":\"https:\/\/www.federassantas.org.br\/novosite\/#\/schema\/person\/75fed98158349313fe56175f232f513c\",\"name\":\"admin-federas\",\"image\":{\"@type\":\"ImageObject\",\"inLanguage\":\"pt-BR\",\"@id\":\"https:\/\/www.federassantas.org.br\/novosite\/#\/schema\/person\/image\/\",\"url\":\"https:\/\/secure.gravatar.com\/avatar\/2a02d7dda59fe8dc6b7ffd3f652e2efede5ccf0dd89dfdc8137c5517f3de8407?s=96&d=mm&r=g\",\"contentUrl\":\"https:\/\/secure.gravatar.com\/avatar\/2a02d7dda59fe8dc6b7ffd3f652e2efede5ccf0dd89dfdc8137c5517f3de8407?s=96&d=mm&r=g\",\"caption\":\"admin-federas\"},\"sameAs\":[\"https:\/\/www.federassantas.org.br\/novosite\/\"],\"url\":\"https:\/\/www.federassantas.org.br\/novosite\/author\/admin-federas\/\"}]}<\/script>\n<!-- \/ Yoast SEO plugin. -->","yoast_head_json":{"title":"Oito vezes mais: novos casos de Covid em Minas saltam de 15,9 mil em dezembro para 138 mil este m\u00eas - Federassantas","robots":{"index":"index","follow":"follow","max-snippet":"max-snippet:-1","max-image-preview":"max-image-preview:large","max-video-preview":"max-video-preview:-1"},"canonical":"https:\/\/www.federassantas.org.br\/novosite\/oito-vezes-mais-novos-casos-de-covid-em-minas-saltam-de-159-mil-em-dezembro-para-138-mil-este-mes\/","og_locale":"pt_BR","og_type":"article","og_title":"Oito vezes mais: novos casos de Covid em Minas saltam de 15,9 mil em dezembro para 138 mil este m\u00eas - Federassantas","og_description":"Janeiro est\u00e1 cada vez mais perto de um novo pico da pandemia em Minas. S\u00f3 nos primeiros 17 dias do m\u00eas o n\u00famero de doentes j\u00e1 \u00e9 oito vezes maior do que as notifica\u00e7\u00f5es de dezembro. N\u00e3o \u00e9 \u00e0 toa que autoridades de sa\u00fade, incluindo os infectologistas, t\u00eam repetido invariavelmente que as medidas sanit\u00e1rias contra [&hellip;]","og_url":"https:\/\/www.federassantas.org.br\/novosite\/oito-vezes-mais-novos-casos-de-covid-em-minas-saltam-de-159-mil-em-dezembro-para-138-mil-este-mes\/","og_site_name":"Federassantas","article_published_time":"2022-01-18T14:00:11+00:00","author":"admin-federas","twitter_card":"summary_large_image","twitter_misc":{"Escrito por":"admin-federas","Est. tempo de leitura":"2 minutos"},"schema":{"@context":"https:\/\/schema.org","@graph":[{"@type":"Article","@id":"https:\/\/www.federassantas.org.br\/novosite\/oito-vezes-mais-novos-casos-de-covid-em-minas-saltam-de-159-mil-em-dezembro-para-138-mil-este-mes\/#article","isPartOf":{"@id":"https:\/\/www.federassantas.org.br\/novosite\/oito-vezes-mais-novos-casos-de-covid-em-minas-saltam-de-159-mil-em-dezembro-para-138-mil-este-mes\/"},"author":{"name":"admin-federas","@id":"https:\/\/www.federassantas.org.br\/novosite\/#\/schema\/person\/75fed98158349313fe56175f232f513c"},"headline":"Oito vezes mais: novos casos de Covid em Minas saltam de 15,9 mil em dezembro para 138 mil este m\u00eas","datePublished":"2022-01-18T14:00:11+00:00","mainEntityOfPage":{"@id":"https:\/\/www.federassantas.org.br\/novosite\/oito-vezes-mais-novos-casos-de-covid-em-minas-saltam-de-159-mil-em-dezembro-para-138-mil-este-mes\/"},"wordCount":458,"commentCount":0,"publisher":{"@id":"https:\/\/www.federassantas.org.br\/novosite\/#organization"},"image":{"@id":"https:\/\/www.federassantas.org.br\/novosite\/oito-vezes-mais-novos-casos-de-covid-em-minas-saltam-de-159-mil-em-dezembro-para-138-mil-este-mes\/#primaryimage"},"thumbnailUrl":"","articleSection":["Not\u00edcias","Not\u00edcias P\u00fablicas"],"inLanguage":"pt-BR","potentialAction":[{"@type":"CommentAction","name":"Comment","target":["https:\/\/www.federassantas.org.br\/novosite\/oito-vezes-mais-novos-casos-de-covid-em-minas-saltam-de-159-mil-em-dezembro-para-138-mil-este-mes\/#respond"]}]},{"@type":"WebPage","@id":"https:\/\/www.federassantas.org.br\/novosite\/oito-vezes-mais-novos-casos-de-covid-em-minas-saltam-de-159-mil-em-dezembro-para-138-mil-este-mes\/","url":"https:\/\/www.federassantas.org.br\/novosite\/oito-vezes-mais-novos-casos-de-covid-em-minas-saltam-de-159-mil-em-dezembro-para-138-mil-este-mes\/","name":"Oito vezes mais: novos casos de Covid em Minas saltam de 15,9 mil em dezembro para 138 mil este m\u00eas - Federassantas","isPartOf":{"@id":"https:\/\/www.federassantas.org.br\/novosite\/#website"},"primaryImageOfPage":{"@id":"https:\/\/www.federassantas.org.br\/novosite\/oito-vezes-mais-novos-casos-de-covid-em-minas-saltam-de-159-mil-em-dezembro-para-138-mil-este-mes\/#primaryimage"},"image":{"@id":"https:\/\/www.federassantas.org.br\/novosite\/oito-vezes-mais-novos-casos-de-covid-em-minas-saltam-de-159-mil-em-dezembro-para-138-mil-este-mes\/#primaryimage"},"thumbnailUrl":"","datePublished":"2022-01-18T14:00:11+00:00","breadcrumb":{"@id":"https:\/\/www.federassantas.org.br\/novosite\/oito-vezes-mais-novos-casos-de-covid-em-minas-saltam-de-159-mil-em-dezembro-para-138-mil-este-mes\/#breadcrumb"},"inLanguage":"pt-BR","potentialAction":[{"@type":"ReadAction","target":["https:\/\/www.federassantas.org.br\/novosite\/oito-vezes-mais-novos-casos-de-covid-em-minas-saltam-de-159-mil-em-dezembro-para-138-mil-este-mes\/"]}]},{"@type":"ImageObject","inLanguage":"pt-BR","@id":"https:\/\/www.federassantas.org.br\/novosite\/oito-vezes-mais-novos-casos-de-covid-em-minas-saltam-de-159-mil-em-dezembro-para-138-mil-este-mes\/#primaryimage","url":"","contentUrl":""},{"@type":"BreadcrumbList","@id":"https:\/\/www.federassantas.org.br\/novosite\/oito-vezes-mais-novos-casos-de-covid-em-minas-saltam-de-159-mil-em-dezembro-para-138-mil-este-mes\/#breadcrumb","itemListElement":[{"@type":"ListItem","position":1,"name":"In\u00edcio","item":"https:\/\/www.federassantas.org.br\/novosite\/"},{"@type":"ListItem","position":2,"name":"Oito vezes mais: novos casos de Covid em Minas saltam de 15,9 mil em dezembro para 138 mil este m\u00eas"}]},{"@type":"WebSite","@id":"https:\/\/www.federassantas.org.br\/novosite\/#website","url":"https:\/\/www.federassantas.org.br\/novosite\/","name":"Federassantas","description":"Fed. das Santas Casas e Hospitais Filantr\u00f3picos de MG","publisher":{"@id":"https:\/\/www.federassantas.org.br\/novosite\/#organization"},"potentialAction":[{"@type":"SearchAction","target":{"@type":"EntryPoint","urlTemplate":"https:\/\/www.federassantas.org.br\/novosite\/?s={search_term_string}"},"query-input":{"@type":"PropertyValueSpecification","valueRequired":true,"valueName":"search_term_string"}}],"inLanguage":"pt-BR"},{"@type":"Organization","@id":"https:\/\/www.federassantas.org.br\/novosite\/#organization","name":"Federassantas","url":"https:\/\/www.federassantas.org.br\/novosite\/","logo":{"@type":"ImageObject","inLanguage":"pt-BR","@id":"https:\/\/www.federassantas.org.br\/novosite\/#\/schema\/logo\/image\/","url":"https:\/\/www.federassantas.org.br\/novosite\/wp-content\/uploads\/2021\/12\/logo.png","contentUrl":"https:\/\/www.federassantas.org.br\/novosite\/wp-content\/uploads\/2021\/12\/logo.png","width":243,"height":59,"caption":"Federassantas"},"image":{"@id":"https:\/\/www.federassantas.org.br\/novosite\/#\/schema\/logo\/image\/"}},{"@type":"Person","@id":"https:\/\/www.federassantas.org.br\/novosite\/#\/schema\/person\/75fed98158349313fe56175f232f513c","name":"admin-federas","image":{"@type":"ImageObject","inLanguage":"pt-BR","@id":"https:\/\/www.federassantas.org.br\/novosite\/#\/schema\/person\/image\/","url":"https:\/\/secure.gravatar.com\/avatar\/2a02d7dda59fe8dc6b7ffd3f652e2efede5ccf0dd89dfdc8137c5517f3de8407?s=96&d=mm&r=g","contentUrl":"https:\/\/secure.gravatar.com\/avatar\/2a02d7dda59fe8dc6b7ffd3f652e2efede5ccf0dd89dfdc8137c5517f3de8407?s=96&d=mm&r=g","caption":"admin-federas"},"sameAs":["https:\/\/www.federassantas.org.br\/novosite\/"],"url":"https:\/\/www.federassantas.org.br\/novosite\/author\/admin-federas\/"}]}},"_links":{"self":[{"href":"https:\/\/www.federassantas.org.br\/novosite\/wp-json\/wp\/v2\/posts\/23063","targetHints":{"allow":["GET"]}}],"collection":[{"href":"https:\/\/www.federassantas.org.br\/novosite\/wp-json\/wp\/v2\/posts"}],"about":[{"href":"https:\/\/www.federassantas.org.br\/novosite\/wp-json\/wp\/v2\/types\/post"}],"author":[{"embeddable":true,"href":"https:\/\/www.federassantas.org.br\/novosite\/wp-json\/wp\/v2\/users\/1"}],"replies":[{"embeddable":true,"href":"https:\/\/www.federassantas.org.br\/novosite\/wp-json\/wp\/v2\/comments?post=23063"}],"version-history":[{"count":0,"href":"https:\/\/www.federassantas.org.br\/novosite\/wp-json\/wp\/v2\/posts\/23063\/revisions"}],"wp:featuredmedia":[{"embeddable":true,"href":"https:\/\/www.federassantas.org.br\/novosite\/wp-json\/"}],"wp:attachment":[{"href":"https:\/\/www.federassantas.org.br\/novosite\/wp-json\/wp\/v2\/media?parent=23063"}],"wp:term":[{"taxonomy":"category","embeddable":true,"href":"https:\/\/www.federassantas.org.br\/novosite\/wp-json\/wp\/v2\/categories?post=23063"},{"taxonomy":"post_tag","embeddable":true,"href":"https:\/\/www.federassantas.org.br\/novosite\/wp-json\/wp\/v2\/tags?post=23063"}],"curies":[{"name":"wp","href":"https:\/\/api.w.org\/{rel}","templated":true}]}}