{"id":23066,"date":"2022-01-18T11:07:03","date_gmt":"2022-01-18T14:07:03","guid":{"rendered":"https:\/\/federasbackup.meltcomunicacao.com.br\/?p=23066"},"modified":"2022-01-18T11:07:03","modified_gmt":"2022-01-18T14:07:03","slug":"covid-19-novo-aumento-de-casos-deixa-profissionais-de-saude-exaustos-e-adoecidos-em-bh","status":"publish","type":"post","link":"https:\/\/www.federassantas.org.br\/novosite\/covid-19-novo-aumento-de-casos-deixa-profissionais-de-saude-exaustos-e-adoecidos-em-bh\/","title":{"rendered":"Covid-19: novo aumento de casos deixa profissionais de sa\u00fade exaustos e adoecidos em BH"},"content":{"rendered":"\n<p><em>Trabalhadores reclamam de sobrecarga de trabalho. Somente nos primeiros 17 dias deste ano, Minas registrou mais infec\u00e7\u00f5es por coronav\u00edrus do que a soma dos tr\u00eas \u00faltimos meses de 2021<\/em><\/p>\n\n\n\n<p>Ap\u00f3s quase dois anos de enfrentamento da pandemia, os profissionais de sa\u00fade voltaram a encarar, nas \u00faltimas semanas, uma rotina de&nbsp;unidades lotadas e sobrecarga de trabalho, diante do aumento de casos de gripe e Covid-19.<\/p>\n\n\n\n<p>&#8220;A demanda est\u00e1 alta demais. Os profissionais est\u00e3o saindo daqui exaustos, parecendo que estavam na guerra. A gente v\u00ea crian\u00e7as doentes esperando vaga nos hospitais por dias, idosos dormindo na cadeira porque n\u00e3o tem maca, e se sente impotente. Fazemos o poss\u00edvel e o imposs\u00edvel&#8221;, diz a t\u00e9cnica de enfermagem da Unidade de Pronto Atendimento (UPA) Venda Nova e diretora do Sindicato dos Servidores e Empregados P\u00fablicos de Belo Horizonte (Sindibel), Isabel Cristina da Cruz.<\/p>\n\n\n\n<p>Somente nos primeiros 17 dias deste ano, Minas Gerais registrou&nbsp;<a href=\"https:\/\/g1.globo.com\/mg\/minas-gerais\/noticia\/2022\/01\/17\/covid-19-mg-tem-mais-casos-nos-17-dias-de-janeiro-do-que-nos-ultimos-tres-meses-de-2021-juntos.ghtml\">mais infec\u00e7\u00f5es por coronav\u00edrus do que a soma dos tr\u00eas \u00faltimos meses de 2021<\/a>. Na capital,&nbsp;a incid\u00eancia de casos de Covid-19 aumentou 1.724% em menos de 20 dias, entre os dias 24 de dezembro e 13 de janeiro, de&nbsp;<strong>16,2<\/strong>&nbsp;novos casos por 100 mil habitantes para&nbsp;<strong>295,5<\/strong>.<\/p>\n\n\n\n<p>&#8220;A demanda aumentou escandalosamente. N\u00e3o bastasse isso, n\u00f3s estamos convivendo agora com o adoecimento importante dos profissionais. V\u00e1rios est\u00e3o testando positivo, precisando ficar afastados, o que causa uma sobrecarga ainda maior sobre os que ficam&#8221;, afirma o m\u00e9dico de fam\u00edlia de um centro de sa\u00fade da Regi\u00e3o Leste de BH e diretor do Sindicato dos M\u00e9dicos do Estado de Minas Gerais (Sinmed), Artur Mendes.<\/p>\n\n\n\n<p>Segundo ele,&nbsp;os profissionais tamb\u00e9m t\u00eam enfrentado adoecimento mental. &#8220;Al\u00e9m da press\u00e3o por atendimento, tem a frustra\u00e7\u00e3o por n\u00e3o conseguir dar conta (de toda a demanda). A situa\u00e7\u00e3o \u00e9 muito grave, em algum momento a bolha vai explodir. Os profissionais n\u00e3o est\u00e3o suportando&#8221;, diz.<\/p>\n\n\n\n<p>Na semana passada, o Sinmed enviou uma&nbsp;<a href=\"https:\/\/g1.globo.com\/mg\/minas-gerais\/noticia\/2022\/01\/17\/covid-19-mg-tem-mais-casos-nos-17-dias-de-janeiro-do-que-nos-ultimos-tres-meses-de-2021-juntos.ghtml\">notifica\u00e7\u00e3o extrajudicial<\/a>&nbsp;para a Prefeitura de Belo Horizonte para relatar a sobrecarga do sistema de sa\u00fade e o d\u00e9ficit de profissionais que, segundo a entidade, &#8220;est\u00e3o trabalhando com a jornada estendida para atender a necessidade da comunidade, muitos h\u00e1 meses sem gozar f\u00e9rias ou folgas&#8221;.<\/p>\n\n\n\n<p>O sindicato pede a&nbsp;convoca\u00e7\u00e3o de m\u00e9dicos aprovados no \u00faltimo concurso p\u00fablico, realizado no ano passado, a contrata\u00e7\u00e3o emergencial de profissionais e melhorias na remunera\u00e7\u00e3o.<\/p>\n\n\n\n<p>J\u00e1 o Sindibel solicita a abertura de centros de testagem p\u00fablica de Covid-19 para desafogar centros de sa\u00fade e UPAs, amplia\u00e7\u00e3o de pontos de vacina\u00e7\u00e3o e contrata\u00e7\u00e3o de enfermeiros.<\/p>\n\n\n\n<h5 class=\"wp-block-heading\">O que diz a prefeitura<\/h5>\n\n\n\n<p>O&nbsp;<a href=\"https:\/\/g1.globo.com\/mg\/minas-gerais\/\">g1 Minas<\/a>&nbsp;questionou a Secretaria Municipal de Sa\u00fade de Belo Horizonte sobre a sobrecarga e o d\u00e9ficit de profissionais de sa\u00fade.<\/p>\n\n\n\n<p>A pasta disse, na tarde desta segunda-feira (17), que&nbsp;ainda n\u00e3o recebeu a notifica\u00e7\u00e3o&nbsp;do sindicato de m\u00e9dicos e que mant\u00e9m &#8220;contato constante&#8221; com a entidade.<\/p>\n\n\n\n<p>&#8220;Desde o in\u00edcio do aumento na demanda, devido ao aumento de casos de doen\u00e7as respirat\u00f3rias, a Prefeitura tem trabalhado ininterruptamente para recompor as equipes, refor\u00e7ar e ampliar o atendimento \u00e0 popula\u00e7\u00e3o de forma a garantir a melhor assist\u00eancia e condi\u00e7\u00f5es de trabalho&#8221;, disse a secretaria.<\/p>\n\n\n\n<p>Segundo a prefeitura, entre os dias 24 de dezembro a 14 de janeiro, foram contratados&nbsp;mais 1.125 profissionais, dos quais 251 m\u00e9dicos&nbsp;&#8220;de diversas especialidades&#8221;. O \u00faltimo concurso, realizado em 2021, tem previs\u00e3o de homologa\u00e7\u00e3o ainda em janeiro.<\/p>\n\n\n\n<p>Interessados em trabalhar como m\u00e9dicos da prefeitura podem inserir o curr\u00edculo&nbsp;<a href=\"https:\/\/prefeitura.pbh.gov.br\/saude\/informacoes\/gestao-de-pessoas\/banco-de-curriculos\" target=\"_blank\" rel=\"noreferrer noopener\">no site<\/a>.<\/p>\n\n\n\n<p>&#8220;No que se refere \u00e0 realiza\u00e7\u00e3o de testes, desde outubro do ano passado a Prefeitura ampliou a oferta de testagem. Todos os pacientes que procuram as UPAs e Centros de Sa\u00fade, com sintomas respirat\u00f3rios, s\u00e3o testados, por meio de teste ant\u00edgeno (teste r\u00e1pido), para Covid-19, para diagn\u00f3stico diferenciado. Gr\u00e1vidas, pu\u00e9rperas ou pessoas com comorbidade que tiverem sintomas respirat\u00f3rios, com teste r\u00e1pido negativo, s\u00e3o submetidas tamb\u00e9m ao PCR para diagn\u00f3stico definitivo. A Prefeitura est\u00e1 abastecida com testes e insumos para realiza\u00e7\u00e3o de exames para detec\u00e7\u00e3o da Covid&#8221;, disse a pasta.<\/p>\n\n\n\n<p>Sobre a amplia\u00e7\u00e3o dos postos de vacina\u00e7\u00e3o, a prefeitura disse que a estrat\u00e9gia \u00e9 manter a imuniza\u00e7\u00e3o nos 152 centros de sa\u00fade, em drive-thru, shoppings e postos fixos para repescagem. J\u00e1 a vacina\u00e7\u00e3o das crian\u00e7as ocorre nas escolas.<\/p>\n\n\n\n<p>A prefeitura disse ainda que &#8220;monitora diariamente os n\u00fameros epidemiol\u00f3gicos e assistenciais da doen\u00e7a no munic\u00edpio&nbsp;e qualquer agravamento que comprometa a capacidade de atendimento ser\u00e1 tratado da forma devida, com o objetivo de preservar vidas&#8221;.<\/p>\n\n\n\n<p><\/p>\n\n\n\n<p><a href=\"https:\/\/g1.globo.com\/mg\/minas-gerais\/noticia\/2022\/01\/18\/covid-19-novo-aumento-de-casos-deixa-profissionais-de-saude-exaustos-e-adoecidos-em-bh.ghtml\" target=\"_blank\" rel=\"noreferrer noopener\">Por Rafaela Mansur, G1 Minas<\/a><br>Foto: TV Globo\/ Reprodu\u00e7\u00e3o<\/p>\n","protected":false},"excerpt":{"rendered":"<p>Trabalhadores reclamam de sobrecarga de trabalho. Somente nos primeiros 17 dias deste ano, Minas registrou mais infec\u00e7\u00f5es por coronav\u00edrus do que a soma dos tr\u00eas \u00faltimos meses de 2021 Ap\u00f3s quase dois anos de enfrentamento da pandemia, os profissionais de sa\u00fade voltaram a encarar, nas \u00faltimas semanas, uma rotina de&nbsp;unidades lotadas e sobrecarga de trabalho, [&hellip;]<\/p>\n","protected":false},"author":1,"featured_media":23067,"comment_status":"open","ping_status":"open","sticky":false,"template":"","format":"standard","meta":{"footnotes":""},"categories":[140,143],"tags":[],"class_list":["post-23066","post","type-post","status-publish","format-standard","has-post-thumbnail","hentry","category-noticias","category-noticias-publicas"],"yoast_head":"<!-- This site is optimized with the Yoast SEO plugin v26.9 - https:\/\/yoast.com\/product\/yoast-seo-wordpress\/ -->\n<title>Covid-19: novo aumento de casos deixa profissionais de sa\u00fade exaustos e adoecidos em BH - Federassantas<\/title>\n<meta name=\"robots\" content=\"index, follow, max-snippet:-1, max-image-preview:large, max-video-preview:-1\" \/>\n<link rel=\"canonical\" href=\"https:\/\/www.federassantas.org.br\/novosite\/covid-19-novo-aumento-de-casos-deixa-profissionais-de-saude-exaustos-e-adoecidos-em-bh\/\" \/>\n<meta property=\"og:locale\" content=\"pt_BR\" \/>\n<meta property=\"og:type\" content=\"article\" \/>\n<meta property=\"og:title\" content=\"Covid-19: novo aumento de casos deixa profissionais de sa\u00fade exaustos e adoecidos em BH - Federassantas\" \/>\n<meta property=\"og:description\" content=\"Trabalhadores reclamam de sobrecarga de trabalho. Somente nos primeiros 17 dias deste ano, Minas registrou mais infec\u00e7\u00f5es por coronav\u00edrus do que a soma dos tr\u00eas \u00faltimos meses de 2021 Ap\u00f3s quase dois anos de enfrentamento da pandemia, os profissionais de sa\u00fade voltaram a encarar, nas \u00faltimas semanas, uma rotina de&nbsp;unidades lotadas e sobrecarga de trabalho, [&hellip;]\" \/>\n<meta property=\"og:url\" content=\"https:\/\/www.federassantas.org.br\/novosite\/covid-19-novo-aumento-de-casos-deixa-profissionais-de-saude-exaustos-e-adoecidos-em-bh\/\" \/>\n<meta property=\"og:site_name\" content=\"Federassantas\" \/>\n<meta property=\"article:published_time\" content=\"2022-01-18T14:07:03+00:00\" \/>\n<meta name=\"author\" content=\"admin-federas\" \/>\n<meta name=\"twitter:card\" content=\"summary_large_image\" \/>\n<meta name=\"twitter:label1\" content=\"Escrito por\" \/>\n\t<meta name=\"twitter:data1\" content=\"admin-federas\" \/>\n\t<meta name=\"twitter:label2\" content=\"Est. tempo de leitura\" \/>\n\t<meta name=\"twitter:data2\" content=\"4 minutos\" \/>\n<script type=\"application\/ld+json\" class=\"yoast-schema-graph\">{\"@context\":\"https:\/\/schema.org\",\"@graph\":[{\"@type\":\"Article\",\"@id\":\"https:\/\/www.federassantas.org.br\/novosite\/covid-19-novo-aumento-de-casos-deixa-profissionais-de-saude-exaustos-e-adoecidos-em-bh\/#article\",\"isPartOf\":{\"@id\":\"https:\/\/www.federassantas.org.br\/novosite\/covid-19-novo-aumento-de-casos-deixa-profissionais-de-saude-exaustos-e-adoecidos-em-bh\/\"},\"author\":{\"name\":\"admin-federas\",\"@id\":\"https:\/\/www.federassantas.org.br\/novosite\/#\/schema\/person\/75fed98158349313fe56175f232f513c\"},\"headline\":\"Covid-19: novo aumento de casos deixa profissionais de sa\u00fade exaustos e adoecidos em BH\",\"datePublished\":\"2022-01-18T14:07:03+00:00\",\"mainEntityOfPage\":{\"@id\":\"https:\/\/www.federassantas.org.br\/novosite\/covid-19-novo-aumento-de-casos-deixa-profissionais-de-saude-exaustos-e-adoecidos-em-bh\/\"},\"wordCount\":841,\"commentCount\":0,\"publisher\":{\"@id\":\"https:\/\/www.federassantas.org.br\/novosite\/#organization\"},\"image\":{\"@id\":\"https:\/\/www.federassantas.org.br\/novosite\/covid-19-novo-aumento-de-casos-deixa-profissionais-de-saude-exaustos-e-adoecidos-em-bh\/#primaryimage\"},\"thumbnailUrl\":\"\",\"articleSection\":[\"Not\u00edcias\",\"Not\u00edcias P\u00fablicas\"],\"inLanguage\":\"pt-BR\",\"potentialAction\":[{\"@type\":\"CommentAction\",\"name\":\"Comment\",\"target\":[\"https:\/\/www.federassantas.org.br\/novosite\/covid-19-novo-aumento-de-casos-deixa-profissionais-de-saude-exaustos-e-adoecidos-em-bh\/#respond\"]}]},{\"@type\":\"WebPage\",\"@id\":\"https:\/\/www.federassantas.org.br\/novosite\/covid-19-novo-aumento-de-casos-deixa-profissionais-de-saude-exaustos-e-adoecidos-em-bh\/\",\"url\":\"https:\/\/www.federassantas.org.br\/novosite\/covid-19-novo-aumento-de-casos-deixa-profissionais-de-saude-exaustos-e-adoecidos-em-bh\/\",\"name\":\"Covid-19: novo aumento de casos deixa profissionais de sa\u00fade exaustos e adoecidos em BH - Federassantas\",\"isPartOf\":{\"@id\":\"https:\/\/www.federassantas.org.br\/novosite\/#website\"},\"primaryImageOfPage\":{\"@id\":\"https:\/\/www.federassantas.org.br\/novosite\/covid-19-novo-aumento-de-casos-deixa-profissionais-de-saude-exaustos-e-adoecidos-em-bh\/#primaryimage\"},\"image\":{\"@id\":\"https:\/\/www.federassantas.org.br\/novosite\/covid-19-novo-aumento-de-casos-deixa-profissionais-de-saude-exaustos-e-adoecidos-em-bh\/#primaryimage\"},\"thumbnailUrl\":\"\",\"datePublished\":\"2022-01-18T14:07:03+00:00\",\"breadcrumb\":{\"@id\":\"https:\/\/www.federassantas.org.br\/novosite\/covid-19-novo-aumento-de-casos-deixa-profissionais-de-saude-exaustos-e-adoecidos-em-bh\/#breadcrumb\"},\"inLanguage\":\"pt-BR\",\"potentialAction\":[{\"@type\":\"ReadAction\",\"target\":[\"https:\/\/www.federassantas.org.br\/novosite\/covid-19-novo-aumento-de-casos-deixa-profissionais-de-saude-exaustos-e-adoecidos-em-bh\/\"]}]},{\"@type\":\"ImageObject\",\"inLanguage\":\"pt-BR\",\"@id\":\"https:\/\/www.federassantas.org.br\/novosite\/covid-19-novo-aumento-de-casos-deixa-profissionais-de-saude-exaustos-e-adoecidos-em-bh\/#primaryimage\",\"url\":\"\",\"contentUrl\":\"\"},{\"@type\":\"BreadcrumbList\",\"@id\":\"https:\/\/www.federassantas.org.br\/novosite\/covid-19-novo-aumento-de-casos-deixa-profissionais-de-saude-exaustos-e-adoecidos-em-bh\/#breadcrumb\",\"itemListElement\":[{\"@type\":\"ListItem\",\"position\":1,\"name\":\"In\u00edcio\",\"item\":\"https:\/\/www.federassantas.org.br\/novosite\/\"},{\"@type\":\"ListItem\",\"position\":2,\"name\":\"Covid-19: novo aumento de casos deixa profissionais de sa\u00fade exaustos e adoecidos em BH\"}]},{\"@type\":\"WebSite\",\"@id\":\"https:\/\/www.federassantas.org.br\/novosite\/#website\",\"url\":\"https:\/\/www.federassantas.org.br\/novosite\/\",\"name\":\"Federassantas\",\"description\":\"Fed. das Santas Casas e Hospitais Filantr\u00f3picos de MG\",\"publisher\":{\"@id\":\"https:\/\/www.federassantas.org.br\/novosite\/#organization\"},\"potentialAction\":[{\"@type\":\"SearchAction\",\"target\":{\"@type\":\"EntryPoint\",\"urlTemplate\":\"https:\/\/www.federassantas.org.br\/novosite\/?s={search_term_string}\"},\"query-input\":{\"@type\":\"PropertyValueSpecification\",\"valueRequired\":true,\"valueName\":\"search_term_string\"}}],\"inLanguage\":\"pt-BR\"},{\"@type\":\"Organization\",\"@id\":\"https:\/\/www.federassantas.org.br\/novosite\/#organization\",\"name\":\"Federassantas\",\"url\":\"https:\/\/www.federassantas.org.br\/novosite\/\",\"logo\":{\"@type\":\"ImageObject\",\"inLanguage\":\"pt-BR\",\"@id\":\"https:\/\/www.federassantas.org.br\/novosite\/#\/schema\/logo\/image\/\",\"url\":\"https:\/\/www.federassantas.org.br\/novosite\/wp-content\/uploads\/2021\/12\/logo.png\",\"contentUrl\":\"https:\/\/www.federassantas.org.br\/novosite\/wp-content\/uploads\/2021\/12\/logo.png\",\"width\":243,\"height\":59,\"caption\":\"Federassantas\"},\"image\":{\"@id\":\"https:\/\/www.federassantas.org.br\/novosite\/#\/schema\/logo\/image\/\"}},{\"@type\":\"Person\",\"@id\":\"https:\/\/www.federassantas.org.br\/novosite\/#\/schema\/person\/75fed98158349313fe56175f232f513c\",\"name\":\"admin-federas\",\"image\":{\"@type\":\"ImageObject\",\"inLanguage\":\"pt-BR\",\"@id\":\"https:\/\/www.federassantas.org.br\/novosite\/#\/schema\/person\/image\/\",\"url\":\"https:\/\/secure.gravatar.com\/avatar\/2a02d7dda59fe8dc6b7ffd3f652e2efede5ccf0dd89dfdc8137c5517f3de8407?s=96&d=mm&r=g\",\"contentUrl\":\"https:\/\/secure.gravatar.com\/avatar\/2a02d7dda59fe8dc6b7ffd3f652e2efede5ccf0dd89dfdc8137c5517f3de8407?s=96&d=mm&r=g\",\"caption\":\"admin-federas\"},\"sameAs\":[\"https:\/\/www.federassantas.org.br\/novosite\/\"],\"url\":\"https:\/\/www.federassantas.org.br\/novosite\/author\/admin-federas\/\"}]}<\/script>\n<!-- \/ Yoast SEO plugin. -->","yoast_head_json":{"title":"Covid-19: novo aumento de casos deixa profissionais de sa\u00fade exaustos e adoecidos em BH - Federassantas","robots":{"index":"index","follow":"follow","max-snippet":"max-snippet:-1","max-image-preview":"max-image-preview:large","max-video-preview":"max-video-preview:-1"},"canonical":"https:\/\/www.federassantas.org.br\/novosite\/covid-19-novo-aumento-de-casos-deixa-profissionais-de-saude-exaustos-e-adoecidos-em-bh\/","og_locale":"pt_BR","og_type":"article","og_title":"Covid-19: novo aumento de casos deixa profissionais de sa\u00fade exaustos e adoecidos em BH - Federassantas","og_description":"Trabalhadores reclamam de sobrecarga de trabalho. Somente nos primeiros 17 dias deste ano, Minas registrou mais infec\u00e7\u00f5es por coronav\u00edrus do que a soma dos tr\u00eas \u00faltimos meses de 2021 Ap\u00f3s quase dois anos de enfrentamento da pandemia, os profissionais de sa\u00fade voltaram a encarar, nas \u00faltimas semanas, uma rotina de&nbsp;unidades lotadas e sobrecarga de trabalho, [&hellip;]","og_url":"https:\/\/www.federassantas.org.br\/novosite\/covid-19-novo-aumento-de-casos-deixa-profissionais-de-saude-exaustos-e-adoecidos-em-bh\/","og_site_name":"Federassantas","article_published_time":"2022-01-18T14:07:03+00:00","author":"admin-federas","twitter_card":"summary_large_image","twitter_misc":{"Escrito por":"admin-federas","Est. tempo de leitura":"4 minutos"},"schema":{"@context":"https:\/\/schema.org","@graph":[{"@type":"Article","@id":"https:\/\/www.federassantas.org.br\/novosite\/covid-19-novo-aumento-de-casos-deixa-profissionais-de-saude-exaustos-e-adoecidos-em-bh\/#article","isPartOf":{"@id":"https:\/\/www.federassantas.org.br\/novosite\/covid-19-novo-aumento-de-casos-deixa-profissionais-de-saude-exaustos-e-adoecidos-em-bh\/"},"author":{"name":"admin-federas","@id":"https:\/\/www.federassantas.org.br\/novosite\/#\/schema\/person\/75fed98158349313fe56175f232f513c"},"headline":"Covid-19: novo aumento de casos deixa profissionais de sa\u00fade exaustos e adoecidos em BH","datePublished":"2022-01-18T14:07:03+00:00","mainEntityOfPage":{"@id":"https:\/\/www.federassantas.org.br\/novosite\/covid-19-novo-aumento-de-casos-deixa-profissionais-de-saude-exaustos-e-adoecidos-em-bh\/"},"wordCount":841,"commentCount":0,"publisher":{"@id":"https:\/\/www.federassantas.org.br\/novosite\/#organization"},"image":{"@id":"https:\/\/www.federassantas.org.br\/novosite\/covid-19-novo-aumento-de-casos-deixa-profissionais-de-saude-exaustos-e-adoecidos-em-bh\/#primaryimage"},"thumbnailUrl":"","articleSection":["Not\u00edcias","Not\u00edcias P\u00fablicas"],"inLanguage":"pt-BR","potentialAction":[{"@type":"CommentAction","name":"Comment","target":["https:\/\/www.federassantas.org.br\/novosite\/covid-19-novo-aumento-de-casos-deixa-profissionais-de-saude-exaustos-e-adoecidos-em-bh\/#respond"]}]},{"@type":"WebPage","@id":"https:\/\/www.federassantas.org.br\/novosite\/covid-19-novo-aumento-de-casos-deixa-profissionais-de-saude-exaustos-e-adoecidos-em-bh\/","url":"https:\/\/www.federassantas.org.br\/novosite\/covid-19-novo-aumento-de-casos-deixa-profissionais-de-saude-exaustos-e-adoecidos-em-bh\/","name":"Covid-19: novo aumento de casos deixa profissionais de sa\u00fade exaustos e adoecidos em BH - Federassantas","isPartOf":{"@id":"https:\/\/www.federassantas.org.br\/novosite\/#website"},"primaryImageOfPage":{"@id":"https:\/\/www.federassantas.org.br\/novosite\/covid-19-novo-aumento-de-casos-deixa-profissionais-de-saude-exaustos-e-adoecidos-em-bh\/#primaryimage"},"image":{"@id":"https:\/\/www.federassantas.org.br\/novosite\/covid-19-novo-aumento-de-casos-deixa-profissionais-de-saude-exaustos-e-adoecidos-em-bh\/#primaryimage"},"thumbnailUrl":"","datePublished":"2022-01-18T14:07:03+00:00","breadcrumb":{"@id":"https:\/\/www.federassantas.org.br\/novosite\/covid-19-novo-aumento-de-casos-deixa-profissionais-de-saude-exaustos-e-adoecidos-em-bh\/#breadcrumb"},"inLanguage":"pt-BR","potentialAction":[{"@type":"ReadAction","target":["https:\/\/www.federassantas.org.br\/novosite\/covid-19-novo-aumento-de-casos-deixa-profissionais-de-saude-exaustos-e-adoecidos-em-bh\/"]}]},{"@type":"ImageObject","inLanguage":"pt-BR","@id":"https:\/\/www.federassantas.org.br\/novosite\/covid-19-novo-aumento-de-casos-deixa-profissionais-de-saude-exaustos-e-adoecidos-em-bh\/#primaryimage","url":"","contentUrl":""},{"@type":"BreadcrumbList","@id":"https:\/\/www.federassantas.org.br\/novosite\/covid-19-novo-aumento-de-casos-deixa-profissionais-de-saude-exaustos-e-adoecidos-em-bh\/#breadcrumb","itemListElement":[{"@type":"ListItem","position":1,"name":"In\u00edcio","item":"https:\/\/www.federassantas.org.br\/novosite\/"},{"@type":"ListItem","position":2,"name":"Covid-19: novo aumento de casos deixa profissionais de sa\u00fade exaustos e adoecidos em BH"}]},{"@type":"WebSite","@id":"https:\/\/www.federassantas.org.br\/novosite\/#website","url":"https:\/\/www.federassantas.org.br\/novosite\/","name":"Federassantas","description":"Fed. das Santas Casas e Hospitais Filantr\u00f3picos de MG","publisher":{"@id":"https:\/\/www.federassantas.org.br\/novosite\/#organization"},"potentialAction":[{"@type":"SearchAction","target":{"@type":"EntryPoint","urlTemplate":"https:\/\/www.federassantas.org.br\/novosite\/?s={search_term_string}"},"query-input":{"@type":"PropertyValueSpecification","valueRequired":true,"valueName":"search_term_string"}}],"inLanguage":"pt-BR"},{"@type":"Organization","@id":"https:\/\/www.federassantas.org.br\/novosite\/#organization","name":"Federassantas","url":"https:\/\/www.federassantas.org.br\/novosite\/","logo":{"@type":"ImageObject","inLanguage":"pt-BR","@id":"https:\/\/www.federassantas.org.br\/novosite\/#\/schema\/logo\/image\/","url":"https:\/\/www.federassantas.org.br\/novosite\/wp-content\/uploads\/2021\/12\/logo.png","contentUrl":"https:\/\/www.federassantas.org.br\/novosite\/wp-content\/uploads\/2021\/12\/logo.png","width":243,"height":59,"caption":"Federassantas"},"image":{"@id":"https:\/\/www.federassantas.org.br\/novosite\/#\/schema\/logo\/image\/"}},{"@type":"Person","@id":"https:\/\/www.federassantas.org.br\/novosite\/#\/schema\/person\/75fed98158349313fe56175f232f513c","name":"admin-federas","image":{"@type":"ImageObject","inLanguage":"pt-BR","@id":"https:\/\/www.federassantas.org.br\/novosite\/#\/schema\/person\/image\/","url":"https:\/\/secure.gravatar.com\/avatar\/2a02d7dda59fe8dc6b7ffd3f652e2efede5ccf0dd89dfdc8137c5517f3de8407?s=96&d=mm&r=g","contentUrl":"https:\/\/secure.gravatar.com\/avatar\/2a02d7dda59fe8dc6b7ffd3f652e2efede5ccf0dd89dfdc8137c5517f3de8407?s=96&d=mm&r=g","caption":"admin-federas"},"sameAs":["https:\/\/www.federassantas.org.br\/novosite\/"],"url":"https:\/\/www.federassantas.org.br\/novosite\/author\/admin-federas\/"}]}},"_links":{"self":[{"href":"https:\/\/www.federassantas.org.br\/novosite\/wp-json\/wp\/v2\/posts\/23066","targetHints":{"allow":["GET"]}}],"collection":[{"href":"https:\/\/www.federassantas.org.br\/novosite\/wp-json\/wp\/v2\/posts"}],"about":[{"href":"https:\/\/www.federassantas.org.br\/novosite\/wp-json\/wp\/v2\/types\/post"}],"author":[{"embeddable":true,"href":"https:\/\/www.federassantas.org.br\/novosite\/wp-json\/wp\/v2\/users\/1"}],"replies":[{"embeddable":true,"href":"https:\/\/www.federassantas.org.br\/novosite\/wp-json\/wp\/v2\/comments?post=23066"}],"version-history":[{"count":0,"href":"https:\/\/www.federassantas.org.br\/novosite\/wp-json\/wp\/v2\/posts\/23066\/revisions"}],"wp:featuredmedia":[{"embeddable":true,"href":"https:\/\/www.federassantas.org.br\/novosite\/wp-json\/"}],"wp:attachment":[{"href":"https:\/\/www.federassantas.org.br\/novosite\/wp-json\/wp\/v2\/media?parent=23066"}],"wp:term":[{"taxonomy":"category","embeddable":true,"href":"https:\/\/www.federassantas.org.br\/novosite\/wp-json\/wp\/v2\/categories?post=23066"},{"taxonomy":"post_tag","embeddable":true,"href":"https:\/\/www.federassantas.org.br\/novosite\/wp-json\/wp\/v2\/tags?post=23066"}],"curies":[{"name":"wp","href":"https:\/\/api.w.org\/{rel}","templated":true}]}}