{"id":23072,"date":"2022-01-19T09:34:50","date_gmt":"2022-01-19T12:34:50","guid":{"rendered":"https:\/\/federasbackup.meltcomunicacao.com.br\/?p=23072"},"modified":"2022-01-19T09:34:50","modified_gmt":"2022-01-19T12:34:50","slug":"anvisa-decide-nesta-quarta-sobre-autoteste-e-quinta-sobre-coronavac-para-criancas","status":"publish","type":"post","link":"https:\/\/www.federassantas.org.br\/novosite\/anvisa-decide-nesta-quarta-sobre-autoteste-e-quinta-sobre-coronavac-para-criancas\/","title":{"rendered":"Anvisa decide nesta quarta sobre autoteste e quinta sobre CoronaVac para crian\u00e7as"},"content":{"rendered":"\n<p><em>Exames poder\u00e3o ser comercializados em farm\u00e1cia; Brasil pode ter mais uma vacina para imuniza\u00e7\u00e3o de menores de idade<\/em><\/p>\n\n\n\n<p>A Ag\u00eancia Nacional de Vigil\u00e2ncia Sanit\u00e1ria (Anvisa) analisa nesta quarta-feira (19), a partir de reuni\u00e3o da diretoria colegiada do \u00f3rg\u00e3o \u00e0s 15h, &nbsp;o pedido do Minist\u00e9rio da Sa\u00fade para que a popula\u00e7\u00e3o tenha acesso ao autoteste para detec\u00e7\u00e3o da covid-19.&nbsp;<\/p>\n\n\n\n<p>Caso seja aprovado pela ag\u00eancia reguladora, os exames ser\u00e3o comercializados em farm\u00e1cias, e o paciente, orientado pelo farmac\u00eautico, poder\u00e1 realizar a pr\u00f3pria testagem em casa.&nbsp;Na proposta enviada \u00e0 Anvisa, a Sa\u00fade orienta que o paciente que testar positivo procure atendimento m\u00e9dico para confirmar o diagn\u00f3stico e receber orienta\u00e7\u00f5es.&nbsp;<\/p>\n\n\n\n<p><strong>CoronaVac para crian\u00e7as&nbsp;<\/strong><\/p>\n\n\n\n<p>Outra reuni\u00e3o da Anvisa est\u00e1 prevista para \u00e0s 10h desta quinta-feira (20), quando ser\u00e1 debatido o pedido do Instituto Butantan para uso da CoronaVac para imunizar crian\u00e7as e adolescentes, com idades entre tr\u00eas e 17 anos, contra a covid-19.&nbsp;<\/p>\n\n\n\n<p>Na \u00faltima segunda-feira (17), t\u00e9cnicos do \u00f3rg\u00e3o se reuniram com o representante dos representantes do Butantan para discutir os pontos dos dados apresentados pelo fabricante da vacina. Na semana passada, a Anvisa j\u00e1 havia feito uma reuni\u00e3o com entidades m\u00e9dicas para analisar as informa\u00e7\u00f5es complementares.&nbsp;<\/p>\n\n\n\n<p>No pedido, apresentado pelo Butantan, h\u00e1 dados de estudo no Chile, onde a CoronaVac \u00e9 utilizada para pessoas com mais de tr\u00eas anos.&nbsp;<\/p>\n\n\n\n<p>Esta \u00e9 a segunda solicita\u00e7\u00e3o do Instituto Butantan para o uso da CoronaVac em crian\u00e7as e adolescentes. Em julho do ano passado a Anvisa negou o pedido alegando limita\u00e7\u00e3o de dados dos estudos.&nbsp;<\/p>\n\n\n\n<p><\/p>\n\n\n\n<p>Fonte: <a rel=\"noreferrer noopener\" href=\"https:\/\/www.itatiaia.com.br\/noticia\/anvisa-decide-nesta-quarta-sobre-autoteste-e-quinta-sobre-coronavac-para-criancas\" target=\"_blank\">Portal Itatiaia<\/a><br>Foto: Pixabay<\/p>\n","protected":false},"excerpt":{"rendered":"<p>Exames poder\u00e3o ser comercializados em farm\u00e1cia; Brasil pode ter mais uma vacina para imuniza\u00e7\u00e3o de menores de idade A Ag\u00eancia Nacional de Vigil\u00e2ncia Sanit\u00e1ria (Anvisa) analisa nesta quarta-feira (19), a partir de reuni\u00e3o da diretoria colegiada do \u00f3rg\u00e3o \u00e0s 15h, &nbsp;o pedido do Minist\u00e9rio da Sa\u00fade para que a popula\u00e7\u00e3o tenha acesso ao autoteste para [&hellip;]<\/p>\n","protected":false},"author":1,"featured_media":23073,"comment_status":"open","ping_status":"open","sticky":false,"template":"","format":"standard","meta":{"footnotes":""},"categories":[140,143],"tags":[],"class_list":["post-23072","post","type-post","status-publish","format-standard","has-post-thumbnail","hentry","category-noticias","category-noticias-publicas"],"yoast_head":"<!-- This site is optimized with the Yoast SEO plugin v26.9 - https:\/\/yoast.com\/product\/yoast-seo-wordpress\/ -->\n<title>Anvisa decide nesta quarta sobre autoteste e quinta sobre CoronaVac para crian\u00e7as - Federassantas<\/title>\n<meta name=\"robots\" content=\"index, follow, max-snippet:-1, max-image-preview:large, max-video-preview:-1\" \/>\n<link rel=\"canonical\" href=\"https:\/\/www.federassantas.org.br\/novosite\/anvisa-decide-nesta-quarta-sobre-autoteste-e-quinta-sobre-coronavac-para-criancas\/\" \/>\n<meta property=\"og:locale\" content=\"pt_BR\" \/>\n<meta property=\"og:type\" content=\"article\" \/>\n<meta property=\"og:title\" content=\"Anvisa decide nesta quarta sobre autoteste e quinta sobre CoronaVac para crian\u00e7as - Federassantas\" \/>\n<meta property=\"og:description\" content=\"Exames poder\u00e3o ser comercializados em farm\u00e1cia; Brasil pode ter mais uma vacina para imuniza\u00e7\u00e3o de menores de idade A Ag\u00eancia Nacional de Vigil\u00e2ncia Sanit\u00e1ria (Anvisa) analisa nesta quarta-feira (19), a partir de reuni\u00e3o da diretoria colegiada do \u00f3rg\u00e3o \u00e0s 15h, &nbsp;o pedido do Minist\u00e9rio da Sa\u00fade para que a popula\u00e7\u00e3o tenha acesso ao autoteste para [&hellip;]\" \/>\n<meta property=\"og:url\" content=\"https:\/\/www.federassantas.org.br\/novosite\/anvisa-decide-nesta-quarta-sobre-autoteste-e-quinta-sobre-coronavac-para-criancas\/\" \/>\n<meta property=\"og:site_name\" content=\"Federassantas\" \/>\n<meta property=\"article:published_time\" content=\"2022-01-19T12:34:50+00:00\" \/>\n<meta name=\"author\" content=\"admin-federas\" \/>\n<meta name=\"twitter:card\" content=\"summary_large_image\" \/>\n<meta name=\"twitter:label1\" content=\"Escrito por\" \/>\n\t<meta name=\"twitter:data1\" content=\"admin-federas\" \/>\n\t<meta name=\"twitter:label2\" content=\"Est. tempo de leitura\" \/>\n\t<meta name=\"twitter:data2\" content=\"1 minuto\" \/>\n<script type=\"application\/ld+json\" class=\"yoast-schema-graph\">{\"@context\":\"https:\/\/schema.org\",\"@graph\":[{\"@type\":\"Article\",\"@id\":\"https:\/\/www.federassantas.org.br\/novosite\/anvisa-decide-nesta-quarta-sobre-autoteste-e-quinta-sobre-coronavac-para-criancas\/#article\",\"isPartOf\":{\"@id\":\"https:\/\/www.federassantas.org.br\/novosite\/anvisa-decide-nesta-quarta-sobre-autoteste-e-quinta-sobre-coronavac-para-criancas\/\"},\"author\":{\"name\":\"admin-federas\",\"@id\":\"https:\/\/www.federassantas.org.br\/novosite\/#\/schema\/person\/75fed98158349313fe56175f232f513c\"},\"headline\":\"Anvisa decide nesta quarta sobre autoteste e quinta sobre CoronaVac para crian\u00e7as\",\"datePublished\":\"2022-01-19T12:34:50+00:00\",\"mainEntityOfPage\":{\"@id\":\"https:\/\/www.federassantas.org.br\/novosite\/anvisa-decide-nesta-quarta-sobre-autoteste-e-quinta-sobre-coronavac-para-criancas\/\"},\"wordCount\":304,\"commentCount\":0,\"publisher\":{\"@id\":\"https:\/\/www.federassantas.org.br\/novosite\/#organization\"},\"image\":{\"@id\":\"https:\/\/www.federassantas.org.br\/novosite\/anvisa-decide-nesta-quarta-sobre-autoteste-e-quinta-sobre-coronavac-para-criancas\/#primaryimage\"},\"thumbnailUrl\":\"\",\"articleSection\":[\"Not\u00edcias\",\"Not\u00edcias P\u00fablicas\"],\"inLanguage\":\"pt-BR\",\"potentialAction\":[{\"@type\":\"CommentAction\",\"name\":\"Comment\",\"target\":[\"https:\/\/www.federassantas.org.br\/novosite\/anvisa-decide-nesta-quarta-sobre-autoteste-e-quinta-sobre-coronavac-para-criancas\/#respond\"]}]},{\"@type\":\"WebPage\",\"@id\":\"https:\/\/www.federassantas.org.br\/novosite\/anvisa-decide-nesta-quarta-sobre-autoteste-e-quinta-sobre-coronavac-para-criancas\/\",\"url\":\"https:\/\/www.federassantas.org.br\/novosite\/anvisa-decide-nesta-quarta-sobre-autoteste-e-quinta-sobre-coronavac-para-criancas\/\",\"name\":\"Anvisa decide nesta quarta sobre autoteste e quinta sobre CoronaVac para crian\u00e7as - Federassantas\",\"isPartOf\":{\"@id\":\"https:\/\/www.federassantas.org.br\/novosite\/#website\"},\"primaryImageOfPage\":{\"@id\":\"https:\/\/www.federassantas.org.br\/novosite\/anvisa-decide-nesta-quarta-sobre-autoteste-e-quinta-sobre-coronavac-para-criancas\/#primaryimage\"},\"image\":{\"@id\":\"https:\/\/www.federassantas.org.br\/novosite\/anvisa-decide-nesta-quarta-sobre-autoteste-e-quinta-sobre-coronavac-para-criancas\/#primaryimage\"},\"thumbnailUrl\":\"\",\"datePublished\":\"2022-01-19T12:34:50+00:00\",\"breadcrumb\":{\"@id\":\"https:\/\/www.federassantas.org.br\/novosite\/anvisa-decide-nesta-quarta-sobre-autoteste-e-quinta-sobre-coronavac-para-criancas\/#breadcrumb\"},\"inLanguage\":\"pt-BR\",\"potentialAction\":[{\"@type\":\"ReadAction\",\"target\":[\"https:\/\/www.federassantas.org.br\/novosite\/anvisa-decide-nesta-quarta-sobre-autoteste-e-quinta-sobre-coronavac-para-criancas\/\"]}]},{\"@type\":\"ImageObject\",\"inLanguage\":\"pt-BR\",\"@id\":\"https:\/\/www.federassantas.org.br\/novosite\/anvisa-decide-nesta-quarta-sobre-autoteste-e-quinta-sobre-coronavac-para-criancas\/#primaryimage\",\"url\":\"\",\"contentUrl\":\"\"},{\"@type\":\"BreadcrumbList\",\"@id\":\"https:\/\/www.federassantas.org.br\/novosite\/anvisa-decide-nesta-quarta-sobre-autoteste-e-quinta-sobre-coronavac-para-criancas\/#breadcrumb\",\"itemListElement\":[{\"@type\":\"ListItem\",\"position\":1,\"name\":\"In\u00edcio\",\"item\":\"https:\/\/www.federassantas.org.br\/novosite\/\"},{\"@type\":\"ListItem\",\"position\":2,\"name\":\"Anvisa decide nesta quarta sobre autoteste e quinta sobre CoronaVac para crian\u00e7as\"}]},{\"@type\":\"WebSite\",\"@id\":\"https:\/\/www.federassantas.org.br\/novosite\/#website\",\"url\":\"https:\/\/www.federassantas.org.br\/novosite\/\",\"name\":\"Federassantas\",\"description\":\"Fed. das Santas Casas e Hospitais Filantr\u00f3picos de MG\",\"publisher\":{\"@id\":\"https:\/\/www.federassantas.org.br\/novosite\/#organization\"},\"potentialAction\":[{\"@type\":\"SearchAction\",\"target\":{\"@type\":\"EntryPoint\",\"urlTemplate\":\"https:\/\/www.federassantas.org.br\/novosite\/?s={search_term_string}\"},\"query-input\":{\"@type\":\"PropertyValueSpecification\",\"valueRequired\":true,\"valueName\":\"search_term_string\"}}],\"inLanguage\":\"pt-BR\"},{\"@type\":\"Organization\",\"@id\":\"https:\/\/www.federassantas.org.br\/novosite\/#organization\",\"name\":\"Federassantas\",\"url\":\"https:\/\/www.federassantas.org.br\/novosite\/\",\"logo\":{\"@type\":\"ImageObject\",\"inLanguage\":\"pt-BR\",\"@id\":\"https:\/\/www.federassantas.org.br\/novosite\/#\/schema\/logo\/image\/\",\"url\":\"https:\/\/www.federassantas.org.br\/novosite\/wp-content\/uploads\/2021\/12\/logo.png\",\"contentUrl\":\"https:\/\/www.federassantas.org.br\/novosite\/wp-content\/uploads\/2021\/12\/logo.png\",\"width\":243,\"height\":59,\"caption\":\"Federassantas\"},\"image\":{\"@id\":\"https:\/\/www.federassantas.org.br\/novosite\/#\/schema\/logo\/image\/\"}},{\"@type\":\"Person\",\"@id\":\"https:\/\/www.federassantas.org.br\/novosite\/#\/schema\/person\/75fed98158349313fe56175f232f513c\",\"name\":\"admin-federas\",\"image\":{\"@type\":\"ImageObject\",\"inLanguage\":\"pt-BR\",\"@id\":\"https:\/\/www.federassantas.org.br\/novosite\/#\/schema\/person\/image\/\",\"url\":\"https:\/\/secure.gravatar.com\/avatar\/2a02d7dda59fe8dc6b7ffd3f652e2efede5ccf0dd89dfdc8137c5517f3de8407?s=96&d=mm&r=g\",\"contentUrl\":\"https:\/\/secure.gravatar.com\/avatar\/2a02d7dda59fe8dc6b7ffd3f652e2efede5ccf0dd89dfdc8137c5517f3de8407?s=96&d=mm&r=g\",\"caption\":\"admin-federas\"},\"sameAs\":[\"https:\/\/www.federassantas.org.br\/novosite\/\"],\"url\":\"https:\/\/www.federassantas.org.br\/novosite\/author\/admin-federas\/\"}]}<\/script>\n<!-- \/ Yoast SEO plugin. -->","yoast_head_json":{"title":"Anvisa decide nesta quarta sobre autoteste e quinta sobre CoronaVac para crian\u00e7as - Federassantas","robots":{"index":"index","follow":"follow","max-snippet":"max-snippet:-1","max-image-preview":"max-image-preview:large","max-video-preview":"max-video-preview:-1"},"canonical":"https:\/\/www.federassantas.org.br\/novosite\/anvisa-decide-nesta-quarta-sobre-autoteste-e-quinta-sobre-coronavac-para-criancas\/","og_locale":"pt_BR","og_type":"article","og_title":"Anvisa decide nesta quarta sobre autoteste e quinta sobre CoronaVac para crian\u00e7as - Federassantas","og_description":"Exames poder\u00e3o ser comercializados em farm\u00e1cia; Brasil pode ter mais uma vacina para imuniza\u00e7\u00e3o de menores de idade A Ag\u00eancia Nacional de Vigil\u00e2ncia Sanit\u00e1ria (Anvisa) analisa nesta quarta-feira (19), a partir de reuni\u00e3o da diretoria colegiada do \u00f3rg\u00e3o \u00e0s 15h, &nbsp;o pedido do Minist\u00e9rio da Sa\u00fade para que a popula\u00e7\u00e3o tenha acesso ao autoteste para [&hellip;]","og_url":"https:\/\/www.federassantas.org.br\/novosite\/anvisa-decide-nesta-quarta-sobre-autoteste-e-quinta-sobre-coronavac-para-criancas\/","og_site_name":"Federassantas","article_published_time":"2022-01-19T12:34:50+00:00","author":"admin-federas","twitter_card":"summary_large_image","twitter_misc":{"Escrito por":"admin-federas","Est. tempo de leitura":"1 minuto"},"schema":{"@context":"https:\/\/schema.org","@graph":[{"@type":"Article","@id":"https:\/\/www.federassantas.org.br\/novosite\/anvisa-decide-nesta-quarta-sobre-autoteste-e-quinta-sobre-coronavac-para-criancas\/#article","isPartOf":{"@id":"https:\/\/www.federassantas.org.br\/novosite\/anvisa-decide-nesta-quarta-sobre-autoteste-e-quinta-sobre-coronavac-para-criancas\/"},"author":{"name":"admin-federas","@id":"https:\/\/www.federassantas.org.br\/novosite\/#\/schema\/person\/75fed98158349313fe56175f232f513c"},"headline":"Anvisa decide nesta quarta sobre autoteste e quinta sobre CoronaVac para crian\u00e7as","datePublished":"2022-01-19T12:34:50+00:00","mainEntityOfPage":{"@id":"https:\/\/www.federassantas.org.br\/novosite\/anvisa-decide-nesta-quarta-sobre-autoteste-e-quinta-sobre-coronavac-para-criancas\/"},"wordCount":304,"commentCount":0,"publisher":{"@id":"https:\/\/www.federassantas.org.br\/novosite\/#organization"},"image":{"@id":"https:\/\/www.federassantas.org.br\/novosite\/anvisa-decide-nesta-quarta-sobre-autoteste-e-quinta-sobre-coronavac-para-criancas\/#primaryimage"},"thumbnailUrl":"","articleSection":["Not\u00edcias","Not\u00edcias P\u00fablicas"],"inLanguage":"pt-BR","potentialAction":[{"@type":"CommentAction","name":"Comment","target":["https:\/\/www.federassantas.org.br\/novosite\/anvisa-decide-nesta-quarta-sobre-autoteste-e-quinta-sobre-coronavac-para-criancas\/#respond"]}]},{"@type":"WebPage","@id":"https:\/\/www.federassantas.org.br\/novosite\/anvisa-decide-nesta-quarta-sobre-autoteste-e-quinta-sobre-coronavac-para-criancas\/","url":"https:\/\/www.federassantas.org.br\/novosite\/anvisa-decide-nesta-quarta-sobre-autoteste-e-quinta-sobre-coronavac-para-criancas\/","name":"Anvisa decide nesta quarta sobre autoteste e quinta sobre CoronaVac para crian\u00e7as - Federassantas","isPartOf":{"@id":"https:\/\/www.federassantas.org.br\/novosite\/#website"},"primaryImageOfPage":{"@id":"https:\/\/www.federassantas.org.br\/novosite\/anvisa-decide-nesta-quarta-sobre-autoteste-e-quinta-sobre-coronavac-para-criancas\/#primaryimage"},"image":{"@id":"https:\/\/www.federassantas.org.br\/novosite\/anvisa-decide-nesta-quarta-sobre-autoteste-e-quinta-sobre-coronavac-para-criancas\/#primaryimage"},"thumbnailUrl":"","datePublished":"2022-01-19T12:34:50+00:00","breadcrumb":{"@id":"https:\/\/www.federassantas.org.br\/novosite\/anvisa-decide-nesta-quarta-sobre-autoteste-e-quinta-sobre-coronavac-para-criancas\/#breadcrumb"},"inLanguage":"pt-BR","potentialAction":[{"@type":"ReadAction","target":["https:\/\/www.federassantas.org.br\/novosite\/anvisa-decide-nesta-quarta-sobre-autoteste-e-quinta-sobre-coronavac-para-criancas\/"]}]},{"@type":"ImageObject","inLanguage":"pt-BR","@id":"https:\/\/www.federassantas.org.br\/novosite\/anvisa-decide-nesta-quarta-sobre-autoteste-e-quinta-sobre-coronavac-para-criancas\/#primaryimage","url":"","contentUrl":""},{"@type":"BreadcrumbList","@id":"https:\/\/www.federassantas.org.br\/novosite\/anvisa-decide-nesta-quarta-sobre-autoteste-e-quinta-sobre-coronavac-para-criancas\/#breadcrumb","itemListElement":[{"@type":"ListItem","position":1,"name":"In\u00edcio","item":"https:\/\/www.federassantas.org.br\/novosite\/"},{"@type":"ListItem","position":2,"name":"Anvisa decide nesta quarta sobre autoteste e quinta sobre CoronaVac para crian\u00e7as"}]},{"@type":"WebSite","@id":"https:\/\/www.federassantas.org.br\/novosite\/#website","url":"https:\/\/www.federassantas.org.br\/novosite\/","name":"Federassantas","description":"Fed. das Santas Casas e Hospitais Filantr\u00f3picos de MG","publisher":{"@id":"https:\/\/www.federassantas.org.br\/novosite\/#organization"},"potentialAction":[{"@type":"SearchAction","target":{"@type":"EntryPoint","urlTemplate":"https:\/\/www.federassantas.org.br\/novosite\/?s={search_term_string}"},"query-input":{"@type":"PropertyValueSpecification","valueRequired":true,"valueName":"search_term_string"}}],"inLanguage":"pt-BR"},{"@type":"Organization","@id":"https:\/\/www.federassantas.org.br\/novosite\/#organization","name":"Federassantas","url":"https:\/\/www.federassantas.org.br\/novosite\/","logo":{"@type":"ImageObject","inLanguage":"pt-BR","@id":"https:\/\/www.federassantas.org.br\/novosite\/#\/schema\/logo\/image\/","url":"https:\/\/www.federassantas.org.br\/novosite\/wp-content\/uploads\/2021\/12\/logo.png","contentUrl":"https:\/\/www.federassantas.org.br\/novosite\/wp-content\/uploads\/2021\/12\/logo.png","width":243,"height":59,"caption":"Federassantas"},"image":{"@id":"https:\/\/www.federassantas.org.br\/novosite\/#\/schema\/logo\/image\/"}},{"@type":"Person","@id":"https:\/\/www.federassantas.org.br\/novosite\/#\/schema\/person\/75fed98158349313fe56175f232f513c","name":"admin-federas","image":{"@type":"ImageObject","inLanguage":"pt-BR","@id":"https:\/\/www.federassantas.org.br\/novosite\/#\/schema\/person\/image\/","url":"https:\/\/secure.gravatar.com\/avatar\/2a02d7dda59fe8dc6b7ffd3f652e2efede5ccf0dd89dfdc8137c5517f3de8407?s=96&d=mm&r=g","contentUrl":"https:\/\/secure.gravatar.com\/avatar\/2a02d7dda59fe8dc6b7ffd3f652e2efede5ccf0dd89dfdc8137c5517f3de8407?s=96&d=mm&r=g","caption":"admin-federas"},"sameAs":["https:\/\/www.federassantas.org.br\/novosite\/"],"url":"https:\/\/www.federassantas.org.br\/novosite\/author\/admin-federas\/"}]}},"_links":{"self":[{"href":"https:\/\/www.federassantas.org.br\/novosite\/wp-json\/wp\/v2\/posts\/23072","targetHints":{"allow":["GET"]}}],"collection":[{"href":"https:\/\/www.federassantas.org.br\/novosite\/wp-json\/wp\/v2\/posts"}],"about":[{"href":"https:\/\/www.federassantas.org.br\/novosite\/wp-json\/wp\/v2\/types\/post"}],"author":[{"embeddable":true,"href":"https:\/\/www.federassantas.org.br\/novosite\/wp-json\/wp\/v2\/users\/1"}],"replies":[{"embeddable":true,"href":"https:\/\/www.federassantas.org.br\/novosite\/wp-json\/wp\/v2\/comments?post=23072"}],"version-history":[{"count":0,"href":"https:\/\/www.federassantas.org.br\/novosite\/wp-json\/wp\/v2\/posts\/23072\/revisions"}],"wp:featuredmedia":[{"embeddable":true,"href":"https:\/\/www.federassantas.org.br\/novosite\/wp-json\/"}],"wp:attachment":[{"href":"https:\/\/www.federassantas.org.br\/novosite\/wp-json\/wp\/v2\/media?parent=23072"}],"wp:term":[{"taxonomy":"category","embeddable":true,"href":"https:\/\/www.federassantas.org.br\/novosite\/wp-json\/wp\/v2\/categories?post=23072"},{"taxonomy":"post_tag","embeddable":true,"href":"https:\/\/www.federassantas.org.br\/novosite\/wp-json\/wp\/v2\/tags?post=23072"}],"curies":[{"name":"wp","href":"https:\/\/api.w.org\/{rel}","templated":true}]}}