{"id":23075,"date":"2022-01-19T09:41:05","date_gmt":"2022-01-19T12:41:05","guid":{"rendered":"https:\/\/federasbackup.meltcomunicacao.com.br\/?p=23075"},"modified":"2022-01-19T09:41:05","modified_gmt":"2022-01-19T12:41:05","slug":"covid-hospitais-de-bh-tem-lotacao-maxima-e-taxa-de-transmissao-aumenta","status":"publish","type":"post","link":"https:\/\/www.federassantas.org.br\/novosite\/covid-hospitais-de-bh-tem-lotacao-maxima-e-taxa-de-transmissao-aumenta\/","title":{"rendered":"COVID: hospitais de BH t\u00eam lota\u00e7\u00e3o m\u00e1xima e taxa de transmiss\u00e3o aumenta"},"content":{"rendered":"\n<p><em>Por enquanto, prefeitura n\u00e3o prev\u00ea fechamento do com\u00e9rcio. Prefeito Alexandre Kalil prorrogou estado de calamidade p\u00fablica at\u00e9 31 de mar\u00e7o<\/em><\/p>\n\n\n\n<p>O preocupante cen\u00e1rio em rela\u00e7\u00e3o ao avan\u00e7o da pandemia do coronav\u00edrus em Belo Horizonte se traduziu em n\u00fameros alarmantes nesta ter\u00e7a-feira (18\/1), o que j\u00e1 mobiliza as autoridades de sa\u00fade da capital. Os \u00faltimos dados mostraram que a ocupa\u00e7\u00e3o de leitos de UTI na Santa Casa BH, no Bairro Santa Efig\u00eania, ultrapassou o percentual de 97% em virtude do aumento de interna\u00e7\u00f5es para casos graves nas \u00faltimas horas. Por sua vez, o Hospital Eduardo de Menezes chegou a 100% de ocupa\u00e7\u00e3o no setor de pacientes com s\u00edndrome respirat\u00f3ria aguda grave (SRAG), como \u00e9 caracterizada a COVID-19.&nbsp;<\/p>\n\n\n\n<p>Por enquanto, a prefeitura n\u00e3o prev\u00ea fechamento do com\u00e9rcio n\u00e3o essencial. O prefeito Alexandre Kalil (PSD) j\u00e1 havia prorrogado o estado de calamidade p\u00fablica at\u00e9 31 de mar\u00e7o de 2022.<br>\u201cA Prefeitura monitora diariamente os n\u00fameros epidemiol\u00f3gicos e assistenciais da doen\u00e7a no munic\u00edpio e qualquer agravamento que comprometa a capacidade de atendimento ser\u00e1 tratado da forma devida, com o objetivo de preservar vidas\u201d, afirma a prefeitura.<\/p>\n\n\n\n<p>\u201cO comprovante de vacina\u00e7\u00e3o j\u00e1 \u00e9 um dos protocolos exigidos pela Prefeitura para realiza\u00e7\u00e3o de eventos, partidas de futebol em est\u00e1dios e eventos de corrida. Nesses casos, os organizadores devem exigir do p\u00fablico a apresenta\u00e7\u00e3o do comprovante de vacina\u00e7\u00e3o ou do teste negativo para o coronav\u00edrus\u201d, complementa a PBH.&nbsp;<\/p>\n\n\n\n<p><br>A ocupa\u00e7\u00e3o de leitos teve avan\u00e7o repentino nas \u00faltimas horas. A Santa Casa disp\u00f5e atualmente de 124 leitos somando-se enfermaria e Centro de Terapia Intensiva (CTI). Dos 84 leitos de enfermaria que o hospital tem, 97,6% est\u00e3o ocupados nesta ter\u00e7a-feira (18\/1). Com rela\u00e7\u00e3o aos 40 leitos de CTI, 97,5% registraram ocupa\u00e7\u00e3o.<\/p>\n\n\n\n<p>A prefeitura informou que, nesta quarta-feira (19\/1), outros 38 leitos de enfermaria ser\u00e3o disponibilizados, totalizando 162 leitos (122 leitos de enfermaria e 40 de CTI). O Eduardo de Menezes conta com capacidade menor de interna\u00e7\u00f5es. De acordo com a Funda\u00e7\u00e3o Hospitalar do Estado de Minas Gerais (Fhemig), a UTI disp\u00f5e de 14 leitos, al\u00e9m de 15 leitos semi-intensivos. Todos eles est\u00e3o ocupados por pacientes nesta ter\u00e7a-feira (18\/1).&nbsp;J\u00e1 os leitos de enfermaria, que somam 35 unidades, est\u00e3o com 92% de ocupa\u00e7\u00e3o.<\/p>\n\n\n\n<p>Conforme o munic\u00edpio, a taxa de ocupa\u00e7\u00e3o total, que considera as redes SUS e Suplementar, segue no n\u00edvel vermelho, com 84,7% nas enfermarias e 82,1%, nas UTIs. Em meio ao grave cen\u00e1rio, o munic\u00edpio anunciou a abertura de mais leitos. S\u00e3o 49 desta vez, sendo 39 novas vagas para enfermaria e outras 10 de UTI.<\/p>\n\n\n\n<h5 class=\"wp-block-heading\"><strong>Leitos abertos<\/strong>&nbsp;<\/h5>\n\n\n\n<p>Apenas nestes primeiros dias do ano, foram abertos na capital 243 novos leitos de enfermaria e 19 de UTI. Pacientes com quadros gripais, ainda sem resultado para a COVID-19, tamb\u00e9m podem estar internados nos leitos destinados ao tratamento da doen\u00e7a, j\u00e1 que os sintomas s\u00e3o semelhantes.<\/p>\n\n\n\n<p>Diante do aumento dos casos, a prefeitura faz um apelo \u00e0 popula\u00e7\u00e3o para que complete o esquema vacinal e mantenha todas as medidas preventivas como o distanciamento social, a frequente higieniza\u00e7\u00e3o das m\u00e3os e o uso de m\u00e1scaras.<\/p>\n\n\n\n<p><\/p>\n\n\n\n<p>Fonte: <a rel=\"noreferrer noopener\" href=\"https:\/\/www.em.com.br\/app\/noticia\/gerais\/2022\/01\/18\/interna_gerais,1338528\/covid-hospitais-de-bh-tem-lotacao-maxima-e-taxa-de-transmissao-aumenta.shtml?utm_source=hardnews&amp;utm_medium=&amp;utm_campaign=score&amp;utm_term=undefined\" target=\"_blank\">Portal Estado de Minas<\/a><br>Foto: Fhemig\/Divulga\u00e7\u00e3o<\/p>\n","protected":false},"excerpt":{"rendered":"<p>Por enquanto, prefeitura n\u00e3o prev\u00ea fechamento do com\u00e9rcio. Prefeito Alexandre Kalil prorrogou estado de calamidade p\u00fablica at\u00e9 31 de mar\u00e7o O preocupante cen\u00e1rio em rela\u00e7\u00e3o ao avan\u00e7o da pandemia do coronav\u00edrus em Belo Horizonte se traduziu em n\u00fameros alarmantes nesta ter\u00e7a-feira (18\/1), o que j\u00e1 mobiliza as autoridades de sa\u00fade da capital. Os \u00faltimos dados [&hellip;]<\/p>\n","protected":false},"author":1,"featured_media":23076,"comment_status":"open","ping_status":"open","sticky":false,"template":"","format":"standard","meta":{"footnotes":""},"categories":[140,143],"tags":[],"class_list":["post-23075","post","type-post","status-publish","format-standard","has-post-thumbnail","hentry","category-noticias","category-noticias-publicas"],"yoast_head":"<!-- This site is optimized with the Yoast SEO plugin v26.9 - https:\/\/yoast.com\/product\/yoast-seo-wordpress\/ -->\n<title>COVID: hospitais de BH t\u00eam lota\u00e7\u00e3o m\u00e1xima e taxa de transmiss\u00e3o aumenta - Federassantas<\/title>\n<meta name=\"robots\" content=\"index, follow, max-snippet:-1, max-image-preview:large, max-video-preview:-1\" \/>\n<link rel=\"canonical\" href=\"https:\/\/www.federassantas.org.br\/novosite\/covid-hospitais-de-bh-tem-lotacao-maxima-e-taxa-de-transmissao-aumenta\/\" \/>\n<meta property=\"og:locale\" content=\"pt_BR\" \/>\n<meta property=\"og:type\" content=\"article\" \/>\n<meta property=\"og:title\" content=\"COVID: hospitais de BH t\u00eam lota\u00e7\u00e3o m\u00e1xima e taxa de transmiss\u00e3o aumenta - Federassantas\" \/>\n<meta property=\"og:description\" content=\"Por enquanto, prefeitura n\u00e3o prev\u00ea fechamento do com\u00e9rcio. Prefeito Alexandre Kalil prorrogou estado de calamidade p\u00fablica at\u00e9 31 de mar\u00e7o O preocupante cen\u00e1rio em rela\u00e7\u00e3o ao avan\u00e7o da pandemia do coronav\u00edrus em Belo Horizonte se traduziu em n\u00fameros alarmantes nesta ter\u00e7a-feira (18\/1), o que j\u00e1 mobiliza as autoridades de sa\u00fade da capital. Os \u00faltimos dados [&hellip;]\" \/>\n<meta property=\"og:url\" content=\"https:\/\/www.federassantas.org.br\/novosite\/covid-hospitais-de-bh-tem-lotacao-maxima-e-taxa-de-transmissao-aumenta\/\" \/>\n<meta property=\"og:site_name\" content=\"Federassantas\" \/>\n<meta property=\"article:published_time\" content=\"2022-01-19T12:41:05+00:00\" \/>\n<meta name=\"author\" content=\"admin-federas\" \/>\n<meta name=\"twitter:card\" content=\"summary_large_image\" \/>\n<meta name=\"twitter:label1\" content=\"Escrito por\" \/>\n\t<meta name=\"twitter:data1\" content=\"admin-federas\" \/>\n\t<meta name=\"twitter:label2\" content=\"Est. tempo de leitura\" \/>\n\t<meta name=\"twitter:data2\" content=\"3 minutos\" \/>\n<script type=\"application\/ld+json\" class=\"yoast-schema-graph\">{\"@context\":\"https:\/\/schema.org\",\"@graph\":[{\"@type\":\"Article\",\"@id\":\"https:\/\/www.federassantas.org.br\/novosite\/covid-hospitais-de-bh-tem-lotacao-maxima-e-taxa-de-transmissao-aumenta\/#article\",\"isPartOf\":{\"@id\":\"https:\/\/www.federassantas.org.br\/novosite\/covid-hospitais-de-bh-tem-lotacao-maxima-e-taxa-de-transmissao-aumenta\/\"},\"author\":{\"name\":\"admin-federas\",\"@id\":\"https:\/\/www.federassantas.org.br\/novosite\/#\/schema\/person\/75fed98158349313fe56175f232f513c\"},\"headline\":\"COVID: hospitais de BH t\u00eam lota\u00e7\u00e3o m\u00e1xima e taxa de transmiss\u00e3o aumenta\",\"datePublished\":\"2022-01-19T12:41:05+00:00\",\"mainEntityOfPage\":{\"@id\":\"https:\/\/www.federassantas.org.br\/novosite\/covid-hospitais-de-bh-tem-lotacao-maxima-e-taxa-de-transmissao-aumenta\/\"},\"wordCount\":563,\"commentCount\":0,\"publisher\":{\"@id\":\"https:\/\/www.federassantas.org.br\/novosite\/#organization\"},\"image\":{\"@id\":\"https:\/\/www.federassantas.org.br\/novosite\/covid-hospitais-de-bh-tem-lotacao-maxima-e-taxa-de-transmissao-aumenta\/#primaryimage\"},\"thumbnailUrl\":\"\",\"articleSection\":[\"Not\u00edcias\",\"Not\u00edcias P\u00fablicas\"],\"inLanguage\":\"pt-BR\",\"potentialAction\":[{\"@type\":\"CommentAction\",\"name\":\"Comment\",\"target\":[\"https:\/\/www.federassantas.org.br\/novosite\/covid-hospitais-de-bh-tem-lotacao-maxima-e-taxa-de-transmissao-aumenta\/#respond\"]}]},{\"@type\":\"WebPage\",\"@id\":\"https:\/\/www.federassantas.org.br\/novosite\/covid-hospitais-de-bh-tem-lotacao-maxima-e-taxa-de-transmissao-aumenta\/\",\"url\":\"https:\/\/www.federassantas.org.br\/novosite\/covid-hospitais-de-bh-tem-lotacao-maxima-e-taxa-de-transmissao-aumenta\/\",\"name\":\"COVID: hospitais de BH t\u00eam lota\u00e7\u00e3o m\u00e1xima e taxa de transmiss\u00e3o aumenta - Federassantas\",\"isPartOf\":{\"@id\":\"https:\/\/www.federassantas.org.br\/novosite\/#website\"},\"primaryImageOfPage\":{\"@id\":\"https:\/\/www.federassantas.org.br\/novosite\/covid-hospitais-de-bh-tem-lotacao-maxima-e-taxa-de-transmissao-aumenta\/#primaryimage\"},\"image\":{\"@id\":\"https:\/\/www.federassantas.org.br\/novosite\/covid-hospitais-de-bh-tem-lotacao-maxima-e-taxa-de-transmissao-aumenta\/#primaryimage\"},\"thumbnailUrl\":\"\",\"datePublished\":\"2022-01-19T12:41:05+00:00\",\"breadcrumb\":{\"@id\":\"https:\/\/www.federassantas.org.br\/novosite\/covid-hospitais-de-bh-tem-lotacao-maxima-e-taxa-de-transmissao-aumenta\/#breadcrumb\"},\"inLanguage\":\"pt-BR\",\"potentialAction\":[{\"@type\":\"ReadAction\",\"target\":[\"https:\/\/www.federassantas.org.br\/novosite\/covid-hospitais-de-bh-tem-lotacao-maxima-e-taxa-de-transmissao-aumenta\/\"]}]},{\"@type\":\"ImageObject\",\"inLanguage\":\"pt-BR\",\"@id\":\"https:\/\/www.federassantas.org.br\/novosite\/covid-hospitais-de-bh-tem-lotacao-maxima-e-taxa-de-transmissao-aumenta\/#primaryimage\",\"url\":\"\",\"contentUrl\":\"\"},{\"@type\":\"BreadcrumbList\",\"@id\":\"https:\/\/www.federassantas.org.br\/novosite\/covid-hospitais-de-bh-tem-lotacao-maxima-e-taxa-de-transmissao-aumenta\/#breadcrumb\",\"itemListElement\":[{\"@type\":\"ListItem\",\"position\":1,\"name\":\"In\u00edcio\",\"item\":\"https:\/\/www.federassantas.org.br\/novosite\/\"},{\"@type\":\"ListItem\",\"position\":2,\"name\":\"COVID: hospitais de BH t\u00eam lota\u00e7\u00e3o m\u00e1xima e taxa de transmiss\u00e3o aumenta\"}]},{\"@type\":\"WebSite\",\"@id\":\"https:\/\/www.federassantas.org.br\/novosite\/#website\",\"url\":\"https:\/\/www.federassantas.org.br\/novosite\/\",\"name\":\"Federassantas\",\"description\":\"Fed. das Santas Casas e Hospitais Filantr\u00f3picos de MG\",\"publisher\":{\"@id\":\"https:\/\/www.federassantas.org.br\/novosite\/#organization\"},\"potentialAction\":[{\"@type\":\"SearchAction\",\"target\":{\"@type\":\"EntryPoint\",\"urlTemplate\":\"https:\/\/www.federassantas.org.br\/novosite\/?s={search_term_string}\"},\"query-input\":{\"@type\":\"PropertyValueSpecification\",\"valueRequired\":true,\"valueName\":\"search_term_string\"}}],\"inLanguage\":\"pt-BR\"},{\"@type\":\"Organization\",\"@id\":\"https:\/\/www.federassantas.org.br\/novosite\/#organization\",\"name\":\"Federassantas\",\"url\":\"https:\/\/www.federassantas.org.br\/novosite\/\",\"logo\":{\"@type\":\"ImageObject\",\"inLanguage\":\"pt-BR\",\"@id\":\"https:\/\/www.federassantas.org.br\/novosite\/#\/schema\/logo\/image\/\",\"url\":\"https:\/\/www.federassantas.org.br\/novosite\/wp-content\/uploads\/2021\/12\/logo.png\",\"contentUrl\":\"https:\/\/www.federassantas.org.br\/novosite\/wp-content\/uploads\/2021\/12\/logo.png\",\"width\":243,\"height\":59,\"caption\":\"Federassantas\"},\"image\":{\"@id\":\"https:\/\/www.federassantas.org.br\/novosite\/#\/schema\/logo\/image\/\"}},{\"@type\":\"Person\",\"@id\":\"https:\/\/www.federassantas.org.br\/novosite\/#\/schema\/person\/75fed98158349313fe56175f232f513c\",\"name\":\"admin-federas\",\"image\":{\"@type\":\"ImageObject\",\"inLanguage\":\"pt-BR\",\"@id\":\"https:\/\/www.federassantas.org.br\/novosite\/#\/schema\/person\/image\/\",\"url\":\"https:\/\/secure.gravatar.com\/avatar\/2a02d7dda59fe8dc6b7ffd3f652e2efede5ccf0dd89dfdc8137c5517f3de8407?s=96&d=mm&r=g\",\"contentUrl\":\"https:\/\/secure.gravatar.com\/avatar\/2a02d7dda59fe8dc6b7ffd3f652e2efede5ccf0dd89dfdc8137c5517f3de8407?s=96&d=mm&r=g\",\"caption\":\"admin-federas\"},\"sameAs\":[\"https:\/\/www.federassantas.org.br\/novosite\/\"],\"url\":\"https:\/\/www.federassantas.org.br\/novosite\/author\/admin-federas\/\"}]}<\/script>\n<!-- \/ Yoast SEO plugin. -->","yoast_head_json":{"title":"COVID: hospitais de BH t\u00eam lota\u00e7\u00e3o m\u00e1xima e taxa de transmiss\u00e3o aumenta - Federassantas","robots":{"index":"index","follow":"follow","max-snippet":"max-snippet:-1","max-image-preview":"max-image-preview:large","max-video-preview":"max-video-preview:-1"},"canonical":"https:\/\/www.federassantas.org.br\/novosite\/covid-hospitais-de-bh-tem-lotacao-maxima-e-taxa-de-transmissao-aumenta\/","og_locale":"pt_BR","og_type":"article","og_title":"COVID: hospitais de BH t\u00eam lota\u00e7\u00e3o m\u00e1xima e taxa de transmiss\u00e3o aumenta - Federassantas","og_description":"Por enquanto, prefeitura n\u00e3o prev\u00ea fechamento do com\u00e9rcio. Prefeito Alexandre Kalil prorrogou estado de calamidade p\u00fablica at\u00e9 31 de mar\u00e7o O preocupante cen\u00e1rio em rela\u00e7\u00e3o ao avan\u00e7o da pandemia do coronav\u00edrus em Belo Horizonte se traduziu em n\u00fameros alarmantes nesta ter\u00e7a-feira (18\/1), o que j\u00e1 mobiliza as autoridades de sa\u00fade da capital. Os \u00faltimos dados [&hellip;]","og_url":"https:\/\/www.federassantas.org.br\/novosite\/covid-hospitais-de-bh-tem-lotacao-maxima-e-taxa-de-transmissao-aumenta\/","og_site_name":"Federassantas","article_published_time":"2022-01-19T12:41:05+00:00","author":"admin-federas","twitter_card":"summary_large_image","twitter_misc":{"Escrito por":"admin-federas","Est. tempo de leitura":"3 minutos"},"schema":{"@context":"https:\/\/schema.org","@graph":[{"@type":"Article","@id":"https:\/\/www.federassantas.org.br\/novosite\/covid-hospitais-de-bh-tem-lotacao-maxima-e-taxa-de-transmissao-aumenta\/#article","isPartOf":{"@id":"https:\/\/www.federassantas.org.br\/novosite\/covid-hospitais-de-bh-tem-lotacao-maxima-e-taxa-de-transmissao-aumenta\/"},"author":{"name":"admin-federas","@id":"https:\/\/www.federassantas.org.br\/novosite\/#\/schema\/person\/75fed98158349313fe56175f232f513c"},"headline":"COVID: hospitais de BH t\u00eam lota\u00e7\u00e3o m\u00e1xima e taxa de transmiss\u00e3o aumenta","datePublished":"2022-01-19T12:41:05+00:00","mainEntityOfPage":{"@id":"https:\/\/www.federassantas.org.br\/novosite\/covid-hospitais-de-bh-tem-lotacao-maxima-e-taxa-de-transmissao-aumenta\/"},"wordCount":563,"commentCount":0,"publisher":{"@id":"https:\/\/www.federassantas.org.br\/novosite\/#organization"},"image":{"@id":"https:\/\/www.federassantas.org.br\/novosite\/covid-hospitais-de-bh-tem-lotacao-maxima-e-taxa-de-transmissao-aumenta\/#primaryimage"},"thumbnailUrl":"","articleSection":["Not\u00edcias","Not\u00edcias P\u00fablicas"],"inLanguage":"pt-BR","potentialAction":[{"@type":"CommentAction","name":"Comment","target":["https:\/\/www.federassantas.org.br\/novosite\/covid-hospitais-de-bh-tem-lotacao-maxima-e-taxa-de-transmissao-aumenta\/#respond"]}]},{"@type":"WebPage","@id":"https:\/\/www.federassantas.org.br\/novosite\/covid-hospitais-de-bh-tem-lotacao-maxima-e-taxa-de-transmissao-aumenta\/","url":"https:\/\/www.federassantas.org.br\/novosite\/covid-hospitais-de-bh-tem-lotacao-maxima-e-taxa-de-transmissao-aumenta\/","name":"COVID: hospitais de BH t\u00eam lota\u00e7\u00e3o m\u00e1xima e taxa de transmiss\u00e3o aumenta - Federassantas","isPartOf":{"@id":"https:\/\/www.federassantas.org.br\/novosite\/#website"},"primaryImageOfPage":{"@id":"https:\/\/www.federassantas.org.br\/novosite\/covid-hospitais-de-bh-tem-lotacao-maxima-e-taxa-de-transmissao-aumenta\/#primaryimage"},"image":{"@id":"https:\/\/www.federassantas.org.br\/novosite\/covid-hospitais-de-bh-tem-lotacao-maxima-e-taxa-de-transmissao-aumenta\/#primaryimage"},"thumbnailUrl":"","datePublished":"2022-01-19T12:41:05+00:00","breadcrumb":{"@id":"https:\/\/www.federassantas.org.br\/novosite\/covid-hospitais-de-bh-tem-lotacao-maxima-e-taxa-de-transmissao-aumenta\/#breadcrumb"},"inLanguage":"pt-BR","potentialAction":[{"@type":"ReadAction","target":["https:\/\/www.federassantas.org.br\/novosite\/covid-hospitais-de-bh-tem-lotacao-maxima-e-taxa-de-transmissao-aumenta\/"]}]},{"@type":"ImageObject","inLanguage":"pt-BR","@id":"https:\/\/www.federassantas.org.br\/novosite\/covid-hospitais-de-bh-tem-lotacao-maxima-e-taxa-de-transmissao-aumenta\/#primaryimage","url":"","contentUrl":""},{"@type":"BreadcrumbList","@id":"https:\/\/www.federassantas.org.br\/novosite\/covid-hospitais-de-bh-tem-lotacao-maxima-e-taxa-de-transmissao-aumenta\/#breadcrumb","itemListElement":[{"@type":"ListItem","position":1,"name":"In\u00edcio","item":"https:\/\/www.federassantas.org.br\/novosite\/"},{"@type":"ListItem","position":2,"name":"COVID: hospitais de BH t\u00eam lota\u00e7\u00e3o m\u00e1xima e taxa de transmiss\u00e3o aumenta"}]},{"@type":"WebSite","@id":"https:\/\/www.federassantas.org.br\/novosite\/#website","url":"https:\/\/www.federassantas.org.br\/novosite\/","name":"Federassantas","description":"Fed. das Santas Casas e Hospitais Filantr\u00f3picos de MG","publisher":{"@id":"https:\/\/www.federassantas.org.br\/novosite\/#organization"},"potentialAction":[{"@type":"SearchAction","target":{"@type":"EntryPoint","urlTemplate":"https:\/\/www.federassantas.org.br\/novosite\/?s={search_term_string}"},"query-input":{"@type":"PropertyValueSpecification","valueRequired":true,"valueName":"search_term_string"}}],"inLanguage":"pt-BR"},{"@type":"Organization","@id":"https:\/\/www.federassantas.org.br\/novosite\/#organization","name":"Federassantas","url":"https:\/\/www.federassantas.org.br\/novosite\/","logo":{"@type":"ImageObject","inLanguage":"pt-BR","@id":"https:\/\/www.federassantas.org.br\/novosite\/#\/schema\/logo\/image\/","url":"https:\/\/www.federassantas.org.br\/novosite\/wp-content\/uploads\/2021\/12\/logo.png","contentUrl":"https:\/\/www.federassantas.org.br\/novosite\/wp-content\/uploads\/2021\/12\/logo.png","width":243,"height":59,"caption":"Federassantas"},"image":{"@id":"https:\/\/www.federassantas.org.br\/novosite\/#\/schema\/logo\/image\/"}},{"@type":"Person","@id":"https:\/\/www.federassantas.org.br\/novosite\/#\/schema\/person\/75fed98158349313fe56175f232f513c","name":"admin-federas","image":{"@type":"ImageObject","inLanguage":"pt-BR","@id":"https:\/\/www.federassantas.org.br\/novosite\/#\/schema\/person\/image\/","url":"https:\/\/secure.gravatar.com\/avatar\/2a02d7dda59fe8dc6b7ffd3f652e2efede5ccf0dd89dfdc8137c5517f3de8407?s=96&d=mm&r=g","contentUrl":"https:\/\/secure.gravatar.com\/avatar\/2a02d7dda59fe8dc6b7ffd3f652e2efede5ccf0dd89dfdc8137c5517f3de8407?s=96&d=mm&r=g","caption":"admin-federas"},"sameAs":["https:\/\/www.federassantas.org.br\/novosite\/"],"url":"https:\/\/www.federassantas.org.br\/novosite\/author\/admin-federas\/"}]}},"_links":{"self":[{"href":"https:\/\/www.federassantas.org.br\/novosite\/wp-json\/wp\/v2\/posts\/23075","targetHints":{"allow":["GET"]}}],"collection":[{"href":"https:\/\/www.federassantas.org.br\/novosite\/wp-json\/wp\/v2\/posts"}],"about":[{"href":"https:\/\/www.federassantas.org.br\/novosite\/wp-json\/wp\/v2\/types\/post"}],"author":[{"embeddable":true,"href":"https:\/\/www.federassantas.org.br\/novosite\/wp-json\/wp\/v2\/users\/1"}],"replies":[{"embeddable":true,"href":"https:\/\/www.federassantas.org.br\/novosite\/wp-json\/wp\/v2\/comments?post=23075"}],"version-history":[{"count":0,"href":"https:\/\/www.federassantas.org.br\/novosite\/wp-json\/wp\/v2\/posts\/23075\/revisions"}],"wp:featuredmedia":[{"embeddable":true,"href":"https:\/\/www.federassantas.org.br\/novosite\/wp-json\/"}],"wp:attachment":[{"href":"https:\/\/www.federassantas.org.br\/novosite\/wp-json\/wp\/v2\/media?parent=23075"}],"wp:term":[{"taxonomy":"category","embeddable":true,"href":"https:\/\/www.federassantas.org.br\/novosite\/wp-json\/wp\/v2\/categories?post=23075"},{"taxonomy":"post_tag","embeddable":true,"href":"https:\/\/www.federassantas.org.br\/novosite\/wp-json\/wp\/v2\/tags?post=23075"}],"curies":[{"name":"wp","href":"https:\/\/api.w.org\/{rel}","templated":true}]}}