{"id":23081,"date":"2022-01-19T14:32:33","date_gmt":"2022-01-19T17:32:33","guid":{"rendered":"https:\/\/federasbackup.meltcomunicacao.com.br\/?p=23081"},"modified":"2022-01-19T14:32:33","modified_gmt":"2022-01-19T17:32:33","slug":"fundacao-hospitalar-sao-francisco-de-assis-promove-campanha-para-compra-de-equipamentos-para-cirurgias-de-video","status":"publish","type":"post","link":"https:\/\/www.federassantas.org.br\/novosite\/fundacao-hospitalar-sao-francisco-de-assis-promove-campanha-para-compra-de-equipamentos-para-cirurgias-de-video\/","title":{"rendered":"Funda\u00e7\u00e3o Hospitalar S\u00e3o Francisco de Assis promove campanha para compra de equipamentos para cirurgias de v\u00eddeo"},"content":{"rendered":"\n<p><em>A a\u00e7\u00e3o pretende arrecadar, ao longo do ano, R$126 mil para compra de tr\u00eas caixas completas com os equipamentos; a m\u00e9dia de atendimentos deve aumentar em 50%<\/em><\/p>\n\n\n\n<p>A Funda\u00e7\u00e3o Hospitalar S\u00e3o Francisco de Assis acaba de lan\u00e7ar a Campanha de aquisi\u00e7\u00e3o de materiais para realiza\u00e7\u00e3o de cirurgias de video, que tem o objetivo de arrecadar, inicialmente, R$ 42 mil para a compra de uma caixa completa para a realiza\u00e7\u00e3o desses procedimentos cir\u00fargicos. A ideia \u00e9 que, ao longo do ano, sejam arrecadados R$ 126 mil para a compra de tr\u00eas caixas completas. Com esses equipamentos, a Institui\u00e7\u00e3o poder\u00e1 aumentar o fluxo de cirurgias realizadas diariamente, visto que, devido \u00e0 pandemia h\u00e1 um n\u00famero alto de pacientes na lista de espera.<\/p>\n\n\n\n<p>Segundo o Superintendente Geral, Dr. Helder Yankous, atualmente, a Funda\u00e7\u00e3o possui apenas duas caixas completas para a realiza\u00e7\u00e3o de procedimentos videolaparosc\u00f3picos, sendo que as mesmas s\u00e3o utilizadas pelas equipes da cirurgia geral e cirurgia tor\u00e1cica, tornando ainda maior o fluxo de utiliza\u00e7\u00e3o das mesmas. \u201cEssa t\u00e9cnica cir\u00fargica \u00e9 minimamente invasiva, sendo que o paciente tem uma recupera\u00e7\u00e3o muito mais r\u00e1pida do que em uma cirurgia aberta. A alta costuma ocorrer cerca de 24 horas ap\u00f3s o procedimento. Com isso, h\u00e1 uma redu\u00e7\u00e3o da m\u00e9dia de perman\u00eancia dos pacientes na Institui\u00e7\u00e3o e mais vagas dispon\u00edveis para outros atendimentos\u201d, apontou.<\/p>\n\n\n\n<p>Para se ter uma ideia da import\u00e2ncia desses equipamentos, de 2017 a 2019, quando a Funda\u00e7\u00e3o tinha quatro caixas completas de videolaparosc\u00f3picas, era poss\u00edvel realizar 632 procedimentos por m\u00eas. J\u00e1 entre 2020 e 2021, com o avan\u00e7o da pandemia e a utiliza\u00e7\u00e3o de apenas dois aparelhos, foram realizadas 422 cirurgias mensais. Com a arrecada\u00e7\u00e3o de R$ 126 mil, a Funda\u00e7\u00e3o poder\u00e1 adquirir mais tr\u00eas caixas e com isso, retomar a m\u00e9dia de procedimentos que estavam sendo executados antes da pandemia, al\u00e9m de aumentar em 50% a oferta de procedimentos.<\/p>\n\n\n\n<p>A campanha foi lan\u00e7ada no dia 17 de janeiro e vai at\u00e9 30 de mar\u00e7o. Para contribuir, acesse: <a href=\"https:\/\/painel.dupay.com.br\/app\/aquisicaoequipamentosvideolaparoscopia\" target=\"_blank\" rel=\"noreferrer noopener\">https:\/\/painel.dupay.com.br\/app\/aquisicaoequipamentosvideolaparoscopia<\/a><\/p>\n\n\n\n<p><strong>Sobre a Funda\u00e7\u00e3o Hospitalar S\u00e3o Francisco de Assis<\/strong><\/p>\n\n\n\n<p>A Funda\u00e7\u00e3o Hospitalar S\u00e3o Francisco de Assis (FHSFA), atua h\u00e1 mais de 10 anos no setor da sa\u00fade de Minas Gerais, atendendo exclusivamente pacientes do Sistema \u00danico de Sa\u00fade (SUS). Atualmente \u00e9 respons\u00e1vel pela administra\u00e7\u00e3o dos Hospitais no bairros Conc\u00f3rdia e Santa L\u00facia, em Belo Horizonte. A Institui\u00e7\u00e3o \u00e9 refer\u00eancia em procedimentos de alta complexidade nas especialidades como Cardiologia, Nefrologia, Neurocirurgia, Oncologia e Ortopedia. Por ano s\u00e3o realizadas mais de 30 mil sess\u00f5es de Hemodi\u00e1lise e, s\u00e3o atendidos mensalmente mais de dois mil pacientes oncol\u00f3gicos, que contam com sess\u00f5es de quimioterapia, radioterapia e braquiterapia. Considerando as \u00e1reas de baixa e m\u00e9dia complexidade, ao todo, a Funda\u00e7\u00e3o oferta 33 especialidades.<\/p>\n\n\n\n<p><\/p>\n\n\n\n<p>Por: Comunica\u00e7\u00e3o FHSFA<\/p>\n","protected":false},"excerpt":{"rendered":"<p>A a\u00e7\u00e3o pretende arrecadar, ao longo do ano, R$126 mil para compra de tr\u00eas caixas completas com os equipamentos; a m\u00e9dia de atendimentos deve aumentar em 50% A Funda\u00e7\u00e3o Hospitalar S\u00e3o Francisco de Assis acaba de lan\u00e7ar a Campanha de aquisi\u00e7\u00e3o de materiais para realiza\u00e7\u00e3o de cirurgias de video, que tem o objetivo de arrecadar, [&hellip;]<\/p>\n","protected":false},"author":1,"featured_media":23082,"comment_status":"open","ping_status":"open","sticky":false,"template":"","format":"standard","meta":{"footnotes":""},"categories":[140,139],"tags":[],"class_list":["post-23081","post","type-post","status-publish","format-standard","has-post-thumbnail","hentry","category-noticias","category-noticias-filiados"],"yoast_head":"<!-- This site is optimized with the Yoast SEO plugin v26.9 - https:\/\/yoast.com\/product\/yoast-seo-wordpress\/ -->\n<title>Funda\u00e7\u00e3o Hospitalar S\u00e3o Francisco de Assis promove campanha para compra de equipamentos para cirurgias de v\u00eddeo - Federassantas<\/title>\n<meta name=\"robots\" content=\"index, follow, max-snippet:-1, max-image-preview:large, max-video-preview:-1\" \/>\n<link rel=\"canonical\" href=\"https:\/\/www.federassantas.org.br\/novosite\/fundacao-hospitalar-sao-francisco-de-assis-promove-campanha-para-compra-de-equipamentos-para-cirurgias-de-video\/\" \/>\n<meta property=\"og:locale\" content=\"pt_BR\" \/>\n<meta property=\"og:type\" content=\"article\" \/>\n<meta property=\"og:title\" content=\"Funda\u00e7\u00e3o Hospitalar S\u00e3o Francisco de Assis promove campanha para compra de equipamentos para cirurgias de v\u00eddeo - Federassantas\" \/>\n<meta property=\"og:description\" content=\"A a\u00e7\u00e3o pretende arrecadar, ao longo do ano, R$126 mil para compra de tr\u00eas caixas completas com os equipamentos; a m\u00e9dia de atendimentos deve aumentar em 50% A Funda\u00e7\u00e3o Hospitalar S\u00e3o Francisco de Assis acaba de lan\u00e7ar a Campanha de aquisi\u00e7\u00e3o de materiais para realiza\u00e7\u00e3o de cirurgias de video, que tem o objetivo de arrecadar, [&hellip;]\" \/>\n<meta property=\"og:url\" content=\"https:\/\/www.federassantas.org.br\/novosite\/fundacao-hospitalar-sao-francisco-de-assis-promove-campanha-para-compra-de-equipamentos-para-cirurgias-de-video\/\" \/>\n<meta property=\"og:site_name\" content=\"Federassantas\" \/>\n<meta property=\"article:published_time\" content=\"2022-01-19T17:32:33+00:00\" \/>\n<meta property=\"og:image\" content=\"https:\/\/www.federassantas.org.br\/novosite\/wp-content\/uploads\/2022\/01\/WhatsApp-Image-2022-01-19-at-12.32.04.jpeg\" \/>\n\t<meta property=\"og:image:width\" content=\"1081\" \/>\n\t<meta property=\"og:image:height\" content=\"1081\" \/>\n\t<meta property=\"og:image:type\" content=\"image\/jpeg\" \/>\n<meta name=\"author\" content=\"admin-federas\" \/>\n<meta name=\"twitter:card\" content=\"summary_large_image\" \/>\n<meta name=\"twitter:label1\" content=\"Escrito por\" \/>\n\t<meta name=\"twitter:data1\" content=\"admin-federas\" \/>\n\t<meta name=\"twitter:label2\" content=\"Est. tempo de leitura\" \/>\n\t<meta name=\"twitter:data2\" content=\"2 minutos\" \/>\n<script type=\"application\/ld+json\" class=\"yoast-schema-graph\">{\"@context\":\"https:\/\/schema.org\",\"@graph\":[{\"@type\":\"Article\",\"@id\":\"https:\/\/www.federassantas.org.br\/novosite\/fundacao-hospitalar-sao-francisco-de-assis-promove-campanha-para-compra-de-equipamentos-para-cirurgias-de-video\/#article\",\"isPartOf\":{\"@id\":\"https:\/\/www.federassantas.org.br\/novosite\/fundacao-hospitalar-sao-francisco-de-assis-promove-campanha-para-compra-de-equipamentos-para-cirurgias-de-video\/\"},\"author\":{\"name\":\"admin-federas\",\"@id\":\"https:\/\/www.federassantas.org.br\/novosite\/#\/schema\/person\/75fed98158349313fe56175f232f513c\"},\"headline\":\"Funda\u00e7\u00e3o Hospitalar S\u00e3o Francisco de Assis promove campanha para compra de equipamentos para cirurgias de v\u00eddeo\",\"datePublished\":\"2022-01-19T17:32:33+00:00\",\"mainEntityOfPage\":{\"@id\":\"https:\/\/www.federassantas.org.br\/novosite\/fundacao-hospitalar-sao-francisco-de-assis-promove-campanha-para-compra-de-equipamentos-para-cirurgias-de-video\/\"},\"wordCount\":513,\"commentCount\":0,\"publisher\":{\"@id\":\"https:\/\/www.federassantas.org.br\/novosite\/#organization\"},\"image\":{\"@id\":\"https:\/\/www.federassantas.org.br\/novosite\/fundacao-hospitalar-sao-francisco-de-assis-promove-campanha-para-compra-de-equipamentos-para-cirurgias-de-video\/#primaryimage\"},\"thumbnailUrl\":\"https:\/\/www.federassantas.org.br\/novosite\/wp-content\/uploads\/2022\/01\/WhatsApp-Image-2022-01-19-at-12.32.04.jpeg\",\"articleSection\":[\"Not\u00edcias\",\"Not\u00edcias filiados\"],\"inLanguage\":\"pt-BR\",\"potentialAction\":[{\"@type\":\"CommentAction\",\"name\":\"Comment\",\"target\":[\"https:\/\/www.federassantas.org.br\/novosite\/fundacao-hospitalar-sao-francisco-de-assis-promove-campanha-para-compra-de-equipamentos-para-cirurgias-de-video\/#respond\"]}]},{\"@type\":\"WebPage\",\"@id\":\"https:\/\/www.federassantas.org.br\/novosite\/fundacao-hospitalar-sao-francisco-de-assis-promove-campanha-para-compra-de-equipamentos-para-cirurgias-de-video\/\",\"url\":\"https:\/\/www.federassantas.org.br\/novosite\/fundacao-hospitalar-sao-francisco-de-assis-promove-campanha-para-compra-de-equipamentos-para-cirurgias-de-video\/\",\"name\":\"Funda\u00e7\u00e3o Hospitalar S\u00e3o Francisco de Assis promove campanha para compra de equipamentos para cirurgias de v\u00eddeo - Federassantas\",\"isPartOf\":{\"@id\":\"https:\/\/www.federassantas.org.br\/novosite\/#website\"},\"primaryImageOfPage\":{\"@id\":\"https:\/\/www.federassantas.org.br\/novosite\/fundacao-hospitalar-sao-francisco-de-assis-promove-campanha-para-compra-de-equipamentos-para-cirurgias-de-video\/#primaryimage\"},\"image\":{\"@id\":\"https:\/\/www.federassantas.org.br\/novosite\/fundacao-hospitalar-sao-francisco-de-assis-promove-campanha-para-compra-de-equipamentos-para-cirurgias-de-video\/#primaryimage\"},\"thumbnailUrl\":\"https:\/\/www.federassantas.org.br\/novosite\/wp-content\/uploads\/2022\/01\/WhatsApp-Image-2022-01-19-at-12.32.04.jpeg\",\"datePublished\":\"2022-01-19T17:32:33+00:00\",\"breadcrumb\":{\"@id\":\"https:\/\/www.federassantas.org.br\/novosite\/fundacao-hospitalar-sao-francisco-de-assis-promove-campanha-para-compra-de-equipamentos-para-cirurgias-de-video\/#breadcrumb\"},\"inLanguage\":\"pt-BR\",\"potentialAction\":[{\"@type\":\"ReadAction\",\"target\":[\"https:\/\/www.federassantas.org.br\/novosite\/fundacao-hospitalar-sao-francisco-de-assis-promove-campanha-para-compra-de-equipamentos-para-cirurgias-de-video\/\"]}]},{\"@type\":\"ImageObject\",\"inLanguage\":\"pt-BR\",\"@id\":\"https:\/\/www.federassantas.org.br\/novosite\/fundacao-hospitalar-sao-francisco-de-assis-promove-campanha-para-compra-de-equipamentos-para-cirurgias-de-video\/#primaryimage\",\"url\":\"https:\/\/www.federassantas.org.br\/novosite\/wp-content\/uploads\/2022\/01\/WhatsApp-Image-2022-01-19-at-12.32.04.jpeg\",\"contentUrl\":\"https:\/\/www.federassantas.org.br\/novosite\/wp-content\/uploads\/2022\/01\/WhatsApp-Image-2022-01-19-at-12.32.04.jpeg\",\"width\":1081,\"height\":1081},{\"@type\":\"BreadcrumbList\",\"@id\":\"https:\/\/www.federassantas.org.br\/novosite\/fundacao-hospitalar-sao-francisco-de-assis-promove-campanha-para-compra-de-equipamentos-para-cirurgias-de-video\/#breadcrumb\",\"itemListElement\":[{\"@type\":\"ListItem\",\"position\":1,\"name\":\"In\u00edcio\",\"item\":\"https:\/\/www.federassantas.org.br\/novosite\/\"},{\"@type\":\"ListItem\",\"position\":2,\"name\":\"Funda\u00e7\u00e3o Hospitalar S\u00e3o Francisco de Assis promove campanha para compra de equipamentos para cirurgias de v\u00eddeo\"}]},{\"@type\":\"WebSite\",\"@id\":\"https:\/\/www.federassantas.org.br\/novosite\/#website\",\"url\":\"https:\/\/www.federassantas.org.br\/novosite\/\",\"name\":\"Federassantas\",\"description\":\"Fed. das Santas Casas e Hospitais Filantr\u00f3picos de MG\",\"publisher\":{\"@id\":\"https:\/\/www.federassantas.org.br\/novosite\/#organization\"},\"potentialAction\":[{\"@type\":\"SearchAction\",\"target\":{\"@type\":\"EntryPoint\",\"urlTemplate\":\"https:\/\/www.federassantas.org.br\/novosite\/?s={search_term_string}\"},\"query-input\":{\"@type\":\"PropertyValueSpecification\",\"valueRequired\":true,\"valueName\":\"search_term_string\"}}],\"inLanguage\":\"pt-BR\"},{\"@type\":\"Organization\",\"@id\":\"https:\/\/www.federassantas.org.br\/novosite\/#organization\",\"name\":\"Federassantas\",\"url\":\"https:\/\/www.federassantas.org.br\/novosite\/\",\"logo\":{\"@type\":\"ImageObject\",\"inLanguage\":\"pt-BR\",\"@id\":\"https:\/\/www.federassantas.org.br\/novosite\/#\/schema\/logo\/image\/\",\"url\":\"https:\/\/www.federassantas.org.br\/novosite\/wp-content\/uploads\/2021\/12\/logo.png\",\"contentUrl\":\"https:\/\/www.federassantas.org.br\/novosite\/wp-content\/uploads\/2021\/12\/logo.png\",\"width\":243,\"height\":59,\"caption\":\"Federassantas\"},\"image\":{\"@id\":\"https:\/\/www.federassantas.org.br\/novosite\/#\/schema\/logo\/image\/\"}},{\"@type\":\"Person\",\"@id\":\"https:\/\/www.federassantas.org.br\/novosite\/#\/schema\/person\/75fed98158349313fe56175f232f513c\",\"name\":\"admin-federas\",\"image\":{\"@type\":\"ImageObject\",\"inLanguage\":\"pt-BR\",\"@id\":\"https:\/\/www.federassantas.org.br\/novosite\/#\/schema\/person\/image\/\",\"url\":\"https:\/\/secure.gravatar.com\/avatar\/2a02d7dda59fe8dc6b7ffd3f652e2efede5ccf0dd89dfdc8137c5517f3de8407?s=96&d=mm&r=g\",\"contentUrl\":\"https:\/\/secure.gravatar.com\/avatar\/2a02d7dda59fe8dc6b7ffd3f652e2efede5ccf0dd89dfdc8137c5517f3de8407?s=96&d=mm&r=g\",\"caption\":\"admin-federas\"},\"sameAs\":[\"https:\/\/www.federassantas.org.br\/novosite\/\"],\"url\":\"https:\/\/www.federassantas.org.br\/novosite\/author\/admin-federas\/\"}]}<\/script>\n<!-- \/ Yoast SEO plugin. -->","yoast_head_json":{"title":"Funda\u00e7\u00e3o Hospitalar S\u00e3o Francisco de Assis promove campanha para compra de equipamentos para cirurgias de v\u00eddeo - Federassantas","robots":{"index":"index","follow":"follow","max-snippet":"max-snippet:-1","max-image-preview":"max-image-preview:large","max-video-preview":"max-video-preview:-1"},"canonical":"https:\/\/www.federassantas.org.br\/novosite\/fundacao-hospitalar-sao-francisco-de-assis-promove-campanha-para-compra-de-equipamentos-para-cirurgias-de-video\/","og_locale":"pt_BR","og_type":"article","og_title":"Funda\u00e7\u00e3o Hospitalar S\u00e3o Francisco de Assis promove campanha para compra de equipamentos para cirurgias de v\u00eddeo - Federassantas","og_description":"A a\u00e7\u00e3o pretende arrecadar, ao longo do ano, R$126 mil para compra de tr\u00eas caixas completas com os equipamentos; a m\u00e9dia de atendimentos deve aumentar em 50% A Funda\u00e7\u00e3o Hospitalar S\u00e3o Francisco de Assis acaba de lan\u00e7ar a Campanha de aquisi\u00e7\u00e3o de materiais para realiza\u00e7\u00e3o de cirurgias de video, que tem o objetivo de arrecadar, [&hellip;]","og_url":"https:\/\/www.federassantas.org.br\/novosite\/fundacao-hospitalar-sao-francisco-de-assis-promove-campanha-para-compra-de-equipamentos-para-cirurgias-de-video\/","og_site_name":"Federassantas","article_published_time":"2022-01-19T17:32:33+00:00","og_image":[{"width":1081,"height":1081,"url":"https:\/\/www.federassantas.org.br\/novosite\/wp-content\/uploads\/2022\/01\/WhatsApp-Image-2022-01-19-at-12.32.04.jpeg","type":"image\/jpeg"}],"author":"admin-federas","twitter_card":"summary_large_image","twitter_misc":{"Escrito por":"admin-federas","Est. tempo de leitura":"2 minutos"},"schema":{"@context":"https:\/\/schema.org","@graph":[{"@type":"Article","@id":"https:\/\/www.federassantas.org.br\/novosite\/fundacao-hospitalar-sao-francisco-de-assis-promove-campanha-para-compra-de-equipamentos-para-cirurgias-de-video\/#article","isPartOf":{"@id":"https:\/\/www.federassantas.org.br\/novosite\/fundacao-hospitalar-sao-francisco-de-assis-promove-campanha-para-compra-de-equipamentos-para-cirurgias-de-video\/"},"author":{"name":"admin-federas","@id":"https:\/\/www.federassantas.org.br\/novosite\/#\/schema\/person\/75fed98158349313fe56175f232f513c"},"headline":"Funda\u00e7\u00e3o Hospitalar S\u00e3o Francisco de Assis promove campanha para compra de equipamentos para cirurgias de v\u00eddeo","datePublished":"2022-01-19T17:32:33+00:00","mainEntityOfPage":{"@id":"https:\/\/www.federassantas.org.br\/novosite\/fundacao-hospitalar-sao-francisco-de-assis-promove-campanha-para-compra-de-equipamentos-para-cirurgias-de-video\/"},"wordCount":513,"commentCount":0,"publisher":{"@id":"https:\/\/www.federassantas.org.br\/novosite\/#organization"},"image":{"@id":"https:\/\/www.federassantas.org.br\/novosite\/fundacao-hospitalar-sao-francisco-de-assis-promove-campanha-para-compra-de-equipamentos-para-cirurgias-de-video\/#primaryimage"},"thumbnailUrl":"https:\/\/www.federassantas.org.br\/novosite\/wp-content\/uploads\/2022\/01\/WhatsApp-Image-2022-01-19-at-12.32.04.jpeg","articleSection":["Not\u00edcias","Not\u00edcias filiados"],"inLanguage":"pt-BR","potentialAction":[{"@type":"CommentAction","name":"Comment","target":["https:\/\/www.federassantas.org.br\/novosite\/fundacao-hospitalar-sao-francisco-de-assis-promove-campanha-para-compra-de-equipamentos-para-cirurgias-de-video\/#respond"]}]},{"@type":"WebPage","@id":"https:\/\/www.federassantas.org.br\/novosite\/fundacao-hospitalar-sao-francisco-de-assis-promove-campanha-para-compra-de-equipamentos-para-cirurgias-de-video\/","url":"https:\/\/www.federassantas.org.br\/novosite\/fundacao-hospitalar-sao-francisco-de-assis-promove-campanha-para-compra-de-equipamentos-para-cirurgias-de-video\/","name":"Funda\u00e7\u00e3o Hospitalar S\u00e3o Francisco de Assis promove campanha para compra de equipamentos para cirurgias de v\u00eddeo - Federassantas","isPartOf":{"@id":"https:\/\/www.federassantas.org.br\/novosite\/#website"},"primaryImageOfPage":{"@id":"https:\/\/www.federassantas.org.br\/novosite\/fundacao-hospitalar-sao-francisco-de-assis-promove-campanha-para-compra-de-equipamentos-para-cirurgias-de-video\/#primaryimage"},"image":{"@id":"https:\/\/www.federassantas.org.br\/novosite\/fundacao-hospitalar-sao-francisco-de-assis-promove-campanha-para-compra-de-equipamentos-para-cirurgias-de-video\/#primaryimage"},"thumbnailUrl":"https:\/\/www.federassantas.org.br\/novosite\/wp-content\/uploads\/2022\/01\/WhatsApp-Image-2022-01-19-at-12.32.04.jpeg","datePublished":"2022-01-19T17:32:33+00:00","breadcrumb":{"@id":"https:\/\/www.federassantas.org.br\/novosite\/fundacao-hospitalar-sao-francisco-de-assis-promove-campanha-para-compra-de-equipamentos-para-cirurgias-de-video\/#breadcrumb"},"inLanguage":"pt-BR","potentialAction":[{"@type":"ReadAction","target":["https:\/\/www.federassantas.org.br\/novosite\/fundacao-hospitalar-sao-francisco-de-assis-promove-campanha-para-compra-de-equipamentos-para-cirurgias-de-video\/"]}]},{"@type":"ImageObject","inLanguage":"pt-BR","@id":"https:\/\/www.federassantas.org.br\/novosite\/fundacao-hospitalar-sao-francisco-de-assis-promove-campanha-para-compra-de-equipamentos-para-cirurgias-de-video\/#primaryimage","url":"https:\/\/www.federassantas.org.br\/novosite\/wp-content\/uploads\/2022\/01\/WhatsApp-Image-2022-01-19-at-12.32.04.jpeg","contentUrl":"https:\/\/www.federassantas.org.br\/novosite\/wp-content\/uploads\/2022\/01\/WhatsApp-Image-2022-01-19-at-12.32.04.jpeg","width":1081,"height":1081},{"@type":"BreadcrumbList","@id":"https:\/\/www.federassantas.org.br\/novosite\/fundacao-hospitalar-sao-francisco-de-assis-promove-campanha-para-compra-de-equipamentos-para-cirurgias-de-video\/#breadcrumb","itemListElement":[{"@type":"ListItem","position":1,"name":"In\u00edcio","item":"https:\/\/www.federassantas.org.br\/novosite\/"},{"@type":"ListItem","position":2,"name":"Funda\u00e7\u00e3o Hospitalar S\u00e3o Francisco de Assis promove campanha para compra de equipamentos para cirurgias de v\u00eddeo"}]},{"@type":"WebSite","@id":"https:\/\/www.federassantas.org.br\/novosite\/#website","url":"https:\/\/www.federassantas.org.br\/novosite\/","name":"Federassantas","description":"Fed. das Santas Casas e Hospitais Filantr\u00f3picos de MG","publisher":{"@id":"https:\/\/www.federassantas.org.br\/novosite\/#organization"},"potentialAction":[{"@type":"SearchAction","target":{"@type":"EntryPoint","urlTemplate":"https:\/\/www.federassantas.org.br\/novosite\/?s={search_term_string}"},"query-input":{"@type":"PropertyValueSpecification","valueRequired":true,"valueName":"search_term_string"}}],"inLanguage":"pt-BR"},{"@type":"Organization","@id":"https:\/\/www.federassantas.org.br\/novosite\/#organization","name":"Federassantas","url":"https:\/\/www.federassantas.org.br\/novosite\/","logo":{"@type":"ImageObject","inLanguage":"pt-BR","@id":"https:\/\/www.federassantas.org.br\/novosite\/#\/schema\/logo\/image\/","url":"https:\/\/www.federassantas.org.br\/novosite\/wp-content\/uploads\/2021\/12\/logo.png","contentUrl":"https:\/\/www.federassantas.org.br\/novosite\/wp-content\/uploads\/2021\/12\/logo.png","width":243,"height":59,"caption":"Federassantas"},"image":{"@id":"https:\/\/www.federassantas.org.br\/novosite\/#\/schema\/logo\/image\/"}},{"@type":"Person","@id":"https:\/\/www.federassantas.org.br\/novosite\/#\/schema\/person\/75fed98158349313fe56175f232f513c","name":"admin-federas","image":{"@type":"ImageObject","inLanguage":"pt-BR","@id":"https:\/\/www.federassantas.org.br\/novosite\/#\/schema\/person\/image\/","url":"https:\/\/secure.gravatar.com\/avatar\/2a02d7dda59fe8dc6b7ffd3f652e2efede5ccf0dd89dfdc8137c5517f3de8407?s=96&d=mm&r=g","contentUrl":"https:\/\/secure.gravatar.com\/avatar\/2a02d7dda59fe8dc6b7ffd3f652e2efede5ccf0dd89dfdc8137c5517f3de8407?s=96&d=mm&r=g","caption":"admin-federas"},"sameAs":["https:\/\/www.federassantas.org.br\/novosite\/"],"url":"https:\/\/www.federassantas.org.br\/novosite\/author\/admin-federas\/"}]}},"_links":{"self":[{"href":"https:\/\/www.federassantas.org.br\/novosite\/wp-json\/wp\/v2\/posts\/23081","targetHints":{"allow":["GET"]}}],"collection":[{"href":"https:\/\/www.federassantas.org.br\/novosite\/wp-json\/wp\/v2\/posts"}],"about":[{"href":"https:\/\/www.federassantas.org.br\/novosite\/wp-json\/wp\/v2\/types\/post"}],"author":[{"embeddable":true,"href":"https:\/\/www.federassantas.org.br\/novosite\/wp-json\/wp\/v2\/users\/1"}],"replies":[{"embeddable":true,"href":"https:\/\/www.federassantas.org.br\/novosite\/wp-json\/wp\/v2\/comments?post=23081"}],"version-history":[{"count":0,"href":"https:\/\/www.federassantas.org.br\/novosite\/wp-json\/wp\/v2\/posts\/23081\/revisions"}],"wp:featuredmedia":[{"embeddable":true,"href":"https:\/\/www.federassantas.org.br\/novosite\/wp-json\/wp\/v2\/media\/23082"}],"wp:attachment":[{"href":"https:\/\/www.federassantas.org.br\/novosite\/wp-json\/wp\/v2\/media?parent=23081"}],"wp:term":[{"taxonomy":"category","embeddable":true,"href":"https:\/\/www.federassantas.org.br\/novosite\/wp-json\/wp\/v2\/categories?post=23081"},{"taxonomy":"post_tag","embeddable":true,"href":"https:\/\/www.federassantas.org.br\/novosite\/wp-json\/wp\/v2\/tags?post=23081"}],"curies":[{"name":"wp","href":"https:\/\/api.w.org\/{rel}","templated":true}]}}