{"id":23085,"date":"2022-01-21T12:36:50","date_gmt":"2022-01-21T15:36:50","guid":{"rendered":"https:\/\/federasbackup.meltcomunicacao.com.br\/?p=23085"},"modified":"2022-01-21T12:36:50","modified_gmt":"2022-01-21T15:36:50","slug":"ses-mg-alerta-para-os-cuidados-no-combate-ao-aedes-aegypti","status":"publish","type":"post","link":"https:\/\/www.federassantas.org.br\/novosite\/ses-mg-alerta-para-os-cuidados-no-combate-ao-aedes-aegypti\/","title":{"rendered":"SES-MG alerta para os cuidados no combate ao Aedes aegypti"},"content":{"rendered":"\n<p><em>Pontos inusitados de reten\u00e7\u00e3o de \u00e1gua, como vasilhames de pets, tamb\u00e9m podem favorecer a prolifera\u00e7\u00e3o do mosquito transmissor dos v\u00edrus da dengue, zika e chikungunya<\/em><\/p>\n\n\n\n<p>Com o in\u00edcio do ver\u00e3o e da temporada de chuvas, a Secretaria de Estado de Sa\u00fade de Minas Gerais (SES-MG) alerta para a import\u00e2ncia de se adotarem a\u00e7\u00f5es para prevenir e combater o mosquito&nbsp;<a rel=\"noreferrer noopener\" href=\"https:\/\/www.saude.mg.gov.br\/aedes\" target=\"_blank\">Aedes aegypt<\/a>. O inseto \u00e9 o transmissor dos v\u00edrus da dengue, da zika e da chikungunya e \u00e9 preciso elimin\u00e1-lo para o controle de casos dessas doen\u00e7as. Nesse contexto, a participa\u00e7\u00e3o de todos \u00e9 fundamental para que se atinja esse objetivo.<\/p>\n\n\n\n<p>A popula\u00e7\u00e3o ajuda no combate ao mosquito ao eliminar os pontos \u201ccl\u00e1ssicos\u201d de reten\u00e7\u00e3o de \u00e1gua das chuvas nos domic\u00edlios, tais como ralos, calhas, vasos de plantas e pneus. Mas tamb\u00e9m \u00e9 essencial que sejam verificados os demais recipientes, como os vasilhames que servem de bebedouro aos animais de estima\u00e7\u00e3o, os c\u00e3es e os gatos, por exemplo.<\/p>\n\n\n\n<p>A orienta\u00e7\u00e3o \u00e9 refor\u00e7ada pela Coordenadora Estadual de Vigil\u00e2ncia das Arboviroses da SES-MG, Danielle Capistrano. \u201cAs pessoas pensam que bastaria trocar a \u00e1gua desses recipientes, mas isso n\u00e3o \u00e9 suficiente. \u00c9 preciso lavar com \u00e1gua e sab\u00e3o. A f\u00eamea do mosquito deposita seus ovos na parede desses vasilhames, que aderem naquela superf\u00edcie. Com a \u00e1gua colocada ali, esses ovos podem eclodir e termos o in\u00edcio do ciclo at\u00e9 a fase do mosquito adulto\u201d, informa Danielle.<\/p>\n\n\n\n<p>De acordo com a coordenadora, o ideal \u00e9 que os recipientes sejam lavados com bucha e sab\u00e3o, visando a remo\u00e7\u00e3o completa dos ovos do mosquito. \u201cConsiderando que o ciclo tem uma dura\u00e7\u00e3o m\u00e9dia de 7 (sete) dias, recomenda-se que seja feita a limpeza com frequ\u00eancia. Quando temos temperaturas mais altas, pode ocorrer a acelera\u00e7\u00e3o do ciclo, situa\u00e7\u00e3o em que seria recomend\u00e1vel a higieniza\u00e7\u00e3o por, pelo menos, duas vezes na semana\u201d, explica.<\/p>\n\n\n\n<p><strong>Monitoramento<\/strong><\/p>\n\n\n\n<p>Com o objetivo de divulgar os dados e as informa\u00e7\u00f5es precisas para a popula\u00e7\u00e3o mineira, a SES-MG publica semanalmente o&nbsp;<a href=\"https:\/\/www.saude.mg.gov.br\/component\/gmg\/story\/16246-boletim-epidemiologico-de-monitoramento-dos-casos-de-dengue-chikungunya-e-zika-20-01\" target=\"_blank\" rel=\"noreferrer noopener\">Boletim Epidemiol\u00f3gico \u2013 Arboviroses Urbanas: Dengue, Chikungunya e Zika<\/a>&nbsp;no site&nbsp;<a href=\"http:\/\/www.saude.mg.gov.br\/\" target=\"_blank\" rel=\"noreferrer noopener\">www.saude.mg.gov.br<\/a>.&nbsp;<\/p>\n\n\n\n<p>No cen\u00e1rio atual, Minas Gerais registrou 814 casos prov\u00e1veis de dengue em 2022, sendo 178 confirmados at\u00e9 o dia 20 de janeiro. Em rela\u00e7\u00e3o \u00e0 febre chikungunya, foram registrados 27 casos prov\u00e1veis da doen\u00e7a, sendo um deles confirmado. J\u00e1 em rela\u00e7\u00e3o \u00e0 zika, h\u00e1 um caso prov\u00e1vel e nenhum confirmado. N\u00e3o foram confirmados \u00f3bitos por dengue, chikungunya ou zika, em Minas Gerais, este ano.<\/p>\n\n\n\n<p>Ao analisar os dados, nota-se que as primeiras Semanas Epidemiol\u00f3gicas de 2022 n\u00e3o apresentam um n\u00famero de casos muito elevado. Esse fator, contudo, n\u00e3o exclui o risco de ainda termos uma epidemia neste per\u00edodo sazonal que se iniciou em dezembro de 2021 e vai at\u00e9 junho de 2022. O volume de chuvas que Minas Gerais recebeu neste m\u00eas de janeiro podem provocar muitos focos de criadouros. \u201cA legisla\u00e7\u00e3o determina que os munic\u00edpios possuem 7 dias para lan\u00e7amento dos registros de casos. Sendo assim, durante as pr\u00f3ximas semanas \u00e9 que devemos ter um panorama de como a transmiss\u00e3o dessas doen\u00e7as deve se manifestar nesse momento do ano\u201d, explica a coordenadora.<\/p>\n\n\n\n<p>Danielle Capistrano alerta que Minas Gerais vivenciou ciclos epid\u00eamicos de dengue em 2010, 2013, 2016 e 2019 e, considerando a s\u00e9rie hist\u00f3rica, um novo per\u00edodo de alta de casos pode ser desencadeado em 2022. \u201cN\u00f3s monitoramos a circula\u00e7\u00e3o laboratorial e o \u00edndice de infesta\u00e7\u00e3o de mosquitos de forma regionalizada, entre outras medidas, visando mensurar os riscos e o comportamento dessas doen\u00e7as nesta esta\u00e7\u00e3o do ano. O clima quente e \u00famido \u00e9 muito favor\u00e1vel para que o&nbsp;Aedes&nbsp;se prolifere e devemos evitar isso ao m\u00e1ximo\u201d, diz a coordenadora.<\/p>\n\n\n\n<p>Um ponto de alerta \u00e9 o aumento de casos de chikungunya entre 2020 e 2021. \u201c\u00c9 importante lembrar que houve um surto dessa doen\u00e7a em 2017 e posteriormente uma queda no n\u00famero de casos. Esse \u00e9 um fator que chama aten\u00e7\u00e3o. Essa \u00e9 mais uma raz\u00e3o para que possamos eliminar os poss\u00edveis criadouros, ficarmos atentos ao descarte de inserv\u00edveis, aten\u00e7\u00e3o aos ferros-velhos\u201d, ressalta a coordenadora. Em 2021, houve registro de 5.565 casos prov\u00e1veis de chikungunya em Minas, dos quais 4.293 foram confirmados.<\/p>\n\n\n\n<p><strong>A\u00e7\u00f5es estrat\u00e9gicas e repasses<\/strong><\/p>\n\n\n\n<p>Desde o final de 2021, a SES-MG vem se preparando para enfrentar o per\u00edodo sazonal de transmiss\u00e3o das arboviroses. Uma das a\u00e7\u00f5es foi a publica\u00e7\u00e3o da Resolu\u00e7\u00e3o SES-MG n\u00ba 7.733, de 22 de setembro de 2021, que institui as a\u00e7\u00f5es estrat\u00e9gicas e o repasse de incentivo financeiro aos munic\u00edpios para auxiliar no enfrentamento da dengue, zika, chikungunya e febre amarela. Est\u00e1 previsto o repasse de R$ 40 milh\u00f5es para os munic\u00edpios.<\/p>\n\n\n\n<p>As a\u00e7\u00f5es estrat\u00e9gicas t\u00eam como objetivo intensificar as medidas de preven\u00e7\u00e3o, de monitoramento, de controle e de resposta no enfrentamento das arboviroses antes e durante seu per\u00edodo sazonal. Assim, s\u00e3o realizadas a\u00e7\u00f5es integradas de sa\u00fade considerando os seguintes eixos: vigil\u00e2ncia (epidemiol\u00f3gica, entomol\u00f3gica, controle vetorial e laboratorial); comunica\u00e7\u00e3o em sa\u00fade e mobiliza\u00e7\u00e3o social; assist\u00eancia (aten\u00e7\u00e3o prim\u00e1ria \u00e0 sa\u00fade, aten\u00e7\u00e3o secund\u00e1ria e terci\u00e1ria e assist\u00eancia farmac\u00eautica); e gest\u00e3o (articula\u00e7\u00e3o intersetorial, log\u00edstica de insumos e pactua\u00e7\u00e3o entre os governos municipais e o estado).<\/p>\n\n\n\n<p>Por Ramon Santos &#8211; <a href=\"https:\/\/www.saude.mg.gov.br\/component\/gmg\/story\/16247-ses-mg-alerta-para-os-cuidados-no-combate-ao-aedes-aegypti\" target=\"_blank\" rel=\"noreferrer noopener\">SES-MG<\/a><\/p>\n","protected":false},"excerpt":{"rendered":"<p>Pontos inusitados de reten\u00e7\u00e3o de \u00e1gua, como vasilhames de pets, tamb\u00e9m podem favorecer a prolifera\u00e7\u00e3o do mosquito transmissor dos v\u00edrus da dengue, zika e chikungunya Com o in\u00edcio do ver\u00e3o e da temporada de chuvas, a Secretaria de Estado de Sa\u00fade de Minas Gerais (SES-MG) alerta para a import\u00e2ncia de se adotarem a\u00e7\u00f5es para prevenir [&hellip;]<\/p>\n","protected":false},"author":1,"featured_media":23086,"comment_status":"open","ping_status":"open","sticky":false,"template":"","format":"standard","meta":{"footnotes":""},"categories":[140,143],"tags":[],"class_list":["post-23085","post","type-post","status-publish","format-standard","has-post-thumbnail","hentry","category-noticias","category-noticias-publicas"],"yoast_head":"<!-- This site is optimized with the Yoast SEO plugin v26.9 - https:\/\/yoast.com\/product\/yoast-seo-wordpress\/ -->\n<title>SES-MG alerta para os cuidados no combate ao Aedes aegypti - Federassantas<\/title>\n<meta name=\"robots\" content=\"index, follow, max-snippet:-1, max-image-preview:large, max-video-preview:-1\" \/>\n<link rel=\"canonical\" href=\"https:\/\/www.federassantas.org.br\/novosite\/ses-mg-alerta-para-os-cuidados-no-combate-ao-aedes-aegypti\/\" \/>\n<meta property=\"og:locale\" content=\"pt_BR\" \/>\n<meta property=\"og:type\" content=\"article\" \/>\n<meta property=\"og:title\" content=\"SES-MG alerta para os cuidados no combate ao Aedes aegypti - Federassantas\" \/>\n<meta property=\"og:description\" content=\"Pontos inusitados de reten\u00e7\u00e3o de \u00e1gua, como vasilhames de pets, tamb\u00e9m podem favorecer a prolifera\u00e7\u00e3o do mosquito transmissor dos v\u00edrus da dengue, zika e chikungunya Com o in\u00edcio do ver\u00e3o e da temporada de chuvas, a Secretaria de Estado de Sa\u00fade de Minas Gerais (SES-MG) alerta para a import\u00e2ncia de se adotarem a\u00e7\u00f5es para prevenir [&hellip;]\" \/>\n<meta property=\"og:url\" content=\"https:\/\/www.federassantas.org.br\/novosite\/ses-mg-alerta-para-os-cuidados-no-combate-ao-aedes-aegypti\/\" \/>\n<meta property=\"og:site_name\" content=\"Federassantas\" \/>\n<meta property=\"article:published_time\" content=\"2022-01-21T15:36:50+00:00\" \/>\n<meta name=\"author\" content=\"admin-federas\" \/>\n<meta name=\"twitter:card\" content=\"summary_large_image\" \/>\n<meta name=\"twitter:label1\" content=\"Escrito por\" \/>\n\t<meta name=\"twitter:data1\" content=\"admin-federas\" \/>\n\t<meta name=\"twitter:label2\" content=\"Est. tempo de leitura\" \/>\n\t<meta name=\"twitter:data2\" content=\"5 minutos\" \/>\n<script type=\"application\/ld+json\" class=\"yoast-schema-graph\">{\"@context\":\"https:\/\/schema.org\",\"@graph\":[{\"@type\":\"Article\",\"@id\":\"https:\/\/www.federassantas.org.br\/novosite\/ses-mg-alerta-para-os-cuidados-no-combate-ao-aedes-aegypti\/#article\",\"isPartOf\":{\"@id\":\"https:\/\/www.federassantas.org.br\/novosite\/ses-mg-alerta-para-os-cuidados-no-combate-ao-aedes-aegypti\/\"},\"author\":{\"name\":\"admin-federas\",\"@id\":\"https:\/\/www.federassantas.org.br\/novosite\/#\/schema\/person\/75fed98158349313fe56175f232f513c\"},\"headline\":\"SES-MG alerta para os cuidados no combate ao Aedes aegypti\",\"datePublished\":\"2022-01-21T15:36:50+00:00\",\"mainEntityOfPage\":{\"@id\":\"https:\/\/www.federassantas.org.br\/novosite\/ses-mg-alerta-para-os-cuidados-no-combate-ao-aedes-aegypti\/\"},\"wordCount\":934,\"commentCount\":0,\"publisher\":{\"@id\":\"https:\/\/www.federassantas.org.br\/novosite\/#organization\"},\"image\":{\"@id\":\"https:\/\/www.federassantas.org.br\/novosite\/ses-mg-alerta-para-os-cuidados-no-combate-ao-aedes-aegypti\/#primaryimage\"},\"thumbnailUrl\":\"\",\"articleSection\":[\"Not\u00edcias\",\"Not\u00edcias P\u00fablicas\"],\"inLanguage\":\"pt-BR\",\"potentialAction\":[{\"@type\":\"CommentAction\",\"name\":\"Comment\",\"target\":[\"https:\/\/www.federassantas.org.br\/novosite\/ses-mg-alerta-para-os-cuidados-no-combate-ao-aedes-aegypti\/#respond\"]}]},{\"@type\":\"WebPage\",\"@id\":\"https:\/\/www.federassantas.org.br\/novosite\/ses-mg-alerta-para-os-cuidados-no-combate-ao-aedes-aegypti\/\",\"url\":\"https:\/\/www.federassantas.org.br\/novosite\/ses-mg-alerta-para-os-cuidados-no-combate-ao-aedes-aegypti\/\",\"name\":\"SES-MG alerta para os cuidados no combate ao Aedes aegypti - Federassantas\",\"isPartOf\":{\"@id\":\"https:\/\/www.federassantas.org.br\/novosite\/#website\"},\"primaryImageOfPage\":{\"@id\":\"https:\/\/www.federassantas.org.br\/novosite\/ses-mg-alerta-para-os-cuidados-no-combate-ao-aedes-aegypti\/#primaryimage\"},\"image\":{\"@id\":\"https:\/\/www.federassantas.org.br\/novosite\/ses-mg-alerta-para-os-cuidados-no-combate-ao-aedes-aegypti\/#primaryimage\"},\"thumbnailUrl\":\"\",\"datePublished\":\"2022-01-21T15:36:50+00:00\",\"breadcrumb\":{\"@id\":\"https:\/\/www.federassantas.org.br\/novosite\/ses-mg-alerta-para-os-cuidados-no-combate-ao-aedes-aegypti\/#breadcrumb\"},\"inLanguage\":\"pt-BR\",\"potentialAction\":[{\"@type\":\"ReadAction\",\"target\":[\"https:\/\/www.federassantas.org.br\/novosite\/ses-mg-alerta-para-os-cuidados-no-combate-ao-aedes-aegypti\/\"]}]},{\"@type\":\"ImageObject\",\"inLanguage\":\"pt-BR\",\"@id\":\"https:\/\/www.federassantas.org.br\/novosite\/ses-mg-alerta-para-os-cuidados-no-combate-ao-aedes-aegypti\/#primaryimage\",\"url\":\"\",\"contentUrl\":\"\"},{\"@type\":\"BreadcrumbList\",\"@id\":\"https:\/\/www.federassantas.org.br\/novosite\/ses-mg-alerta-para-os-cuidados-no-combate-ao-aedes-aegypti\/#breadcrumb\",\"itemListElement\":[{\"@type\":\"ListItem\",\"position\":1,\"name\":\"In\u00edcio\",\"item\":\"https:\/\/www.federassantas.org.br\/novosite\/\"},{\"@type\":\"ListItem\",\"position\":2,\"name\":\"SES-MG alerta para os cuidados no combate ao Aedes aegypti\"}]},{\"@type\":\"WebSite\",\"@id\":\"https:\/\/www.federassantas.org.br\/novosite\/#website\",\"url\":\"https:\/\/www.federassantas.org.br\/novosite\/\",\"name\":\"Federassantas\",\"description\":\"Fed. das Santas Casas e Hospitais Filantr\u00f3picos de MG\",\"publisher\":{\"@id\":\"https:\/\/www.federassantas.org.br\/novosite\/#organization\"},\"potentialAction\":[{\"@type\":\"SearchAction\",\"target\":{\"@type\":\"EntryPoint\",\"urlTemplate\":\"https:\/\/www.federassantas.org.br\/novosite\/?s={search_term_string}\"},\"query-input\":{\"@type\":\"PropertyValueSpecification\",\"valueRequired\":true,\"valueName\":\"search_term_string\"}}],\"inLanguage\":\"pt-BR\"},{\"@type\":\"Organization\",\"@id\":\"https:\/\/www.federassantas.org.br\/novosite\/#organization\",\"name\":\"Federassantas\",\"url\":\"https:\/\/www.federassantas.org.br\/novosite\/\",\"logo\":{\"@type\":\"ImageObject\",\"inLanguage\":\"pt-BR\",\"@id\":\"https:\/\/www.federassantas.org.br\/novosite\/#\/schema\/logo\/image\/\",\"url\":\"https:\/\/www.federassantas.org.br\/novosite\/wp-content\/uploads\/2021\/12\/logo.png\",\"contentUrl\":\"https:\/\/www.federassantas.org.br\/novosite\/wp-content\/uploads\/2021\/12\/logo.png\",\"width\":243,\"height\":59,\"caption\":\"Federassantas\"},\"image\":{\"@id\":\"https:\/\/www.federassantas.org.br\/novosite\/#\/schema\/logo\/image\/\"}},{\"@type\":\"Person\",\"@id\":\"https:\/\/www.federassantas.org.br\/novosite\/#\/schema\/person\/75fed98158349313fe56175f232f513c\",\"name\":\"admin-federas\",\"image\":{\"@type\":\"ImageObject\",\"inLanguage\":\"pt-BR\",\"@id\":\"https:\/\/www.federassantas.org.br\/novosite\/#\/schema\/person\/image\/\",\"url\":\"https:\/\/secure.gravatar.com\/avatar\/2a02d7dda59fe8dc6b7ffd3f652e2efede5ccf0dd89dfdc8137c5517f3de8407?s=96&d=mm&r=g\",\"contentUrl\":\"https:\/\/secure.gravatar.com\/avatar\/2a02d7dda59fe8dc6b7ffd3f652e2efede5ccf0dd89dfdc8137c5517f3de8407?s=96&d=mm&r=g\",\"caption\":\"admin-federas\"},\"sameAs\":[\"https:\/\/www.federassantas.org.br\/novosite\/\"],\"url\":\"https:\/\/www.federassantas.org.br\/novosite\/author\/admin-federas\/\"}]}<\/script>\n<!-- \/ Yoast SEO plugin. -->","yoast_head_json":{"title":"SES-MG alerta para os cuidados no combate ao Aedes aegypti - Federassantas","robots":{"index":"index","follow":"follow","max-snippet":"max-snippet:-1","max-image-preview":"max-image-preview:large","max-video-preview":"max-video-preview:-1"},"canonical":"https:\/\/www.federassantas.org.br\/novosite\/ses-mg-alerta-para-os-cuidados-no-combate-ao-aedes-aegypti\/","og_locale":"pt_BR","og_type":"article","og_title":"SES-MG alerta para os cuidados no combate ao Aedes aegypti - Federassantas","og_description":"Pontos inusitados de reten\u00e7\u00e3o de \u00e1gua, como vasilhames de pets, tamb\u00e9m podem favorecer a prolifera\u00e7\u00e3o do mosquito transmissor dos v\u00edrus da dengue, zika e chikungunya Com o in\u00edcio do ver\u00e3o e da temporada de chuvas, a Secretaria de Estado de Sa\u00fade de Minas Gerais (SES-MG) alerta para a import\u00e2ncia de se adotarem a\u00e7\u00f5es para prevenir [&hellip;]","og_url":"https:\/\/www.federassantas.org.br\/novosite\/ses-mg-alerta-para-os-cuidados-no-combate-ao-aedes-aegypti\/","og_site_name":"Federassantas","article_published_time":"2022-01-21T15:36:50+00:00","author":"admin-federas","twitter_card":"summary_large_image","twitter_misc":{"Escrito por":"admin-federas","Est. tempo de leitura":"5 minutos"},"schema":{"@context":"https:\/\/schema.org","@graph":[{"@type":"Article","@id":"https:\/\/www.federassantas.org.br\/novosite\/ses-mg-alerta-para-os-cuidados-no-combate-ao-aedes-aegypti\/#article","isPartOf":{"@id":"https:\/\/www.federassantas.org.br\/novosite\/ses-mg-alerta-para-os-cuidados-no-combate-ao-aedes-aegypti\/"},"author":{"name":"admin-federas","@id":"https:\/\/www.federassantas.org.br\/novosite\/#\/schema\/person\/75fed98158349313fe56175f232f513c"},"headline":"SES-MG alerta para os cuidados no combate ao Aedes aegypti","datePublished":"2022-01-21T15:36:50+00:00","mainEntityOfPage":{"@id":"https:\/\/www.federassantas.org.br\/novosite\/ses-mg-alerta-para-os-cuidados-no-combate-ao-aedes-aegypti\/"},"wordCount":934,"commentCount":0,"publisher":{"@id":"https:\/\/www.federassantas.org.br\/novosite\/#organization"},"image":{"@id":"https:\/\/www.federassantas.org.br\/novosite\/ses-mg-alerta-para-os-cuidados-no-combate-ao-aedes-aegypti\/#primaryimage"},"thumbnailUrl":"","articleSection":["Not\u00edcias","Not\u00edcias P\u00fablicas"],"inLanguage":"pt-BR","potentialAction":[{"@type":"CommentAction","name":"Comment","target":["https:\/\/www.federassantas.org.br\/novosite\/ses-mg-alerta-para-os-cuidados-no-combate-ao-aedes-aegypti\/#respond"]}]},{"@type":"WebPage","@id":"https:\/\/www.federassantas.org.br\/novosite\/ses-mg-alerta-para-os-cuidados-no-combate-ao-aedes-aegypti\/","url":"https:\/\/www.federassantas.org.br\/novosite\/ses-mg-alerta-para-os-cuidados-no-combate-ao-aedes-aegypti\/","name":"SES-MG alerta para os cuidados no combate ao Aedes aegypti - Federassantas","isPartOf":{"@id":"https:\/\/www.federassantas.org.br\/novosite\/#website"},"primaryImageOfPage":{"@id":"https:\/\/www.federassantas.org.br\/novosite\/ses-mg-alerta-para-os-cuidados-no-combate-ao-aedes-aegypti\/#primaryimage"},"image":{"@id":"https:\/\/www.federassantas.org.br\/novosite\/ses-mg-alerta-para-os-cuidados-no-combate-ao-aedes-aegypti\/#primaryimage"},"thumbnailUrl":"","datePublished":"2022-01-21T15:36:50+00:00","breadcrumb":{"@id":"https:\/\/www.federassantas.org.br\/novosite\/ses-mg-alerta-para-os-cuidados-no-combate-ao-aedes-aegypti\/#breadcrumb"},"inLanguage":"pt-BR","potentialAction":[{"@type":"ReadAction","target":["https:\/\/www.federassantas.org.br\/novosite\/ses-mg-alerta-para-os-cuidados-no-combate-ao-aedes-aegypti\/"]}]},{"@type":"ImageObject","inLanguage":"pt-BR","@id":"https:\/\/www.federassantas.org.br\/novosite\/ses-mg-alerta-para-os-cuidados-no-combate-ao-aedes-aegypti\/#primaryimage","url":"","contentUrl":""},{"@type":"BreadcrumbList","@id":"https:\/\/www.federassantas.org.br\/novosite\/ses-mg-alerta-para-os-cuidados-no-combate-ao-aedes-aegypti\/#breadcrumb","itemListElement":[{"@type":"ListItem","position":1,"name":"In\u00edcio","item":"https:\/\/www.federassantas.org.br\/novosite\/"},{"@type":"ListItem","position":2,"name":"SES-MG alerta para os cuidados no combate ao Aedes aegypti"}]},{"@type":"WebSite","@id":"https:\/\/www.federassantas.org.br\/novosite\/#website","url":"https:\/\/www.federassantas.org.br\/novosite\/","name":"Federassantas","description":"Fed. das Santas Casas e Hospitais Filantr\u00f3picos de MG","publisher":{"@id":"https:\/\/www.federassantas.org.br\/novosite\/#organization"},"potentialAction":[{"@type":"SearchAction","target":{"@type":"EntryPoint","urlTemplate":"https:\/\/www.federassantas.org.br\/novosite\/?s={search_term_string}"},"query-input":{"@type":"PropertyValueSpecification","valueRequired":true,"valueName":"search_term_string"}}],"inLanguage":"pt-BR"},{"@type":"Organization","@id":"https:\/\/www.federassantas.org.br\/novosite\/#organization","name":"Federassantas","url":"https:\/\/www.federassantas.org.br\/novosite\/","logo":{"@type":"ImageObject","inLanguage":"pt-BR","@id":"https:\/\/www.federassantas.org.br\/novosite\/#\/schema\/logo\/image\/","url":"https:\/\/www.federassantas.org.br\/novosite\/wp-content\/uploads\/2021\/12\/logo.png","contentUrl":"https:\/\/www.federassantas.org.br\/novosite\/wp-content\/uploads\/2021\/12\/logo.png","width":243,"height":59,"caption":"Federassantas"},"image":{"@id":"https:\/\/www.federassantas.org.br\/novosite\/#\/schema\/logo\/image\/"}},{"@type":"Person","@id":"https:\/\/www.federassantas.org.br\/novosite\/#\/schema\/person\/75fed98158349313fe56175f232f513c","name":"admin-federas","image":{"@type":"ImageObject","inLanguage":"pt-BR","@id":"https:\/\/www.federassantas.org.br\/novosite\/#\/schema\/person\/image\/","url":"https:\/\/secure.gravatar.com\/avatar\/2a02d7dda59fe8dc6b7ffd3f652e2efede5ccf0dd89dfdc8137c5517f3de8407?s=96&d=mm&r=g","contentUrl":"https:\/\/secure.gravatar.com\/avatar\/2a02d7dda59fe8dc6b7ffd3f652e2efede5ccf0dd89dfdc8137c5517f3de8407?s=96&d=mm&r=g","caption":"admin-federas"},"sameAs":["https:\/\/www.federassantas.org.br\/novosite\/"],"url":"https:\/\/www.federassantas.org.br\/novosite\/author\/admin-federas\/"}]}},"_links":{"self":[{"href":"https:\/\/www.federassantas.org.br\/novosite\/wp-json\/wp\/v2\/posts\/23085","targetHints":{"allow":["GET"]}}],"collection":[{"href":"https:\/\/www.federassantas.org.br\/novosite\/wp-json\/wp\/v2\/posts"}],"about":[{"href":"https:\/\/www.federassantas.org.br\/novosite\/wp-json\/wp\/v2\/types\/post"}],"author":[{"embeddable":true,"href":"https:\/\/www.federassantas.org.br\/novosite\/wp-json\/wp\/v2\/users\/1"}],"replies":[{"embeddable":true,"href":"https:\/\/www.federassantas.org.br\/novosite\/wp-json\/wp\/v2\/comments?post=23085"}],"version-history":[{"count":0,"href":"https:\/\/www.federassantas.org.br\/novosite\/wp-json\/wp\/v2\/posts\/23085\/revisions"}],"wp:featuredmedia":[{"embeddable":true,"href":"https:\/\/www.federassantas.org.br\/novosite\/wp-json\/"}],"wp:attachment":[{"href":"https:\/\/www.federassantas.org.br\/novosite\/wp-json\/wp\/v2\/media?parent=23085"}],"wp:term":[{"taxonomy":"category","embeddable":true,"href":"https:\/\/www.federassantas.org.br\/novosite\/wp-json\/wp\/v2\/categories?post=23085"},{"taxonomy":"post_tag","embeddable":true,"href":"https:\/\/www.federassantas.org.br\/novosite\/wp-json\/wp\/v2\/tags?post=23085"}],"curies":[{"name":"wp","href":"https:\/\/api.w.org\/{rel}","templated":true}]}}