{"id":23088,"date":"2022-01-28T13:48:57","date_gmt":"2022-01-28T16:48:57","guid":{"rendered":"https:\/\/federasbackup.meltcomunicacao.com.br\/?p=23088"},"modified":"2022-01-28T13:48:57","modified_gmt":"2022-01-28T16:48:57","slug":"anvisa-da-15-dias-para-ministerio-da-saude-esclarecer-informacoes-sobre-autotestes-de-covid-19","status":"publish","type":"post","link":"https:\/\/www.federassantas.org.br\/novosite\/anvisa-da-15-dias-para-ministerio-da-saude-esclarecer-informacoes-sobre-autotestes-de-covid-19\/","title":{"rendered":"Anvisa d\u00e1 15 dias para Minist\u00e9rio da Sa\u00fade esclarecer informa\u00e7\u00f5es sobre autotestes de Covid-19"},"content":{"rendered":"\n<p>A diretoria da Ag\u00eancia Nacional de Vigil\u00e2ncia Sanit\u00e1ria (Anvisa) adiou, nesta semana, a proposta de libera\u00e7\u00e3o de aplica\u00e7\u00e3o de testes r\u00e1pidos de ant\u00edgeno para Covid-19, os chamados autotestes. O placar da vota\u00e7\u00e3o foi de quatro votos contr\u00e1rios \u00e0 libera\u00e7\u00e3o com as informa\u00e7\u00f5es atuais contra um voto a favor da libera\u00e7\u00e3o imediata.<\/p>\n\n\n\n<p>Segundo os diretores da ag\u00eancia, a decis\u00e3o foi motivada pela falta de pol\u00edtica p\u00fablica por parte do Minist\u00e9rio da Sa\u00fade. O conselho deu um prazo de 15 dias para que a pasta apresente informa\u00e7\u00f5es complementares ao pedido de libera\u00e7\u00e3o de autotestes.<\/p>\n\n\n\n<p>A relatora do caso, Cristiane Jourdan, apresentou parecer com a avalia\u00e7\u00e3o da procuradoria da ag\u00eancia de que o Minist\u00e9rio n\u00e3o instituiu uma pol\u00edtica p\u00fablica para os autotestes. Ela informou que solicitou esclarecimentos \u00e0 Sa\u00fade sobre a formaliza\u00e7\u00e3o da pol\u00edtica p\u00fablica para os autotestes, mas que n\u00e3o recebeu respostas at\u00e9 o in\u00edcio da reuni\u00e3o.<\/p>\n\n\n\n<p><strong>Libera\u00e7\u00e3o excepcional<\/strong><br>Contudo, diante do cen\u00e1rio epidemiol\u00f3gico da pandemia no Brasil, a relatora sugeriu que seria poss\u00edvel uma libera\u00e7\u00e3o do uso desse m\u00e9todo de exame de ant\u00edgeno para detectar a presen\u00e7a do coronav\u00edrus, desde que condicionado a determinados crit\u00e9rios.<\/p>\n\n\n\n<p>&#8220;Diante do recrudescimento exponencial dos casos e do pronunciamento da Organiza\u00e7\u00e3o Mundial da Sa\u00fade (OMS) de que a pandemia est\u00e1 longe de acabar, esta ag\u00eancia entendeu que a regula\u00e7\u00e3o pode ser editada em car\u00e1ter de excepcionalidade para ampliar a testagem, independentemente da exist\u00eancia de pol\u00edticas p\u00fablicas&#8221;, prop\u00f4s Jourdan.<\/p>\n\n\n\n<p><strong>Como foi a vota\u00e7\u00e3o<\/strong><br>A diretora elaborou uma proposta de regulamenta\u00e7\u00e3o prevendo exig\u00eancias, como linguagem clara e adequada ao p\u00fablico sobre cautela e orienta\u00e7\u00f5es, informar usu\u00e1rios sobre condi\u00e7\u00f5es ambientais e sobre uso seguro e eficaz, e ainda sobre a correta interpreta\u00e7\u00e3o dos resultados.<\/p>\n\n\n\n<p>A popula\u00e7\u00e3o tamb\u00e9m dever\u00e1 ser orientada sobre o fato de o resultado negativo n\u00e3o eliminar a possibilidade de infec\u00e7\u00e3o. A diretora citou a necessidade de um canal de atendimento para orientar e encaminhar demandas sobre uso do produto, interpreta\u00e7\u00e3o dos resultados e como proceder ap\u00f3s a realiza\u00e7\u00e3o, entre outros pontos.<\/p>\n\n\n\n<p>O diretor R\u00f4mison Mota argumentou de forma contr\u00e1ria \u00e0 libera\u00e7\u00e3o excepcional sem que haja uma pol\u00edtica p\u00fablica definida pelo Minist\u00e9rio da Sa\u00fade para o tema. Ele foi o autor da proposta vencedora de solicitar dilig\u00eancia para que o MS &#8220;atenda \u00e0 requisi\u00e7\u00e3o ao of\u00edcio da relatora e outras informa\u00e7\u00f5es que sejam consideradas necess\u00e1rias para posterior aprova\u00e7\u00e3o da mat\u00e9ria&#8221;, no prazo de 15 dias.<\/p>\n\n\n\n<p>O diretor Alex Campos seguiu a posi\u00e7\u00e3o de Mota diante da aus\u00eancia da inclus\u00e3o dos autotestes no plano de testagem para Covid-19 do Minist\u00e9rio da Sa\u00fade. &#8220;N\u00e3o \u00e9 poss\u00edvel que uma solu\u00e7\u00e3o cause, ao final, qualquer esp\u00e9cie de d\u00favida \u00e0 popula\u00e7\u00e3o, autoridades e profissionais de sa\u00fade. O fato \u00e9 que a solu\u00e7\u00e3o trazida, apesar do esfor\u00e7o, condiciona o resultado a uma pol\u00edtica que est\u00e1 por vir&#8221;, assinalou.<\/p>\n\n\n\n<p>A diretora Meiruze Freitas defendeu a import\u00e2ncia da libera\u00e7\u00e3o dos autotestes, desde que a partir de uma pol\u00edtica p\u00fablica e com informa\u00e7\u00f5es sobre como a estrat\u00e9gia de uso seria implementada pelos governos federal, estaduais e municipais.<\/p>\n\n\n\n<p>&#8220;O processo regulat\u00f3rio est\u00e1 maduro para sair a qualquer momento, pronto para atender \u00e0 maior necessidade da popula\u00e7\u00e3o. A autotestagem \u00e9 estrat\u00e9gia importante, mas n\u00e3o pode ser maculada e ter erros quanto \u00e0 interpreta\u00e7\u00e3o em rela\u00e7\u00e3o a acesso, \u00e0 constru\u00e7\u00e3o de uma diretriz de controle&#8221;, destacou.<\/p>\n\n\n\n<p>O diretor-presidente, Ant\u00f4nio Barra Torres, comentou que a nota t\u00e9cnica enviada pelo Minist\u00e9rio da Sa\u00fade na semana passada sobre o tema n\u00e3o caracteriza uma pol\u00edtica p\u00fablica e que o plano de testagem do Minist\u00e9rio segue restringindo o teste r\u00e1pido de ant\u00edgeno apenas a unidades de sa\u00fade e farm\u00e1cias.<\/p>\n\n\n\n<p>Ele elencou quest\u00f5es que precisam ser tratadas pela pol\u00edtica p\u00fablica nacional sobre o tema, tais como: forma de compila\u00e7\u00e3o de dados, transforma\u00e7\u00e3o de dados em notifica\u00e7\u00f5es, locais onde o exame pode ser feito, fluxo de um paciente positivo ainda tendo de recorrer a outros locais para que notifica\u00e7\u00e3o seja conclu\u00edda, prepara\u00e7\u00e3o dos postos para receber de forma mais segregada pessoas com resultado positivo e a campanha de informa\u00e7\u00e3o para autoteste.<\/p>\n\n\n\n<p><\/p>\n\n\n\n<p>Fonte: <a href=\"https:\/\/www.hojeemdia.com.br\/primeiro-plano\/brasil\/anvisa-d%C3%A1-15-dias-para-minist%C3%A9rio-da-sa%C3%BAde-esclarecer-informa%C3%A7%C3%B5es-sobre-autotestes-de-covid-19-1.872884\" target=\"_blank\" rel=\"noreferrer noopener\">Portal Hoje em Dia<\/a><\/p>\n","protected":false},"excerpt":{"rendered":"<p>A diretoria da Ag\u00eancia Nacional de Vigil\u00e2ncia Sanit\u00e1ria (Anvisa) adiou, nesta semana, a proposta de libera\u00e7\u00e3o de aplica\u00e7\u00e3o de testes r\u00e1pidos de ant\u00edgeno para Covid-19, os chamados autotestes. O placar da vota\u00e7\u00e3o foi de quatro votos contr\u00e1rios \u00e0 libera\u00e7\u00e3o com as informa\u00e7\u00f5es atuais contra um voto a favor da libera\u00e7\u00e3o imediata. Segundo os diretores da [&hellip;]<\/p>\n","protected":false},"author":1,"featured_media":24842,"comment_status":"open","ping_status":"open","sticky":false,"template":"","format":"standard","meta":{"footnotes":""},"categories":[140,143],"tags":[],"class_list":["post-23088","post","type-post","status-publish","format-standard","has-post-thumbnail","hentry","category-noticias","category-noticias-publicas"],"yoast_head":"<!-- This site is optimized with the Yoast SEO plugin v26.9 - https:\/\/yoast.com\/product\/yoast-seo-wordpress\/ -->\n<title>Anvisa d\u00e1 15 dias para Minist\u00e9rio da Sa\u00fade esclarecer informa\u00e7\u00f5es sobre autotestes de Covid-19 - Federassantas<\/title>\n<meta name=\"robots\" content=\"index, follow, max-snippet:-1, max-image-preview:large, max-video-preview:-1\" \/>\n<link rel=\"canonical\" href=\"https:\/\/www.federassantas.org.br\/novosite\/anvisa-da-15-dias-para-ministerio-da-saude-esclarecer-informacoes-sobre-autotestes-de-covid-19\/\" \/>\n<meta property=\"og:locale\" content=\"pt_BR\" \/>\n<meta property=\"og:type\" content=\"article\" \/>\n<meta property=\"og:title\" content=\"Anvisa d\u00e1 15 dias para Minist\u00e9rio da Sa\u00fade esclarecer informa\u00e7\u00f5es sobre autotestes de Covid-19 - Federassantas\" \/>\n<meta property=\"og:description\" content=\"A diretoria da Ag\u00eancia Nacional de Vigil\u00e2ncia Sanit\u00e1ria (Anvisa) adiou, nesta semana, a proposta de libera\u00e7\u00e3o de aplica\u00e7\u00e3o de testes r\u00e1pidos de ant\u00edgeno para Covid-19, os chamados autotestes. O placar da vota\u00e7\u00e3o foi de quatro votos contr\u00e1rios \u00e0 libera\u00e7\u00e3o com as informa\u00e7\u00f5es atuais contra um voto a favor da libera\u00e7\u00e3o imediata. Segundo os diretores da [&hellip;]\" \/>\n<meta property=\"og:url\" content=\"https:\/\/www.federassantas.org.br\/novosite\/anvisa-da-15-dias-para-ministerio-da-saude-esclarecer-informacoes-sobre-autotestes-de-covid-19\/\" \/>\n<meta property=\"og:site_name\" content=\"Federassantas\" \/>\n<meta property=\"article:published_time\" content=\"2022-01-28T16:48:57+00:00\" \/>\n<meta property=\"og:image\" content=\"https:\/\/www.federassantas.org.br\/novosite\/wp-content\/uploads\/2022\/09\/thumbnail-default.jpg\" \/>\n\t<meta property=\"og:image:width\" content=\"622\" \/>\n\t<meta property=\"og:image:height\" content=\"415\" \/>\n\t<meta property=\"og:image:type\" content=\"image\/jpeg\" \/>\n<meta name=\"author\" content=\"admin-federas\" \/>\n<meta name=\"twitter:card\" content=\"summary_large_image\" \/>\n<meta name=\"twitter:label1\" content=\"Escrito por\" \/>\n\t<meta name=\"twitter:data1\" content=\"admin-federas\" \/>\n\t<meta name=\"twitter:label2\" content=\"Est. tempo de leitura\" \/>\n\t<meta name=\"twitter:data2\" content=\"4 minutos\" \/>\n<script type=\"application\/ld+json\" class=\"yoast-schema-graph\">{\"@context\":\"https:\/\/schema.org\",\"@graph\":[{\"@type\":\"Article\",\"@id\":\"https:\/\/www.federassantas.org.br\/novosite\/anvisa-da-15-dias-para-ministerio-da-saude-esclarecer-informacoes-sobre-autotestes-de-covid-19\/#article\",\"isPartOf\":{\"@id\":\"https:\/\/www.federassantas.org.br\/novosite\/anvisa-da-15-dias-para-ministerio-da-saude-esclarecer-informacoes-sobre-autotestes-de-covid-19\/\"},\"author\":{\"name\":\"admin-federas\",\"@id\":\"https:\/\/www.federassantas.org.br\/novosite\/#\/schema\/person\/75fed98158349313fe56175f232f513c\"},\"headline\":\"Anvisa d\u00e1 15 dias para Minist\u00e9rio da Sa\u00fade esclarecer informa\u00e7\u00f5es sobre autotestes de Covid-19\",\"datePublished\":\"2022-01-28T16:48:57+00:00\",\"mainEntityOfPage\":{\"@id\":\"https:\/\/www.federassantas.org.br\/novosite\/anvisa-da-15-dias-para-ministerio-da-saude-esclarecer-informacoes-sobre-autotestes-de-covid-19\/\"},\"wordCount\":794,\"commentCount\":0,\"publisher\":{\"@id\":\"https:\/\/www.federassantas.org.br\/novosite\/#organization\"},\"image\":{\"@id\":\"https:\/\/www.federassantas.org.br\/novosite\/anvisa-da-15-dias-para-ministerio-da-saude-esclarecer-informacoes-sobre-autotestes-de-covid-19\/#primaryimage\"},\"thumbnailUrl\":\"\",\"articleSection\":[\"Not\u00edcias\",\"Not\u00edcias P\u00fablicas\"],\"inLanguage\":\"pt-BR\",\"potentialAction\":[{\"@type\":\"CommentAction\",\"name\":\"Comment\",\"target\":[\"https:\/\/www.federassantas.org.br\/novosite\/anvisa-da-15-dias-para-ministerio-da-saude-esclarecer-informacoes-sobre-autotestes-de-covid-19\/#respond\"]}]},{\"@type\":\"WebPage\",\"@id\":\"https:\/\/www.federassantas.org.br\/novosite\/anvisa-da-15-dias-para-ministerio-da-saude-esclarecer-informacoes-sobre-autotestes-de-covid-19\/\",\"url\":\"https:\/\/www.federassantas.org.br\/novosite\/anvisa-da-15-dias-para-ministerio-da-saude-esclarecer-informacoes-sobre-autotestes-de-covid-19\/\",\"name\":\"Anvisa d\u00e1 15 dias para Minist\u00e9rio da Sa\u00fade esclarecer informa\u00e7\u00f5es sobre autotestes de Covid-19 - Federassantas\",\"isPartOf\":{\"@id\":\"https:\/\/www.federassantas.org.br\/novosite\/#website\"},\"primaryImageOfPage\":{\"@id\":\"https:\/\/www.federassantas.org.br\/novosite\/anvisa-da-15-dias-para-ministerio-da-saude-esclarecer-informacoes-sobre-autotestes-de-covid-19\/#primaryimage\"},\"image\":{\"@id\":\"https:\/\/www.federassantas.org.br\/novosite\/anvisa-da-15-dias-para-ministerio-da-saude-esclarecer-informacoes-sobre-autotestes-de-covid-19\/#primaryimage\"},\"thumbnailUrl\":\"\",\"datePublished\":\"2022-01-28T16:48:57+00:00\",\"breadcrumb\":{\"@id\":\"https:\/\/www.federassantas.org.br\/novosite\/anvisa-da-15-dias-para-ministerio-da-saude-esclarecer-informacoes-sobre-autotestes-de-covid-19\/#breadcrumb\"},\"inLanguage\":\"pt-BR\",\"potentialAction\":[{\"@type\":\"ReadAction\",\"target\":[\"https:\/\/www.federassantas.org.br\/novosite\/anvisa-da-15-dias-para-ministerio-da-saude-esclarecer-informacoes-sobre-autotestes-de-covid-19\/\"]}]},{\"@type\":\"ImageObject\",\"inLanguage\":\"pt-BR\",\"@id\":\"https:\/\/www.federassantas.org.br\/novosite\/anvisa-da-15-dias-para-ministerio-da-saude-esclarecer-informacoes-sobre-autotestes-de-covid-19\/#primaryimage\",\"url\":\"\",\"contentUrl\":\"\"},{\"@type\":\"BreadcrumbList\",\"@id\":\"https:\/\/www.federassantas.org.br\/novosite\/anvisa-da-15-dias-para-ministerio-da-saude-esclarecer-informacoes-sobre-autotestes-de-covid-19\/#breadcrumb\",\"itemListElement\":[{\"@type\":\"ListItem\",\"position\":1,\"name\":\"In\u00edcio\",\"item\":\"https:\/\/www.federassantas.org.br\/novosite\/\"},{\"@type\":\"ListItem\",\"position\":2,\"name\":\"Anvisa d\u00e1 15 dias para Minist\u00e9rio da Sa\u00fade esclarecer informa\u00e7\u00f5es sobre autotestes de Covid-19\"}]},{\"@type\":\"WebSite\",\"@id\":\"https:\/\/www.federassantas.org.br\/novosite\/#website\",\"url\":\"https:\/\/www.federassantas.org.br\/novosite\/\",\"name\":\"Federassantas\",\"description\":\"Fed. das Santas Casas e Hospitais Filantr\u00f3picos de MG\",\"publisher\":{\"@id\":\"https:\/\/www.federassantas.org.br\/novosite\/#organization\"},\"potentialAction\":[{\"@type\":\"SearchAction\",\"target\":{\"@type\":\"EntryPoint\",\"urlTemplate\":\"https:\/\/www.federassantas.org.br\/novosite\/?s={search_term_string}\"},\"query-input\":{\"@type\":\"PropertyValueSpecification\",\"valueRequired\":true,\"valueName\":\"search_term_string\"}}],\"inLanguage\":\"pt-BR\"},{\"@type\":\"Organization\",\"@id\":\"https:\/\/www.federassantas.org.br\/novosite\/#organization\",\"name\":\"Federassantas\",\"url\":\"https:\/\/www.federassantas.org.br\/novosite\/\",\"logo\":{\"@type\":\"ImageObject\",\"inLanguage\":\"pt-BR\",\"@id\":\"https:\/\/www.federassantas.org.br\/novosite\/#\/schema\/logo\/image\/\",\"url\":\"https:\/\/www.federassantas.org.br\/novosite\/wp-content\/uploads\/2021\/12\/logo.png\",\"contentUrl\":\"https:\/\/www.federassantas.org.br\/novosite\/wp-content\/uploads\/2021\/12\/logo.png\",\"width\":243,\"height\":59,\"caption\":\"Federassantas\"},\"image\":{\"@id\":\"https:\/\/www.federassantas.org.br\/novosite\/#\/schema\/logo\/image\/\"}},{\"@type\":\"Person\",\"@id\":\"https:\/\/www.federassantas.org.br\/novosite\/#\/schema\/person\/75fed98158349313fe56175f232f513c\",\"name\":\"admin-federas\",\"image\":{\"@type\":\"ImageObject\",\"inLanguage\":\"pt-BR\",\"@id\":\"https:\/\/www.federassantas.org.br\/novosite\/#\/schema\/person\/image\/\",\"url\":\"https:\/\/secure.gravatar.com\/avatar\/2a02d7dda59fe8dc6b7ffd3f652e2efede5ccf0dd89dfdc8137c5517f3de8407?s=96&d=mm&r=g\",\"contentUrl\":\"https:\/\/secure.gravatar.com\/avatar\/2a02d7dda59fe8dc6b7ffd3f652e2efede5ccf0dd89dfdc8137c5517f3de8407?s=96&d=mm&r=g\",\"caption\":\"admin-federas\"},\"sameAs\":[\"https:\/\/www.federassantas.org.br\/novosite\/\"],\"url\":\"https:\/\/www.federassantas.org.br\/novosite\/author\/admin-federas\/\"}]}<\/script>\n<!-- \/ Yoast SEO plugin. -->","yoast_head_json":{"title":"Anvisa d\u00e1 15 dias para Minist\u00e9rio da Sa\u00fade esclarecer informa\u00e7\u00f5es sobre autotestes de Covid-19 - Federassantas","robots":{"index":"index","follow":"follow","max-snippet":"max-snippet:-1","max-image-preview":"max-image-preview:large","max-video-preview":"max-video-preview:-1"},"canonical":"https:\/\/www.federassantas.org.br\/novosite\/anvisa-da-15-dias-para-ministerio-da-saude-esclarecer-informacoes-sobre-autotestes-de-covid-19\/","og_locale":"pt_BR","og_type":"article","og_title":"Anvisa d\u00e1 15 dias para Minist\u00e9rio da Sa\u00fade esclarecer informa\u00e7\u00f5es sobre autotestes de Covid-19 - Federassantas","og_description":"A diretoria da Ag\u00eancia Nacional de Vigil\u00e2ncia Sanit\u00e1ria (Anvisa) adiou, nesta semana, a proposta de libera\u00e7\u00e3o de aplica\u00e7\u00e3o de testes r\u00e1pidos de ant\u00edgeno para Covid-19, os chamados autotestes. O placar da vota\u00e7\u00e3o foi de quatro votos contr\u00e1rios \u00e0 libera\u00e7\u00e3o com as informa\u00e7\u00f5es atuais contra um voto a favor da libera\u00e7\u00e3o imediata. Segundo os diretores da [&hellip;]","og_url":"https:\/\/www.federassantas.org.br\/novosite\/anvisa-da-15-dias-para-ministerio-da-saude-esclarecer-informacoes-sobre-autotestes-de-covid-19\/","og_site_name":"Federassantas","article_published_time":"2022-01-28T16:48:57+00:00","og_image":[{"width":622,"height":415,"url":"https:\/\/www.federassantas.org.br\/novosite\/wp-content\/uploads\/2022\/09\/thumbnail-default.jpg","type":"image\/jpeg"}],"author":"admin-federas","twitter_card":"summary_large_image","twitter_misc":{"Escrito por":"admin-federas","Est. tempo de leitura":"4 minutos"},"schema":{"@context":"https:\/\/schema.org","@graph":[{"@type":"Article","@id":"https:\/\/www.federassantas.org.br\/novosite\/anvisa-da-15-dias-para-ministerio-da-saude-esclarecer-informacoes-sobre-autotestes-de-covid-19\/#article","isPartOf":{"@id":"https:\/\/www.federassantas.org.br\/novosite\/anvisa-da-15-dias-para-ministerio-da-saude-esclarecer-informacoes-sobre-autotestes-de-covid-19\/"},"author":{"name":"admin-federas","@id":"https:\/\/www.federassantas.org.br\/novosite\/#\/schema\/person\/75fed98158349313fe56175f232f513c"},"headline":"Anvisa d\u00e1 15 dias para Minist\u00e9rio da Sa\u00fade esclarecer informa\u00e7\u00f5es sobre autotestes de Covid-19","datePublished":"2022-01-28T16:48:57+00:00","mainEntityOfPage":{"@id":"https:\/\/www.federassantas.org.br\/novosite\/anvisa-da-15-dias-para-ministerio-da-saude-esclarecer-informacoes-sobre-autotestes-de-covid-19\/"},"wordCount":794,"commentCount":0,"publisher":{"@id":"https:\/\/www.federassantas.org.br\/novosite\/#organization"},"image":{"@id":"https:\/\/www.federassantas.org.br\/novosite\/anvisa-da-15-dias-para-ministerio-da-saude-esclarecer-informacoes-sobre-autotestes-de-covid-19\/#primaryimage"},"thumbnailUrl":"","articleSection":["Not\u00edcias","Not\u00edcias P\u00fablicas"],"inLanguage":"pt-BR","potentialAction":[{"@type":"CommentAction","name":"Comment","target":["https:\/\/www.federassantas.org.br\/novosite\/anvisa-da-15-dias-para-ministerio-da-saude-esclarecer-informacoes-sobre-autotestes-de-covid-19\/#respond"]}]},{"@type":"WebPage","@id":"https:\/\/www.federassantas.org.br\/novosite\/anvisa-da-15-dias-para-ministerio-da-saude-esclarecer-informacoes-sobre-autotestes-de-covid-19\/","url":"https:\/\/www.federassantas.org.br\/novosite\/anvisa-da-15-dias-para-ministerio-da-saude-esclarecer-informacoes-sobre-autotestes-de-covid-19\/","name":"Anvisa d\u00e1 15 dias para Minist\u00e9rio da Sa\u00fade esclarecer informa\u00e7\u00f5es sobre autotestes de Covid-19 - Federassantas","isPartOf":{"@id":"https:\/\/www.federassantas.org.br\/novosite\/#website"},"primaryImageOfPage":{"@id":"https:\/\/www.federassantas.org.br\/novosite\/anvisa-da-15-dias-para-ministerio-da-saude-esclarecer-informacoes-sobre-autotestes-de-covid-19\/#primaryimage"},"image":{"@id":"https:\/\/www.federassantas.org.br\/novosite\/anvisa-da-15-dias-para-ministerio-da-saude-esclarecer-informacoes-sobre-autotestes-de-covid-19\/#primaryimage"},"thumbnailUrl":"","datePublished":"2022-01-28T16:48:57+00:00","breadcrumb":{"@id":"https:\/\/www.federassantas.org.br\/novosite\/anvisa-da-15-dias-para-ministerio-da-saude-esclarecer-informacoes-sobre-autotestes-de-covid-19\/#breadcrumb"},"inLanguage":"pt-BR","potentialAction":[{"@type":"ReadAction","target":["https:\/\/www.federassantas.org.br\/novosite\/anvisa-da-15-dias-para-ministerio-da-saude-esclarecer-informacoes-sobre-autotestes-de-covid-19\/"]}]},{"@type":"ImageObject","inLanguage":"pt-BR","@id":"https:\/\/www.federassantas.org.br\/novosite\/anvisa-da-15-dias-para-ministerio-da-saude-esclarecer-informacoes-sobre-autotestes-de-covid-19\/#primaryimage","url":"","contentUrl":""},{"@type":"BreadcrumbList","@id":"https:\/\/www.federassantas.org.br\/novosite\/anvisa-da-15-dias-para-ministerio-da-saude-esclarecer-informacoes-sobre-autotestes-de-covid-19\/#breadcrumb","itemListElement":[{"@type":"ListItem","position":1,"name":"In\u00edcio","item":"https:\/\/www.federassantas.org.br\/novosite\/"},{"@type":"ListItem","position":2,"name":"Anvisa d\u00e1 15 dias para Minist\u00e9rio da Sa\u00fade esclarecer informa\u00e7\u00f5es sobre autotestes de Covid-19"}]},{"@type":"WebSite","@id":"https:\/\/www.federassantas.org.br\/novosite\/#website","url":"https:\/\/www.federassantas.org.br\/novosite\/","name":"Federassantas","description":"Fed. das Santas Casas e Hospitais Filantr\u00f3picos de MG","publisher":{"@id":"https:\/\/www.federassantas.org.br\/novosite\/#organization"},"potentialAction":[{"@type":"SearchAction","target":{"@type":"EntryPoint","urlTemplate":"https:\/\/www.federassantas.org.br\/novosite\/?s={search_term_string}"},"query-input":{"@type":"PropertyValueSpecification","valueRequired":true,"valueName":"search_term_string"}}],"inLanguage":"pt-BR"},{"@type":"Organization","@id":"https:\/\/www.federassantas.org.br\/novosite\/#organization","name":"Federassantas","url":"https:\/\/www.federassantas.org.br\/novosite\/","logo":{"@type":"ImageObject","inLanguage":"pt-BR","@id":"https:\/\/www.federassantas.org.br\/novosite\/#\/schema\/logo\/image\/","url":"https:\/\/www.federassantas.org.br\/novosite\/wp-content\/uploads\/2021\/12\/logo.png","contentUrl":"https:\/\/www.federassantas.org.br\/novosite\/wp-content\/uploads\/2021\/12\/logo.png","width":243,"height":59,"caption":"Federassantas"},"image":{"@id":"https:\/\/www.federassantas.org.br\/novosite\/#\/schema\/logo\/image\/"}},{"@type":"Person","@id":"https:\/\/www.federassantas.org.br\/novosite\/#\/schema\/person\/75fed98158349313fe56175f232f513c","name":"admin-federas","image":{"@type":"ImageObject","inLanguage":"pt-BR","@id":"https:\/\/www.federassantas.org.br\/novosite\/#\/schema\/person\/image\/","url":"https:\/\/secure.gravatar.com\/avatar\/2a02d7dda59fe8dc6b7ffd3f652e2efede5ccf0dd89dfdc8137c5517f3de8407?s=96&d=mm&r=g","contentUrl":"https:\/\/secure.gravatar.com\/avatar\/2a02d7dda59fe8dc6b7ffd3f652e2efede5ccf0dd89dfdc8137c5517f3de8407?s=96&d=mm&r=g","caption":"admin-federas"},"sameAs":["https:\/\/www.federassantas.org.br\/novosite\/"],"url":"https:\/\/www.federassantas.org.br\/novosite\/author\/admin-federas\/"}]}},"_links":{"self":[{"href":"https:\/\/www.federassantas.org.br\/novosite\/wp-json\/wp\/v2\/posts\/23088","targetHints":{"allow":["GET"]}}],"collection":[{"href":"https:\/\/www.federassantas.org.br\/novosite\/wp-json\/wp\/v2\/posts"}],"about":[{"href":"https:\/\/www.federassantas.org.br\/novosite\/wp-json\/wp\/v2\/types\/post"}],"author":[{"embeddable":true,"href":"https:\/\/www.federassantas.org.br\/novosite\/wp-json\/wp\/v2\/users\/1"}],"replies":[{"embeddable":true,"href":"https:\/\/www.federassantas.org.br\/novosite\/wp-json\/wp\/v2\/comments?post=23088"}],"version-history":[{"count":0,"href":"https:\/\/www.federassantas.org.br\/novosite\/wp-json\/wp\/v2\/posts\/23088\/revisions"}],"wp:featuredmedia":[{"embeddable":true,"href":"https:\/\/www.federassantas.org.br\/novosite\/wp-json\/"}],"wp:attachment":[{"href":"https:\/\/www.federassantas.org.br\/novosite\/wp-json\/wp\/v2\/media?parent=23088"}],"wp:term":[{"taxonomy":"category","embeddable":true,"href":"https:\/\/www.federassantas.org.br\/novosite\/wp-json\/wp\/v2\/categories?post=23088"},{"taxonomy":"post_tag","embeddable":true,"href":"https:\/\/www.federassantas.org.br\/novosite\/wp-json\/wp\/v2\/tags?post=23088"}],"curies":[{"name":"wp","href":"https:\/\/api.w.org\/{rel}","templated":true}]}}