{"id":23092,"date":"2022-01-24T10:03:12","date_gmt":"2022-01-24T13:03:12","guid":{"rendered":"https:\/\/federasbackup.meltcomunicacao.com.br\/?p=23092"},"modified":"2022-01-24T10:03:12","modified_gmt":"2022-01-24T13:03:12","slug":"santa-casa-de-pocos-de-caldas-tem-54-funcionarios-afastados-por-covid-sem-fechar-nenhum-leito-de-atendimento","status":"publish","type":"post","link":"https:\/\/www.federassantas.org.br\/novosite\/santa-casa-de-pocos-de-caldas-tem-54-funcionarios-afastados-por-covid-sem-fechar-nenhum-leito-de-atendimento\/","title":{"rendered":"Santa Casa de Po\u00e7os de Caldas tem 54 funcion\u00e1rios afastados por Covid sem fechar nenhum leito de atendimento"},"content":{"rendered":"\n<p>A Santa Casa de Po\u00e7os passa por um momento muito delicado em rela\u00e7\u00e3o \u00e0 pandemia. Com essa nova onda da doen\u00e7a, o quadro do Hospital na \u00faltima sexta-feira, 21, era de 54 profissionais afastados. Desses, 40 est\u00e3o positivos para o v\u00edrus e 14 aguardam o terceiro dia de sintomas para fazer o teste.<\/p>\n\n\n\n<p><br>Com o Hospital completamente lotado, principalmente com outras patologias, j\u00e1 que internados por covid na Santa Casa somam um n\u00famero de apenas dez &nbsp;pacientes, sendo oito em leitos cl\u00ednicos e dois na CTI, o superintendente da Santa Casa, Ricardo S\u00e1, destaca o comprometimento da equipe que, mesmo com tantos desfalques, consegue continuar a prestar um servi\u00e7o de qualidade sem que fosse fechado um leito sequer. &nbsp;<\/p>\n\n\n\n<p><br>\u201cS\u00e3o 54 funcion\u00e1rios afastados, entretanto, isso de forma alguma &nbsp;est\u00e1 prejudicando a assist\u00eancia ao paciente. O Hospital est\u00e1 cheio, absolutamente lotado, mas, apesar disso, nosso pessoal est\u00e1 se desdobrando em cobrir essas aus\u00eancias e estamos conseguindo. A sorte \u00e9 que, como \u00e9 uma virose de curta dura\u00e7\u00e3o, esse pessoal fica afastado apenas de sete a 10 dias. Ent\u00e3o, pouco a pouco, eles v\u00e3o retornando e, apesar do n\u00famero elevado, a gente consegue administrar\u201d, diz Ricardo S\u00e1.<\/p>\n\n\n\n<p><\/p>\n\n\n\n<p>Por: Comunica\u00e7\u00e3o Santa Casa de Po\u00e7os de Caldas<\/p>\n","protected":false},"excerpt":{"rendered":"<p>A Santa Casa de Po\u00e7os passa por um momento muito delicado em rela\u00e7\u00e3o \u00e0 pandemia. Com essa nova onda da doen\u00e7a, o quadro do Hospital na \u00faltima sexta-feira, 21, era de 54 profissionais afastados. Desses, 40 est\u00e3o positivos para o v\u00edrus e 14 aguardam o terceiro dia de sintomas para fazer o teste. Com o [&hellip;]<\/p>\n","protected":false},"author":1,"featured_media":23093,"comment_status":"open","ping_status":"open","sticky":false,"template":"","format":"standard","meta":{"footnotes":""},"categories":[140,139],"tags":[],"class_list":["post-23092","post","type-post","status-publish","format-standard","has-post-thumbnail","hentry","category-noticias","category-noticias-filiados"],"yoast_head":"<!-- This site is optimized with the Yoast SEO plugin v26.9 - https:\/\/yoast.com\/product\/yoast-seo-wordpress\/ -->\n<title>Santa Casa de Po\u00e7os de Caldas tem 54 funcion\u00e1rios afastados por Covid sem fechar nenhum leito de atendimento - Federassantas<\/title>\n<meta name=\"robots\" content=\"index, follow, max-snippet:-1, max-image-preview:large, max-video-preview:-1\" \/>\n<link rel=\"canonical\" href=\"https:\/\/www.federassantas.org.br\/novosite\/santa-casa-de-pocos-de-caldas-tem-54-funcionarios-afastados-por-covid-sem-fechar-nenhum-leito-de-atendimento\/\" \/>\n<meta property=\"og:locale\" content=\"pt_BR\" \/>\n<meta property=\"og:type\" content=\"article\" \/>\n<meta property=\"og:title\" content=\"Santa Casa de Po\u00e7os de Caldas tem 54 funcion\u00e1rios afastados por Covid sem fechar nenhum leito de atendimento - Federassantas\" \/>\n<meta property=\"og:description\" content=\"A Santa Casa de Po\u00e7os passa por um momento muito delicado em rela\u00e7\u00e3o \u00e0 pandemia. Com essa nova onda da doen\u00e7a, o quadro do Hospital na \u00faltima sexta-feira, 21, era de 54 profissionais afastados. Desses, 40 est\u00e3o positivos para o v\u00edrus e 14 aguardam o terceiro dia de sintomas para fazer o teste. Com o [&hellip;]\" \/>\n<meta property=\"og:url\" content=\"https:\/\/www.federassantas.org.br\/novosite\/santa-casa-de-pocos-de-caldas-tem-54-funcionarios-afastados-por-covid-sem-fechar-nenhum-leito-de-atendimento\/\" \/>\n<meta property=\"og:site_name\" content=\"Federassantas\" \/>\n<meta property=\"article:published_time\" content=\"2022-01-24T13:03:12+00:00\" \/>\n<meta property=\"og:image\" content=\"https:\/\/www.federassantas.org.br\/novosite\/wp-content\/uploads\/2022\/01\/Hospital-scaled-1.jpg\" \/>\n\t<meta property=\"og:image:width\" content=\"2560\" \/>\n\t<meta property=\"og:image:height\" content=\"1525\" \/>\n\t<meta property=\"og:image:type\" content=\"image\/jpeg\" \/>\n<meta name=\"author\" content=\"admin-federas\" \/>\n<meta name=\"twitter:card\" content=\"summary_large_image\" \/>\n<meta name=\"twitter:label1\" content=\"Escrito por\" \/>\n\t<meta name=\"twitter:data1\" content=\"admin-federas\" \/>\n\t<meta name=\"twitter:label2\" content=\"Est. tempo de leitura\" \/>\n\t<meta name=\"twitter:data2\" content=\"1 minuto\" \/>\n<script type=\"application\/ld+json\" class=\"yoast-schema-graph\">{\"@context\":\"https:\/\/schema.org\",\"@graph\":[{\"@type\":\"Article\",\"@id\":\"https:\/\/www.federassantas.org.br\/novosite\/santa-casa-de-pocos-de-caldas-tem-54-funcionarios-afastados-por-covid-sem-fechar-nenhum-leito-de-atendimento\/#article\",\"isPartOf\":{\"@id\":\"https:\/\/www.federassantas.org.br\/novosite\/santa-casa-de-pocos-de-caldas-tem-54-funcionarios-afastados-por-covid-sem-fechar-nenhum-leito-de-atendimento\/\"},\"author\":{\"name\":\"admin-federas\",\"@id\":\"https:\/\/www.federassantas.org.br\/novosite\/#\/schema\/person\/75fed98158349313fe56175f232f513c\"},\"headline\":\"Santa Casa de Po\u00e7os de Caldas tem 54 funcion\u00e1rios afastados por Covid sem fechar nenhum leito de atendimento\",\"datePublished\":\"2022-01-24T13:03:12+00:00\",\"mainEntityOfPage\":{\"@id\":\"https:\/\/www.federassantas.org.br\/novosite\/santa-casa-de-pocos-de-caldas-tem-54-funcionarios-afastados-por-covid-sem-fechar-nenhum-leito-de-atendimento\/\"},\"wordCount\":233,\"commentCount\":0,\"publisher\":{\"@id\":\"https:\/\/www.federassantas.org.br\/novosite\/#organization\"},\"image\":{\"@id\":\"https:\/\/www.federassantas.org.br\/novosite\/santa-casa-de-pocos-de-caldas-tem-54-funcionarios-afastados-por-covid-sem-fechar-nenhum-leito-de-atendimento\/#primaryimage\"},\"thumbnailUrl\":\"https:\/\/www.federassantas.org.br\/novosite\/wp-content\/uploads\/2022\/01\/Hospital-scaled-1.jpg\",\"articleSection\":[\"Not\u00edcias\",\"Not\u00edcias filiados\"],\"inLanguage\":\"pt-BR\",\"potentialAction\":[{\"@type\":\"CommentAction\",\"name\":\"Comment\",\"target\":[\"https:\/\/www.federassantas.org.br\/novosite\/santa-casa-de-pocos-de-caldas-tem-54-funcionarios-afastados-por-covid-sem-fechar-nenhum-leito-de-atendimento\/#respond\"]}]},{\"@type\":\"WebPage\",\"@id\":\"https:\/\/www.federassantas.org.br\/novosite\/santa-casa-de-pocos-de-caldas-tem-54-funcionarios-afastados-por-covid-sem-fechar-nenhum-leito-de-atendimento\/\",\"url\":\"https:\/\/www.federassantas.org.br\/novosite\/santa-casa-de-pocos-de-caldas-tem-54-funcionarios-afastados-por-covid-sem-fechar-nenhum-leito-de-atendimento\/\",\"name\":\"Santa Casa de Po\u00e7os de Caldas tem 54 funcion\u00e1rios afastados por Covid sem fechar nenhum leito de atendimento - Federassantas\",\"isPartOf\":{\"@id\":\"https:\/\/www.federassantas.org.br\/novosite\/#website\"},\"primaryImageOfPage\":{\"@id\":\"https:\/\/www.federassantas.org.br\/novosite\/santa-casa-de-pocos-de-caldas-tem-54-funcionarios-afastados-por-covid-sem-fechar-nenhum-leito-de-atendimento\/#primaryimage\"},\"image\":{\"@id\":\"https:\/\/www.federassantas.org.br\/novosite\/santa-casa-de-pocos-de-caldas-tem-54-funcionarios-afastados-por-covid-sem-fechar-nenhum-leito-de-atendimento\/#primaryimage\"},\"thumbnailUrl\":\"https:\/\/www.federassantas.org.br\/novosite\/wp-content\/uploads\/2022\/01\/Hospital-scaled-1.jpg\",\"datePublished\":\"2022-01-24T13:03:12+00:00\",\"breadcrumb\":{\"@id\":\"https:\/\/www.federassantas.org.br\/novosite\/santa-casa-de-pocos-de-caldas-tem-54-funcionarios-afastados-por-covid-sem-fechar-nenhum-leito-de-atendimento\/#breadcrumb\"},\"inLanguage\":\"pt-BR\",\"potentialAction\":[{\"@type\":\"ReadAction\",\"target\":[\"https:\/\/www.federassantas.org.br\/novosite\/santa-casa-de-pocos-de-caldas-tem-54-funcionarios-afastados-por-covid-sem-fechar-nenhum-leito-de-atendimento\/\"]}]},{\"@type\":\"ImageObject\",\"inLanguage\":\"pt-BR\",\"@id\":\"https:\/\/www.federassantas.org.br\/novosite\/santa-casa-de-pocos-de-caldas-tem-54-funcionarios-afastados-por-covid-sem-fechar-nenhum-leito-de-atendimento\/#primaryimage\",\"url\":\"https:\/\/www.federassantas.org.br\/novosite\/wp-content\/uploads\/2022\/01\/Hospital-scaled-1.jpg\",\"contentUrl\":\"https:\/\/www.federassantas.org.br\/novosite\/wp-content\/uploads\/2022\/01\/Hospital-scaled-1.jpg\",\"width\":2560,\"height\":1525},{\"@type\":\"BreadcrumbList\",\"@id\":\"https:\/\/www.federassantas.org.br\/novosite\/santa-casa-de-pocos-de-caldas-tem-54-funcionarios-afastados-por-covid-sem-fechar-nenhum-leito-de-atendimento\/#breadcrumb\",\"itemListElement\":[{\"@type\":\"ListItem\",\"position\":1,\"name\":\"In\u00edcio\",\"item\":\"https:\/\/www.federassantas.org.br\/novosite\/\"},{\"@type\":\"ListItem\",\"position\":2,\"name\":\"Santa Casa de Po\u00e7os de Caldas tem 54 funcion\u00e1rios afastados por Covid sem fechar nenhum leito de atendimento\"}]},{\"@type\":\"WebSite\",\"@id\":\"https:\/\/www.federassantas.org.br\/novosite\/#website\",\"url\":\"https:\/\/www.federassantas.org.br\/novosite\/\",\"name\":\"Federassantas\",\"description\":\"Fed. das Santas Casas e Hospitais Filantr\u00f3picos de MG\",\"publisher\":{\"@id\":\"https:\/\/www.federassantas.org.br\/novosite\/#organization\"},\"potentialAction\":[{\"@type\":\"SearchAction\",\"target\":{\"@type\":\"EntryPoint\",\"urlTemplate\":\"https:\/\/www.federassantas.org.br\/novosite\/?s={search_term_string}\"},\"query-input\":{\"@type\":\"PropertyValueSpecification\",\"valueRequired\":true,\"valueName\":\"search_term_string\"}}],\"inLanguage\":\"pt-BR\"},{\"@type\":\"Organization\",\"@id\":\"https:\/\/www.federassantas.org.br\/novosite\/#organization\",\"name\":\"Federassantas\",\"url\":\"https:\/\/www.federassantas.org.br\/novosite\/\",\"logo\":{\"@type\":\"ImageObject\",\"inLanguage\":\"pt-BR\",\"@id\":\"https:\/\/www.federassantas.org.br\/novosite\/#\/schema\/logo\/image\/\",\"url\":\"https:\/\/www.federassantas.org.br\/novosite\/wp-content\/uploads\/2021\/12\/logo.png\",\"contentUrl\":\"https:\/\/www.federassantas.org.br\/novosite\/wp-content\/uploads\/2021\/12\/logo.png\",\"width\":243,\"height\":59,\"caption\":\"Federassantas\"},\"image\":{\"@id\":\"https:\/\/www.federassantas.org.br\/novosite\/#\/schema\/logo\/image\/\"}},{\"@type\":\"Person\",\"@id\":\"https:\/\/www.federassantas.org.br\/novosite\/#\/schema\/person\/75fed98158349313fe56175f232f513c\",\"name\":\"admin-federas\",\"image\":{\"@type\":\"ImageObject\",\"inLanguage\":\"pt-BR\",\"@id\":\"https:\/\/www.federassantas.org.br\/novosite\/#\/schema\/person\/image\/\",\"url\":\"https:\/\/secure.gravatar.com\/avatar\/2a02d7dda59fe8dc6b7ffd3f652e2efede5ccf0dd89dfdc8137c5517f3de8407?s=96&d=mm&r=g\",\"contentUrl\":\"https:\/\/secure.gravatar.com\/avatar\/2a02d7dda59fe8dc6b7ffd3f652e2efede5ccf0dd89dfdc8137c5517f3de8407?s=96&d=mm&r=g\",\"caption\":\"admin-federas\"},\"sameAs\":[\"https:\/\/www.federassantas.org.br\/novosite\/\"],\"url\":\"https:\/\/www.federassantas.org.br\/novosite\/author\/admin-federas\/\"}]}<\/script>\n<!-- \/ Yoast SEO plugin. -->","yoast_head_json":{"title":"Santa Casa de Po\u00e7os de Caldas tem 54 funcion\u00e1rios afastados por Covid sem fechar nenhum leito de atendimento - Federassantas","robots":{"index":"index","follow":"follow","max-snippet":"max-snippet:-1","max-image-preview":"max-image-preview:large","max-video-preview":"max-video-preview:-1"},"canonical":"https:\/\/www.federassantas.org.br\/novosite\/santa-casa-de-pocos-de-caldas-tem-54-funcionarios-afastados-por-covid-sem-fechar-nenhum-leito-de-atendimento\/","og_locale":"pt_BR","og_type":"article","og_title":"Santa Casa de Po\u00e7os de Caldas tem 54 funcion\u00e1rios afastados por Covid sem fechar nenhum leito de atendimento - Federassantas","og_description":"A Santa Casa de Po\u00e7os passa por um momento muito delicado em rela\u00e7\u00e3o \u00e0 pandemia. Com essa nova onda da doen\u00e7a, o quadro do Hospital na \u00faltima sexta-feira, 21, era de 54 profissionais afastados. Desses, 40 est\u00e3o positivos para o v\u00edrus e 14 aguardam o terceiro dia de sintomas para fazer o teste. Com o [&hellip;]","og_url":"https:\/\/www.federassantas.org.br\/novosite\/santa-casa-de-pocos-de-caldas-tem-54-funcionarios-afastados-por-covid-sem-fechar-nenhum-leito-de-atendimento\/","og_site_name":"Federassantas","article_published_time":"2022-01-24T13:03:12+00:00","og_image":[{"width":2560,"height":1525,"url":"https:\/\/www.federassantas.org.br\/novosite\/wp-content\/uploads\/2022\/01\/Hospital-scaled-1.jpg","type":"image\/jpeg"}],"author":"admin-federas","twitter_card":"summary_large_image","twitter_misc":{"Escrito por":"admin-federas","Est. tempo de leitura":"1 minuto"},"schema":{"@context":"https:\/\/schema.org","@graph":[{"@type":"Article","@id":"https:\/\/www.federassantas.org.br\/novosite\/santa-casa-de-pocos-de-caldas-tem-54-funcionarios-afastados-por-covid-sem-fechar-nenhum-leito-de-atendimento\/#article","isPartOf":{"@id":"https:\/\/www.federassantas.org.br\/novosite\/santa-casa-de-pocos-de-caldas-tem-54-funcionarios-afastados-por-covid-sem-fechar-nenhum-leito-de-atendimento\/"},"author":{"name":"admin-federas","@id":"https:\/\/www.federassantas.org.br\/novosite\/#\/schema\/person\/75fed98158349313fe56175f232f513c"},"headline":"Santa Casa de Po\u00e7os de Caldas tem 54 funcion\u00e1rios afastados por Covid sem fechar nenhum leito de atendimento","datePublished":"2022-01-24T13:03:12+00:00","mainEntityOfPage":{"@id":"https:\/\/www.federassantas.org.br\/novosite\/santa-casa-de-pocos-de-caldas-tem-54-funcionarios-afastados-por-covid-sem-fechar-nenhum-leito-de-atendimento\/"},"wordCount":233,"commentCount":0,"publisher":{"@id":"https:\/\/www.federassantas.org.br\/novosite\/#organization"},"image":{"@id":"https:\/\/www.federassantas.org.br\/novosite\/santa-casa-de-pocos-de-caldas-tem-54-funcionarios-afastados-por-covid-sem-fechar-nenhum-leito-de-atendimento\/#primaryimage"},"thumbnailUrl":"https:\/\/www.federassantas.org.br\/novosite\/wp-content\/uploads\/2022\/01\/Hospital-scaled-1.jpg","articleSection":["Not\u00edcias","Not\u00edcias filiados"],"inLanguage":"pt-BR","potentialAction":[{"@type":"CommentAction","name":"Comment","target":["https:\/\/www.federassantas.org.br\/novosite\/santa-casa-de-pocos-de-caldas-tem-54-funcionarios-afastados-por-covid-sem-fechar-nenhum-leito-de-atendimento\/#respond"]}]},{"@type":"WebPage","@id":"https:\/\/www.federassantas.org.br\/novosite\/santa-casa-de-pocos-de-caldas-tem-54-funcionarios-afastados-por-covid-sem-fechar-nenhum-leito-de-atendimento\/","url":"https:\/\/www.federassantas.org.br\/novosite\/santa-casa-de-pocos-de-caldas-tem-54-funcionarios-afastados-por-covid-sem-fechar-nenhum-leito-de-atendimento\/","name":"Santa Casa de Po\u00e7os de Caldas tem 54 funcion\u00e1rios afastados por Covid sem fechar nenhum leito de atendimento - Federassantas","isPartOf":{"@id":"https:\/\/www.federassantas.org.br\/novosite\/#website"},"primaryImageOfPage":{"@id":"https:\/\/www.federassantas.org.br\/novosite\/santa-casa-de-pocos-de-caldas-tem-54-funcionarios-afastados-por-covid-sem-fechar-nenhum-leito-de-atendimento\/#primaryimage"},"image":{"@id":"https:\/\/www.federassantas.org.br\/novosite\/santa-casa-de-pocos-de-caldas-tem-54-funcionarios-afastados-por-covid-sem-fechar-nenhum-leito-de-atendimento\/#primaryimage"},"thumbnailUrl":"https:\/\/www.federassantas.org.br\/novosite\/wp-content\/uploads\/2022\/01\/Hospital-scaled-1.jpg","datePublished":"2022-01-24T13:03:12+00:00","breadcrumb":{"@id":"https:\/\/www.federassantas.org.br\/novosite\/santa-casa-de-pocos-de-caldas-tem-54-funcionarios-afastados-por-covid-sem-fechar-nenhum-leito-de-atendimento\/#breadcrumb"},"inLanguage":"pt-BR","potentialAction":[{"@type":"ReadAction","target":["https:\/\/www.federassantas.org.br\/novosite\/santa-casa-de-pocos-de-caldas-tem-54-funcionarios-afastados-por-covid-sem-fechar-nenhum-leito-de-atendimento\/"]}]},{"@type":"ImageObject","inLanguage":"pt-BR","@id":"https:\/\/www.federassantas.org.br\/novosite\/santa-casa-de-pocos-de-caldas-tem-54-funcionarios-afastados-por-covid-sem-fechar-nenhum-leito-de-atendimento\/#primaryimage","url":"https:\/\/www.federassantas.org.br\/novosite\/wp-content\/uploads\/2022\/01\/Hospital-scaled-1.jpg","contentUrl":"https:\/\/www.federassantas.org.br\/novosite\/wp-content\/uploads\/2022\/01\/Hospital-scaled-1.jpg","width":2560,"height":1525},{"@type":"BreadcrumbList","@id":"https:\/\/www.federassantas.org.br\/novosite\/santa-casa-de-pocos-de-caldas-tem-54-funcionarios-afastados-por-covid-sem-fechar-nenhum-leito-de-atendimento\/#breadcrumb","itemListElement":[{"@type":"ListItem","position":1,"name":"In\u00edcio","item":"https:\/\/www.federassantas.org.br\/novosite\/"},{"@type":"ListItem","position":2,"name":"Santa Casa de Po\u00e7os de Caldas tem 54 funcion\u00e1rios afastados por Covid sem fechar nenhum leito de atendimento"}]},{"@type":"WebSite","@id":"https:\/\/www.federassantas.org.br\/novosite\/#website","url":"https:\/\/www.federassantas.org.br\/novosite\/","name":"Federassantas","description":"Fed. das Santas Casas e Hospitais Filantr\u00f3picos de MG","publisher":{"@id":"https:\/\/www.federassantas.org.br\/novosite\/#organization"},"potentialAction":[{"@type":"SearchAction","target":{"@type":"EntryPoint","urlTemplate":"https:\/\/www.federassantas.org.br\/novosite\/?s={search_term_string}"},"query-input":{"@type":"PropertyValueSpecification","valueRequired":true,"valueName":"search_term_string"}}],"inLanguage":"pt-BR"},{"@type":"Organization","@id":"https:\/\/www.federassantas.org.br\/novosite\/#organization","name":"Federassantas","url":"https:\/\/www.federassantas.org.br\/novosite\/","logo":{"@type":"ImageObject","inLanguage":"pt-BR","@id":"https:\/\/www.federassantas.org.br\/novosite\/#\/schema\/logo\/image\/","url":"https:\/\/www.federassantas.org.br\/novosite\/wp-content\/uploads\/2021\/12\/logo.png","contentUrl":"https:\/\/www.federassantas.org.br\/novosite\/wp-content\/uploads\/2021\/12\/logo.png","width":243,"height":59,"caption":"Federassantas"},"image":{"@id":"https:\/\/www.federassantas.org.br\/novosite\/#\/schema\/logo\/image\/"}},{"@type":"Person","@id":"https:\/\/www.federassantas.org.br\/novosite\/#\/schema\/person\/75fed98158349313fe56175f232f513c","name":"admin-federas","image":{"@type":"ImageObject","inLanguage":"pt-BR","@id":"https:\/\/www.federassantas.org.br\/novosite\/#\/schema\/person\/image\/","url":"https:\/\/secure.gravatar.com\/avatar\/2a02d7dda59fe8dc6b7ffd3f652e2efede5ccf0dd89dfdc8137c5517f3de8407?s=96&d=mm&r=g","contentUrl":"https:\/\/secure.gravatar.com\/avatar\/2a02d7dda59fe8dc6b7ffd3f652e2efede5ccf0dd89dfdc8137c5517f3de8407?s=96&d=mm&r=g","caption":"admin-federas"},"sameAs":["https:\/\/www.federassantas.org.br\/novosite\/"],"url":"https:\/\/www.federassantas.org.br\/novosite\/author\/admin-federas\/"}]}},"_links":{"self":[{"href":"https:\/\/www.federassantas.org.br\/novosite\/wp-json\/wp\/v2\/posts\/23092","targetHints":{"allow":["GET"]}}],"collection":[{"href":"https:\/\/www.federassantas.org.br\/novosite\/wp-json\/wp\/v2\/posts"}],"about":[{"href":"https:\/\/www.federassantas.org.br\/novosite\/wp-json\/wp\/v2\/types\/post"}],"author":[{"embeddable":true,"href":"https:\/\/www.federassantas.org.br\/novosite\/wp-json\/wp\/v2\/users\/1"}],"replies":[{"embeddable":true,"href":"https:\/\/www.federassantas.org.br\/novosite\/wp-json\/wp\/v2\/comments?post=23092"}],"version-history":[{"count":0,"href":"https:\/\/www.federassantas.org.br\/novosite\/wp-json\/wp\/v2\/posts\/23092\/revisions"}],"wp:featuredmedia":[{"embeddable":true,"href":"https:\/\/www.federassantas.org.br\/novosite\/wp-json\/wp\/v2\/media\/23093"}],"wp:attachment":[{"href":"https:\/\/www.federassantas.org.br\/novosite\/wp-json\/wp\/v2\/media?parent=23092"}],"wp:term":[{"taxonomy":"category","embeddable":true,"href":"https:\/\/www.federassantas.org.br\/novosite\/wp-json\/wp\/v2\/categories?post=23092"},{"taxonomy":"post_tag","embeddable":true,"href":"https:\/\/www.federassantas.org.br\/novosite\/wp-json\/wp\/v2\/tags?post=23092"}],"curies":[{"name":"wp","href":"https:\/\/api.w.org\/{rel}","templated":true}]}}